{"id":89234,"date":"2013-10-02T14:26:12","date_gmt":"2013-10-02T12:26:12","guid":{"rendered":"https:\/\/sandzakpress.net\/arhiva\/?p=89234"},"modified":"2013-10-02T14:26:12","modified_gmt":"2013-10-02T12:26:12","slug":"luksemburzanin-mladim-bosnjacima-vi-ste-najbolja-omladina","status":"publish","type":"post","link":"https:\/\/sandzakpress.net\/arhiva\/luksemburzanin-mladim-bosnjacima-vi-ste-najbolja-omladina\/","title":{"rendered":"Luksembur\u017eanin mladim Bo\u0161njacima: \u201eVi ste najbolja omladina\u201c"},"content":{"rendered":"<p><img loading=\"lazy\" decoding=\"async\" alt=\"photo 3\" src=\"https:\/\/sandzakpress.net\/arhiva\/wp-content\/uploads\/2013\/10\/photo-3.jpg\" width=\"616\" height=\"821\" \/><\/p>\n<p><strong>Luksemburg &#8211; U samom centru drugog po veli\u010dini luksembur\u0161kog grada E\u0161a (Esch\/Alzette), godinama je stajao grafit rasisti\u010dkog sadr\u017eaja. Navikli smo da kada se govori o rasizmu u zemljama Zapadne Evrope, obi\u010dno isti bude uperen prema imigrantskoj populaciji, me\u0111utim, ovog puta slu\u010daj je bio ne\u0161to druga\u010diji, jer su se na meti grafit-vandala na\u0161li Luksembur\u017eani. <i>\u201eY'a trop de luxo au Luxembourg\u201c<\/i>, tj. <i>\u201ePrevi\u0161e je Luksembur\u017eana u Luksemburgu<\/i>\u201c, poru\u010divao je natpis zgro\u017eenim prolaznicima pe\u0161a\u010dke ulice Alzette.<\/strong><\/p>\n<p>Me\u0111utim, sre\u0107a je da grad E\u0161u postoji d\u017eemat AIC SUD koji prvenstveno okuplja bo\u0161nja\u010dku populaciju. Naime, skupina prete\u017eno mladih aktivista pomenutog d\u017eemata, odlu\u010dila se ulo\u017eiti skroman napor s ciljem uklanjanja rasisti\u010dkog grafita, u kojem su prepoznali nezamarljiv izvor amoziteta izme\u0111u autohtonog stanovni\u0161tva i onog sa imigrantskim backgroundom, te na taj, koliko prakti\u010dan toliko i simboli\u010dan na\u010din, posvjedo\u010dili svoje opredjeljenje za o\u010duvanje dru\u0161tvene kohezije koja se ogleda kroz me\u0111usobno uva\u017eavanje, po\u0161tivanje razli\u010ditosti bilo da je rije\u010d o nacionalno-etni\u010dkoj ili pak vjerskoj pripadnosti, te tako\u0111er kroz borbu protiv svih oblika rasizma i diskriminacije. Svoju namjeru su sproveli u praksu minulog vikenda, te su uz prethodni razgovor i izun vlasnika ku\u0107e i lokala na \u010dijoj se roletni nalazio grafit, pristupili njegovom uklanjanju.<\/p>\n<p>Zanimljivo je da je tokom trajanja \u010ditave akcije prisutan bio pomenuti vlasnik lokala, ina\u010de 87.-godi\u0161nji Luksembur\u017eanin, koji je odu\u0161evljeno razgovarao sa na\u0161om vrijednom omladinom, interesuju\u0107i se za njihovo porijeklo i motive koji su ih pokrenuli na tako plemenito djelo. Prisutni omladinci su pojasnili da su njihovi motivi pored gra\u0111anske odgovornosti, prvenstveno vjerske prirode, jer su kao muslimani du\u017eni otklanjati zlo, u \u0161ta spada i rasizam, svojom rukom. Zadovoljni vlasnik lokala je tijekom razgovora obra\u0107aju\u0107i se bo\u0161nja\u010dkoj omladini, u vi\u0161e navrata posvjedo\u010dio &#8211; <i>\u201evi ste najbolja omladina koju znam\u201c<\/i>. Na kraju ura\u0111enog posla, izrazio je svoju \u017eelju da nov\u010dano \u010dasti u\u010desnike akcije, \u0161to su svakako svi prisutni ljubazno odbili, ali su vlasniku du\u0107ana uzvratili poklonom Kur'ana, tj. prijevodom na njema\u010dki jezik, pojasniv\u0161i mu da nas upravo ta knjiga \u010dini boljim ljudima.<\/p>\n<p>Tijekom akcije, veliki broj prolaznika je zastajao, posmatrao uklanjanje grafita, te \u010destitao zapo\u0161ljenim aktivistima.<\/p>\n<p>Nadati je se da ovo nije zadnja akcija ovakve vrste aktivista d\u017eemata AIC SUD iz E\u0161a, jer su istom potvrdili Govor Uzvi\u0161enog:<\/p>\n<p>\u064e<b>&#8221;Vi ste narod najbolji od svih koji se ikada pojavio: tra\u017eite da se \u010dine dobra djela, a od nevaljalih odvra\u0107ate, i u Allaha vjerujete&#8230;.&#8221;<\/b> <em>Ali Imran 110.<\/em><\/p>\n<p><img loading=\"lazy\" decoding=\"async\" class=\"aligncenter size-full wp-image-89235\" alt=\"photo 1\" src=\"https:\/\/sandzakpress.net\/arhiva\/wp-content\/uploads\/2013\/10\/photo-1.jpg\" width=\"616\" height=\"460\" \/> <img loading=\"lazy\" decoding=\"async\" class=\"aligncenter size-full wp-image-89238\" alt=\"photo 5 (1)\" src=\"https:\/\/sandzakpress.net\/arhiva\/wp-content\/uploads\/2013\/10\/photo-5-1.jpg\" width=\"616\" height=\"462\" \/><br \/>\n<img loading=\"lazy\" decoding=\"async\" class=\"aligncenter size-full wp-image-89236\" alt=\"photo 2\" src=\"https:\/\/sandzakpress.net\/arhiva\/wp-content\/uploads\/2013\/10\/photo-2.jpg\" width=\"616\" height=\"821\" \/><\/p>\n<p>&nbsp;<\/p>\n","protected":false},"excerpt":{"rendered":"<p>Luksemburg &#8211; U samom centru drugog po veli\u010dini luksembur\u0161kog grada E\u0161a (Esch\/Alzette), godinama je stajao grafit rasisti\u010dkog sadr\u017eaja. Navikli smo da kada se govori o rasizmu u zemljama Zapadne Evrope, obi\u010dno isti bude uperen prema imigrantskoj populaciji, me\u0111utim, ovog puta slu\u010daj je bio ne\u0161to druga\u010diji, jer su se na meti grafit-vandala na\u0161li Luksembur\u017eani. \u201eY'a trop [&hellip;]<\/p>\n","protected":false},"author":83,"featured_media":89237,"comment_status":"open","ping_status":"open","sticky":false,"template":"","format":"standard","meta":{"footnotes":""},"categories":[9549,8957],"tags":[10293],"class_list":{"0":"post-89234","1":"post","2":"type-post","3":"status-publish","4":"format-standard","5":"has-post-thumbnail","7":"category-luxemburg","8":"category-vijesti-dana","9":"tag-zajednica-sandzacke-dijaspore"},"yoast_head":"<!-- This site is optimized with the Yoast SEO Premium plugin v23.1 (Yoast SEO v24.9) - https:\/\/yoast.com\/wordpress\/plugins\/seo\/ -->\n<title>Luksembur\u017eanin mladim Bo\u0161njacima: \u201eVi ste najbolja omladina\u201c<\/title>\n<meta name=\"robots\" content=\"index, follow, max-snippet:-1, max-image-preview:large, max-video-preview:-1\" \/>\n<link rel=\"canonical\" href=\"https:\/\/sandzakpress.net\/arhiva\/luksemburzanin-mladim-bosnjacima-vi-ste-najbolja-omladina\/\" \/>\n<meta property=\"og:locale\" content=\"bs_BA\" \/>\n<meta property=\"og:type\" content=\"article\" \/>\n<meta property=\"og:title\" content=\"Luksembur\u017eanin mladim Bo\u0161njacima: \u201eVi ste najbolja omladina\u201c\" \/>\n<meta property=\"og:description\" content=\"Luksemburg &#8211; U samom centru drugog po veli\u010dini luksembur\u0161kog grada E\u0161a (Esch\/Alzette), godinama je stajao grafit rasisti\u010dkog sadr\u017eaja. Navikli smo da kada se govori o rasizmu u zemljama Zapadne Evrope, obi\u010dno isti bude uperen prema imigrantskoj populaciji, me\u0111utim, ovog puta slu\u010daj je bio ne\u0161to druga\u010diji, jer su se na meti grafit-vandala na\u0161li Luksembur\u017eani. \u201eY&#039;a trop [&hellip;]\" \/>\n<meta property=\"og:url\" content=\"https:\/\/sandzakpress.net\/arhiva\/luksemburzanin-mladim-bosnjacima-vi-ste-najbolja-omladina\/\" \/>\n<meta property=\"og:site_name\" content=\"Sand\u017eak PRESS\" \/>\n<meta property=\"article:published_time\" content=\"2013-10-02T12:26:12+00:00\" \/>\n<meta property=\"og:image\" content=\"https:\/\/sandzakpress.net\/arhiva\/wp-content\/uploads\/2013\/10\/photo-3.jpg\" \/>\n\t<meta property=\"og:image:width\" content=\"616\" \/>\n\t<meta property=\"og:image:height\" content=\"821\" \/>\n\t<meta property=\"og:image:type\" content=\"image\/jpeg\" \/>\n<meta name=\"author\" content=\"bosniak\" \/>\n<meta name=\"twitter:card\" content=\"summary_large_image\" \/>\n<meta name=\"twitter:label1\" content=\"Written by\" \/>\n\t<meta name=\"twitter:data1\" content=\"bosniak\" \/>\n\t<meta name=\"twitter:label2\" content=\"Est. reading time\" \/>\n\t<meta name=\"twitter:data2\" content=\"2 minute\" \/>\n<script type=\"application\/ld+json\" class=\"yoast-schema-graph\">{\"@context\":\"https:\/\/schema.org\",\"@graph\":[{\"@type\":\"Article\",\"@id\":\"https:\/\/sandzakpress.net\/arhiva\/luksemburzanin-mladim-bosnjacima-vi-ste-najbolja-omladina\/#article\",\"isPartOf\":{\"@id\":\"https:\/\/sandzakpress.net\/arhiva\/luksemburzanin-mladim-bosnjacima-vi-ste-najbolja-omladina\/\"},\"author\":{\"name\":\"bosniak\",\"@id\":\"https:\/\/sandzakpress.net\/arhiva\/#\/schema\/person\/c8baee722073534b583ea7bdb2e36c02\"},\"headline\":\"Luksembur\u017eanin mladim Bo\u0161njacima: \u201eVi ste najbolja omladina\u201c\",\"datePublished\":\"2013-10-02T12:26:12+00:00\",\"mainEntityOfPage\":{\"@id\":\"https:\/\/sandzakpress.net\/arhiva\/luksemburzanin-mladim-bosnjacima-vi-ste-najbolja-omladina\/\"},\"wordCount\":467,\"commentCount\":4,\"publisher\":{\"@id\":\"https:\/\/sandzakpress.net\/arhiva\/#\/schema\/person\/6e72b67d6e51910a1117b3b483ba20bd\"},\"image\":{\"@id\":\"https:\/\/sandzakpress.net\/arhiva\/luksemburzanin-mladim-bosnjacima-vi-ste-najbolja-omladina\/#primaryimage\"},\"thumbnailUrl\":\"https:\/\/sandzakpress.net\/arhiva\/wp-content\/uploads\/2013\/10\/photo-3.jpg\",\"keywords\":[\"Zajednica sand\u017ea\u010dke dijaspore\"],\"articleSection\":[\"Luksemburg\",\"VIJESTI DANA\"],\"inLanguage\":\"bs-BA\",\"potentialAction\":[{\"@type\":\"CommentAction\",\"name\":\"Comment\",\"target\":[\"https:\/\/sandzakpress.net\/arhiva\/luksemburzanin-mladim-bosnjacima-vi-ste-najbolja-omladina\/#respond\"]}]},{\"@type\":\"WebPage\",\"@id\":\"https:\/\/sandzakpress.net\/arhiva\/luksemburzanin-mladim-bosnjacima-vi-ste-najbolja-omladina\/\",\"url\":\"https:\/\/sandzakpress.net\/arhiva\/luksemburzanin-mladim-bosnjacima-vi-ste-najbolja-omladina\/\",\"name\":\"Luksembur\u017eanin mladim Bo\u0161njacima: \u201eVi ste najbolja omladina\u201c\",\"isPartOf\":{\"@id\":\"https:\/\/sandzakpress.net\/arhiva\/#website\"},\"primaryImageOfPage\":{\"@id\":\"https:\/\/sandzakpress.net\/arhiva\/luksemburzanin-mladim-bosnjacima-vi-ste-najbolja-omladina\/#primaryimage\"},\"image\":{\"@id\":\"https:\/\/sandzakpress.net\/arhiva\/luksemburzanin-mladim-bosnjacima-vi-ste-najbolja-omladina\/#primaryimage\"},\"thumbnailUrl\":\"https:\/\/sandzakpress.net\/arhiva\/wp-content\/uploads\/2013\/10\/photo-3.jpg\",\"datePublished\":\"2013-10-02T12:26:12+00:00\",\"breadcrumb\":{\"@id\":\"https:\/\/sandzakpress.net\/arhiva\/luksemburzanin-mladim-bosnjacima-vi-ste-najbolja-omladina\/#breadcrumb\"},\"inLanguage\":\"bs-BA\",\"potentialAction\":[{\"@type\":\"ReadAction\",\"target\":[\"https:\/\/sandzakpress.net\/arhiva\/luksemburzanin-mladim-bosnjacima-vi-ste-najbolja-omladina\/\"]}]},{\"@type\":\"ImageObject\",\"inLanguage\":\"bs-BA\",\"@id\":\"https:\/\/sandzakpress.net\/arhiva\/luksemburzanin-mladim-bosnjacima-vi-ste-najbolja-omladina\/#primaryimage\",\"url\":\"https:\/\/sandzakpress.net\/arhiva\/wp-content\/uploads\/2013\/10\/photo-3.jpg\",\"contentUrl\":\"https:\/\/sandzakpress.net\/arhiva\/wp-content\/uploads\/2013\/10\/photo-3.jpg\",\"width\":616,\"height\":821},{\"@type\":\"BreadcrumbList\",\"@id\":\"https:\/\/sandzakpress.net\/arhiva\/luksemburzanin-mladim-bosnjacima-vi-ste-najbolja-omladina\/#breadcrumb\",\"itemListElement\":[{\"@type\":\"ListItem\",\"position\":1,\"name\":\"Home\",\"item\":\"https:\/\/sandzakpress.net\/arhiva\/\"},{\"@type\":\"ListItem\",\"position\":2,\"name\":\"Luksembur\u017eanin mladim Bo\u0161njacima: \u201eVi ste najbolja omladina\u201c\"}]},{\"@type\":\"WebSite\",\"@id\":\"https:\/\/sandzakpress.net\/arhiva\/#website\",\"url\":\"https:\/\/sandzakpress.net\/arhiva\/\",\"name\":\"Sand\u017eak PRESS\",\"description\":\"Prve elektronske novine u Sand\u017eaku\",\"publisher\":{\"@id\":\"https:\/\/sandzakpress.net\/arhiva\/#\/schema\/person\/6e72b67d6e51910a1117b3b483ba20bd\"},\"potentialAction\":[{\"@type\":\"SearchAction\",\"target\":{\"@type\":\"EntryPoint\",\"urlTemplate\":\"https:\/\/sandzakpress.net\/arhiva\/?s={search_term_string}\"},\"query-input\":{\"@type\":\"PropertyValueSpecification\",\"valueRequired\":true,\"valueName\":\"search_term_string\"}}],\"inLanguage\":\"bs-BA\"},{\"@type\":[\"Person\",\"Organization\"],\"@id\":\"https:\/\/sandzakpress.net\/arhiva\/#\/schema\/person\/6e72b67d6e51910a1117b3b483ba20bd\",\"name\":\"Kul\",\"image\":{\"@type\":\"ImageObject\",\"inLanguage\":\"bs-BA\",\"@id\":\"https:\/\/sandzakpress.net\/arhiva\/#\/schema\/person\/image\/\",\"url\":\"https:\/\/secure.gravatar.com\/avatar\/42263f39aa27ac04c43cab85c280eb2e?s=96&d=mm&r=pg\",\"contentUrl\":\"https:\/\/secure.gravatar.com\/avatar\/42263f39aa27ac04c43cab85c280eb2e?s=96&d=mm&r=pg\",\"caption\":\"Kul\"},\"logo\":{\"@id\":\"https:\/\/sandzakpress.net\/arhiva\/#\/schema\/person\/image\/\"}},{\"@type\":\"Person\",\"@id\":\"https:\/\/sandzakpress.net\/arhiva\/#\/schema\/person\/c8baee722073534b583ea7bdb2e36c02\",\"name\":\"bosniak\",\"image\":{\"@type\":\"ImageObject\",\"inLanguage\":\"bs-BA\",\"@id\":\"https:\/\/sandzakpress.net\/arhiva\/#\/schema\/person\/image\/\",\"url\":\"https:\/\/secure.gravatar.com\/avatar\/a04fd330bfe3a36a72a0ad4a6d89fca7?s=96&d=mm&r=pg\",\"contentUrl\":\"https:\/\/secure.gravatar.com\/avatar\/a04fd330bfe3a36a72a0ad4a6d89fca7?s=96&d=mm&r=pg\",\"caption\":\"bosniak\"},\"url\":\"https:\/\/sandzakpress.net\/arhiva\/author\/bosniak\/\"}]}<\/script>\n<!-- \/ Yoast SEO Premium plugin. -->","yoast_head_json":{"title":"Luksembur\u017eanin mladim Bo\u0161njacima: \u201eVi ste najbolja omladina\u201c","robots":{"index":"index","follow":"follow","max-snippet":"max-snippet:-1","max-image-preview":"max-image-preview:large","max-video-preview":"max-video-preview:-1"},"canonical":"https:\/\/sandzakpress.net\/arhiva\/luksemburzanin-mladim-bosnjacima-vi-ste-najbolja-omladina\/","og_locale":"bs_BA","og_type":"article","og_title":"Luksembur\u017eanin mladim Bo\u0161njacima: \u201eVi ste najbolja omladina\u201c","og_description":"Luksemburg &#8211; U samom centru drugog po veli\u010dini luksembur\u0161kog grada E\u0161a (Esch\/Alzette), godinama je stajao grafit rasisti\u010dkog sadr\u017eaja. Navikli smo da kada se govori o rasizmu u zemljama Zapadne Evrope, obi\u010dno isti bude uperen prema imigrantskoj populaciji, me\u0111utim, ovog puta slu\u010daj je bio ne\u0161to druga\u010diji, jer su se na meti grafit-vandala na\u0161li Luksembur\u017eani. \u201eY'a trop [&hellip;]","og_url":"https:\/\/sandzakpress.net\/arhiva\/luksemburzanin-mladim-bosnjacima-vi-ste-najbolja-omladina\/","og_site_name":"Sand\u017eak PRESS","article_published_time":"2013-10-02T12:26:12+00:00","og_image":[{"width":616,"height":821,"url":"https:\/\/sandzakpress.net\/arhiva\/wp-content\/uploads\/2013\/10\/photo-3.jpg","type":"image\/jpeg"}],"author":"bosniak","twitter_card":"summary_large_image","twitter_misc":{"Written by":"bosniak","Est. reading time":"2 minute"},"schema":{"@context":"https:\/\/schema.org","@graph":[{"@type":"Article","@id":"https:\/\/sandzakpress.net\/arhiva\/luksemburzanin-mladim-bosnjacima-vi-ste-najbolja-omladina\/#article","isPartOf":{"@id":"https:\/\/sandzakpress.net\/arhiva\/luksemburzanin-mladim-bosnjacima-vi-ste-najbolja-omladina\/"},"author":{"name":"bosniak","@id":"https:\/\/sandzakpress.net\/arhiva\/#\/schema\/person\/c8baee722073534b583ea7bdb2e36c02"},"headline":"Luksembur\u017eanin mladim Bo\u0161njacima: \u201eVi ste najbolja omladina\u201c","datePublished":"2013-10-02T12:26:12+00:00","mainEntityOfPage":{"@id":"https:\/\/sandzakpress.net\/arhiva\/luksemburzanin-mladim-bosnjacima-vi-ste-najbolja-omladina\/"},"wordCount":467,"commentCount":4,"publisher":{"@id":"https:\/\/sandzakpress.net\/arhiva\/#\/schema\/person\/6e72b67d6e51910a1117b3b483ba20bd"},"image":{"@id":"https:\/\/sandzakpress.net\/arhiva\/luksemburzanin-mladim-bosnjacima-vi-ste-najbolja-omladina\/#primaryimage"},"thumbnailUrl":"https:\/\/sandzakpress.net\/arhiva\/wp-content\/uploads\/2013\/10\/photo-3.jpg","keywords":["Zajednica sand\u017ea\u010dke dijaspore"],"articleSection":["Luksemburg","VIJESTI DANA"],"inLanguage":"bs-BA","potentialAction":[{"@type":"CommentAction","name":"Comment","target":["https:\/\/sandzakpress.net\/arhiva\/luksemburzanin-mladim-bosnjacima-vi-ste-najbolja-omladina\/#respond"]}]},{"@type":"WebPage","@id":"https:\/\/sandzakpress.net\/arhiva\/luksemburzanin-mladim-bosnjacima-vi-ste-najbolja-omladina\/","url":"https:\/\/sandzakpress.net\/arhiva\/luksemburzanin-mladim-bosnjacima-vi-ste-najbolja-omladina\/","name":"Luksembur\u017eanin mladim Bo\u0161njacima: \u201eVi ste najbolja omladina\u201c","isPartOf":{"@id":"https:\/\/sandzakpress.net\/arhiva\/#website"},"primaryImageOfPage":{"@id":"https:\/\/sandzakpress.net\/arhiva\/luksemburzanin-mladim-bosnjacima-vi-ste-najbolja-omladina\/#primaryimage"},"image":{"@id":"https:\/\/sandzakpress.net\/arhiva\/luksemburzanin-mladim-bosnjacima-vi-ste-najbolja-omladina\/#primaryimage"},"thumbnailUrl":"https:\/\/sandzakpress.net\/arhiva\/wp-content\/uploads\/2013\/10\/photo-3.jpg","datePublished":"2013-10-02T12:26:12+00:00","breadcrumb":{"@id":"https:\/\/sandzakpress.net\/arhiva\/luksemburzanin-mladim-bosnjacima-vi-ste-najbolja-omladina\/#breadcrumb"},"inLanguage":"bs-BA","potentialAction":[{"@type":"ReadAction","target":["https:\/\/sandzakpress.net\/arhiva\/luksemburzanin-mladim-bosnjacima-vi-ste-najbolja-omladina\/"]}]},{"@type":"ImageObject","inLanguage":"bs-BA","@id":"https:\/\/sandzakpress.net\/arhiva\/luksemburzanin-mladim-bosnjacima-vi-ste-najbolja-omladina\/#primaryimage","url":"https:\/\/sandzakpress.net\/arhiva\/wp-content\/uploads\/2013\/10\/photo-3.jpg","contentUrl":"https:\/\/sandzakpress.net\/arhiva\/wp-content\/uploads\/2013\/10\/photo-3.jpg","width":616,"height":821},{"@type":"BreadcrumbList","@id":"https:\/\/sandzakpress.net\/arhiva\/luksemburzanin-mladim-bosnjacima-vi-ste-najbolja-omladina\/#breadcrumb","itemListElement":[{"@type":"ListItem","position":1,"name":"Home","item":"https:\/\/sandzakpress.net\/arhiva\/"},{"@type":"ListItem","position":2,"name":"Luksembur\u017eanin mladim Bo\u0161njacima: \u201eVi ste najbolja omladina\u201c"}]},{"@type":"WebSite","@id":"https:\/\/sandzakpress.net\/arhiva\/#website","url":"https:\/\/sandzakpress.net\/arhiva\/","name":"Sand\u017eak PRESS","description":"Prve elektronske novine u Sand\u017eaku","publisher":{"@id":"https:\/\/sandzakpress.net\/arhiva\/#\/schema\/person\/6e72b67d6e51910a1117b3b483ba20bd"},"potentialAction":[{"@type":"SearchAction","target":{"@type":"EntryPoint","urlTemplate":"https:\/\/sandzakpress.net\/arhiva\/?s={search_term_string}"},"query-input":{"@type":"PropertyValueSpecification","valueRequired":true,"valueName":"search_term_string"}}],"inLanguage":"bs-BA"},{"@type":["Person","Organization"],"@id":"https:\/\/sandzakpress.net\/arhiva\/#\/schema\/person\/6e72b67d6e51910a1117b3b483ba20bd","name":"Kul","image":{"@type":"ImageObject","inLanguage":"bs-BA","@id":"https:\/\/sandzakpress.net\/arhiva\/#\/schema\/person\/image\/","url":"https:\/\/secure.gravatar.com\/avatar\/42263f39aa27ac04c43cab85c280eb2e?s=96&d=mm&r=pg","contentUrl":"https:\/\/secure.gravatar.com\/avatar\/42263f39aa27ac04c43cab85c280eb2e?s=96&d=mm&r=pg","caption":"Kul"},"logo":{"@id":"https:\/\/sandzakpress.net\/arhiva\/#\/schema\/person\/image\/"}},{"@type":"Person","@id":"https:\/\/sandzakpress.net\/arhiva\/#\/schema\/person\/c8baee722073534b583ea7bdb2e36c02","name":"bosniak","image":{"@type":"ImageObject","inLanguage":"bs-BA","@id":"https:\/\/sandzakpress.net\/arhiva\/#\/schema\/person\/image\/","url":"https:\/\/secure.gravatar.com\/avatar\/a04fd330bfe3a36a72a0ad4a6d89fca7?s=96&d=mm&r=pg","contentUrl":"https:\/\/secure.gravatar.com\/avatar\/a04fd330bfe3a36a72a0ad4a6d89fca7?s=96&d=mm&r=pg","caption":"bosniak"},"url":"https:\/\/sandzakpress.net\/arhiva\/author\/bosniak\/"}]}},"_links":{"self":[{"href":"https:\/\/sandzakpress.net\/arhiva\/wp-json\/wp\/v2\/posts\/89234"}],"collection":[{"href":"https:\/\/sandzakpress.net\/arhiva\/wp-json\/wp\/v2\/posts"}],"about":[{"href":"https:\/\/sandzakpress.net\/arhiva\/wp-json\/wp\/v2\/types\/post"}],"author":[{"embeddable":true,"href":"https:\/\/sandzakpress.net\/arhiva\/wp-json\/wp\/v2\/users\/83"}],"replies":[{"embeddable":true,"href":"https:\/\/sandzakpress.net\/arhiva\/wp-json\/wp\/v2\/comments?post=89234"}],"version-history":[{"count":0,"href":"https:\/\/sandzakpress.net\/arhiva\/wp-json\/wp\/v2\/posts\/89234\/revisions"}],"wp:featuredmedia":[{"embeddable":true,"href":"https:\/\/sandzakpress.net\/arhiva\/wp-json\/wp\/v2\/media\/89237"}],"wp:attachment":[{"href":"https:\/\/sandzakpress.net\/arhiva\/wp-json\/wp\/v2\/media?parent=89234"}],"wp:term":[{"taxonomy":"category","embeddable":true,"href":"https:\/\/sandzakpress.net\/arhiva\/wp-json\/wp\/v2\/categories?post=89234"},{"taxonomy":"post_tag","embeddable":true,"href":"https:\/\/sandzakpress.net\/arhiva\/wp-json\/wp\/v2\/tags?post=89234"}],"curies":[{"name":"wp","href":"https:\/\/api.w.org\/{rel}","templated":true}]}}