{"id":89102,"date":"2013-10-02T10:00:35","date_gmt":"2013-10-02T08:00:35","guid":{"rendered":"https:\/\/sandzakpress.net\/arhiva\/?p=89102"},"modified":"2013-10-02T10:00:35","modified_gmt":"2013-10-02T08:00:35","slug":"gdje-nema-tigra-tu-se-i-zec-smatra-vladarom","status":"publish","type":"post","link":"https:\/\/sandzakpress.net\/arhiva\/gdje-nema-tigra-tu-se-i-zec-smatra-vladarom\/","title":{"rendered":"Gdje nema tigra tu se i zec smatra vladarom"},"content":{"rendered":"<p><strong><a href=\"https:\/\/sandzakpress.net\/arhiva\/wp-content\/uploads\/2013\/10\/DSCF0667-1024x576.jpg\"><img loading=\"lazy\" decoding=\"async\" class=\"alignleft size-medium wp-image-89103\" alt=\"DSCF0667-1024x576\" src=\"https:\/\/sandzakpress.net\/arhiva\/wp-content\/uploads\/2013\/10\/DSCF0667-1024x576-300x168.jpg\" width=\"300\" height=\"168\" \/><\/a>Ro\u017eaje &#8211; Ovaj tekst sam oslovio ovom\u00a0 Azijskom poslovicom, jer me trenutna de\u0161avanja u mom gradu podsje\u0107aju ba\u0161 na ovo pore\u0111enje iz naslova. Moji sugra\u0111ani su od vremena nekada\u0161nje SDA stranke \u010dekali dan da se ponovo zavijori zastava svih Bo\u0161njaka na zgradi Op\u0161tine. Prolazili su dani, mjeseci i godine a mi smo i dalje \u010dekali da vidimo na\u0161u zastavu pored dr\u017eavne. \u010cekaju\u0107i na to sve ove godine polako smo po\u010deli gubiti nadu da \u0107e se to ikada desiti.<\/strong><\/p>\n<p>Moji sugra\u0111ani su u me\u0111uvremenu, u periodu od skoro 20 godina, do\u017eivjeli mnogo neprijatnosti pa i poni\u017eenja. Do\u017eivjeli su mnogi da ostanu bez posla, da im djeca napuste porodi\u010dno gnijezdo, da radno sposobni \u017eive od socijalnih davanja, da postanu gra\u0111ani drugog reda. Moji Ro\u017eajci su do\u017eivjeli da im se daje socijalna pomo\u0107 i pritom im se napominje da paze sta rade, jer mogu ostati bez te crkavice ako ne budu lojalni. I sve te te\u0161ke godine \u0107utali su, jer su im \u201cobjasnili\u201d da ako se pobune protiv vladara bi\u0107e u nemilosti ovih koji im \u201ckapu kroje\u201d. A vladar je iz godine u godinu, iz mandata u mandat, od kampanje do kampanje i\u0161ao sa svojom svitom i bulumentom i poja\u0161njavao (da ne upotrijebim grublju rije\u010d) da on dr\u017ei konce njihovih \u017eivota i da samo jednim migom mo\u017ee bilo koga ostaviti bez posla, socijale a time i bez \u017eivotne egzistencije. Narod je \u0107utao i trpeo, saginjao se do crne zemlje samo da ne uvrijedi vladara da ne bude \u201cprimjer\u201d kako se vladar ophodi sa neposlu\u0161nim. Ja razumijem i donekle opravdavam moje sugra\u0111ane, jer dugo godina smo bili bez vo\u0111e a poznato je da je narod bez vo\u0111e slaba\u0161an i nejak. Dok nismo zbili redove kroz nas je duvalo sa svih strana, bili smo razjedinjeni i lako je bilo manipulisati nama. Ucjenjivati nas.<\/p>\n<p>Onda se pojavila nova politi\u010dka opcija koja je nastojala da ujedin na\u0161 umet, ljudi koji su svjesni svog identiteta i kome pripadaju. Na po\u010detku su na nas gledali potcenjiva\u010dki kao na nekog kome ne vrijedi posvje\u0107ivati pa\u017enju. Poslije nekog vremena, kada je Bo\u0161nja\u010dka stranka po\u010dela rasti samim tim i \u00a0ja\u010dati. Poslije drugih izbora na kojima je u\u010destvovala Bo\u0161njacka stranka je za sve bila moralni pobjednik, svaki Ro\u017eajac zna na \u0161ta mislim. Oni su prepoznali realnu opasnost i po\u010deli su \u0161iriti propagandu da su to \u201cseoski ljudi\u201d i neko ko treba da zna gdje mu je mjesto. I onda su do\u0161li ve\u0107 za nas legendarni izbori na jesen 2012. godine na kojima se desilo ono \u0161to je moralo i trebalo mnogo godina ranije. Desilo se oslobo\u0111enje naroda, nestao je strah koji ih je sputavao da glasaju slobodno. Narod je po\u0161ao za svojim liderom pokazuju\u0107i Crnoj Gori da se napokon okre\u0107e sebi i svojim interesima. Prepoznao je opasnost, zamku koju nose tzv. gra\u0111anske partije za Bo\u0161nja\u010dki narod. Na tim oktobarskim izborima je u Ro\u017eajama Bo\u0161nja\u010dka stranka osvojila vi\u0161e glasova nego sve ostale partije zajedno.\u00a0 I poslije tih izbora dolazimo na po\u010detak ovog teksta i pri\u010de o na\u0161oj zastavi. Naime, tada je \u201cvje\u010diti\u201d vladar prepoznao opasnost od bu\u0111enja bo\u0161njacke svijesti kod njegovih sugra\u0111ana i zbog straha od poraza i gubljena privilegija koje je u\u017eivao dvije pune decenije posjegao je za po njega iznu\u0111enim potezom, oka\u010dio je bo\u0161njacku zastavu na zgradu Op\u0161tine. Taj potez pored simbolike ima i fakti\u010dko priznanje, priznao je svim Ro\u017eajkama i Ro\u017eajcima da je sve ove godine bio u zabludi i da nije zastupao njihove interese. Ili je ovo jo\u0161 jedan jeftini politi\u010dki potez?<\/p>\n<p>Potpuno je jasno da se tigar vratio u liku i djelu Bo\u0161nja\u010dke stranke i njenog lidera.<\/p>\n<p>Rozajci, nek\u2019 vam je hairli sloboda!<\/p>\n<p>(bscg.me)<\/p>\n","protected":false},"excerpt":{"rendered":"<p>Ro\u017eaje &#8211; Ovaj tekst sam oslovio ovom\u00a0 Azijskom poslovicom, jer me trenutna de\u0161avanja u mom gradu podsje\u0107aju ba\u0161 na ovo pore\u0111enje iz naslova. Moji sugra\u0111ani su od vremena nekada\u0161nje SDA stranke \u010dekali dan da se ponovo zavijori zastava svih Bo\u0161njaka na zgradi Op\u0161tine. Prolazili su dani, mjeseci i godine a mi smo i dalje \u010dekali [&hellip;]<\/p>\n","protected":false},"author":83,"featured_media":89104,"comment_status":"open","ping_status":"open","sticky":false,"template":"","format":"standard","meta":{"footnotes":""},"categories":[398,1],"tags":[],"class_list":{"0":"post-89102","1":"post","2":"type-post","3":"status-publish","4":"format-standard","5":"has-post-thumbnail","7":"category-rozaje","8":"category-politika"},"yoast_head":"<!-- This site is optimized with the Yoast SEO Premium plugin v23.1 (Yoast SEO v24.9) - https:\/\/yoast.com\/wordpress\/plugins\/seo\/ -->\n<title>Gdje nema tigra tu se i zec smatra vladarom<\/title>\n<meta name=\"robots\" content=\"index, follow, max-snippet:-1, max-image-preview:large, max-video-preview:-1\" \/>\n<link rel=\"canonical\" href=\"https:\/\/sandzakpress.net\/arhiva\/gdje-nema-tigra-tu-se-i-zec-smatra-vladarom\/\" \/>\n<meta property=\"og:locale\" content=\"bs_BA\" \/>\n<meta property=\"og:type\" content=\"article\" \/>\n<meta property=\"og:title\" content=\"Gdje nema tigra tu se i zec smatra vladarom\" \/>\n<meta property=\"og:description\" content=\"Ro\u017eaje &#8211; Ovaj tekst sam oslovio ovom\u00a0 Azijskom poslovicom, jer me trenutna de\u0161avanja u mom gradu podsje\u0107aju ba\u0161 na ovo pore\u0111enje iz naslova. Moji sugra\u0111ani su od vremena nekada\u0161nje SDA stranke \u010dekali dan da se ponovo zavijori zastava svih Bo\u0161njaka na zgradi Op\u0161tine. Prolazili su dani, mjeseci i godine a mi smo i dalje \u010dekali [&hellip;]\" \/>\n<meta property=\"og:url\" content=\"https:\/\/sandzakpress.net\/arhiva\/gdje-nema-tigra-tu-se-i-zec-smatra-vladarom\/\" \/>\n<meta property=\"og:site_name\" content=\"Sand\u017eak PRESS\" \/>\n<meta property=\"article:published_time\" content=\"2013-10-02T08:00:35+00:00\" \/>\n<meta property=\"og:image\" content=\"https:\/\/sandzakpress.net\/arhiva\/wp-content\/uploads\/2013\/10\/DSCF0667-1024x576-300x1681.jpg\" \/>\n\t<meta property=\"og:image:width\" content=\"300\" \/>\n\t<meta property=\"og:image:height\" content=\"168\" \/>\n\t<meta property=\"og:image:type\" content=\"image\/jpeg\" \/>\n<meta name=\"author\" content=\"bosniak\" \/>\n<meta name=\"twitter:card\" content=\"summary_large_image\" \/>\n<meta name=\"twitter:label1\" content=\"Written by\" \/>\n\t<meta name=\"twitter:data1\" content=\"bosniak\" \/>\n\t<meta name=\"twitter:label2\" content=\"Est. reading time\" \/>\n\t<meta name=\"twitter:data2\" content=\"3 minute\" \/>\n<script type=\"application\/ld+json\" class=\"yoast-schema-graph\">{\"@context\":\"https:\/\/schema.org\",\"@graph\":[{\"@type\":\"Article\",\"@id\":\"https:\/\/sandzakpress.net\/arhiva\/gdje-nema-tigra-tu-se-i-zec-smatra-vladarom\/#article\",\"isPartOf\":{\"@id\":\"https:\/\/sandzakpress.net\/arhiva\/gdje-nema-tigra-tu-se-i-zec-smatra-vladarom\/\"},\"author\":{\"name\":\"bosniak\",\"@id\":\"https:\/\/sandzakpress.net\/arhiva\/#\/schema\/person\/c8baee722073534b583ea7bdb2e36c02\"},\"headline\":\"Gdje nema tigra tu se i zec smatra vladarom\",\"datePublished\":\"2013-10-02T08:00:35+00:00\",\"mainEntityOfPage\":{\"@id\":\"https:\/\/sandzakpress.net\/arhiva\/gdje-nema-tigra-tu-se-i-zec-smatra-vladarom\/\"},\"wordCount\":678,\"commentCount\":2,\"publisher\":{\"@id\":\"https:\/\/sandzakpress.net\/arhiva\/#\/schema\/person\/6e72b67d6e51910a1117b3b483ba20bd\"},\"image\":{\"@id\":\"https:\/\/sandzakpress.net\/arhiva\/gdje-nema-tigra-tu-se-i-zec-smatra-vladarom\/#primaryimage\"},\"thumbnailUrl\":\"https:\/\/sandzakpress.net\/arhiva\/wp-content\/uploads\/2013\/10\/DSCF0667-1024x576-300x1681.jpg\",\"articleSection\":[\"Ro\u017eaje\",\"Politika\"],\"inLanguage\":\"bs-BA\",\"potentialAction\":[{\"@type\":\"CommentAction\",\"name\":\"Comment\",\"target\":[\"https:\/\/sandzakpress.net\/arhiva\/gdje-nema-tigra-tu-se-i-zec-smatra-vladarom\/#respond\"]}]},{\"@type\":\"WebPage\",\"@id\":\"https:\/\/sandzakpress.net\/arhiva\/gdje-nema-tigra-tu-se-i-zec-smatra-vladarom\/\",\"url\":\"https:\/\/sandzakpress.net\/arhiva\/gdje-nema-tigra-tu-se-i-zec-smatra-vladarom\/\",\"name\":\"Gdje nema tigra tu se i zec smatra vladarom\",\"isPartOf\":{\"@id\":\"https:\/\/sandzakpress.net\/arhiva\/#website\"},\"primaryImageOfPage\":{\"@id\":\"https:\/\/sandzakpress.net\/arhiva\/gdje-nema-tigra-tu-se-i-zec-smatra-vladarom\/#primaryimage\"},\"image\":{\"@id\":\"https:\/\/sandzakpress.net\/arhiva\/gdje-nema-tigra-tu-se-i-zec-smatra-vladarom\/#primaryimage\"},\"thumbnailUrl\":\"https:\/\/sandzakpress.net\/arhiva\/wp-content\/uploads\/2013\/10\/DSCF0667-1024x576-300x1681.jpg\",\"datePublished\":\"2013-10-02T08:00:35+00:00\",\"breadcrumb\":{\"@id\":\"https:\/\/sandzakpress.net\/arhiva\/gdje-nema-tigra-tu-se-i-zec-smatra-vladarom\/#breadcrumb\"},\"inLanguage\":\"bs-BA\",\"potentialAction\":[{\"@type\":\"ReadAction\",\"target\":[\"https:\/\/sandzakpress.net\/arhiva\/gdje-nema-tigra-tu-se-i-zec-smatra-vladarom\/\"]}]},{\"@type\":\"ImageObject\",\"inLanguage\":\"bs-BA\",\"@id\":\"https:\/\/sandzakpress.net\/arhiva\/gdje-nema-tigra-tu-se-i-zec-smatra-vladarom\/#primaryimage\",\"url\":\"https:\/\/sandzakpress.net\/arhiva\/wp-content\/uploads\/2013\/10\/DSCF0667-1024x576-300x1681.jpg\",\"contentUrl\":\"https:\/\/sandzakpress.net\/arhiva\/wp-content\/uploads\/2013\/10\/DSCF0667-1024x576-300x1681.jpg\",\"width\":300,\"height\":168},{\"@type\":\"BreadcrumbList\",\"@id\":\"https:\/\/sandzakpress.net\/arhiva\/gdje-nema-tigra-tu-se-i-zec-smatra-vladarom\/#breadcrumb\",\"itemListElement\":[{\"@type\":\"ListItem\",\"position\":1,\"name\":\"Home\",\"item\":\"https:\/\/sandzakpress.net\/arhiva\/\"},{\"@type\":\"ListItem\",\"position\":2,\"name\":\"Gdje nema tigra tu se i zec smatra vladarom\"}]},{\"@type\":\"WebSite\",\"@id\":\"https:\/\/sandzakpress.net\/arhiva\/#website\",\"url\":\"https:\/\/sandzakpress.net\/arhiva\/\",\"name\":\"Sand\u017eak PRESS\",\"description\":\"Prve elektronske novine u Sand\u017eaku\",\"publisher\":{\"@id\":\"https:\/\/sandzakpress.net\/arhiva\/#\/schema\/person\/6e72b67d6e51910a1117b3b483ba20bd\"},\"potentialAction\":[{\"@type\":\"SearchAction\",\"target\":{\"@type\":\"EntryPoint\",\"urlTemplate\":\"https:\/\/sandzakpress.net\/arhiva\/?s={search_term_string}\"},\"query-input\":{\"@type\":\"PropertyValueSpecification\",\"valueRequired\":true,\"valueName\":\"search_term_string\"}}],\"inLanguage\":\"bs-BA\"},{\"@type\":[\"Person\",\"Organization\"],\"@id\":\"https:\/\/sandzakpress.net\/arhiva\/#\/schema\/person\/6e72b67d6e51910a1117b3b483ba20bd\",\"name\":\"Kul\",\"image\":{\"@type\":\"ImageObject\",\"inLanguage\":\"bs-BA\",\"@id\":\"https:\/\/sandzakpress.net\/arhiva\/#\/schema\/person\/image\/\",\"url\":\"https:\/\/secure.gravatar.com\/avatar\/42263f39aa27ac04c43cab85c280eb2e?s=96&d=mm&r=pg\",\"contentUrl\":\"https:\/\/secure.gravatar.com\/avatar\/42263f39aa27ac04c43cab85c280eb2e?s=96&d=mm&r=pg\",\"caption\":\"Kul\"},\"logo\":{\"@id\":\"https:\/\/sandzakpress.net\/arhiva\/#\/schema\/person\/image\/\"}},{\"@type\":\"Person\",\"@id\":\"https:\/\/sandzakpress.net\/arhiva\/#\/schema\/person\/c8baee722073534b583ea7bdb2e36c02\",\"name\":\"bosniak\",\"image\":{\"@type\":\"ImageObject\",\"inLanguage\":\"bs-BA\",\"@id\":\"https:\/\/sandzakpress.net\/arhiva\/#\/schema\/person\/image\/\",\"url\":\"https:\/\/secure.gravatar.com\/avatar\/a04fd330bfe3a36a72a0ad4a6d89fca7?s=96&d=mm&r=pg\",\"contentUrl\":\"https:\/\/secure.gravatar.com\/avatar\/a04fd330bfe3a36a72a0ad4a6d89fca7?s=96&d=mm&r=pg\",\"caption\":\"bosniak\"},\"url\":\"https:\/\/sandzakpress.net\/arhiva\/author\/bosniak\/\"}]}<\/script>\n<!-- \/ Yoast SEO Premium plugin. -->","yoast_head_json":{"title":"Gdje nema tigra tu se i zec smatra vladarom","robots":{"index":"index","follow":"follow","max-snippet":"max-snippet:-1","max-image-preview":"max-image-preview:large","max-video-preview":"max-video-preview:-1"},"canonical":"https:\/\/sandzakpress.net\/arhiva\/gdje-nema-tigra-tu-se-i-zec-smatra-vladarom\/","og_locale":"bs_BA","og_type":"article","og_title":"Gdje nema tigra tu se i zec smatra vladarom","og_description":"Ro\u017eaje &#8211; Ovaj tekst sam oslovio ovom\u00a0 Azijskom poslovicom, jer me trenutna de\u0161avanja u mom gradu podsje\u0107aju ba\u0161 na ovo pore\u0111enje iz naslova. Moji sugra\u0111ani su od vremena nekada\u0161nje SDA stranke \u010dekali dan da se ponovo zavijori zastava svih Bo\u0161njaka na zgradi Op\u0161tine. Prolazili su dani, mjeseci i godine a mi smo i dalje \u010dekali [&hellip;]","og_url":"https:\/\/sandzakpress.net\/arhiva\/gdje-nema-tigra-tu-se-i-zec-smatra-vladarom\/","og_site_name":"Sand\u017eak PRESS","article_published_time":"2013-10-02T08:00:35+00:00","og_image":[{"width":300,"height":168,"url":"https:\/\/sandzakpress.net\/arhiva\/wp-content\/uploads\/2013\/10\/DSCF0667-1024x576-300x1681.jpg","type":"image\/jpeg"}],"author":"bosniak","twitter_card":"summary_large_image","twitter_misc":{"Written by":"bosniak","Est. reading time":"3 minute"},"schema":{"@context":"https:\/\/schema.org","@graph":[{"@type":"Article","@id":"https:\/\/sandzakpress.net\/arhiva\/gdje-nema-tigra-tu-se-i-zec-smatra-vladarom\/#article","isPartOf":{"@id":"https:\/\/sandzakpress.net\/arhiva\/gdje-nema-tigra-tu-se-i-zec-smatra-vladarom\/"},"author":{"name":"bosniak","@id":"https:\/\/sandzakpress.net\/arhiva\/#\/schema\/person\/c8baee722073534b583ea7bdb2e36c02"},"headline":"Gdje nema tigra tu se i zec smatra vladarom","datePublished":"2013-10-02T08:00:35+00:00","mainEntityOfPage":{"@id":"https:\/\/sandzakpress.net\/arhiva\/gdje-nema-tigra-tu-se-i-zec-smatra-vladarom\/"},"wordCount":678,"commentCount":2,"publisher":{"@id":"https:\/\/sandzakpress.net\/arhiva\/#\/schema\/person\/6e72b67d6e51910a1117b3b483ba20bd"},"image":{"@id":"https:\/\/sandzakpress.net\/arhiva\/gdje-nema-tigra-tu-se-i-zec-smatra-vladarom\/#primaryimage"},"thumbnailUrl":"https:\/\/sandzakpress.net\/arhiva\/wp-content\/uploads\/2013\/10\/DSCF0667-1024x576-300x1681.jpg","articleSection":["Ro\u017eaje","Politika"],"inLanguage":"bs-BA","potentialAction":[{"@type":"CommentAction","name":"Comment","target":["https:\/\/sandzakpress.net\/arhiva\/gdje-nema-tigra-tu-se-i-zec-smatra-vladarom\/#respond"]}]},{"@type":"WebPage","@id":"https:\/\/sandzakpress.net\/arhiva\/gdje-nema-tigra-tu-se-i-zec-smatra-vladarom\/","url":"https:\/\/sandzakpress.net\/arhiva\/gdje-nema-tigra-tu-se-i-zec-smatra-vladarom\/","name":"Gdje nema tigra tu se i zec smatra vladarom","isPartOf":{"@id":"https:\/\/sandzakpress.net\/arhiva\/#website"},"primaryImageOfPage":{"@id":"https:\/\/sandzakpress.net\/arhiva\/gdje-nema-tigra-tu-se-i-zec-smatra-vladarom\/#primaryimage"},"image":{"@id":"https:\/\/sandzakpress.net\/arhiva\/gdje-nema-tigra-tu-se-i-zec-smatra-vladarom\/#primaryimage"},"thumbnailUrl":"https:\/\/sandzakpress.net\/arhiva\/wp-content\/uploads\/2013\/10\/DSCF0667-1024x576-300x1681.jpg","datePublished":"2013-10-02T08:00:35+00:00","breadcrumb":{"@id":"https:\/\/sandzakpress.net\/arhiva\/gdje-nema-tigra-tu-se-i-zec-smatra-vladarom\/#breadcrumb"},"inLanguage":"bs-BA","potentialAction":[{"@type":"ReadAction","target":["https:\/\/sandzakpress.net\/arhiva\/gdje-nema-tigra-tu-se-i-zec-smatra-vladarom\/"]}]},{"@type":"ImageObject","inLanguage":"bs-BA","@id":"https:\/\/sandzakpress.net\/arhiva\/gdje-nema-tigra-tu-se-i-zec-smatra-vladarom\/#primaryimage","url":"https:\/\/sandzakpress.net\/arhiva\/wp-content\/uploads\/2013\/10\/DSCF0667-1024x576-300x1681.jpg","contentUrl":"https:\/\/sandzakpress.net\/arhiva\/wp-content\/uploads\/2013\/10\/DSCF0667-1024x576-300x1681.jpg","width":300,"height":168},{"@type":"BreadcrumbList","@id":"https:\/\/sandzakpress.net\/arhiva\/gdje-nema-tigra-tu-se-i-zec-smatra-vladarom\/#breadcrumb","itemListElement":[{"@type":"ListItem","position":1,"name":"Home","item":"https:\/\/sandzakpress.net\/arhiva\/"},{"@type":"ListItem","position":2,"name":"Gdje nema tigra tu se i zec smatra vladarom"}]},{"@type":"WebSite","@id":"https:\/\/sandzakpress.net\/arhiva\/#website","url":"https:\/\/sandzakpress.net\/arhiva\/","name":"Sand\u017eak PRESS","description":"Prve elektronske novine u Sand\u017eaku","publisher":{"@id":"https:\/\/sandzakpress.net\/arhiva\/#\/schema\/person\/6e72b67d6e51910a1117b3b483ba20bd"},"potentialAction":[{"@type":"SearchAction","target":{"@type":"EntryPoint","urlTemplate":"https:\/\/sandzakpress.net\/arhiva\/?s={search_term_string}"},"query-input":{"@type":"PropertyValueSpecification","valueRequired":true,"valueName":"search_term_string"}}],"inLanguage":"bs-BA"},{"@type":["Person","Organization"],"@id":"https:\/\/sandzakpress.net\/arhiva\/#\/schema\/person\/6e72b67d6e51910a1117b3b483ba20bd","name":"Kul","image":{"@type":"ImageObject","inLanguage":"bs-BA","@id":"https:\/\/sandzakpress.net\/arhiva\/#\/schema\/person\/image\/","url":"https:\/\/secure.gravatar.com\/avatar\/42263f39aa27ac04c43cab85c280eb2e?s=96&d=mm&r=pg","contentUrl":"https:\/\/secure.gravatar.com\/avatar\/42263f39aa27ac04c43cab85c280eb2e?s=96&d=mm&r=pg","caption":"Kul"},"logo":{"@id":"https:\/\/sandzakpress.net\/arhiva\/#\/schema\/person\/image\/"}},{"@type":"Person","@id":"https:\/\/sandzakpress.net\/arhiva\/#\/schema\/person\/c8baee722073534b583ea7bdb2e36c02","name":"bosniak","image":{"@type":"ImageObject","inLanguage":"bs-BA","@id":"https:\/\/sandzakpress.net\/arhiva\/#\/schema\/person\/image\/","url":"https:\/\/secure.gravatar.com\/avatar\/a04fd330bfe3a36a72a0ad4a6d89fca7?s=96&d=mm&r=pg","contentUrl":"https:\/\/secure.gravatar.com\/avatar\/a04fd330bfe3a36a72a0ad4a6d89fca7?s=96&d=mm&r=pg","caption":"bosniak"},"url":"https:\/\/sandzakpress.net\/arhiva\/author\/bosniak\/"}]}},"_links":{"self":[{"href":"https:\/\/sandzakpress.net\/arhiva\/wp-json\/wp\/v2\/posts\/89102"}],"collection":[{"href":"https:\/\/sandzakpress.net\/arhiva\/wp-json\/wp\/v2\/posts"}],"about":[{"href":"https:\/\/sandzakpress.net\/arhiva\/wp-json\/wp\/v2\/types\/post"}],"author":[{"embeddable":true,"href":"https:\/\/sandzakpress.net\/arhiva\/wp-json\/wp\/v2\/users\/83"}],"replies":[{"embeddable":true,"href":"https:\/\/sandzakpress.net\/arhiva\/wp-json\/wp\/v2\/comments?post=89102"}],"version-history":[{"count":0,"href":"https:\/\/sandzakpress.net\/arhiva\/wp-json\/wp\/v2\/posts\/89102\/revisions"}],"wp:featuredmedia":[{"embeddable":true,"href":"https:\/\/sandzakpress.net\/arhiva\/wp-json\/wp\/v2\/media\/89104"}],"wp:attachment":[{"href":"https:\/\/sandzakpress.net\/arhiva\/wp-json\/wp\/v2\/media?parent=89102"}],"wp:term":[{"taxonomy":"category","embeddable":true,"href":"https:\/\/sandzakpress.net\/arhiva\/wp-json\/wp\/v2\/categories?post=89102"},{"taxonomy":"post_tag","embeddable":true,"href":"https:\/\/sandzakpress.net\/arhiva\/wp-json\/wp\/v2\/tags?post=89102"}],"curies":[{"name":"wp","href":"https:\/\/api.w.org\/{rel}","templated":true}]}}