{"id":89094,"date":"2013-10-02T09:44:16","date_gmt":"2013-10-02T07:44:16","guid":{"rendered":"https:\/\/sandzakpress.net\/arhiva\/?p=89094"},"modified":"2013-10-02T09:44:16","modified_gmt":"2013-10-02T07:44:16","slug":"u-rozajama-obiljezen-dan-opstine-godina-iskusenja-i-uspjeha","status":"publish","type":"post","link":"https:\/\/sandzakpress.net\/arhiva\/u-rozajama-obiljezen-dan-opstine-godina-iskusenja-i-uspjeha\/","title":{"rendered":"U Ro\u017eajama obilje\u017een Dan op\u0161tine: Godina isku\u0161enja i uspjeha"},"content":{"rendered":"<p><strong><a href=\"https:\/\/sandzakpress.net\/arhiva\/wp-content\/uploads\/2013\/10\/2013-09-30-CGO-T-STR-xx-V01-Z-RO-PRAZNIK.jpg\"><img loading=\"lazy\" decoding=\"async\" class=\"alignleft size-medium wp-image-89095\" alt=\"2013-09-30-CGO-T-STR-xx-V01-Z-RO-PRAZNIK\" src=\"https:\/\/sandzakpress.net\/arhiva\/wp-content\/uploads\/2013\/10\/2013-09-30-CGO-T-STR-xx-V01-Z-RO-PRAZNIK-300x170.jpg\" width=\"300\" height=\"170\" \/><\/a>Ro\u017eaje &#8211; Sve\u010danom sjednicom Skup\u0161tine op\u0161tine, kojoj su prisustvovali predsjednik Crne Gore Filip Vujanovi\u0107 i brojne li\u010dnosti iz javnog, kulturnog i vjerskog \u017eivota Crne Gore, u Ro\u017eajama je obilje\u017een Dan op\u0161tine 30. septembar.<\/strong><\/p>\n<p>\u010cestitaju\u0107i praznik gra\u0111anima Ro\u017eaja, predsjednik Vujanovi\u0107 iskazao je po\u0161tovanje za ono \u0161to je u ovoj op\u0161tini ura\u0111eno izme\u0111u dva praznika.<\/p>\n<p>&#8211; Ulaganja u infrastrukturu su brojna i vidljiva, \u0161to pokazuje ogroman napor lokalne uprave da se unaprijedi kvalitet \u017eivota u ovom gradu. Zadovoljstvo mi je \u0161to \u0107e vodovod, jedan od kapitalnih projekata u Ro\u017eajama, biti brzo zavr\u0161en. Uvjeren sam da \u0107e i drugi najavljeni projekti imati dobru dinamiku i kvalitetnu realizaciju \u2013 rekao je Vujanovi\u0107.<\/p>\n<p>On je pohvalio i dobru komunikaciju op\u0161tine sa Vladom i me\u0111unarodnim organizacijama.<\/p>\n<p>&#8211; Ovdje je mnogo ulo\u017eila turska agencija Tika i mi to uva\u017eavamo. Uvjeren sam da \u0107e oni koji vode brigu o kvalitetu \u017eivota u ovoj sredini i nadalje ulagati u Ro\u017eaje. Ova op\u0161tina ima ogromne resurse i kori\u0161\u0107enje tih potencijala ogleda\u0107e se u kvalitetu \u017eivota gra\u0111ana \u2013 rekao je Vujanovi\u0107.<\/p>\n<p>Predsjednik op\u0161tine Nusret Kala\u010d kazao da je lokalna vlast ozbiljno radila na unapre\u0111enju kvaliteta \u017eivota, prije svega u oblasti komunalne infrastrukture, u kojoj je, iako u veoma ote\u017eanim uslovima, realizovan znatan broj infrastrukturnih objekata.<\/p>\n<p>&#8211; Radili smo i sagradili nove gradske ulice, pje\u0161a\u010dke staze, gradsku rasvjetu, znatno pro\u0161irili gradsku kanalizacionu mre\u017eu. Uradili smo nove seoske puteve i vodovode. Posebno bih podsjetio da je po\u010dela izgradnja primarnog gradskog vodovoda i da \u0107e posao biti zavr\u0161en prije planiranog roka. Ovaj objekat radimo po najmodernijim tehnolo\u0161kim dostignu\u0107ima i njegova vrijednost je ne\u0161to manje od tri miliona eura \u2013 rekao je Kala\u010d.<\/p>\n<p>On je kazao da ova op\u0161tina ima ozbiljne razvojne \u0161anse kroz kvalitetniju valorizacija prirodnih resursa .<\/p>\n<p>&#8211; Ro\u017eaje mora da prestane da bude sirovinska baza za druge sredine. Mora da podigne nivo kvaliteta kori\u0161\u0107enja prirodnih resursa. Za uspjeh takve politike neophodna je podr\u0161ka Vlade. Ve\u0107 smo donijeli odluke da svi koji \u017eele da investiraju u na\u0161u op\u0161tinu budu oslobo\u0111eni svih naknada za komunalno ure\u0111enje. Ta odluka se odnosi na sve projekte u oblasti poljoprivrede i turizma. U cilju otvaranja novih radnih mjesta i podsticaja zapo\u0161ljavanja, pripremamo se da donesemo identi\u010dnu odluku i za sve ostale programe, bez obzira na strukturu privredne djelatnosti \u2013 rekao je Kala\u010d.<\/p>\n<h4>Priznanja<\/h4>\n<p>Predsjednik op\u0161tine Nusret Kala\u010d uru\u010dio je najvi\u0161a priznanja zaslu\u017enim gra\u0111anima Ro\u017eaja. \u017diri, na \u010dijem \u010delu je bio doc.dr Ru\u017edija Kala\u010d, koji su \u010dinili Re\u0161ad Kardovi\u0107, Edina Sutovi\u0107, Ismet Had\u017ei\u0107 i dr Husko Bajrovi\u0107, dodijelio je tri nagrade. Priznanje u oblasti likovne umjetnosti i kulture dobio je akademski slikar Ahmet Ademagi\u0107. Salko Luboder, novinar i publicista, nagra\u0111en je za unapre\u0111enje i doprinos iz oblasti kulture, a \u010dlanu Kik boks kluba \u201eUniverzum\u201c Damiru Mukovi\u0107u uru\u010deno je priznanje za rezultate u sportu.<\/p>\n<p>U ime nagra\u0111enih zahvalio je Salko Luboder.<\/p>\n<h4>\u010cestitke<\/h4>\n<p>Od brojnih pristiglih telegrama, na sjednici su pro\u010ditani oni koje su uputili predsjednici Skup\u0161tine i Vlade, Ranko Krivokapi\u0107 i Milo \u0110ukanovi\u0107, kao i telegram Mar\u010dela Rovede iz Brazila, koji ve\u0107 nekoliko godina gaji posebnu ljubav prema Crnoj Gori, naro\u010dito prema Ro\u017eajama.<\/p>\n<p>(pobjeda)<\/p>\n","protected":false},"excerpt":{"rendered":"<p>Ro\u017eaje &#8211; Sve\u010danom sjednicom Skup\u0161tine op\u0161tine, kojoj su prisustvovali predsjednik Crne Gore Filip Vujanovi\u0107 i brojne li\u010dnosti iz javnog, kulturnog i vjerskog \u017eivota Crne Gore, u Ro\u017eajama je obilje\u017een Dan op\u0161tine 30. septembar. \u010cestitaju\u0107i praznik gra\u0111anima Ro\u017eaja, predsjednik Vujanovi\u0107 iskazao je po\u0161tovanje za ono \u0161to je u ovoj op\u0161tini ura\u0111eno izme\u0111u dva praznika. &#8211; Ulaganja [&hellip;]<\/p>\n","protected":false},"author":83,"featured_media":89096,"comment_status":"open","ping_status":"open","sticky":false,"template":"","format":"standard","meta":{"footnotes":""},"categories":[398,1],"tags":[],"class_list":{"0":"post-89094","1":"post","2":"type-post","3":"status-publish","4":"format-standard","5":"has-post-thumbnail","7":"category-rozaje","8":"category-politika"},"yoast_head":"<!-- This site is optimized with the Yoast SEO Premium plugin v23.1 (Yoast SEO v24.9) - https:\/\/yoast.com\/wordpress\/plugins\/seo\/ -->\n<title>U Ro\u017eajama obilje\u017een Dan op\u0161tine: Godina isku\u0161enja i uspjeha<\/title>\n<meta name=\"robots\" content=\"index, follow, max-snippet:-1, max-image-preview:large, max-video-preview:-1\" \/>\n<link rel=\"canonical\" href=\"https:\/\/sandzakpress.net\/arhiva\/u-rozajama-obiljezen-dan-opstine-godina-iskusenja-i-uspjeha\/\" \/>\n<meta property=\"og:locale\" content=\"bs_BA\" \/>\n<meta property=\"og:type\" content=\"article\" \/>\n<meta property=\"og:title\" content=\"U Ro\u017eajama obilje\u017een Dan op\u0161tine: Godina isku\u0161enja i uspjeha\" \/>\n<meta property=\"og:description\" content=\"Ro\u017eaje &#8211; Sve\u010danom sjednicom Skup\u0161tine op\u0161tine, kojoj su prisustvovali predsjednik Crne Gore Filip Vujanovi\u0107 i brojne li\u010dnosti iz javnog, kulturnog i vjerskog \u017eivota Crne Gore, u Ro\u017eajama je obilje\u017een Dan op\u0161tine 30. septembar. \u010cestitaju\u0107i praznik gra\u0111anima Ro\u017eaja, predsjednik Vujanovi\u0107 iskazao je po\u0161tovanje za ono \u0161to je u ovoj op\u0161tini ura\u0111eno izme\u0111u dva praznika. &#8211; Ulaganja [&hellip;]\" \/>\n<meta property=\"og:url\" content=\"https:\/\/sandzakpress.net\/arhiva\/u-rozajama-obiljezen-dan-opstine-godina-iskusenja-i-uspjeha\/\" \/>\n<meta property=\"og:site_name\" content=\"Sand\u017eak PRESS\" \/>\n<meta property=\"article:published_time\" content=\"2013-10-02T07:44:16+00:00\" \/>\n<meta property=\"og:image\" content=\"https:\/\/sandzakpress.net\/arhiva\/wp-content\/uploads\/2013\/10\/2013-09-30-CGO-T-STR-xx-V01-Z-RO-PRAZNIK-300x1701.jpg\" \/>\n\t<meta property=\"og:image:width\" content=\"300\" \/>\n\t<meta property=\"og:image:height\" content=\"170\" \/>\n\t<meta property=\"og:image:type\" content=\"image\/jpeg\" \/>\n<meta name=\"author\" content=\"bosniak\" \/>\n<meta name=\"twitter:card\" content=\"summary_large_image\" \/>\n<meta name=\"twitter:label1\" content=\"Written by\" \/>\n\t<meta name=\"twitter:data1\" content=\"bosniak\" \/>\n\t<meta name=\"twitter:label2\" content=\"Est. reading time\" \/>\n\t<meta name=\"twitter:data2\" content=\"3 minute\" \/>\n<script type=\"application\/ld+json\" class=\"yoast-schema-graph\">{\"@context\":\"https:\/\/schema.org\",\"@graph\":[{\"@type\":\"Article\",\"@id\":\"https:\/\/sandzakpress.net\/arhiva\/u-rozajama-obiljezen-dan-opstine-godina-iskusenja-i-uspjeha\/#article\",\"isPartOf\":{\"@id\":\"https:\/\/sandzakpress.net\/arhiva\/u-rozajama-obiljezen-dan-opstine-godina-iskusenja-i-uspjeha\/\"},\"author\":{\"name\":\"bosniak\",\"@id\":\"https:\/\/sandzakpress.net\/arhiva\/#\/schema\/person\/c8baee722073534b583ea7bdb2e36c02\"},\"headline\":\"U Ro\u017eajama obilje\u017een Dan op\u0161tine: Godina isku\u0161enja i uspjeha\",\"datePublished\":\"2013-10-02T07:44:16+00:00\",\"mainEntityOfPage\":{\"@id\":\"https:\/\/sandzakpress.net\/arhiva\/u-rozajama-obiljezen-dan-opstine-godina-iskusenja-i-uspjeha\/\"},\"wordCount\":579,\"commentCount\":0,\"publisher\":{\"@id\":\"https:\/\/sandzakpress.net\/arhiva\/#\/schema\/person\/6e72b67d6e51910a1117b3b483ba20bd\"},\"image\":{\"@id\":\"https:\/\/sandzakpress.net\/arhiva\/u-rozajama-obiljezen-dan-opstine-godina-iskusenja-i-uspjeha\/#primaryimage\"},\"thumbnailUrl\":\"https:\/\/sandzakpress.net\/arhiva\/wp-content\/uploads\/2013\/10\/2013-09-30-CGO-T-STR-xx-V01-Z-RO-PRAZNIK-300x1701.jpg\",\"articleSection\":[\"Ro\u017eaje\",\"Politika\"],\"inLanguage\":\"bs-BA\",\"potentialAction\":[{\"@type\":\"CommentAction\",\"name\":\"Comment\",\"target\":[\"https:\/\/sandzakpress.net\/arhiva\/u-rozajama-obiljezen-dan-opstine-godina-iskusenja-i-uspjeha\/#respond\"]}]},{\"@type\":\"WebPage\",\"@id\":\"https:\/\/sandzakpress.net\/arhiva\/u-rozajama-obiljezen-dan-opstine-godina-iskusenja-i-uspjeha\/\",\"url\":\"https:\/\/sandzakpress.net\/arhiva\/u-rozajama-obiljezen-dan-opstine-godina-iskusenja-i-uspjeha\/\",\"name\":\"U Ro\u017eajama obilje\u017een Dan op\u0161tine: Godina isku\u0161enja i uspjeha\",\"isPartOf\":{\"@id\":\"https:\/\/sandzakpress.net\/arhiva\/#website\"},\"primaryImageOfPage\":{\"@id\":\"https:\/\/sandzakpress.net\/arhiva\/u-rozajama-obiljezen-dan-opstine-godina-iskusenja-i-uspjeha\/#primaryimage\"},\"image\":{\"@id\":\"https:\/\/sandzakpress.net\/arhiva\/u-rozajama-obiljezen-dan-opstine-godina-iskusenja-i-uspjeha\/#primaryimage\"},\"thumbnailUrl\":\"https:\/\/sandzakpress.net\/arhiva\/wp-content\/uploads\/2013\/10\/2013-09-30-CGO-T-STR-xx-V01-Z-RO-PRAZNIK-300x1701.jpg\",\"datePublished\":\"2013-10-02T07:44:16+00:00\",\"breadcrumb\":{\"@id\":\"https:\/\/sandzakpress.net\/arhiva\/u-rozajama-obiljezen-dan-opstine-godina-iskusenja-i-uspjeha\/#breadcrumb\"},\"inLanguage\":\"bs-BA\",\"potentialAction\":[{\"@type\":\"ReadAction\",\"target\":[\"https:\/\/sandzakpress.net\/arhiva\/u-rozajama-obiljezen-dan-opstine-godina-iskusenja-i-uspjeha\/\"]}]},{\"@type\":\"ImageObject\",\"inLanguage\":\"bs-BA\",\"@id\":\"https:\/\/sandzakpress.net\/arhiva\/u-rozajama-obiljezen-dan-opstine-godina-iskusenja-i-uspjeha\/#primaryimage\",\"url\":\"https:\/\/sandzakpress.net\/arhiva\/wp-content\/uploads\/2013\/10\/2013-09-30-CGO-T-STR-xx-V01-Z-RO-PRAZNIK-300x1701.jpg\",\"contentUrl\":\"https:\/\/sandzakpress.net\/arhiva\/wp-content\/uploads\/2013\/10\/2013-09-30-CGO-T-STR-xx-V01-Z-RO-PRAZNIK-300x1701.jpg\",\"width\":300,\"height\":170},{\"@type\":\"BreadcrumbList\",\"@id\":\"https:\/\/sandzakpress.net\/arhiva\/u-rozajama-obiljezen-dan-opstine-godina-iskusenja-i-uspjeha\/#breadcrumb\",\"itemListElement\":[{\"@type\":\"ListItem\",\"position\":1,\"name\":\"Home\",\"item\":\"https:\/\/sandzakpress.net\/arhiva\/\"},{\"@type\":\"ListItem\",\"position\":2,\"name\":\"U Ro\u017eajama obilje\u017een Dan op\u0161tine: Godina isku\u0161enja i uspjeha\"}]},{\"@type\":\"WebSite\",\"@id\":\"https:\/\/sandzakpress.net\/arhiva\/#website\",\"url\":\"https:\/\/sandzakpress.net\/arhiva\/\",\"name\":\"Sand\u017eak PRESS\",\"description\":\"Prve elektronske novine u Sand\u017eaku\",\"publisher\":{\"@id\":\"https:\/\/sandzakpress.net\/arhiva\/#\/schema\/person\/6e72b67d6e51910a1117b3b483ba20bd\"},\"potentialAction\":[{\"@type\":\"SearchAction\",\"target\":{\"@type\":\"EntryPoint\",\"urlTemplate\":\"https:\/\/sandzakpress.net\/arhiva\/?s={search_term_string}\"},\"query-input\":{\"@type\":\"PropertyValueSpecification\",\"valueRequired\":true,\"valueName\":\"search_term_string\"}}],\"inLanguage\":\"bs-BA\"},{\"@type\":[\"Person\",\"Organization\"],\"@id\":\"https:\/\/sandzakpress.net\/arhiva\/#\/schema\/person\/6e72b67d6e51910a1117b3b483ba20bd\",\"name\":\"Kul\",\"image\":{\"@type\":\"ImageObject\",\"inLanguage\":\"bs-BA\",\"@id\":\"https:\/\/sandzakpress.net\/arhiva\/#\/schema\/person\/image\/\",\"url\":\"https:\/\/secure.gravatar.com\/avatar\/42263f39aa27ac04c43cab85c280eb2e?s=96&d=mm&r=pg\",\"contentUrl\":\"https:\/\/secure.gravatar.com\/avatar\/42263f39aa27ac04c43cab85c280eb2e?s=96&d=mm&r=pg\",\"caption\":\"Kul\"},\"logo\":{\"@id\":\"https:\/\/sandzakpress.net\/arhiva\/#\/schema\/person\/image\/\"}},{\"@type\":\"Person\",\"@id\":\"https:\/\/sandzakpress.net\/arhiva\/#\/schema\/person\/c8baee722073534b583ea7bdb2e36c02\",\"name\":\"bosniak\",\"image\":{\"@type\":\"ImageObject\",\"inLanguage\":\"bs-BA\",\"@id\":\"https:\/\/sandzakpress.net\/arhiva\/#\/schema\/person\/image\/\",\"url\":\"https:\/\/secure.gravatar.com\/avatar\/a04fd330bfe3a36a72a0ad4a6d89fca7?s=96&d=mm&r=pg\",\"contentUrl\":\"https:\/\/secure.gravatar.com\/avatar\/a04fd330bfe3a36a72a0ad4a6d89fca7?s=96&d=mm&r=pg\",\"caption\":\"bosniak\"},\"url\":\"https:\/\/sandzakpress.net\/arhiva\/author\/bosniak\/\"}]}<\/script>\n<!-- \/ Yoast SEO Premium plugin. -->","yoast_head_json":{"title":"U Ro\u017eajama obilje\u017een Dan op\u0161tine: Godina isku\u0161enja i uspjeha","robots":{"index":"index","follow":"follow","max-snippet":"max-snippet:-1","max-image-preview":"max-image-preview:large","max-video-preview":"max-video-preview:-1"},"canonical":"https:\/\/sandzakpress.net\/arhiva\/u-rozajama-obiljezen-dan-opstine-godina-iskusenja-i-uspjeha\/","og_locale":"bs_BA","og_type":"article","og_title":"U Ro\u017eajama obilje\u017een Dan op\u0161tine: Godina isku\u0161enja i uspjeha","og_description":"Ro\u017eaje &#8211; Sve\u010danom sjednicom Skup\u0161tine op\u0161tine, kojoj su prisustvovali predsjednik Crne Gore Filip Vujanovi\u0107 i brojne li\u010dnosti iz javnog, kulturnog i vjerskog \u017eivota Crne Gore, u Ro\u017eajama je obilje\u017een Dan op\u0161tine 30. septembar. \u010cestitaju\u0107i praznik gra\u0111anima Ro\u017eaja, predsjednik Vujanovi\u0107 iskazao je po\u0161tovanje za ono \u0161to je u ovoj op\u0161tini ura\u0111eno izme\u0111u dva praznika. &#8211; Ulaganja [&hellip;]","og_url":"https:\/\/sandzakpress.net\/arhiva\/u-rozajama-obiljezen-dan-opstine-godina-iskusenja-i-uspjeha\/","og_site_name":"Sand\u017eak PRESS","article_published_time":"2013-10-02T07:44:16+00:00","og_image":[{"width":300,"height":170,"url":"https:\/\/sandzakpress.net\/arhiva\/wp-content\/uploads\/2013\/10\/2013-09-30-CGO-T-STR-xx-V01-Z-RO-PRAZNIK-300x1701.jpg","type":"image\/jpeg"}],"author":"bosniak","twitter_card":"summary_large_image","twitter_misc":{"Written by":"bosniak","Est. reading time":"3 minute"},"schema":{"@context":"https:\/\/schema.org","@graph":[{"@type":"Article","@id":"https:\/\/sandzakpress.net\/arhiva\/u-rozajama-obiljezen-dan-opstine-godina-iskusenja-i-uspjeha\/#article","isPartOf":{"@id":"https:\/\/sandzakpress.net\/arhiva\/u-rozajama-obiljezen-dan-opstine-godina-iskusenja-i-uspjeha\/"},"author":{"name":"bosniak","@id":"https:\/\/sandzakpress.net\/arhiva\/#\/schema\/person\/c8baee722073534b583ea7bdb2e36c02"},"headline":"U Ro\u017eajama obilje\u017een Dan op\u0161tine: Godina isku\u0161enja i uspjeha","datePublished":"2013-10-02T07:44:16+00:00","mainEntityOfPage":{"@id":"https:\/\/sandzakpress.net\/arhiva\/u-rozajama-obiljezen-dan-opstine-godina-iskusenja-i-uspjeha\/"},"wordCount":579,"commentCount":0,"publisher":{"@id":"https:\/\/sandzakpress.net\/arhiva\/#\/schema\/person\/6e72b67d6e51910a1117b3b483ba20bd"},"image":{"@id":"https:\/\/sandzakpress.net\/arhiva\/u-rozajama-obiljezen-dan-opstine-godina-iskusenja-i-uspjeha\/#primaryimage"},"thumbnailUrl":"https:\/\/sandzakpress.net\/arhiva\/wp-content\/uploads\/2013\/10\/2013-09-30-CGO-T-STR-xx-V01-Z-RO-PRAZNIK-300x1701.jpg","articleSection":["Ro\u017eaje","Politika"],"inLanguage":"bs-BA","potentialAction":[{"@type":"CommentAction","name":"Comment","target":["https:\/\/sandzakpress.net\/arhiva\/u-rozajama-obiljezen-dan-opstine-godina-iskusenja-i-uspjeha\/#respond"]}]},{"@type":"WebPage","@id":"https:\/\/sandzakpress.net\/arhiva\/u-rozajama-obiljezen-dan-opstine-godina-iskusenja-i-uspjeha\/","url":"https:\/\/sandzakpress.net\/arhiva\/u-rozajama-obiljezen-dan-opstine-godina-iskusenja-i-uspjeha\/","name":"U Ro\u017eajama obilje\u017een Dan op\u0161tine: Godina isku\u0161enja i uspjeha","isPartOf":{"@id":"https:\/\/sandzakpress.net\/arhiva\/#website"},"primaryImageOfPage":{"@id":"https:\/\/sandzakpress.net\/arhiva\/u-rozajama-obiljezen-dan-opstine-godina-iskusenja-i-uspjeha\/#primaryimage"},"image":{"@id":"https:\/\/sandzakpress.net\/arhiva\/u-rozajama-obiljezen-dan-opstine-godina-iskusenja-i-uspjeha\/#primaryimage"},"thumbnailUrl":"https:\/\/sandzakpress.net\/arhiva\/wp-content\/uploads\/2013\/10\/2013-09-30-CGO-T-STR-xx-V01-Z-RO-PRAZNIK-300x1701.jpg","datePublished":"2013-10-02T07:44:16+00:00","breadcrumb":{"@id":"https:\/\/sandzakpress.net\/arhiva\/u-rozajama-obiljezen-dan-opstine-godina-iskusenja-i-uspjeha\/#breadcrumb"},"inLanguage":"bs-BA","potentialAction":[{"@type":"ReadAction","target":["https:\/\/sandzakpress.net\/arhiva\/u-rozajama-obiljezen-dan-opstine-godina-iskusenja-i-uspjeha\/"]}]},{"@type":"ImageObject","inLanguage":"bs-BA","@id":"https:\/\/sandzakpress.net\/arhiva\/u-rozajama-obiljezen-dan-opstine-godina-iskusenja-i-uspjeha\/#primaryimage","url":"https:\/\/sandzakpress.net\/arhiva\/wp-content\/uploads\/2013\/10\/2013-09-30-CGO-T-STR-xx-V01-Z-RO-PRAZNIK-300x1701.jpg","contentUrl":"https:\/\/sandzakpress.net\/arhiva\/wp-content\/uploads\/2013\/10\/2013-09-30-CGO-T-STR-xx-V01-Z-RO-PRAZNIK-300x1701.jpg","width":300,"height":170},{"@type":"BreadcrumbList","@id":"https:\/\/sandzakpress.net\/arhiva\/u-rozajama-obiljezen-dan-opstine-godina-iskusenja-i-uspjeha\/#breadcrumb","itemListElement":[{"@type":"ListItem","position":1,"name":"Home","item":"https:\/\/sandzakpress.net\/arhiva\/"},{"@type":"ListItem","position":2,"name":"U Ro\u017eajama obilje\u017een Dan op\u0161tine: Godina isku\u0161enja i uspjeha"}]},{"@type":"WebSite","@id":"https:\/\/sandzakpress.net\/arhiva\/#website","url":"https:\/\/sandzakpress.net\/arhiva\/","name":"Sand\u017eak PRESS","description":"Prve elektronske novine u Sand\u017eaku","publisher":{"@id":"https:\/\/sandzakpress.net\/arhiva\/#\/schema\/person\/6e72b67d6e51910a1117b3b483ba20bd"},"potentialAction":[{"@type":"SearchAction","target":{"@type":"EntryPoint","urlTemplate":"https:\/\/sandzakpress.net\/arhiva\/?s={search_term_string}"},"query-input":{"@type":"PropertyValueSpecification","valueRequired":true,"valueName":"search_term_string"}}],"inLanguage":"bs-BA"},{"@type":["Person","Organization"],"@id":"https:\/\/sandzakpress.net\/arhiva\/#\/schema\/person\/6e72b67d6e51910a1117b3b483ba20bd","name":"Kul","image":{"@type":"ImageObject","inLanguage":"bs-BA","@id":"https:\/\/sandzakpress.net\/arhiva\/#\/schema\/person\/image\/","url":"https:\/\/secure.gravatar.com\/avatar\/42263f39aa27ac04c43cab85c280eb2e?s=96&d=mm&r=pg","contentUrl":"https:\/\/secure.gravatar.com\/avatar\/42263f39aa27ac04c43cab85c280eb2e?s=96&d=mm&r=pg","caption":"Kul"},"logo":{"@id":"https:\/\/sandzakpress.net\/arhiva\/#\/schema\/person\/image\/"}},{"@type":"Person","@id":"https:\/\/sandzakpress.net\/arhiva\/#\/schema\/person\/c8baee722073534b583ea7bdb2e36c02","name":"bosniak","image":{"@type":"ImageObject","inLanguage":"bs-BA","@id":"https:\/\/sandzakpress.net\/arhiva\/#\/schema\/person\/image\/","url":"https:\/\/secure.gravatar.com\/avatar\/a04fd330bfe3a36a72a0ad4a6d89fca7?s=96&d=mm&r=pg","contentUrl":"https:\/\/secure.gravatar.com\/avatar\/a04fd330bfe3a36a72a0ad4a6d89fca7?s=96&d=mm&r=pg","caption":"bosniak"},"url":"https:\/\/sandzakpress.net\/arhiva\/author\/bosniak\/"}]}},"_links":{"self":[{"href":"https:\/\/sandzakpress.net\/arhiva\/wp-json\/wp\/v2\/posts\/89094"}],"collection":[{"href":"https:\/\/sandzakpress.net\/arhiva\/wp-json\/wp\/v2\/posts"}],"about":[{"href":"https:\/\/sandzakpress.net\/arhiva\/wp-json\/wp\/v2\/types\/post"}],"author":[{"embeddable":true,"href":"https:\/\/sandzakpress.net\/arhiva\/wp-json\/wp\/v2\/users\/83"}],"replies":[{"embeddable":true,"href":"https:\/\/sandzakpress.net\/arhiva\/wp-json\/wp\/v2\/comments?post=89094"}],"version-history":[{"count":0,"href":"https:\/\/sandzakpress.net\/arhiva\/wp-json\/wp\/v2\/posts\/89094\/revisions"}],"wp:featuredmedia":[{"embeddable":true,"href":"https:\/\/sandzakpress.net\/arhiva\/wp-json\/wp\/v2\/media\/89096"}],"wp:attachment":[{"href":"https:\/\/sandzakpress.net\/arhiva\/wp-json\/wp\/v2\/media?parent=89094"}],"wp:term":[{"taxonomy":"category","embeddable":true,"href":"https:\/\/sandzakpress.net\/arhiva\/wp-json\/wp\/v2\/categories?post=89094"},{"taxonomy":"post_tag","embeddable":true,"href":"https:\/\/sandzakpress.net\/arhiva\/wp-json\/wp\/v2\/tags?post=89094"}],"curies":[{"name":"wp","href":"https:\/\/api.w.org\/{rel}","templated":true}]}}