{"id":89069,"date":"2013-10-01T17:27:32","date_gmt":"2013-10-01T15:27:32","guid":{"rendered":"https:\/\/sandzakpress.net\/arhiva\/?p=89069"},"modified":"2013-10-01T17:27:41","modified_gmt":"2013-10-01T15:27:41","slug":"reisu-l-ulema-mi-bosnjaci-reci-cemo-da-smo-bosnjaci","status":"publish","type":"post","link":"https:\/\/sandzakpress.net\/arhiva\/reisu-l-ulema-mi-bosnjaci-reci-cemo-da-smo-bosnjaci\/","title":{"rendered":"Reisu-l-ulema: &#8216;Mi, Bo\u0161njaci, re\u0107i \u0107emo da smo Bo\u0161njaci&#8217;"},"content":{"rendered":"<p><strong><img loading=\"lazy\" decoding=\"async\" class=\"alignleft\" alt=\"\" src=\"http:\/\/www.novosti.rs\/upload\/images\/2012\/\/09\/07n\/reg-kavazovic.jpg\" width=\"384\" height=\"256\" \/>BiH &#8211; Reisu-l-ulema Husein ef. Kavazovi\u0107 u povodu po\u010detka popisa stanovni\u0161tva, u tekstu objavljenom u Dnevnom avazu 01.10.2013. gdoine, uputio je poruku gra\u0111anima Bosne i Hercegovine. Prenosimo tekst u cijelosti:<\/strong><\/p>\n<p>&#8211; Po\u0161tovani,<\/p>\n<p>danas \u0107e zapo\u010deti popis stanovni\u0161tva u na\u0161oj zemlji. Kao gra\u0111ani Bosne i Hercegovine, mi smo du\u017eni odazvati se obavezi popisivanja. Na\u0161e izvr\u0161avanje ove obaveze istovremeno \u0107e biti i potvrda na\u0161eg razumijevanja va\u017enosti popisa za dr\u017eavu Bosnu i Hercegovinu, za njen napredak i za unapre\u0111enje njenog polo\u017eaja u me\u0111unarodnoj zajednici. Popis stanovni\u0161tva ujedno je i osnovni zakonski izvor podataka o veli\u010dini, sastavu i promjenama stanovni\u0161tva jedne zemlje i bez tih podataka ne mo\u017ee se valjano obja\u0161njavati dru\u0161tvene procese niti predvi\u0111ati njihove tokove na nacionalnoj i me\u0111unarodnoj razini.<\/p>\n<p><strong>Na\u0161e pravo<\/strong><\/p>\n<p>Me\u0111u pitanjima na koja \u0107emo kao popisivane osobe odgovarati nalazi se i pitanje vjeroispovijesti. Kao muslimani, mi znamo da je na\u0161a vjeroispovijed islamska i to \u0107emo kazati popisiva\u010dima. Ovo na\u0161e svjedo\u010denje je na\u0161a vjerska du\u017enost, jer je svaki punoljetan i slobodan musliman du\u017ean da javno svjedo\u010di svoju pripadnost islamu. Bila su vremena kada je manifestiranje vjere u na\u0161oj domovini bilo zakonski zajam\u010deno, a politi\u010dki i dru\u0161tveno ograni\u010davano. Danas su gra\u0111ani Bosne i Hercegovine slobodni u manifestiranju vjere i uvjerenja i svojim svjedo\u010denjem pripadnosti islamu mi ujedno svjedo\u010dimo univerzalnu vrijednost slobode vjerovanja i uvjerenja.<\/p>\n<p>Popisiva\u010di \u0107e od nas, tako\u0111er, tra\u017eiti da odgovorimo na pitanje na\u0161e etni\u010dke, odnosno, nacionalne pripadnosti i na pitanje na\u0161eg materinskog jezika. Mi, Bo\u0161njaci, re\u0107i \u0107emo da smo Bo\u0161njaci i da je na\u0161 materinski jezik bosanski. Tako su za sebe i za svoj jezik stolje\u0107ima govorili na\u0161i preci koji su u juna\u010dkim pjesmama, vjerskim knjigama, rje\u010dnicima, putopisima i drugim izrazima svog duhovnog \u017eivota osigurali trajnu prisutnost imena bo\u0161nja\u010dkog naroda i bosanskog jezika u kulturi, riznici \u010dovje\u010danstva. To isto bi kazali i na\u0161i djedovi i o\u010devi koji su bili nasilno li\u0161eni osnovnog ljudskog prava na ime i tradiciju i kojima je tokom dvadesetog stolje\u0107a bilo zabranjeno da sebe i svoj jezik zovu naslije\u0111enim vlastitim imenima. Zato na\u0161e o\u010ditovanje na popisu da smo Bo\u0161njaci i da je na\u0161 materinski jezik bosanski nije samo na\u0161e pravo ve\u0107 i na\u0161 dug i obaveza prema njima.<\/p>\n<p>Prije dvadeset i dvije godine obavljen je posljednji popis u na\u0161oj zemlji. Godinu po njegovom obavljanju zapo\u010dela je agresija na na\u0161u zemlju i na na\u0161 narod. Posljedice agresije, rata i te\u0161kih ratnih zlo\u010dina bila su masovna stradanja i pomjeranja stanovni\u0161tva unutar Bosne i Hercegovine i izvan Bosne i Hercegovine. Kao \u017ertve genocida i najte\u017eih masovnih zlo\u010dina po\u010dinjenih nad jednim narodom u Evropi u drugoj polovici dvadesetog stolje\u0107a, mi smo, Bo\u0161njaci, \u017eivotno zainteresirani za ta\u010dne podatke o sebi, o stanju u kojem se sada nalazimo i o tome koliko je na\u0161e sada\u0161nje stanje odre\u0111eno prirodnim procesima, a koliko nasilnim djelovanjem rata i agresije. Zato je na\u0161 zajedni\u010dki interes da se popis obavi po zakonu i u skladu s me\u0111unarodno priznatim standardima i da se svaki Bo\u0161njak odazove obavezi popisa.<\/p>\n<p><strong>Dobra volja<\/strong><\/p>\n<p>Predstoje\u0107i popis ima posebnu va\u017enost i osjetljivost za prognanike i izbjeglice u sredinama u kojima je masovnim zlo\u010dinima i progonom uspostavljeno nadmo\u0107no u\u010de\u0161\u0107e jednog naroda u ukupnom stanovni\u0161tvu. Pravedno je i zna\u010dajno da se u prijeratnom prebivali\u0161tu popisuje svako ko se \u017eeli vratiti, a iz raznih razloga to jo\u0161 ne mo\u017ee trajno ostvariti. Mi vjerujemo da je to op\u0107e raspolo\u017eenje gra\u0111ana dobre volje u na\u0161oj zemlji, a posebno me\u0111u prognanicima i izbjeglicama u svim zajednicama. I ho\u0107emo da vjerujemo da je to na\u010din da se onemogu\u0107e u svojim namjerama oni koji \u017eele da pomo\u0107u popisa institucionaliziraju i u\u010dine op\u0107eprihvatljivim stanje u bosanskohercegova\u010dkom stanovni\u0161tvu koje je posljedica rata i ratnih zlo\u010dina. Zato pozivamo sve prognanike i izbjeglice, ne samo muslimane i ne samo Bo\u0161njake, da se popisuju u mjestima iz kojih su izbjegli ili su iz njih prognani.<\/p>\n<p>U nadi da \u0107ete razumjeti moju namjeru i molbu, \u017eelim vam svako dobro i Bo\u017eiju milost!<\/p>\n<p>(Rijaset)<\/p>\n","protected":false},"excerpt":{"rendered":"<p>BiH &#8211; Reisu-l-ulema Husein ef. Kavazovi\u0107 u povodu po\u010detka popisa stanovni\u0161tva, u tekstu objavljenom u Dnevnom avazu 01.10.2013. gdoine, uputio je poruku gra\u0111anima Bosne i Hercegovine. Prenosimo tekst u cijelosti: &#8211; Po\u0161tovani, danas \u0107e zapo\u010deti popis stanovni\u0161tva u na\u0161oj zemlji. Kao gra\u0111ani Bosne i Hercegovine, mi smo du\u017eni odazvati se obavezi popisivanja. Na\u0161e izvr\u0161avanje ove [&hellip;]<\/p>\n","protected":false},"author":83,"featured_media":89070,"comment_status":"open","ping_status":"open","sticky":false,"template":"","format":"standard","meta":{"footnotes":""},"categories":[800,2860,8957],"tags":[10232],"class_list":{"0":"post-89069","1":"post","2":"type-post","3":"status-publish","4":"format-standard","5":"has-post-thumbnail","7":"category-nacija","8":"category-bosna-i-hercegovina-gradovi","9":"category-vijesti-dana","10":"tag-reisu-l-uleme-husein-kavazovic"},"yoast_head":"<!-- This site is optimized with the Yoast SEO Premium plugin v23.1 (Yoast SEO v24.9) - https:\/\/yoast.com\/wordpress\/plugins\/seo\/ -->\n<title>Reisu-l-ulema: &#039;Mi, Bo\u0161njaci, re\u0107i \u0107emo da smo Bo\u0161njaci&#039;<\/title>\n<meta name=\"robots\" content=\"index, follow, max-snippet:-1, max-image-preview:large, max-video-preview:-1\" \/>\n<link rel=\"canonical\" href=\"https:\/\/sandzakpress.net\/arhiva\/reisu-l-ulema-mi-bosnjaci-reci-cemo-da-smo-bosnjaci\/\" \/>\n<meta property=\"og:locale\" content=\"bs_BA\" \/>\n<meta property=\"og:type\" content=\"article\" \/>\n<meta property=\"og:title\" content=\"Reisu-l-ulema: &#039;Mi, Bo\u0161njaci, re\u0107i \u0107emo da smo Bo\u0161njaci&#039;\" \/>\n<meta property=\"og:description\" content=\"BiH &#8211; Reisu-l-ulema Husein ef. Kavazovi\u0107 u povodu po\u010detka popisa stanovni\u0161tva, u tekstu objavljenom u Dnevnom avazu 01.10.2013. gdoine, uputio je poruku gra\u0111anima Bosne i Hercegovine. Prenosimo tekst u cijelosti: &#8211; Po\u0161tovani, danas \u0107e zapo\u010deti popis stanovni\u0161tva u na\u0161oj zemlji. Kao gra\u0111ani Bosne i Hercegovine, mi smo du\u017eni odazvati se obavezi popisivanja. Na\u0161e izvr\u0161avanje ove [&hellip;]\" \/>\n<meta property=\"og:url\" content=\"https:\/\/sandzakpress.net\/arhiva\/reisu-l-ulema-mi-bosnjaci-reci-cemo-da-smo-bosnjaci\/\" \/>\n<meta property=\"og:site_name\" content=\"Sand\u017eak PRESS\" \/>\n<meta property=\"article:published_time\" content=\"2013-10-01T15:27:32+00:00\" \/>\n<meta property=\"article:modified_time\" content=\"2013-10-01T15:27:41+00:00\" \/>\n<meta property=\"og:image\" content=\"https:\/\/sandzakpress.net\/arhiva\/wp-content\/uploads\/2013\/10\/reg-kavazovic.jpg\" \/>\n\t<meta property=\"og:image:width\" content=\"616\" \/>\n\t<meta property=\"og:image:height\" content=\"410\" \/>\n\t<meta property=\"og:image:type\" content=\"image\/jpeg\" \/>\n<meta name=\"author\" content=\"bosniak\" \/>\n<meta name=\"twitter:card\" content=\"summary_large_image\" \/>\n<meta name=\"twitter:label1\" content=\"Written by\" \/>\n\t<meta name=\"twitter:data1\" content=\"bosniak\" \/>\n\t<meta name=\"twitter:label2\" content=\"Est. reading time\" \/>\n\t<meta name=\"twitter:data2\" content=\"4 minute\" \/>\n<script type=\"application\/ld+json\" class=\"yoast-schema-graph\">{\"@context\":\"https:\/\/schema.org\",\"@graph\":[{\"@type\":\"Article\",\"@id\":\"https:\/\/sandzakpress.net\/arhiva\/reisu-l-ulema-mi-bosnjaci-reci-cemo-da-smo-bosnjaci\/#article\",\"isPartOf\":{\"@id\":\"https:\/\/sandzakpress.net\/arhiva\/reisu-l-ulema-mi-bosnjaci-reci-cemo-da-smo-bosnjaci\/\"},\"author\":{\"name\":\"bosniak\",\"@id\":\"https:\/\/sandzakpress.net\/arhiva\/#\/schema\/person\/c8baee722073534b583ea7bdb2e36c02\"},\"headline\":\"Reisu-l-ulema: &#8216;Mi, Bo\u0161njaci, re\u0107i \u0107emo da smo Bo\u0161njaci&#8217;\",\"datePublished\":\"2013-10-01T15:27:32+00:00\",\"dateModified\":\"2013-10-01T15:27:41+00:00\",\"mainEntityOfPage\":{\"@id\":\"https:\/\/sandzakpress.net\/arhiva\/reisu-l-ulema-mi-bosnjaci-reci-cemo-da-smo-bosnjaci\/\"},\"wordCount\":759,\"commentCount\":5,\"publisher\":{\"@id\":\"https:\/\/sandzakpress.net\/arhiva\/#\/schema\/person\/6e72b67d6e51910a1117b3b483ba20bd\"},\"image\":{\"@id\":\"https:\/\/sandzakpress.net\/arhiva\/reisu-l-ulema-mi-bosnjaci-reci-cemo-da-smo-bosnjaci\/#primaryimage\"},\"thumbnailUrl\":\"https:\/\/sandzakpress.net\/arhiva\/wp-content\/uploads\/2013\/10\/reg-kavazovic.jpg\",\"keywords\":[\"Reisu-l-uleme Husein Kavazovi\u0107\"],\"articleSection\":[\"Nacija\",\"Bosna i Hercegovina\",\"VIJESTI DANA\"],\"inLanguage\":\"bs-BA\",\"potentialAction\":[{\"@type\":\"CommentAction\",\"name\":\"Comment\",\"target\":[\"https:\/\/sandzakpress.net\/arhiva\/reisu-l-ulema-mi-bosnjaci-reci-cemo-da-smo-bosnjaci\/#respond\"]}]},{\"@type\":\"WebPage\",\"@id\":\"https:\/\/sandzakpress.net\/arhiva\/reisu-l-ulema-mi-bosnjaci-reci-cemo-da-smo-bosnjaci\/\",\"url\":\"https:\/\/sandzakpress.net\/arhiva\/reisu-l-ulema-mi-bosnjaci-reci-cemo-da-smo-bosnjaci\/\",\"name\":\"Reisu-l-ulema: 'Mi, Bo\u0161njaci, re\u0107i \u0107emo da smo Bo\u0161njaci'\",\"isPartOf\":{\"@id\":\"https:\/\/sandzakpress.net\/arhiva\/#website\"},\"primaryImageOfPage\":{\"@id\":\"https:\/\/sandzakpress.net\/arhiva\/reisu-l-ulema-mi-bosnjaci-reci-cemo-da-smo-bosnjaci\/#primaryimage\"},\"image\":{\"@id\":\"https:\/\/sandzakpress.net\/arhiva\/reisu-l-ulema-mi-bosnjaci-reci-cemo-da-smo-bosnjaci\/#primaryimage\"},\"thumbnailUrl\":\"https:\/\/sandzakpress.net\/arhiva\/wp-content\/uploads\/2013\/10\/reg-kavazovic.jpg\",\"datePublished\":\"2013-10-01T15:27:32+00:00\",\"dateModified\":\"2013-10-01T15:27:41+00:00\",\"breadcrumb\":{\"@id\":\"https:\/\/sandzakpress.net\/arhiva\/reisu-l-ulema-mi-bosnjaci-reci-cemo-da-smo-bosnjaci\/#breadcrumb\"},\"inLanguage\":\"bs-BA\",\"potentialAction\":[{\"@type\":\"ReadAction\",\"target\":[\"https:\/\/sandzakpress.net\/arhiva\/reisu-l-ulema-mi-bosnjaci-reci-cemo-da-smo-bosnjaci\/\"]}]},{\"@type\":\"ImageObject\",\"inLanguage\":\"bs-BA\",\"@id\":\"https:\/\/sandzakpress.net\/arhiva\/reisu-l-ulema-mi-bosnjaci-reci-cemo-da-smo-bosnjaci\/#primaryimage\",\"url\":\"https:\/\/sandzakpress.net\/arhiva\/wp-content\/uploads\/2013\/10\/reg-kavazovic.jpg\",\"contentUrl\":\"https:\/\/sandzakpress.net\/arhiva\/wp-content\/uploads\/2013\/10\/reg-kavazovic.jpg\",\"width\":616,\"height\":410},{\"@type\":\"BreadcrumbList\",\"@id\":\"https:\/\/sandzakpress.net\/arhiva\/reisu-l-ulema-mi-bosnjaci-reci-cemo-da-smo-bosnjaci\/#breadcrumb\",\"itemListElement\":[{\"@type\":\"ListItem\",\"position\":1,\"name\":\"Home\",\"item\":\"https:\/\/sandzakpress.net\/arhiva\/\"},{\"@type\":\"ListItem\",\"position\":2,\"name\":\"Reisu-l-ulema: &#8216;Mi, Bo\u0161njaci, re\u0107i \u0107emo da smo Bo\u0161njaci&#8217;\"}]},{\"@type\":\"WebSite\",\"@id\":\"https:\/\/sandzakpress.net\/arhiva\/#website\",\"url\":\"https:\/\/sandzakpress.net\/arhiva\/\",\"name\":\"Sand\u017eak PRESS\",\"description\":\"Prve elektronske novine u Sand\u017eaku\",\"publisher\":{\"@id\":\"https:\/\/sandzakpress.net\/arhiva\/#\/schema\/person\/6e72b67d6e51910a1117b3b483ba20bd\"},\"potentialAction\":[{\"@type\":\"SearchAction\",\"target\":{\"@type\":\"EntryPoint\",\"urlTemplate\":\"https:\/\/sandzakpress.net\/arhiva\/?s={search_term_string}\"},\"query-input\":{\"@type\":\"PropertyValueSpecification\",\"valueRequired\":true,\"valueName\":\"search_term_string\"}}],\"inLanguage\":\"bs-BA\"},{\"@type\":[\"Person\",\"Organization\"],\"@id\":\"https:\/\/sandzakpress.net\/arhiva\/#\/schema\/person\/6e72b67d6e51910a1117b3b483ba20bd\",\"name\":\"Kul\",\"image\":{\"@type\":\"ImageObject\",\"inLanguage\":\"bs-BA\",\"@id\":\"https:\/\/sandzakpress.net\/arhiva\/#\/schema\/person\/image\/\",\"url\":\"https:\/\/secure.gravatar.com\/avatar\/42263f39aa27ac04c43cab85c280eb2e?s=96&d=mm&r=pg\",\"contentUrl\":\"https:\/\/secure.gravatar.com\/avatar\/42263f39aa27ac04c43cab85c280eb2e?s=96&d=mm&r=pg\",\"caption\":\"Kul\"},\"logo\":{\"@id\":\"https:\/\/sandzakpress.net\/arhiva\/#\/schema\/person\/image\/\"}},{\"@type\":\"Person\",\"@id\":\"https:\/\/sandzakpress.net\/arhiva\/#\/schema\/person\/c8baee722073534b583ea7bdb2e36c02\",\"name\":\"bosniak\",\"image\":{\"@type\":\"ImageObject\",\"inLanguage\":\"bs-BA\",\"@id\":\"https:\/\/sandzakpress.net\/arhiva\/#\/schema\/person\/image\/\",\"url\":\"https:\/\/secure.gravatar.com\/avatar\/a04fd330bfe3a36a72a0ad4a6d89fca7?s=96&d=mm&r=pg\",\"contentUrl\":\"https:\/\/secure.gravatar.com\/avatar\/a04fd330bfe3a36a72a0ad4a6d89fca7?s=96&d=mm&r=pg\",\"caption\":\"bosniak\"},\"url\":\"https:\/\/sandzakpress.net\/arhiva\/author\/bosniak\/\"}]}<\/script>\n<!-- \/ Yoast SEO Premium plugin. -->","yoast_head_json":{"title":"Reisu-l-ulema: 'Mi, Bo\u0161njaci, re\u0107i \u0107emo da smo Bo\u0161njaci'","robots":{"index":"index","follow":"follow","max-snippet":"max-snippet:-1","max-image-preview":"max-image-preview:large","max-video-preview":"max-video-preview:-1"},"canonical":"https:\/\/sandzakpress.net\/arhiva\/reisu-l-ulema-mi-bosnjaci-reci-cemo-da-smo-bosnjaci\/","og_locale":"bs_BA","og_type":"article","og_title":"Reisu-l-ulema: 'Mi, Bo\u0161njaci, re\u0107i \u0107emo da smo Bo\u0161njaci'","og_description":"BiH &#8211; Reisu-l-ulema Husein ef. Kavazovi\u0107 u povodu po\u010detka popisa stanovni\u0161tva, u tekstu objavljenom u Dnevnom avazu 01.10.2013. gdoine, uputio je poruku gra\u0111anima Bosne i Hercegovine. Prenosimo tekst u cijelosti: &#8211; Po\u0161tovani, danas \u0107e zapo\u010deti popis stanovni\u0161tva u na\u0161oj zemlji. Kao gra\u0111ani Bosne i Hercegovine, mi smo du\u017eni odazvati se obavezi popisivanja. Na\u0161e izvr\u0161avanje ove [&hellip;]","og_url":"https:\/\/sandzakpress.net\/arhiva\/reisu-l-ulema-mi-bosnjaci-reci-cemo-da-smo-bosnjaci\/","og_site_name":"Sand\u017eak PRESS","article_published_time":"2013-10-01T15:27:32+00:00","article_modified_time":"2013-10-01T15:27:41+00:00","og_image":[{"width":616,"height":410,"url":"https:\/\/sandzakpress.net\/arhiva\/wp-content\/uploads\/2013\/10\/reg-kavazovic.jpg","type":"image\/jpeg"}],"author":"bosniak","twitter_card":"summary_large_image","twitter_misc":{"Written by":"bosniak","Est. reading time":"4 minute"},"schema":{"@context":"https:\/\/schema.org","@graph":[{"@type":"Article","@id":"https:\/\/sandzakpress.net\/arhiva\/reisu-l-ulema-mi-bosnjaci-reci-cemo-da-smo-bosnjaci\/#article","isPartOf":{"@id":"https:\/\/sandzakpress.net\/arhiva\/reisu-l-ulema-mi-bosnjaci-reci-cemo-da-smo-bosnjaci\/"},"author":{"name":"bosniak","@id":"https:\/\/sandzakpress.net\/arhiva\/#\/schema\/person\/c8baee722073534b583ea7bdb2e36c02"},"headline":"Reisu-l-ulema: &#8216;Mi, Bo\u0161njaci, re\u0107i \u0107emo da smo Bo\u0161njaci&#8217;","datePublished":"2013-10-01T15:27:32+00:00","dateModified":"2013-10-01T15:27:41+00:00","mainEntityOfPage":{"@id":"https:\/\/sandzakpress.net\/arhiva\/reisu-l-ulema-mi-bosnjaci-reci-cemo-da-smo-bosnjaci\/"},"wordCount":759,"commentCount":5,"publisher":{"@id":"https:\/\/sandzakpress.net\/arhiva\/#\/schema\/person\/6e72b67d6e51910a1117b3b483ba20bd"},"image":{"@id":"https:\/\/sandzakpress.net\/arhiva\/reisu-l-ulema-mi-bosnjaci-reci-cemo-da-smo-bosnjaci\/#primaryimage"},"thumbnailUrl":"https:\/\/sandzakpress.net\/arhiva\/wp-content\/uploads\/2013\/10\/reg-kavazovic.jpg","keywords":["Reisu-l-uleme Husein Kavazovi\u0107"],"articleSection":["Nacija","Bosna i Hercegovina","VIJESTI DANA"],"inLanguage":"bs-BA","potentialAction":[{"@type":"CommentAction","name":"Comment","target":["https:\/\/sandzakpress.net\/arhiva\/reisu-l-ulema-mi-bosnjaci-reci-cemo-da-smo-bosnjaci\/#respond"]}]},{"@type":"WebPage","@id":"https:\/\/sandzakpress.net\/arhiva\/reisu-l-ulema-mi-bosnjaci-reci-cemo-da-smo-bosnjaci\/","url":"https:\/\/sandzakpress.net\/arhiva\/reisu-l-ulema-mi-bosnjaci-reci-cemo-da-smo-bosnjaci\/","name":"Reisu-l-ulema: 'Mi, Bo\u0161njaci, re\u0107i \u0107emo da smo Bo\u0161njaci'","isPartOf":{"@id":"https:\/\/sandzakpress.net\/arhiva\/#website"},"primaryImageOfPage":{"@id":"https:\/\/sandzakpress.net\/arhiva\/reisu-l-ulema-mi-bosnjaci-reci-cemo-da-smo-bosnjaci\/#primaryimage"},"image":{"@id":"https:\/\/sandzakpress.net\/arhiva\/reisu-l-ulema-mi-bosnjaci-reci-cemo-da-smo-bosnjaci\/#primaryimage"},"thumbnailUrl":"https:\/\/sandzakpress.net\/arhiva\/wp-content\/uploads\/2013\/10\/reg-kavazovic.jpg","datePublished":"2013-10-01T15:27:32+00:00","dateModified":"2013-10-01T15:27:41+00:00","breadcrumb":{"@id":"https:\/\/sandzakpress.net\/arhiva\/reisu-l-ulema-mi-bosnjaci-reci-cemo-da-smo-bosnjaci\/#breadcrumb"},"inLanguage":"bs-BA","potentialAction":[{"@type":"ReadAction","target":["https:\/\/sandzakpress.net\/arhiva\/reisu-l-ulema-mi-bosnjaci-reci-cemo-da-smo-bosnjaci\/"]}]},{"@type":"ImageObject","inLanguage":"bs-BA","@id":"https:\/\/sandzakpress.net\/arhiva\/reisu-l-ulema-mi-bosnjaci-reci-cemo-da-smo-bosnjaci\/#primaryimage","url":"https:\/\/sandzakpress.net\/arhiva\/wp-content\/uploads\/2013\/10\/reg-kavazovic.jpg","contentUrl":"https:\/\/sandzakpress.net\/arhiva\/wp-content\/uploads\/2013\/10\/reg-kavazovic.jpg","width":616,"height":410},{"@type":"BreadcrumbList","@id":"https:\/\/sandzakpress.net\/arhiva\/reisu-l-ulema-mi-bosnjaci-reci-cemo-da-smo-bosnjaci\/#breadcrumb","itemListElement":[{"@type":"ListItem","position":1,"name":"Home","item":"https:\/\/sandzakpress.net\/arhiva\/"},{"@type":"ListItem","position":2,"name":"Reisu-l-ulema: &#8216;Mi, Bo\u0161njaci, re\u0107i \u0107emo da smo Bo\u0161njaci&#8217;"}]},{"@type":"WebSite","@id":"https:\/\/sandzakpress.net\/arhiva\/#website","url":"https:\/\/sandzakpress.net\/arhiva\/","name":"Sand\u017eak PRESS","description":"Prve elektronske novine u Sand\u017eaku","publisher":{"@id":"https:\/\/sandzakpress.net\/arhiva\/#\/schema\/person\/6e72b67d6e51910a1117b3b483ba20bd"},"potentialAction":[{"@type":"SearchAction","target":{"@type":"EntryPoint","urlTemplate":"https:\/\/sandzakpress.net\/arhiva\/?s={search_term_string}"},"query-input":{"@type":"PropertyValueSpecification","valueRequired":true,"valueName":"search_term_string"}}],"inLanguage":"bs-BA"},{"@type":["Person","Organization"],"@id":"https:\/\/sandzakpress.net\/arhiva\/#\/schema\/person\/6e72b67d6e51910a1117b3b483ba20bd","name":"Kul","image":{"@type":"ImageObject","inLanguage":"bs-BA","@id":"https:\/\/sandzakpress.net\/arhiva\/#\/schema\/person\/image\/","url":"https:\/\/secure.gravatar.com\/avatar\/42263f39aa27ac04c43cab85c280eb2e?s=96&d=mm&r=pg","contentUrl":"https:\/\/secure.gravatar.com\/avatar\/42263f39aa27ac04c43cab85c280eb2e?s=96&d=mm&r=pg","caption":"Kul"},"logo":{"@id":"https:\/\/sandzakpress.net\/arhiva\/#\/schema\/person\/image\/"}},{"@type":"Person","@id":"https:\/\/sandzakpress.net\/arhiva\/#\/schema\/person\/c8baee722073534b583ea7bdb2e36c02","name":"bosniak","image":{"@type":"ImageObject","inLanguage":"bs-BA","@id":"https:\/\/sandzakpress.net\/arhiva\/#\/schema\/person\/image\/","url":"https:\/\/secure.gravatar.com\/avatar\/a04fd330bfe3a36a72a0ad4a6d89fca7?s=96&d=mm&r=pg","contentUrl":"https:\/\/secure.gravatar.com\/avatar\/a04fd330bfe3a36a72a0ad4a6d89fca7?s=96&d=mm&r=pg","caption":"bosniak"},"url":"https:\/\/sandzakpress.net\/arhiva\/author\/bosniak\/"}]}},"_links":{"self":[{"href":"https:\/\/sandzakpress.net\/arhiva\/wp-json\/wp\/v2\/posts\/89069"}],"collection":[{"href":"https:\/\/sandzakpress.net\/arhiva\/wp-json\/wp\/v2\/posts"}],"about":[{"href":"https:\/\/sandzakpress.net\/arhiva\/wp-json\/wp\/v2\/types\/post"}],"author":[{"embeddable":true,"href":"https:\/\/sandzakpress.net\/arhiva\/wp-json\/wp\/v2\/users\/83"}],"replies":[{"embeddable":true,"href":"https:\/\/sandzakpress.net\/arhiva\/wp-json\/wp\/v2\/comments?post=89069"}],"version-history":[{"count":0,"href":"https:\/\/sandzakpress.net\/arhiva\/wp-json\/wp\/v2\/posts\/89069\/revisions"}],"wp:featuredmedia":[{"embeddable":true,"href":"https:\/\/sandzakpress.net\/arhiva\/wp-json\/wp\/v2\/media\/89070"}],"wp:attachment":[{"href":"https:\/\/sandzakpress.net\/arhiva\/wp-json\/wp\/v2\/media?parent=89069"}],"wp:term":[{"taxonomy":"category","embeddable":true,"href":"https:\/\/sandzakpress.net\/arhiva\/wp-json\/wp\/v2\/categories?post=89069"},{"taxonomy":"post_tag","embeddable":true,"href":"https:\/\/sandzakpress.net\/arhiva\/wp-json\/wp\/v2\/tags?post=89069"}],"curies":[{"name":"wp","href":"https:\/\/api.w.org\/{rel}","templated":true}]}}