{"id":88987,"date":"2013-09-30T15:22:36","date_gmt":"2013-09-30T13:22:36","guid":{"rendered":"https:\/\/sandzakpress.net\/arhiva\/?p=88987"},"modified":"2013-09-30T15:22:36","modified_gmt":"2013-09-30T13:22:36","slug":"reside-hafizovicu-nas-ne-mozete-zaplasiti","status":"publish","type":"post","link":"https:\/\/sandzakpress.net\/arhiva\/reside-hafizovicu-nas-ne-mozete-zaplasiti\/","title":{"rendered":"Re\u0161ide Hafizovi\u0107u, nas ne mo\u017eete zapla\u0161iti"},"content":{"rendered":"<p><img decoding=\"async\" alt=\"reso haf\" src=\"http:\/\/saff.ba\/images\/slike\/reso_haf.JPG\" \/><\/p>\n<p>Kona\u010dno, progovori i Re\u0161id Hafizovi\u0107. Kako smo i o\u010dekivali, Re\u0161id Hafizovi\u0107 je drugarici Vildani Selimbegovi\u0107 dao \u201e kilometarski&#8221; intervju u listu Oslobo\u0111enje. Glavni likovi Hafizovi\u0107evog intervjua o\u010dekivano su Saff, odnosno novinari magazina Saff i biv\u0161i reis dr. Mustafa efendija Ceri\u0107.<\/p>\n<p>Moramo priznati da nas je Re\u0161id Hafizovi\u0107 ovim intervjuom potpuno razo\u010darao. Od njega, kao uglednog profesora uticajnog islamskog fakulteta, kao \u010dovjeka koji druge ljude u\u010di islamu, o\u010dekivali smo da nas postidi svojim lijepim i dostojanstvenim islamskim pona\u0161anjem. O\u010dekivali smo profesorske argumente, dokaze da on nije propagator \u0161iizma. U njegovom govoru tra\u017eili smo toplu ljudsku rije\u010d, savjet, pouku, pa i opro\u0161taj. Na\u017ealost, sve \u0161to smo dobili od Re\u0161ida Hafizovi\u0107a je mr\u017enja, poziv na lin\u010d, gnusna la\u017e i prijetnje. Nije se zaustavio na navedenom prosipanju bijesa, na nas je bacio i svoj stav, odnosno na svoj na\u010din je krajnje nedopustivo proglasio novinare Saffa nemuslimanima. Ovako govori profesor islama Hafizovi\u0107 o drugim muslimanima. \u201ePseudonovina koju ta bratija pripravlja i nije ni\u0161ta drugo ve\u0107 dugogodi\u0161nje leglo potencijalnih katila koji ve\u0107ma gube strpljenje \u0161to se ova zemlja, najzad, ne pretvara u novi Irak, Afganistan ili Siriju, pa da i sami, po uzoru na &#8216;svoju bra\u0107u po duhu&#8217;, to jest po uzoru na one Ded\u017ealove juri\u0161nike koji \u010dak i u Ramazanu liju muslimansku krv diljem muslimanskog svijeta, zapo\u010dnu krvavi pir unutar bo\u0161nja\u010dkog nacionalnog korpusa&#8221;, \u201eOvi ljudi &#8230; iz svog pomenutog ideolo\u0161kog brloga &#8230; jesu ljudi veoma kvarnoga morala i krajnje opasnih namjera&#8221;. U nastavku Hafizovi\u0107 nam \u010dak podme\u0107e i terorizam. \u201eDepresivnu i militantnu interpretaciju islama koja bezmalo grani\u010di sa terorizmom&#8221;, \u201eNjima nije dovoljna kur'anska Objava&#8221;, \u201eOni su nesretni &#8230; jer su navikli prolijevati muslimansku krv i(te\u0161ka je ovo potvora i optu\u017eba gospodine Hafizovi\u0107u, za ove la\u017ei odgovarat \u0107ete pred Allahom na Sudnjem danu), kao tajno oru\u017eje politi\u010dkih centara mo\u0107i sa Zapada i politi\u010dke vrhu\u0161ke iz kolijevke islama, spremni su slu\u017eiti samo njima znanim ciljevima i svrhama, uglibljuju\u0107i muslimanski svijet u \u017eivi pijesak mezhepskih podjela, razdora i klanja&#8221;. Sve ove grozne rije\u010di Re\u0161id Hafizovi\u0107 sasuo je na nas samo zbog toga \u0161to smo napisali tekst u kojem smo ga pozvali da ne propagira \u0161iizam.<\/p>\n<p>Saff \u0107e i dalje ostati dosljedan svoje misije odbrane jedinstva muslimana u BiH, odbrane na\u0161e Islamske zajednice, tradicije, ne\u0107emo \u017ealiti truda niti \u0107e nas bilo ko obeshrabriti da se suprostavimo onima koji, koriste\u0107i se autoritetom Islamske zajednice, poku\u0161avaju podmetnuti \u0161iizam Bo\u0161njacima. Gospodine Hafizovi\u0107u, nas ne mo\u017eete zapla\u0161iti. Na\u0161a srca mo\u017eete pridobiti lijepim islamskim odnosom, jednom obi\u010dnom toplom muslimankom gestom ( nikada niste rekli nijednu lijepu rije\u010d o nama, godinama izgovarate iste rije\u010di mr\u017enje, psujete i pljujete po nama).<\/p>\n<p>Ali, kao \u0161to stoji u predanju: \u201eLjubav se naslje\u0111uje, a i mr\u017enja se naslje\u0111uje.&#8221;<\/p>\n<p>P.S. Re\u0161id Hafizovi\u0107 u spomenuto intervjuu nije \u0161tedio na mr\u017enji i uvredama i prema drugim muslimanima. Posebno se posvetio biv\u0161em reisu dr. Mustafi ef. Ceri\u0107u. Nazvao ga je bolesno sujetnim, \u201eNemjerljiva je njegova uloga u dijeljenju i zava\u0111anju Bo\u0161njaka&#8230; bio je majstor fitne i toliko je \u0161tete iza sebe ostavio da aktuelnom reisu treba pola mandata kako bi samo stvari vratio tamo gdje im je mjesto&#8230; zarad bolesne sujete i nevi\u0111ene posesivnosti njegove osobe, da Bo\u0161njake i njihovu cjelokupnu ba\u0161tinu svede na privatnu pr\u0107iju&#8221;.<\/p>\n<p>Autor: Magazin Saff<\/p>\n","protected":false},"excerpt":{"rendered":"<p>Saff<\/p>\n","protected":false},"author":83,"featured_media":88988,"comment_status":"open","ping_status":"open","sticky":false,"template":"","format":"standard","meta":{"footnotes":""},"categories":[2860,10196],"tags":[10203],"class_list":{"0":"post-88987","1":"post","2":"type-post","3":"status-publish","4":"format-standard","5":"has-post-thumbnail","7":"category-bosna-i-hercegovina-gradovi","8":"category-iz-pera-nasih-autora","9":"tag-sije"},"yoast_head":"<!-- This site is optimized with the Yoast SEO Premium plugin v23.1 (Yoast SEO v24.9) - https:\/\/yoast.com\/wordpress\/plugins\/seo\/ -->\n<title>Re\u0161ide Hafizovi\u0107u, nas ne mo\u017eete zapla\u0161iti<\/title>\n<meta name=\"robots\" content=\"index, follow, max-snippet:-1, max-image-preview:large, max-video-preview:-1\" \/>\n<link rel=\"canonical\" href=\"https:\/\/sandzakpress.net\/arhiva\/reside-hafizovicu-nas-ne-mozete-zaplasiti\/\" \/>\n<meta property=\"og:locale\" content=\"bs_BA\" \/>\n<meta property=\"og:type\" content=\"article\" \/>\n<meta property=\"og:title\" content=\"Re\u0161ide Hafizovi\u0107u, nas ne mo\u017eete zapla\u0161iti\" \/>\n<meta property=\"og:description\" content=\"Saff\" \/>\n<meta property=\"og:url\" content=\"https:\/\/sandzakpress.net\/arhiva\/reside-hafizovicu-nas-ne-mozete-zaplasiti\/\" \/>\n<meta property=\"og:site_name\" content=\"Sand\u017eak PRESS\" \/>\n<meta property=\"article:published_time\" content=\"2013-09-30T13:22:36+00:00\" \/>\n<meta property=\"og:image\" content=\"https:\/\/sandzakpress.net\/arhiva\/wp-content\/uploads\/2013\/09\/reso_haf.jpg\" \/>\n\t<meta property=\"og:image:width\" content=\"580\" \/>\n\t<meta property=\"og:image:height\" content=\"377\" \/>\n\t<meta property=\"og:image:type\" content=\"image\/jpeg\" \/>\n<meta name=\"author\" content=\"bosniak\" \/>\n<meta name=\"twitter:card\" content=\"summary_large_image\" \/>\n<meta name=\"twitter:label1\" content=\"Written by\" \/>\n\t<meta name=\"twitter:data1\" content=\"bosniak\" \/>\n\t<meta name=\"twitter:label2\" content=\"Est. reading time\" \/>\n\t<meta name=\"twitter:data2\" content=\"3 minute\" \/>\n<script type=\"application\/ld+json\" class=\"yoast-schema-graph\">{\"@context\":\"https:\/\/schema.org\",\"@graph\":[{\"@type\":\"Article\",\"@id\":\"https:\/\/sandzakpress.net\/arhiva\/reside-hafizovicu-nas-ne-mozete-zaplasiti\/#article\",\"isPartOf\":{\"@id\":\"https:\/\/sandzakpress.net\/arhiva\/reside-hafizovicu-nas-ne-mozete-zaplasiti\/\"},\"author\":{\"name\":\"bosniak\",\"@id\":\"https:\/\/sandzakpress.net\/arhiva\/#\/schema\/person\/c8baee722073534b583ea7bdb2e36c02\"},\"headline\":\"Re\u0161ide Hafizovi\u0107u, nas ne mo\u017eete zapla\u0161iti\",\"datePublished\":\"2013-09-30T13:22:36+00:00\",\"mainEntityOfPage\":{\"@id\":\"https:\/\/sandzakpress.net\/arhiva\/reside-hafizovicu-nas-ne-mozete-zaplasiti\/\"},\"wordCount\":606,\"commentCount\":13,\"publisher\":{\"@id\":\"https:\/\/sandzakpress.net\/arhiva\/#\/schema\/person\/6e72b67d6e51910a1117b3b483ba20bd\"},\"image\":{\"@id\":\"https:\/\/sandzakpress.net\/arhiva\/reside-hafizovicu-nas-ne-mozete-zaplasiti\/#primaryimage\"},\"thumbnailUrl\":\"https:\/\/sandzakpress.net\/arhiva\/wp-content\/uploads\/2013\/09\/reso_haf.jpg\",\"keywords\":[\"\u0160ije\"],\"articleSection\":[\"Bosna i Hercegovina\",\"Iz pera na\u0161ih autora\"],\"inLanguage\":\"bs-BA\",\"potentialAction\":[{\"@type\":\"CommentAction\",\"name\":\"Comment\",\"target\":[\"https:\/\/sandzakpress.net\/arhiva\/reside-hafizovicu-nas-ne-mozete-zaplasiti\/#respond\"]}]},{\"@type\":\"WebPage\",\"@id\":\"https:\/\/sandzakpress.net\/arhiva\/reside-hafizovicu-nas-ne-mozete-zaplasiti\/\",\"url\":\"https:\/\/sandzakpress.net\/arhiva\/reside-hafizovicu-nas-ne-mozete-zaplasiti\/\",\"name\":\"Re\u0161ide Hafizovi\u0107u, nas ne mo\u017eete zapla\u0161iti\",\"isPartOf\":{\"@id\":\"https:\/\/sandzakpress.net\/arhiva\/#website\"},\"primaryImageOfPage\":{\"@id\":\"https:\/\/sandzakpress.net\/arhiva\/reside-hafizovicu-nas-ne-mozete-zaplasiti\/#primaryimage\"},\"image\":{\"@id\":\"https:\/\/sandzakpress.net\/arhiva\/reside-hafizovicu-nas-ne-mozete-zaplasiti\/#primaryimage\"},\"thumbnailUrl\":\"https:\/\/sandzakpress.net\/arhiva\/wp-content\/uploads\/2013\/09\/reso_haf.jpg\",\"datePublished\":\"2013-09-30T13:22:36+00:00\",\"breadcrumb\":{\"@id\":\"https:\/\/sandzakpress.net\/arhiva\/reside-hafizovicu-nas-ne-mozete-zaplasiti\/#breadcrumb\"},\"inLanguage\":\"bs-BA\",\"potentialAction\":[{\"@type\":\"ReadAction\",\"target\":[\"https:\/\/sandzakpress.net\/arhiva\/reside-hafizovicu-nas-ne-mozete-zaplasiti\/\"]}]},{\"@type\":\"ImageObject\",\"inLanguage\":\"bs-BA\",\"@id\":\"https:\/\/sandzakpress.net\/arhiva\/reside-hafizovicu-nas-ne-mozete-zaplasiti\/#primaryimage\",\"url\":\"https:\/\/sandzakpress.net\/arhiva\/wp-content\/uploads\/2013\/09\/reso_haf.jpg\",\"contentUrl\":\"https:\/\/sandzakpress.net\/arhiva\/wp-content\/uploads\/2013\/09\/reso_haf.jpg\",\"width\":580,\"height\":377},{\"@type\":\"BreadcrumbList\",\"@id\":\"https:\/\/sandzakpress.net\/arhiva\/reside-hafizovicu-nas-ne-mozete-zaplasiti\/#breadcrumb\",\"itemListElement\":[{\"@type\":\"ListItem\",\"position\":1,\"name\":\"Home\",\"item\":\"https:\/\/sandzakpress.net\/arhiva\/\"},{\"@type\":\"ListItem\",\"position\":2,\"name\":\"Re\u0161ide Hafizovi\u0107u, nas ne mo\u017eete zapla\u0161iti\"}]},{\"@type\":\"WebSite\",\"@id\":\"https:\/\/sandzakpress.net\/arhiva\/#website\",\"url\":\"https:\/\/sandzakpress.net\/arhiva\/\",\"name\":\"Sand\u017eak PRESS\",\"description\":\"Prve elektronske novine u Sand\u017eaku\",\"publisher\":{\"@id\":\"https:\/\/sandzakpress.net\/arhiva\/#\/schema\/person\/6e72b67d6e51910a1117b3b483ba20bd\"},\"potentialAction\":[{\"@type\":\"SearchAction\",\"target\":{\"@type\":\"EntryPoint\",\"urlTemplate\":\"https:\/\/sandzakpress.net\/arhiva\/?s={search_term_string}\"},\"query-input\":{\"@type\":\"PropertyValueSpecification\",\"valueRequired\":true,\"valueName\":\"search_term_string\"}}],\"inLanguage\":\"bs-BA\"},{\"@type\":[\"Person\",\"Organization\"],\"@id\":\"https:\/\/sandzakpress.net\/arhiva\/#\/schema\/person\/6e72b67d6e51910a1117b3b483ba20bd\",\"name\":\"Kul\",\"image\":{\"@type\":\"ImageObject\",\"inLanguage\":\"bs-BA\",\"@id\":\"https:\/\/sandzakpress.net\/arhiva\/#\/schema\/person\/image\/\",\"url\":\"https:\/\/secure.gravatar.com\/avatar\/42263f39aa27ac04c43cab85c280eb2e?s=96&d=mm&r=pg\",\"contentUrl\":\"https:\/\/secure.gravatar.com\/avatar\/42263f39aa27ac04c43cab85c280eb2e?s=96&d=mm&r=pg\",\"caption\":\"Kul\"},\"logo\":{\"@id\":\"https:\/\/sandzakpress.net\/arhiva\/#\/schema\/person\/image\/\"}},{\"@type\":\"Person\",\"@id\":\"https:\/\/sandzakpress.net\/arhiva\/#\/schema\/person\/c8baee722073534b583ea7bdb2e36c02\",\"name\":\"bosniak\",\"image\":{\"@type\":\"ImageObject\",\"inLanguage\":\"bs-BA\",\"@id\":\"https:\/\/sandzakpress.net\/arhiva\/#\/schema\/person\/image\/\",\"url\":\"https:\/\/secure.gravatar.com\/avatar\/a04fd330bfe3a36a72a0ad4a6d89fca7?s=96&d=mm&r=pg\",\"contentUrl\":\"https:\/\/secure.gravatar.com\/avatar\/a04fd330bfe3a36a72a0ad4a6d89fca7?s=96&d=mm&r=pg\",\"caption\":\"bosniak\"},\"url\":\"https:\/\/sandzakpress.net\/arhiva\/author\/bosniak\/\"}]}<\/script>\n<!-- \/ Yoast SEO Premium plugin. -->","yoast_head_json":{"title":"Re\u0161ide Hafizovi\u0107u, nas ne mo\u017eete zapla\u0161iti","robots":{"index":"index","follow":"follow","max-snippet":"max-snippet:-1","max-image-preview":"max-image-preview:large","max-video-preview":"max-video-preview:-1"},"canonical":"https:\/\/sandzakpress.net\/arhiva\/reside-hafizovicu-nas-ne-mozete-zaplasiti\/","og_locale":"bs_BA","og_type":"article","og_title":"Re\u0161ide Hafizovi\u0107u, nas ne mo\u017eete zapla\u0161iti","og_description":"Saff","og_url":"https:\/\/sandzakpress.net\/arhiva\/reside-hafizovicu-nas-ne-mozete-zaplasiti\/","og_site_name":"Sand\u017eak PRESS","article_published_time":"2013-09-30T13:22:36+00:00","og_image":[{"width":580,"height":377,"url":"https:\/\/sandzakpress.net\/arhiva\/wp-content\/uploads\/2013\/09\/reso_haf.jpg","type":"image\/jpeg"}],"author":"bosniak","twitter_card":"summary_large_image","twitter_misc":{"Written by":"bosniak","Est. reading time":"3 minute"},"schema":{"@context":"https:\/\/schema.org","@graph":[{"@type":"Article","@id":"https:\/\/sandzakpress.net\/arhiva\/reside-hafizovicu-nas-ne-mozete-zaplasiti\/#article","isPartOf":{"@id":"https:\/\/sandzakpress.net\/arhiva\/reside-hafizovicu-nas-ne-mozete-zaplasiti\/"},"author":{"name":"bosniak","@id":"https:\/\/sandzakpress.net\/arhiva\/#\/schema\/person\/c8baee722073534b583ea7bdb2e36c02"},"headline":"Re\u0161ide Hafizovi\u0107u, nas ne mo\u017eete zapla\u0161iti","datePublished":"2013-09-30T13:22:36+00:00","mainEntityOfPage":{"@id":"https:\/\/sandzakpress.net\/arhiva\/reside-hafizovicu-nas-ne-mozete-zaplasiti\/"},"wordCount":606,"commentCount":13,"publisher":{"@id":"https:\/\/sandzakpress.net\/arhiva\/#\/schema\/person\/6e72b67d6e51910a1117b3b483ba20bd"},"image":{"@id":"https:\/\/sandzakpress.net\/arhiva\/reside-hafizovicu-nas-ne-mozete-zaplasiti\/#primaryimage"},"thumbnailUrl":"https:\/\/sandzakpress.net\/arhiva\/wp-content\/uploads\/2013\/09\/reso_haf.jpg","keywords":["\u0160ije"],"articleSection":["Bosna i Hercegovina","Iz pera na\u0161ih autora"],"inLanguage":"bs-BA","potentialAction":[{"@type":"CommentAction","name":"Comment","target":["https:\/\/sandzakpress.net\/arhiva\/reside-hafizovicu-nas-ne-mozete-zaplasiti\/#respond"]}]},{"@type":"WebPage","@id":"https:\/\/sandzakpress.net\/arhiva\/reside-hafizovicu-nas-ne-mozete-zaplasiti\/","url":"https:\/\/sandzakpress.net\/arhiva\/reside-hafizovicu-nas-ne-mozete-zaplasiti\/","name":"Re\u0161ide Hafizovi\u0107u, nas ne mo\u017eete zapla\u0161iti","isPartOf":{"@id":"https:\/\/sandzakpress.net\/arhiva\/#website"},"primaryImageOfPage":{"@id":"https:\/\/sandzakpress.net\/arhiva\/reside-hafizovicu-nas-ne-mozete-zaplasiti\/#primaryimage"},"image":{"@id":"https:\/\/sandzakpress.net\/arhiva\/reside-hafizovicu-nas-ne-mozete-zaplasiti\/#primaryimage"},"thumbnailUrl":"https:\/\/sandzakpress.net\/arhiva\/wp-content\/uploads\/2013\/09\/reso_haf.jpg","datePublished":"2013-09-30T13:22:36+00:00","breadcrumb":{"@id":"https:\/\/sandzakpress.net\/arhiva\/reside-hafizovicu-nas-ne-mozete-zaplasiti\/#breadcrumb"},"inLanguage":"bs-BA","potentialAction":[{"@type":"ReadAction","target":["https:\/\/sandzakpress.net\/arhiva\/reside-hafizovicu-nas-ne-mozete-zaplasiti\/"]}]},{"@type":"ImageObject","inLanguage":"bs-BA","@id":"https:\/\/sandzakpress.net\/arhiva\/reside-hafizovicu-nas-ne-mozete-zaplasiti\/#primaryimage","url":"https:\/\/sandzakpress.net\/arhiva\/wp-content\/uploads\/2013\/09\/reso_haf.jpg","contentUrl":"https:\/\/sandzakpress.net\/arhiva\/wp-content\/uploads\/2013\/09\/reso_haf.jpg","width":580,"height":377},{"@type":"BreadcrumbList","@id":"https:\/\/sandzakpress.net\/arhiva\/reside-hafizovicu-nas-ne-mozete-zaplasiti\/#breadcrumb","itemListElement":[{"@type":"ListItem","position":1,"name":"Home","item":"https:\/\/sandzakpress.net\/arhiva\/"},{"@type":"ListItem","position":2,"name":"Re\u0161ide Hafizovi\u0107u, nas ne mo\u017eete zapla\u0161iti"}]},{"@type":"WebSite","@id":"https:\/\/sandzakpress.net\/arhiva\/#website","url":"https:\/\/sandzakpress.net\/arhiva\/","name":"Sand\u017eak PRESS","description":"Prve elektronske novine u Sand\u017eaku","publisher":{"@id":"https:\/\/sandzakpress.net\/arhiva\/#\/schema\/person\/6e72b67d6e51910a1117b3b483ba20bd"},"potentialAction":[{"@type":"SearchAction","target":{"@type":"EntryPoint","urlTemplate":"https:\/\/sandzakpress.net\/arhiva\/?s={search_term_string}"},"query-input":{"@type":"PropertyValueSpecification","valueRequired":true,"valueName":"search_term_string"}}],"inLanguage":"bs-BA"},{"@type":["Person","Organization"],"@id":"https:\/\/sandzakpress.net\/arhiva\/#\/schema\/person\/6e72b67d6e51910a1117b3b483ba20bd","name":"Kul","image":{"@type":"ImageObject","inLanguage":"bs-BA","@id":"https:\/\/sandzakpress.net\/arhiva\/#\/schema\/person\/image\/","url":"https:\/\/secure.gravatar.com\/avatar\/42263f39aa27ac04c43cab85c280eb2e?s=96&d=mm&r=pg","contentUrl":"https:\/\/secure.gravatar.com\/avatar\/42263f39aa27ac04c43cab85c280eb2e?s=96&d=mm&r=pg","caption":"Kul"},"logo":{"@id":"https:\/\/sandzakpress.net\/arhiva\/#\/schema\/person\/image\/"}},{"@type":"Person","@id":"https:\/\/sandzakpress.net\/arhiva\/#\/schema\/person\/c8baee722073534b583ea7bdb2e36c02","name":"bosniak","image":{"@type":"ImageObject","inLanguage":"bs-BA","@id":"https:\/\/sandzakpress.net\/arhiva\/#\/schema\/person\/image\/","url":"https:\/\/secure.gravatar.com\/avatar\/a04fd330bfe3a36a72a0ad4a6d89fca7?s=96&d=mm&r=pg","contentUrl":"https:\/\/secure.gravatar.com\/avatar\/a04fd330bfe3a36a72a0ad4a6d89fca7?s=96&d=mm&r=pg","caption":"bosniak"},"url":"https:\/\/sandzakpress.net\/arhiva\/author\/bosniak\/"}]}},"_links":{"self":[{"href":"https:\/\/sandzakpress.net\/arhiva\/wp-json\/wp\/v2\/posts\/88987"}],"collection":[{"href":"https:\/\/sandzakpress.net\/arhiva\/wp-json\/wp\/v2\/posts"}],"about":[{"href":"https:\/\/sandzakpress.net\/arhiva\/wp-json\/wp\/v2\/types\/post"}],"author":[{"embeddable":true,"href":"https:\/\/sandzakpress.net\/arhiva\/wp-json\/wp\/v2\/users\/83"}],"replies":[{"embeddable":true,"href":"https:\/\/sandzakpress.net\/arhiva\/wp-json\/wp\/v2\/comments?post=88987"}],"version-history":[{"count":0,"href":"https:\/\/sandzakpress.net\/arhiva\/wp-json\/wp\/v2\/posts\/88987\/revisions"}],"wp:featuredmedia":[{"embeddable":true,"href":"https:\/\/sandzakpress.net\/arhiva\/wp-json\/wp\/v2\/media\/88988"}],"wp:attachment":[{"href":"https:\/\/sandzakpress.net\/arhiva\/wp-json\/wp\/v2\/media?parent=88987"}],"wp:term":[{"taxonomy":"category","embeddable":true,"href":"https:\/\/sandzakpress.net\/arhiva\/wp-json\/wp\/v2\/categories?post=88987"},{"taxonomy":"post_tag","embeddable":true,"href":"https:\/\/sandzakpress.net\/arhiva\/wp-json\/wp\/v2\/tags?post=88987"}],"curies":[{"name":"wp","href":"https:\/\/api.w.org\/{rel}","templated":true}]}}