{"id":88858,"date":"2013-09-28T23:43:37","date_gmt":"2013-09-28T21:43:37","guid":{"rendered":"https:\/\/sandzakpress.net\/arhiva\/?p=88858"},"modified":"2013-09-28T23:45:38","modified_gmt":"2013-09-28T21:45:38","slug":"dacic-parada-ponosa-zabranjena-zbog-bezbednosti","status":"publish","type":"post","link":"https:\/\/sandzakpress.net\/arhiva\/dacic-parada-ponosa-zabranjena-zbog-bezbednosti\/","title":{"rendered":"Da\u010di\u0107: Parada ponosa zabranjena zbog bezbednosti"},"content":{"rendered":"<p><strong><a href=\"https:\/\/sandzakpress.net\/arhiva\/wp-content\/uploads\/2013\/09\/332347_parada-ponosa-01fonetfoto-fonetnenad-orevi_f.jpg\"><img loading=\"lazy\" decoding=\"async\" class=\"alignleft size-medium wp-image-88859\" alt=\"332347_parada-ponosa-01fonetfoto-fonetnenad-orevi_f\" src=\"https:\/\/sandzakpress.net\/arhiva\/wp-content\/uploads\/2013\/09\/332347_parada-ponosa-01fonetfoto-fonetnenad-orevi_f-300x172.jpg\" width=\"300\" height=\"172\" \/><\/a>Srbija &#8211; Kako &#8220;Blic&#8221; nezvani\u010dno saznaje, na sjednici Biroa za koordinaciju slu\u017ebe bezbijednosti jednoglasno je odlu\u010deno da Parade ponosa ne\u0107e biti.<\/strong><\/p>\n<p>Na pro\u0161irenoj sjednici, na osnovu bezbednosnih procjena, u po\u010detku je \u0161est \u010dlanova za, a \u0161est protiv odr\u017eavanja Parade ponosa. Sjednica je po\u010delane\u0161to malo posle 16 sati i upravo je zavr\u0161ena. \u010cekalo se da premijer Srbije Ivica Da\u010di\u0107 prekine posjetu Gr\u010dkoj i do\u0111e na sastanak.<\/p>\n<p>Iza zatvorenih su, izme\u0111u ostalih, ve\u0107ali Milorad Veljovi\u0107, direktor policije, Ivica Ton\u010dev, savjetnik premijera za nacionalnu bezbijednost, Aleksandar Vu\u010di\u0107, prvi potpredsjednik Vlade, Miljko Radisavljevi\u0107, specijalni tu\u017eilac i Zagorka Dolovac, republi\u010dki tu\u017eilac. Posljednji je stigao Da\u010di\u0107.<\/p>\n<p>&#8211; Ovo je jedna veoma lo\u0161a vijest koja je dokazala da se u Srbiji ne po\u0161tuju osnovna ljudska prava. Ne razumem za\u0161to bi skup gra\u0111ana koji su \u017eeleli mirno da pro\u0161etaju gradom toliko nekome smetao. Srbija je tako\u0111e propustila priliku da dobije neke bitne i pozitivne poene kod Evrope, a samim tim su i gra\u0111ani na gubitku. Svi su na gubitku, samo je \u0161a\u010dica huligana na dobitku jer su dokazali da ve\u0107 tre\u0107u godinu za redom mogu da nare\u0111uju \u0161ta mo\u017ee a \u0161ta ne mo\u017ee u dr\u017eavi. \u2013 rekao je Goran Mileti\u0107, \u010dlan organizacionog odbora Parade.<\/p>\n<p>&nbsp;<\/p>\n<h2><strong>Da\u010di\u0107: Zabranjeni svi skupovi zbog bezbijednosti<\/strong><\/h2>\n<p>&nbsp;<\/p>\n<p>Premijer Srbije Ivica Da\u010di\u0107 izjavio je ve\u010deras za RTS da je takva odluka donijeta prije svega iz bezbednosnih razloga i dodao da \u0107e biti zabranjeni svi skupovi koji su bili zakazani za sutra.<br \/>\nOn je rekao da se ne dovodi u pitanje politi\u010dko opredeljenje zemlje da se po\u0161tuju prava svih gra\u0111ana, ali da je va\u017enija od toga njihova bezbednost, zbog \u010dega je Biro i odlu\u010dio da Parada ponosa sutra ne bude odr\u017eana.<\/p>\n<p>&#8220;Bezbednosne procjene su govorile da postoji ozbiljna pretnja da mo\u017ee do\u0107i do ugro\u017eavanje \u017eivota ljudi. Bez ikakvih politi\u010dkih konotacija, donijeta je jedinstvena odluka da se svi skupovi zakazani za sutra zabrane&#8221;, kazao je Da\u010di\u0107 i istakao da je odluka donijeta isklju\u010divo na osnovu procjene bezbednosti.<\/p>\n<p>On je kazao da se priklju\u010dio sastanku Biroa za koordinaciju slu\u017ebi bezbednosti, iako nije \u010dlan tog tijela, kao i da je odluka donijeta jednoglasno.<\/p>\n<p>Sjednici Biroa, kome je predsedavao \u0161ef tog tela i prvi potpredsjednik Vlade Aleksandar Vu\u010di\u0107, prisustvovali su \u0161efovi bezbednosnih slu\u017ebi i predstavnici policije i tu\u017eila\u0161tva.<\/p>\n<p>&#8220;Nesumnjivo da ima dosta onih koji misle da bi bilo dobro, naro\u010dito zbog evropskih integracija, da ode ta slika da je Parada odr\u017eana. S druge strane, postavlja se pitanje \u0161ta ako odu druga\u010dije slike, \u0161ta ako padne ljudski \u017eivot&#8221;, upitao se premijer.<\/p>\n<p>On je kazao da bi &#8220;cijena bila visoka&#8221; ako bi do\u0161lo do stvaranja &#8220;atmosfere haosa u dru\u0161tvu&#8221;, kao prilikom Parade ponosa 2010. godine. Da\u010di\u0107 je rekao da o\u010dekuje da \u0107e sve reakcije na neodr\u017eavanje Parade biti negativne, ali je istakao da od skupa ne treba praviti &#8220;politi\u010dki spektakl&#8221;.<\/p>\n<p>&#8220;Jo\u0161 treba sa\u010dekati. Sigurno \u0107e do\u0107i te teme na dnevni red, ali sada su bezbednost i sigurnost na prvom mjestu&#8221;, kazao je premijer i dodao da bi za slede\u0107u godinu trebalo sprovesti &#8220;politi\u010dku akciju&#8221; da bi Parada ponosa pro\u0161la &#8220;bez problema&#8221;.<\/p>\n<p>Parada ponosa bila je zakazana za subotu, 28. septembra, u beogradskom<br \/>\nparku Manje\u017e, a bilo je najavljeno da \u0107e povorku \u010duvati 6.500 policajaca.<\/p>\n<p>Protiv odr\u017eavanja Parade danas je protestovalo oko hiljadu pristalica pokreta Dveri, kao i grupa od oko 200 gradjana koje je policija zaustavila u Ulici kralja Milana.<\/p>\n<p>U me\u0111uvremenu su se oglasile i Dveri koje su najavile <a href=\"http:\/\/www.blic.rs\/Vesti\/Drustvo\/408303\/Obradovic-Dveri-sutra-ispred-Vlade-bez-obzira-na-zabrane\" target=\"_blank\">da \u0107e sutra biti ispred Vlade bez obzira na zabrane za odr\u017eavanje skupova.<\/a><\/p>\n<p>(blic)<\/p>\n","protected":false},"excerpt":{"rendered":"<p>Srbija &#8211; Kako &#8220;Blic&#8221; nezvani\u010dno saznaje, na sjednici Biroa za koordinaciju slu\u017ebe bezbijednosti jednoglasno je odlu\u010deno da Parade ponosa ne\u0107e biti. Na pro\u0161irenoj sjednici, na osnovu bezbednosnih procjena, u po\u010detku je \u0161est \u010dlanova za, a \u0161est protiv odr\u017eavanja Parade ponosa. Sjednica je po\u010delane\u0161to malo posle 16 sati i upravo je zavr\u0161ena. \u010cekalo se da premijer [&hellip;]<\/p>\n","protected":false},"author":83,"featured_media":88860,"comment_status":"open","ping_status":"open","sticky":false,"template":"","format":"standard","meta":{"footnotes":""},"categories":[10307],"tags":[],"class_list":{"0":"post-88858","1":"post","2":"type-post","3":"status-publish","4":"format-standard","5":"has-post-thumbnail","7":"category-srbija"},"yoast_head":"<!-- This site is optimized with the Yoast SEO Premium plugin v23.1 (Yoast SEO v24.9) - https:\/\/yoast.com\/wordpress\/plugins\/seo\/ -->\n<title>Da\u010di\u0107: Parada ponosa zabranjena zbog bezbednosti<\/title>\n<meta name=\"robots\" content=\"index, follow, max-snippet:-1, max-image-preview:large, max-video-preview:-1\" \/>\n<link rel=\"canonical\" href=\"https:\/\/sandzakpress.net\/arhiva\/dacic-parada-ponosa-zabranjena-zbog-bezbednosti\/\" \/>\n<meta property=\"og:locale\" content=\"bs_BA\" \/>\n<meta property=\"og:type\" content=\"article\" \/>\n<meta property=\"og:title\" content=\"Da\u010di\u0107: Parada ponosa zabranjena zbog bezbednosti\" \/>\n<meta property=\"og:description\" content=\"Srbija &#8211; Kako &#8220;Blic&#8221; nezvani\u010dno saznaje, na sjednici Biroa za koordinaciju slu\u017ebe bezbijednosti jednoglasno je odlu\u010deno da Parade ponosa ne\u0107e biti. Na pro\u0161irenoj sjednici, na osnovu bezbednosnih procjena, u po\u010detku je \u0161est \u010dlanova za, a \u0161est protiv odr\u017eavanja Parade ponosa. Sjednica je po\u010delane\u0161to malo posle 16 sati i upravo je zavr\u0161ena. \u010cekalo se da premijer [&hellip;]\" \/>\n<meta property=\"og:url\" content=\"https:\/\/sandzakpress.net\/arhiva\/dacic-parada-ponosa-zabranjena-zbog-bezbednosti\/\" \/>\n<meta property=\"og:site_name\" content=\"Sand\u017eak PRESS\" \/>\n<meta property=\"article:published_time\" content=\"2013-09-28T21:43:37+00:00\" \/>\n<meta property=\"article:modified_time\" content=\"2013-09-28T21:45:38+00:00\" \/>\n<meta property=\"og:image\" content=\"https:\/\/sandzakpress.net\/arhiva\/wp-content\/uploads\/2013\/09\/332347_parada-ponosa-01fonetfoto-fonetnenad-orevi_f-300x1721.jpg\" \/>\n\t<meta property=\"og:image:width\" content=\"300\" \/>\n\t<meta property=\"og:image:height\" content=\"172\" \/>\n\t<meta property=\"og:image:type\" content=\"image\/jpeg\" \/>\n<meta name=\"author\" content=\"bosniak\" \/>\n<meta name=\"twitter:card\" content=\"summary_large_image\" \/>\n<meta name=\"twitter:label1\" content=\"Written by\" \/>\n\t<meta name=\"twitter:data1\" content=\"bosniak\" \/>\n\t<meta name=\"twitter:label2\" content=\"Est. reading time\" \/>\n\t<meta name=\"twitter:data2\" content=\"3 minute\" \/>\n<script type=\"application\/ld+json\" class=\"yoast-schema-graph\">{\"@context\":\"https:\/\/schema.org\",\"@graph\":[{\"@type\":\"Article\",\"@id\":\"https:\/\/sandzakpress.net\/arhiva\/dacic-parada-ponosa-zabranjena-zbog-bezbednosti\/#article\",\"isPartOf\":{\"@id\":\"https:\/\/sandzakpress.net\/arhiva\/dacic-parada-ponosa-zabranjena-zbog-bezbednosti\/\"},\"author\":{\"name\":\"bosniak\",\"@id\":\"https:\/\/sandzakpress.net\/arhiva\/#\/schema\/person\/c8baee722073534b583ea7bdb2e36c02\"},\"headline\":\"Da\u010di\u0107: Parada ponosa zabranjena zbog bezbednosti\",\"datePublished\":\"2013-09-28T21:43:37+00:00\",\"dateModified\":\"2013-09-28T21:45:38+00:00\",\"mainEntityOfPage\":{\"@id\":\"https:\/\/sandzakpress.net\/arhiva\/dacic-parada-ponosa-zabranjena-zbog-bezbednosti\/\"},\"wordCount\":646,\"commentCount\":0,\"publisher\":{\"@id\":\"https:\/\/sandzakpress.net\/arhiva\/#\/schema\/person\/6e72b67d6e51910a1117b3b483ba20bd\"},\"image\":{\"@id\":\"https:\/\/sandzakpress.net\/arhiva\/dacic-parada-ponosa-zabranjena-zbog-bezbednosti\/#primaryimage\"},\"thumbnailUrl\":\"https:\/\/sandzakpress.net\/arhiva\/wp-content\/uploads\/2013\/09\/332347_parada-ponosa-01fonetfoto-fonetnenad-orevi_f-300x1721.jpg\",\"articleSection\":[\"Srbija\"],\"inLanguage\":\"bs-BA\",\"potentialAction\":[{\"@type\":\"CommentAction\",\"name\":\"Comment\",\"target\":[\"https:\/\/sandzakpress.net\/arhiva\/dacic-parada-ponosa-zabranjena-zbog-bezbednosti\/#respond\"]}]},{\"@type\":\"WebPage\",\"@id\":\"https:\/\/sandzakpress.net\/arhiva\/dacic-parada-ponosa-zabranjena-zbog-bezbednosti\/\",\"url\":\"https:\/\/sandzakpress.net\/arhiva\/dacic-parada-ponosa-zabranjena-zbog-bezbednosti\/\",\"name\":\"Da\u010di\u0107: Parada ponosa zabranjena zbog bezbednosti\",\"isPartOf\":{\"@id\":\"https:\/\/sandzakpress.net\/arhiva\/#website\"},\"primaryImageOfPage\":{\"@id\":\"https:\/\/sandzakpress.net\/arhiva\/dacic-parada-ponosa-zabranjena-zbog-bezbednosti\/#primaryimage\"},\"image\":{\"@id\":\"https:\/\/sandzakpress.net\/arhiva\/dacic-parada-ponosa-zabranjena-zbog-bezbednosti\/#primaryimage\"},\"thumbnailUrl\":\"https:\/\/sandzakpress.net\/arhiva\/wp-content\/uploads\/2013\/09\/332347_parada-ponosa-01fonetfoto-fonetnenad-orevi_f-300x1721.jpg\",\"datePublished\":\"2013-09-28T21:43:37+00:00\",\"dateModified\":\"2013-09-28T21:45:38+00:00\",\"breadcrumb\":{\"@id\":\"https:\/\/sandzakpress.net\/arhiva\/dacic-parada-ponosa-zabranjena-zbog-bezbednosti\/#breadcrumb\"},\"inLanguage\":\"bs-BA\",\"potentialAction\":[{\"@type\":\"ReadAction\",\"target\":[\"https:\/\/sandzakpress.net\/arhiva\/dacic-parada-ponosa-zabranjena-zbog-bezbednosti\/\"]}]},{\"@type\":\"ImageObject\",\"inLanguage\":\"bs-BA\",\"@id\":\"https:\/\/sandzakpress.net\/arhiva\/dacic-parada-ponosa-zabranjena-zbog-bezbednosti\/#primaryimage\",\"url\":\"https:\/\/sandzakpress.net\/arhiva\/wp-content\/uploads\/2013\/09\/332347_parada-ponosa-01fonetfoto-fonetnenad-orevi_f-300x1721.jpg\",\"contentUrl\":\"https:\/\/sandzakpress.net\/arhiva\/wp-content\/uploads\/2013\/09\/332347_parada-ponosa-01fonetfoto-fonetnenad-orevi_f-300x1721.jpg\",\"width\":300,\"height\":172},{\"@type\":\"BreadcrumbList\",\"@id\":\"https:\/\/sandzakpress.net\/arhiva\/dacic-parada-ponosa-zabranjena-zbog-bezbednosti\/#breadcrumb\",\"itemListElement\":[{\"@type\":\"ListItem\",\"position\":1,\"name\":\"Home\",\"item\":\"https:\/\/sandzakpress.net\/arhiva\/\"},{\"@type\":\"ListItem\",\"position\":2,\"name\":\"Da\u010di\u0107: Parada ponosa zabranjena zbog bezbednosti\"}]},{\"@type\":\"WebSite\",\"@id\":\"https:\/\/sandzakpress.net\/arhiva\/#website\",\"url\":\"https:\/\/sandzakpress.net\/arhiva\/\",\"name\":\"Sand\u017eak PRESS\",\"description\":\"Prve elektronske novine u Sand\u017eaku\",\"publisher\":{\"@id\":\"https:\/\/sandzakpress.net\/arhiva\/#\/schema\/person\/6e72b67d6e51910a1117b3b483ba20bd\"},\"potentialAction\":[{\"@type\":\"SearchAction\",\"target\":{\"@type\":\"EntryPoint\",\"urlTemplate\":\"https:\/\/sandzakpress.net\/arhiva\/?s={search_term_string}\"},\"query-input\":{\"@type\":\"PropertyValueSpecification\",\"valueRequired\":true,\"valueName\":\"search_term_string\"}}],\"inLanguage\":\"bs-BA\"},{\"@type\":[\"Person\",\"Organization\"],\"@id\":\"https:\/\/sandzakpress.net\/arhiva\/#\/schema\/person\/6e72b67d6e51910a1117b3b483ba20bd\",\"name\":\"Kul\",\"image\":{\"@type\":\"ImageObject\",\"inLanguage\":\"bs-BA\",\"@id\":\"https:\/\/sandzakpress.net\/arhiva\/#\/schema\/person\/image\/\",\"url\":\"https:\/\/secure.gravatar.com\/avatar\/42263f39aa27ac04c43cab85c280eb2e?s=96&d=mm&r=pg\",\"contentUrl\":\"https:\/\/secure.gravatar.com\/avatar\/42263f39aa27ac04c43cab85c280eb2e?s=96&d=mm&r=pg\",\"caption\":\"Kul\"},\"logo\":{\"@id\":\"https:\/\/sandzakpress.net\/arhiva\/#\/schema\/person\/image\/\"}},{\"@type\":\"Person\",\"@id\":\"https:\/\/sandzakpress.net\/arhiva\/#\/schema\/person\/c8baee722073534b583ea7bdb2e36c02\",\"name\":\"bosniak\",\"image\":{\"@type\":\"ImageObject\",\"inLanguage\":\"bs-BA\",\"@id\":\"https:\/\/sandzakpress.net\/arhiva\/#\/schema\/person\/image\/\",\"url\":\"https:\/\/secure.gravatar.com\/avatar\/a04fd330bfe3a36a72a0ad4a6d89fca7?s=96&d=mm&r=pg\",\"contentUrl\":\"https:\/\/secure.gravatar.com\/avatar\/a04fd330bfe3a36a72a0ad4a6d89fca7?s=96&d=mm&r=pg\",\"caption\":\"bosniak\"},\"url\":\"https:\/\/sandzakpress.net\/arhiva\/author\/bosniak\/\"}]}<\/script>\n<!-- \/ Yoast SEO Premium plugin. -->","yoast_head_json":{"title":"Da\u010di\u0107: Parada ponosa zabranjena zbog bezbednosti","robots":{"index":"index","follow":"follow","max-snippet":"max-snippet:-1","max-image-preview":"max-image-preview:large","max-video-preview":"max-video-preview:-1"},"canonical":"https:\/\/sandzakpress.net\/arhiva\/dacic-parada-ponosa-zabranjena-zbog-bezbednosti\/","og_locale":"bs_BA","og_type":"article","og_title":"Da\u010di\u0107: Parada ponosa zabranjena zbog bezbednosti","og_description":"Srbija &#8211; Kako &#8220;Blic&#8221; nezvani\u010dno saznaje, na sjednici Biroa za koordinaciju slu\u017ebe bezbijednosti jednoglasno je odlu\u010deno da Parade ponosa ne\u0107e biti. Na pro\u0161irenoj sjednici, na osnovu bezbednosnih procjena, u po\u010detku je \u0161est \u010dlanova za, a \u0161est protiv odr\u017eavanja Parade ponosa. Sjednica je po\u010delane\u0161to malo posle 16 sati i upravo je zavr\u0161ena. \u010cekalo se da premijer [&hellip;]","og_url":"https:\/\/sandzakpress.net\/arhiva\/dacic-parada-ponosa-zabranjena-zbog-bezbednosti\/","og_site_name":"Sand\u017eak PRESS","article_published_time":"2013-09-28T21:43:37+00:00","article_modified_time":"2013-09-28T21:45:38+00:00","og_image":[{"width":300,"height":172,"url":"https:\/\/sandzakpress.net\/arhiva\/wp-content\/uploads\/2013\/09\/332347_parada-ponosa-01fonetfoto-fonetnenad-orevi_f-300x1721.jpg","type":"image\/jpeg"}],"author":"bosniak","twitter_card":"summary_large_image","twitter_misc":{"Written by":"bosniak","Est. reading time":"3 minute"},"schema":{"@context":"https:\/\/schema.org","@graph":[{"@type":"Article","@id":"https:\/\/sandzakpress.net\/arhiva\/dacic-parada-ponosa-zabranjena-zbog-bezbednosti\/#article","isPartOf":{"@id":"https:\/\/sandzakpress.net\/arhiva\/dacic-parada-ponosa-zabranjena-zbog-bezbednosti\/"},"author":{"name":"bosniak","@id":"https:\/\/sandzakpress.net\/arhiva\/#\/schema\/person\/c8baee722073534b583ea7bdb2e36c02"},"headline":"Da\u010di\u0107: Parada ponosa zabranjena zbog bezbednosti","datePublished":"2013-09-28T21:43:37+00:00","dateModified":"2013-09-28T21:45:38+00:00","mainEntityOfPage":{"@id":"https:\/\/sandzakpress.net\/arhiva\/dacic-parada-ponosa-zabranjena-zbog-bezbednosti\/"},"wordCount":646,"commentCount":0,"publisher":{"@id":"https:\/\/sandzakpress.net\/arhiva\/#\/schema\/person\/6e72b67d6e51910a1117b3b483ba20bd"},"image":{"@id":"https:\/\/sandzakpress.net\/arhiva\/dacic-parada-ponosa-zabranjena-zbog-bezbednosti\/#primaryimage"},"thumbnailUrl":"https:\/\/sandzakpress.net\/arhiva\/wp-content\/uploads\/2013\/09\/332347_parada-ponosa-01fonetfoto-fonetnenad-orevi_f-300x1721.jpg","articleSection":["Srbija"],"inLanguage":"bs-BA","potentialAction":[{"@type":"CommentAction","name":"Comment","target":["https:\/\/sandzakpress.net\/arhiva\/dacic-parada-ponosa-zabranjena-zbog-bezbednosti\/#respond"]}]},{"@type":"WebPage","@id":"https:\/\/sandzakpress.net\/arhiva\/dacic-parada-ponosa-zabranjena-zbog-bezbednosti\/","url":"https:\/\/sandzakpress.net\/arhiva\/dacic-parada-ponosa-zabranjena-zbog-bezbednosti\/","name":"Da\u010di\u0107: Parada ponosa zabranjena zbog bezbednosti","isPartOf":{"@id":"https:\/\/sandzakpress.net\/arhiva\/#website"},"primaryImageOfPage":{"@id":"https:\/\/sandzakpress.net\/arhiva\/dacic-parada-ponosa-zabranjena-zbog-bezbednosti\/#primaryimage"},"image":{"@id":"https:\/\/sandzakpress.net\/arhiva\/dacic-parada-ponosa-zabranjena-zbog-bezbednosti\/#primaryimage"},"thumbnailUrl":"https:\/\/sandzakpress.net\/arhiva\/wp-content\/uploads\/2013\/09\/332347_parada-ponosa-01fonetfoto-fonetnenad-orevi_f-300x1721.jpg","datePublished":"2013-09-28T21:43:37+00:00","dateModified":"2013-09-28T21:45:38+00:00","breadcrumb":{"@id":"https:\/\/sandzakpress.net\/arhiva\/dacic-parada-ponosa-zabranjena-zbog-bezbednosti\/#breadcrumb"},"inLanguage":"bs-BA","potentialAction":[{"@type":"ReadAction","target":["https:\/\/sandzakpress.net\/arhiva\/dacic-parada-ponosa-zabranjena-zbog-bezbednosti\/"]}]},{"@type":"ImageObject","inLanguage":"bs-BA","@id":"https:\/\/sandzakpress.net\/arhiva\/dacic-parada-ponosa-zabranjena-zbog-bezbednosti\/#primaryimage","url":"https:\/\/sandzakpress.net\/arhiva\/wp-content\/uploads\/2013\/09\/332347_parada-ponosa-01fonetfoto-fonetnenad-orevi_f-300x1721.jpg","contentUrl":"https:\/\/sandzakpress.net\/arhiva\/wp-content\/uploads\/2013\/09\/332347_parada-ponosa-01fonetfoto-fonetnenad-orevi_f-300x1721.jpg","width":300,"height":172},{"@type":"BreadcrumbList","@id":"https:\/\/sandzakpress.net\/arhiva\/dacic-parada-ponosa-zabranjena-zbog-bezbednosti\/#breadcrumb","itemListElement":[{"@type":"ListItem","position":1,"name":"Home","item":"https:\/\/sandzakpress.net\/arhiva\/"},{"@type":"ListItem","position":2,"name":"Da\u010di\u0107: Parada ponosa zabranjena zbog bezbednosti"}]},{"@type":"WebSite","@id":"https:\/\/sandzakpress.net\/arhiva\/#website","url":"https:\/\/sandzakpress.net\/arhiva\/","name":"Sand\u017eak PRESS","description":"Prve elektronske novine u Sand\u017eaku","publisher":{"@id":"https:\/\/sandzakpress.net\/arhiva\/#\/schema\/person\/6e72b67d6e51910a1117b3b483ba20bd"},"potentialAction":[{"@type":"SearchAction","target":{"@type":"EntryPoint","urlTemplate":"https:\/\/sandzakpress.net\/arhiva\/?s={search_term_string}"},"query-input":{"@type":"PropertyValueSpecification","valueRequired":true,"valueName":"search_term_string"}}],"inLanguage":"bs-BA"},{"@type":["Person","Organization"],"@id":"https:\/\/sandzakpress.net\/arhiva\/#\/schema\/person\/6e72b67d6e51910a1117b3b483ba20bd","name":"Kul","image":{"@type":"ImageObject","inLanguage":"bs-BA","@id":"https:\/\/sandzakpress.net\/arhiva\/#\/schema\/person\/image\/","url":"https:\/\/secure.gravatar.com\/avatar\/42263f39aa27ac04c43cab85c280eb2e?s=96&d=mm&r=pg","contentUrl":"https:\/\/secure.gravatar.com\/avatar\/42263f39aa27ac04c43cab85c280eb2e?s=96&d=mm&r=pg","caption":"Kul"},"logo":{"@id":"https:\/\/sandzakpress.net\/arhiva\/#\/schema\/person\/image\/"}},{"@type":"Person","@id":"https:\/\/sandzakpress.net\/arhiva\/#\/schema\/person\/c8baee722073534b583ea7bdb2e36c02","name":"bosniak","image":{"@type":"ImageObject","inLanguage":"bs-BA","@id":"https:\/\/sandzakpress.net\/arhiva\/#\/schema\/person\/image\/","url":"https:\/\/secure.gravatar.com\/avatar\/a04fd330bfe3a36a72a0ad4a6d89fca7?s=96&d=mm&r=pg","contentUrl":"https:\/\/secure.gravatar.com\/avatar\/a04fd330bfe3a36a72a0ad4a6d89fca7?s=96&d=mm&r=pg","caption":"bosniak"},"url":"https:\/\/sandzakpress.net\/arhiva\/author\/bosniak\/"}]}},"_links":{"self":[{"href":"https:\/\/sandzakpress.net\/arhiva\/wp-json\/wp\/v2\/posts\/88858"}],"collection":[{"href":"https:\/\/sandzakpress.net\/arhiva\/wp-json\/wp\/v2\/posts"}],"about":[{"href":"https:\/\/sandzakpress.net\/arhiva\/wp-json\/wp\/v2\/types\/post"}],"author":[{"embeddable":true,"href":"https:\/\/sandzakpress.net\/arhiva\/wp-json\/wp\/v2\/users\/83"}],"replies":[{"embeddable":true,"href":"https:\/\/sandzakpress.net\/arhiva\/wp-json\/wp\/v2\/comments?post=88858"}],"version-history":[{"count":0,"href":"https:\/\/sandzakpress.net\/arhiva\/wp-json\/wp\/v2\/posts\/88858\/revisions"}],"wp:featuredmedia":[{"embeddable":true,"href":"https:\/\/sandzakpress.net\/arhiva\/wp-json\/wp\/v2\/media\/88860"}],"wp:attachment":[{"href":"https:\/\/sandzakpress.net\/arhiva\/wp-json\/wp\/v2\/media?parent=88858"}],"wp:term":[{"taxonomy":"category","embeddable":true,"href":"https:\/\/sandzakpress.net\/arhiva\/wp-json\/wp\/v2\/categories?post=88858"},{"taxonomy":"post_tag","embeddable":true,"href":"https:\/\/sandzakpress.net\/arhiva\/wp-json\/wp\/v2\/tags?post=88858"}],"curies":[{"name":"wp","href":"https:\/\/api.w.org\/{rel}","templated":true}]}}