{"id":88777,"date":"2013-09-27T22:57:52","date_gmt":"2013-09-27T20:57:52","guid":{"rendered":"https:\/\/sandzakpress.net\/arhiva\/?p=88777"},"modified":"2013-09-27T22:59:58","modified_gmt":"2013-09-27T20:59:58","slug":"jednom-sluga-uvijek-sluga","status":"publish","type":"post","link":"https:\/\/sandzakpress.net\/arhiva\/jednom-sluga-uvijek-sluga\/","title":{"rendered":"Jednom sluga, uvijek sluga"},"content":{"rendered":"<figure style=\"width: 280px\" class=\"wp-caption alignleft\"><img loading=\"lazy\" decoding=\"async\" alt=\"Sead_ocp_w380_h300\" src=\"http:\/\/www.sbk.eu.com\/wp-content\/uploads\/2013\/09\/Sead_ocp_w380_h300-280x221.jpg\" width=\"280\" height=\"221\" \/><figcaption class=\"wp-caption-text\">Autor: Sead \u0160a\u0107irovi\u0107<\/figcaption><\/figure>\n<p>\u010cesto \u010dujemo kako za nekoga govore \u201esrozao se.\u201c U jezi\u010dkim leksikonima ovo zna\u010di \u201enaglo se spustiti ili pasti na nekoj vrijednosnoj ljestvici,\u201c ili \u201eu\u010diniti prostim, vulgarizovati se.\u201c Na\u0161 narod u Sand\u017eaku kad za nekog ka\u017ee \u201esrozao se\u201c onda misli da je taj\u00a0 \u201epao na niske grane,\u201c ili se \u201eponizio \u010dine\u0107i ne\u0161to nevaljatno, sramotno, \u0161to ne pripada insanskom tefteru. Tako na\u0161 cijenjeni narod razumije i tuma\u010di pona\u0161anje \u010dovjeka koji se svojim aktivnostima i neutemeljenim tvrdnjama, pau\u0161alnim ocjenama, \u0161irenjem nestine i potvore spusti nisko.<\/p>\n<p>\u010cAST I DOSTOJANSTVO NEMAJU CIJENU<\/p>\n<p>Ono \u0161to \u010dini vlasnik Dnevnog avaza, najdrasti\u010dniji je primjer ishitrenosti, neznanja, srozavanja i moralnog propadanja. Sa aspekta dru\u0161tvene odgovornosti, izno\u0161enje potvore na nekoga je nemoralna stvar koja se u ozbiljnim dru\u0161tvima o\u0161tro osu\u0111uje i sudski ka\u017enjava. Poslanik Muhammed a.s. je rekao: \u201e\u010cast i dostojanstvo vjernika kod Boga, ve\u0107e je od dostojanstva i va\u017enosti Kabe.\u201c<\/p>\n<p>\u201eSRCE BUDALE JE U USTIMA; USTA PAMETNA \u010cOVJEKA SU U SRCU\u201d (B.Frenkiln)<\/p>\n<p>Tako\u0111er, ako uzmemo adete i obi\u010dajno pravo Bo\u0161njaka Sand\u017eaka odakle potje\u010de vlasnik Avaza, onda znamo da potvora nekog \u010dovjeka (u ovom slu\u010daju vi\u0161e njih) predstavlja ozbiljnu uvredu cijelih porodica, plemena i \u0161ire zajednice zbog \u010dega mo\u017ee do\u0107i do ozbiljnih reperkusija po onoga ko potvore \u010dini i iznosi ih bez ikakvog dokaza ili argumenta. Me\u0111u Bo\u0161njacima i Albancima izra\u017eeno je obi\u010dajno pravo za\u0161tite obraza, \u010dasti i dostojanstva, a reperkusije po one koji ova pravila kr\u0161e nisu nimalo prijatne. Stoga je krivnja Milovog prijatelja ve\u0107a a samim tim i osuda njegovog pona\u0161anja o\u0161trija obzirom da je on dobro upoznat sa pravom naroda kojem pripada, a kao dr\u017eavni funkcioner upoznat je i sa zakonima dr\u017eave kojoj bi trebao da slu\u017ei. Me\u0111utim, on je sve ovo pogazio i veoma drsko i bestidno udario na \u010dast Glavnog muftije i jo\u0161 nekoliko \u010dasnih osoba. Ako ovakvi nemoralni akti dolaze od ministra jedne dr\u017eave, pa \u0161ta \u0107e onda \u010diniti obi\u010dan svijet koji nema osje\u0107aj odgovornosti. Ako kr\u0161enje zakona i pravde dolazi sa vrha onda se ne pi\u0161e dobro ni narodu ni dr\u017eavi. Zato se za ministra sa tornja mo\u017ee re\u0107i da je on ru\u0161itelj dr\u017eavnosti BiH. Posebno \u0161to je pristao na podani\u010dki odnos prema onima koji su devedesetih, genocidom satirali Bo\u0161njake i Bosnu.<\/p>\n<p>&nbsp;<\/p>\n<p>\u010cIP\u010cIJA<\/p>\n<p>Pitamo, za\u0161to je vlasnik Avaza pao na niske grane, i ogavno iznio neistine na ra\u010dun uva\u017eenog muftije Zukorli\u0107a? Uradio je to zato \u0161to je umislio da je veliki, da ima mo\u0107 i snagu, da je nepobjediv. I Nimrud je gradio kule i pozivao Boga da ratuje protiv njega, pa ga je na kraju mu\u0161ica satjerala u \u0107o\u0161ak. Ka\u017eu, da je ostao samo sa jednim slugom koji ga je, po njegovom zahtjevu, malo-malo, motkom udarao po glavi kako bi mu na nosu ili u\u0161ima istjerao malu muhu. No, da ka\u017eem jo\u0161 ne\u0161to na temu \u0161ta bi Avazu da onako pusti pani\u010dan krik? Pored toga \u0161to je umislio da je porastao do neslu\u0107enih visina, vlasnik nemoralnog glasa jo\u0161 nije niti \u0107e ikada izlije\u010diti kompleks \u010dip\u010dije koji je stjecao godinama, slu\u017ee\u0107i beogradske, zagreba\u010dke i podgori\u010dke gospodare, po \u010dijem nalogu je plasirao neistinu u svom listu. Rade\u0107i po nalogu svojih gospodara, on zapravo \u0161titi sebe od odgovrnosti za kriminal kojeg godinama \u010dini a, sve na \u0161tetu gra\u0111ana BiH, posebno Bo\u0161njaka.<\/p>\n<p>ZA\u0160TO SMETA MUFTIJA<\/p>\n<p>\u010citaju\u0107i komentare na jednom od sand\u017ea\u010dkih sajtova, a vezano za pisanje Avaza neko je vrlo lijepo tuma\u010dio i analiti\u010dki obrazlo\u017eio de\u0161avanja u regionu. Parafraziram nepoznatog tuma\u010da: \u201eU politi\u010dkoj igri oko Bosne, ta\u010dnije njenoj razgradnji, balkanski sluga ima nesporno veliku ulogu. On mu do\u0111e kao neka zavjesa ili ki\u0161obran za Dodika u Banjoj Luci i one secesioniste iz Mostara, za njihove napade na jedinstvenu i nezavisnu BiH. Obzirom da Hrvatska jeste u EU, a da Srbija te\u017ei ulasku u EU, njima dvjema su \u201eruke vezane\u201c kada je u pitanju udaranje na neovisnost Bosne. To Evropa ne da. One u takvoj situaciji diriguju svojim nacionalistima u Banja Luci i Zagrebu da Bosnu nagrizaju iznutra, \u0161to oni bezdu\u0161no \u010dine. A ministar sigurnosti BiH umjesto da se brine o Bosni, on je tu da po nalogu KOS-a \u0161titi i potpoma\u017ee njene ru\u0161itelje i njenu podjelu na tri dijela u kojem bi Bo\u0161njaci ponovo izgubili najvi\u0161e, bez obzira \u0161to su u ratu dobili najmanje.<\/p>\n<p>Pored spomenutih \u010dinjenica, crnogorski re\u017eim podsti\u010de ali u manjoj mjeri dezintegraciju i razbijanje Bosne, on se vi\u0161e zanima za sopstvenu za\u0161titu i produ\u017eenje roka trajanja na vlasti, pa od vlasnika Avaza tra\u017ei i zahtijeva direktne napada na Muftiju Zukorli\u0107a koji je za\u010detnik o\u017eivljavanja ideje o autonomnom Sand\u017eaku. Naravno da Milov re\u017eim sa tog aspekta posmatra i osnivanje Bo\u0161nja\u010dke demokratske zajednice u Crnoj Gori koju do\u017eivljavaju kao politi\u010dkog konkurenta, jer \u0107e BDZ zasigurno na prvim narednim izborima ostvariti zavidan rezultat. A to zna\u010di da je podani\u0161tvu i poslu\u0161nim Bo\u0161njacima do\u0161ao kraj. Po \u0111eti\u0107ima za sve je kriv Glavni muftija, koji se tretira i u vojnim analima dr\u017eave Crne Gore gdje jedan njihov analiti\u010dar opravdava te\u017enju dr\u017eave ka ulasku u NATO izme\u0111u ostaloga ba\u0161 zbog muftijinih \u201eapetita\u201c za ponovnim uspostavljanjem autonomnog Sand\u017eaka.<\/p>\n<p>Muftija, \u0161to je poznato, smeta i Beogradu i Zagrebu te njihovim aspiracijama da vladaju Bo\u0161njacima. On promovira pan bo\u0161nja\u0161tvo, sa svim \u0161to to zna\u010di. Uz to, vrlo je odlu\u010dan, elokventan, nadaren, neustar\u0161iv, jakih menad\u017eerskih sposobnosti, sa kompaktnim i odanim saradnicima, veoma uva\u017een i autoritativan. Gdje se on pojavi drugi su u sjenci, kad on progovori argemntima te\u0161ko ga je zaustaviti, bar u \u010detiri oka, ili licem u lice.<\/p>\n<p>Muftija smeta i zbog svog puta i vizije kojom vodi institucije na polju razvoja nauke, vjere, humanosti i politi\u010dkih ideala slobode i ostvarivanja ljudskih prava. Tu su i elementi iz Turske poput birokrate Gormeza kojih preko svojih pla\u0107enih pojedinaca \u017eeli ovladati Islamskom zajednicom gdje je neosporni autoritet Glavni muftija. Muftijin slobodarskih duh i razvojni potencijal nauke i slobode misli smeta birokratskom konceptu sekularnih sistema koji \u017eele suziti i porobiti slobodu misli i razvoja. Da bi ostvarili svoje nakane oni proizvedu sluge u liku malog Radojice, da u mraku, zajedno sa niskim du\u0161ama, plasiraju para la\u017eu i ogavnu potvoru za koju se samo neznalica mogla ponadati da \u0107e izazvati neki uspjeh. Povukli su ma\u010dka za rep, \u0161to bi narod rekao.<\/p>\n<p>NI\u0160TA NAS NE MO\u017dE UPLA\u0160ITI<\/p>\n<p>Od svih isku\u0161enja, dva su najte\u017ea; strah i interes. Niti jedno niti drugo ne pla\u0161i muftiju Zukorli\u0107a ni njegove saborce. Ovo \u0161to je Avaz uradio mo\u017ee se pripisati svakom \u010dovjeku, ni\u0161ta novo i \u010dudno u haosu demokracije u kojem \u017eivimo. Na zapadu, za ovakve stvari \u201ezvijezde u usponu\u201c pla\u0107aju novinare da im osmisle aferu, kako bi postale aktuelnije i poznatije. Zapravo, Avazov tekst na najbolji na\u010din pokazuje svu veli\u010dinu i \u010distinu muftije Muamer-ef. Zukorli\u0107a kojem nisu mogli na\u0107i ama ba\u0161 nijednu ozbiljnu mahanu ili propust, pa su potegli za prostaklucima najni\u017ee vrste kojima zavide samo \u017euta \u0161tampa te promoteri \u0161unda i ki\u010da.<\/p>\n<p>\u010cOVJEK JE MJERA SVEMU<\/p>\n<p>Da nije onih poput vlasnika Avaza zaboravili bi koliko je beskona\u010dna ljudska zloba i glupost. Kako Ajn\u0161tajn re\u010de: \u201cLjudska glupost i svemir su beskrajni. Za ovo drugo nisam siguran.\u201c Tekst zavr\u0161avam divnim stihovima Milana Kostadinovi\u0107a: \u201cTi \u010dovjek budi kad se pravda ru\u0161i, nasuprot stani, krv pravednih vi\u010de, ne tra\u017ei pravde Kainu u du\u0161i, ne vjeruj onim\u2019 \u0161to na Judu li\u010de. Lupe\u017e i po\u0161ten \u2013 svako svoje radi, a Nebo gleda, Bog po pravdi sudi. Ma bilo hljeba ili bilo gladi, ti \u010dovjek budi.\u201c<\/p>\n","protected":false},"excerpt":{"rendered":"<p>Sead \u0160a\u0107irovi\u0107<\/p>\n","protected":false},"author":83,"featured_media":88778,"comment_status":"open","ping_status":"open","sticky":false,"template":"","format":"standard","meta":{"footnotes":""},"categories":[10196],"tags":[10214,10290],"class_list":{"0":"post-88777","1":"post","2":"type-post","3":"status-publish","4":"format-standard","5":"has-post-thumbnail","7":"category-iz-pera-nasih-autora","8":"tag-fahrudin-radoncic","9":"tag-sead-sacirovic"},"yoast_head":"<!-- This site is optimized with the Yoast SEO Premium plugin v23.1 (Yoast SEO v24.9) - https:\/\/yoast.com\/wordpress\/plugins\/seo\/ -->\n<title>Jednom sluga, uvijek sluga<\/title>\n<meta name=\"robots\" content=\"index, follow, max-snippet:-1, max-image-preview:large, max-video-preview:-1\" \/>\n<link rel=\"canonical\" href=\"https:\/\/sandzakpress.net\/arhiva\/jednom-sluga-uvijek-sluga\/\" \/>\n<meta property=\"og:locale\" content=\"bs_BA\" \/>\n<meta property=\"og:type\" content=\"article\" \/>\n<meta property=\"og:title\" content=\"Jednom sluga, uvijek sluga\" \/>\n<meta property=\"og:description\" content=\"Sead \u0160a\u0107irovi\u0107\" \/>\n<meta property=\"og:url\" content=\"https:\/\/sandzakpress.net\/arhiva\/jednom-sluga-uvijek-sluga\/\" \/>\n<meta property=\"og:site_name\" content=\"Sand\u017eak PRESS\" \/>\n<meta property=\"article:published_time\" content=\"2013-09-27T20:57:52+00:00\" \/>\n<meta property=\"article:modified_time\" content=\"2013-09-27T20:59:58+00:00\" \/>\n<meta property=\"og:image\" content=\"https:\/\/sandzakpress.net\/arhiva\/wp-content\/uploads\/2013\/09\/Sead_ocp_w380_h300-280x221.jpg\" \/>\n\t<meta property=\"og:image:width\" content=\"280\" \/>\n\t<meta property=\"og:image:height\" content=\"221\" \/>\n\t<meta property=\"og:image:type\" content=\"image\/jpeg\" \/>\n<meta name=\"author\" content=\"bosniak\" \/>\n<meta name=\"twitter:card\" content=\"summary_large_image\" \/>\n<meta name=\"twitter:label1\" content=\"Written by\" \/>\n\t<meta name=\"twitter:data1\" content=\"bosniak\" \/>\n\t<meta name=\"twitter:label2\" content=\"Est. reading time\" \/>\n\t<meta name=\"twitter:data2\" content=\"7 minuta\" \/>\n<script type=\"application\/ld+json\" class=\"yoast-schema-graph\">{\"@context\":\"https:\/\/schema.org\",\"@graph\":[{\"@type\":\"Article\",\"@id\":\"https:\/\/sandzakpress.net\/arhiva\/jednom-sluga-uvijek-sluga\/#article\",\"isPartOf\":{\"@id\":\"https:\/\/sandzakpress.net\/arhiva\/jednom-sluga-uvijek-sluga\/\"},\"author\":{\"name\":\"bosniak\",\"@id\":\"https:\/\/sandzakpress.net\/arhiva\/#\/schema\/person\/c8baee722073534b583ea7bdb2e36c02\"},\"headline\":\"Jednom sluga, uvijek sluga\",\"datePublished\":\"2013-09-27T20:57:52+00:00\",\"dateModified\":\"2013-09-27T20:59:58+00:00\",\"mainEntityOfPage\":{\"@id\":\"https:\/\/sandzakpress.net\/arhiva\/jednom-sluga-uvijek-sluga\/\"},\"wordCount\":1377,\"commentCount\":2,\"publisher\":{\"@id\":\"https:\/\/sandzakpress.net\/arhiva\/#\/schema\/person\/6e72b67d6e51910a1117b3b483ba20bd\"},\"image\":{\"@id\":\"https:\/\/sandzakpress.net\/arhiva\/jednom-sluga-uvijek-sluga\/#primaryimage\"},\"thumbnailUrl\":\"https:\/\/sandzakpress.net\/arhiva\/wp-content\/uploads\/2013\/09\/Sead_ocp_w380_h300-280x221.jpg\",\"keywords\":[\"Fahrudin Radon\u010di\u0107\",\"Sead \u0160a\u0107irovi\u0107\"],\"articleSection\":[\"Iz pera na\u0161ih autora\"],\"inLanguage\":\"bs-BA\",\"potentialAction\":[{\"@type\":\"CommentAction\",\"name\":\"Comment\",\"target\":[\"https:\/\/sandzakpress.net\/arhiva\/jednom-sluga-uvijek-sluga\/#respond\"]}]},{\"@type\":\"WebPage\",\"@id\":\"https:\/\/sandzakpress.net\/arhiva\/jednom-sluga-uvijek-sluga\/\",\"url\":\"https:\/\/sandzakpress.net\/arhiva\/jednom-sluga-uvijek-sluga\/\",\"name\":\"Jednom sluga, uvijek sluga\",\"isPartOf\":{\"@id\":\"https:\/\/sandzakpress.net\/arhiva\/#website\"},\"primaryImageOfPage\":{\"@id\":\"https:\/\/sandzakpress.net\/arhiva\/jednom-sluga-uvijek-sluga\/#primaryimage\"},\"image\":{\"@id\":\"https:\/\/sandzakpress.net\/arhiva\/jednom-sluga-uvijek-sluga\/#primaryimage\"},\"thumbnailUrl\":\"https:\/\/sandzakpress.net\/arhiva\/wp-content\/uploads\/2013\/09\/Sead_ocp_w380_h300-280x221.jpg\",\"datePublished\":\"2013-09-27T20:57:52+00:00\",\"dateModified\":\"2013-09-27T20:59:58+00:00\",\"breadcrumb\":{\"@id\":\"https:\/\/sandzakpress.net\/arhiva\/jednom-sluga-uvijek-sluga\/#breadcrumb\"},\"inLanguage\":\"bs-BA\",\"potentialAction\":[{\"@type\":\"ReadAction\",\"target\":[\"https:\/\/sandzakpress.net\/arhiva\/jednom-sluga-uvijek-sluga\/\"]}]},{\"@type\":\"ImageObject\",\"inLanguage\":\"bs-BA\",\"@id\":\"https:\/\/sandzakpress.net\/arhiva\/jednom-sluga-uvijek-sluga\/#primaryimage\",\"url\":\"https:\/\/sandzakpress.net\/arhiva\/wp-content\/uploads\/2013\/09\/Sead_ocp_w380_h300-280x221.jpg\",\"contentUrl\":\"https:\/\/sandzakpress.net\/arhiva\/wp-content\/uploads\/2013\/09\/Sead_ocp_w380_h300-280x221.jpg\",\"width\":280,\"height\":221},{\"@type\":\"BreadcrumbList\",\"@id\":\"https:\/\/sandzakpress.net\/arhiva\/jednom-sluga-uvijek-sluga\/#breadcrumb\",\"itemListElement\":[{\"@type\":\"ListItem\",\"position\":1,\"name\":\"Home\",\"item\":\"https:\/\/sandzakpress.net\/arhiva\/\"},{\"@type\":\"ListItem\",\"position\":2,\"name\":\"Jednom sluga, uvijek sluga\"}]},{\"@type\":\"WebSite\",\"@id\":\"https:\/\/sandzakpress.net\/arhiva\/#website\",\"url\":\"https:\/\/sandzakpress.net\/arhiva\/\",\"name\":\"Sand\u017eak PRESS\",\"description\":\"Prve elektronske novine u Sand\u017eaku\",\"publisher\":{\"@id\":\"https:\/\/sandzakpress.net\/arhiva\/#\/schema\/person\/6e72b67d6e51910a1117b3b483ba20bd\"},\"potentialAction\":[{\"@type\":\"SearchAction\",\"target\":{\"@type\":\"EntryPoint\",\"urlTemplate\":\"https:\/\/sandzakpress.net\/arhiva\/?s={search_term_string}\"},\"query-input\":{\"@type\":\"PropertyValueSpecification\",\"valueRequired\":true,\"valueName\":\"search_term_string\"}}],\"inLanguage\":\"bs-BA\"},{\"@type\":[\"Person\",\"Organization\"],\"@id\":\"https:\/\/sandzakpress.net\/arhiva\/#\/schema\/person\/6e72b67d6e51910a1117b3b483ba20bd\",\"name\":\"Kul\",\"image\":{\"@type\":\"ImageObject\",\"inLanguage\":\"bs-BA\",\"@id\":\"https:\/\/sandzakpress.net\/arhiva\/#\/schema\/person\/image\/\",\"url\":\"https:\/\/secure.gravatar.com\/avatar\/42263f39aa27ac04c43cab85c280eb2e?s=96&d=mm&r=pg\",\"contentUrl\":\"https:\/\/secure.gravatar.com\/avatar\/42263f39aa27ac04c43cab85c280eb2e?s=96&d=mm&r=pg\",\"caption\":\"Kul\"},\"logo\":{\"@id\":\"https:\/\/sandzakpress.net\/arhiva\/#\/schema\/person\/image\/\"}},{\"@type\":\"Person\",\"@id\":\"https:\/\/sandzakpress.net\/arhiva\/#\/schema\/person\/c8baee722073534b583ea7bdb2e36c02\",\"name\":\"bosniak\",\"image\":{\"@type\":\"ImageObject\",\"inLanguage\":\"bs-BA\",\"@id\":\"https:\/\/sandzakpress.net\/arhiva\/#\/schema\/person\/image\/\",\"url\":\"https:\/\/secure.gravatar.com\/avatar\/a04fd330bfe3a36a72a0ad4a6d89fca7?s=96&d=mm&r=pg\",\"contentUrl\":\"https:\/\/secure.gravatar.com\/avatar\/a04fd330bfe3a36a72a0ad4a6d89fca7?s=96&d=mm&r=pg\",\"caption\":\"bosniak\"},\"url\":\"https:\/\/sandzakpress.net\/arhiva\/author\/bosniak\/\"}]}<\/script>\n<!-- \/ Yoast SEO Premium plugin. -->","yoast_head_json":{"title":"Jednom sluga, uvijek sluga","robots":{"index":"index","follow":"follow","max-snippet":"max-snippet:-1","max-image-preview":"max-image-preview:large","max-video-preview":"max-video-preview:-1"},"canonical":"https:\/\/sandzakpress.net\/arhiva\/jednom-sluga-uvijek-sluga\/","og_locale":"bs_BA","og_type":"article","og_title":"Jednom sluga, uvijek sluga","og_description":"Sead \u0160a\u0107irovi\u0107","og_url":"https:\/\/sandzakpress.net\/arhiva\/jednom-sluga-uvijek-sluga\/","og_site_name":"Sand\u017eak PRESS","article_published_time":"2013-09-27T20:57:52+00:00","article_modified_time":"2013-09-27T20:59:58+00:00","og_image":[{"width":280,"height":221,"url":"https:\/\/sandzakpress.net\/arhiva\/wp-content\/uploads\/2013\/09\/Sead_ocp_w380_h300-280x221.jpg","type":"image\/jpeg"}],"author":"bosniak","twitter_card":"summary_large_image","twitter_misc":{"Written by":"bosniak","Est. reading time":"7 minuta"},"schema":{"@context":"https:\/\/schema.org","@graph":[{"@type":"Article","@id":"https:\/\/sandzakpress.net\/arhiva\/jednom-sluga-uvijek-sluga\/#article","isPartOf":{"@id":"https:\/\/sandzakpress.net\/arhiva\/jednom-sluga-uvijek-sluga\/"},"author":{"name":"bosniak","@id":"https:\/\/sandzakpress.net\/arhiva\/#\/schema\/person\/c8baee722073534b583ea7bdb2e36c02"},"headline":"Jednom sluga, uvijek sluga","datePublished":"2013-09-27T20:57:52+00:00","dateModified":"2013-09-27T20:59:58+00:00","mainEntityOfPage":{"@id":"https:\/\/sandzakpress.net\/arhiva\/jednom-sluga-uvijek-sluga\/"},"wordCount":1377,"commentCount":2,"publisher":{"@id":"https:\/\/sandzakpress.net\/arhiva\/#\/schema\/person\/6e72b67d6e51910a1117b3b483ba20bd"},"image":{"@id":"https:\/\/sandzakpress.net\/arhiva\/jednom-sluga-uvijek-sluga\/#primaryimage"},"thumbnailUrl":"https:\/\/sandzakpress.net\/arhiva\/wp-content\/uploads\/2013\/09\/Sead_ocp_w380_h300-280x221.jpg","keywords":["Fahrudin Radon\u010di\u0107","Sead \u0160a\u0107irovi\u0107"],"articleSection":["Iz pera na\u0161ih autora"],"inLanguage":"bs-BA","potentialAction":[{"@type":"CommentAction","name":"Comment","target":["https:\/\/sandzakpress.net\/arhiva\/jednom-sluga-uvijek-sluga\/#respond"]}]},{"@type":"WebPage","@id":"https:\/\/sandzakpress.net\/arhiva\/jednom-sluga-uvijek-sluga\/","url":"https:\/\/sandzakpress.net\/arhiva\/jednom-sluga-uvijek-sluga\/","name":"Jednom sluga, uvijek sluga","isPartOf":{"@id":"https:\/\/sandzakpress.net\/arhiva\/#website"},"primaryImageOfPage":{"@id":"https:\/\/sandzakpress.net\/arhiva\/jednom-sluga-uvijek-sluga\/#primaryimage"},"image":{"@id":"https:\/\/sandzakpress.net\/arhiva\/jednom-sluga-uvijek-sluga\/#primaryimage"},"thumbnailUrl":"https:\/\/sandzakpress.net\/arhiva\/wp-content\/uploads\/2013\/09\/Sead_ocp_w380_h300-280x221.jpg","datePublished":"2013-09-27T20:57:52+00:00","dateModified":"2013-09-27T20:59:58+00:00","breadcrumb":{"@id":"https:\/\/sandzakpress.net\/arhiva\/jednom-sluga-uvijek-sluga\/#breadcrumb"},"inLanguage":"bs-BA","potentialAction":[{"@type":"ReadAction","target":["https:\/\/sandzakpress.net\/arhiva\/jednom-sluga-uvijek-sluga\/"]}]},{"@type":"ImageObject","inLanguage":"bs-BA","@id":"https:\/\/sandzakpress.net\/arhiva\/jednom-sluga-uvijek-sluga\/#primaryimage","url":"https:\/\/sandzakpress.net\/arhiva\/wp-content\/uploads\/2013\/09\/Sead_ocp_w380_h300-280x221.jpg","contentUrl":"https:\/\/sandzakpress.net\/arhiva\/wp-content\/uploads\/2013\/09\/Sead_ocp_w380_h300-280x221.jpg","width":280,"height":221},{"@type":"BreadcrumbList","@id":"https:\/\/sandzakpress.net\/arhiva\/jednom-sluga-uvijek-sluga\/#breadcrumb","itemListElement":[{"@type":"ListItem","position":1,"name":"Home","item":"https:\/\/sandzakpress.net\/arhiva\/"},{"@type":"ListItem","position":2,"name":"Jednom sluga, uvijek sluga"}]},{"@type":"WebSite","@id":"https:\/\/sandzakpress.net\/arhiva\/#website","url":"https:\/\/sandzakpress.net\/arhiva\/","name":"Sand\u017eak PRESS","description":"Prve elektronske novine u Sand\u017eaku","publisher":{"@id":"https:\/\/sandzakpress.net\/arhiva\/#\/schema\/person\/6e72b67d6e51910a1117b3b483ba20bd"},"potentialAction":[{"@type":"SearchAction","target":{"@type":"EntryPoint","urlTemplate":"https:\/\/sandzakpress.net\/arhiva\/?s={search_term_string}"},"query-input":{"@type":"PropertyValueSpecification","valueRequired":true,"valueName":"search_term_string"}}],"inLanguage":"bs-BA"},{"@type":["Person","Organization"],"@id":"https:\/\/sandzakpress.net\/arhiva\/#\/schema\/person\/6e72b67d6e51910a1117b3b483ba20bd","name":"Kul","image":{"@type":"ImageObject","inLanguage":"bs-BA","@id":"https:\/\/sandzakpress.net\/arhiva\/#\/schema\/person\/image\/","url":"https:\/\/secure.gravatar.com\/avatar\/42263f39aa27ac04c43cab85c280eb2e?s=96&d=mm&r=pg","contentUrl":"https:\/\/secure.gravatar.com\/avatar\/42263f39aa27ac04c43cab85c280eb2e?s=96&d=mm&r=pg","caption":"Kul"},"logo":{"@id":"https:\/\/sandzakpress.net\/arhiva\/#\/schema\/person\/image\/"}},{"@type":"Person","@id":"https:\/\/sandzakpress.net\/arhiva\/#\/schema\/person\/c8baee722073534b583ea7bdb2e36c02","name":"bosniak","image":{"@type":"ImageObject","inLanguage":"bs-BA","@id":"https:\/\/sandzakpress.net\/arhiva\/#\/schema\/person\/image\/","url":"https:\/\/secure.gravatar.com\/avatar\/a04fd330bfe3a36a72a0ad4a6d89fca7?s=96&d=mm&r=pg","contentUrl":"https:\/\/secure.gravatar.com\/avatar\/a04fd330bfe3a36a72a0ad4a6d89fca7?s=96&d=mm&r=pg","caption":"bosniak"},"url":"https:\/\/sandzakpress.net\/arhiva\/author\/bosniak\/"}]}},"_links":{"self":[{"href":"https:\/\/sandzakpress.net\/arhiva\/wp-json\/wp\/v2\/posts\/88777"}],"collection":[{"href":"https:\/\/sandzakpress.net\/arhiva\/wp-json\/wp\/v2\/posts"}],"about":[{"href":"https:\/\/sandzakpress.net\/arhiva\/wp-json\/wp\/v2\/types\/post"}],"author":[{"embeddable":true,"href":"https:\/\/sandzakpress.net\/arhiva\/wp-json\/wp\/v2\/users\/83"}],"replies":[{"embeddable":true,"href":"https:\/\/sandzakpress.net\/arhiva\/wp-json\/wp\/v2\/comments?post=88777"}],"version-history":[{"count":0,"href":"https:\/\/sandzakpress.net\/arhiva\/wp-json\/wp\/v2\/posts\/88777\/revisions"}],"wp:featuredmedia":[{"embeddable":true,"href":"https:\/\/sandzakpress.net\/arhiva\/wp-json\/wp\/v2\/media\/88778"}],"wp:attachment":[{"href":"https:\/\/sandzakpress.net\/arhiva\/wp-json\/wp\/v2\/media?parent=88777"}],"wp:term":[{"taxonomy":"category","embeddable":true,"href":"https:\/\/sandzakpress.net\/arhiva\/wp-json\/wp\/v2\/categories?post=88777"},{"taxonomy":"post_tag","embeddable":true,"href":"https:\/\/sandzakpress.net\/arhiva\/wp-json\/wp\/v2\/tags?post=88777"}],"curies":[{"name":"wp","href":"https:\/\/api.w.org\/{rel}","templated":true}]}}