{"id":8869,"date":"2010-10-03T13:41:19","date_gmt":"2010-10-03T11:41:19","guid":{"rendered":"https:\/\/sandzakpress.net\/arhiva\/?p=8869"},"modified":"2010-10-03T13:41:19","modified_gmt":"2010-10-03T11:41:19","slug":"adem-ljajic-reprezentativac-bih","status":"publish","type":"post","link":"https:\/\/sandzakpress.net\/arhiva\/adem-ljajic-reprezentativac-bih\/","title":{"rendered":"Adem Ljaji\u0107, reprezentativac BiH?"},"content":{"rendered":"<p><strong><a href=\"https:\/\/sandzakpress.net\/arhiva\/wp-content\/uploads\/2010\/10\/23310_125426837480581_974_n.jpg\"><img loading=\"lazy\" decoding=\"async\" class=\"alignleft size-full wp-image-8870\" title=\"23310_125426837480581_974_n\" src=\"https:\/\/sandzakpress.net\/arhiva\/wp-content\/uploads\/2010\/10\/23310_125426837480581_974_n.jpg\" alt=\"\" width=\"200\" height=\"203\" srcset=\"https:\/\/sandzakpress.net\/arhiva\/wp-content\/uploads\/2010\/10\/23310_125426837480581_974_n.jpg 200w, https:\/\/sandzakpress.net\/arhiva\/wp-content\/uploads\/2010\/10\/23310_125426837480581_974_n-90x90.jpg 90w\" sizes=\"(max-width: 200px) 100vw, 200px\" \/><\/a>Novi Pazar &#8211; Adem Ljaji\u0107 (19), jedan od najtalentovanijih evropskih fudbalera, mogao bi da postane reprezentativac Bosne i Hercegovine, tvrde tamo\u0161nji mediji!<\/strong><\/p>\n<p>Mladi reprezentativac Srbije jo\u0161 nije debitovao za A tim Srbije, pa se neko iz FS BiH dosetio da mladi\u0107u, ro\u0111enom u Novom Pazaru, ponudi tamo\u0161nje dr\u017eavljanstvo, a time mu i automatski omogu\u0107i da zaigra za tim koji sa klupe predvodi Safet Su\u0161i\u0107.<\/p>\n<p>&#8211; I pored moje dobre volje, ne mogu ni\u0161ta da vam ka\u017eem, jer mi je trener Sini\u0161a Mihajlovi\u0107 zabranio da dajem izjave. Moram da po\u0161tujem njegovu odluku. Sa mnom niko iz FS BiH nije kontaktirao, \u0161to ne zna\u010di da nije moje menad\u017eere &#8211; otkrio je Ljaji\u0107.<\/p>\n<p>Ljaji\u0107, koji je u \u010detvrtak napunio 19 godina, jedan je od najtalentovanijih igra\u010da u Evropi, a posle sjajnih partija u dresu Partizana, bio je nadomak prelaska u Man\u010dester junajted, ali se taj posao u posljednjem trenutku izjalovio zbog radne dozvole. Mladi fudbaler je kasnije ipak oti\u0161ao u Firencu gdje se, posle \u0161est mjeseci privikavanja, ove sezone napokon ustalio u prvom timu.<\/p>\n<p>Izvor: <strong>SandzakPRESS.net<\/strong><\/p>\n","protected":false},"excerpt":{"rendered":"<p>Novi Pazar &#8211; Adem Ljaji\u0107 (19), jedan od najtalentovanijih evropskih fudbalera, mogao bi da postane reprezentativac Bosne i Hercegovine, tvrde tamo\u0161nji mediji! Mladi reprezentativac Srbije jo\u0161 nije debitovao za A tim Srbije, pa se neko iz FS BiH dosetio da mladi\u0107u, ro\u0111enom u Novom Pazaru, ponudi tamo\u0161nje dr\u017eavljanstvo, a time mu i automatski omogu\u0107i da [&hellip;]<\/p>\n","protected":false},"author":83,"featured_media":8870,"comment_status":"open","ping_status":"open","sticky":false,"template":"","format":"standard","meta":{"footnotes":""},"categories":[72,13],"tags":[],"class_list":{"0":"post-8869","1":"post","2":"type-post","3":"status-publish","4":"format-standard","5":"has-post-thumbnail","7":"category-novi-pazar","8":"category-sport"},"yoast_head":"<!-- This site is optimized with the Yoast SEO Premium plugin v23.1 (Yoast SEO v24.9) - https:\/\/yoast.com\/wordpress\/plugins\/seo\/ -->\n<title>Adem Ljaji\u0107, reprezentativac BiH?<\/title>\n<meta name=\"robots\" content=\"index, follow, max-snippet:-1, max-image-preview:large, max-video-preview:-1\" \/>\n<link rel=\"canonical\" href=\"https:\/\/sandzakpress.net\/arhiva\/adem-ljajic-reprezentativac-bih\/\" \/>\n<meta property=\"og:locale\" content=\"bs_BA\" \/>\n<meta property=\"og:type\" content=\"article\" \/>\n<meta property=\"og:title\" content=\"Adem Ljaji\u0107, reprezentativac BiH?\" \/>\n<meta property=\"og:description\" content=\"Novi Pazar &#8211; Adem Ljaji\u0107 (19), jedan od najtalentovanijih evropskih fudbalera, mogao bi da postane reprezentativac Bosne i Hercegovine, tvrde tamo\u0161nji mediji! Mladi reprezentativac Srbije jo\u0161 nije debitovao za A tim Srbije, pa se neko iz FS BiH dosetio da mladi\u0107u, ro\u0111enom u Novom Pazaru, ponudi tamo\u0161nje dr\u017eavljanstvo, a time mu i automatski omogu\u0107i da [&hellip;]\" \/>\n<meta property=\"og:url\" content=\"https:\/\/sandzakpress.net\/arhiva\/adem-ljajic-reprezentativac-bih\/\" \/>\n<meta property=\"og:site_name\" content=\"Sand\u017eak PRESS\" \/>\n<meta property=\"article:published_time\" content=\"2010-10-03T11:41:19+00:00\" \/>\n<meta property=\"og:image\" content=\"https:\/\/sandzakpress.net\/arhiva\/wp-content\/uploads\/2010\/10\/23310_125426837480581_974_n.jpg\" \/>\n\t<meta property=\"og:image:width\" content=\"200\" \/>\n\t<meta property=\"og:image:height\" content=\"203\" \/>\n\t<meta property=\"og:image:type\" content=\"image\/jpeg\" \/>\n<meta name=\"author\" content=\"bosniak\" \/>\n<meta name=\"twitter:card\" content=\"summary_large_image\" \/>\n<meta name=\"twitter:label1\" content=\"Written by\" \/>\n\t<meta name=\"twitter:data1\" content=\"bosniak\" \/>\n\t<meta name=\"twitter:label2\" content=\"Est. reading time\" \/>\n\t<meta name=\"twitter:data2\" content=\"1 minuta\" \/>\n<script type=\"application\/ld+json\" class=\"yoast-schema-graph\">{\"@context\":\"https:\/\/schema.org\",\"@graph\":[{\"@type\":\"Article\",\"@id\":\"https:\/\/sandzakpress.net\/arhiva\/adem-ljajic-reprezentativac-bih\/#article\",\"isPartOf\":{\"@id\":\"https:\/\/sandzakpress.net\/arhiva\/adem-ljajic-reprezentativac-bih\/\"},\"author\":{\"name\":\"bosniak\",\"@id\":\"https:\/\/sandzakpress.net\/arhiva\/#\/schema\/person\/c8baee722073534b583ea7bdb2e36c02\"},\"headline\":\"Adem Ljaji\u0107, reprezentativac BiH?\",\"datePublished\":\"2010-10-03T11:41:19+00:00\",\"mainEntityOfPage\":{\"@id\":\"https:\/\/sandzakpress.net\/arhiva\/adem-ljajic-reprezentativac-bih\/\"},\"wordCount\":192,\"commentCount\":16,\"publisher\":{\"@id\":\"https:\/\/sandzakpress.net\/arhiva\/#\/schema\/person\/6e72b67d6e51910a1117b3b483ba20bd\"},\"image\":{\"@id\":\"https:\/\/sandzakpress.net\/arhiva\/adem-ljajic-reprezentativac-bih\/#primaryimage\"},\"thumbnailUrl\":\"https:\/\/sandzakpress.net\/arhiva\/wp-content\/uploads\/2010\/10\/23310_125426837480581_974_n.jpg\",\"articleSection\":[\"Novi Pazar\",\"Sport\"],\"inLanguage\":\"bs-BA\",\"potentialAction\":[{\"@type\":\"CommentAction\",\"name\":\"Comment\",\"target\":[\"https:\/\/sandzakpress.net\/arhiva\/adem-ljajic-reprezentativac-bih\/#respond\"]}]},{\"@type\":\"WebPage\",\"@id\":\"https:\/\/sandzakpress.net\/arhiva\/adem-ljajic-reprezentativac-bih\/\",\"url\":\"https:\/\/sandzakpress.net\/arhiva\/adem-ljajic-reprezentativac-bih\/\",\"name\":\"Adem Ljaji\u0107, reprezentativac BiH?\",\"isPartOf\":{\"@id\":\"https:\/\/sandzakpress.net\/arhiva\/#website\"},\"primaryImageOfPage\":{\"@id\":\"https:\/\/sandzakpress.net\/arhiva\/adem-ljajic-reprezentativac-bih\/#primaryimage\"},\"image\":{\"@id\":\"https:\/\/sandzakpress.net\/arhiva\/adem-ljajic-reprezentativac-bih\/#primaryimage\"},\"thumbnailUrl\":\"https:\/\/sandzakpress.net\/arhiva\/wp-content\/uploads\/2010\/10\/23310_125426837480581_974_n.jpg\",\"datePublished\":\"2010-10-03T11:41:19+00:00\",\"breadcrumb\":{\"@id\":\"https:\/\/sandzakpress.net\/arhiva\/adem-ljajic-reprezentativac-bih\/#breadcrumb\"},\"inLanguage\":\"bs-BA\",\"potentialAction\":[{\"@type\":\"ReadAction\",\"target\":[\"https:\/\/sandzakpress.net\/arhiva\/adem-ljajic-reprezentativac-bih\/\"]}]},{\"@type\":\"ImageObject\",\"inLanguage\":\"bs-BA\",\"@id\":\"https:\/\/sandzakpress.net\/arhiva\/adem-ljajic-reprezentativac-bih\/#primaryimage\",\"url\":\"https:\/\/sandzakpress.net\/arhiva\/wp-content\/uploads\/2010\/10\/23310_125426837480581_974_n.jpg\",\"contentUrl\":\"https:\/\/sandzakpress.net\/arhiva\/wp-content\/uploads\/2010\/10\/23310_125426837480581_974_n.jpg\",\"width\":200,\"height\":203},{\"@type\":\"BreadcrumbList\",\"@id\":\"https:\/\/sandzakpress.net\/arhiva\/adem-ljajic-reprezentativac-bih\/#breadcrumb\",\"itemListElement\":[{\"@type\":\"ListItem\",\"position\":1,\"name\":\"Home\",\"item\":\"https:\/\/sandzakpress.net\/arhiva\/\"},{\"@type\":\"ListItem\",\"position\":2,\"name\":\"Adem Ljaji\u0107, reprezentativac BiH?\"}]},{\"@type\":\"WebSite\",\"@id\":\"https:\/\/sandzakpress.net\/arhiva\/#website\",\"url\":\"https:\/\/sandzakpress.net\/arhiva\/\",\"name\":\"Sand\u017eak PRESS\",\"description\":\"Prve elektronske novine u Sand\u017eaku\",\"publisher\":{\"@id\":\"https:\/\/sandzakpress.net\/arhiva\/#\/schema\/person\/6e72b67d6e51910a1117b3b483ba20bd\"},\"potentialAction\":[{\"@type\":\"SearchAction\",\"target\":{\"@type\":\"EntryPoint\",\"urlTemplate\":\"https:\/\/sandzakpress.net\/arhiva\/?s={search_term_string}\"},\"query-input\":{\"@type\":\"PropertyValueSpecification\",\"valueRequired\":true,\"valueName\":\"search_term_string\"}}],\"inLanguage\":\"bs-BA\"},{\"@type\":[\"Person\",\"Organization\"],\"@id\":\"https:\/\/sandzakpress.net\/arhiva\/#\/schema\/person\/6e72b67d6e51910a1117b3b483ba20bd\",\"name\":\"Kul\",\"image\":{\"@type\":\"ImageObject\",\"inLanguage\":\"bs-BA\",\"@id\":\"https:\/\/sandzakpress.net\/arhiva\/#\/schema\/person\/image\/\",\"url\":\"https:\/\/secure.gravatar.com\/avatar\/42263f39aa27ac04c43cab85c280eb2e?s=96&d=mm&r=pg\",\"contentUrl\":\"https:\/\/secure.gravatar.com\/avatar\/42263f39aa27ac04c43cab85c280eb2e?s=96&d=mm&r=pg\",\"caption\":\"Kul\"},\"logo\":{\"@id\":\"https:\/\/sandzakpress.net\/arhiva\/#\/schema\/person\/image\/\"}},{\"@type\":\"Person\",\"@id\":\"https:\/\/sandzakpress.net\/arhiva\/#\/schema\/person\/c8baee722073534b583ea7bdb2e36c02\",\"name\":\"bosniak\",\"image\":{\"@type\":\"ImageObject\",\"inLanguage\":\"bs-BA\",\"@id\":\"https:\/\/sandzakpress.net\/arhiva\/#\/schema\/person\/image\/\",\"url\":\"https:\/\/secure.gravatar.com\/avatar\/a04fd330bfe3a36a72a0ad4a6d89fca7?s=96&d=mm&r=pg\",\"contentUrl\":\"https:\/\/secure.gravatar.com\/avatar\/a04fd330bfe3a36a72a0ad4a6d89fca7?s=96&d=mm&r=pg\",\"caption\":\"bosniak\"},\"url\":\"https:\/\/sandzakpress.net\/arhiva\/author\/bosniak\/\"}]}<\/script>\n<!-- \/ Yoast SEO Premium plugin. -->","yoast_head_json":{"title":"Adem Ljaji\u0107, reprezentativac BiH?","robots":{"index":"index","follow":"follow","max-snippet":"max-snippet:-1","max-image-preview":"max-image-preview:large","max-video-preview":"max-video-preview:-1"},"canonical":"https:\/\/sandzakpress.net\/arhiva\/adem-ljajic-reprezentativac-bih\/","og_locale":"bs_BA","og_type":"article","og_title":"Adem Ljaji\u0107, reprezentativac BiH?","og_description":"Novi Pazar &#8211; Adem Ljaji\u0107 (19), jedan od najtalentovanijih evropskih fudbalera, mogao bi da postane reprezentativac Bosne i Hercegovine, tvrde tamo\u0161nji mediji! Mladi reprezentativac Srbije jo\u0161 nije debitovao za A tim Srbije, pa se neko iz FS BiH dosetio da mladi\u0107u, ro\u0111enom u Novom Pazaru, ponudi tamo\u0161nje dr\u017eavljanstvo, a time mu i automatski omogu\u0107i da [&hellip;]","og_url":"https:\/\/sandzakpress.net\/arhiva\/adem-ljajic-reprezentativac-bih\/","og_site_name":"Sand\u017eak PRESS","article_published_time":"2010-10-03T11:41:19+00:00","og_image":[{"width":200,"height":203,"url":"https:\/\/sandzakpress.net\/arhiva\/wp-content\/uploads\/2010\/10\/23310_125426837480581_974_n.jpg","type":"image\/jpeg"}],"author":"bosniak","twitter_card":"summary_large_image","twitter_misc":{"Written by":"bosniak","Est. reading time":"1 minuta"},"schema":{"@context":"https:\/\/schema.org","@graph":[{"@type":"Article","@id":"https:\/\/sandzakpress.net\/arhiva\/adem-ljajic-reprezentativac-bih\/#article","isPartOf":{"@id":"https:\/\/sandzakpress.net\/arhiva\/adem-ljajic-reprezentativac-bih\/"},"author":{"name":"bosniak","@id":"https:\/\/sandzakpress.net\/arhiva\/#\/schema\/person\/c8baee722073534b583ea7bdb2e36c02"},"headline":"Adem Ljaji\u0107, reprezentativac BiH?","datePublished":"2010-10-03T11:41:19+00:00","mainEntityOfPage":{"@id":"https:\/\/sandzakpress.net\/arhiva\/adem-ljajic-reprezentativac-bih\/"},"wordCount":192,"commentCount":16,"publisher":{"@id":"https:\/\/sandzakpress.net\/arhiva\/#\/schema\/person\/6e72b67d6e51910a1117b3b483ba20bd"},"image":{"@id":"https:\/\/sandzakpress.net\/arhiva\/adem-ljajic-reprezentativac-bih\/#primaryimage"},"thumbnailUrl":"https:\/\/sandzakpress.net\/arhiva\/wp-content\/uploads\/2010\/10\/23310_125426837480581_974_n.jpg","articleSection":["Novi Pazar","Sport"],"inLanguage":"bs-BA","potentialAction":[{"@type":"CommentAction","name":"Comment","target":["https:\/\/sandzakpress.net\/arhiva\/adem-ljajic-reprezentativac-bih\/#respond"]}]},{"@type":"WebPage","@id":"https:\/\/sandzakpress.net\/arhiva\/adem-ljajic-reprezentativac-bih\/","url":"https:\/\/sandzakpress.net\/arhiva\/adem-ljajic-reprezentativac-bih\/","name":"Adem Ljaji\u0107, reprezentativac BiH?","isPartOf":{"@id":"https:\/\/sandzakpress.net\/arhiva\/#website"},"primaryImageOfPage":{"@id":"https:\/\/sandzakpress.net\/arhiva\/adem-ljajic-reprezentativac-bih\/#primaryimage"},"image":{"@id":"https:\/\/sandzakpress.net\/arhiva\/adem-ljajic-reprezentativac-bih\/#primaryimage"},"thumbnailUrl":"https:\/\/sandzakpress.net\/arhiva\/wp-content\/uploads\/2010\/10\/23310_125426837480581_974_n.jpg","datePublished":"2010-10-03T11:41:19+00:00","breadcrumb":{"@id":"https:\/\/sandzakpress.net\/arhiva\/adem-ljajic-reprezentativac-bih\/#breadcrumb"},"inLanguage":"bs-BA","potentialAction":[{"@type":"ReadAction","target":["https:\/\/sandzakpress.net\/arhiva\/adem-ljajic-reprezentativac-bih\/"]}]},{"@type":"ImageObject","inLanguage":"bs-BA","@id":"https:\/\/sandzakpress.net\/arhiva\/adem-ljajic-reprezentativac-bih\/#primaryimage","url":"https:\/\/sandzakpress.net\/arhiva\/wp-content\/uploads\/2010\/10\/23310_125426837480581_974_n.jpg","contentUrl":"https:\/\/sandzakpress.net\/arhiva\/wp-content\/uploads\/2010\/10\/23310_125426837480581_974_n.jpg","width":200,"height":203},{"@type":"BreadcrumbList","@id":"https:\/\/sandzakpress.net\/arhiva\/adem-ljajic-reprezentativac-bih\/#breadcrumb","itemListElement":[{"@type":"ListItem","position":1,"name":"Home","item":"https:\/\/sandzakpress.net\/arhiva\/"},{"@type":"ListItem","position":2,"name":"Adem Ljaji\u0107, reprezentativac BiH?"}]},{"@type":"WebSite","@id":"https:\/\/sandzakpress.net\/arhiva\/#website","url":"https:\/\/sandzakpress.net\/arhiva\/","name":"Sand\u017eak PRESS","description":"Prve elektronske novine u Sand\u017eaku","publisher":{"@id":"https:\/\/sandzakpress.net\/arhiva\/#\/schema\/person\/6e72b67d6e51910a1117b3b483ba20bd"},"potentialAction":[{"@type":"SearchAction","target":{"@type":"EntryPoint","urlTemplate":"https:\/\/sandzakpress.net\/arhiva\/?s={search_term_string}"},"query-input":{"@type":"PropertyValueSpecification","valueRequired":true,"valueName":"search_term_string"}}],"inLanguage":"bs-BA"},{"@type":["Person","Organization"],"@id":"https:\/\/sandzakpress.net\/arhiva\/#\/schema\/person\/6e72b67d6e51910a1117b3b483ba20bd","name":"Kul","image":{"@type":"ImageObject","inLanguage":"bs-BA","@id":"https:\/\/sandzakpress.net\/arhiva\/#\/schema\/person\/image\/","url":"https:\/\/secure.gravatar.com\/avatar\/42263f39aa27ac04c43cab85c280eb2e?s=96&d=mm&r=pg","contentUrl":"https:\/\/secure.gravatar.com\/avatar\/42263f39aa27ac04c43cab85c280eb2e?s=96&d=mm&r=pg","caption":"Kul"},"logo":{"@id":"https:\/\/sandzakpress.net\/arhiva\/#\/schema\/person\/image\/"}},{"@type":"Person","@id":"https:\/\/sandzakpress.net\/arhiva\/#\/schema\/person\/c8baee722073534b583ea7bdb2e36c02","name":"bosniak","image":{"@type":"ImageObject","inLanguage":"bs-BA","@id":"https:\/\/sandzakpress.net\/arhiva\/#\/schema\/person\/image\/","url":"https:\/\/secure.gravatar.com\/avatar\/a04fd330bfe3a36a72a0ad4a6d89fca7?s=96&d=mm&r=pg","contentUrl":"https:\/\/secure.gravatar.com\/avatar\/a04fd330bfe3a36a72a0ad4a6d89fca7?s=96&d=mm&r=pg","caption":"bosniak"},"url":"https:\/\/sandzakpress.net\/arhiva\/author\/bosniak\/"}]}},"_links":{"self":[{"href":"https:\/\/sandzakpress.net\/arhiva\/wp-json\/wp\/v2\/posts\/8869"}],"collection":[{"href":"https:\/\/sandzakpress.net\/arhiva\/wp-json\/wp\/v2\/posts"}],"about":[{"href":"https:\/\/sandzakpress.net\/arhiva\/wp-json\/wp\/v2\/types\/post"}],"author":[{"embeddable":true,"href":"https:\/\/sandzakpress.net\/arhiva\/wp-json\/wp\/v2\/users\/83"}],"replies":[{"embeddable":true,"href":"https:\/\/sandzakpress.net\/arhiva\/wp-json\/wp\/v2\/comments?post=8869"}],"version-history":[{"count":0,"href":"https:\/\/sandzakpress.net\/arhiva\/wp-json\/wp\/v2\/posts\/8869\/revisions"}],"wp:featuredmedia":[{"embeddable":true,"href":"https:\/\/sandzakpress.net\/arhiva\/wp-json\/wp\/v2\/media\/8870"}],"wp:attachment":[{"href":"https:\/\/sandzakpress.net\/arhiva\/wp-json\/wp\/v2\/media?parent=8869"}],"wp:term":[{"taxonomy":"category","embeddable":true,"href":"https:\/\/sandzakpress.net\/arhiva\/wp-json\/wp\/v2\/categories?post=8869"},{"taxonomy":"post_tag","embeddable":true,"href":"https:\/\/sandzakpress.net\/arhiva\/wp-json\/wp\/v2\/tags?post=8869"}],"curies":[{"name":"wp","href":"https:\/\/api.w.org\/{rel}","templated":true}]}}