{"id":88566,"date":"2013-09-24T16:56:29","date_gmt":"2013-09-24T14:56:29","guid":{"rendered":"https:\/\/sandzakpress.net\/arhiva\/?p=88566"},"modified":"2013-09-24T16:58:04","modified_gmt":"2013-09-24T14:58:04","slug":"fahrudin-radoncic-bije-boj-za-povratak-bosnjaka-u-status-neodredenog-historijskog-i-drustvenog-subjekta","status":"publish","type":"post","link":"https:\/\/sandzakpress.net\/arhiva\/fahrudin-radoncic-bije-boj-za-povratak-bosnjaka-u-status-neodredenog-historijskog-i-drustvenog-subjekta\/","title":{"rendered":"Fahrudin Radon\u010di\u0107 bije boj za povratak Bo\u0161njaka u status neodre\u0111enog subjekta"},"content":{"rendered":"<p><strong><a href=\"https:\/\/sandzakpress.net\/arhiva\/wp-content\/uploads\/2013\/09\/muhamed-filipovic.jpg\"><img loading=\"lazy\" decoding=\"async\" class=\"alignleft size-full wp-image-88572\" alt=\"muhamed filipovic\" src=\"https:\/\/sandzakpress.net\/arhiva\/wp-content\/uploads\/2013\/09\/muhamed-filipovic.jpg\" width=\"265\" height=\"190\" \/><\/a>U povodu neuobi\u010dajenog i svake \u010dinjeni\u010dne i stvarne, a pogotovo moralne i kulturne osnove li\u0161enog napada na ukupnu li\u010dnost i djelovanje sand\u017ea\u010dkog muftije Muamer ef. Zukorli\u0107a, Akademik Muhamed Filipovi\u0107 izdaje saop\u0107enje:<\/strong><!--more--><\/p>\n<p>Prvo, napade ove vrste smatram ostatkom te\u0161ke pro\u0161losti u kojoj je volja vladaju\u0107ih snaga imala mo\u0107 istine i pravo pojavljivanja i kao takve odri\u010dem se svojstva opravdane dru\u0161tvene kritike i pozitivne namjere i smatram ih izrazom mr\u017enje, zbog \u010dega ih u na\u010delu i u pojedinostima odbijam.<\/p>\n<p>Ovaj konkretni napad, osim toga, li\u0161en je jednog jedinog stvarnog, provjerljivog i dokazanog argumenta, zbog \u010dega ga smatram izrazom stavova onih koji su svaki dosada\u0161nji sukob sa muftijom Zukorli\u0107em izgubili zbog potpunog nedostatka argumenata, kao \u0161to tvrdimo da napad nije rezultat bilo kakvog ozbiljnog i odgovornog novinarskog rada nego da dolazi od onih koji su se uklju\u010dili u bitku za povratak Bo\u0161njaka u status neodre\u0111enog historijskog i dru\u0161tvenog subjekta u Srbiji i na cijelom Balkanu, li\u0161enog bitnih nacionalnih i politi\u010dkih prava i ovisnog od vlasti, koja je u konkretnom slu\u010daju srbijanska nacionalisti\u010dka vlast koja je stotinu godina vodila i nastavlja da vodi politiku eliminacije Bo\u0161njaka kao ravnopravnog dijela dru\u0161tvenog i politi\u010dkog tkiva Srbije i kao aktivnog faktora u nauci, kulturi i u svim drugim vidovima \u017eivota.<\/p>\n<p>Napad osnovan na najobi\u010dnijim tra\u010devima, bez ijednog i provjerljivog dokaza i centriran na privatni \u017eivot\u00a0li\u010dnosti koja se napada, a u kojem je glavni dokaz mi\u0161ljenje ljudi za koje se ne zna ni ko su, ni odakle su, ni po \u010dijim nalozima rade, ali se iz rukopisa napada vidi da su u slu\u017ebi muftijinih politi\u010dkih protivnika i sa jasnim naznakama metoda rada tajnih slu\u017ebi i njihovih pouzdanika u politici i medijima, nije ne\u0161to \u0161to bi trebalo posebno opovrgavati, ali javnost treba znati da iza muftije Zukorli\u0107a stoje djela stvorena u korist bo\u0161nja\u010dkog naroda i cijele srpske demokratije, sa kojima se ne mogu porediti ni aktualne srpske vlasti ni sand\u017ea\u010dki politi\u010dari u slu\u017ebi te vlasti, jer iza muftije Zukorli\u0107a stoje zna\u010dajna postignu\u0107a bo\u0161nja\u010dkog naroda Sand\u017eaka i Srbije u pogledu osamostaljivanja i stvaranja bitnih institucija obrazovanja, kulture i nauke najvi\u0161eg ranga i da je to u stvari jedini razlog zbog kojeg se Muftija tako agresivno, nekulturno i neodmjereno napada.<\/p>\n<p>BANU, koja je sastavni dio ukupne Muftijine djelatnosti i koja je sna\u017ean iskorak Bo\u0161njaka u budu\u0107nost u kojoj oni vi\u0161e ne\u0107e biti jedini narod na Balkanu bez svojih najvi\u0161ih nacionalnih nau\u010dnih i kulturnih institucija, stoji iza svog generalnog sekretara muftije sand\u017ea\u010dkog Muamer efendije Zukorli\u0107a, po\u0161tuju\u0107i njegov rad i doprinos u nastajanju svih brojnih i aktivnih institucija bo\u0161nja\u010dkog naroda u Sand\u017eaku i na cijelom prostoru na kojem Bo\u0161njaci\u00a0\u00a0kao narod \u017eive i na povezivanju Bo\u0161njaka \u0161irom cijelog svijeta gdje se oni nalaze u prisilnoj emigraciji.<\/p>\n","protected":false},"excerpt":{"rendered":"<p>Akademik Muhamed Filipovi\u0107<\/p>\n","protected":false},"author":83,"featured_media":88572,"comment_status":"open","ping_status":"open","sticky":false,"template":"","format":"standard","meta":{"footnotes":""},"categories":[10196],"tags":[10204,10365],"class_list":{"0":"post-88566","1":"post","2":"type-post","3":"status-publish","4":"format-standard","5":"has-post-thumbnail","7":"category-iz-pera-nasih-autora","8":"tag-muftija-muamer-zukorlic","9":"tag-akademik-muhamed-filipovic"},"yoast_head":"<!-- This site is optimized with the Yoast SEO Premium plugin v23.1 (Yoast SEO v24.9) - https:\/\/yoast.com\/wordpress\/plugins\/seo\/ -->\n<title>Fahrudin Radon\u010di\u0107 bije boj za povratak Bo\u0161njaka u status neodre\u0111enog subjekta<\/title>\n<meta name=\"robots\" content=\"index, follow, max-snippet:-1, max-image-preview:large, max-video-preview:-1\" \/>\n<link rel=\"canonical\" href=\"https:\/\/sandzakpress.net\/arhiva\/fahrudin-radoncic-bije-boj-za-povratak-bosnjaka-u-status-neodredenog-historijskog-i-drustvenog-subjekta\/\" \/>\n<meta property=\"og:locale\" content=\"bs_BA\" \/>\n<meta property=\"og:type\" content=\"article\" \/>\n<meta property=\"og:title\" content=\"Fahrudin Radon\u010di\u0107 bije boj za povratak Bo\u0161njaka u status neodre\u0111enog subjekta\" \/>\n<meta property=\"og:description\" content=\"Akademik Muhamed Filipovi\u0107\" \/>\n<meta property=\"og:url\" content=\"https:\/\/sandzakpress.net\/arhiva\/fahrudin-radoncic-bije-boj-za-povratak-bosnjaka-u-status-neodredenog-historijskog-i-drustvenog-subjekta\/\" \/>\n<meta property=\"og:site_name\" content=\"Sand\u017eak PRESS\" \/>\n<meta property=\"article:published_time\" content=\"2013-09-24T14:56:29+00:00\" \/>\n<meta property=\"article:modified_time\" content=\"2013-09-24T14:58:04+00:00\" \/>\n<meta property=\"og:image\" content=\"https:\/\/sandzakpress.net\/arhiva\/wp-content\/uploads\/2013\/09\/muhamed-filipovic.jpg\" \/>\n\t<meta property=\"og:image:width\" content=\"265\" \/>\n\t<meta property=\"og:image:height\" content=\"190\" \/>\n\t<meta property=\"og:image:type\" content=\"image\/jpeg\" \/>\n<meta name=\"author\" content=\"bosniak\" \/>\n<meta name=\"twitter:card\" content=\"summary_large_image\" \/>\n<meta name=\"twitter:label1\" content=\"Written by\" \/>\n\t<meta name=\"twitter:data1\" content=\"bosniak\" \/>\n\t<meta name=\"twitter:label2\" content=\"Est. reading time\" \/>\n\t<meta name=\"twitter:data2\" content=\"3 minute\" \/>\n<script type=\"application\/ld+json\" class=\"yoast-schema-graph\">{\"@context\":\"https:\/\/schema.org\",\"@graph\":[{\"@type\":\"Article\",\"@id\":\"https:\/\/sandzakpress.net\/arhiva\/fahrudin-radoncic-bije-boj-za-povratak-bosnjaka-u-status-neodredenog-historijskog-i-drustvenog-subjekta\/#article\",\"isPartOf\":{\"@id\":\"https:\/\/sandzakpress.net\/arhiva\/fahrudin-radoncic-bije-boj-za-povratak-bosnjaka-u-status-neodredenog-historijskog-i-drustvenog-subjekta\/\"},\"author\":{\"name\":\"bosniak\",\"@id\":\"https:\/\/sandzakpress.net\/arhiva\/#\/schema\/person\/c8baee722073534b583ea7bdb2e36c02\"},\"headline\":\"Fahrudin Radon\u010di\u0107 bije boj za povratak Bo\u0161njaka u status neodre\u0111enog subjekta\",\"datePublished\":\"2013-09-24T14:56:29+00:00\",\"dateModified\":\"2013-09-24T14:58:04+00:00\",\"mainEntityOfPage\":{\"@id\":\"https:\/\/sandzakpress.net\/arhiva\/fahrudin-radoncic-bije-boj-za-povratak-bosnjaka-u-status-neodredenog-historijskog-i-drustvenog-subjekta\/\"},\"wordCount\":526,\"commentCount\":1,\"publisher\":{\"@id\":\"https:\/\/sandzakpress.net\/arhiva\/#\/schema\/person\/6e72b67d6e51910a1117b3b483ba20bd\"},\"image\":{\"@id\":\"https:\/\/sandzakpress.net\/arhiva\/fahrudin-radoncic-bije-boj-za-povratak-bosnjaka-u-status-neodredenog-historijskog-i-drustvenog-subjekta\/#primaryimage\"},\"thumbnailUrl\":\"https:\/\/sandzakpress.net\/arhiva\/wp-content\/uploads\/2013\/09\/muhamed-filipovic.jpg\",\"keywords\":[\"muftija Muamer Zukorli\u0107\",\"Akademik Muhamed FIlipovi\u0107\"],\"articleSection\":[\"Iz pera na\u0161ih autora\"],\"inLanguage\":\"bs-BA\",\"potentialAction\":[{\"@type\":\"CommentAction\",\"name\":\"Comment\",\"target\":[\"https:\/\/sandzakpress.net\/arhiva\/fahrudin-radoncic-bije-boj-za-povratak-bosnjaka-u-status-neodredenog-historijskog-i-drustvenog-subjekta\/#respond\"]}]},{\"@type\":\"WebPage\",\"@id\":\"https:\/\/sandzakpress.net\/arhiva\/fahrudin-radoncic-bije-boj-za-povratak-bosnjaka-u-status-neodredenog-historijskog-i-drustvenog-subjekta\/\",\"url\":\"https:\/\/sandzakpress.net\/arhiva\/fahrudin-radoncic-bije-boj-za-povratak-bosnjaka-u-status-neodredenog-historijskog-i-drustvenog-subjekta\/\",\"name\":\"Fahrudin Radon\u010di\u0107 bije boj za povratak Bo\u0161njaka u status neodre\u0111enog subjekta\",\"isPartOf\":{\"@id\":\"https:\/\/sandzakpress.net\/arhiva\/#website\"},\"primaryImageOfPage\":{\"@id\":\"https:\/\/sandzakpress.net\/arhiva\/fahrudin-radoncic-bije-boj-za-povratak-bosnjaka-u-status-neodredenog-historijskog-i-drustvenog-subjekta\/#primaryimage\"},\"image\":{\"@id\":\"https:\/\/sandzakpress.net\/arhiva\/fahrudin-radoncic-bije-boj-za-povratak-bosnjaka-u-status-neodredenog-historijskog-i-drustvenog-subjekta\/#primaryimage\"},\"thumbnailUrl\":\"https:\/\/sandzakpress.net\/arhiva\/wp-content\/uploads\/2013\/09\/muhamed-filipovic.jpg\",\"datePublished\":\"2013-09-24T14:56:29+00:00\",\"dateModified\":\"2013-09-24T14:58:04+00:00\",\"breadcrumb\":{\"@id\":\"https:\/\/sandzakpress.net\/arhiva\/fahrudin-radoncic-bije-boj-za-povratak-bosnjaka-u-status-neodredenog-historijskog-i-drustvenog-subjekta\/#breadcrumb\"},\"inLanguage\":\"bs-BA\",\"potentialAction\":[{\"@type\":\"ReadAction\",\"target\":[\"https:\/\/sandzakpress.net\/arhiva\/fahrudin-radoncic-bije-boj-za-povratak-bosnjaka-u-status-neodredenog-historijskog-i-drustvenog-subjekta\/\"]}]},{\"@type\":\"ImageObject\",\"inLanguage\":\"bs-BA\",\"@id\":\"https:\/\/sandzakpress.net\/arhiva\/fahrudin-radoncic-bije-boj-za-povratak-bosnjaka-u-status-neodredenog-historijskog-i-drustvenog-subjekta\/#primaryimage\",\"url\":\"https:\/\/sandzakpress.net\/arhiva\/wp-content\/uploads\/2013\/09\/muhamed-filipovic.jpg\",\"contentUrl\":\"https:\/\/sandzakpress.net\/arhiva\/wp-content\/uploads\/2013\/09\/muhamed-filipovic.jpg\",\"width\":265,\"height\":190},{\"@type\":\"BreadcrumbList\",\"@id\":\"https:\/\/sandzakpress.net\/arhiva\/fahrudin-radoncic-bije-boj-za-povratak-bosnjaka-u-status-neodredenog-historijskog-i-drustvenog-subjekta\/#breadcrumb\",\"itemListElement\":[{\"@type\":\"ListItem\",\"position\":1,\"name\":\"Home\",\"item\":\"https:\/\/sandzakpress.net\/arhiva\/\"},{\"@type\":\"ListItem\",\"position\":2,\"name\":\"Fahrudin Radon\u010di\u0107 bije boj za povratak Bo\u0161njaka u status neodre\u0111enog subjekta\"}]},{\"@type\":\"WebSite\",\"@id\":\"https:\/\/sandzakpress.net\/arhiva\/#website\",\"url\":\"https:\/\/sandzakpress.net\/arhiva\/\",\"name\":\"Sand\u017eak PRESS\",\"description\":\"Prve elektronske novine u Sand\u017eaku\",\"publisher\":{\"@id\":\"https:\/\/sandzakpress.net\/arhiva\/#\/schema\/person\/6e72b67d6e51910a1117b3b483ba20bd\"},\"potentialAction\":[{\"@type\":\"SearchAction\",\"target\":{\"@type\":\"EntryPoint\",\"urlTemplate\":\"https:\/\/sandzakpress.net\/arhiva\/?s={search_term_string}\"},\"query-input\":{\"@type\":\"PropertyValueSpecification\",\"valueRequired\":true,\"valueName\":\"search_term_string\"}}],\"inLanguage\":\"bs-BA\"},{\"@type\":[\"Person\",\"Organization\"],\"@id\":\"https:\/\/sandzakpress.net\/arhiva\/#\/schema\/person\/6e72b67d6e51910a1117b3b483ba20bd\",\"name\":\"Kul\",\"image\":{\"@type\":\"ImageObject\",\"inLanguage\":\"bs-BA\",\"@id\":\"https:\/\/sandzakpress.net\/arhiva\/#\/schema\/person\/image\/\",\"url\":\"https:\/\/secure.gravatar.com\/avatar\/42263f39aa27ac04c43cab85c280eb2e?s=96&d=mm&r=pg\",\"contentUrl\":\"https:\/\/secure.gravatar.com\/avatar\/42263f39aa27ac04c43cab85c280eb2e?s=96&d=mm&r=pg\",\"caption\":\"Kul\"},\"logo\":{\"@id\":\"https:\/\/sandzakpress.net\/arhiva\/#\/schema\/person\/image\/\"}},{\"@type\":\"Person\",\"@id\":\"https:\/\/sandzakpress.net\/arhiva\/#\/schema\/person\/c8baee722073534b583ea7bdb2e36c02\",\"name\":\"bosniak\",\"image\":{\"@type\":\"ImageObject\",\"inLanguage\":\"bs-BA\",\"@id\":\"https:\/\/sandzakpress.net\/arhiva\/#\/schema\/person\/image\/\",\"url\":\"https:\/\/secure.gravatar.com\/avatar\/a04fd330bfe3a36a72a0ad4a6d89fca7?s=96&d=mm&r=pg\",\"contentUrl\":\"https:\/\/secure.gravatar.com\/avatar\/a04fd330bfe3a36a72a0ad4a6d89fca7?s=96&d=mm&r=pg\",\"caption\":\"bosniak\"},\"url\":\"https:\/\/sandzakpress.net\/arhiva\/author\/bosniak\/\"}]}<\/script>\n<!-- \/ Yoast SEO Premium plugin. -->","yoast_head_json":{"title":"Fahrudin Radon\u010di\u0107 bije boj za povratak Bo\u0161njaka u status neodre\u0111enog subjekta","robots":{"index":"index","follow":"follow","max-snippet":"max-snippet:-1","max-image-preview":"max-image-preview:large","max-video-preview":"max-video-preview:-1"},"canonical":"https:\/\/sandzakpress.net\/arhiva\/fahrudin-radoncic-bije-boj-za-povratak-bosnjaka-u-status-neodredenog-historijskog-i-drustvenog-subjekta\/","og_locale":"bs_BA","og_type":"article","og_title":"Fahrudin Radon\u010di\u0107 bije boj za povratak Bo\u0161njaka u status neodre\u0111enog subjekta","og_description":"Akademik Muhamed Filipovi\u0107","og_url":"https:\/\/sandzakpress.net\/arhiva\/fahrudin-radoncic-bije-boj-za-povratak-bosnjaka-u-status-neodredenog-historijskog-i-drustvenog-subjekta\/","og_site_name":"Sand\u017eak PRESS","article_published_time":"2013-09-24T14:56:29+00:00","article_modified_time":"2013-09-24T14:58:04+00:00","og_image":[{"width":265,"height":190,"url":"https:\/\/sandzakpress.net\/arhiva\/wp-content\/uploads\/2013\/09\/muhamed-filipovic.jpg","type":"image\/jpeg"}],"author":"bosniak","twitter_card":"summary_large_image","twitter_misc":{"Written by":"bosniak","Est. reading time":"3 minute"},"schema":{"@context":"https:\/\/schema.org","@graph":[{"@type":"Article","@id":"https:\/\/sandzakpress.net\/arhiva\/fahrudin-radoncic-bije-boj-za-povratak-bosnjaka-u-status-neodredenog-historijskog-i-drustvenog-subjekta\/#article","isPartOf":{"@id":"https:\/\/sandzakpress.net\/arhiva\/fahrudin-radoncic-bije-boj-za-povratak-bosnjaka-u-status-neodredenog-historijskog-i-drustvenog-subjekta\/"},"author":{"name":"bosniak","@id":"https:\/\/sandzakpress.net\/arhiva\/#\/schema\/person\/c8baee722073534b583ea7bdb2e36c02"},"headline":"Fahrudin Radon\u010di\u0107 bije boj za povratak Bo\u0161njaka u status neodre\u0111enog subjekta","datePublished":"2013-09-24T14:56:29+00:00","dateModified":"2013-09-24T14:58:04+00:00","mainEntityOfPage":{"@id":"https:\/\/sandzakpress.net\/arhiva\/fahrudin-radoncic-bije-boj-za-povratak-bosnjaka-u-status-neodredenog-historijskog-i-drustvenog-subjekta\/"},"wordCount":526,"commentCount":1,"publisher":{"@id":"https:\/\/sandzakpress.net\/arhiva\/#\/schema\/person\/6e72b67d6e51910a1117b3b483ba20bd"},"image":{"@id":"https:\/\/sandzakpress.net\/arhiva\/fahrudin-radoncic-bije-boj-za-povratak-bosnjaka-u-status-neodredenog-historijskog-i-drustvenog-subjekta\/#primaryimage"},"thumbnailUrl":"https:\/\/sandzakpress.net\/arhiva\/wp-content\/uploads\/2013\/09\/muhamed-filipovic.jpg","keywords":["muftija Muamer Zukorli\u0107","Akademik Muhamed FIlipovi\u0107"],"articleSection":["Iz pera na\u0161ih autora"],"inLanguage":"bs-BA","potentialAction":[{"@type":"CommentAction","name":"Comment","target":["https:\/\/sandzakpress.net\/arhiva\/fahrudin-radoncic-bije-boj-za-povratak-bosnjaka-u-status-neodredenog-historijskog-i-drustvenog-subjekta\/#respond"]}]},{"@type":"WebPage","@id":"https:\/\/sandzakpress.net\/arhiva\/fahrudin-radoncic-bije-boj-za-povratak-bosnjaka-u-status-neodredenog-historijskog-i-drustvenog-subjekta\/","url":"https:\/\/sandzakpress.net\/arhiva\/fahrudin-radoncic-bije-boj-za-povratak-bosnjaka-u-status-neodredenog-historijskog-i-drustvenog-subjekta\/","name":"Fahrudin Radon\u010di\u0107 bije boj za povratak Bo\u0161njaka u status neodre\u0111enog subjekta","isPartOf":{"@id":"https:\/\/sandzakpress.net\/arhiva\/#website"},"primaryImageOfPage":{"@id":"https:\/\/sandzakpress.net\/arhiva\/fahrudin-radoncic-bije-boj-za-povratak-bosnjaka-u-status-neodredenog-historijskog-i-drustvenog-subjekta\/#primaryimage"},"image":{"@id":"https:\/\/sandzakpress.net\/arhiva\/fahrudin-radoncic-bije-boj-za-povratak-bosnjaka-u-status-neodredenog-historijskog-i-drustvenog-subjekta\/#primaryimage"},"thumbnailUrl":"https:\/\/sandzakpress.net\/arhiva\/wp-content\/uploads\/2013\/09\/muhamed-filipovic.jpg","datePublished":"2013-09-24T14:56:29+00:00","dateModified":"2013-09-24T14:58:04+00:00","breadcrumb":{"@id":"https:\/\/sandzakpress.net\/arhiva\/fahrudin-radoncic-bije-boj-za-povratak-bosnjaka-u-status-neodredenog-historijskog-i-drustvenog-subjekta\/#breadcrumb"},"inLanguage":"bs-BA","potentialAction":[{"@type":"ReadAction","target":["https:\/\/sandzakpress.net\/arhiva\/fahrudin-radoncic-bije-boj-za-povratak-bosnjaka-u-status-neodredenog-historijskog-i-drustvenog-subjekta\/"]}]},{"@type":"ImageObject","inLanguage":"bs-BA","@id":"https:\/\/sandzakpress.net\/arhiva\/fahrudin-radoncic-bije-boj-za-povratak-bosnjaka-u-status-neodredenog-historijskog-i-drustvenog-subjekta\/#primaryimage","url":"https:\/\/sandzakpress.net\/arhiva\/wp-content\/uploads\/2013\/09\/muhamed-filipovic.jpg","contentUrl":"https:\/\/sandzakpress.net\/arhiva\/wp-content\/uploads\/2013\/09\/muhamed-filipovic.jpg","width":265,"height":190},{"@type":"BreadcrumbList","@id":"https:\/\/sandzakpress.net\/arhiva\/fahrudin-radoncic-bije-boj-za-povratak-bosnjaka-u-status-neodredenog-historijskog-i-drustvenog-subjekta\/#breadcrumb","itemListElement":[{"@type":"ListItem","position":1,"name":"Home","item":"https:\/\/sandzakpress.net\/arhiva\/"},{"@type":"ListItem","position":2,"name":"Fahrudin Radon\u010di\u0107 bije boj za povratak Bo\u0161njaka u status neodre\u0111enog subjekta"}]},{"@type":"WebSite","@id":"https:\/\/sandzakpress.net\/arhiva\/#website","url":"https:\/\/sandzakpress.net\/arhiva\/","name":"Sand\u017eak PRESS","description":"Prve elektronske novine u Sand\u017eaku","publisher":{"@id":"https:\/\/sandzakpress.net\/arhiva\/#\/schema\/person\/6e72b67d6e51910a1117b3b483ba20bd"},"potentialAction":[{"@type":"SearchAction","target":{"@type":"EntryPoint","urlTemplate":"https:\/\/sandzakpress.net\/arhiva\/?s={search_term_string}"},"query-input":{"@type":"PropertyValueSpecification","valueRequired":true,"valueName":"search_term_string"}}],"inLanguage":"bs-BA"},{"@type":["Person","Organization"],"@id":"https:\/\/sandzakpress.net\/arhiva\/#\/schema\/person\/6e72b67d6e51910a1117b3b483ba20bd","name":"Kul","image":{"@type":"ImageObject","inLanguage":"bs-BA","@id":"https:\/\/sandzakpress.net\/arhiva\/#\/schema\/person\/image\/","url":"https:\/\/secure.gravatar.com\/avatar\/42263f39aa27ac04c43cab85c280eb2e?s=96&d=mm&r=pg","contentUrl":"https:\/\/secure.gravatar.com\/avatar\/42263f39aa27ac04c43cab85c280eb2e?s=96&d=mm&r=pg","caption":"Kul"},"logo":{"@id":"https:\/\/sandzakpress.net\/arhiva\/#\/schema\/person\/image\/"}},{"@type":"Person","@id":"https:\/\/sandzakpress.net\/arhiva\/#\/schema\/person\/c8baee722073534b583ea7bdb2e36c02","name":"bosniak","image":{"@type":"ImageObject","inLanguage":"bs-BA","@id":"https:\/\/sandzakpress.net\/arhiva\/#\/schema\/person\/image\/","url":"https:\/\/secure.gravatar.com\/avatar\/a04fd330bfe3a36a72a0ad4a6d89fca7?s=96&d=mm&r=pg","contentUrl":"https:\/\/secure.gravatar.com\/avatar\/a04fd330bfe3a36a72a0ad4a6d89fca7?s=96&d=mm&r=pg","caption":"bosniak"},"url":"https:\/\/sandzakpress.net\/arhiva\/author\/bosniak\/"}]}},"_links":{"self":[{"href":"https:\/\/sandzakpress.net\/arhiva\/wp-json\/wp\/v2\/posts\/88566"}],"collection":[{"href":"https:\/\/sandzakpress.net\/arhiva\/wp-json\/wp\/v2\/posts"}],"about":[{"href":"https:\/\/sandzakpress.net\/arhiva\/wp-json\/wp\/v2\/types\/post"}],"author":[{"embeddable":true,"href":"https:\/\/sandzakpress.net\/arhiva\/wp-json\/wp\/v2\/users\/83"}],"replies":[{"embeddable":true,"href":"https:\/\/sandzakpress.net\/arhiva\/wp-json\/wp\/v2\/comments?post=88566"}],"version-history":[{"count":0,"href":"https:\/\/sandzakpress.net\/arhiva\/wp-json\/wp\/v2\/posts\/88566\/revisions"}],"wp:featuredmedia":[{"embeddable":true,"href":"https:\/\/sandzakpress.net\/arhiva\/wp-json\/wp\/v2\/media\/88572"}],"wp:attachment":[{"href":"https:\/\/sandzakpress.net\/arhiva\/wp-json\/wp\/v2\/media?parent=88566"}],"wp:term":[{"taxonomy":"category","embeddable":true,"href":"https:\/\/sandzakpress.net\/arhiva\/wp-json\/wp\/v2\/categories?post=88566"},{"taxonomy":"post_tag","embeddable":true,"href":"https:\/\/sandzakpress.net\/arhiva\/wp-json\/wp\/v2\/tags?post=88566"}],"curies":[{"name":"wp","href":"https:\/\/api.w.org\/{rel}","templated":true}]}}