{"id":88565,"date":"2013-09-24T23:53:54","date_gmt":"2013-09-24T21:53:54","guid":{"rendered":"https:\/\/sandzakpress.net\/arhiva\/?p=88565"},"modified":"2013-09-25T14:07:00","modified_gmt":"2013-09-25T12:07:00","slug":"povodom-harange-na-muftiju-muamera-efendiju-zukorlica-objavljene-u-listu-dnevni-avaz","status":"publish","type":"post","link":"https:\/\/sandzakpress.net\/arhiva\/povodom-harange-na-muftiju-muamera-efendiju-zukorlica-objavljene-u-listu-dnevni-avaz\/","title":{"rendered":"Povodom harange Dnevnog avaza na Muftiju Zukorli\u0107a osuda BANU"},"content":{"rendered":"<p style=\"text-align: center;\"><b>\u00a0<\/b><\/p>\n<p><b>BiH, Novi Pazar &#8211; B<a href=\"https:\/\/sandzakpress.net\/arhiva\/wp-content\/uploads\/2013\/09\/Muhic_25.jpg\"><img loading=\"lazy\" decoding=\"async\" class=\"alignleft size-medium wp-image-88584\" alt=\"Ifimes: Predavanje dr. Ferid Muhic\" src=\"https:\/\/sandzakpress.net\/arhiva\/wp-content\/uploads\/2013\/09\/Muhic_25-300x199.jpg\" width=\"300\" height=\"199\" \/><\/a><\/b><strong>o\u0161nja\u010dka Akademija Nauka i Umjetnosti (BANU),najo\u0161trije osu\u0111uje brutalnu zloupotrebu medijske funkcije objektivnog i argumentovanog informisanja javnosti kao i flagrantno kr\u0161enje\u00a0 profesionalnih normi i eti\u010dkog kodeksa do kojih je do\u0161lo u tekstu potpisanom od S. Degirmend\u017ei\u0107a i objavljenom 20.09.2013. \u00a0u listu\u00a0\u201cDnevni avaz\u201c, rubrika \u201cVijesti\u201c, Teme, koji ina\u010de pretstavlja\u00a0 klasi\u010dan slu\u010daj beskrupulozne javne harange na Muftiju Muamera efendiju Zukorli\u0107a.<\/strong><!--more--><\/p>\n<p>Praksa koju ovim tekstom\u00a0<b>\u201cDnevni avaz\u201c\u00a0<\/b>poku\u0161ava da na velika vrata uvede u sferu javnog informisanja, jeste primjer uli\u010dnog obra\u010duna i javnog lin\u010da ljudi samo na osnovu anonimnih insinuacija, bez bilo kakvih argumenata. Tolerisanje takve prakse i neka\u017enjavanje ovog i svih budu\u0107ih sli\u010dnih primjera \u201crevolvera\u0161kog novniarstva\u201c,\u00a0 direktno suprotnih\u00a0 propisima striktno regulisanim \u00a0zakonom, i \u0161to je posebno zna\u010dajno, moralnim temeljima na kojima je sfera javnog informisanja izgradila svoj visoki dru\u0161tveni ugled i opravdala nezamjenjljivu funkciju objektivnog, korektnog i argumentiranog javnog infromisanja, pretstavljalo bi smrtni udarac novinarstvu i sna\u017enu negativnu poruku svim medijima koji dosljedno rade na podizanju kriti\u010dkih standarda profesije i o\u010duvanju moralnog digniteta javnih medija.<\/p>\n<p>Ovim saop\u0107enjem\u00a0<b>BANU\u00a0<\/b>jo\u0161 jednom nagla\u0161ava svoju odlu\u010dnost u borbi protiv svih slu\u010dajeva medijskog lin\u010da i neargumentovanih denuncijacija, i zalaganje na afirmisanju objektivnog, korektnog i eti\u010dki besprijekornog javnog informisanja.<\/p>\n<p><b>Akademik dr. Ferid Muhi\u0107<\/b><\/p>\n","protected":false},"excerpt":{"rendered":"<p>Akademik Ferid Muhic<\/p>\n","protected":false},"author":83,"featured_media":88584,"comment_status":"open","ping_status":"open","sticky":false,"template":"","format":"standard","meta":{"footnotes":""},"categories":[72,800,2860,8957],"tags":[10204,10214,10215,10270],"class_list":{"0":"post-88565","1":"post","2":"type-post","3":"status-publish","4":"format-standard","5":"has-post-thumbnail","7":"category-novi-pazar","8":"category-nacija","9":"category-bosna-i-hercegovina-gradovi","10":"category-vijesti-dana","11":"tag-muftija-muamer-zukorlic","12":"tag-fahrudin-radoncic","13":"tag-dr-ferid-muhic","14":"tag-bosnjacka-akademija-nauka-i-umjetnosti"},"yoast_head":"<!-- This site is optimized with the Yoast SEO Premium plugin v23.1 (Yoast SEO v24.9) - https:\/\/yoast.com\/wordpress\/plugins\/seo\/ -->\n<title>Povodom harange Dnevnog avaza na Muftiju Zukorli\u0107a osuda BANU<\/title>\n<meta name=\"robots\" content=\"index, follow, max-snippet:-1, max-image-preview:large, max-video-preview:-1\" \/>\n<link rel=\"canonical\" href=\"https:\/\/sandzakpress.net\/arhiva\/povodom-harange-na-muftiju-muamera-efendiju-zukorlica-objavljene-u-listu-dnevni-avaz\/\" \/>\n<meta property=\"og:locale\" content=\"bs_BA\" \/>\n<meta property=\"og:type\" content=\"article\" \/>\n<meta property=\"og:title\" content=\"Povodom harange Dnevnog avaza na Muftiju Zukorli\u0107a osuda BANU\" \/>\n<meta property=\"og:description\" content=\"Akademik Ferid Muhic\" \/>\n<meta property=\"og:url\" content=\"https:\/\/sandzakpress.net\/arhiva\/povodom-harange-na-muftiju-muamera-efendiju-zukorlica-objavljene-u-listu-dnevni-avaz\/\" \/>\n<meta property=\"og:site_name\" content=\"Sand\u017eak PRESS\" \/>\n<meta property=\"article:published_time\" content=\"2013-09-24T21:53:54+00:00\" \/>\n<meta property=\"article:modified_time\" content=\"2013-09-25T12:07:00+00:00\" \/>\n<meta property=\"og:image\" content=\"https:\/\/sandzakpress.net\/arhiva\/wp-content\/uploads\/2013\/09\/Muhic_25.jpg\" \/>\n\t<meta property=\"og:image:width\" content=\"616\" \/>\n\t<meta property=\"og:image:height\" content=\"410\" \/>\n\t<meta property=\"og:image:type\" content=\"image\/jpeg\" \/>\n<meta name=\"author\" content=\"bosniak\" \/>\n<meta name=\"twitter:card\" content=\"summary_large_image\" \/>\n<meta name=\"twitter:label1\" content=\"Written by\" \/>\n\t<meta name=\"twitter:data1\" content=\"bosniak\" \/>\n\t<meta name=\"twitter:label2\" content=\"Est. reading time\" \/>\n\t<meta name=\"twitter:data2\" content=\"1 minuta\" \/>\n<script type=\"application\/ld+json\" class=\"yoast-schema-graph\">{\"@context\":\"https:\/\/schema.org\",\"@graph\":[{\"@type\":\"Article\",\"@id\":\"https:\/\/sandzakpress.net\/arhiva\/povodom-harange-na-muftiju-muamera-efendiju-zukorlica-objavljene-u-listu-dnevni-avaz\/#article\",\"isPartOf\":{\"@id\":\"https:\/\/sandzakpress.net\/arhiva\/povodom-harange-na-muftiju-muamera-efendiju-zukorlica-objavljene-u-listu-dnevni-avaz\/\"},\"author\":{\"name\":\"bosniak\",\"@id\":\"https:\/\/sandzakpress.net\/arhiva\/#\/schema\/person\/c8baee722073534b583ea7bdb2e36c02\"},\"headline\":\"Povodom harange Dnevnog avaza na Muftiju Zukorli\u0107a osuda BANU\",\"datePublished\":\"2013-09-24T21:53:54+00:00\",\"dateModified\":\"2013-09-25T12:07:00+00:00\",\"mainEntityOfPage\":{\"@id\":\"https:\/\/sandzakpress.net\/arhiva\/povodom-harange-na-muftiju-muamera-efendiju-zukorlica-objavljene-u-listu-dnevni-avaz\/\"},\"wordCount\":243,\"commentCount\":7,\"publisher\":{\"@id\":\"https:\/\/sandzakpress.net\/arhiva\/#\/schema\/person\/6e72b67d6e51910a1117b3b483ba20bd\"},\"image\":{\"@id\":\"https:\/\/sandzakpress.net\/arhiva\/povodom-harange-na-muftiju-muamera-efendiju-zukorlica-objavljene-u-listu-dnevni-avaz\/#primaryimage\"},\"thumbnailUrl\":\"https:\/\/sandzakpress.net\/arhiva\/wp-content\/uploads\/2013\/09\/Muhic_25.jpg\",\"keywords\":[\"muftija Muamer Zukorli\u0107\",\"Fahrudin Radon\u010di\u0107\",\"Dr. Ferid Muhi\u0107\",\"Bo\u0161nja\u010dka akademija nauka i umjetnosti\"],\"articleSection\":[\"Novi Pazar\",\"Nacija\",\"Bosna i Hercegovina\",\"VIJESTI DANA\"],\"inLanguage\":\"bs-BA\",\"potentialAction\":[{\"@type\":\"CommentAction\",\"name\":\"Comment\",\"target\":[\"https:\/\/sandzakpress.net\/arhiva\/povodom-harange-na-muftiju-muamera-efendiju-zukorlica-objavljene-u-listu-dnevni-avaz\/#respond\"]}]},{\"@type\":\"WebPage\",\"@id\":\"https:\/\/sandzakpress.net\/arhiva\/povodom-harange-na-muftiju-muamera-efendiju-zukorlica-objavljene-u-listu-dnevni-avaz\/\",\"url\":\"https:\/\/sandzakpress.net\/arhiva\/povodom-harange-na-muftiju-muamera-efendiju-zukorlica-objavljene-u-listu-dnevni-avaz\/\",\"name\":\"Povodom harange Dnevnog avaza na Muftiju Zukorli\u0107a osuda BANU\",\"isPartOf\":{\"@id\":\"https:\/\/sandzakpress.net\/arhiva\/#website\"},\"primaryImageOfPage\":{\"@id\":\"https:\/\/sandzakpress.net\/arhiva\/povodom-harange-na-muftiju-muamera-efendiju-zukorlica-objavljene-u-listu-dnevni-avaz\/#primaryimage\"},\"image\":{\"@id\":\"https:\/\/sandzakpress.net\/arhiva\/povodom-harange-na-muftiju-muamera-efendiju-zukorlica-objavljene-u-listu-dnevni-avaz\/#primaryimage\"},\"thumbnailUrl\":\"https:\/\/sandzakpress.net\/arhiva\/wp-content\/uploads\/2013\/09\/Muhic_25.jpg\",\"datePublished\":\"2013-09-24T21:53:54+00:00\",\"dateModified\":\"2013-09-25T12:07:00+00:00\",\"breadcrumb\":{\"@id\":\"https:\/\/sandzakpress.net\/arhiva\/povodom-harange-na-muftiju-muamera-efendiju-zukorlica-objavljene-u-listu-dnevni-avaz\/#breadcrumb\"},\"inLanguage\":\"bs-BA\",\"potentialAction\":[{\"@type\":\"ReadAction\",\"target\":[\"https:\/\/sandzakpress.net\/arhiva\/povodom-harange-na-muftiju-muamera-efendiju-zukorlica-objavljene-u-listu-dnevni-avaz\/\"]}]},{\"@type\":\"ImageObject\",\"inLanguage\":\"bs-BA\",\"@id\":\"https:\/\/sandzakpress.net\/arhiva\/povodom-harange-na-muftiju-muamera-efendiju-zukorlica-objavljene-u-listu-dnevni-avaz\/#primaryimage\",\"url\":\"https:\/\/sandzakpress.net\/arhiva\/wp-content\/uploads\/2013\/09\/Muhic_25.jpg\",\"contentUrl\":\"https:\/\/sandzakpress.net\/arhiva\/wp-content\/uploads\/2013\/09\/Muhic_25.jpg\",\"width\":616,\"height\":410},{\"@type\":\"BreadcrumbList\",\"@id\":\"https:\/\/sandzakpress.net\/arhiva\/povodom-harange-na-muftiju-muamera-efendiju-zukorlica-objavljene-u-listu-dnevni-avaz\/#breadcrumb\",\"itemListElement\":[{\"@type\":\"ListItem\",\"position\":1,\"name\":\"Home\",\"item\":\"https:\/\/sandzakpress.net\/arhiva\/\"},{\"@type\":\"ListItem\",\"position\":2,\"name\":\"Povodom harange Dnevnog avaza na Muftiju Zukorli\u0107a osuda BANU\"}]},{\"@type\":\"WebSite\",\"@id\":\"https:\/\/sandzakpress.net\/arhiva\/#website\",\"url\":\"https:\/\/sandzakpress.net\/arhiva\/\",\"name\":\"Sand\u017eak PRESS\",\"description\":\"Prve elektronske novine u Sand\u017eaku\",\"publisher\":{\"@id\":\"https:\/\/sandzakpress.net\/arhiva\/#\/schema\/person\/6e72b67d6e51910a1117b3b483ba20bd\"},\"potentialAction\":[{\"@type\":\"SearchAction\",\"target\":{\"@type\":\"EntryPoint\",\"urlTemplate\":\"https:\/\/sandzakpress.net\/arhiva\/?s={search_term_string}\"},\"query-input\":{\"@type\":\"PropertyValueSpecification\",\"valueRequired\":true,\"valueName\":\"search_term_string\"}}],\"inLanguage\":\"bs-BA\"},{\"@type\":[\"Person\",\"Organization\"],\"@id\":\"https:\/\/sandzakpress.net\/arhiva\/#\/schema\/person\/6e72b67d6e51910a1117b3b483ba20bd\",\"name\":\"Kul\",\"image\":{\"@type\":\"ImageObject\",\"inLanguage\":\"bs-BA\",\"@id\":\"https:\/\/sandzakpress.net\/arhiva\/#\/schema\/person\/image\/\",\"url\":\"https:\/\/secure.gravatar.com\/avatar\/42263f39aa27ac04c43cab85c280eb2e?s=96&d=mm&r=pg\",\"contentUrl\":\"https:\/\/secure.gravatar.com\/avatar\/42263f39aa27ac04c43cab85c280eb2e?s=96&d=mm&r=pg\",\"caption\":\"Kul\"},\"logo\":{\"@id\":\"https:\/\/sandzakpress.net\/arhiva\/#\/schema\/person\/image\/\"}},{\"@type\":\"Person\",\"@id\":\"https:\/\/sandzakpress.net\/arhiva\/#\/schema\/person\/c8baee722073534b583ea7bdb2e36c02\",\"name\":\"bosniak\",\"image\":{\"@type\":\"ImageObject\",\"inLanguage\":\"bs-BA\",\"@id\":\"https:\/\/sandzakpress.net\/arhiva\/#\/schema\/person\/image\/\",\"url\":\"https:\/\/secure.gravatar.com\/avatar\/a04fd330bfe3a36a72a0ad4a6d89fca7?s=96&d=mm&r=pg\",\"contentUrl\":\"https:\/\/secure.gravatar.com\/avatar\/a04fd330bfe3a36a72a0ad4a6d89fca7?s=96&d=mm&r=pg\",\"caption\":\"bosniak\"},\"url\":\"https:\/\/sandzakpress.net\/arhiva\/author\/bosniak\/\"}]}<\/script>\n<!-- \/ Yoast SEO Premium plugin. -->","yoast_head_json":{"title":"Povodom harange Dnevnog avaza na Muftiju Zukorli\u0107a osuda BANU","robots":{"index":"index","follow":"follow","max-snippet":"max-snippet:-1","max-image-preview":"max-image-preview:large","max-video-preview":"max-video-preview:-1"},"canonical":"https:\/\/sandzakpress.net\/arhiva\/povodom-harange-na-muftiju-muamera-efendiju-zukorlica-objavljene-u-listu-dnevni-avaz\/","og_locale":"bs_BA","og_type":"article","og_title":"Povodom harange Dnevnog avaza na Muftiju Zukorli\u0107a osuda BANU","og_description":"Akademik Ferid Muhic","og_url":"https:\/\/sandzakpress.net\/arhiva\/povodom-harange-na-muftiju-muamera-efendiju-zukorlica-objavljene-u-listu-dnevni-avaz\/","og_site_name":"Sand\u017eak PRESS","article_published_time":"2013-09-24T21:53:54+00:00","article_modified_time":"2013-09-25T12:07:00+00:00","og_image":[{"width":616,"height":410,"url":"https:\/\/sandzakpress.net\/arhiva\/wp-content\/uploads\/2013\/09\/Muhic_25.jpg","type":"image\/jpeg"}],"author":"bosniak","twitter_card":"summary_large_image","twitter_misc":{"Written by":"bosniak","Est. reading time":"1 minuta"},"schema":{"@context":"https:\/\/schema.org","@graph":[{"@type":"Article","@id":"https:\/\/sandzakpress.net\/arhiva\/povodom-harange-na-muftiju-muamera-efendiju-zukorlica-objavljene-u-listu-dnevni-avaz\/#article","isPartOf":{"@id":"https:\/\/sandzakpress.net\/arhiva\/povodom-harange-na-muftiju-muamera-efendiju-zukorlica-objavljene-u-listu-dnevni-avaz\/"},"author":{"name":"bosniak","@id":"https:\/\/sandzakpress.net\/arhiva\/#\/schema\/person\/c8baee722073534b583ea7bdb2e36c02"},"headline":"Povodom harange Dnevnog avaza na Muftiju Zukorli\u0107a osuda BANU","datePublished":"2013-09-24T21:53:54+00:00","dateModified":"2013-09-25T12:07:00+00:00","mainEntityOfPage":{"@id":"https:\/\/sandzakpress.net\/arhiva\/povodom-harange-na-muftiju-muamera-efendiju-zukorlica-objavljene-u-listu-dnevni-avaz\/"},"wordCount":243,"commentCount":7,"publisher":{"@id":"https:\/\/sandzakpress.net\/arhiva\/#\/schema\/person\/6e72b67d6e51910a1117b3b483ba20bd"},"image":{"@id":"https:\/\/sandzakpress.net\/arhiva\/povodom-harange-na-muftiju-muamera-efendiju-zukorlica-objavljene-u-listu-dnevni-avaz\/#primaryimage"},"thumbnailUrl":"https:\/\/sandzakpress.net\/arhiva\/wp-content\/uploads\/2013\/09\/Muhic_25.jpg","keywords":["muftija Muamer Zukorli\u0107","Fahrudin Radon\u010di\u0107","Dr. Ferid Muhi\u0107","Bo\u0161nja\u010dka akademija nauka i umjetnosti"],"articleSection":["Novi Pazar","Nacija","Bosna i Hercegovina","VIJESTI DANA"],"inLanguage":"bs-BA","potentialAction":[{"@type":"CommentAction","name":"Comment","target":["https:\/\/sandzakpress.net\/arhiva\/povodom-harange-na-muftiju-muamera-efendiju-zukorlica-objavljene-u-listu-dnevni-avaz\/#respond"]}]},{"@type":"WebPage","@id":"https:\/\/sandzakpress.net\/arhiva\/povodom-harange-na-muftiju-muamera-efendiju-zukorlica-objavljene-u-listu-dnevni-avaz\/","url":"https:\/\/sandzakpress.net\/arhiva\/povodom-harange-na-muftiju-muamera-efendiju-zukorlica-objavljene-u-listu-dnevni-avaz\/","name":"Povodom harange Dnevnog avaza na Muftiju Zukorli\u0107a osuda BANU","isPartOf":{"@id":"https:\/\/sandzakpress.net\/arhiva\/#website"},"primaryImageOfPage":{"@id":"https:\/\/sandzakpress.net\/arhiva\/povodom-harange-na-muftiju-muamera-efendiju-zukorlica-objavljene-u-listu-dnevni-avaz\/#primaryimage"},"image":{"@id":"https:\/\/sandzakpress.net\/arhiva\/povodom-harange-na-muftiju-muamera-efendiju-zukorlica-objavljene-u-listu-dnevni-avaz\/#primaryimage"},"thumbnailUrl":"https:\/\/sandzakpress.net\/arhiva\/wp-content\/uploads\/2013\/09\/Muhic_25.jpg","datePublished":"2013-09-24T21:53:54+00:00","dateModified":"2013-09-25T12:07:00+00:00","breadcrumb":{"@id":"https:\/\/sandzakpress.net\/arhiva\/povodom-harange-na-muftiju-muamera-efendiju-zukorlica-objavljene-u-listu-dnevni-avaz\/#breadcrumb"},"inLanguage":"bs-BA","potentialAction":[{"@type":"ReadAction","target":["https:\/\/sandzakpress.net\/arhiva\/povodom-harange-na-muftiju-muamera-efendiju-zukorlica-objavljene-u-listu-dnevni-avaz\/"]}]},{"@type":"ImageObject","inLanguage":"bs-BA","@id":"https:\/\/sandzakpress.net\/arhiva\/povodom-harange-na-muftiju-muamera-efendiju-zukorlica-objavljene-u-listu-dnevni-avaz\/#primaryimage","url":"https:\/\/sandzakpress.net\/arhiva\/wp-content\/uploads\/2013\/09\/Muhic_25.jpg","contentUrl":"https:\/\/sandzakpress.net\/arhiva\/wp-content\/uploads\/2013\/09\/Muhic_25.jpg","width":616,"height":410},{"@type":"BreadcrumbList","@id":"https:\/\/sandzakpress.net\/arhiva\/povodom-harange-na-muftiju-muamera-efendiju-zukorlica-objavljene-u-listu-dnevni-avaz\/#breadcrumb","itemListElement":[{"@type":"ListItem","position":1,"name":"Home","item":"https:\/\/sandzakpress.net\/arhiva\/"},{"@type":"ListItem","position":2,"name":"Povodom harange Dnevnog avaza na Muftiju Zukorli\u0107a osuda BANU"}]},{"@type":"WebSite","@id":"https:\/\/sandzakpress.net\/arhiva\/#website","url":"https:\/\/sandzakpress.net\/arhiva\/","name":"Sand\u017eak PRESS","description":"Prve elektronske novine u Sand\u017eaku","publisher":{"@id":"https:\/\/sandzakpress.net\/arhiva\/#\/schema\/person\/6e72b67d6e51910a1117b3b483ba20bd"},"potentialAction":[{"@type":"SearchAction","target":{"@type":"EntryPoint","urlTemplate":"https:\/\/sandzakpress.net\/arhiva\/?s={search_term_string}"},"query-input":{"@type":"PropertyValueSpecification","valueRequired":true,"valueName":"search_term_string"}}],"inLanguage":"bs-BA"},{"@type":["Person","Organization"],"@id":"https:\/\/sandzakpress.net\/arhiva\/#\/schema\/person\/6e72b67d6e51910a1117b3b483ba20bd","name":"Kul","image":{"@type":"ImageObject","inLanguage":"bs-BA","@id":"https:\/\/sandzakpress.net\/arhiva\/#\/schema\/person\/image\/","url":"https:\/\/secure.gravatar.com\/avatar\/42263f39aa27ac04c43cab85c280eb2e?s=96&d=mm&r=pg","contentUrl":"https:\/\/secure.gravatar.com\/avatar\/42263f39aa27ac04c43cab85c280eb2e?s=96&d=mm&r=pg","caption":"Kul"},"logo":{"@id":"https:\/\/sandzakpress.net\/arhiva\/#\/schema\/person\/image\/"}},{"@type":"Person","@id":"https:\/\/sandzakpress.net\/arhiva\/#\/schema\/person\/c8baee722073534b583ea7bdb2e36c02","name":"bosniak","image":{"@type":"ImageObject","inLanguage":"bs-BA","@id":"https:\/\/sandzakpress.net\/arhiva\/#\/schema\/person\/image\/","url":"https:\/\/secure.gravatar.com\/avatar\/a04fd330bfe3a36a72a0ad4a6d89fca7?s=96&d=mm&r=pg","contentUrl":"https:\/\/secure.gravatar.com\/avatar\/a04fd330bfe3a36a72a0ad4a6d89fca7?s=96&d=mm&r=pg","caption":"bosniak"},"url":"https:\/\/sandzakpress.net\/arhiva\/author\/bosniak\/"}]}},"_links":{"self":[{"href":"https:\/\/sandzakpress.net\/arhiva\/wp-json\/wp\/v2\/posts\/88565"}],"collection":[{"href":"https:\/\/sandzakpress.net\/arhiva\/wp-json\/wp\/v2\/posts"}],"about":[{"href":"https:\/\/sandzakpress.net\/arhiva\/wp-json\/wp\/v2\/types\/post"}],"author":[{"embeddable":true,"href":"https:\/\/sandzakpress.net\/arhiva\/wp-json\/wp\/v2\/users\/83"}],"replies":[{"embeddable":true,"href":"https:\/\/sandzakpress.net\/arhiva\/wp-json\/wp\/v2\/comments?post=88565"}],"version-history":[{"count":0,"href":"https:\/\/sandzakpress.net\/arhiva\/wp-json\/wp\/v2\/posts\/88565\/revisions"}],"wp:featuredmedia":[{"embeddable":true,"href":"https:\/\/sandzakpress.net\/arhiva\/wp-json\/wp\/v2\/media\/88584"}],"wp:attachment":[{"href":"https:\/\/sandzakpress.net\/arhiva\/wp-json\/wp\/v2\/media?parent=88565"}],"wp:term":[{"taxonomy":"category","embeddable":true,"href":"https:\/\/sandzakpress.net\/arhiva\/wp-json\/wp\/v2\/categories?post=88565"},{"taxonomy":"post_tag","embeddable":true,"href":"https:\/\/sandzakpress.net\/arhiva\/wp-json\/wp\/v2\/tags?post=88565"}],"curies":[{"name":"wp","href":"https:\/\/api.w.org\/{rel}","templated":true}]}}