{"id":88545,"date":"2013-09-24T00:10:06","date_gmt":"2013-09-23T22:10:06","guid":{"rendered":"https:\/\/sandzakpress.net\/arhiva\/?p=88545"},"modified":"2013-09-24T00:11:01","modified_gmt":"2013-09-23T22:11:01","slug":"hiljade-muslimana-na-ulicama-new-yorka","status":"publish","type":"post","link":"https:\/\/sandzakpress.net\/arhiva\/hiljade-muslimana-na-ulicama-new-yorka\/","title":{"rendered":"Hiljade muslimana na ulicama New Yorka"},"content":{"rendered":"<p><a href=\"https:\/\/sandzakpress.net\/arhiva\/wp-content\/uploads\/2013\/09\/pictures-2013_september-muslimani_new_york_1_342454658.jpg\"><img loading=\"lazy\" decoding=\"async\" class=\"alignleft size-medium wp-image-88546\" alt=\"pictures-2013_september-muslimani_new_york_1_342454658\" src=\"https:\/\/sandzakpress.net\/arhiva\/wp-content\/uploads\/2013\/09\/pictures-2013_september-muslimani_new_york_1_342454658-300x225.jpg\" width=\"300\" height=\"225\" \/><\/a><strong>Amerika &#8211; U Sjedinjenim Ameri\u010dkim Dr\u017eavama (SAD) odr\u017eana je tradicionalna \u0161etnja povodom Dana muslimana koji \u017eive u SAD-u.<\/strong><\/p>\n<div><\/div>\n<div>\u00a0Muslimani u New Yorku<\/div>\n<p>U okviru 28. \u0161etnje u New Yorku, muslimani su molili u ulici Madison. Nakon klanjanja namaza, muslimani su, nose\u0107i zastave svojih zemalja, zajedno krenuli u \u0161etnju ulicom.<\/p>\n<p>&nbsp;<\/p>\n<p>&nbsp;<\/p>\n<p>Tokom \u0161etnje uputili su molitve i uzvikivali bo\u017eije ime. Jedna grupa Egip\u0107ana je ovom prilikom protestovala zbog nasilja koje se odvija u njihovoj zemlji. Oni su obukli majice sa simbolom Rabije, uzvikuju\u0107i slogane \u201cObama, Kerry, Ujedinjene nacije &#8211; Stidite se!\u201c.<\/p>\n<p>Ameri\u010dki mediji su pa\u017eljivo pratili ovaj doga\u0111aj, dok su u gradu poduzete velike mjere sigurnosti.<\/p>\n<p>&nbsp;<\/p>\n<p><img loading=\"lazy\" decoding=\"async\" alt=\"\" src=\"http:\/\/www.haber.ba\/files.php?file=pictures\/2013_september\/muslimani_new_york_155535808.jpg\" width=\"600\" height=\"370\" border=\"0\" \/><\/p>\n<p>(haber.ba)<\/p>\n","protected":false},"excerpt":{"rendered":"<p>Amerika &#8211; U Sjedinjenim Ameri\u010dkim Dr\u017eavama (SAD) odr\u017eana je tradicionalna \u0161etnja povodom Dana muslimana koji \u017eive u SAD-u. \u00a0Muslimani u New Yorku U okviru 28. \u0161etnje u New Yorku, muslimani su molili u ulici Madison. Nakon klanjanja namaza, muslimani su, nose\u0107i zastave svojih zemalja, zajedno krenuli u \u0161etnju ulicom. &nbsp; &nbsp; Tokom \u0161etnje uputili su [&hellip;]<\/p>\n","protected":false},"author":83,"featured_media":88547,"comment_status":"open","ping_status":"open","sticky":false,"template":"","format":"standard","meta":{"footnotes":""},"categories":[3012,9],"tags":[],"class_list":{"0":"post-88545","1":"post","2":"type-post","3":"status-publish","4":"format-standard","5":"has-post-thumbnail","7":"category-amerika-gradovi","8":"category-svijet"},"yoast_head":"<!-- This site is optimized with the Yoast SEO Premium plugin v23.1 (Yoast SEO v24.9) - https:\/\/yoast.com\/wordpress\/plugins\/seo\/ -->\n<title>Hiljade muslimana na ulicama New Yorka<\/title>\n<meta name=\"robots\" content=\"index, follow, max-snippet:-1, max-image-preview:large, max-video-preview:-1\" \/>\n<link rel=\"canonical\" href=\"https:\/\/sandzakpress.net\/arhiva\/hiljade-muslimana-na-ulicama-new-yorka\/\" \/>\n<meta property=\"og:locale\" content=\"bs_BA\" \/>\n<meta property=\"og:type\" content=\"article\" \/>\n<meta property=\"og:title\" content=\"Hiljade muslimana na ulicama New Yorka\" \/>\n<meta property=\"og:description\" content=\"Amerika &#8211; U Sjedinjenim Ameri\u010dkim Dr\u017eavama (SAD) odr\u017eana je tradicionalna \u0161etnja povodom Dana muslimana koji \u017eive u SAD-u. \u00a0Muslimani u New Yorku U okviru 28. \u0161etnje u New Yorku, muslimani su molili u ulici Madison. Nakon klanjanja namaza, muslimani su, nose\u0107i zastave svojih zemalja, zajedno krenuli u \u0161etnju ulicom. &nbsp; &nbsp; Tokom \u0161etnje uputili su [&hellip;]\" \/>\n<meta property=\"og:url\" content=\"https:\/\/sandzakpress.net\/arhiva\/hiljade-muslimana-na-ulicama-new-yorka\/\" \/>\n<meta property=\"og:site_name\" content=\"Sand\u017eak PRESS\" \/>\n<meta property=\"article:published_time\" content=\"2013-09-23T22:10:06+00:00\" \/>\n<meta property=\"article:modified_time\" content=\"2013-09-23T22:11:01+00:00\" \/>\n<meta property=\"og:image\" content=\"https:\/\/sandzakpress.net\/arhiva\/wp-content\/uploads\/2013\/09\/pictures-2013_september-muslimani_new_york_1_342454658-300x2251.jpg\" \/>\n\t<meta property=\"og:image:width\" content=\"300\" \/>\n\t<meta property=\"og:image:height\" content=\"225\" \/>\n\t<meta property=\"og:image:type\" content=\"image\/jpeg\" \/>\n<meta name=\"author\" content=\"bosniak\" \/>\n<meta name=\"twitter:card\" content=\"summary_large_image\" \/>\n<meta name=\"twitter:label1\" content=\"Written by\" \/>\n\t<meta name=\"twitter:data1\" content=\"bosniak\" \/>\n\t<meta name=\"twitter:label2\" content=\"Est. reading time\" \/>\n\t<meta name=\"twitter:data2\" content=\"1 minuta\" \/>\n<script type=\"application\/ld+json\" class=\"yoast-schema-graph\">{\"@context\":\"https:\/\/schema.org\",\"@graph\":[{\"@type\":\"Article\",\"@id\":\"https:\/\/sandzakpress.net\/arhiva\/hiljade-muslimana-na-ulicama-new-yorka\/#article\",\"isPartOf\":{\"@id\":\"https:\/\/sandzakpress.net\/arhiva\/hiljade-muslimana-na-ulicama-new-yorka\/\"},\"author\":{\"name\":\"bosniak\",\"@id\":\"https:\/\/sandzakpress.net\/arhiva\/#\/schema\/person\/c8baee722073534b583ea7bdb2e36c02\"},\"headline\":\"Hiljade muslimana na ulicama New Yorka\",\"datePublished\":\"2013-09-23T22:10:06+00:00\",\"dateModified\":\"2013-09-23T22:11:01+00:00\",\"mainEntityOfPage\":{\"@id\":\"https:\/\/sandzakpress.net\/arhiva\/hiljade-muslimana-na-ulicama-new-yorka\/\"},\"wordCount\":124,\"commentCount\":0,\"publisher\":{\"@id\":\"https:\/\/sandzakpress.net\/arhiva\/#\/schema\/person\/6e72b67d6e51910a1117b3b483ba20bd\"},\"image\":{\"@id\":\"https:\/\/sandzakpress.net\/arhiva\/hiljade-muslimana-na-ulicama-new-yorka\/#primaryimage\"},\"thumbnailUrl\":\"https:\/\/sandzakpress.net\/arhiva\/wp-content\/uploads\/2013\/09\/pictures-2013_september-muslimani_new_york_1_342454658-300x2251.jpg\",\"articleSection\":[\"Amerika\",\"Svijet\"],\"inLanguage\":\"bs-BA\",\"potentialAction\":[{\"@type\":\"CommentAction\",\"name\":\"Comment\",\"target\":[\"https:\/\/sandzakpress.net\/arhiva\/hiljade-muslimana-na-ulicama-new-yorka\/#respond\"]}]},{\"@type\":\"WebPage\",\"@id\":\"https:\/\/sandzakpress.net\/arhiva\/hiljade-muslimana-na-ulicama-new-yorka\/\",\"url\":\"https:\/\/sandzakpress.net\/arhiva\/hiljade-muslimana-na-ulicama-new-yorka\/\",\"name\":\"Hiljade muslimana na ulicama New Yorka\",\"isPartOf\":{\"@id\":\"https:\/\/sandzakpress.net\/arhiva\/#website\"},\"primaryImageOfPage\":{\"@id\":\"https:\/\/sandzakpress.net\/arhiva\/hiljade-muslimana-na-ulicama-new-yorka\/#primaryimage\"},\"image\":{\"@id\":\"https:\/\/sandzakpress.net\/arhiva\/hiljade-muslimana-na-ulicama-new-yorka\/#primaryimage\"},\"thumbnailUrl\":\"https:\/\/sandzakpress.net\/arhiva\/wp-content\/uploads\/2013\/09\/pictures-2013_september-muslimani_new_york_1_342454658-300x2251.jpg\",\"datePublished\":\"2013-09-23T22:10:06+00:00\",\"dateModified\":\"2013-09-23T22:11:01+00:00\",\"breadcrumb\":{\"@id\":\"https:\/\/sandzakpress.net\/arhiva\/hiljade-muslimana-na-ulicama-new-yorka\/#breadcrumb\"},\"inLanguage\":\"bs-BA\",\"potentialAction\":[{\"@type\":\"ReadAction\",\"target\":[\"https:\/\/sandzakpress.net\/arhiva\/hiljade-muslimana-na-ulicama-new-yorka\/\"]}]},{\"@type\":\"ImageObject\",\"inLanguage\":\"bs-BA\",\"@id\":\"https:\/\/sandzakpress.net\/arhiva\/hiljade-muslimana-na-ulicama-new-yorka\/#primaryimage\",\"url\":\"https:\/\/sandzakpress.net\/arhiva\/wp-content\/uploads\/2013\/09\/pictures-2013_september-muslimani_new_york_1_342454658-300x2251.jpg\",\"contentUrl\":\"https:\/\/sandzakpress.net\/arhiva\/wp-content\/uploads\/2013\/09\/pictures-2013_september-muslimani_new_york_1_342454658-300x2251.jpg\",\"width\":300,\"height\":225},{\"@type\":\"BreadcrumbList\",\"@id\":\"https:\/\/sandzakpress.net\/arhiva\/hiljade-muslimana-na-ulicama-new-yorka\/#breadcrumb\",\"itemListElement\":[{\"@type\":\"ListItem\",\"position\":1,\"name\":\"Home\",\"item\":\"https:\/\/sandzakpress.net\/arhiva\/\"},{\"@type\":\"ListItem\",\"position\":2,\"name\":\"Hiljade muslimana na ulicama New Yorka\"}]},{\"@type\":\"WebSite\",\"@id\":\"https:\/\/sandzakpress.net\/arhiva\/#website\",\"url\":\"https:\/\/sandzakpress.net\/arhiva\/\",\"name\":\"Sand\u017eak PRESS\",\"description\":\"Prve elektronske novine u Sand\u017eaku\",\"publisher\":{\"@id\":\"https:\/\/sandzakpress.net\/arhiva\/#\/schema\/person\/6e72b67d6e51910a1117b3b483ba20bd\"},\"potentialAction\":[{\"@type\":\"SearchAction\",\"target\":{\"@type\":\"EntryPoint\",\"urlTemplate\":\"https:\/\/sandzakpress.net\/arhiva\/?s={search_term_string}\"},\"query-input\":{\"@type\":\"PropertyValueSpecification\",\"valueRequired\":true,\"valueName\":\"search_term_string\"}}],\"inLanguage\":\"bs-BA\"},{\"@type\":[\"Person\",\"Organization\"],\"@id\":\"https:\/\/sandzakpress.net\/arhiva\/#\/schema\/person\/6e72b67d6e51910a1117b3b483ba20bd\",\"name\":\"Kul\",\"image\":{\"@type\":\"ImageObject\",\"inLanguage\":\"bs-BA\",\"@id\":\"https:\/\/sandzakpress.net\/arhiva\/#\/schema\/person\/image\/\",\"url\":\"https:\/\/secure.gravatar.com\/avatar\/42263f39aa27ac04c43cab85c280eb2e?s=96&d=mm&r=pg\",\"contentUrl\":\"https:\/\/secure.gravatar.com\/avatar\/42263f39aa27ac04c43cab85c280eb2e?s=96&d=mm&r=pg\",\"caption\":\"Kul\"},\"logo\":{\"@id\":\"https:\/\/sandzakpress.net\/arhiva\/#\/schema\/person\/image\/\"}},{\"@type\":\"Person\",\"@id\":\"https:\/\/sandzakpress.net\/arhiva\/#\/schema\/person\/c8baee722073534b583ea7bdb2e36c02\",\"name\":\"bosniak\",\"image\":{\"@type\":\"ImageObject\",\"inLanguage\":\"bs-BA\",\"@id\":\"https:\/\/sandzakpress.net\/arhiva\/#\/schema\/person\/image\/\",\"url\":\"https:\/\/secure.gravatar.com\/avatar\/a04fd330bfe3a36a72a0ad4a6d89fca7?s=96&d=mm&r=pg\",\"contentUrl\":\"https:\/\/secure.gravatar.com\/avatar\/a04fd330bfe3a36a72a0ad4a6d89fca7?s=96&d=mm&r=pg\",\"caption\":\"bosniak\"},\"url\":\"https:\/\/sandzakpress.net\/arhiva\/author\/bosniak\/\"}]}<\/script>\n<!-- \/ Yoast SEO Premium plugin. -->","yoast_head_json":{"title":"Hiljade muslimana na ulicama New Yorka","robots":{"index":"index","follow":"follow","max-snippet":"max-snippet:-1","max-image-preview":"max-image-preview:large","max-video-preview":"max-video-preview:-1"},"canonical":"https:\/\/sandzakpress.net\/arhiva\/hiljade-muslimana-na-ulicama-new-yorka\/","og_locale":"bs_BA","og_type":"article","og_title":"Hiljade muslimana na ulicama New Yorka","og_description":"Amerika &#8211; U Sjedinjenim Ameri\u010dkim Dr\u017eavama (SAD) odr\u017eana je tradicionalna \u0161etnja povodom Dana muslimana koji \u017eive u SAD-u. \u00a0Muslimani u New Yorku U okviru 28. \u0161etnje u New Yorku, muslimani su molili u ulici Madison. Nakon klanjanja namaza, muslimani su, nose\u0107i zastave svojih zemalja, zajedno krenuli u \u0161etnju ulicom. &nbsp; &nbsp; Tokom \u0161etnje uputili su [&hellip;]","og_url":"https:\/\/sandzakpress.net\/arhiva\/hiljade-muslimana-na-ulicama-new-yorka\/","og_site_name":"Sand\u017eak PRESS","article_published_time":"2013-09-23T22:10:06+00:00","article_modified_time":"2013-09-23T22:11:01+00:00","og_image":[{"width":300,"height":225,"url":"https:\/\/sandzakpress.net\/arhiva\/wp-content\/uploads\/2013\/09\/pictures-2013_september-muslimani_new_york_1_342454658-300x2251.jpg","type":"image\/jpeg"}],"author":"bosniak","twitter_card":"summary_large_image","twitter_misc":{"Written by":"bosniak","Est. reading time":"1 minuta"},"schema":{"@context":"https:\/\/schema.org","@graph":[{"@type":"Article","@id":"https:\/\/sandzakpress.net\/arhiva\/hiljade-muslimana-na-ulicama-new-yorka\/#article","isPartOf":{"@id":"https:\/\/sandzakpress.net\/arhiva\/hiljade-muslimana-na-ulicama-new-yorka\/"},"author":{"name":"bosniak","@id":"https:\/\/sandzakpress.net\/arhiva\/#\/schema\/person\/c8baee722073534b583ea7bdb2e36c02"},"headline":"Hiljade muslimana na ulicama New Yorka","datePublished":"2013-09-23T22:10:06+00:00","dateModified":"2013-09-23T22:11:01+00:00","mainEntityOfPage":{"@id":"https:\/\/sandzakpress.net\/arhiva\/hiljade-muslimana-na-ulicama-new-yorka\/"},"wordCount":124,"commentCount":0,"publisher":{"@id":"https:\/\/sandzakpress.net\/arhiva\/#\/schema\/person\/6e72b67d6e51910a1117b3b483ba20bd"},"image":{"@id":"https:\/\/sandzakpress.net\/arhiva\/hiljade-muslimana-na-ulicama-new-yorka\/#primaryimage"},"thumbnailUrl":"https:\/\/sandzakpress.net\/arhiva\/wp-content\/uploads\/2013\/09\/pictures-2013_september-muslimani_new_york_1_342454658-300x2251.jpg","articleSection":["Amerika","Svijet"],"inLanguage":"bs-BA","potentialAction":[{"@type":"CommentAction","name":"Comment","target":["https:\/\/sandzakpress.net\/arhiva\/hiljade-muslimana-na-ulicama-new-yorka\/#respond"]}]},{"@type":"WebPage","@id":"https:\/\/sandzakpress.net\/arhiva\/hiljade-muslimana-na-ulicama-new-yorka\/","url":"https:\/\/sandzakpress.net\/arhiva\/hiljade-muslimana-na-ulicama-new-yorka\/","name":"Hiljade muslimana na ulicama New Yorka","isPartOf":{"@id":"https:\/\/sandzakpress.net\/arhiva\/#website"},"primaryImageOfPage":{"@id":"https:\/\/sandzakpress.net\/arhiva\/hiljade-muslimana-na-ulicama-new-yorka\/#primaryimage"},"image":{"@id":"https:\/\/sandzakpress.net\/arhiva\/hiljade-muslimana-na-ulicama-new-yorka\/#primaryimage"},"thumbnailUrl":"https:\/\/sandzakpress.net\/arhiva\/wp-content\/uploads\/2013\/09\/pictures-2013_september-muslimani_new_york_1_342454658-300x2251.jpg","datePublished":"2013-09-23T22:10:06+00:00","dateModified":"2013-09-23T22:11:01+00:00","breadcrumb":{"@id":"https:\/\/sandzakpress.net\/arhiva\/hiljade-muslimana-na-ulicama-new-yorka\/#breadcrumb"},"inLanguage":"bs-BA","potentialAction":[{"@type":"ReadAction","target":["https:\/\/sandzakpress.net\/arhiva\/hiljade-muslimana-na-ulicama-new-yorka\/"]}]},{"@type":"ImageObject","inLanguage":"bs-BA","@id":"https:\/\/sandzakpress.net\/arhiva\/hiljade-muslimana-na-ulicama-new-yorka\/#primaryimage","url":"https:\/\/sandzakpress.net\/arhiva\/wp-content\/uploads\/2013\/09\/pictures-2013_september-muslimani_new_york_1_342454658-300x2251.jpg","contentUrl":"https:\/\/sandzakpress.net\/arhiva\/wp-content\/uploads\/2013\/09\/pictures-2013_september-muslimani_new_york_1_342454658-300x2251.jpg","width":300,"height":225},{"@type":"BreadcrumbList","@id":"https:\/\/sandzakpress.net\/arhiva\/hiljade-muslimana-na-ulicama-new-yorka\/#breadcrumb","itemListElement":[{"@type":"ListItem","position":1,"name":"Home","item":"https:\/\/sandzakpress.net\/arhiva\/"},{"@type":"ListItem","position":2,"name":"Hiljade muslimana na ulicama New Yorka"}]},{"@type":"WebSite","@id":"https:\/\/sandzakpress.net\/arhiva\/#website","url":"https:\/\/sandzakpress.net\/arhiva\/","name":"Sand\u017eak PRESS","description":"Prve elektronske novine u Sand\u017eaku","publisher":{"@id":"https:\/\/sandzakpress.net\/arhiva\/#\/schema\/person\/6e72b67d6e51910a1117b3b483ba20bd"},"potentialAction":[{"@type":"SearchAction","target":{"@type":"EntryPoint","urlTemplate":"https:\/\/sandzakpress.net\/arhiva\/?s={search_term_string}"},"query-input":{"@type":"PropertyValueSpecification","valueRequired":true,"valueName":"search_term_string"}}],"inLanguage":"bs-BA"},{"@type":["Person","Organization"],"@id":"https:\/\/sandzakpress.net\/arhiva\/#\/schema\/person\/6e72b67d6e51910a1117b3b483ba20bd","name":"Kul","image":{"@type":"ImageObject","inLanguage":"bs-BA","@id":"https:\/\/sandzakpress.net\/arhiva\/#\/schema\/person\/image\/","url":"https:\/\/secure.gravatar.com\/avatar\/42263f39aa27ac04c43cab85c280eb2e?s=96&d=mm&r=pg","contentUrl":"https:\/\/secure.gravatar.com\/avatar\/42263f39aa27ac04c43cab85c280eb2e?s=96&d=mm&r=pg","caption":"Kul"},"logo":{"@id":"https:\/\/sandzakpress.net\/arhiva\/#\/schema\/person\/image\/"}},{"@type":"Person","@id":"https:\/\/sandzakpress.net\/arhiva\/#\/schema\/person\/c8baee722073534b583ea7bdb2e36c02","name":"bosniak","image":{"@type":"ImageObject","inLanguage":"bs-BA","@id":"https:\/\/sandzakpress.net\/arhiva\/#\/schema\/person\/image\/","url":"https:\/\/secure.gravatar.com\/avatar\/a04fd330bfe3a36a72a0ad4a6d89fca7?s=96&d=mm&r=pg","contentUrl":"https:\/\/secure.gravatar.com\/avatar\/a04fd330bfe3a36a72a0ad4a6d89fca7?s=96&d=mm&r=pg","caption":"bosniak"},"url":"https:\/\/sandzakpress.net\/arhiva\/author\/bosniak\/"}]}},"_links":{"self":[{"href":"https:\/\/sandzakpress.net\/arhiva\/wp-json\/wp\/v2\/posts\/88545"}],"collection":[{"href":"https:\/\/sandzakpress.net\/arhiva\/wp-json\/wp\/v2\/posts"}],"about":[{"href":"https:\/\/sandzakpress.net\/arhiva\/wp-json\/wp\/v2\/types\/post"}],"author":[{"embeddable":true,"href":"https:\/\/sandzakpress.net\/arhiva\/wp-json\/wp\/v2\/users\/83"}],"replies":[{"embeddable":true,"href":"https:\/\/sandzakpress.net\/arhiva\/wp-json\/wp\/v2\/comments?post=88545"}],"version-history":[{"count":0,"href":"https:\/\/sandzakpress.net\/arhiva\/wp-json\/wp\/v2\/posts\/88545\/revisions"}],"wp:featuredmedia":[{"embeddable":true,"href":"https:\/\/sandzakpress.net\/arhiva\/wp-json\/wp\/v2\/media\/88547"}],"wp:attachment":[{"href":"https:\/\/sandzakpress.net\/arhiva\/wp-json\/wp\/v2\/media?parent=88545"}],"wp:term":[{"taxonomy":"category","embeddable":true,"href":"https:\/\/sandzakpress.net\/arhiva\/wp-json\/wp\/v2\/categories?post=88545"},{"taxonomy":"post_tag","embeddable":true,"href":"https:\/\/sandzakpress.net\/arhiva\/wp-json\/wp\/v2\/tags?post=88545"}],"curies":[{"name":"wp","href":"https:\/\/api.w.org\/{rel}","templated":true}]}}