{"id":88522,"date":"2013-09-23T23:48:28","date_gmt":"2013-09-23T21:48:28","guid":{"rendered":"https:\/\/sandzakpress.net\/arhiva\/?p=88522"},"modified":"2013-09-23T23:48:28","modified_gmt":"2013-09-23T21:48:28","slug":"nova-varos-hajkaci-nas-nece-rasturiti","status":"publish","type":"post","link":"https:\/\/sandzakpress.net\/arhiva\/nova-varos-hajkaci-nas-nece-rasturiti\/","title":{"rendered":"Nova Varo\u0161: Hajka\u010di nas ne\u0107e rasturiti"},"content":{"rendered":"<p><strong><a href=\"https:\/\/sandzakpress.net\/arhiva\/wp-content\/uploads\/2013\/09\/srb-Nova-Varos-Selakovic-P_620x0.jpg\"><img loading=\"lazy\" decoding=\"async\" class=\"alignleft size-medium wp-image-88523\" alt=\"srb-Nova-Varos-Selakovic,-P_620x0\" src=\"https:\/\/sandzakpress.net\/arhiva\/wp-content\/uploads\/2013\/09\/srb-Nova-Varos-Selakovic-P_620x0-300x216.jpg\" width=\"300\" height=\"216\" \/><\/a>Nova Varo\u0161 &#8211; Zao\u0161travaju se sporenja vlasti i dijela seljana koji ho\u0107e pripajanje \u010cajetini. Inicijatori tra\u017ee referendum, a op\u0161tina prepoznaje novopazarski scenario.<\/strong><\/p>\n<p><span>Na sceni je scenario sli\u010dan onom od prije nekoliko godina, kada se u akciji decentralizacije Srbije poku\u0161alo sa stvaranjem ekonomsko-statisti\u010dke regije sa sjedi\u0161tem u Novom Pazaru i odvajanjem Nove Varo\u0161i od U\u017eica, svoje matice. Sad bi \u0161a\u010dica ljudi da odlu\u010duje o tako ozbiljnoj stvari, da nas vra\u0107a u granice koje su poru\u0161ene prije 101 godinu&#8230; Ube\u0111en sam da dr\u017eava Srbija ne\u0107e nikad dozvoliti vra\u0107anju starih granica. Ovako je predsjednik Skup\u0161tine op\u0161tine Nova Varo\u0161 Branislav Dilpari\u0107, ocjenio inicijativu dijela mje\u0161tana novovaro\u0161kih mjesnih zajednica Draglica, Negbina, Jasenovo i Bela Reka, na padinama Murtenice, da se pripoje op\u0161tini \u010cajetina.<\/span><\/p>\n<p><span>Isti\u010du\u0107i da se incijatori vode li\u010dnim i lokalnim interesima, Dilpari\u0107 je pozvao dobronamerne gra\u0111ane, a i odbornike SO, da odbace inicijativu. Paunovi\u0107 je predo\u010dio da nadle\u017eni organi ispituje pod kojim uslovima, pritiscima i obe\u0107anjima je potpisivana peticija.<\/span><\/p>\n<p><span>Svoje ogor\u010denje postupcima kom\u0161ija iz devet sela izneo je i Manojle Selakovi\u0107, iz Seni\u0161ta, nekada\u0161nji direktor trgovinsko-proizvodne firme \u201eIneks-napredak\u201c, ina\u010de stric ministra pravde Srbije.<\/span><\/p>\n<div><b>PRETNjE I ELABORAT <\/b>&#8211; VLAST mo\u017ee sve: i da nam preti istragama i krivi\u010dnim prijavama, kao i da nas blati da smo dobili pare, ali ne mo\u017ee samo jedno &#8211; da nas zapla\u0161i! Iako je op\u0161tinsko rukovodstvo pokrenulo hajku i hu\u0161ka aktiviste da vr\u0161e pritiske na mje\u0161tane potpisnike peticije, tim stru\u010dnjaka priprema elaborat o opravdanosti da se devet sela na desnoj obala Uvca vrati u maticu, u \u010cajetinu, kojoj su pripadala do 1958. godine &#8211; isti\u010de Gvozden \u0110eni\u0107, predsjednik Inicijativnog odbora.<\/div>\n<p><span>&#8211; Ne mogu da radim protiv sebe i svog kraja. Iz Seni\u0161ta je nekad bilo zaposleno 94 mje\u0161tanina, a to nikad ne bi ostvarili u \u010cajetini. Uostalom, daj da vidimo taj raj u njihovim selima! Pa interes \u010cajetine je da, iz turisti\u010dkih razloga, iza\u0111e na obale jezera na Uvcu &#8211; istakao je Seklakovi\u0107. &#8211; Aktere peticije ne zanima narod i opstanak sela, ve\u0107 ambicije da se dokopaju vlasti.<\/span><\/p>\n<p><span>Na pitanje \u201eNovosti\u201c za\u0161to je 90, od 120 gra\u0111ana Seni\u0161ta, potpisalo peticiju, Selakovi\u0107 je rekao da je u zaseoku Klak proletos asfaltirano 700 metara puta, a da tamo samo dvojica od 42 gra\u0111ana nisu ovjerili peticiju iz politi\u010dkih motiva.<\/span><\/p>\n<p><span>Inicijatori odvajanja isti\u010du da to ne \u010dine \u201eod vru\u0107ih kola\u010da\u201c, ve\u0107 im je dogorelo do nokata zbog vi\u0161egodi\u0161njeg ma\u0107ehinskog odnosa vlasti i zaostajanja za kom\u0161ijama, kako na \u010dajetinskoj strani, tako i u selima na lijevoj obali Uvca. Presudni su, ka\u017eu, ekonomski motivi, pa \u0107e analizu sa pokazateljima efekata promjene op\u0161tinskih me\u0111a, sa potpisima 700 gra\u0111ana, od njih 1.700 na bira\u010dkom spisku, uputiti Vladi Srbije.<\/span><\/p>\n<p><span>&#8211; Ne znamo za\u0161to se vlast toliko upla\u0161ila, kad sve radimo po slovu dva zakona o lokalnoj upravi i teritorijalnoj organizaciji RS! Vlada Srbije \u0107e vagati argumente koje nudimo i odlu\u010divati da li \u0107e Narodnoj skup\u0161tini predlo\u017eiti raspisivanje referenduma &#8211; ka\u017eu u Inicijativnom odboru.<\/span><\/p>\n<p>(novosti.rs)<\/p>\n","protected":false},"excerpt":{"rendered":"<p>Nova Varo\u0161 &#8211; Zao\u0161travaju se sporenja vlasti i dijela seljana koji ho\u0107e pripajanje \u010cajetini. Inicijatori tra\u017ee referendum, a op\u0161tina prepoznaje novopazarski scenario. Na sceni je scenario sli\u010dan onom od prije nekoliko godina, kada se u akciji decentralizacije Srbije poku\u0161alo sa stvaranjem ekonomsko-statisti\u010dke regije sa sjedi\u0161tem u Novom Pazaru i odvajanjem Nove Varo\u0161i od U\u017eica, svoje [&hellip;]<\/p>\n","protected":false},"author":83,"featured_media":88524,"comment_status":"open","ping_status":"open","sticky":false,"template":"","format":"standard","meta":{"footnotes":""},"categories":[1,394],"tags":[],"class_list":{"0":"post-88522","1":"post","2":"type-post","3":"status-publish","4":"format-standard","5":"has-post-thumbnail","7":"category-politika","8":"category-nova-varos"},"yoast_head":"<!-- This site is optimized with the Yoast SEO Premium plugin v23.1 (Yoast SEO v24.9) - https:\/\/yoast.com\/wordpress\/plugins\/seo\/ -->\n<title>Nova Varo\u0161: Hajka\u010di nas ne\u0107e rasturiti<\/title>\n<meta name=\"robots\" content=\"index, follow, max-snippet:-1, max-image-preview:large, max-video-preview:-1\" \/>\n<link rel=\"canonical\" href=\"https:\/\/sandzakpress.net\/arhiva\/nova-varos-hajkaci-nas-nece-rasturiti\/\" \/>\n<meta property=\"og:locale\" content=\"bs_BA\" \/>\n<meta property=\"og:type\" content=\"article\" \/>\n<meta property=\"og:title\" content=\"Nova Varo\u0161: Hajka\u010di nas ne\u0107e rasturiti\" \/>\n<meta property=\"og:description\" content=\"Nova Varo\u0161 &#8211; Zao\u0161travaju se sporenja vlasti i dijela seljana koji ho\u0107e pripajanje \u010cajetini. Inicijatori tra\u017ee referendum, a op\u0161tina prepoznaje novopazarski scenario. Na sceni je scenario sli\u010dan onom od prije nekoliko godina, kada se u akciji decentralizacije Srbije poku\u0161alo sa stvaranjem ekonomsko-statisti\u010dke regije sa sjedi\u0161tem u Novom Pazaru i odvajanjem Nove Varo\u0161i od U\u017eica, svoje [&hellip;]\" \/>\n<meta property=\"og:url\" content=\"https:\/\/sandzakpress.net\/arhiva\/nova-varos-hajkaci-nas-nece-rasturiti\/\" \/>\n<meta property=\"og:site_name\" content=\"Sand\u017eak PRESS\" \/>\n<meta property=\"article:published_time\" content=\"2013-09-23T21:48:28+00:00\" \/>\n<meta property=\"og:image\" content=\"https:\/\/sandzakpress.net\/arhiva\/wp-content\/uploads\/2013\/09\/srb-Nova-Varos-Selakovic-P_620x0-300x2161.jpg\" \/>\n\t<meta property=\"og:image:width\" content=\"300\" \/>\n\t<meta property=\"og:image:height\" content=\"216\" \/>\n\t<meta property=\"og:image:type\" content=\"image\/jpeg\" \/>\n<meta name=\"author\" content=\"bosniak\" \/>\n<meta name=\"twitter:card\" content=\"summary_large_image\" \/>\n<meta name=\"twitter:label1\" content=\"Written by\" \/>\n\t<meta name=\"twitter:data1\" content=\"bosniak\" \/>\n\t<meta name=\"twitter:label2\" content=\"Est. reading time\" \/>\n\t<meta name=\"twitter:data2\" content=\"3 minute\" \/>\n<script type=\"application\/ld+json\" class=\"yoast-schema-graph\">{\"@context\":\"https:\/\/schema.org\",\"@graph\":[{\"@type\":\"Article\",\"@id\":\"https:\/\/sandzakpress.net\/arhiva\/nova-varos-hajkaci-nas-nece-rasturiti\/#article\",\"isPartOf\":{\"@id\":\"https:\/\/sandzakpress.net\/arhiva\/nova-varos-hajkaci-nas-nece-rasturiti\/\"},\"author\":{\"name\":\"bosniak\",\"@id\":\"https:\/\/sandzakpress.net\/arhiva\/#\/schema\/person\/c8baee722073534b583ea7bdb2e36c02\"},\"headline\":\"Nova Varo\u0161: Hajka\u010di nas ne\u0107e rasturiti\",\"datePublished\":\"2013-09-23T21:48:28+00:00\",\"mainEntityOfPage\":{\"@id\":\"https:\/\/sandzakpress.net\/arhiva\/nova-varos-hajkaci-nas-nece-rasturiti\/\"},\"wordCount\":548,\"commentCount\":1,\"publisher\":{\"@id\":\"https:\/\/sandzakpress.net\/arhiva\/#\/schema\/person\/6e72b67d6e51910a1117b3b483ba20bd\"},\"image\":{\"@id\":\"https:\/\/sandzakpress.net\/arhiva\/nova-varos-hajkaci-nas-nece-rasturiti\/#primaryimage\"},\"thumbnailUrl\":\"https:\/\/sandzakpress.net\/arhiva\/wp-content\/uploads\/2013\/09\/srb-Nova-Varos-Selakovic-P_620x0-300x2161.jpg\",\"articleSection\":[\"Politika\",\"Nova Varo\u0161\"],\"inLanguage\":\"bs-BA\",\"potentialAction\":[{\"@type\":\"CommentAction\",\"name\":\"Comment\",\"target\":[\"https:\/\/sandzakpress.net\/arhiva\/nova-varos-hajkaci-nas-nece-rasturiti\/#respond\"]}]},{\"@type\":\"WebPage\",\"@id\":\"https:\/\/sandzakpress.net\/arhiva\/nova-varos-hajkaci-nas-nece-rasturiti\/\",\"url\":\"https:\/\/sandzakpress.net\/arhiva\/nova-varos-hajkaci-nas-nece-rasturiti\/\",\"name\":\"Nova Varo\u0161: Hajka\u010di nas ne\u0107e rasturiti\",\"isPartOf\":{\"@id\":\"https:\/\/sandzakpress.net\/arhiva\/#website\"},\"primaryImageOfPage\":{\"@id\":\"https:\/\/sandzakpress.net\/arhiva\/nova-varos-hajkaci-nas-nece-rasturiti\/#primaryimage\"},\"image\":{\"@id\":\"https:\/\/sandzakpress.net\/arhiva\/nova-varos-hajkaci-nas-nece-rasturiti\/#primaryimage\"},\"thumbnailUrl\":\"https:\/\/sandzakpress.net\/arhiva\/wp-content\/uploads\/2013\/09\/srb-Nova-Varos-Selakovic-P_620x0-300x2161.jpg\",\"datePublished\":\"2013-09-23T21:48:28+00:00\",\"breadcrumb\":{\"@id\":\"https:\/\/sandzakpress.net\/arhiva\/nova-varos-hajkaci-nas-nece-rasturiti\/#breadcrumb\"},\"inLanguage\":\"bs-BA\",\"potentialAction\":[{\"@type\":\"ReadAction\",\"target\":[\"https:\/\/sandzakpress.net\/arhiva\/nova-varos-hajkaci-nas-nece-rasturiti\/\"]}]},{\"@type\":\"ImageObject\",\"inLanguage\":\"bs-BA\",\"@id\":\"https:\/\/sandzakpress.net\/arhiva\/nova-varos-hajkaci-nas-nece-rasturiti\/#primaryimage\",\"url\":\"https:\/\/sandzakpress.net\/arhiva\/wp-content\/uploads\/2013\/09\/srb-Nova-Varos-Selakovic-P_620x0-300x2161.jpg\",\"contentUrl\":\"https:\/\/sandzakpress.net\/arhiva\/wp-content\/uploads\/2013\/09\/srb-Nova-Varos-Selakovic-P_620x0-300x2161.jpg\",\"width\":300,\"height\":216},{\"@type\":\"BreadcrumbList\",\"@id\":\"https:\/\/sandzakpress.net\/arhiva\/nova-varos-hajkaci-nas-nece-rasturiti\/#breadcrumb\",\"itemListElement\":[{\"@type\":\"ListItem\",\"position\":1,\"name\":\"Home\",\"item\":\"https:\/\/sandzakpress.net\/arhiva\/\"},{\"@type\":\"ListItem\",\"position\":2,\"name\":\"Nova Varo\u0161: Hajka\u010di nas ne\u0107e rasturiti\"}]},{\"@type\":\"WebSite\",\"@id\":\"https:\/\/sandzakpress.net\/arhiva\/#website\",\"url\":\"https:\/\/sandzakpress.net\/arhiva\/\",\"name\":\"Sand\u017eak PRESS\",\"description\":\"Prve elektronske novine u Sand\u017eaku\",\"publisher\":{\"@id\":\"https:\/\/sandzakpress.net\/arhiva\/#\/schema\/person\/6e72b67d6e51910a1117b3b483ba20bd\"},\"potentialAction\":[{\"@type\":\"SearchAction\",\"target\":{\"@type\":\"EntryPoint\",\"urlTemplate\":\"https:\/\/sandzakpress.net\/arhiva\/?s={search_term_string}\"},\"query-input\":{\"@type\":\"PropertyValueSpecification\",\"valueRequired\":true,\"valueName\":\"search_term_string\"}}],\"inLanguage\":\"bs-BA\"},{\"@type\":[\"Person\",\"Organization\"],\"@id\":\"https:\/\/sandzakpress.net\/arhiva\/#\/schema\/person\/6e72b67d6e51910a1117b3b483ba20bd\",\"name\":\"Kul\",\"image\":{\"@type\":\"ImageObject\",\"inLanguage\":\"bs-BA\",\"@id\":\"https:\/\/sandzakpress.net\/arhiva\/#\/schema\/person\/image\/\",\"url\":\"https:\/\/secure.gravatar.com\/avatar\/42263f39aa27ac04c43cab85c280eb2e?s=96&d=mm&r=pg\",\"contentUrl\":\"https:\/\/secure.gravatar.com\/avatar\/42263f39aa27ac04c43cab85c280eb2e?s=96&d=mm&r=pg\",\"caption\":\"Kul\"},\"logo\":{\"@id\":\"https:\/\/sandzakpress.net\/arhiva\/#\/schema\/person\/image\/\"}},{\"@type\":\"Person\",\"@id\":\"https:\/\/sandzakpress.net\/arhiva\/#\/schema\/person\/c8baee722073534b583ea7bdb2e36c02\",\"name\":\"bosniak\",\"image\":{\"@type\":\"ImageObject\",\"inLanguage\":\"bs-BA\",\"@id\":\"https:\/\/sandzakpress.net\/arhiva\/#\/schema\/person\/image\/\",\"url\":\"https:\/\/secure.gravatar.com\/avatar\/a04fd330bfe3a36a72a0ad4a6d89fca7?s=96&d=mm&r=pg\",\"contentUrl\":\"https:\/\/secure.gravatar.com\/avatar\/a04fd330bfe3a36a72a0ad4a6d89fca7?s=96&d=mm&r=pg\",\"caption\":\"bosniak\"},\"url\":\"https:\/\/sandzakpress.net\/arhiva\/author\/bosniak\/\"}]}<\/script>\n<!-- \/ Yoast SEO Premium plugin. -->","yoast_head_json":{"title":"Nova Varo\u0161: Hajka\u010di nas ne\u0107e rasturiti","robots":{"index":"index","follow":"follow","max-snippet":"max-snippet:-1","max-image-preview":"max-image-preview:large","max-video-preview":"max-video-preview:-1"},"canonical":"https:\/\/sandzakpress.net\/arhiva\/nova-varos-hajkaci-nas-nece-rasturiti\/","og_locale":"bs_BA","og_type":"article","og_title":"Nova Varo\u0161: Hajka\u010di nas ne\u0107e rasturiti","og_description":"Nova Varo\u0161 &#8211; Zao\u0161travaju se sporenja vlasti i dijela seljana koji ho\u0107e pripajanje \u010cajetini. Inicijatori tra\u017ee referendum, a op\u0161tina prepoznaje novopazarski scenario. Na sceni je scenario sli\u010dan onom od prije nekoliko godina, kada se u akciji decentralizacije Srbije poku\u0161alo sa stvaranjem ekonomsko-statisti\u010dke regije sa sjedi\u0161tem u Novom Pazaru i odvajanjem Nove Varo\u0161i od U\u017eica, svoje [&hellip;]","og_url":"https:\/\/sandzakpress.net\/arhiva\/nova-varos-hajkaci-nas-nece-rasturiti\/","og_site_name":"Sand\u017eak PRESS","article_published_time":"2013-09-23T21:48:28+00:00","og_image":[{"width":300,"height":216,"url":"https:\/\/sandzakpress.net\/arhiva\/wp-content\/uploads\/2013\/09\/srb-Nova-Varos-Selakovic-P_620x0-300x2161.jpg","type":"image\/jpeg"}],"author":"bosniak","twitter_card":"summary_large_image","twitter_misc":{"Written by":"bosniak","Est. reading time":"3 minute"},"schema":{"@context":"https:\/\/schema.org","@graph":[{"@type":"Article","@id":"https:\/\/sandzakpress.net\/arhiva\/nova-varos-hajkaci-nas-nece-rasturiti\/#article","isPartOf":{"@id":"https:\/\/sandzakpress.net\/arhiva\/nova-varos-hajkaci-nas-nece-rasturiti\/"},"author":{"name":"bosniak","@id":"https:\/\/sandzakpress.net\/arhiva\/#\/schema\/person\/c8baee722073534b583ea7bdb2e36c02"},"headline":"Nova Varo\u0161: Hajka\u010di nas ne\u0107e rasturiti","datePublished":"2013-09-23T21:48:28+00:00","mainEntityOfPage":{"@id":"https:\/\/sandzakpress.net\/arhiva\/nova-varos-hajkaci-nas-nece-rasturiti\/"},"wordCount":548,"commentCount":1,"publisher":{"@id":"https:\/\/sandzakpress.net\/arhiva\/#\/schema\/person\/6e72b67d6e51910a1117b3b483ba20bd"},"image":{"@id":"https:\/\/sandzakpress.net\/arhiva\/nova-varos-hajkaci-nas-nece-rasturiti\/#primaryimage"},"thumbnailUrl":"https:\/\/sandzakpress.net\/arhiva\/wp-content\/uploads\/2013\/09\/srb-Nova-Varos-Selakovic-P_620x0-300x2161.jpg","articleSection":["Politika","Nova Varo\u0161"],"inLanguage":"bs-BA","potentialAction":[{"@type":"CommentAction","name":"Comment","target":["https:\/\/sandzakpress.net\/arhiva\/nova-varos-hajkaci-nas-nece-rasturiti\/#respond"]}]},{"@type":"WebPage","@id":"https:\/\/sandzakpress.net\/arhiva\/nova-varos-hajkaci-nas-nece-rasturiti\/","url":"https:\/\/sandzakpress.net\/arhiva\/nova-varos-hajkaci-nas-nece-rasturiti\/","name":"Nova Varo\u0161: Hajka\u010di nas ne\u0107e rasturiti","isPartOf":{"@id":"https:\/\/sandzakpress.net\/arhiva\/#website"},"primaryImageOfPage":{"@id":"https:\/\/sandzakpress.net\/arhiva\/nova-varos-hajkaci-nas-nece-rasturiti\/#primaryimage"},"image":{"@id":"https:\/\/sandzakpress.net\/arhiva\/nova-varos-hajkaci-nas-nece-rasturiti\/#primaryimage"},"thumbnailUrl":"https:\/\/sandzakpress.net\/arhiva\/wp-content\/uploads\/2013\/09\/srb-Nova-Varos-Selakovic-P_620x0-300x2161.jpg","datePublished":"2013-09-23T21:48:28+00:00","breadcrumb":{"@id":"https:\/\/sandzakpress.net\/arhiva\/nova-varos-hajkaci-nas-nece-rasturiti\/#breadcrumb"},"inLanguage":"bs-BA","potentialAction":[{"@type":"ReadAction","target":["https:\/\/sandzakpress.net\/arhiva\/nova-varos-hajkaci-nas-nece-rasturiti\/"]}]},{"@type":"ImageObject","inLanguage":"bs-BA","@id":"https:\/\/sandzakpress.net\/arhiva\/nova-varos-hajkaci-nas-nece-rasturiti\/#primaryimage","url":"https:\/\/sandzakpress.net\/arhiva\/wp-content\/uploads\/2013\/09\/srb-Nova-Varos-Selakovic-P_620x0-300x2161.jpg","contentUrl":"https:\/\/sandzakpress.net\/arhiva\/wp-content\/uploads\/2013\/09\/srb-Nova-Varos-Selakovic-P_620x0-300x2161.jpg","width":300,"height":216},{"@type":"BreadcrumbList","@id":"https:\/\/sandzakpress.net\/arhiva\/nova-varos-hajkaci-nas-nece-rasturiti\/#breadcrumb","itemListElement":[{"@type":"ListItem","position":1,"name":"Home","item":"https:\/\/sandzakpress.net\/arhiva\/"},{"@type":"ListItem","position":2,"name":"Nova Varo\u0161: Hajka\u010di nas ne\u0107e rasturiti"}]},{"@type":"WebSite","@id":"https:\/\/sandzakpress.net\/arhiva\/#website","url":"https:\/\/sandzakpress.net\/arhiva\/","name":"Sand\u017eak PRESS","description":"Prve elektronske novine u Sand\u017eaku","publisher":{"@id":"https:\/\/sandzakpress.net\/arhiva\/#\/schema\/person\/6e72b67d6e51910a1117b3b483ba20bd"},"potentialAction":[{"@type":"SearchAction","target":{"@type":"EntryPoint","urlTemplate":"https:\/\/sandzakpress.net\/arhiva\/?s={search_term_string}"},"query-input":{"@type":"PropertyValueSpecification","valueRequired":true,"valueName":"search_term_string"}}],"inLanguage":"bs-BA"},{"@type":["Person","Organization"],"@id":"https:\/\/sandzakpress.net\/arhiva\/#\/schema\/person\/6e72b67d6e51910a1117b3b483ba20bd","name":"Kul","image":{"@type":"ImageObject","inLanguage":"bs-BA","@id":"https:\/\/sandzakpress.net\/arhiva\/#\/schema\/person\/image\/","url":"https:\/\/secure.gravatar.com\/avatar\/42263f39aa27ac04c43cab85c280eb2e?s=96&d=mm&r=pg","contentUrl":"https:\/\/secure.gravatar.com\/avatar\/42263f39aa27ac04c43cab85c280eb2e?s=96&d=mm&r=pg","caption":"Kul"},"logo":{"@id":"https:\/\/sandzakpress.net\/arhiva\/#\/schema\/person\/image\/"}},{"@type":"Person","@id":"https:\/\/sandzakpress.net\/arhiva\/#\/schema\/person\/c8baee722073534b583ea7bdb2e36c02","name":"bosniak","image":{"@type":"ImageObject","inLanguage":"bs-BA","@id":"https:\/\/sandzakpress.net\/arhiva\/#\/schema\/person\/image\/","url":"https:\/\/secure.gravatar.com\/avatar\/a04fd330bfe3a36a72a0ad4a6d89fca7?s=96&d=mm&r=pg","contentUrl":"https:\/\/secure.gravatar.com\/avatar\/a04fd330bfe3a36a72a0ad4a6d89fca7?s=96&d=mm&r=pg","caption":"bosniak"},"url":"https:\/\/sandzakpress.net\/arhiva\/author\/bosniak\/"}]}},"_links":{"self":[{"href":"https:\/\/sandzakpress.net\/arhiva\/wp-json\/wp\/v2\/posts\/88522"}],"collection":[{"href":"https:\/\/sandzakpress.net\/arhiva\/wp-json\/wp\/v2\/posts"}],"about":[{"href":"https:\/\/sandzakpress.net\/arhiva\/wp-json\/wp\/v2\/types\/post"}],"author":[{"embeddable":true,"href":"https:\/\/sandzakpress.net\/arhiva\/wp-json\/wp\/v2\/users\/83"}],"replies":[{"embeddable":true,"href":"https:\/\/sandzakpress.net\/arhiva\/wp-json\/wp\/v2\/comments?post=88522"}],"version-history":[{"count":0,"href":"https:\/\/sandzakpress.net\/arhiva\/wp-json\/wp\/v2\/posts\/88522\/revisions"}],"wp:featuredmedia":[{"embeddable":true,"href":"https:\/\/sandzakpress.net\/arhiva\/wp-json\/wp\/v2\/media\/88524"}],"wp:attachment":[{"href":"https:\/\/sandzakpress.net\/arhiva\/wp-json\/wp\/v2\/media?parent=88522"}],"wp:term":[{"taxonomy":"category","embeddable":true,"href":"https:\/\/sandzakpress.net\/arhiva\/wp-json\/wp\/v2\/categories?post=88522"},{"taxonomy":"post_tag","embeddable":true,"href":"https:\/\/sandzakpress.net\/arhiva\/wp-json\/wp\/v2\/tags?post=88522"}],"curies":[{"name":"wp","href":"https:\/\/api.w.org\/{rel}","templated":true}]}}