{"id":88384,"date":"2013-09-22T12:36:03","date_gmt":"2013-09-22T10:36:03","guid":{"rendered":"https:\/\/sandzakpress.net\/arhiva\/?p=88384"},"modified":"2013-09-22T13:54:21","modified_gmt":"2013-09-22T11:54:21","slug":"avazov-otvoreni-front-izdaje-bosne-sandzaka-i-bosnjaka","status":"publish","type":"post","link":"https:\/\/sandzakpress.net\/arhiva\/avazov-otvoreni-front-izdaje-bosne-sandzaka-i-bosnjaka\/","title":{"rendered":"Avazov otvoreni front izdaje Bosne, Sand\u017eaka i Bo\u0161njaka"},"content":{"rendered":"<p><strong><a href=\"https:\/\/sandzakpress.net\/arhiva\/wp-content\/uploads\/2013\/09\/avaz-5-001.jpg\"><img loading=\"lazy\" decoding=\"async\" class=\"alignleft size-medium wp-image-88385\" alt=\"avaz-5-001\" src=\"https:\/\/sandzakpress.net\/arhiva\/wp-content\/uploads\/2013\/09\/avaz-5-001-300x286.jpg\" width=\"300\" height=\"286\" \/><\/a>Novi Pazar, Sarajevo &#8211; Bo\u0161nja\u010dka kulturna zajednica prenera\u017eena je nivoom perfidnosti bosanskohercegova\u010dkih novina \u201eDnevni avaz\u201c u la\u017eima, klevetama i udaranjima na li\u010dno dostojanstvo i \u010dast uglednika bo\u0161nja\u010dkoga naroda. Ova novina koja je odavno izgubila kredibilitet ozbiljnog medija, kr\u0161e\u0107i sve norme novinarske etike i morala, bezskrupulozno du\u017ee vremena, po nalogu antibo\u0161nja\u010dkih krugova, vr\u0161i zadatak obezglavljivanja bo\u0161nja\u010dke elite. Me\u0111utim, posljednjim svojim pamfletom koga bi se morao zastidjeti i najcrnji tabloid spu\u0161ta sve ljestvice ponora u koji mediji mogu pasti. Zato je \u017ealosno da je nekada\u0161nji bo\u0161nja\u010dki nacionalni brend postao lu\u010dono\u0161a antibo\u0161nja\u010dkih projekata zarad politi\u010dke pridvornosti i ministarskog komfora njegovog vlasnika Fahrudina Radon\u010di\u0107a.\u00a0<!--more--><\/strong><\/p>\n<p>&nbsp;<\/p>\n<p>Avazov sramni napad na Muftiju Zukorli\u0107a i druge bo\u0161nja\u010dke prvake i prvakinje razumijemo kao nervozu regionalnih kriminalno-polit\u010dkih udruga kojima o\u010digledno sve vi\u0161e smeta bo\u0161nja\u010dki nacionalni pokret, institucije koje ga \u010dine i Muftija Zukorli\u0107 kao neprikosnoveni vjerski i nacionalni lider svih Bo\u0161njaka svijeta. On je dodatno iziritiran propastima silnih projekata \u0161pijunsko-udba\u0161ko-bezbjedonosnih biroa vi\u0161e dr\u017eava i kriminalnih gangova usmjerenih na ru\u0161enje kredibiliteta Muftije Zukorli\u0107a i slabljenje njegove pozicije kako u u\u017eem zavi\u010daju tako na cijelom domovinskom prostoru Bo\u0161njaka, regionu i dijaspori.<\/p>\n<p>Ovaj podli pamflet jo\u0161 jedan je dokaz potvrde narodne mudrosti \u201ejedna glava stotinu avaza\u201c, jer se iz ovakvog \u201eAvaza\u201c \u010duje samo lave\u017e moralnih natruha udru\u017eenih u front protiv Bo\u0161njaka i njihovih predstavnika. Kako druk\u010dije da razumijemo, recimo, \u0107utanje \u201eAvazovih\u201c pera kada se skoro pojavilo vi\u0161e snimaka poziva na novi genocid i prizivanje Bo\u0161njacima Sand\u017eaka (Novoga Pazara i Sjenice) sudbine Vukovara i Srebrenice, i ovako bestidno obru\u0161avanje na jedinu li\u010dnost sand\u017ea\u010dkog i bo\u0161nja\u010dkog naroda koja bdije na braniku na\u0161ih sudbina i \u0161titi nas od takvih nakana bolesnih umova kojih na \u017ealost jo\u0161 uvijek ima u na\u0161em bli\u017eem okru\u017eenju. Gorka je \u010dinjenica da su autori pjesme \u201eOj Pazaru novi Vukovaru,\/Oj Sjenice nova Srebrenice\u201c isti oni koji su brifingovali Avazove novinare da se, svjesno ili nesvjesno, upuste u stupidnu zamisao da \u0107e la\u017eima, klevetama i podvalama na\u0161tetiti ugledu Muftije Zukorli\u0107a i njegovih saradnica. Jedino \u0161to su postigli tim \u010dinom jeste dodato ogoljavanje sebe kao podvale Bo\u0161njacima i gubljenja i ono malo \u010ditalaca koji su im, nakon zaokreta u \u017eutu \u0161tampu, preostali.<\/p>\n<p>Bo\u0161nja\u010dka kulturna zajednica obznanjuje javnosti da nekada\u0161nje novine \u201eDnevni avaz\u201c dr\u017ee liniju otvorenog fronta izdaje prema Bosni, Sand\u017eaku i Bo\u0161njacima za ra\u010dun kriminalno-polit\u010dkih gangova i antibo\u0161nja\u010dkih i antimuslimanskih projekata a preko pridvorica koje su za li\u010dne interese spremne u\u0107i u faustovske dogovore sa d\u017eelatima svog naroda. Pozivamo sve Bo\u0161njake da shodno ovim \u010dinjenicama zauzmu stav prema snajperskoj ma\u0161ineriji punjenoj toksi\u010dkim otpadom usmjerenoj ka na\u0161im srcima i za\u0161tite sebe, svoje bli\u017enje i okru\u017eenje apsolutnim ignoriranjem ovog nazovi medija.<\/p>\n<p style=\"text-align: left;\" align=\"right\"><strong>(BKZ.rs\u00a0)<\/strong><\/p>\n<p>&nbsp;<\/p>\n","protected":false},"excerpt":{"rendered":"<p>Saop\u0107enje BKZ-a<\/p>\n","protected":false},"author":83,"featured_media":88386,"comment_status":"open","ping_status":"open","sticky":false,"template":"","format":"standard","meta":{"footnotes":""},"categories":[72,800,2860,8957],"tags":[10204,10240],"class_list":{"0":"post-88384","1":"post","2":"type-post","3":"status-publish","4":"format-standard","5":"has-post-thumbnail","7":"category-novi-pazar","8":"category-nacija","9":"category-bosna-i-hercegovina-gradovi","10":"category-vijesti-dana","11":"tag-muftija-muamer-zukorlic","12":"tag-bkz"},"yoast_head":"<!-- This site is optimized with the Yoast SEO Premium plugin v23.1 (Yoast SEO v24.9) - https:\/\/yoast.com\/wordpress\/plugins\/seo\/ -->\n<title>Avazov otvoreni front izdaje Bosne, Sand\u017eaka i Bo\u0161njaka<\/title>\n<meta name=\"robots\" content=\"index, follow, max-snippet:-1, max-image-preview:large, max-video-preview:-1\" \/>\n<link rel=\"canonical\" href=\"https:\/\/sandzakpress.net\/arhiva\/avazov-otvoreni-front-izdaje-bosne-sandzaka-i-bosnjaka\/\" \/>\n<meta property=\"og:locale\" content=\"bs_BA\" \/>\n<meta property=\"og:type\" content=\"article\" \/>\n<meta property=\"og:title\" content=\"Avazov otvoreni front izdaje Bosne, Sand\u017eaka i Bo\u0161njaka\" \/>\n<meta property=\"og:description\" content=\"Saop\u0107enje BKZ-a\" \/>\n<meta property=\"og:url\" content=\"https:\/\/sandzakpress.net\/arhiva\/avazov-otvoreni-front-izdaje-bosne-sandzaka-i-bosnjaka\/\" \/>\n<meta property=\"og:site_name\" content=\"Sand\u017eak PRESS\" \/>\n<meta property=\"article:published_time\" content=\"2013-09-22T10:36:03+00:00\" \/>\n<meta property=\"article:modified_time\" content=\"2013-09-22T11:54:21+00:00\" \/>\n<meta property=\"og:image\" content=\"https:\/\/sandzakpress.net\/arhiva\/wp-content\/uploads\/2013\/09\/avaz-5-001-300x2861.jpg\" \/>\n\t<meta property=\"og:image:width\" content=\"300\" \/>\n\t<meta property=\"og:image:height\" content=\"286\" \/>\n\t<meta property=\"og:image:type\" content=\"image\/jpeg\" \/>\n<meta name=\"author\" content=\"bosniak\" \/>\n<meta name=\"twitter:card\" content=\"summary_large_image\" \/>\n<meta name=\"twitter:label1\" content=\"Written by\" \/>\n\t<meta name=\"twitter:data1\" content=\"bosniak\" \/>\n\t<meta name=\"twitter:label2\" content=\"Est. reading time\" \/>\n\t<meta name=\"twitter:data2\" content=\"3 minute\" \/>\n<script type=\"application\/ld+json\" class=\"yoast-schema-graph\">{\"@context\":\"https:\/\/schema.org\",\"@graph\":[{\"@type\":\"Article\",\"@id\":\"https:\/\/sandzakpress.net\/arhiva\/avazov-otvoreni-front-izdaje-bosne-sandzaka-i-bosnjaka\/#article\",\"isPartOf\":{\"@id\":\"https:\/\/sandzakpress.net\/arhiva\/avazov-otvoreni-front-izdaje-bosne-sandzaka-i-bosnjaka\/\"},\"author\":{\"name\":\"bosniak\",\"@id\":\"https:\/\/sandzakpress.net\/arhiva\/#\/schema\/person\/c8baee722073534b583ea7bdb2e36c02\"},\"headline\":\"Avazov otvoreni front izdaje Bosne, Sand\u017eaka i Bo\u0161njaka\",\"datePublished\":\"2013-09-22T10:36:03+00:00\",\"dateModified\":\"2013-09-22T11:54:21+00:00\",\"mainEntityOfPage\":{\"@id\":\"https:\/\/sandzakpress.net\/arhiva\/avazov-otvoreni-front-izdaje-bosne-sandzaka-i-bosnjaka\/\"},\"wordCount\":524,\"commentCount\":15,\"publisher\":{\"@id\":\"https:\/\/sandzakpress.net\/arhiva\/#\/schema\/person\/6e72b67d6e51910a1117b3b483ba20bd\"},\"image\":{\"@id\":\"https:\/\/sandzakpress.net\/arhiva\/avazov-otvoreni-front-izdaje-bosne-sandzaka-i-bosnjaka\/#primaryimage\"},\"thumbnailUrl\":\"https:\/\/sandzakpress.net\/arhiva\/wp-content\/uploads\/2013\/09\/avaz-5-001-300x2861.jpg\",\"keywords\":[\"muftija Muamer Zukorli\u0107\",\"BKZ\"],\"articleSection\":[\"Novi Pazar\",\"Nacija\",\"Bosna i Hercegovina\",\"VIJESTI DANA\"],\"inLanguage\":\"bs-BA\",\"potentialAction\":[{\"@type\":\"CommentAction\",\"name\":\"Comment\",\"target\":[\"https:\/\/sandzakpress.net\/arhiva\/avazov-otvoreni-front-izdaje-bosne-sandzaka-i-bosnjaka\/#respond\"]}]},{\"@type\":\"WebPage\",\"@id\":\"https:\/\/sandzakpress.net\/arhiva\/avazov-otvoreni-front-izdaje-bosne-sandzaka-i-bosnjaka\/\",\"url\":\"https:\/\/sandzakpress.net\/arhiva\/avazov-otvoreni-front-izdaje-bosne-sandzaka-i-bosnjaka\/\",\"name\":\"Avazov otvoreni front izdaje Bosne, Sand\u017eaka i Bo\u0161njaka\",\"isPartOf\":{\"@id\":\"https:\/\/sandzakpress.net\/arhiva\/#website\"},\"primaryImageOfPage\":{\"@id\":\"https:\/\/sandzakpress.net\/arhiva\/avazov-otvoreni-front-izdaje-bosne-sandzaka-i-bosnjaka\/#primaryimage\"},\"image\":{\"@id\":\"https:\/\/sandzakpress.net\/arhiva\/avazov-otvoreni-front-izdaje-bosne-sandzaka-i-bosnjaka\/#primaryimage\"},\"thumbnailUrl\":\"https:\/\/sandzakpress.net\/arhiva\/wp-content\/uploads\/2013\/09\/avaz-5-001-300x2861.jpg\",\"datePublished\":\"2013-09-22T10:36:03+00:00\",\"dateModified\":\"2013-09-22T11:54:21+00:00\",\"breadcrumb\":{\"@id\":\"https:\/\/sandzakpress.net\/arhiva\/avazov-otvoreni-front-izdaje-bosne-sandzaka-i-bosnjaka\/#breadcrumb\"},\"inLanguage\":\"bs-BA\",\"potentialAction\":[{\"@type\":\"ReadAction\",\"target\":[\"https:\/\/sandzakpress.net\/arhiva\/avazov-otvoreni-front-izdaje-bosne-sandzaka-i-bosnjaka\/\"]}]},{\"@type\":\"ImageObject\",\"inLanguage\":\"bs-BA\",\"@id\":\"https:\/\/sandzakpress.net\/arhiva\/avazov-otvoreni-front-izdaje-bosne-sandzaka-i-bosnjaka\/#primaryimage\",\"url\":\"https:\/\/sandzakpress.net\/arhiva\/wp-content\/uploads\/2013\/09\/avaz-5-001-300x2861.jpg\",\"contentUrl\":\"https:\/\/sandzakpress.net\/arhiva\/wp-content\/uploads\/2013\/09\/avaz-5-001-300x2861.jpg\",\"width\":300,\"height\":286},{\"@type\":\"BreadcrumbList\",\"@id\":\"https:\/\/sandzakpress.net\/arhiva\/avazov-otvoreni-front-izdaje-bosne-sandzaka-i-bosnjaka\/#breadcrumb\",\"itemListElement\":[{\"@type\":\"ListItem\",\"position\":1,\"name\":\"Home\",\"item\":\"https:\/\/sandzakpress.net\/arhiva\/\"},{\"@type\":\"ListItem\",\"position\":2,\"name\":\"Avazov otvoreni front izdaje Bosne, Sand\u017eaka i Bo\u0161njaka\"}]},{\"@type\":\"WebSite\",\"@id\":\"https:\/\/sandzakpress.net\/arhiva\/#website\",\"url\":\"https:\/\/sandzakpress.net\/arhiva\/\",\"name\":\"Sand\u017eak PRESS\",\"description\":\"Prve elektronske novine u Sand\u017eaku\",\"publisher\":{\"@id\":\"https:\/\/sandzakpress.net\/arhiva\/#\/schema\/person\/6e72b67d6e51910a1117b3b483ba20bd\"},\"potentialAction\":[{\"@type\":\"SearchAction\",\"target\":{\"@type\":\"EntryPoint\",\"urlTemplate\":\"https:\/\/sandzakpress.net\/arhiva\/?s={search_term_string}\"},\"query-input\":{\"@type\":\"PropertyValueSpecification\",\"valueRequired\":true,\"valueName\":\"search_term_string\"}}],\"inLanguage\":\"bs-BA\"},{\"@type\":[\"Person\",\"Organization\"],\"@id\":\"https:\/\/sandzakpress.net\/arhiva\/#\/schema\/person\/6e72b67d6e51910a1117b3b483ba20bd\",\"name\":\"Kul\",\"image\":{\"@type\":\"ImageObject\",\"inLanguage\":\"bs-BA\",\"@id\":\"https:\/\/sandzakpress.net\/arhiva\/#\/schema\/person\/image\/\",\"url\":\"https:\/\/secure.gravatar.com\/avatar\/42263f39aa27ac04c43cab85c280eb2e?s=96&d=mm&r=pg\",\"contentUrl\":\"https:\/\/secure.gravatar.com\/avatar\/42263f39aa27ac04c43cab85c280eb2e?s=96&d=mm&r=pg\",\"caption\":\"Kul\"},\"logo\":{\"@id\":\"https:\/\/sandzakpress.net\/arhiva\/#\/schema\/person\/image\/\"}},{\"@type\":\"Person\",\"@id\":\"https:\/\/sandzakpress.net\/arhiva\/#\/schema\/person\/c8baee722073534b583ea7bdb2e36c02\",\"name\":\"bosniak\",\"image\":{\"@type\":\"ImageObject\",\"inLanguage\":\"bs-BA\",\"@id\":\"https:\/\/sandzakpress.net\/arhiva\/#\/schema\/person\/image\/\",\"url\":\"https:\/\/secure.gravatar.com\/avatar\/a04fd330bfe3a36a72a0ad4a6d89fca7?s=96&d=mm&r=pg\",\"contentUrl\":\"https:\/\/secure.gravatar.com\/avatar\/a04fd330bfe3a36a72a0ad4a6d89fca7?s=96&d=mm&r=pg\",\"caption\":\"bosniak\"},\"url\":\"https:\/\/sandzakpress.net\/arhiva\/author\/bosniak\/\"}]}<\/script>\n<!-- \/ Yoast SEO Premium plugin. -->","yoast_head_json":{"title":"Avazov otvoreni front izdaje Bosne, Sand\u017eaka i Bo\u0161njaka","robots":{"index":"index","follow":"follow","max-snippet":"max-snippet:-1","max-image-preview":"max-image-preview:large","max-video-preview":"max-video-preview:-1"},"canonical":"https:\/\/sandzakpress.net\/arhiva\/avazov-otvoreni-front-izdaje-bosne-sandzaka-i-bosnjaka\/","og_locale":"bs_BA","og_type":"article","og_title":"Avazov otvoreni front izdaje Bosne, Sand\u017eaka i Bo\u0161njaka","og_description":"Saop\u0107enje BKZ-a","og_url":"https:\/\/sandzakpress.net\/arhiva\/avazov-otvoreni-front-izdaje-bosne-sandzaka-i-bosnjaka\/","og_site_name":"Sand\u017eak PRESS","article_published_time":"2013-09-22T10:36:03+00:00","article_modified_time":"2013-09-22T11:54:21+00:00","og_image":[{"width":300,"height":286,"url":"https:\/\/sandzakpress.net\/arhiva\/wp-content\/uploads\/2013\/09\/avaz-5-001-300x2861.jpg","type":"image\/jpeg"}],"author":"bosniak","twitter_card":"summary_large_image","twitter_misc":{"Written by":"bosniak","Est. reading time":"3 minute"},"schema":{"@context":"https:\/\/schema.org","@graph":[{"@type":"Article","@id":"https:\/\/sandzakpress.net\/arhiva\/avazov-otvoreni-front-izdaje-bosne-sandzaka-i-bosnjaka\/#article","isPartOf":{"@id":"https:\/\/sandzakpress.net\/arhiva\/avazov-otvoreni-front-izdaje-bosne-sandzaka-i-bosnjaka\/"},"author":{"name":"bosniak","@id":"https:\/\/sandzakpress.net\/arhiva\/#\/schema\/person\/c8baee722073534b583ea7bdb2e36c02"},"headline":"Avazov otvoreni front izdaje Bosne, Sand\u017eaka i Bo\u0161njaka","datePublished":"2013-09-22T10:36:03+00:00","dateModified":"2013-09-22T11:54:21+00:00","mainEntityOfPage":{"@id":"https:\/\/sandzakpress.net\/arhiva\/avazov-otvoreni-front-izdaje-bosne-sandzaka-i-bosnjaka\/"},"wordCount":524,"commentCount":15,"publisher":{"@id":"https:\/\/sandzakpress.net\/arhiva\/#\/schema\/person\/6e72b67d6e51910a1117b3b483ba20bd"},"image":{"@id":"https:\/\/sandzakpress.net\/arhiva\/avazov-otvoreni-front-izdaje-bosne-sandzaka-i-bosnjaka\/#primaryimage"},"thumbnailUrl":"https:\/\/sandzakpress.net\/arhiva\/wp-content\/uploads\/2013\/09\/avaz-5-001-300x2861.jpg","keywords":["muftija Muamer Zukorli\u0107","BKZ"],"articleSection":["Novi Pazar","Nacija","Bosna i Hercegovina","VIJESTI DANA"],"inLanguage":"bs-BA","potentialAction":[{"@type":"CommentAction","name":"Comment","target":["https:\/\/sandzakpress.net\/arhiva\/avazov-otvoreni-front-izdaje-bosne-sandzaka-i-bosnjaka\/#respond"]}]},{"@type":"WebPage","@id":"https:\/\/sandzakpress.net\/arhiva\/avazov-otvoreni-front-izdaje-bosne-sandzaka-i-bosnjaka\/","url":"https:\/\/sandzakpress.net\/arhiva\/avazov-otvoreni-front-izdaje-bosne-sandzaka-i-bosnjaka\/","name":"Avazov otvoreni front izdaje Bosne, Sand\u017eaka i Bo\u0161njaka","isPartOf":{"@id":"https:\/\/sandzakpress.net\/arhiva\/#website"},"primaryImageOfPage":{"@id":"https:\/\/sandzakpress.net\/arhiva\/avazov-otvoreni-front-izdaje-bosne-sandzaka-i-bosnjaka\/#primaryimage"},"image":{"@id":"https:\/\/sandzakpress.net\/arhiva\/avazov-otvoreni-front-izdaje-bosne-sandzaka-i-bosnjaka\/#primaryimage"},"thumbnailUrl":"https:\/\/sandzakpress.net\/arhiva\/wp-content\/uploads\/2013\/09\/avaz-5-001-300x2861.jpg","datePublished":"2013-09-22T10:36:03+00:00","dateModified":"2013-09-22T11:54:21+00:00","breadcrumb":{"@id":"https:\/\/sandzakpress.net\/arhiva\/avazov-otvoreni-front-izdaje-bosne-sandzaka-i-bosnjaka\/#breadcrumb"},"inLanguage":"bs-BA","potentialAction":[{"@type":"ReadAction","target":["https:\/\/sandzakpress.net\/arhiva\/avazov-otvoreni-front-izdaje-bosne-sandzaka-i-bosnjaka\/"]}]},{"@type":"ImageObject","inLanguage":"bs-BA","@id":"https:\/\/sandzakpress.net\/arhiva\/avazov-otvoreni-front-izdaje-bosne-sandzaka-i-bosnjaka\/#primaryimage","url":"https:\/\/sandzakpress.net\/arhiva\/wp-content\/uploads\/2013\/09\/avaz-5-001-300x2861.jpg","contentUrl":"https:\/\/sandzakpress.net\/arhiva\/wp-content\/uploads\/2013\/09\/avaz-5-001-300x2861.jpg","width":300,"height":286},{"@type":"BreadcrumbList","@id":"https:\/\/sandzakpress.net\/arhiva\/avazov-otvoreni-front-izdaje-bosne-sandzaka-i-bosnjaka\/#breadcrumb","itemListElement":[{"@type":"ListItem","position":1,"name":"Home","item":"https:\/\/sandzakpress.net\/arhiva\/"},{"@type":"ListItem","position":2,"name":"Avazov otvoreni front izdaje Bosne, Sand\u017eaka i Bo\u0161njaka"}]},{"@type":"WebSite","@id":"https:\/\/sandzakpress.net\/arhiva\/#website","url":"https:\/\/sandzakpress.net\/arhiva\/","name":"Sand\u017eak PRESS","description":"Prve elektronske novine u Sand\u017eaku","publisher":{"@id":"https:\/\/sandzakpress.net\/arhiva\/#\/schema\/person\/6e72b67d6e51910a1117b3b483ba20bd"},"potentialAction":[{"@type":"SearchAction","target":{"@type":"EntryPoint","urlTemplate":"https:\/\/sandzakpress.net\/arhiva\/?s={search_term_string}"},"query-input":{"@type":"PropertyValueSpecification","valueRequired":true,"valueName":"search_term_string"}}],"inLanguage":"bs-BA"},{"@type":["Person","Organization"],"@id":"https:\/\/sandzakpress.net\/arhiva\/#\/schema\/person\/6e72b67d6e51910a1117b3b483ba20bd","name":"Kul","image":{"@type":"ImageObject","inLanguage":"bs-BA","@id":"https:\/\/sandzakpress.net\/arhiva\/#\/schema\/person\/image\/","url":"https:\/\/secure.gravatar.com\/avatar\/42263f39aa27ac04c43cab85c280eb2e?s=96&d=mm&r=pg","contentUrl":"https:\/\/secure.gravatar.com\/avatar\/42263f39aa27ac04c43cab85c280eb2e?s=96&d=mm&r=pg","caption":"Kul"},"logo":{"@id":"https:\/\/sandzakpress.net\/arhiva\/#\/schema\/person\/image\/"}},{"@type":"Person","@id":"https:\/\/sandzakpress.net\/arhiva\/#\/schema\/person\/c8baee722073534b583ea7bdb2e36c02","name":"bosniak","image":{"@type":"ImageObject","inLanguage":"bs-BA","@id":"https:\/\/sandzakpress.net\/arhiva\/#\/schema\/person\/image\/","url":"https:\/\/secure.gravatar.com\/avatar\/a04fd330bfe3a36a72a0ad4a6d89fca7?s=96&d=mm&r=pg","contentUrl":"https:\/\/secure.gravatar.com\/avatar\/a04fd330bfe3a36a72a0ad4a6d89fca7?s=96&d=mm&r=pg","caption":"bosniak"},"url":"https:\/\/sandzakpress.net\/arhiva\/author\/bosniak\/"}]}},"_links":{"self":[{"href":"https:\/\/sandzakpress.net\/arhiva\/wp-json\/wp\/v2\/posts\/88384"}],"collection":[{"href":"https:\/\/sandzakpress.net\/arhiva\/wp-json\/wp\/v2\/posts"}],"about":[{"href":"https:\/\/sandzakpress.net\/arhiva\/wp-json\/wp\/v2\/types\/post"}],"author":[{"embeddable":true,"href":"https:\/\/sandzakpress.net\/arhiva\/wp-json\/wp\/v2\/users\/83"}],"replies":[{"embeddable":true,"href":"https:\/\/sandzakpress.net\/arhiva\/wp-json\/wp\/v2\/comments?post=88384"}],"version-history":[{"count":0,"href":"https:\/\/sandzakpress.net\/arhiva\/wp-json\/wp\/v2\/posts\/88384\/revisions"}],"wp:featuredmedia":[{"embeddable":true,"href":"https:\/\/sandzakpress.net\/arhiva\/wp-json\/wp\/v2\/media\/88386"}],"wp:attachment":[{"href":"https:\/\/sandzakpress.net\/arhiva\/wp-json\/wp\/v2\/media?parent=88384"}],"wp:term":[{"taxonomy":"category","embeddable":true,"href":"https:\/\/sandzakpress.net\/arhiva\/wp-json\/wp\/v2\/categories?post=88384"},{"taxonomy":"post_tag","embeddable":true,"href":"https:\/\/sandzakpress.net\/arhiva\/wp-json\/wp\/v2\/tags?post=88384"}],"curies":[{"name":"wp","href":"https:\/\/api.w.org\/{rel}","templated":true}]}}