{"id":88341,"date":"2013-09-21T14:46:43","date_gmt":"2013-09-21T12:46:43","guid":{"rendered":"https:\/\/sandzakpress.net\/arhiva\/?p=88341"},"modified":"2013-09-21T14:47:03","modified_gmt":"2013-09-21T12:47:03","slug":"avazov-zeljezni-krevet","status":"publish","type":"post","link":"https:\/\/sandzakpress.net\/arhiva\/avazov-zeljezni-krevet\/","title":{"rendered":"Avazov \u017eeljezni krevet"},"content":{"rendered":"<p><img loading=\"lazy\" decoding=\"async\" class=\"alignleft size-medium wp-image-88342\" alt=\"news-2009-april-fahrudin_radoncic_bh_dani_160105742\" src=\"https:\/\/sandzakpress.net\/arhiva\/wp-content\/uploads\/2013\/09\/news-2009-april-fahrudin_radoncic_bh_dani_160105742-270x300.jpg\" width=\"270\" height=\"300\" \/>U gr\u010dkoj mitologiji postoji pri\u010da o \u010dovjeku &#8220;razapinja\u010du&#8221;, koji je kovao \u017eeljezo i zato se zvao Prokrustes, a zvali su ga i Prokoptas ili Damastes, &#8220;krotilac&#8221;. On je, zapravo, bio lutalica i bandit, koji je \u017eivio u gr\u010dkoj pokrajini Atika, gdje je do\u010dekivao i napadao ljude tako \u0161to ih je razapinjao i sjekao im organe tijela tako da ih dovede na mjeru njegovog &#8220;\u017eeljeznog kreveta&#8221;. Otuda je ostalo da je prokrustianski ono \u0161to se skrati ili podsje\u0107e kako bi bilo dovedeno na standradnu mjeru.<\/p>\n<p><strong>Autor: Ismet Topalhod\u017ei\u0107<\/strong><\/p>\n<p>Pri\u010da dalje ka\u017ee da je Prokrustes pozivao prolaznike da svrate kod njega, ne znaju\u0107i da \u0107e pro\u0107i kroz njegovu \u010dudnu proceduru prilago\u0111avanja njegovom &#8220;\u017eeljeznom krevetu&#8221;. Ako bi osoba bila vi\u0161eg rasta i \u0161ireg stasa od njegovog kreveta, Prokrustes bi tu osobu skra\u0107ivao dok ne do\u0111e na mjeru tog njegovog kreveta. Zanimljivo je bilo da nikad niko nije bio po mjeri njegovog \u017eeljeznog kreveta. Prokrustes je, naime, imao dva \u017eeljezna kreveta pa je uvijek uzimao za mjeru onaj krevet koji nije odgovarao doti\u010dnj osobi.<\/p>\n<p>Prokrustes je tako terorizirao ljude sve dok se nije namjerio na sebi ravnog, a to je Teseus, koji ga je uhvatio i podrezao na mjeru jednog od njegovih \u017eeljeznih kreveta. To na bosanskom zna\u010di: &#8220;Ko drugom jamu kopa sam u nju pada&#8221;. Pouka i poruka iz ove mitolo\u0161ke pri\u010de je da postoje ljudi koji provode silu i nasilje nad drugim ljdima tako \u0161to ih \u017eele svesti na mjeru svog &#8220;\u017eeljeznog kreveta&#8221;, odnosnu na mjeru svoje male pameti, jer ne mogu podnijeti da neko drugi bude pametniji i uspje\u0161niji od njih.<\/p>\n<table width=\"300\" border=\"0\" cellspacing=\"0\" cellpadding=\"5\" align=\"right\" bgcolor=\"Gainsboro\">\n<tbody>\n<tr>\n<td align=\"left\"><center><img decoding=\"async\" alt=\"\" src=\"http:\/\/www.bosnjaci.net\/foto\/avaz_logo.jpg\" width=\"300\" border=\"0\" \/><\/center><span style=\"color: black;\"><br \/>\nHajka koju je danas (20.09. 2013) otvorio &#8220;Dnevni avaz&#8221; na muftiju sand\u017ea\u010dkog Muamera Zukurli\u0107a sli\u010di na Prokrustesovu pri\u010du. Avazovi dou\u0161nici su dojavili bo\u0161nja\u010dkom Prokrustesu u Avazu da se muftija Zukorli\u0107 protegao i pro\u0161irio mnogo vi\u0161e i mnogo \u0161ire nego \u0161to Avazov &#8220;\u017eeljezni krevet&#8221; mo\u017ee da podnese i zato ga treba potkresati i dovesti ga na Avazovu, odnosno \u0110ukanovi\u0107evu, mjeru.<\/span><\/td>\n<\/tr>\n<\/tbody>\n<\/table>\n<p>Hajka koju je danas (20.09. 2013) otvorio &#8220;Dnevni avaz&#8221; na muftiju sand\u017ea\u010dkog Muamera Zukurli\u0107a sli\u010di na Prokrustesovu pri\u010du. Avazovi dou\u0161nici su dojavili bo\u0161nja\u010dkom Prokrustesu u Avazu da se muftija Zukorli\u0107 protegao i pro\u0161irio mnogo vi\u0161e i mnogo \u0161ire nego \u0161to Avazov &#8220;\u017eeljezni krevet&#8221; mo\u017ee da podnese i zato ga treba potkresati i dovesti ga na Avazovu, odnosno \u0110ukanovi\u0107evu, mjeru. Pored zahtjeva Avazu iz Beograda (i Podgorice) da skrati, potkre\u0161e i posije\u010de muftiju Zukorli\u0107a, Avaz ima i li\u010dni motiv zato \u0161to je dosada, uglavnom, bio uspje\u0161an u skra\u0107ivanju, potkresivanju i odsjecanju bo\u0161nja\u010dkih glava, koje su vi\u0161e znale; ruku, koje su vi\u0161e radile; i nogu, koje su vi\u0161e hodale da bi do\u0161le tamo gdje su Bo\u0161njaci. Izgleda, ostao je jo\u0161 samo muftija sand\u017ea\u010dki Muamer Zukorli\u0107, koji ima glavu sa visoko podignutim \u010delom, koji ima ruke sa \u010distim dlanovima i koji ima noge sa sna\u017enim koljenima. I zato ga treba dovesti na mjeru, a ko bi drugi to mogao nego Avaz uz pomo\u0107 svojih dou\u0161nika iz Sand\u017eaka, Beograda i Podgorice. No, zakasnili su. Mufijina glava, ruke i noge su toliko o\u010dvrsnule da im ni Avazom &#8220;\u017eeljezni malj&#8221; ne mo\u017ee ni\u0161ta. Jer Muftijino srce od \u010delika je ja\u010de od Avazovog \u010deki\u0107a od \u017eeljeza.<\/p>\n<p>Jadno je i bijedno to \u0161to Avaz radi, ali je dobro da Bo\u0161njaci vide kako ne bi imali vi\u0161e iluzija, koje ih mogu odvesti u propast. Avazov &#8220;\u017eeljezni krevet&#8221; nije vi\u0161e upotrebljiv, kao \u0161to ni Avazova \u017eelja da se dodvori Beogradu i Podgorici nije vi\u0161e po\u017eeljna.<\/p>\n<p>Svako \u0107e po\u017enjeti ono \u0161to posije. La\u017e ako posije\u0161, niknu \u0107e ti la\u017e u njedrima. Mr\u017enju ako posje\u0161, niknut \u0107e ti mr\u017enja u srcu. Pakost ako posije\u0161, niknut \u0107e ti pakost u ku\u0107i.<\/p>\n<p><strong style=\"color: #000000; font-family: Arial, sans-serif; font-size: 12px; line-height: normal; background-color: #ffffff;\">\u00a0<\/strong><\/p>\n","protected":false},"excerpt":{"rendered":"<p>Ismet Topalhod\u017ei\u0107<\/p>\n","protected":false},"author":83,"featured_media":88343,"comment_status":"open","ping_status":"open","sticky":false,"template":"","format":"standard","meta":{"footnotes":""},"categories":[2860,10196],"tags":[10214,10361],"class_list":{"0":"post-88341","1":"post","2":"type-post","3":"status-publish","4":"format-standard","5":"has-post-thumbnail","7":"category-bosna-i-hercegovina-gradovi","8":"category-iz-pera-nasih-autora","9":"tag-fahrudin-radoncic","10":"tag-ismet-topalhodzic"},"yoast_head":"<!-- This site is optimized with the Yoast SEO Premium plugin v23.1 (Yoast SEO v24.9) - https:\/\/yoast.com\/wordpress\/plugins\/seo\/ -->\n<title>Avazov \u017eeljezni krevet<\/title>\n<meta name=\"robots\" content=\"index, follow, max-snippet:-1, max-image-preview:large, max-video-preview:-1\" \/>\n<link rel=\"canonical\" href=\"https:\/\/sandzakpress.net\/arhiva\/avazov-zeljezni-krevet\/\" \/>\n<meta property=\"og:locale\" content=\"bs_BA\" \/>\n<meta property=\"og:type\" content=\"article\" \/>\n<meta property=\"og:title\" content=\"Avazov \u017eeljezni krevet\" \/>\n<meta property=\"og:description\" content=\"Ismet Topalhod\u017ei\u0107\" \/>\n<meta property=\"og:url\" content=\"https:\/\/sandzakpress.net\/arhiva\/avazov-zeljezni-krevet\/\" \/>\n<meta property=\"og:site_name\" content=\"Sand\u017eak PRESS\" \/>\n<meta property=\"article:published_time\" content=\"2013-09-21T12:46:43+00:00\" \/>\n<meta property=\"article:modified_time\" content=\"2013-09-21T12:47:03+00:00\" \/>\n<meta property=\"og:image\" content=\"https:\/\/sandzakpress.net\/arhiva\/wp-content\/uploads\/2013\/09\/news-2009-april-fahrudin_radoncic_bh_dani_160105742-270x3001.jpg\" \/>\n\t<meta property=\"og:image:width\" content=\"270\" \/>\n\t<meta property=\"og:image:height\" content=\"300\" \/>\n\t<meta property=\"og:image:type\" content=\"image\/jpeg\" \/>\n<meta name=\"author\" content=\"bosniak\" \/>\n<meta name=\"twitter:card\" content=\"summary_large_image\" \/>\n<meta name=\"twitter:label1\" content=\"Written by\" \/>\n\t<meta name=\"twitter:data1\" content=\"bosniak\" \/>\n\t<meta name=\"twitter:label2\" content=\"Est. reading time\" \/>\n\t<meta name=\"twitter:data2\" content=\"3 minute\" \/>\n<script type=\"application\/ld+json\" class=\"yoast-schema-graph\">{\"@context\":\"https:\/\/schema.org\",\"@graph\":[{\"@type\":\"Article\",\"@id\":\"https:\/\/sandzakpress.net\/arhiva\/avazov-zeljezni-krevet\/#article\",\"isPartOf\":{\"@id\":\"https:\/\/sandzakpress.net\/arhiva\/avazov-zeljezni-krevet\/\"},\"author\":{\"name\":\"bosniak\",\"@id\":\"https:\/\/sandzakpress.net\/arhiva\/#\/schema\/person\/c8baee722073534b583ea7bdb2e36c02\"},\"headline\":\"Avazov \u017eeljezni krevet\",\"datePublished\":\"2013-09-21T12:46:43+00:00\",\"dateModified\":\"2013-09-21T12:47:03+00:00\",\"mainEntityOfPage\":{\"@id\":\"https:\/\/sandzakpress.net\/arhiva\/avazov-zeljezni-krevet\/\"},\"wordCount\":672,\"commentCount\":3,\"publisher\":{\"@id\":\"https:\/\/sandzakpress.net\/arhiva\/#\/schema\/person\/6e72b67d6e51910a1117b3b483ba20bd\"},\"image\":{\"@id\":\"https:\/\/sandzakpress.net\/arhiva\/avazov-zeljezni-krevet\/#primaryimage\"},\"thumbnailUrl\":\"https:\/\/sandzakpress.net\/arhiva\/wp-content\/uploads\/2013\/09\/news-2009-april-fahrudin_radoncic_bh_dani_160105742-270x3001.jpg\",\"keywords\":[\"Fahrudin Radon\u010di\u0107\",\"Ismet Topalhod\u017ei\u0107\"],\"articleSection\":[\"Bosna i Hercegovina\",\"Iz pera na\u0161ih autora\"],\"inLanguage\":\"bs-BA\",\"potentialAction\":[{\"@type\":\"CommentAction\",\"name\":\"Comment\",\"target\":[\"https:\/\/sandzakpress.net\/arhiva\/avazov-zeljezni-krevet\/#respond\"]}]},{\"@type\":\"WebPage\",\"@id\":\"https:\/\/sandzakpress.net\/arhiva\/avazov-zeljezni-krevet\/\",\"url\":\"https:\/\/sandzakpress.net\/arhiva\/avazov-zeljezni-krevet\/\",\"name\":\"Avazov \u017eeljezni krevet\",\"isPartOf\":{\"@id\":\"https:\/\/sandzakpress.net\/arhiva\/#website\"},\"primaryImageOfPage\":{\"@id\":\"https:\/\/sandzakpress.net\/arhiva\/avazov-zeljezni-krevet\/#primaryimage\"},\"image\":{\"@id\":\"https:\/\/sandzakpress.net\/arhiva\/avazov-zeljezni-krevet\/#primaryimage\"},\"thumbnailUrl\":\"https:\/\/sandzakpress.net\/arhiva\/wp-content\/uploads\/2013\/09\/news-2009-april-fahrudin_radoncic_bh_dani_160105742-270x3001.jpg\",\"datePublished\":\"2013-09-21T12:46:43+00:00\",\"dateModified\":\"2013-09-21T12:47:03+00:00\",\"breadcrumb\":{\"@id\":\"https:\/\/sandzakpress.net\/arhiva\/avazov-zeljezni-krevet\/#breadcrumb\"},\"inLanguage\":\"bs-BA\",\"potentialAction\":[{\"@type\":\"ReadAction\",\"target\":[\"https:\/\/sandzakpress.net\/arhiva\/avazov-zeljezni-krevet\/\"]}]},{\"@type\":\"ImageObject\",\"inLanguage\":\"bs-BA\",\"@id\":\"https:\/\/sandzakpress.net\/arhiva\/avazov-zeljezni-krevet\/#primaryimage\",\"url\":\"https:\/\/sandzakpress.net\/arhiva\/wp-content\/uploads\/2013\/09\/news-2009-april-fahrudin_radoncic_bh_dani_160105742-270x3001.jpg\",\"contentUrl\":\"https:\/\/sandzakpress.net\/arhiva\/wp-content\/uploads\/2013\/09\/news-2009-april-fahrudin_radoncic_bh_dani_160105742-270x3001.jpg\",\"width\":270,\"height\":300},{\"@type\":\"BreadcrumbList\",\"@id\":\"https:\/\/sandzakpress.net\/arhiva\/avazov-zeljezni-krevet\/#breadcrumb\",\"itemListElement\":[{\"@type\":\"ListItem\",\"position\":1,\"name\":\"Home\",\"item\":\"https:\/\/sandzakpress.net\/arhiva\/\"},{\"@type\":\"ListItem\",\"position\":2,\"name\":\"Avazov \u017eeljezni krevet\"}]},{\"@type\":\"WebSite\",\"@id\":\"https:\/\/sandzakpress.net\/arhiva\/#website\",\"url\":\"https:\/\/sandzakpress.net\/arhiva\/\",\"name\":\"Sand\u017eak PRESS\",\"description\":\"Prve elektronske novine u Sand\u017eaku\",\"publisher\":{\"@id\":\"https:\/\/sandzakpress.net\/arhiva\/#\/schema\/person\/6e72b67d6e51910a1117b3b483ba20bd\"},\"potentialAction\":[{\"@type\":\"SearchAction\",\"target\":{\"@type\":\"EntryPoint\",\"urlTemplate\":\"https:\/\/sandzakpress.net\/arhiva\/?s={search_term_string}\"},\"query-input\":{\"@type\":\"PropertyValueSpecification\",\"valueRequired\":true,\"valueName\":\"search_term_string\"}}],\"inLanguage\":\"bs-BA\"},{\"@type\":[\"Person\",\"Organization\"],\"@id\":\"https:\/\/sandzakpress.net\/arhiva\/#\/schema\/person\/6e72b67d6e51910a1117b3b483ba20bd\",\"name\":\"Kul\",\"image\":{\"@type\":\"ImageObject\",\"inLanguage\":\"bs-BA\",\"@id\":\"https:\/\/sandzakpress.net\/arhiva\/#\/schema\/person\/image\/\",\"url\":\"https:\/\/secure.gravatar.com\/avatar\/42263f39aa27ac04c43cab85c280eb2e?s=96&d=mm&r=pg\",\"contentUrl\":\"https:\/\/secure.gravatar.com\/avatar\/42263f39aa27ac04c43cab85c280eb2e?s=96&d=mm&r=pg\",\"caption\":\"Kul\"},\"logo\":{\"@id\":\"https:\/\/sandzakpress.net\/arhiva\/#\/schema\/person\/image\/\"}},{\"@type\":\"Person\",\"@id\":\"https:\/\/sandzakpress.net\/arhiva\/#\/schema\/person\/c8baee722073534b583ea7bdb2e36c02\",\"name\":\"bosniak\",\"image\":{\"@type\":\"ImageObject\",\"inLanguage\":\"bs-BA\",\"@id\":\"https:\/\/sandzakpress.net\/arhiva\/#\/schema\/person\/image\/\",\"url\":\"https:\/\/secure.gravatar.com\/avatar\/a04fd330bfe3a36a72a0ad4a6d89fca7?s=96&d=mm&r=pg\",\"contentUrl\":\"https:\/\/secure.gravatar.com\/avatar\/a04fd330bfe3a36a72a0ad4a6d89fca7?s=96&d=mm&r=pg\",\"caption\":\"bosniak\"},\"url\":\"https:\/\/sandzakpress.net\/arhiva\/author\/bosniak\/\"}]}<\/script>\n<!-- \/ Yoast SEO Premium plugin. -->","yoast_head_json":{"title":"Avazov \u017eeljezni krevet","robots":{"index":"index","follow":"follow","max-snippet":"max-snippet:-1","max-image-preview":"max-image-preview:large","max-video-preview":"max-video-preview:-1"},"canonical":"https:\/\/sandzakpress.net\/arhiva\/avazov-zeljezni-krevet\/","og_locale":"bs_BA","og_type":"article","og_title":"Avazov \u017eeljezni krevet","og_description":"Ismet Topalhod\u017ei\u0107","og_url":"https:\/\/sandzakpress.net\/arhiva\/avazov-zeljezni-krevet\/","og_site_name":"Sand\u017eak PRESS","article_published_time":"2013-09-21T12:46:43+00:00","article_modified_time":"2013-09-21T12:47:03+00:00","og_image":[{"width":270,"height":300,"url":"https:\/\/sandzakpress.net\/arhiva\/wp-content\/uploads\/2013\/09\/news-2009-april-fahrudin_radoncic_bh_dani_160105742-270x3001.jpg","type":"image\/jpeg"}],"author":"bosniak","twitter_card":"summary_large_image","twitter_misc":{"Written by":"bosniak","Est. reading time":"3 minute"},"schema":{"@context":"https:\/\/schema.org","@graph":[{"@type":"Article","@id":"https:\/\/sandzakpress.net\/arhiva\/avazov-zeljezni-krevet\/#article","isPartOf":{"@id":"https:\/\/sandzakpress.net\/arhiva\/avazov-zeljezni-krevet\/"},"author":{"name":"bosniak","@id":"https:\/\/sandzakpress.net\/arhiva\/#\/schema\/person\/c8baee722073534b583ea7bdb2e36c02"},"headline":"Avazov \u017eeljezni krevet","datePublished":"2013-09-21T12:46:43+00:00","dateModified":"2013-09-21T12:47:03+00:00","mainEntityOfPage":{"@id":"https:\/\/sandzakpress.net\/arhiva\/avazov-zeljezni-krevet\/"},"wordCount":672,"commentCount":3,"publisher":{"@id":"https:\/\/sandzakpress.net\/arhiva\/#\/schema\/person\/6e72b67d6e51910a1117b3b483ba20bd"},"image":{"@id":"https:\/\/sandzakpress.net\/arhiva\/avazov-zeljezni-krevet\/#primaryimage"},"thumbnailUrl":"https:\/\/sandzakpress.net\/arhiva\/wp-content\/uploads\/2013\/09\/news-2009-april-fahrudin_radoncic_bh_dani_160105742-270x3001.jpg","keywords":["Fahrudin Radon\u010di\u0107","Ismet Topalhod\u017ei\u0107"],"articleSection":["Bosna i Hercegovina","Iz pera na\u0161ih autora"],"inLanguage":"bs-BA","potentialAction":[{"@type":"CommentAction","name":"Comment","target":["https:\/\/sandzakpress.net\/arhiva\/avazov-zeljezni-krevet\/#respond"]}]},{"@type":"WebPage","@id":"https:\/\/sandzakpress.net\/arhiva\/avazov-zeljezni-krevet\/","url":"https:\/\/sandzakpress.net\/arhiva\/avazov-zeljezni-krevet\/","name":"Avazov \u017eeljezni krevet","isPartOf":{"@id":"https:\/\/sandzakpress.net\/arhiva\/#website"},"primaryImageOfPage":{"@id":"https:\/\/sandzakpress.net\/arhiva\/avazov-zeljezni-krevet\/#primaryimage"},"image":{"@id":"https:\/\/sandzakpress.net\/arhiva\/avazov-zeljezni-krevet\/#primaryimage"},"thumbnailUrl":"https:\/\/sandzakpress.net\/arhiva\/wp-content\/uploads\/2013\/09\/news-2009-april-fahrudin_radoncic_bh_dani_160105742-270x3001.jpg","datePublished":"2013-09-21T12:46:43+00:00","dateModified":"2013-09-21T12:47:03+00:00","breadcrumb":{"@id":"https:\/\/sandzakpress.net\/arhiva\/avazov-zeljezni-krevet\/#breadcrumb"},"inLanguage":"bs-BA","potentialAction":[{"@type":"ReadAction","target":["https:\/\/sandzakpress.net\/arhiva\/avazov-zeljezni-krevet\/"]}]},{"@type":"ImageObject","inLanguage":"bs-BA","@id":"https:\/\/sandzakpress.net\/arhiva\/avazov-zeljezni-krevet\/#primaryimage","url":"https:\/\/sandzakpress.net\/arhiva\/wp-content\/uploads\/2013\/09\/news-2009-april-fahrudin_radoncic_bh_dani_160105742-270x3001.jpg","contentUrl":"https:\/\/sandzakpress.net\/arhiva\/wp-content\/uploads\/2013\/09\/news-2009-april-fahrudin_radoncic_bh_dani_160105742-270x3001.jpg","width":270,"height":300},{"@type":"BreadcrumbList","@id":"https:\/\/sandzakpress.net\/arhiva\/avazov-zeljezni-krevet\/#breadcrumb","itemListElement":[{"@type":"ListItem","position":1,"name":"Home","item":"https:\/\/sandzakpress.net\/arhiva\/"},{"@type":"ListItem","position":2,"name":"Avazov \u017eeljezni krevet"}]},{"@type":"WebSite","@id":"https:\/\/sandzakpress.net\/arhiva\/#website","url":"https:\/\/sandzakpress.net\/arhiva\/","name":"Sand\u017eak PRESS","description":"Prve elektronske novine u Sand\u017eaku","publisher":{"@id":"https:\/\/sandzakpress.net\/arhiva\/#\/schema\/person\/6e72b67d6e51910a1117b3b483ba20bd"},"potentialAction":[{"@type":"SearchAction","target":{"@type":"EntryPoint","urlTemplate":"https:\/\/sandzakpress.net\/arhiva\/?s={search_term_string}"},"query-input":{"@type":"PropertyValueSpecification","valueRequired":true,"valueName":"search_term_string"}}],"inLanguage":"bs-BA"},{"@type":["Person","Organization"],"@id":"https:\/\/sandzakpress.net\/arhiva\/#\/schema\/person\/6e72b67d6e51910a1117b3b483ba20bd","name":"Kul","image":{"@type":"ImageObject","inLanguage":"bs-BA","@id":"https:\/\/sandzakpress.net\/arhiva\/#\/schema\/person\/image\/","url":"https:\/\/secure.gravatar.com\/avatar\/42263f39aa27ac04c43cab85c280eb2e?s=96&d=mm&r=pg","contentUrl":"https:\/\/secure.gravatar.com\/avatar\/42263f39aa27ac04c43cab85c280eb2e?s=96&d=mm&r=pg","caption":"Kul"},"logo":{"@id":"https:\/\/sandzakpress.net\/arhiva\/#\/schema\/person\/image\/"}},{"@type":"Person","@id":"https:\/\/sandzakpress.net\/arhiva\/#\/schema\/person\/c8baee722073534b583ea7bdb2e36c02","name":"bosniak","image":{"@type":"ImageObject","inLanguage":"bs-BA","@id":"https:\/\/sandzakpress.net\/arhiva\/#\/schema\/person\/image\/","url":"https:\/\/secure.gravatar.com\/avatar\/a04fd330bfe3a36a72a0ad4a6d89fca7?s=96&d=mm&r=pg","contentUrl":"https:\/\/secure.gravatar.com\/avatar\/a04fd330bfe3a36a72a0ad4a6d89fca7?s=96&d=mm&r=pg","caption":"bosniak"},"url":"https:\/\/sandzakpress.net\/arhiva\/author\/bosniak\/"}]}},"_links":{"self":[{"href":"https:\/\/sandzakpress.net\/arhiva\/wp-json\/wp\/v2\/posts\/88341"}],"collection":[{"href":"https:\/\/sandzakpress.net\/arhiva\/wp-json\/wp\/v2\/posts"}],"about":[{"href":"https:\/\/sandzakpress.net\/arhiva\/wp-json\/wp\/v2\/types\/post"}],"author":[{"embeddable":true,"href":"https:\/\/sandzakpress.net\/arhiva\/wp-json\/wp\/v2\/users\/83"}],"replies":[{"embeddable":true,"href":"https:\/\/sandzakpress.net\/arhiva\/wp-json\/wp\/v2\/comments?post=88341"}],"version-history":[{"count":0,"href":"https:\/\/sandzakpress.net\/arhiva\/wp-json\/wp\/v2\/posts\/88341\/revisions"}],"wp:featuredmedia":[{"embeddable":true,"href":"https:\/\/sandzakpress.net\/arhiva\/wp-json\/wp\/v2\/media\/88343"}],"wp:attachment":[{"href":"https:\/\/sandzakpress.net\/arhiva\/wp-json\/wp\/v2\/media?parent=88341"}],"wp:term":[{"taxonomy":"category","embeddable":true,"href":"https:\/\/sandzakpress.net\/arhiva\/wp-json\/wp\/v2\/categories?post=88341"},{"taxonomy":"post_tag","embeddable":true,"href":"https:\/\/sandzakpress.net\/arhiva\/wp-json\/wp\/v2\/tags?post=88341"}],"curies":[{"name":"wp","href":"https:\/\/api.w.org\/{rel}","templated":true}]}}