{"id":88312,"date":"2013-09-20T20:24:20","date_gmt":"2013-09-20T18:24:20","guid":{"rendered":"https:\/\/sandzakpress.net\/arhiva\/?p=88312"},"modified":"2013-09-20T20:24:55","modified_gmt":"2013-09-20T18:24:55","slug":"sdp-i-sdps-su-se-spojile-na-celu-sa-ministrom-zaduzenim-za-odbranu-haskih-zlocinaca-predsjednikom-rasimom-ljajicem","status":"publish","type":"post","link":"https:\/\/sandzakpress.net\/arhiva\/sdp-i-sdps-su-se-spojile-na-celu-sa-ministrom-zaduzenim-za-odbranu-haskih-zlocinaca-predsjednikom-rasimom-ljajicem\/","title":{"rendered":"SDP i SDPS se spojile, na \u010delu sa ministrom zadu\u017eenim za odbranu ha\u0161kih zlo\u010dinaca &#8211; Rasimom Ljaji\u0107em"},"content":{"rendered":"<p><strong><img loading=\"lazy\" decoding=\"async\" class=\"alignleft size-medium wp-image-88313\" alt=\"rasim-ljajic-socijaldemokratska-partija\" src=\"https:\/\/sandzakpress.net\/arhiva\/wp-content\/uploads\/2013\/09\/rasim-ljajic-socijaldemokratska-partija-212x300.jpg\" width=\"212\" height=\"300\" \/>Novi Pazar &#8211; Sand\u017ea\u010dka demokratska partija (SDP) i Socijaldemokratska partija Srbije (SDPS) formirale su danas uniju stranaka koja \u0107e imati zajedni\u010dkog predsednika Rasima Ljaji\u0107a, predsedni\u0161tvo i organe upravljanja.<\/strong><\/p>\n<p>\u010clan predsedni\u0161tva SDP Esad Hod\u017ei\u0107 rekao je na konferenciji za novinare u Novom Pazaru da \u0107e obje stranke zadr\u017eati svoje identitete, imena i obilje\u017eja.<\/p>\n<p>\u201c\u017delja nam je da napravimo bolju, \u010dvr\u0161\u0107u i moderniju politi\u010dku organizaciju, u kojoj \u0107e predsjednici Op\u0161tinskih odbora SDP automatski biti \u010dlanovi ove velike unije. Ovo je zapravo stavljanje u pravni okvir onoga \u0161to imamo na terenu i u realnom \u017eivotu. Ovaj model unije je poznat u zemljama Zapadne Evrope, a nasli\u010dniji primer imate u Nema\u010dkoj\u201d, rekao je Hod\u017ei\u0107.<\/p>\n<p>On je istakao da \u0107e se SDP i dalje baviti regionalnim pitanjima i problemima, kao i specifi\u010dnostima koje nosi region Sand\u017eaka.<\/p>\n<p>\u201cBavi\u0107emo se i dalje infrastrukturom, putevima, manjinskim pravima Bo\u0161njaka i uop\u0161te boljim \u017eivotom svih gra\u0111ana\u201d, rekao je Hod\u017ei\u0107.<\/p>\n<p>On je dodao da je dosada\u0161nji model odvojenog funkcionisanja ove dvije stranke pokazao dobre rezultate, ali i odre\u0111ene mahane, poput duplih tro\u0161kova.<\/p>\n<p>Hod\u017ei\u0107 nije mogao da odgovori precizno na novinarsko pitanje o tome da li \u0107e SDP imati predsjednika, navode\u0107i da potpuna hijerarhijska organizacija nije definisana.<\/p>\n<p>\u201cSigurno je da \u0107e imati neko ko \u0107e kao koordinator biti zadu\u017een ispred unije za ovaj region. Uskoro \u0107e biti odr\u017eana nova izborna skup\u0161tina stranke, na kojoj \u0107emo imenovati i nove organe stranke\u201d, rekao je Hod\u017ei\u0107.<\/p>\n<p>On tvrdi da na organima stranke nije razmatrana njegova potencijalna kandidatura na mesto predsednika SDP-a.<\/p>\n<p>Doskora\u0161nji predsjednik SDP Re\u0161ad Hod\u017ei\u0107 podnio ostavku na ovu funkciju po\u010detkom mjeseca, a na \u010delo partije do\u0161ao je 2009. godine, kada je njen osniva\u010d i dotada\u0161nji predsjednik Rasim Ljaji\u0107 osnovao SDPS.<\/p>\n<p>SDPS je jedna od vladaju\u0107ih partija u Srbiji i ima devet poslanika, a SDP je na vlasti u \u010detiri od \u0161est sand\u017ea\u010dkih op\u0161tina.<\/p>\n<p>(Radio100+)<\/p>\n","protected":false},"excerpt":{"rendered":"<p>Novi Pazar &#8211; Sand\u017ea\u010dka demokratska partija (SDP) i Socijaldemokratska partija Srbije (SDPS) formirale su danas uniju stranaka koja \u0107e imati zajedni\u010dkog predsednika Rasima Ljaji\u0107a, predsedni\u0161tvo i organe upravljanja. \u010clan predsedni\u0161tva SDP Esad Hod\u017ei\u0107 rekao je na konferenciji za novinare u Novom Pazaru da \u0107e obje stranke zadr\u017eati svoje identitete, imena i obilje\u017eja. \u201c\u017delja nam je [&hellip;]<\/p>\n","protected":false},"author":83,"featured_media":88314,"comment_status":"open","ping_status":"open","sticky":false,"template":"","format":"standard","meta":{"footnotes":""},"categories":[72,1,52,392,8957],"tags":[10210,10257],"class_list":{"0":"post-88312","1":"post","2":"type-post","3":"status-publish","4":"format-standard","5":"has-post-thumbnail","7":"category-novi-pazar","8":"category-politika","9":"category-sjenica","10":"category-prijepolje_","11":"category-vijesti-dana","12":"tag-rasim-ljajic","13":"tag-sdp"},"yoast_head":"<!-- This site is optimized with the Yoast SEO Premium plugin v23.1 (Yoast SEO v24.9) - https:\/\/yoast.com\/wordpress\/plugins\/seo\/ -->\n<title>SDP i SDPS se spojile, na \u010delu sa ministrom zadu\u017eenim za odbranu ha\u0161kih zlo\u010dinaca - Rasimom Ljaji\u0107em<\/title>\n<meta name=\"robots\" content=\"index, follow, max-snippet:-1, max-image-preview:large, max-video-preview:-1\" \/>\n<link rel=\"canonical\" href=\"https:\/\/sandzakpress.net\/arhiva\/sdp-i-sdps-su-se-spojile-na-celu-sa-ministrom-zaduzenim-za-odbranu-haskih-zlocinaca-predsjednikom-rasimom-ljajicem\/\" \/>\n<meta property=\"og:locale\" content=\"bs_BA\" \/>\n<meta property=\"og:type\" content=\"article\" \/>\n<meta property=\"og:title\" content=\"SDP i SDPS se spojile, na \u010delu sa ministrom zadu\u017eenim za odbranu ha\u0161kih zlo\u010dinaca - Rasimom Ljaji\u0107em\" \/>\n<meta property=\"og:description\" content=\"Novi Pazar &#8211; Sand\u017ea\u010dka demokratska partija (SDP) i Socijaldemokratska partija Srbije (SDPS) formirale su danas uniju stranaka koja \u0107e imati zajedni\u010dkog predsednika Rasima Ljaji\u0107a, predsedni\u0161tvo i organe upravljanja. \u010clan predsedni\u0161tva SDP Esad Hod\u017ei\u0107 rekao je na konferenciji za novinare u Novom Pazaru da \u0107e obje stranke zadr\u017eati svoje identitete, imena i obilje\u017eja. \u201c\u017delja nam je [&hellip;]\" \/>\n<meta property=\"og:url\" content=\"https:\/\/sandzakpress.net\/arhiva\/sdp-i-sdps-su-se-spojile-na-celu-sa-ministrom-zaduzenim-za-odbranu-haskih-zlocinaca-predsjednikom-rasimom-ljajicem\/\" \/>\n<meta property=\"og:site_name\" content=\"Sand\u017eak PRESS\" \/>\n<meta property=\"article:published_time\" content=\"2013-09-20T18:24:20+00:00\" \/>\n<meta property=\"article:modified_time\" content=\"2013-09-20T18:24:55+00:00\" \/>\n<meta property=\"og:image\" content=\"https:\/\/sandzakpress.net\/arhiva\/wp-content\/uploads\/2013\/09\/rasim-ljajic-socijaldemokratska-partija-212x3001.jpg\" \/>\n\t<meta property=\"og:image:width\" content=\"212\" \/>\n\t<meta property=\"og:image:height\" content=\"300\" \/>\n\t<meta property=\"og:image:type\" content=\"image\/jpeg\" \/>\n<meta name=\"author\" content=\"bosniak\" \/>\n<meta name=\"twitter:card\" content=\"summary_large_image\" \/>\n<meta name=\"twitter:label1\" content=\"Written by\" \/>\n\t<meta name=\"twitter:data1\" content=\"bosniak\" \/>\n\t<meta name=\"twitter:label2\" content=\"Est. reading time\" \/>\n\t<meta name=\"twitter:data2\" content=\"2 minute\" \/>\n<script type=\"application\/ld+json\" class=\"yoast-schema-graph\">{\"@context\":\"https:\/\/schema.org\",\"@graph\":[{\"@type\":\"Article\",\"@id\":\"https:\/\/sandzakpress.net\/arhiva\/sdp-i-sdps-su-se-spojile-na-celu-sa-ministrom-zaduzenim-za-odbranu-haskih-zlocinaca-predsjednikom-rasimom-ljajicem\/#article\",\"isPartOf\":{\"@id\":\"https:\/\/sandzakpress.net\/arhiva\/sdp-i-sdps-su-se-spojile-na-celu-sa-ministrom-zaduzenim-za-odbranu-haskih-zlocinaca-predsjednikom-rasimom-ljajicem\/\"},\"author\":{\"name\":\"bosniak\",\"@id\":\"https:\/\/sandzakpress.net\/arhiva\/#\/schema\/person\/c8baee722073534b583ea7bdb2e36c02\"},\"headline\":\"SDP i SDPS se spojile, na \u010delu sa ministrom zadu\u017eenim za odbranu ha\u0161kih zlo\u010dinaca &#8211; Rasimom Ljaji\u0107em\",\"datePublished\":\"2013-09-20T18:24:20+00:00\",\"dateModified\":\"2013-09-20T18:24:55+00:00\",\"mainEntityOfPage\":{\"@id\":\"https:\/\/sandzakpress.net\/arhiva\/sdp-i-sdps-su-se-spojile-na-celu-sa-ministrom-zaduzenim-za-odbranu-haskih-zlocinaca-predsjednikom-rasimom-ljajicem\/\"},\"wordCount\":362,\"commentCount\":1,\"publisher\":{\"@id\":\"https:\/\/sandzakpress.net\/arhiva\/#\/schema\/person\/6e72b67d6e51910a1117b3b483ba20bd\"},\"image\":{\"@id\":\"https:\/\/sandzakpress.net\/arhiva\/sdp-i-sdps-su-se-spojile-na-celu-sa-ministrom-zaduzenim-za-odbranu-haskih-zlocinaca-predsjednikom-rasimom-ljajicem\/#primaryimage\"},\"thumbnailUrl\":\"https:\/\/sandzakpress.net\/arhiva\/wp-content\/uploads\/2013\/09\/rasim-ljajic-socijaldemokratska-partija-212x3001.jpg\",\"keywords\":[\"Rasim Ljaji\u0107\",\"SDPS\"],\"articleSection\":[\"Novi Pazar\",\"Politika\",\"Sjenica\",\"Prijepolje\",\"VIJESTI DANA\"],\"inLanguage\":\"bs-BA\",\"potentialAction\":[{\"@type\":\"CommentAction\",\"name\":\"Comment\",\"target\":[\"https:\/\/sandzakpress.net\/arhiva\/sdp-i-sdps-su-se-spojile-na-celu-sa-ministrom-zaduzenim-za-odbranu-haskih-zlocinaca-predsjednikom-rasimom-ljajicem\/#respond\"]}]},{\"@type\":\"WebPage\",\"@id\":\"https:\/\/sandzakpress.net\/arhiva\/sdp-i-sdps-su-se-spojile-na-celu-sa-ministrom-zaduzenim-za-odbranu-haskih-zlocinaca-predsjednikom-rasimom-ljajicem\/\",\"url\":\"https:\/\/sandzakpress.net\/arhiva\/sdp-i-sdps-su-se-spojile-na-celu-sa-ministrom-zaduzenim-za-odbranu-haskih-zlocinaca-predsjednikom-rasimom-ljajicem\/\",\"name\":\"SDP i SDPS se spojile, na \u010delu sa ministrom zadu\u017eenim za odbranu ha\u0161kih zlo\u010dinaca - Rasimom Ljaji\u0107em\",\"isPartOf\":{\"@id\":\"https:\/\/sandzakpress.net\/arhiva\/#website\"},\"primaryImageOfPage\":{\"@id\":\"https:\/\/sandzakpress.net\/arhiva\/sdp-i-sdps-su-se-spojile-na-celu-sa-ministrom-zaduzenim-za-odbranu-haskih-zlocinaca-predsjednikom-rasimom-ljajicem\/#primaryimage\"},\"image\":{\"@id\":\"https:\/\/sandzakpress.net\/arhiva\/sdp-i-sdps-su-se-spojile-na-celu-sa-ministrom-zaduzenim-za-odbranu-haskih-zlocinaca-predsjednikom-rasimom-ljajicem\/#primaryimage\"},\"thumbnailUrl\":\"https:\/\/sandzakpress.net\/arhiva\/wp-content\/uploads\/2013\/09\/rasim-ljajic-socijaldemokratska-partija-212x3001.jpg\",\"datePublished\":\"2013-09-20T18:24:20+00:00\",\"dateModified\":\"2013-09-20T18:24:55+00:00\",\"breadcrumb\":{\"@id\":\"https:\/\/sandzakpress.net\/arhiva\/sdp-i-sdps-su-se-spojile-na-celu-sa-ministrom-zaduzenim-za-odbranu-haskih-zlocinaca-predsjednikom-rasimom-ljajicem\/#breadcrumb\"},\"inLanguage\":\"bs-BA\",\"potentialAction\":[{\"@type\":\"ReadAction\",\"target\":[\"https:\/\/sandzakpress.net\/arhiva\/sdp-i-sdps-su-se-spojile-na-celu-sa-ministrom-zaduzenim-za-odbranu-haskih-zlocinaca-predsjednikom-rasimom-ljajicem\/\"]}]},{\"@type\":\"ImageObject\",\"inLanguage\":\"bs-BA\",\"@id\":\"https:\/\/sandzakpress.net\/arhiva\/sdp-i-sdps-su-se-spojile-na-celu-sa-ministrom-zaduzenim-za-odbranu-haskih-zlocinaca-predsjednikom-rasimom-ljajicem\/#primaryimage\",\"url\":\"https:\/\/sandzakpress.net\/arhiva\/wp-content\/uploads\/2013\/09\/rasim-ljajic-socijaldemokratska-partija-212x3001.jpg\",\"contentUrl\":\"https:\/\/sandzakpress.net\/arhiva\/wp-content\/uploads\/2013\/09\/rasim-ljajic-socijaldemokratska-partija-212x3001.jpg\",\"width\":212,\"height\":300},{\"@type\":\"BreadcrumbList\",\"@id\":\"https:\/\/sandzakpress.net\/arhiva\/sdp-i-sdps-su-se-spojile-na-celu-sa-ministrom-zaduzenim-za-odbranu-haskih-zlocinaca-predsjednikom-rasimom-ljajicem\/#breadcrumb\",\"itemListElement\":[{\"@type\":\"ListItem\",\"position\":1,\"name\":\"Home\",\"item\":\"https:\/\/sandzakpress.net\/arhiva\/\"},{\"@type\":\"ListItem\",\"position\":2,\"name\":\"SDP i SDPS se spojile, na \u010delu sa ministrom zadu\u017eenim za odbranu ha\u0161kih zlo\u010dinaca &#8211; Rasimom Ljaji\u0107em\"}]},{\"@type\":\"WebSite\",\"@id\":\"https:\/\/sandzakpress.net\/arhiva\/#website\",\"url\":\"https:\/\/sandzakpress.net\/arhiva\/\",\"name\":\"Sand\u017eak PRESS\",\"description\":\"Prve elektronske novine u Sand\u017eaku\",\"publisher\":{\"@id\":\"https:\/\/sandzakpress.net\/arhiva\/#\/schema\/person\/6e72b67d6e51910a1117b3b483ba20bd\"},\"potentialAction\":[{\"@type\":\"SearchAction\",\"target\":{\"@type\":\"EntryPoint\",\"urlTemplate\":\"https:\/\/sandzakpress.net\/arhiva\/?s={search_term_string}\"},\"query-input\":{\"@type\":\"PropertyValueSpecification\",\"valueRequired\":true,\"valueName\":\"search_term_string\"}}],\"inLanguage\":\"bs-BA\"},{\"@type\":[\"Person\",\"Organization\"],\"@id\":\"https:\/\/sandzakpress.net\/arhiva\/#\/schema\/person\/6e72b67d6e51910a1117b3b483ba20bd\",\"name\":\"Kul\",\"image\":{\"@type\":\"ImageObject\",\"inLanguage\":\"bs-BA\",\"@id\":\"https:\/\/sandzakpress.net\/arhiva\/#\/schema\/person\/image\/\",\"url\":\"https:\/\/secure.gravatar.com\/avatar\/42263f39aa27ac04c43cab85c280eb2e?s=96&d=mm&r=pg\",\"contentUrl\":\"https:\/\/secure.gravatar.com\/avatar\/42263f39aa27ac04c43cab85c280eb2e?s=96&d=mm&r=pg\",\"caption\":\"Kul\"},\"logo\":{\"@id\":\"https:\/\/sandzakpress.net\/arhiva\/#\/schema\/person\/image\/\"}},{\"@type\":\"Person\",\"@id\":\"https:\/\/sandzakpress.net\/arhiva\/#\/schema\/person\/c8baee722073534b583ea7bdb2e36c02\",\"name\":\"bosniak\",\"image\":{\"@type\":\"ImageObject\",\"inLanguage\":\"bs-BA\",\"@id\":\"https:\/\/sandzakpress.net\/arhiva\/#\/schema\/person\/image\/\",\"url\":\"https:\/\/secure.gravatar.com\/avatar\/a04fd330bfe3a36a72a0ad4a6d89fca7?s=96&d=mm&r=pg\",\"contentUrl\":\"https:\/\/secure.gravatar.com\/avatar\/a04fd330bfe3a36a72a0ad4a6d89fca7?s=96&d=mm&r=pg\",\"caption\":\"bosniak\"},\"url\":\"https:\/\/sandzakpress.net\/arhiva\/author\/bosniak\/\"}]}<\/script>\n<!-- \/ Yoast SEO Premium plugin. -->","yoast_head_json":{"title":"SDP i SDPS se spojile, na \u010delu sa ministrom zadu\u017eenim za odbranu ha\u0161kih zlo\u010dinaca - Rasimom Ljaji\u0107em","robots":{"index":"index","follow":"follow","max-snippet":"max-snippet:-1","max-image-preview":"max-image-preview:large","max-video-preview":"max-video-preview:-1"},"canonical":"https:\/\/sandzakpress.net\/arhiva\/sdp-i-sdps-su-se-spojile-na-celu-sa-ministrom-zaduzenim-za-odbranu-haskih-zlocinaca-predsjednikom-rasimom-ljajicem\/","og_locale":"bs_BA","og_type":"article","og_title":"SDP i SDPS se spojile, na \u010delu sa ministrom zadu\u017eenim za odbranu ha\u0161kih zlo\u010dinaca - Rasimom Ljaji\u0107em","og_description":"Novi Pazar &#8211; Sand\u017ea\u010dka demokratska partija (SDP) i Socijaldemokratska partija Srbije (SDPS) formirale su danas uniju stranaka koja \u0107e imati zajedni\u010dkog predsednika Rasima Ljaji\u0107a, predsedni\u0161tvo i organe upravljanja. \u010clan predsedni\u0161tva SDP Esad Hod\u017ei\u0107 rekao je na konferenciji za novinare u Novom Pazaru da \u0107e obje stranke zadr\u017eati svoje identitete, imena i obilje\u017eja. \u201c\u017delja nam je [&hellip;]","og_url":"https:\/\/sandzakpress.net\/arhiva\/sdp-i-sdps-su-se-spojile-na-celu-sa-ministrom-zaduzenim-za-odbranu-haskih-zlocinaca-predsjednikom-rasimom-ljajicem\/","og_site_name":"Sand\u017eak PRESS","article_published_time":"2013-09-20T18:24:20+00:00","article_modified_time":"2013-09-20T18:24:55+00:00","og_image":[{"width":212,"height":300,"url":"https:\/\/sandzakpress.net\/arhiva\/wp-content\/uploads\/2013\/09\/rasim-ljajic-socijaldemokratska-partija-212x3001.jpg","type":"image\/jpeg"}],"author":"bosniak","twitter_card":"summary_large_image","twitter_misc":{"Written by":"bosniak","Est. reading time":"2 minute"},"schema":{"@context":"https:\/\/schema.org","@graph":[{"@type":"Article","@id":"https:\/\/sandzakpress.net\/arhiva\/sdp-i-sdps-su-se-spojile-na-celu-sa-ministrom-zaduzenim-za-odbranu-haskih-zlocinaca-predsjednikom-rasimom-ljajicem\/#article","isPartOf":{"@id":"https:\/\/sandzakpress.net\/arhiva\/sdp-i-sdps-su-se-spojile-na-celu-sa-ministrom-zaduzenim-za-odbranu-haskih-zlocinaca-predsjednikom-rasimom-ljajicem\/"},"author":{"name":"bosniak","@id":"https:\/\/sandzakpress.net\/arhiva\/#\/schema\/person\/c8baee722073534b583ea7bdb2e36c02"},"headline":"SDP i SDPS se spojile, na \u010delu sa ministrom zadu\u017eenim za odbranu ha\u0161kih zlo\u010dinaca &#8211; Rasimom Ljaji\u0107em","datePublished":"2013-09-20T18:24:20+00:00","dateModified":"2013-09-20T18:24:55+00:00","mainEntityOfPage":{"@id":"https:\/\/sandzakpress.net\/arhiva\/sdp-i-sdps-su-se-spojile-na-celu-sa-ministrom-zaduzenim-za-odbranu-haskih-zlocinaca-predsjednikom-rasimom-ljajicem\/"},"wordCount":362,"commentCount":1,"publisher":{"@id":"https:\/\/sandzakpress.net\/arhiva\/#\/schema\/person\/6e72b67d6e51910a1117b3b483ba20bd"},"image":{"@id":"https:\/\/sandzakpress.net\/arhiva\/sdp-i-sdps-su-se-spojile-na-celu-sa-ministrom-zaduzenim-za-odbranu-haskih-zlocinaca-predsjednikom-rasimom-ljajicem\/#primaryimage"},"thumbnailUrl":"https:\/\/sandzakpress.net\/arhiva\/wp-content\/uploads\/2013\/09\/rasim-ljajic-socijaldemokratska-partija-212x3001.jpg","keywords":["Rasim Ljaji\u0107","SDPS"],"articleSection":["Novi Pazar","Politika","Sjenica","Prijepolje","VIJESTI DANA"],"inLanguage":"bs-BA","potentialAction":[{"@type":"CommentAction","name":"Comment","target":["https:\/\/sandzakpress.net\/arhiva\/sdp-i-sdps-su-se-spojile-na-celu-sa-ministrom-zaduzenim-za-odbranu-haskih-zlocinaca-predsjednikom-rasimom-ljajicem\/#respond"]}]},{"@type":"WebPage","@id":"https:\/\/sandzakpress.net\/arhiva\/sdp-i-sdps-su-se-spojile-na-celu-sa-ministrom-zaduzenim-za-odbranu-haskih-zlocinaca-predsjednikom-rasimom-ljajicem\/","url":"https:\/\/sandzakpress.net\/arhiva\/sdp-i-sdps-su-se-spojile-na-celu-sa-ministrom-zaduzenim-za-odbranu-haskih-zlocinaca-predsjednikom-rasimom-ljajicem\/","name":"SDP i SDPS se spojile, na \u010delu sa ministrom zadu\u017eenim za odbranu ha\u0161kih zlo\u010dinaca - Rasimom Ljaji\u0107em","isPartOf":{"@id":"https:\/\/sandzakpress.net\/arhiva\/#website"},"primaryImageOfPage":{"@id":"https:\/\/sandzakpress.net\/arhiva\/sdp-i-sdps-su-se-spojile-na-celu-sa-ministrom-zaduzenim-za-odbranu-haskih-zlocinaca-predsjednikom-rasimom-ljajicem\/#primaryimage"},"image":{"@id":"https:\/\/sandzakpress.net\/arhiva\/sdp-i-sdps-su-se-spojile-na-celu-sa-ministrom-zaduzenim-za-odbranu-haskih-zlocinaca-predsjednikom-rasimom-ljajicem\/#primaryimage"},"thumbnailUrl":"https:\/\/sandzakpress.net\/arhiva\/wp-content\/uploads\/2013\/09\/rasim-ljajic-socijaldemokratska-partija-212x3001.jpg","datePublished":"2013-09-20T18:24:20+00:00","dateModified":"2013-09-20T18:24:55+00:00","breadcrumb":{"@id":"https:\/\/sandzakpress.net\/arhiva\/sdp-i-sdps-su-se-spojile-na-celu-sa-ministrom-zaduzenim-za-odbranu-haskih-zlocinaca-predsjednikom-rasimom-ljajicem\/#breadcrumb"},"inLanguage":"bs-BA","potentialAction":[{"@type":"ReadAction","target":["https:\/\/sandzakpress.net\/arhiva\/sdp-i-sdps-su-se-spojile-na-celu-sa-ministrom-zaduzenim-za-odbranu-haskih-zlocinaca-predsjednikom-rasimom-ljajicem\/"]}]},{"@type":"ImageObject","inLanguage":"bs-BA","@id":"https:\/\/sandzakpress.net\/arhiva\/sdp-i-sdps-su-se-spojile-na-celu-sa-ministrom-zaduzenim-za-odbranu-haskih-zlocinaca-predsjednikom-rasimom-ljajicem\/#primaryimage","url":"https:\/\/sandzakpress.net\/arhiva\/wp-content\/uploads\/2013\/09\/rasim-ljajic-socijaldemokratska-partija-212x3001.jpg","contentUrl":"https:\/\/sandzakpress.net\/arhiva\/wp-content\/uploads\/2013\/09\/rasim-ljajic-socijaldemokratska-partija-212x3001.jpg","width":212,"height":300},{"@type":"BreadcrumbList","@id":"https:\/\/sandzakpress.net\/arhiva\/sdp-i-sdps-su-se-spojile-na-celu-sa-ministrom-zaduzenim-za-odbranu-haskih-zlocinaca-predsjednikom-rasimom-ljajicem\/#breadcrumb","itemListElement":[{"@type":"ListItem","position":1,"name":"Home","item":"https:\/\/sandzakpress.net\/arhiva\/"},{"@type":"ListItem","position":2,"name":"SDP i SDPS se spojile, na \u010delu sa ministrom zadu\u017eenim za odbranu ha\u0161kih zlo\u010dinaca &#8211; Rasimom Ljaji\u0107em"}]},{"@type":"WebSite","@id":"https:\/\/sandzakpress.net\/arhiva\/#website","url":"https:\/\/sandzakpress.net\/arhiva\/","name":"Sand\u017eak PRESS","description":"Prve elektronske novine u Sand\u017eaku","publisher":{"@id":"https:\/\/sandzakpress.net\/arhiva\/#\/schema\/person\/6e72b67d6e51910a1117b3b483ba20bd"},"potentialAction":[{"@type":"SearchAction","target":{"@type":"EntryPoint","urlTemplate":"https:\/\/sandzakpress.net\/arhiva\/?s={search_term_string}"},"query-input":{"@type":"PropertyValueSpecification","valueRequired":true,"valueName":"search_term_string"}}],"inLanguage":"bs-BA"},{"@type":["Person","Organization"],"@id":"https:\/\/sandzakpress.net\/arhiva\/#\/schema\/person\/6e72b67d6e51910a1117b3b483ba20bd","name":"Kul","image":{"@type":"ImageObject","inLanguage":"bs-BA","@id":"https:\/\/sandzakpress.net\/arhiva\/#\/schema\/person\/image\/","url":"https:\/\/secure.gravatar.com\/avatar\/42263f39aa27ac04c43cab85c280eb2e?s=96&d=mm&r=pg","contentUrl":"https:\/\/secure.gravatar.com\/avatar\/42263f39aa27ac04c43cab85c280eb2e?s=96&d=mm&r=pg","caption":"Kul"},"logo":{"@id":"https:\/\/sandzakpress.net\/arhiva\/#\/schema\/person\/image\/"}},{"@type":"Person","@id":"https:\/\/sandzakpress.net\/arhiva\/#\/schema\/person\/c8baee722073534b583ea7bdb2e36c02","name":"bosniak","image":{"@type":"ImageObject","inLanguage":"bs-BA","@id":"https:\/\/sandzakpress.net\/arhiva\/#\/schema\/person\/image\/","url":"https:\/\/secure.gravatar.com\/avatar\/a04fd330bfe3a36a72a0ad4a6d89fca7?s=96&d=mm&r=pg","contentUrl":"https:\/\/secure.gravatar.com\/avatar\/a04fd330bfe3a36a72a0ad4a6d89fca7?s=96&d=mm&r=pg","caption":"bosniak"},"url":"https:\/\/sandzakpress.net\/arhiva\/author\/bosniak\/"}]}},"_links":{"self":[{"href":"https:\/\/sandzakpress.net\/arhiva\/wp-json\/wp\/v2\/posts\/88312"}],"collection":[{"href":"https:\/\/sandzakpress.net\/arhiva\/wp-json\/wp\/v2\/posts"}],"about":[{"href":"https:\/\/sandzakpress.net\/arhiva\/wp-json\/wp\/v2\/types\/post"}],"author":[{"embeddable":true,"href":"https:\/\/sandzakpress.net\/arhiva\/wp-json\/wp\/v2\/users\/83"}],"replies":[{"embeddable":true,"href":"https:\/\/sandzakpress.net\/arhiva\/wp-json\/wp\/v2\/comments?post=88312"}],"version-history":[{"count":0,"href":"https:\/\/sandzakpress.net\/arhiva\/wp-json\/wp\/v2\/posts\/88312\/revisions"}],"wp:featuredmedia":[{"embeddable":true,"href":"https:\/\/sandzakpress.net\/arhiva\/wp-json\/wp\/v2\/media\/88314"}],"wp:attachment":[{"href":"https:\/\/sandzakpress.net\/arhiva\/wp-json\/wp\/v2\/media?parent=88312"}],"wp:term":[{"taxonomy":"category","embeddable":true,"href":"https:\/\/sandzakpress.net\/arhiva\/wp-json\/wp\/v2\/categories?post=88312"},{"taxonomy":"post_tag","embeddable":true,"href":"https:\/\/sandzakpress.net\/arhiva\/wp-json\/wp\/v2\/tags?post=88312"}],"curies":[{"name":"wp","href":"https:\/\/api.w.org\/{rel}","templated":true}]}}