{"id":88280,"date":"2013-09-20T16:54:41","date_gmt":"2013-09-20T14:54:41","guid":{"rendered":"https:\/\/sandzakpress.net\/arhiva\/?p=88280"},"modified":"2013-09-20T16:54:41","modified_gmt":"2013-09-20T14:54:41","slug":"sbk-u-strpcima-je-pocinjen-ratni-zlocin","status":"publish","type":"post","link":"https:\/\/sandzakpress.net\/arhiva\/sbk-u-strpcima-je-pocinjen-ratni-zlocin\/","title":{"rendered":"SBK: U \u0160trpcima je po\u010dinjen ratni zlo\u010din"},"content":{"rendered":"<p style=\"text-align: left;\" align=\"center\"><img loading=\"lazy\" decoding=\"async\" class=\"aligncenter size-full wp-image-88281\" alt=\"svjetski-bosnjacki-kongres-logo-325x200\" src=\"https:\/\/sandzakpress.net\/arhiva\/wp-content\/uploads\/2013\/09\/svjetski-bosnjacki-kongres-logo-325x200.jpg\" width=\"616\" height=\"310\" \/><\/p>\n<p style=\"text-align: left;\" align=\"center\"><strong>Prijepolje &#8211; Odbor za ljudska prava, prava \u017ertava rata i genocid SBK-a pozdravlja odluku tu\u017eila\u0161tva za ratne zlo\u010dine Republike Srbije da pokrenu postupak za slu\u010daj genocida u Srebrenici i ratni zlo\u010din u \u0160trpcima.<\/strong><\/p>\n<p>Naime, kako prenose beogradski mediji, zamjenik tu\u017eioca za ratne zlo\u010dine Bruno Vekari\u0107 rekao je da je to tu\u017eila\u0161tvo zatra\u017eilo od kolega iz Bosne provjere nekoliko predmeta, me\u0111u kojima su Srebrenica i \u0160trpci. Vekari\u0107 je istakao da se slu\u010daj otmice i ubistva ljudi iz voza u \u0160trpcima mora ispitati do kraja, navode\u0107i da je u zlo\u010dinu u\u010destvovalo vi\u0161e od 20 osoba i da bi trebalo da budu procesuirani svi oni, a ne samo Milan Luki\u0107. S druge strane, tu\u017eilac za ratne zlo\u010dine Srbije Vladimir Vuk\u010devi\u0107 je u povodu i ove informacije kazao sljede\u0107e: \u017delim da istaknem da ovaj nepojmljiv, gnusan zlo\u010din nad 19 na\u0161ih gra\u0111ana u \u0160trpcima, nad putnicima voza Beograd &#8211; Bar koji su tog 23. februara 1993. po\u0161li kod ro\u0111aka, prijatelja, da zavr\u0161e neke svoje privatne poslove, da je to jedna velika sramota na savjesti cijelog na\u0161eg dru\u0161tva koju moramo da speremo tako \u0161to \u0107emo po\u010dinioce privesti pravdi. To od nas o\u010dekuju porodice \u017ertava. Moglo se to dogoditi svakome od nas tih turobnih godina. Na dvadesetu godi\u0161njicu, 27. Februara 2013. godine su, kao i godinama unazad, u Tu\u017eila\u0161tvu zazvonili telefoni i usledila su pitanja da li ima ne\u0161to novo kada je u pitanju krivi\u010dna odgovornost po\u010dinilaca, osim presude Vi\u0161eg suda u Bijelom Polju kojom je, 2002. godine, na 15 godina zatvora osu\u0111en Neboj\u0161a Ranisavljevi\u0107 iz Despotovca. Posle najmanje \u0161est godina o\u010digledne opstrukcije o kojoj \u0107e javnost biti upoznata kada budemo krenuli u postupak, Tu\u017eila\u0161tvo za ratne zlo\u010dine i MUP su na tragu re\u0161enja ovog slu\u010daja, na osnovu materijalnih dokaza i izjava svedoka.<\/p>\n<p>Podsje\u0107amo javnost da su 27.02.1993. godine, vojnici Republike Srpske kojima je komandovao Milan Luki\u0107, ha\u0161ki zatvorenik, zaustavili su voz br. 671 kojim je iz Beograda putovala i grupa naoru\u017eanih lica s \u010detni\u010dkim oznakama. Na stanici \u0160trpci,\u00a0 25 maskiranih lica u\u0161lo je u voz i s \u010detnicima koji su ve\u0107 bili unutra izvelo putnike. Oteti su vezani \u017eicom i odvedeni u gara\u017eu u selu Sase, nedaleko od obale Drine. \u010culo se onoliko pucnjeva koliko je bilo ljudi u gara\u017ei. Sud u Bijelom Polju je 2002. godine osudio stolara Ranisavljevi\u0107a iz Srbije na 15 godina zatvora, ni godinu dana zatvora po jednom mrtvom. (Pred Vi\u0161im sudom u Bijelom Polju u Republici Crnoj Gori 9. septembra 2002. godine izre\u010dena je i objavljena presuda Neboj\u0161i Ranisavljevi\u0107u za krivi\u010dno djelo ratni zlo\u010din protiv civilnog stanovni\u0161tva iz \u010dlana 142 stav 1 KZ SRJ, kojom je osu\u0111en na 15 godina zatvora, zbog u\u010de\u0161\u0107a u otmici i likvidaciji 19 gra\u0111ana SR Jugoslavije 27. februara 1993. godine).<\/p>\n<p>Prema dokumentaciji \u017dTP &#8220;Beograd&#8221; predstavnici Srbije, SRJ i \u017dTP znali su za plan otmice putnika &#8220;nesrpske&#8221; nacionalnosti, dr\u017eavljana SR Jugoslavije. Dokument o tome objavljen je u knjizi Otmica u \u0160trpcima (2003. godina) Fonda za hunmanitarno pravo: Strogo pov. br. 4\/1 &#8211; 93, Dana: 01.02.1993.god., Beograd, Nemanjina 6 GENERALNOM DIREKTORU, PREDMET: Poverljiva informacija<\/p>\n<p>Ovih dana, ta\u010dnije 28.01.1993. godine obavje\u0161ten sam od \u0161efa sekcije STP U\u017eice \u017divani\u0107a da \u0107e pripadnici Srpske vojske op\u0161tine Rudo izvr\u0161iti zaustavljanje voza i odvo\u0111enje putnika. \u010citava akcija odvijala bi se na delu pruge Beograd &#8211; Bar koja prolazi kroz Bosnu i Hercegovinu. I KONTAKTIRANJE \u017dTP-a &#8220;BEOGRAD&#8221; SA DR\u017dAVNIM ORGANIMA U vezi ove najave preduzeo sam slede\u0107e aktivnosti: Informisao naju\u017ei stru\u010dni Kolegijum \u017dTP-a; Odr\u017eao sastanak sa predstavnicima Milicije i slu\u017ebe dr\u017eavne bezbednosti MUP-a Srbije, Obavio razgovor sa pomo\u0107nikom Ministra odbrane Srbije generalom Kuzmanovi\u0107em gde smo do\u0161li do zaklju\u010dka: (1) da general Kuzmanovi\u0107 obavesti Ministra odbrane opomenutoj najavi, (2) da Ministar odbrane Republike Srbije obavesti Vojsku Jugoslavije, (3) da \u017dTP &#8220;Beograd&#8221; prestane sa daljim aktivnostima oko ovog slu\u010daja, jer je sa svoje strane na vreme izvr\u0161io svoju obavezu.<\/p>\n<p>Iz voza 671. Beograd-Bar \u00a0oteti su: 1. Alomerovi\u0107 Adem (59), Prijepolje, zaposlen u &#8220;Raketi&#8221; &#8212; Prijepolje, otac \u010detvoro djece; 2. Bakija (D\u017eanka) Fehim (43), Bijelo Polje, zaposlen u preduze\u0107u &#8220;Planum&#8221; &#8212; Beograd, otac troje djece; 3. Baba\u010di\u0107 (Muja) Ismet Iko (30), Podgorica, zaposlen u preduze\u0107u &#8220;Val strit&#8221; &#8212; Podgorica, o\u017eenjen; 4. Husovi\u0107 (\u0160u\u0107ra) Rifat (26), Bijelo Polje, zaposlen u Bijelom Polju; 5. Rastoder Samir (45), Podgorica, zaposlen u Beogradu; 6. Kapetanovi\u0107 (Hasiba) Esad (19), Bijelo Polje, zaposlen u preduzecu &#8220;Rad&#8221; &#8211; Beograd, otac jednog djeteta; 7. Li\u010dina (\u0106amila) Iljaz (43), Bijelo Polje, zaposlen u preduze\u0107u &#8220;Ratko Mitrovic&#8221; &#8212; Beograd; 8. \u0110e\u010devi\u0107 (Biga) Senad (16), Bar, u\u010denik iz Bara; 9. Zup\u010devi\u0107 (Ahmeta) Halil (49), izbjeglica iz Trebinja, otac dvoje djece, sa porodicom izbjegao u Ro\u017eaje; 10. \u0106ori\u0107 Rasim (40), selo Zaluga (Prijepolje), zaposlen u &#8220;Limci&#8221; &#8212; Prijepolje, otac troje djece; 11. Nijazija Kajevi\u0107 (30), Prijepolje, zaposlen u PTT &#8212; Priboj; 12. Memovi\u0107 Fikret (40), Prijepolje, zaposlen \u017dTP &#8212; Beograd, otac dvoje djece; 13. Hani\u0107 Muhedin (27), Prijepolje, zaposlen u preduze\u0107u &#8220;Zmaj&#8221; &#8212; Beograd; 14. Softi\u0107 (Mula) \u0160e\u0107o (48), Bijelo Polje, zaposlen u \u017dGP &#8212; Beograd; 15. Topuzovi\u0107 D\u017eafer (55), Prijepolje, zaposlen u preduze\u0107u &#8220;Planum&#8221; Prijepolje; 16. Preljevi\u0107 Safet (22), Prijepolje, zaposlen u privatnoj radnji u Beogradu, otac jednog djeteta; 17. Fevzija Zekovi\u0107 (54); 18. Zvjezdan Zuli\u010di\u0107 (33) i 19. Tomo Buzov (53).<\/p>\n<p>Osim Bo\u0161njaka za egzekuciju je odabran jedan Hrvat. Najmla\u0111i ubijeni je imao 16 godina. Odbor za ljudska prava posebno je zadovoljan \u010dinjenicom da \u0107e se slu\u010daj \u0160trpci od sada tretirati kao ratni zlo\u010din, \u0161to do sada nije bio slu\u010daj, te se nada da ne\u0107e biti &#8220;nedodirljivih&#8221;, i da \u0107e\u00a0 se ispitati uloga Dobrice \u0106osi\u0107a u vezi otmice. Tako\u0111er,\u00a0\u00a0 tra\u017eimo od tu\u017eioca za ratne zlo\u010dine gospodina Vladimira Vuk\u010devi\u0107a da se i otmica Bo\u0161njaka iz Sjeverina, koja se je dogodila 22. oktobra 1992. godine, ali i ubistvo rahmetli Rama Berba iz Priboja, koje se dogodilo 26. avgusta 1992. procesuiraju na taj na\u010din.<\/p>\n<p>Odbor za ljudska prava, prava \u017ertava rata i genocid SBK-a odaje posebno priznanje Islamskoj zajednici u Srbiji, Bo\u0161nja\u010dkom nacionalnom vije\u0107u, Bo\u0161nja\u010dkoj kulturnoj zajednici koji su svo ovo vrijeme bili sa porodicama otetih i nevino ubijenih, organiziraju\u0107i svake godine memorijalne skupove i \u0161etnje, u Priboju i Prijepolju, na dan otmica u Sjeverinu i \u0160trpcima, \u0161to\u00a0je na kraju, izme\u0111u ostalih napora, rezultiralo ovakvom jednom odlukom.<\/p>\n<p>Odbor za ljudska prava, prava \u017ertava rata i genocid SBK-a je na stanovi\u0161tu da se samo istinom i pravdom, jednakom za sve, mo\u017ee graditi sigurna budu\u0107nost, i nadati se da se zlo, koje se zove genocid, ne desi vi\u0161e nikada i nikome!<\/p>\n<p>Info slu\u017eba SBK-a<\/p>\n<p>&nbsp;<\/p>\n","protected":false},"excerpt":{"rendered":"<p>Prijepolje &#8211; Odbor za ljudska prava, prava \u017ertava rata i genocid SBK-a pozdravlja odluku tu\u017eila\u0161tva za ratne zlo\u010dine Republike Srbije da pokrenu postupak za slu\u010daj genocida u Srebrenici i ratni zlo\u010din u \u0160trpcima. Naime, kako prenose beogradski mediji, zamjenik tu\u017eioca za ratne zlo\u010dine Bruno Vekari\u0107 rekao je da je to tu\u017eila\u0161tvo zatra\u017eilo od kolega iz [&hellip;]<\/p>\n","protected":false},"author":83,"featured_media":88281,"comment_status":"open","ping_status":"open","sticky":false,"template":"","format":"standard","meta":{"footnotes":""},"categories":[800,392,8957],"tags":[10199,10221],"class_list":{"0":"post-88280","1":"post","2":"type-post","3":"status-publish","4":"format-standard","5":"has-post-thumbnail","7":"category-nacija","8":"category-prijepolje_","9":"category-vijesti-dana","10":"tag-zlocini-u-sandzaku","11":"tag-svjetski-bosnjacki-kongres"},"yoast_head":"<!-- This site is optimized with the Yoast SEO Premium plugin v23.1 (Yoast SEO v24.9) - https:\/\/yoast.com\/wordpress\/plugins\/seo\/ -->\n<title>SBK: U \u0160trpcima je po\u010dinjen ratni zlo\u010din<\/title>\n<meta name=\"robots\" content=\"index, follow, max-snippet:-1, max-image-preview:large, max-video-preview:-1\" \/>\n<link rel=\"canonical\" href=\"https:\/\/sandzakpress.net\/arhiva\/sbk-u-strpcima-je-pocinjen-ratni-zlocin\/\" \/>\n<meta property=\"og:locale\" content=\"bs_BA\" \/>\n<meta property=\"og:type\" content=\"article\" \/>\n<meta property=\"og:title\" content=\"SBK: U \u0160trpcima je po\u010dinjen ratni zlo\u010din\" \/>\n<meta property=\"og:description\" content=\"Prijepolje &#8211; Odbor za ljudska prava, prava \u017ertava rata i genocid SBK-a pozdravlja odluku tu\u017eila\u0161tva za ratne zlo\u010dine Republike Srbije da pokrenu postupak za slu\u010daj genocida u Srebrenici i ratni zlo\u010din u \u0160trpcima. Naime, kako prenose beogradski mediji, zamjenik tu\u017eioca za ratne zlo\u010dine Bruno Vekari\u0107 rekao je da je to tu\u017eila\u0161tvo zatra\u017eilo od kolega iz [&hellip;]\" \/>\n<meta property=\"og:url\" content=\"https:\/\/sandzakpress.net\/arhiva\/sbk-u-strpcima-je-pocinjen-ratni-zlocin\/\" \/>\n<meta property=\"og:site_name\" content=\"Sand\u017eak PRESS\" \/>\n<meta property=\"article:published_time\" content=\"2013-09-20T14:54:41+00:00\" \/>\n<meta property=\"og:image\" content=\"https:\/\/sandzakpress.net\/arhiva\/wp-content\/uploads\/2013\/09\/svjetski-bosnjacki-kongres-logo-325x200.jpg\" \/>\n\t<meta property=\"og:image:width\" content=\"616\" \/>\n\t<meta property=\"og:image:height\" content=\"310\" \/>\n\t<meta property=\"og:image:type\" content=\"image\/jpeg\" \/>\n<meta name=\"author\" content=\"bosniak\" \/>\n<meta name=\"twitter:card\" content=\"summary_large_image\" \/>\n<meta name=\"twitter:label1\" content=\"Written by\" \/>\n\t<meta name=\"twitter:data1\" content=\"bosniak\" \/>\n\t<meta name=\"twitter:label2\" content=\"Est. reading time\" \/>\n\t<meta name=\"twitter:data2\" content=\"6 minuta\" \/>\n<script type=\"application\/ld+json\" class=\"yoast-schema-graph\">{\"@context\":\"https:\/\/schema.org\",\"@graph\":[{\"@type\":\"Article\",\"@id\":\"https:\/\/sandzakpress.net\/arhiva\/sbk-u-strpcima-je-pocinjen-ratni-zlocin\/#article\",\"isPartOf\":{\"@id\":\"https:\/\/sandzakpress.net\/arhiva\/sbk-u-strpcima-je-pocinjen-ratni-zlocin\/\"},\"author\":{\"name\":\"bosniak\",\"@id\":\"https:\/\/sandzakpress.net\/arhiva\/#\/schema\/person\/c8baee722073534b583ea7bdb2e36c02\"},\"headline\":\"SBK: U \u0160trpcima je po\u010dinjen ratni zlo\u010din\",\"datePublished\":\"2013-09-20T14:54:41+00:00\",\"mainEntityOfPage\":{\"@id\":\"https:\/\/sandzakpress.net\/arhiva\/sbk-u-strpcima-je-pocinjen-ratni-zlocin\/\"},\"wordCount\":1119,\"commentCount\":1,\"publisher\":{\"@id\":\"https:\/\/sandzakpress.net\/arhiva\/#\/schema\/person\/6e72b67d6e51910a1117b3b483ba20bd\"},\"image\":{\"@id\":\"https:\/\/sandzakpress.net\/arhiva\/sbk-u-strpcima-je-pocinjen-ratni-zlocin\/#primaryimage\"},\"thumbnailUrl\":\"https:\/\/sandzakpress.net\/arhiva\/wp-content\/uploads\/2013\/09\/svjetski-bosnjacki-kongres-logo-325x200.jpg\",\"keywords\":[\"genocid u sand\u017eaku\",\"Svjetski bo\u0161nja\u010dki kongres\"],\"articleSection\":[\"Nacija\",\"Prijepolje\",\"VIJESTI DANA\"],\"inLanguage\":\"bs-BA\",\"potentialAction\":[{\"@type\":\"CommentAction\",\"name\":\"Comment\",\"target\":[\"https:\/\/sandzakpress.net\/arhiva\/sbk-u-strpcima-je-pocinjen-ratni-zlocin\/#respond\"]}]},{\"@type\":\"WebPage\",\"@id\":\"https:\/\/sandzakpress.net\/arhiva\/sbk-u-strpcima-je-pocinjen-ratni-zlocin\/\",\"url\":\"https:\/\/sandzakpress.net\/arhiva\/sbk-u-strpcima-je-pocinjen-ratni-zlocin\/\",\"name\":\"SBK: U \u0160trpcima je po\u010dinjen ratni zlo\u010din\",\"isPartOf\":{\"@id\":\"https:\/\/sandzakpress.net\/arhiva\/#website\"},\"primaryImageOfPage\":{\"@id\":\"https:\/\/sandzakpress.net\/arhiva\/sbk-u-strpcima-je-pocinjen-ratni-zlocin\/#primaryimage\"},\"image\":{\"@id\":\"https:\/\/sandzakpress.net\/arhiva\/sbk-u-strpcima-je-pocinjen-ratni-zlocin\/#primaryimage\"},\"thumbnailUrl\":\"https:\/\/sandzakpress.net\/arhiva\/wp-content\/uploads\/2013\/09\/svjetski-bosnjacki-kongres-logo-325x200.jpg\",\"datePublished\":\"2013-09-20T14:54:41+00:00\",\"breadcrumb\":{\"@id\":\"https:\/\/sandzakpress.net\/arhiva\/sbk-u-strpcima-je-pocinjen-ratni-zlocin\/#breadcrumb\"},\"inLanguage\":\"bs-BA\",\"potentialAction\":[{\"@type\":\"ReadAction\",\"target\":[\"https:\/\/sandzakpress.net\/arhiva\/sbk-u-strpcima-je-pocinjen-ratni-zlocin\/\"]}]},{\"@type\":\"ImageObject\",\"inLanguage\":\"bs-BA\",\"@id\":\"https:\/\/sandzakpress.net\/arhiva\/sbk-u-strpcima-je-pocinjen-ratni-zlocin\/#primaryimage\",\"url\":\"https:\/\/sandzakpress.net\/arhiva\/wp-content\/uploads\/2013\/09\/svjetski-bosnjacki-kongres-logo-325x200.jpg\",\"contentUrl\":\"https:\/\/sandzakpress.net\/arhiva\/wp-content\/uploads\/2013\/09\/svjetski-bosnjacki-kongres-logo-325x200.jpg\",\"width\":616,\"height\":310},{\"@type\":\"BreadcrumbList\",\"@id\":\"https:\/\/sandzakpress.net\/arhiva\/sbk-u-strpcima-je-pocinjen-ratni-zlocin\/#breadcrumb\",\"itemListElement\":[{\"@type\":\"ListItem\",\"position\":1,\"name\":\"Home\",\"item\":\"https:\/\/sandzakpress.net\/arhiva\/\"},{\"@type\":\"ListItem\",\"position\":2,\"name\":\"SBK: U \u0160trpcima je po\u010dinjen ratni zlo\u010din\"}]},{\"@type\":\"WebSite\",\"@id\":\"https:\/\/sandzakpress.net\/arhiva\/#website\",\"url\":\"https:\/\/sandzakpress.net\/arhiva\/\",\"name\":\"Sand\u017eak PRESS\",\"description\":\"Prve elektronske novine u Sand\u017eaku\",\"publisher\":{\"@id\":\"https:\/\/sandzakpress.net\/arhiva\/#\/schema\/person\/6e72b67d6e51910a1117b3b483ba20bd\"},\"potentialAction\":[{\"@type\":\"SearchAction\",\"target\":{\"@type\":\"EntryPoint\",\"urlTemplate\":\"https:\/\/sandzakpress.net\/arhiva\/?s={search_term_string}\"},\"query-input\":{\"@type\":\"PropertyValueSpecification\",\"valueRequired\":true,\"valueName\":\"search_term_string\"}}],\"inLanguage\":\"bs-BA\"},{\"@type\":[\"Person\",\"Organization\"],\"@id\":\"https:\/\/sandzakpress.net\/arhiva\/#\/schema\/person\/6e72b67d6e51910a1117b3b483ba20bd\",\"name\":\"Kul\",\"image\":{\"@type\":\"ImageObject\",\"inLanguage\":\"bs-BA\",\"@id\":\"https:\/\/sandzakpress.net\/arhiva\/#\/schema\/person\/image\/\",\"url\":\"https:\/\/secure.gravatar.com\/avatar\/42263f39aa27ac04c43cab85c280eb2e?s=96&d=mm&r=pg\",\"contentUrl\":\"https:\/\/secure.gravatar.com\/avatar\/42263f39aa27ac04c43cab85c280eb2e?s=96&d=mm&r=pg\",\"caption\":\"Kul\"},\"logo\":{\"@id\":\"https:\/\/sandzakpress.net\/arhiva\/#\/schema\/person\/image\/\"}},{\"@type\":\"Person\",\"@id\":\"https:\/\/sandzakpress.net\/arhiva\/#\/schema\/person\/c8baee722073534b583ea7bdb2e36c02\",\"name\":\"bosniak\",\"image\":{\"@type\":\"ImageObject\",\"inLanguage\":\"bs-BA\",\"@id\":\"https:\/\/sandzakpress.net\/arhiva\/#\/schema\/person\/image\/\",\"url\":\"https:\/\/secure.gravatar.com\/avatar\/a04fd330bfe3a36a72a0ad4a6d89fca7?s=96&d=mm&r=pg\",\"contentUrl\":\"https:\/\/secure.gravatar.com\/avatar\/a04fd330bfe3a36a72a0ad4a6d89fca7?s=96&d=mm&r=pg\",\"caption\":\"bosniak\"},\"url\":\"https:\/\/sandzakpress.net\/arhiva\/author\/bosniak\/\"}]}<\/script>\n<!-- \/ Yoast SEO Premium plugin. -->","yoast_head_json":{"title":"SBK: U \u0160trpcima je po\u010dinjen ratni zlo\u010din","robots":{"index":"index","follow":"follow","max-snippet":"max-snippet:-1","max-image-preview":"max-image-preview:large","max-video-preview":"max-video-preview:-1"},"canonical":"https:\/\/sandzakpress.net\/arhiva\/sbk-u-strpcima-je-pocinjen-ratni-zlocin\/","og_locale":"bs_BA","og_type":"article","og_title":"SBK: U \u0160trpcima je po\u010dinjen ratni zlo\u010din","og_description":"Prijepolje &#8211; Odbor za ljudska prava, prava \u017ertava rata i genocid SBK-a pozdravlja odluku tu\u017eila\u0161tva za ratne zlo\u010dine Republike Srbije da pokrenu postupak za slu\u010daj genocida u Srebrenici i ratni zlo\u010din u \u0160trpcima. Naime, kako prenose beogradski mediji, zamjenik tu\u017eioca za ratne zlo\u010dine Bruno Vekari\u0107 rekao je da je to tu\u017eila\u0161tvo zatra\u017eilo od kolega iz [&hellip;]","og_url":"https:\/\/sandzakpress.net\/arhiva\/sbk-u-strpcima-je-pocinjen-ratni-zlocin\/","og_site_name":"Sand\u017eak PRESS","article_published_time":"2013-09-20T14:54:41+00:00","og_image":[{"width":616,"height":310,"url":"https:\/\/sandzakpress.net\/arhiva\/wp-content\/uploads\/2013\/09\/svjetski-bosnjacki-kongres-logo-325x200.jpg","type":"image\/jpeg"}],"author":"bosniak","twitter_card":"summary_large_image","twitter_misc":{"Written by":"bosniak","Est. reading time":"6 minuta"},"schema":{"@context":"https:\/\/schema.org","@graph":[{"@type":"Article","@id":"https:\/\/sandzakpress.net\/arhiva\/sbk-u-strpcima-je-pocinjen-ratni-zlocin\/#article","isPartOf":{"@id":"https:\/\/sandzakpress.net\/arhiva\/sbk-u-strpcima-je-pocinjen-ratni-zlocin\/"},"author":{"name":"bosniak","@id":"https:\/\/sandzakpress.net\/arhiva\/#\/schema\/person\/c8baee722073534b583ea7bdb2e36c02"},"headline":"SBK: U \u0160trpcima je po\u010dinjen ratni zlo\u010din","datePublished":"2013-09-20T14:54:41+00:00","mainEntityOfPage":{"@id":"https:\/\/sandzakpress.net\/arhiva\/sbk-u-strpcima-je-pocinjen-ratni-zlocin\/"},"wordCount":1119,"commentCount":1,"publisher":{"@id":"https:\/\/sandzakpress.net\/arhiva\/#\/schema\/person\/6e72b67d6e51910a1117b3b483ba20bd"},"image":{"@id":"https:\/\/sandzakpress.net\/arhiva\/sbk-u-strpcima-je-pocinjen-ratni-zlocin\/#primaryimage"},"thumbnailUrl":"https:\/\/sandzakpress.net\/arhiva\/wp-content\/uploads\/2013\/09\/svjetski-bosnjacki-kongres-logo-325x200.jpg","keywords":["genocid u sand\u017eaku","Svjetski bo\u0161nja\u010dki kongres"],"articleSection":["Nacija","Prijepolje","VIJESTI DANA"],"inLanguage":"bs-BA","potentialAction":[{"@type":"CommentAction","name":"Comment","target":["https:\/\/sandzakpress.net\/arhiva\/sbk-u-strpcima-je-pocinjen-ratni-zlocin\/#respond"]}]},{"@type":"WebPage","@id":"https:\/\/sandzakpress.net\/arhiva\/sbk-u-strpcima-je-pocinjen-ratni-zlocin\/","url":"https:\/\/sandzakpress.net\/arhiva\/sbk-u-strpcima-je-pocinjen-ratni-zlocin\/","name":"SBK: U \u0160trpcima je po\u010dinjen ratni zlo\u010din","isPartOf":{"@id":"https:\/\/sandzakpress.net\/arhiva\/#website"},"primaryImageOfPage":{"@id":"https:\/\/sandzakpress.net\/arhiva\/sbk-u-strpcima-je-pocinjen-ratni-zlocin\/#primaryimage"},"image":{"@id":"https:\/\/sandzakpress.net\/arhiva\/sbk-u-strpcima-je-pocinjen-ratni-zlocin\/#primaryimage"},"thumbnailUrl":"https:\/\/sandzakpress.net\/arhiva\/wp-content\/uploads\/2013\/09\/svjetski-bosnjacki-kongres-logo-325x200.jpg","datePublished":"2013-09-20T14:54:41+00:00","breadcrumb":{"@id":"https:\/\/sandzakpress.net\/arhiva\/sbk-u-strpcima-je-pocinjen-ratni-zlocin\/#breadcrumb"},"inLanguage":"bs-BA","potentialAction":[{"@type":"ReadAction","target":["https:\/\/sandzakpress.net\/arhiva\/sbk-u-strpcima-je-pocinjen-ratni-zlocin\/"]}]},{"@type":"ImageObject","inLanguage":"bs-BA","@id":"https:\/\/sandzakpress.net\/arhiva\/sbk-u-strpcima-je-pocinjen-ratni-zlocin\/#primaryimage","url":"https:\/\/sandzakpress.net\/arhiva\/wp-content\/uploads\/2013\/09\/svjetski-bosnjacki-kongres-logo-325x200.jpg","contentUrl":"https:\/\/sandzakpress.net\/arhiva\/wp-content\/uploads\/2013\/09\/svjetski-bosnjacki-kongres-logo-325x200.jpg","width":616,"height":310},{"@type":"BreadcrumbList","@id":"https:\/\/sandzakpress.net\/arhiva\/sbk-u-strpcima-je-pocinjen-ratni-zlocin\/#breadcrumb","itemListElement":[{"@type":"ListItem","position":1,"name":"Home","item":"https:\/\/sandzakpress.net\/arhiva\/"},{"@type":"ListItem","position":2,"name":"SBK: U \u0160trpcima je po\u010dinjen ratni zlo\u010din"}]},{"@type":"WebSite","@id":"https:\/\/sandzakpress.net\/arhiva\/#website","url":"https:\/\/sandzakpress.net\/arhiva\/","name":"Sand\u017eak PRESS","description":"Prve elektronske novine u Sand\u017eaku","publisher":{"@id":"https:\/\/sandzakpress.net\/arhiva\/#\/schema\/person\/6e72b67d6e51910a1117b3b483ba20bd"},"potentialAction":[{"@type":"SearchAction","target":{"@type":"EntryPoint","urlTemplate":"https:\/\/sandzakpress.net\/arhiva\/?s={search_term_string}"},"query-input":{"@type":"PropertyValueSpecification","valueRequired":true,"valueName":"search_term_string"}}],"inLanguage":"bs-BA"},{"@type":["Person","Organization"],"@id":"https:\/\/sandzakpress.net\/arhiva\/#\/schema\/person\/6e72b67d6e51910a1117b3b483ba20bd","name":"Kul","image":{"@type":"ImageObject","inLanguage":"bs-BA","@id":"https:\/\/sandzakpress.net\/arhiva\/#\/schema\/person\/image\/","url":"https:\/\/secure.gravatar.com\/avatar\/42263f39aa27ac04c43cab85c280eb2e?s=96&d=mm&r=pg","contentUrl":"https:\/\/secure.gravatar.com\/avatar\/42263f39aa27ac04c43cab85c280eb2e?s=96&d=mm&r=pg","caption":"Kul"},"logo":{"@id":"https:\/\/sandzakpress.net\/arhiva\/#\/schema\/person\/image\/"}},{"@type":"Person","@id":"https:\/\/sandzakpress.net\/arhiva\/#\/schema\/person\/c8baee722073534b583ea7bdb2e36c02","name":"bosniak","image":{"@type":"ImageObject","inLanguage":"bs-BA","@id":"https:\/\/sandzakpress.net\/arhiva\/#\/schema\/person\/image\/","url":"https:\/\/secure.gravatar.com\/avatar\/a04fd330bfe3a36a72a0ad4a6d89fca7?s=96&d=mm&r=pg","contentUrl":"https:\/\/secure.gravatar.com\/avatar\/a04fd330bfe3a36a72a0ad4a6d89fca7?s=96&d=mm&r=pg","caption":"bosniak"},"url":"https:\/\/sandzakpress.net\/arhiva\/author\/bosniak\/"}]}},"_links":{"self":[{"href":"https:\/\/sandzakpress.net\/arhiva\/wp-json\/wp\/v2\/posts\/88280"}],"collection":[{"href":"https:\/\/sandzakpress.net\/arhiva\/wp-json\/wp\/v2\/posts"}],"about":[{"href":"https:\/\/sandzakpress.net\/arhiva\/wp-json\/wp\/v2\/types\/post"}],"author":[{"embeddable":true,"href":"https:\/\/sandzakpress.net\/arhiva\/wp-json\/wp\/v2\/users\/83"}],"replies":[{"embeddable":true,"href":"https:\/\/sandzakpress.net\/arhiva\/wp-json\/wp\/v2\/comments?post=88280"}],"version-history":[{"count":0,"href":"https:\/\/sandzakpress.net\/arhiva\/wp-json\/wp\/v2\/posts\/88280\/revisions"}],"wp:featuredmedia":[{"embeddable":true,"href":"https:\/\/sandzakpress.net\/arhiva\/wp-json\/wp\/v2\/media\/88281"}],"wp:attachment":[{"href":"https:\/\/sandzakpress.net\/arhiva\/wp-json\/wp\/v2\/media?parent=88280"}],"wp:term":[{"taxonomy":"category","embeddable":true,"href":"https:\/\/sandzakpress.net\/arhiva\/wp-json\/wp\/v2\/categories?post=88280"},{"taxonomy":"post_tag","embeddable":true,"href":"https:\/\/sandzakpress.net\/arhiva\/wp-json\/wp\/v2\/tags?post=88280"}],"curies":[{"name":"wp","href":"https:\/\/api.w.org\/{rel}","templated":true}]}}