{"id":88270,"date":"2013-09-20T00:30:17","date_gmt":"2013-09-19T22:30:17","guid":{"rendered":"https:\/\/sandzakpress.net\/arhiva\/?p=88270"},"modified":"2013-09-20T00:30:17","modified_gmt":"2013-09-19T22:30:17","slug":"kalac-jedan-od-glavnih-ciljeva-bdz-a-u-crnoj-gori-je-autonomija-sandzaka","status":"publish","type":"post","link":"https:\/\/sandzakpress.net\/arhiva\/kalac-jedan-od-glavnih-ciljeva-bdz-a-u-crnoj-gori-je-autonomija-sandzaka\/","title":{"rendered":"Kala\u010d: &#8216;Jedan od glavnih ciljeva BDZ-a u Crnoj Gori je Autonomija Sand\u017eaka&#8217;"},"content":{"rendered":"<p><strong><img loading=\"lazy\" decoding=\"async\" class=\"size-full wp-image-88271 alignleft\" alt=\"hqdefault\" src=\"https:\/\/sandzakpress.net\/arhiva\/wp-content\/uploads\/2013\/09\/hqdefault.jpg\" width=\"300\" height=\"254\" \/>Ju\u017eni Sand\u017eak &#8211; Biv\u0161i potpredsjednik Bo\u0161nja\u010dke stranke Hazbija Kala\u010d potvrdio je Radiju Antena M da je podnio inicijativu za osnivanje politi\u010dke partije pod nazivom Bo\u0161nja\u010dka demokratska zajednica &#8211; BDZ Crne Gore.<\/strong><\/p>\n<p>Kala\u010d ka\u017ee da je cilj njegove partije da okupi Bo\u0161njake.<\/p>\n<p>\u201dNa\u0161 program se prvenstveno odnosi na Bo\u0161njake u Crnoj Gori,ali smo naravno dovoljno otvoren i \u0161irok front da prihvatimo i ostale narode u Crnoj Gori\u201d, rekao je Kala\u010d.<\/p>\n<p>Kako partija istog naziva postoji i u Srbiji, a kako mediji prenose,veoma je bliska sa muftijom sand\u017ea\u010dkim Muamerom Zukorli\u0107em, Kala\u010d ka\u017ee da su to srodne organizacije.<\/p>\n<p>\u201dPrili\u010dno smo srodne organizacije i naravno da sara\u0111ujemo. Muftiju sand\u017ea\u010dkog Zukorli\u0107a smatramo vjerskim liderom, vo\u0111om Bo\u0161njaka Sand\u017eaka i svakako da \u0107emo koristiti vrijednosti koje Muftijstvo sand\u017ea\u010dko i Zukorli\u0107 na \u010delu imaju\u201d, rekao je on.<\/p>\n<p>Kala\u010d je prvi polti\u010dar iz Crne Gore koji je javno podr\u017eao ideju o prekograni\u010dnoj autonomiji Sand\u017eaka. Ka\u017ee da \u0107e to biti jedan od glavnih ciljeva partije.<\/p>\n<p>\u201dTo je jedna od glavnih ideja u na\u0161em programu i to eksplicitno kao zahtjev za rje\u0161avanje Sand\u017eaka kao prekograni\u010dne evropske regije,po modelu nekih evropskih regija koje ve\u0107 postoje\u201d, istakao je Kala\u010d.<\/p>\n","protected":false},"excerpt":{"rendered":"<p>Ju\u017eni Sand\u017eak &#8211; Biv\u0161i potpredsjednik Bo\u0161nja\u010dke stranke Hazbija Kala\u010d potvrdio je Radiju Antena M da je podnio inicijativu za osnivanje politi\u010dke partije pod nazivom Bo\u0161nja\u010dka demokratska zajednica &#8211; BDZ Crne Gore. Kala\u010d ka\u017ee da je cilj njegove partije da okupi Bo\u0161njake. \u201dNa\u0161 program se prvenstveno odnosi na Bo\u0161njake u Crnoj Gori,ali smo naravno dovoljno otvoren [&hellip;]<\/p>\n","protected":false},"author":83,"featured_media":88271,"comment_status":"open","ping_status":"open","sticky":false,"template":"","format":"standard","meta":{"footnotes":""},"categories":[398,1,397,10174,396,395,399,10173,8957],"tags":[10223,10251,10288],"class_list":{"0":"post-88270","1":"post","2":"type-post","3":"status-publish","4":"format-standard","5":"has-post-thumbnail","7":"category-rozaje","8":"category-politika","9":"category-berane","10":"category-petnjica-vase-vijesti","11":"category-bijelo_polje","12":"category-pljevlja_","13":"category-plav_","14":"category-gusinje-vase-vijesti","15":"category-vijesti-dana","16":"tag-bdz","17":"tag-hazbija-kalac","18":"tag-autonomija-sandzaka"},"yoast_head":"<!-- This site is optimized with the Yoast SEO Premium plugin v23.1 (Yoast SEO v24.9) - https:\/\/yoast.com\/wordpress\/plugins\/seo\/ -->\n<title>Kala\u010d: &#039;Jedan od glavnih ciljeva BDZ-a u Crnoj Gori je Autonomija Sand\u017eaka&#039;<\/title>\n<meta name=\"robots\" content=\"index, follow, max-snippet:-1, max-image-preview:large, max-video-preview:-1\" \/>\n<link rel=\"canonical\" href=\"https:\/\/sandzakpress.net\/arhiva\/kalac-jedan-od-glavnih-ciljeva-bdz-a-u-crnoj-gori-je-autonomija-sandzaka\/\" \/>\n<meta property=\"og:locale\" content=\"bs_BA\" \/>\n<meta property=\"og:type\" content=\"article\" \/>\n<meta property=\"og:title\" content=\"Kala\u010d: &#039;Jedan od glavnih ciljeva BDZ-a u Crnoj Gori je Autonomija Sand\u017eaka&#039;\" \/>\n<meta property=\"og:description\" content=\"Ju\u017eni Sand\u017eak &#8211; Biv\u0161i potpredsjednik Bo\u0161nja\u010dke stranke Hazbija Kala\u010d potvrdio je Radiju Antena M da je podnio inicijativu za osnivanje politi\u010dke partije pod nazivom Bo\u0161nja\u010dka demokratska zajednica &#8211; BDZ Crne Gore. Kala\u010d ka\u017ee da je cilj njegove partije da okupi Bo\u0161njake. \u201dNa\u0161 program se prvenstveno odnosi na Bo\u0161njake u Crnoj Gori,ali smo naravno dovoljno otvoren [&hellip;]\" \/>\n<meta property=\"og:url\" content=\"https:\/\/sandzakpress.net\/arhiva\/kalac-jedan-od-glavnih-ciljeva-bdz-a-u-crnoj-gori-je-autonomija-sandzaka\/\" \/>\n<meta property=\"og:site_name\" content=\"Sand\u017eak PRESS\" \/>\n<meta property=\"article:published_time\" content=\"2013-09-19T22:30:17+00:00\" \/>\n<meta property=\"og:image\" content=\"https:\/\/sandzakpress.net\/arhiva\/wp-content\/uploads\/2013\/09\/hqdefault.jpg\" \/>\n\t<meta property=\"og:image:width\" content=\"300\" \/>\n\t<meta property=\"og:image:height\" content=\"254\" \/>\n\t<meta property=\"og:image:type\" content=\"image\/jpeg\" \/>\n<meta name=\"author\" content=\"bosniak\" \/>\n<meta name=\"twitter:card\" content=\"summary_large_image\" \/>\n<meta name=\"twitter:label1\" content=\"Written by\" \/>\n\t<meta name=\"twitter:data1\" content=\"bosniak\" \/>\n\t<meta name=\"twitter:label2\" content=\"Est. reading time\" \/>\n\t<meta name=\"twitter:data2\" content=\"1 minuta\" \/>\n<script type=\"application\/ld+json\" class=\"yoast-schema-graph\">{\"@context\":\"https:\/\/schema.org\",\"@graph\":[{\"@type\":\"Article\",\"@id\":\"https:\/\/sandzakpress.net\/arhiva\/kalac-jedan-od-glavnih-ciljeva-bdz-a-u-crnoj-gori-je-autonomija-sandzaka\/#article\",\"isPartOf\":{\"@id\":\"https:\/\/sandzakpress.net\/arhiva\/kalac-jedan-od-glavnih-ciljeva-bdz-a-u-crnoj-gori-je-autonomija-sandzaka\/\"},\"author\":{\"name\":\"bosniak\",\"@id\":\"https:\/\/sandzakpress.net\/arhiva\/#\/schema\/person\/c8baee722073534b583ea7bdb2e36c02\"},\"headline\":\"Kala\u010d: &#8216;Jedan od glavnih ciljeva BDZ-a u Crnoj Gori je Autonomija Sand\u017eaka&#8217;\",\"datePublished\":\"2013-09-19T22:30:17+00:00\",\"mainEntityOfPage\":{\"@id\":\"https:\/\/sandzakpress.net\/arhiva\/kalac-jedan-od-glavnih-ciljeva-bdz-a-u-crnoj-gori-je-autonomija-sandzaka\/\"},\"wordCount\":236,\"commentCount\":10,\"publisher\":{\"@id\":\"https:\/\/sandzakpress.net\/arhiva\/#\/schema\/person\/6e72b67d6e51910a1117b3b483ba20bd\"},\"image\":{\"@id\":\"https:\/\/sandzakpress.net\/arhiva\/kalac-jedan-od-glavnih-ciljeva-bdz-a-u-crnoj-gori-je-autonomija-sandzaka\/#primaryimage\"},\"thumbnailUrl\":\"https:\/\/sandzakpress.net\/arhiva\/wp-content\/uploads\/2013\/09\/hqdefault.jpg\",\"keywords\":[\"BDZ\",\"Hazbija Kala\u010d\",\"Autonomija Sand\u017eaka\"],\"articleSection\":[\"Ro\u017eaje\",\"Politika\",\"Berane\",\"Petnjica\",\"Bijelo Polje\",\"Pljevlja\",\"Plav\",\"Gusinje\",\"VIJESTI DANA\"],\"inLanguage\":\"bs-BA\",\"potentialAction\":[{\"@type\":\"CommentAction\",\"name\":\"Comment\",\"target\":[\"https:\/\/sandzakpress.net\/arhiva\/kalac-jedan-od-glavnih-ciljeva-bdz-a-u-crnoj-gori-je-autonomija-sandzaka\/#respond\"]}]},{\"@type\":\"WebPage\",\"@id\":\"https:\/\/sandzakpress.net\/arhiva\/kalac-jedan-od-glavnih-ciljeva-bdz-a-u-crnoj-gori-je-autonomija-sandzaka\/\",\"url\":\"https:\/\/sandzakpress.net\/arhiva\/kalac-jedan-od-glavnih-ciljeva-bdz-a-u-crnoj-gori-je-autonomija-sandzaka\/\",\"name\":\"Kala\u010d: 'Jedan od glavnih ciljeva BDZ-a u Crnoj Gori je Autonomija Sand\u017eaka'\",\"isPartOf\":{\"@id\":\"https:\/\/sandzakpress.net\/arhiva\/#website\"},\"primaryImageOfPage\":{\"@id\":\"https:\/\/sandzakpress.net\/arhiva\/kalac-jedan-od-glavnih-ciljeva-bdz-a-u-crnoj-gori-je-autonomija-sandzaka\/#primaryimage\"},\"image\":{\"@id\":\"https:\/\/sandzakpress.net\/arhiva\/kalac-jedan-od-glavnih-ciljeva-bdz-a-u-crnoj-gori-je-autonomija-sandzaka\/#primaryimage\"},\"thumbnailUrl\":\"https:\/\/sandzakpress.net\/arhiva\/wp-content\/uploads\/2013\/09\/hqdefault.jpg\",\"datePublished\":\"2013-09-19T22:30:17+00:00\",\"breadcrumb\":{\"@id\":\"https:\/\/sandzakpress.net\/arhiva\/kalac-jedan-od-glavnih-ciljeva-bdz-a-u-crnoj-gori-je-autonomija-sandzaka\/#breadcrumb\"},\"inLanguage\":\"bs-BA\",\"potentialAction\":[{\"@type\":\"ReadAction\",\"target\":[\"https:\/\/sandzakpress.net\/arhiva\/kalac-jedan-od-glavnih-ciljeva-bdz-a-u-crnoj-gori-je-autonomija-sandzaka\/\"]}]},{\"@type\":\"ImageObject\",\"inLanguage\":\"bs-BA\",\"@id\":\"https:\/\/sandzakpress.net\/arhiva\/kalac-jedan-od-glavnih-ciljeva-bdz-a-u-crnoj-gori-je-autonomija-sandzaka\/#primaryimage\",\"url\":\"https:\/\/sandzakpress.net\/arhiva\/wp-content\/uploads\/2013\/09\/hqdefault.jpg\",\"contentUrl\":\"https:\/\/sandzakpress.net\/arhiva\/wp-content\/uploads\/2013\/09\/hqdefault.jpg\",\"width\":300,\"height\":254},{\"@type\":\"BreadcrumbList\",\"@id\":\"https:\/\/sandzakpress.net\/arhiva\/kalac-jedan-od-glavnih-ciljeva-bdz-a-u-crnoj-gori-je-autonomija-sandzaka\/#breadcrumb\",\"itemListElement\":[{\"@type\":\"ListItem\",\"position\":1,\"name\":\"Home\",\"item\":\"https:\/\/sandzakpress.net\/arhiva\/\"},{\"@type\":\"ListItem\",\"position\":2,\"name\":\"Kala\u010d: &#8216;Jedan od glavnih ciljeva BDZ-a u Crnoj Gori je Autonomija Sand\u017eaka&#8217;\"}]},{\"@type\":\"WebSite\",\"@id\":\"https:\/\/sandzakpress.net\/arhiva\/#website\",\"url\":\"https:\/\/sandzakpress.net\/arhiva\/\",\"name\":\"Sand\u017eak PRESS\",\"description\":\"Prve elektronske novine u Sand\u017eaku\",\"publisher\":{\"@id\":\"https:\/\/sandzakpress.net\/arhiva\/#\/schema\/person\/6e72b67d6e51910a1117b3b483ba20bd\"},\"potentialAction\":[{\"@type\":\"SearchAction\",\"target\":{\"@type\":\"EntryPoint\",\"urlTemplate\":\"https:\/\/sandzakpress.net\/arhiva\/?s={search_term_string}\"},\"query-input\":{\"@type\":\"PropertyValueSpecification\",\"valueRequired\":true,\"valueName\":\"search_term_string\"}}],\"inLanguage\":\"bs-BA\"},{\"@type\":[\"Person\",\"Organization\"],\"@id\":\"https:\/\/sandzakpress.net\/arhiva\/#\/schema\/person\/6e72b67d6e51910a1117b3b483ba20bd\",\"name\":\"Kul\",\"image\":{\"@type\":\"ImageObject\",\"inLanguage\":\"bs-BA\",\"@id\":\"https:\/\/sandzakpress.net\/arhiva\/#\/schema\/person\/image\/\",\"url\":\"https:\/\/secure.gravatar.com\/avatar\/42263f39aa27ac04c43cab85c280eb2e?s=96&d=mm&r=pg\",\"contentUrl\":\"https:\/\/secure.gravatar.com\/avatar\/42263f39aa27ac04c43cab85c280eb2e?s=96&d=mm&r=pg\",\"caption\":\"Kul\"},\"logo\":{\"@id\":\"https:\/\/sandzakpress.net\/arhiva\/#\/schema\/person\/image\/\"}},{\"@type\":\"Person\",\"@id\":\"https:\/\/sandzakpress.net\/arhiva\/#\/schema\/person\/c8baee722073534b583ea7bdb2e36c02\",\"name\":\"bosniak\",\"image\":{\"@type\":\"ImageObject\",\"inLanguage\":\"bs-BA\",\"@id\":\"https:\/\/sandzakpress.net\/arhiva\/#\/schema\/person\/image\/\",\"url\":\"https:\/\/secure.gravatar.com\/avatar\/a04fd330bfe3a36a72a0ad4a6d89fca7?s=96&d=mm&r=pg\",\"contentUrl\":\"https:\/\/secure.gravatar.com\/avatar\/a04fd330bfe3a36a72a0ad4a6d89fca7?s=96&d=mm&r=pg\",\"caption\":\"bosniak\"},\"url\":\"https:\/\/sandzakpress.net\/arhiva\/author\/bosniak\/\"}]}<\/script>\n<!-- \/ Yoast SEO Premium plugin. -->","yoast_head_json":{"title":"Kala\u010d: 'Jedan od glavnih ciljeva BDZ-a u Crnoj Gori je Autonomija Sand\u017eaka'","robots":{"index":"index","follow":"follow","max-snippet":"max-snippet:-1","max-image-preview":"max-image-preview:large","max-video-preview":"max-video-preview:-1"},"canonical":"https:\/\/sandzakpress.net\/arhiva\/kalac-jedan-od-glavnih-ciljeva-bdz-a-u-crnoj-gori-je-autonomija-sandzaka\/","og_locale":"bs_BA","og_type":"article","og_title":"Kala\u010d: 'Jedan od glavnih ciljeva BDZ-a u Crnoj Gori je Autonomija Sand\u017eaka'","og_description":"Ju\u017eni Sand\u017eak &#8211; Biv\u0161i potpredsjednik Bo\u0161nja\u010dke stranke Hazbija Kala\u010d potvrdio je Radiju Antena M da je podnio inicijativu za osnivanje politi\u010dke partije pod nazivom Bo\u0161nja\u010dka demokratska zajednica &#8211; BDZ Crne Gore. Kala\u010d ka\u017ee da je cilj njegove partije da okupi Bo\u0161njake. \u201dNa\u0161 program se prvenstveno odnosi na Bo\u0161njake u Crnoj Gori,ali smo naravno dovoljno otvoren [&hellip;]","og_url":"https:\/\/sandzakpress.net\/arhiva\/kalac-jedan-od-glavnih-ciljeva-bdz-a-u-crnoj-gori-je-autonomija-sandzaka\/","og_site_name":"Sand\u017eak PRESS","article_published_time":"2013-09-19T22:30:17+00:00","og_image":[{"width":300,"height":254,"url":"https:\/\/sandzakpress.net\/arhiva\/wp-content\/uploads\/2013\/09\/hqdefault.jpg","type":"image\/jpeg"}],"author":"bosniak","twitter_card":"summary_large_image","twitter_misc":{"Written by":"bosniak","Est. reading time":"1 minuta"},"schema":{"@context":"https:\/\/schema.org","@graph":[{"@type":"Article","@id":"https:\/\/sandzakpress.net\/arhiva\/kalac-jedan-od-glavnih-ciljeva-bdz-a-u-crnoj-gori-je-autonomija-sandzaka\/#article","isPartOf":{"@id":"https:\/\/sandzakpress.net\/arhiva\/kalac-jedan-od-glavnih-ciljeva-bdz-a-u-crnoj-gori-je-autonomija-sandzaka\/"},"author":{"name":"bosniak","@id":"https:\/\/sandzakpress.net\/arhiva\/#\/schema\/person\/c8baee722073534b583ea7bdb2e36c02"},"headline":"Kala\u010d: &#8216;Jedan od glavnih ciljeva BDZ-a u Crnoj Gori je Autonomija Sand\u017eaka&#8217;","datePublished":"2013-09-19T22:30:17+00:00","mainEntityOfPage":{"@id":"https:\/\/sandzakpress.net\/arhiva\/kalac-jedan-od-glavnih-ciljeva-bdz-a-u-crnoj-gori-je-autonomija-sandzaka\/"},"wordCount":236,"commentCount":10,"publisher":{"@id":"https:\/\/sandzakpress.net\/arhiva\/#\/schema\/person\/6e72b67d6e51910a1117b3b483ba20bd"},"image":{"@id":"https:\/\/sandzakpress.net\/arhiva\/kalac-jedan-od-glavnih-ciljeva-bdz-a-u-crnoj-gori-je-autonomija-sandzaka\/#primaryimage"},"thumbnailUrl":"https:\/\/sandzakpress.net\/arhiva\/wp-content\/uploads\/2013\/09\/hqdefault.jpg","keywords":["BDZ","Hazbija Kala\u010d","Autonomija Sand\u017eaka"],"articleSection":["Ro\u017eaje","Politika","Berane","Petnjica","Bijelo Polje","Pljevlja","Plav","Gusinje","VIJESTI DANA"],"inLanguage":"bs-BA","potentialAction":[{"@type":"CommentAction","name":"Comment","target":["https:\/\/sandzakpress.net\/arhiva\/kalac-jedan-od-glavnih-ciljeva-bdz-a-u-crnoj-gori-je-autonomija-sandzaka\/#respond"]}]},{"@type":"WebPage","@id":"https:\/\/sandzakpress.net\/arhiva\/kalac-jedan-od-glavnih-ciljeva-bdz-a-u-crnoj-gori-je-autonomija-sandzaka\/","url":"https:\/\/sandzakpress.net\/arhiva\/kalac-jedan-od-glavnih-ciljeva-bdz-a-u-crnoj-gori-je-autonomija-sandzaka\/","name":"Kala\u010d: 'Jedan od glavnih ciljeva BDZ-a u Crnoj Gori je Autonomija Sand\u017eaka'","isPartOf":{"@id":"https:\/\/sandzakpress.net\/arhiva\/#website"},"primaryImageOfPage":{"@id":"https:\/\/sandzakpress.net\/arhiva\/kalac-jedan-od-glavnih-ciljeva-bdz-a-u-crnoj-gori-je-autonomija-sandzaka\/#primaryimage"},"image":{"@id":"https:\/\/sandzakpress.net\/arhiva\/kalac-jedan-od-glavnih-ciljeva-bdz-a-u-crnoj-gori-je-autonomija-sandzaka\/#primaryimage"},"thumbnailUrl":"https:\/\/sandzakpress.net\/arhiva\/wp-content\/uploads\/2013\/09\/hqdefault.jpg","datePublished":"2013-09-19T22:30:17+00:00","breadcrumb":{"@id":"https:\/\/sandzakpress.net\/arhiva\/kalac-jedan-od-glavnih-ciljeva-bdz-a-u-crnoj-gori-je-autonomija-sandzaka\/#breadcrumb"},"inLanguage":"bs-BA","potentialAction":[{"@type":"ReadAction","target":["https:\/\/sandzakpress.net\/arhiva\/kalac-jedan-od-glavnih-ciljeva-bdz-a-u-crnoj-gori-je-autonomija-sandzaka\/"]}]},{"@type":"ImageObject","inLanguage":"bs-BA","@id":"https:\/\/sandzakpress.net\/arhiva\/kalac-jedan-od-glavnih-ciljeva-bdz-a-u-crnoj-gori-je-autonomija-sandzaka\/#primaryimage","url":"https:\/\/sandzakpress.net\/arhiva\/wp-content\/uploads\/2013\/09\/hqdefault.jpg","contentUrl":"https:\/\/sandzakpress.net\/arhiva\/wp-content\/uploads\/2013\/09\/hqdefault.jpg","width":300,"height":254},{"@type":"BreadcrumbList","@id":"https:\/\/sandzakpress.net\/arhiva\/kalac-jedan-od-glavnih-ciljeva-bdz-a-u-crnoj-gori-je-autonomija-sandzaka\/#breadcrumb","itemListElement":[{"@type":"ListItem","position":1,"name":"Home","item":"https:\/\/sandzakpress.net\/arhiva\/"},{"@type":"ListItem","position":2,"name":"Kala\u010d: &#8216;Jedan od glavnih ciljeva BDZ-a u Crnoj Gori je Autonomija Sand\u017eaka&#8217;"}]},{"@type":"WebSite","@id":"https:\/\/sandzakpress.net\/arhiva\/#website","url":"https:\/\/sandzakpress.net\/arhiva\/","name":"Sand\u017eak PRESS","description":"Prve elektronske novine u Sand\u017eaku","publisher":{"@id":"https:\/\/sandzakpress.net\/arhiva\/#\/schema\/person\/6e72b67d6e51910a1117b3b483ba20bd"},"potentialAction":[{"@type":"SearchAction","target":{"@type":"EntryPoint","urlTemplate":"https:\/\/sandzakpress.net\/arhiva\/?s={search_term_string}"},"query-input":{"@type":"PropertyValueSpecification","valueRequired":true,"valueName":"search_term_string"}}],"inLanguage":"bs-BA"},{"@type":["Person","Organization"],"@id":"https:\/\/sandzakpress.net\/arhiva\/#\/schema\/person\/6e72b67d6e51910a1117b3b483ba20bd","name":"Kul","image":{"@type":"ImageObject","inLanguage":"bs-BA","@id":"https:\/\/sandzakpress.net\/arhiva\/#\/schema\/person\/image\/","url":"https:\/\/secure.gravatar.com\/avatar\/42263f39aa27ac04c43cab85c280eb2e?s=96&d=mm&r=pg","contentUrl":"https:\/\/secure.gravatar.com\/avatar\/42263f39aa27ac04c43cab85c280eb2e?s=96&d=mm&r=pg","caption":"Kul"},"logo":{"@id":"https:\/\/sandzakpress.net\/arhiva\/#\/schema\/person\/image\/"}},{"@type":"Person","@id":"https:\/\/sandzakpress.net\/arhiva\/#\/schema\/person\/c8baee722073534b583ea7bdb2e36c02","name":"bosniak","image":{"@type":"ImageObject","inLanguage":"bs-BA","@id":"https:\/\/sandzakpress.net\/arhiva\/#\/schema\/person\/image\/","url":"https:\/\/secure.gravatar.com\/avatar\/a04fd330bfe3a36a72a0ad4a6d89fca7?s=96&d=mm&r=pg","contentUrl":"https:\/\/secure.gravatar.com\/avatar\/a04fd330bfe3a36a72a0ad4a6d89fca7?s=96&d=mm&r=pg","caption":"bosniak"},"url":"https:\/\/sandzakpress.net\/arhiva\/author\/bosniak\/"}]}},"_links":{"self":[{"href":"https:\/\/sandzakpress.net\/arhiva\/wp-json\/wp\/v2\/posts\/88270"}],"collection":[{"href":"https:\/\/sandzakpress.net\/arhiva\/wp-json\/wp\/v2\/posts"}],"about":[{"href":"https:\/\/sandzakpress.net\/arhiva\/wp-json\/wp\/v2\/types\/post"}],"author":[{"embeddable":true,"href":"https:\/\/sandzakpress.net\/arhiva\/wp-json\/wp\/v2\/users\/83"}],"replies":[{"embeddable":true,"href":"https:\/\/sandzakpress.net\/arhiva\/wp-json\/wp\/v2\/comments?post=88270"}],"version-history":[{"count":0,"href":"https:\/\/sandzakpress.net\/arhiva\/wp-json\/wp\/v2\/posts\/88270\/revisions"}],"wp:featuredmedia":[{"embeddable":true,"href":"https:\/\/sandzakpress.net\/arhiva\/wp-json\/wp\/v2\/media\/88271"}],"wp:attachment":[{"href":"https:\/\/sandzakpress.net\/arhiva\/wp-json\/wp\/v2\/media?parent=88270"}],"wp:term":[{"taxonomy":"category","embeddable":true,"href":"https:\/\/sandzakpress.net\/arhiva\/wp-json\/wp\/v2\/categories?post=88270"},{"taxonomy":"post_tag","embeddable":true,"href":"https:\/\/sandzakpress.net\/arhiva\/wp-json\/wp\/v2\/tags?post=88270"}],"curies":[{"name":"wp","href":"https:\/\/api.w.org\/{rel}","templated":true}]}}