{"id":88218,"date":"2013-09-19T09:01:55","date_gmt":"2013-09-19T07:01:55","guid":{"rendered":"https:\/\/sandzakpress.net\/arhiva\/?p=88218"},"modified":"2013-09-19T09:01:55","modified_gmt":"2013-09-19T07:01:55","slug":"francuska-slavi-bosnjacke-antifasiste","status":"publish","type":"post","link":"https:\/\/sandzakpress.net\/arhiva\/francuska-slavi-bosnjacke-antifasiste\/","title":{"rendered":"Francuska slavi bo\u0161nja\u010dke antifa\u0161iste"},"content":{"rendered":"<h4><a href=\"https:\/\/sandzakpress.net\/arhiva\/wp-content\/uploads\/2013\/09\/Villefranche-de-Rourgeueu_zpsae209843.jpg\"><img loading=\"lazy\" decoding=\"async\" class=\"alignleft size-medium wp-image-88219\" alt=\"Villefranche-de-Rourgeueu_zpsae209843\" src=\"https:\/\/sandzakpress.net\/arhiva\/wp-content\/uploads\/2013\/09\/Villefranche-de-Rourgeueu_zpsae209843-300x200.jpg\" width=\"300\" height=\"200\" \/><\/a>Francuska &#8211; Prije 70 godina Bo\u0161njaci su u Francuskoj digli prvu pobunu unutar njema\u010dkog SS-a.<\/h4>\n<p>Francuski gradi\u0107 Villefranche-de-Rourgeueu slavi 70. godi\u0161njicu oru\u017eanog ustanka protiv njema\u010dkih okupatora koji su 17. septembra 1943. podigli Bo\u0161njaci iz sastava 13. SS \u201cHand\u017ear\u201d divizije, predvo\u0111eni Feridom D\u017eani\u0107em i Lutfijom Dizdarevi\u0107em, a u saradnji sa francuskim pokretom otpora. D\u017eani\u0107 i Dizdarevi\u0107 su ubijeni prilikom gu\u0161enja pobune, a nakon pobune su streljani: Mujo Alispahi\u0107, Meho Memi\u0161evi\u0107, Alija Beganovi\u0107, Mustafa Mori\u0107, Sulejman Silajd\u017ei\u0107, Jusuf Vu\u010djak, Ismet Cefkovi\u0107, Uzeir Mehi\u010di\u0107, kao i nekoliko Hrvata koji su u\u010destvovali u pobuni.<\/p>\n<p>Paradoks je da u Villefrancheu, u \u010dast ovog doga\u0111aja, ve\u0107 decenijama postoji ulica koja se zove \u201cAvenue des Croates\u201d (\u201cAvenija Hrvata\u201d), te da hrvatski zvani\u010dnici u\u010destvuju na obilje\u017eavanju 17. septembra, svojataju\u0107i ovaj slavni doga\u0111aj koji pripada bo\u0161nja\u010dkoj antifa\u0161isti\u010dkoj povijesti. Tako \u0107e i ovaj jubilej obilje\u017eiti Francuzi i Hrvati, ali ne i Bo\u0161njaci. Zato su zaslu\u017eni polupismeni bo\u0161nja\u010dki lideri i ministri koji nemaju znanja, a ni hrabrosti, da pobunu iz Villefranchea rehabilitiraju kao dio bosanske antifa\u0161isti\u010dke kulture. Ako Republici Hrvatskoj nije mrsko da krade tu\u0111u historiju i da bo\u0161nja\u010dke heroje prikazuje kao svoje heroje, za\u0161to bi nama u Bosni i Hercegovini bilo mrsko da jedan od najva\u017enijih doga\u0111aja evropskog antifa\u0161izma smjestimo tamo gdje i pripada \u2013 pod okrilje bosanske antifa\u0161isti\u010dke ba\u0161tine!?<\/p>\n<p>&nbsp;<\/p>\n","protected":false},"excerpt":{"rendered":"<p>Francuska &#8211; Prije 70 godina Bo\u0161njaci su u Francuskoj digli prvu pobunu unutar njema\u010dkog SS-a. Francuski gradi\u0107 Villefranche-de-Rourgeueu slavi 70. godi\u0161njicu oru\u017eanog ustanka protiv njema\u010dkih okupatora koji su 17. septembra 1943. podigli Bo\u0161njaci iz sastava 13. SS \u201cHand\u017ear\u201d divizije, predvo\u0111eni Feridom D\u017eani\u0107em i Lutfijom Dizdarevi\u0107em, a u saradnji sa francuskim pokretom otpora. D\u017eani\u0107 i Dizdarevi\u0107 [&hellip;]<\/p>\n","protected":false},"author":83,"featured_media":88220,"comment_status":"open","ping_status":"open","sticky":false,"template":"","format":"standard","meta":{"footnotes":""},"categories":[800,9550],"tags":[],"class_list":{"0":"post-88218","1":"post","2":"type-post","3":"status-publish","4":"format-standard","5":"has-post-thumbnail","7":"category-nacija","8":"category-francuska-dijaspora-gradovi-vase-vijesti"},"yoast_head":"<!-- This site is optimized with the Yoast SEO Premium plugin v23.1 (Yoast SEO v24.9) - https:\/\/yoast.com\/wordpress\/plugins\/seo\/ -->\n<title>Francuska slavi bo\u0161nja\u010dke antifa\u0161iste<\/title>\n<meta name=\"robots\" content=\"index, follow, max-snippet:-1, max-image-preview:large, max-video-preview:-1\" \/>\n<link rel=\"canonical\" href=\"https:\/\/sandzakpress.net\/arhiva\/francuska-slavi-bosnjacke-antifasiste\/\" \/>\n<meta property=\"og:locale\" content=\"bs_BA\" \/>\n<meta property=\"og:type\" content=\"article\" \/>\n<meta property=\"og:title\" content=\"Francuska slavi bo\u0161nja\u010dke antifa\u0161iste\" \/>\n<meta property=\"og:description\" content=\"Francuska &#8211; Prije 70 godina Bo\u0161njaci su u Francuskoj digli prvu pobunu unutar njema\u010dkog SS-a. Francuski gradi\u0107 Villefranche-de-Rourgeueu slavi 70. godi\u0161njicu oru\u017eanog ustanka protiv njema\u010dkih okupatora koji su 17. septembra 1943. podigli Bo\u0161njaci iz sastava 13. SS \u201cHand\u017ear\u201d divizije, predvo\u0111eni Feridom D\u017eani\u0107em i Lutfijom Dizdarevi\u0107em, a u saradnji sa francuskim pokretom otpora. D\u017eani\u0107 i Dizdarevi\u0107 [&hellip;]\" \/>\n<meta property=\"og:url\" content=\"https:\/\/sandzakpress.net\/arhiva\/francuska-slavi-bosnjacke-antifasiste\/\" \/>\n<meta property=\"og:site_name\" content=\"Sand\u017eak PRESS\" \/>\n<meta property=\"article:published_time\" content=\"2013-09-19T07:01:55+00:00\" \/>\n<meta property=\"og:image\" content=\"https:\/\/sandzakpress.net\/arhiva\/wp-content\/uploads\/2013\/09\/Villefranche-de-Rourgeueu_zpsae209843-300x2001.jpg\" \/>\n\t<meta property=\"og:image:width\" content=\"300\" \/>\n\t<meta property=\"og:image:height\" content=\"200\" \/>\n\t<meta property=\"og:image:type\" content=\"image\/jpeg\" \/>\n<meta name=\"author\" content=\"bosniak\" \/>\n<meta name=\"twitter:card\" content=\"summary_large_image\" \/>\n<meta name=\"twitter:label1\" content=\"Written by\" \/>\n\t<meta name=\"twitter:data1\" content=\"bosniak\" \/>\n\t<meta name=\"twitter:label2\" content=\"Est. reading time\" \/>\n\t<meta name=\"twitter:data2\" content=\"1 minuta\" \/>\n<script type=\"application\/ld+json\" class=\"yoast-schema-graph\">{\"@context\":\"https:\/\/schema.org\",\"@graph\":[{\"@type\":\"Article\",\"@id\":\"https:\/\/sandzakpress.net\/arhiva\/francuska-slavi-bosnjacke-antifasiste\/#article\",\"isPartOf\":{\"@id\":\"https:\/\/sandzakpress.net\/arhiva\/francuska-slavi-bosnjacke-antifasiste\/\"},\"author\":{\"name\":\"bosniak\",\"@id\":\"https:\/\/sandzakpress.net\/arhiva\/#\/schema\/person\/c8baee722073534b583ea7bdb2e36c02\"},\"headline\":\"Francuska slavi bo\u0161nja\u010dke antifa\u0161iste\",\"datePublished\":\"2013-09-19T07:01:55+00:00\",\"mainEntityOfPage\":{\"@id\":\"https:\/\/sandzakpress.net\/arhiva\/francuska-slavi-bosnjacke-antifasiste\/\"},\"wordCount\":256,\"commentCount\":0,\"publisher\":{\"@id\":\"https:\/\/sandzakpress.net\/arhiva\/#\/schema\/person\/6e72b67d6e51910a1117b3b483ba20bd\"},\"image\":{\"@id\":\"https:\/\/sandzakpress.net\/arhiva\/francuska-slavi-bosnjacke-antifasiste\/#primaryimage\"},\"thumbnailUrl\":\"https:\/\/sandzakpress.net\/arhiva\/wp-content\/uploads\/2013\/09\/Villefranche-de-Rourgeueu_zpsae209843-300x2001.jpg\",\"articleSection\":[\"Nacija\",\"Francuska\"],\"inLanguage\":\"bs-BA\",\"potentialAction\":[{\"@type\":\"CommentAction\",\"name\":\"Comment\",\"target\":[\"https:\/\/sandzakpress.net\/arhiva\/francuska-slavi-bosnjacke-antifasiste\/#respond\"]}]},{\"@type\":\"WebPage\",\"@id\":\"https:\/\/sandzakpress.net\/arhiva\/francuska-slavi-bosnjacke-antifasiste\/\",\"url\":\"https:\/\/sandzakpress.net\/arhiva\/francuska-slavi-bosnjacke-antifasiste\/\",\"name\":\"Francuska slavi bo\u0161nja\u010dke antifa\u0161iste\",\"isPartOf\":{\"@id\":\"https:\/\/sandzakpress.net\/arhiva\/#website\"},\"primaryImageOfPage\":{\"@id\":\"https:\/\/sandzakpress.net\/arhiva\/francuska-slavi-bosnjacke-antifasiste\/#primaryimage\"},\"image\":{\"@id\":\"https:\/\/sandzakpress.net\/arhiva\/francuska-slavi-bosnjacke-antifasiste\/#primaryimage\"},\"thumbnailUrl\":\"https:\/\/sandzakpress.net\/arhiva\/wp-content\/uploads\/2013\/09\/Villefranche-de-Rourgeueu_zpsae209843-300x2001.jpg\",\"datePublished\":\"2013-09-19T07:01:55+00:00\",\"breadcrumb\":{\"@id\":\"https:\/\/sandzakpress.net\/arhiva\/francuska-slavi-bosnjacke-antifasiste\/#breadcrumb\"},\"inLanguage\":\"bs-BA\",\"potentialAction\":[{\"@type\":\"ReadAction\",\"target\":[\"https:\/\/sandzakpress.net\/arhiva\/francuska-slavi-bosnjacke-antifasiste\/\"]}]},{\"@type\":\"ImageObject\",\"inLanguage\":\"bs-BA\",\"@id\":\"https:\/\/sandzakpress.net\/arhiva\/francuska-slavi-bosnjacke-antifasiste\/#primaryimage\",\"url\":\"https:\/\/sandzakpress.net\/arhiva\/wp-content\/uploads\/2013\/09\/Villefranche-de-Rourgeueu_zpsae209843-300x2001.jpg\",\"contentUrl\":\"https:\/\/sandzakpress.net\/arhiva\/wp-content\/uploads\/2013\/09\/Villefranche-de-Rourgeueu_zpsae209843-300x2001.jpg\",\"width\":300,\"height\":200},{\"@type\":\"BreadcrumbList\",\"@id\":\"https:\/\/sandzakpress.net\/arhiva\/francuska-slavi-bosnjacke-antifasiste\/#breadcrumb\",\"itemListElement\":[{\"@type\":\"ListItem\",\"position\":1,\"name\":\"Home\",\"item\":\"https:\/\/sandzakpress.net\/arhiva\/\"},{\"@type\":\"ListItem\",\"position\":2,\"name\":\"Francuska slavi bo\u0161nja\u010dke antifa\u0161iste\"}]},{\"@type\":\"WebSite\",\"@id\":\"https:\/\/sandzakpress.net\/arhiva\/#website\",\"url\":\"https:\/\/sandzakpress.net\/arhiva\/\",\"name\":\"Sand\u017eak PRESS\",\"description\":\"Prve elektronske novine u Sand\u017eaku\",\"publisher\":{\"@id\":\"https:\/\/sandzakpress.net\/arhiva\/#\/schema\/person\/6e72b67d6e51910a1117b3b483ba20bd\"},\"potentialAction\":[{\"@type\":\"SearchAction\",\"target\":{\"@type\":\"EntryPoint\",\"urlTemplate\":\"https:\/\/sandzakpress.net\/arhiva\/?s={search_term_string}\"},\"query-input\":{\"@type\":\"PropertyValueSpecification\",\"valueRequired\":true,\"valueName\":\"search_term_string\"}}],\"inLanguage\":\"bs-BA\"},{\"@type\":[\"Person\",\"Organization\"],\"@id\":\"https:\/\/sandzakpress.net\/arhiva\/#\/schema\/person\/6e72b67d6e51910a1117b3b483ba20bd\",\"name\":\"Kul\",\"image\":{\"@type\":\"ImageObject\",\"inLanguage\":\"bs-BA\",\"@id\":\"https:\/\/sandzakpress.net\/arhiva\/#\/schema\/person\/image\/\",\"url\":\"https:\/\/secure.gravatar.com\/avatar\/42263f39aa27ac04c43cab85c280eb2e?s=96&d=mm&r=pg\",\"contentUrl\":\"https:\/\/secure.gravatar.com\/avatar\/42263f39aa27ac04c43cab85c280eb2e?s=96&d=mm&r=pg\",\"caption\":\"Kul\"},\"logo\":{\"@id\":\"https:\/\/sandzakpress.net\/arhiva\/#\/schema\/person\/image\/\"}},{\"@type\":\"Person\",\"@id\":\"https:\/\/sandzakpress.net\/arhiva\/#\/schema\/person\/c8baee722073534b583ea7bdb2e36c02\",\"name\":\"bosniak\",\"image\":{\"@type\":\"ImageObject\",\"inLanguage\":\"bs-BA\",\"@id\":\"https:\/\/sandzakpress.net\/arhiva\/#\/schema\/person\/image\/\",\"url\":\"https:\/\/secure.gravatar.com\/avatar\/a04fd330bfe3a36a72a0ad4a6d89fca7?s=96&d=mm&r=pg\",\"contentUrl\":\"https:\/\/secure.gravatar.com\/avatar\/a04fd330bfe3a36a72a0ad4a6d89fca7?s=96&d=mm&r=pg\",\"caption\":\"bosniak\"},\"url\":\"https:\/\/sandzakpress.net\/arhiva\/author\/bosniak\/\"}]}<\/script>\n<!-- \/ Yoast SEO Premium plugin. -->","yoast_head_json":{"title":"Francuska slavi bo\u0161nja\u010dke antifa\u0161iste","robots":{"index":"index","follow":"follow","max-snippet":"max-snippet:-1","max-image-preview":"max-image-preview:large","max-video-preview":"max-video-preview:-1"},"canonical":"https:\/\/sandzakpress.net\/arhiva\/francuska-slavi-bosnjacke-antifasiste\/","og_locale":"bs_BA","og_type":"article","og_title":"Francuska slavi bo\u0161nja\u010dke antifa\u0161iste","og_description":"Francuska &#8211; Prije 70 godina Bo\u0161njaci su u Francuskoj digli prvu pobunu unutar njema\u010dkog SS-a. Francuski gradi\u0107 Villefranche-de-Rourgeueu slavi 70. godi\u0161njicu oru\u017eanog ustanka protiv njema\u010dkih okupatora koji su 17. septembra 1943. podigli Bo\u0161njaci iz sastava 13. SS \u201cHand\u017ear\u201d divizije, predvo\u0111eni Feridom D\u017eani\u0107em i Lutfijom Dizdarevi\u0107em, a u saradnji sa francuskim pokretom otpora. D\u017eani\u0107 i Dizdarevi\u0107 [&hellip;]","og_url":"https:\/\/sandzakpress.net\/arhiva\/francuska-slavi-bosnjacke-antifasiste\/","og_site_name":"Sand\u017eak PRESS","article_published_time":"2013-09-19T07:01:55+00:00","og_image":[{"width":300,"height":200,"url":"https:\/\/sandzakpress.net\/arhiva\/wp-content\/uploads\/2013\/09\/Villefranche-de-Rourgeueu_zpsae209843-300x2001.jpg","type":"image\/jpeg"}],"author":"bosniak","twitter_card":"summary_large_image","twitter_misc":{"Written by":"bosniak","Est. reading time":"1 minuta"},"schema":{"@context":"https:\/\/schema.org","@graph":[{"@type":"Article","@id":"https:\/\/sandzakpress.net\/arhiva\/francuska-slavi-bosnjacke-antifasiste\/#article","isPartOf":{"@id":"https:\/\/sandzakpress.net\/arhiva\/francuska-slavi-bosnjacke-antifasiste\/"},"author":{"name":"bosniak","@id":"https:\/\/sandzakpress.net\/arhiva\/#\/schema\/person\/c8baee722073534b583ea7bdb2e36c02"},"headline":"Francuska slavi bo\u0161nja\u010dke antifa\u0161iste","datePublished":"2013-09-19T07:01:55+00:00","mainEntityOfPage":{"@id":"https:\/\/sandzakpress.net\/arhiva\/francuska-slavi-bosnjacke-antifasiste\/"},"wordCount":256,"commentCount":0,"publisher":{"@id":"https:\/\/sandzakpress.net\/arhiva\/#\/schema\/person\/6e72b67d6e51910a1117b3b483ba20bd"},"image":{"@id":"https:\/\/sandzakpress.net\/arhiva\/francuska-slavi-bosnjacke-antifasiste\/#primaryimage"},"thumbnailUrl":"https:\/\/sandzakpress.net\/arhiva\/wp-content\/uploads\/2013\/09\/Villefranche-de-Rourgeueu_zpsae209843-300x2001.jpg","articleSection":["Nacija","Francuska"],"inLanguage":"bs-BA","potentialAction":[{"@type":"CommentAction","name":"Comment","target":["https:\/\/sandzakpress.net\/arhiva\/francuska-slavi-bosnjacke-antifasiste\/#respond"]}]},{"@type":"WebPage","@id":"https:\/\/sandzakpress.net\/arhiva\/francuska-slavi-bosnjacke-antifasiste\/","url":"https:\/\/sandzakpress.net\/arhiva\/francuska-slavi-bosnjacke-antifasiste\/","name":"Francuska slavi bo\u0161nja\u010dke antifa\u0161iste","isPartOf":{"@id":"https:\/\/sandzakpress.net\/arhiva\/#website"},"primaryImageOfPage":{"@id":"https:\/\/sandzakpress.net\/arhiva\/francuska-slavi-bosnjacke-antifasiste\/#primaryimage"},"image":{"@id":"https:\/\/sandzakpress.net\/arhiva\/francuska-slavi-bosnjacke-antifasiste\/#primaryimage"},"thumbnailUrl":"https:\/\/sandzakpress.net\/arhiva\/wp-content\/uploads\/2013\/09\/Villefranche-de-Rourgeueu_zpsae209843-300x2001.jpg","datePublished":"2013-09-19T07:01:55+00:00","breadcrumb":{"@id":"https:\/\/sandzakpress.net\/arhiva\/francuska-slavi-bosnjacke-antifasiste\/#breadcrumb"},"inLanguage":"bs-BA","potentialAction":[{"@type":"ReadAction","target":["https:\/\/sandzakpress.net\/arhiva\/francuska-slavi-bosnjacke-antifasiste\/"]}]},{"@type":"ImageObject","inLanguage":"bs-BA","@id":"https:\/\/sandzakpress.net\/arhiva\/francuska-slavi-bosnjacke-antifasiste\/#primaryimage","url":"https:\/\/sandzakpress.net\/arhiva\/wp-content\/uploads\/2013\/09\/Villefranche-de-Rourgeueu_zpsae209843-300x2001.jpg","contentUrl":"https:\/\/sandzakpress.net\/arhiva\/wp-content\/uploads\/2013\/09\/Villefranche-de-Rourgeueu_zpsae209843-300x2001.jpg","width":300,"height":200},{"@type":"BreadcrumbList","@id":"https:\/\/sandzakpress.net\/arhiva\/francuska-slavi-bosnjacke-antifasiste\/#breadcrumb","itemListElement":[{"@type":"ListItem","position":1,"name":"Home","item":"https:\/\/sandzakpress.net\/arhiva\/"},{"@type":"ListItem","position":2,"name":"Francuska slavi bo\u0161nja\u010dke antifa\u0161iste"}]},{"@type":"WebSite","@id":"https:\/\/sandzakpress.net\/arhiva\/#website","url":"https:\/\/sandzakpress.net\/arhiva\/","name":"Sand\u017eak PRESS","description":"Prve elektronske novine u Sand\u017eaku","publisher":{"@id":"https:\/\/sandzakpress.net\/arhiva\/#\/schema\/person\/6e72b67d6e51910a1117b3b483ba20bd"},"potentialAction":[{"@type":"SearchAction","target":{"@type":"EntryPoint","urlTemplate":"https:\/\/sandzakpress.net\/arhiva\/?s={search_term_string}"},"query-input":{"@type":"PropertyValueSpecification","valueRequired":true,"valueName":"search_term_string"}}],"inLanguage":"bs-BA"},{"@type":["Person","Organization"],"@id":"https:\/\/sandzakpress.net\/arhiva\/#\/schema\/person\/6e72b67d6e51910a1117b3b483ba20bd","name":"Kul","image":{"@type":"ImageObject","inLanguage":"bs-BA","@id":"https:\/\/sandzakpress.net\/arhiva\/#\/schema\/person\/image\/","url":"https:\/\/secure.gravatar.com\/avatar\/42263f39aa27ac04c43cab85c280eb2e?s=96&d=mm&r=pg","contentUrl":"https:\/\/secure.gravatar.com\/avatar\/42263f39aa27ac04c43cab85c280eb2e?s=96&d=mm&r=pg","caption":"Kul"},"logo":{"@id":"https:\/\/sandzakpress.net\/arhiva\/#\/schema\/person\/image\/"}},{"@type":"Person","@id":"https:\/\/sandzakpress.net\/arhiva\/#\/schema\/person\/c8baee722073534b583ea7bdb2e36c02","name":"bosniak","image":{"@type":"ImageObject","inLanguage":"bs-BA","@id":"https:\/\/sandzakpress.net\/arhiva\/#\/schema\/person\/image\/","url":"https:\/\/secure.gravatar.com\/avatar\/a04fd330bfe3a36a72a0ad4a6d89fca7?s=96&d=mm&r=pg","contentUrl":"https:\/\/secure.gravatar.com\/avatar\/a04fd330bfe3a36a72a0ad4a6d89fca7?s=96&d=mm&r=pg","caption":"bosniak"},"url":"https:\/\/sandzakpress.net\/arhiva\/author\/bosniak\/"}]}},"_links":{"self":[{"href":"https:\/\/sandzakpress.net\/arhiva\/wp-json\/wp\/v2\/posts\/88218"}],"collection":[{"href":"https:\/\/sandzakpress.net\/arhiva\/wp-json\/wp\/v2\/posts"}],"about":[{"href":"https:\/\/sandzakpress.net\/arhiva\/wp-json\/wp\/v2\/types\/post"}],"author":[{"embeddable":true,"href":"https:\/\/sandzakpress.net\/arhiva\/wp-json\/wp\/v2\/users\/83"}],"replies":[{"embeddable":true,"href":"https:\/\/sandzakpress.net\/arhiva\/wp-json\/wp\/v2\/comments?post=88218"}],"version-history":[{"count":0,"href":"https:\/\/sandzakpress.net\/arhiva\/wp-json\/wp\/v2\/posts\/88218\/revisions"}],"wp:featuredmedia":[{"embeddable":true,"href":"https:\/\/sandzakpress.net\/arhiva\/wp-json\/wp\/v2\/media\/88220"}],"wp:attachment":[{"href":"https:\/\/sandzakpress.net\/arhiva\/wp-json\/wp\/v2\/media?parent=88218"}],"wp:term":[{"taxonomy":"category","embeddable":true,"href":"https:\/\/sandzakpress.net\/arhiva\/wp-json\/wp\/v2\/categories?post=88218"},{"taxonomy":"post_tag","embeddable":true,"href":"https:\/\/sandzakpress.net\/arhiva\/wp-json\/wp\/v2\/tags?post=88218"}],"curies":[{"name":"wp","href":"https:\/\/api.w.org\/{rel}","templated":true}]}}