{"id":8820,"date":"2010-10-02T00:27:09","date_gmt":"2010-10-01T22:27:09","guid":{"rendered":"https:\/\/sandzakpress.net\/arhiva\/?p=8820"},"modified":"2010-10-02T00:27:09","modified_gmt":"2010-10-01T22:27:09","slug":"danski-list-prodaje-knjigu-sa-karikaturama-poslanika-a-s","status":"publish","type":"post","link":"https:\/\/sandzakpress.net\/arhiva\/danski-list-prodaje-knjigu-sa-karikaturama-poslanika-a-s\/","title":{"rendered":"Danski list prodaje knjigu sa karikaturama Poslanika, a.s."},"content":{"rendered":"<p><strong><a href=\"https:\/\/sandzakpress.net\/arhiva\/wp-content\/uploads\/2010\/10\/danske-karikatur.jpg\"><img loading=\"lazy\" decoding=\"async\" class=\"alignleft size-full wp-image-8821\" title=\"danske karikatur\" src=\"https:\/\/sandzakpress.net\/arhiva\/wp-content\/uploads\/2010\/10\/danske-karikatur.jpg\" alt=\"\" width=\"264\" height=\"198\" \/><\/a>Danska &#8211; Knjiga sa 12 karikatura poslanika Muhameda a.s., koja je ve\u0107 izazvala nezadovoljstvo u muslimanskom svijetu, prodaje se danas u Danskoj, na dan kada su kontroverzne karikature prvi put prije pet godina objavljene u danskom dnevniku &#8220;Jyllands Posten&#8221;.<\/strong><\/p>\n<p>&#8220;Da, knjiga Flemminga Rosea je od jutros u prodaji&#8221;, izjavila je za AFP radnica u knji\u017eari u Kopenhagenu.<\/p>\n<p>Ona je dodala da su ljudi tra\u017eili knjigu \u010dim je knji\u017eara otvorena, te smatra da \u0107e biti veoma tra\u017eena.<\/p>\n<p>Knjigu pod naslovom &#8220;Tiranija ti\u0161ine&#8221; napisao je Flemming Rose, urednik redakcije za kulturu u &#8220;Postenu&#8221; u vrijeme objavljivanja karikatura 30. septembra 2005. godine.<\/p>\n<p>Knjiga sadr\u017ei fotografiju naslovne strane &#8220;Postena&#8221; od 30. septembra 2005. godine sa svih 12 karikatura muslimanskog poslanika Muhameda.<\/p>\n<p>Izdavanje knjige za petu godi\u0161njicu prvog objavljivanja satiri\u010dnih crte\u017ea dolazi u vrijeme dok u Danskoj, a posebno sjedi\u0161tu dnevnog lista, postoje prijetnje napadima.<\/p>\n<p>Norve\u0161ka policija saop\u0161tila je 28. septembra da je jedan ira\u010dki Kurd uhap\u0161en u julu sa dvojicom sau\u010desnika priznao da su planirali napad na sjedi\u0161te dnevnog lista &#8220;Jyllands Posten&#8221;.<\/p>\n<p>Mu\u0161karac porijeklom iz \u010ce\u010denije uhap\u0161en je 10. septembra kada je slu\u010dajno u hotelu eksplodiralo pismo koje je trebalo da bude poslato &#8220;Jyllands Postenu&#8221;.<\/p>\n<p>U poku\u0161aju da ubla\u017ei tenzije u odnosima sa muslimanskim zemljama, uo\u010di objavljivanja ove knjige danska ministarka spoljnih poslova Lene Espersen razgovarala je ju\u010der sa ambasadorima 17 muslimanskih zemalja, u poku\u0161aju da sprije\u010di izbijanje nove krize zbog objavljivanja knjige.<\/p>\n<p>Espersenova je naglasila da je &#8220;sloboda govora u Danskoj kamen-temeljac demokratije&#8221; i da &#8220;ljudi imaju pravo da \u0161tampaju knjige dok god je to u skladu sa zakonom&#8221;.<\/p>\n<p>Ona je istovremeno naglasila da &#8220;Danska \u017eeli da odr\u017ei sna\u017ene i prijateljske odnose sa muslimanskim svijetom&#8221; i da je &#8220;konstruktivan dijalog&#8221; recept za put naprijed.<\/p>\n<p>Ve\u0107ina muslimana smatra da su slike osniva\u010da islama uvredljive, a naro\u010dito ih je uvrijedila karikatura poslanika Muhameda sa bombom u turbanu.<\/p>\n<p>Izvor: <strong>Sarajevo-x.com, IslamskaZajednica.org<\/strong><\/p>\n","protected":false},"excerpt":{"rendered":"<p>Danska &#8211; Knjiga sa 12 karikatura poslanika Muhameda a.s., koja je ve\u0107 izazvala nezadovoljstvo u muslimanskom svijetu, prodaje se danas u Danskoj, na dan kada su kontroverzne karikature prvi put prije pet godina objavljene u danskom dnevniku &#8220;Jyllands Posten&#8221;. &#8220;Da, knjiga Flemminga Rosea je od jutros u prodaji&#8221;, izjavila je za AFP radnica u knji\u017eari [&hellip;]<\/p>\n","protected":false},"author":83,"featured_media":8821,"comment_status":"open","ping_status":"open","sticky":false,"template":"","format":"standard","meta":{"footnotes":""},"categories":[9],"tags":[],"class_list":{"0":"post-8820","1":"post","2":"type-post","3":"status-publish","4":"format-standard","5":"has-post-thumbnail","7":"category-svijet"},"yoast_head":"<!-- This site is optimized with the Yoast SEO Premium plugin v23.1 (Yoast SEO v24.9) - https:\/\/yoast.com\/wordpress\/plugins\/seo\/ -->\n<title>Danski list prodaje knjigu sa karikaturama Poslanika, a.s.<\/title>\n<meta name=\"robots\" content=\"index, follow, max-snippet:-1, max-image-preview:large, max-video-preview:-1\" \/>\n<link rel=\"canonical\" href=\"https:\/\/sandzakpress.net\/arhiva\/danski-list-prodaje-knjigu-sa-karikaturama-poslanika-a-s\/\" \/>\n<meta property=\"og:locale\" content=\"bs_BA\" \/>\n<meta property=\"og:type\" content=\"article\" \/>\n<meta property=\"og:title\" content=\"Danski list prodaje knjigu sa karikaturama Poslanika, a.s.\" \/>\n<meta property=\"og:description\" content=\"Danska &#8211; Knjiga sa 12 karikatura poslanika Muhameda a.s., koja je ve\u0107 izazvala nezadovoljstvo u muslimanskom svijetu, prodaje se danas u Danskoj, na dan kada su kontroverzne karikature prvi put prije pet godina objavljene u danskom dnevniku &#8220;Jyllands Posten&#8221;. &#8220;Da, knjiga Flemminga Rosea je od jutros u prodaji&#8221;, izjavila je za AFP radnica u knji\u017eari [&hellip;]\" \/>\n<meta property=\"og:url\" content=\"https:\/\/sandzakpress.net\/arhiva\/danski-list-prodaje-knjigu-sa-karikaturama-poslanika-a-s\/\" \/>\n<meta property=\"og:site_name\" content=\"Sand\u017eak PRESS\" \/>\n<meta property=\"article:published_time\" content=\"2010-10-01T22:27:09+00:00\" \/>\n<meta property=\"og:image\" content=\"https:\/\/sandzakpress.net\/arhiva\/wp-content\/uploads\/2010\/10\/danske-karikatur.jpg\" \/>\n\t<meta property=\"og:image:width\" content=\"264\" \/>\n\t<meta property=\"og:image:height\" content=\"198\" \/>\n\t<meta property=\"og:image:type\" content=\"image\/jpeg\" \/>\n<meta name=\"author\" content=\"bosniak\" \/>\n<meta name=\"twitter:card\" content=\"summary_large_image\" \/>\n<meta name=\"twitter:label1\" content=\"Written by\" \/>\n\t<meta name=\"twitter:data1\" content=\"bosniak\" \/>\n\t<meta name=\"twitter:label2\" content=\"Est. reading time\" \/>\n\t<meta name=\"twitter:data2\" content=\"2 minute\" \/>\n<script type=\"application\/ld+json\" class=\"yoast-schema-graph\">{\"@context\":\"https:\/\/schema.org\",\"@graph\":[{\"@type\":\"Article\",\"@id\":\"https:\/\/sandzakpress.net\/arhiva\/danski-list-prodaje-knjigu-sa-karikaturama-poslanika-a-s\/#article\",\"isPartOf\":{\"@id\":\"https:\/\/sandzakpress.net\/arhiva\/danski-list-prodaje-knjigu-sa-karikaturama-poslanika-a-s\/\"},\"author\":{\"name\":\"bosniak\",\"@id\":\"https:\/\/sandzakpress.net\/arhiva\/#\/schema\/person\/c8baee722073534b583ea7bdb2e36c02\"},\"headline\":\"Danski list prodaje knjigu sa karikaturama Poslanika, a.s.\",\"datePublished\":\"2010-10-01T22:27:09+00:00\",\"mainEntityOfPage\":{\"@id\":\"https:\/\/sandzakpress.net\/arhiva\/danski-list-prodaje-knjigu-sa-karikaturama-poslanika-a-s\/\"},\"wordCount\":339,\"commentCount\":3,\"publisher\":{\"@id\":\"https:\/\/sandzakpress.net\/arhiva\/#\/schema\/person\/6e72b67d6e51910a1117b3b483ba20bd\"},\"image\":{\"@id\":\"https:\/\/sandzakpress.net\/arhiva\/danski-list-prodaje-knjigu-sa-karikaturama-poslanika-a-s\/#primaryimage\"},\"thumbnailUrl\":\"https:\/\/sandzakpress.net\/arhiva\/wp-content\/uploads\/2010\/10\/danske-karikatur.jpg\",\"articleSection\":[\"Svijet\"],\"inLanguage\":\"bs-BA\",\"potentialAction\":[{\"@type\":\"CommentAction\",\"name\":\"Comment\",\"target\":[\"https:\/\/sandzakpress.net\/arhiva\/danski-list-prodaje-knjigu-sa-karikaturama-poslanika-a-s\/#respond\"]}]},{\"@type\":\"WebPage\",\"@id\":\"https:\/\/sandzakpress.net\/arhiva\/danski-list-prodaje-knjigu-sa-karikaturama-poslanika-a-s\/\",\"url\":\"https:\/\/sandzakpress.net\/arhiva\/danski-list-prodaje-knjigu-sa-karikaturama-poslanika-a-s\/\",\"name\":\"Danski list prodaje knjigu sa karikaturama Poslanika, a.s.\",\"isPartOf\":{\"@id\":\"https:\/\/sandzakpress.net\/arhiva\/#website\"},\"primaryImageOfPage\":{\"@id\":\"https:\/\/sandzakpress.net\/arhiva\/danski-list-prodaje-knjigu-sa-karikaturama-poslanika-a-s\/#primaryimage\"},\"image\":{\"@id\":\"https:\/\/sandzakpress.net\/arhiva\/danski-list-prodaje-knjigu-sa-karikaturama-poslanika-a-s\/#primaryimage\"},\"thumbnailUrl\":\"https:\/\/sandzakpress.net\/arhiva\/wp-content\/uploads\/2010\/10\/danske-karikatur.jpg\",\"datePublished\":\"2010-10-01T22:27:09+00:00\",\"breadcrumb\":{\"@id\":\"https:\/\/sandzakpress.net\/arhiva\/danski-list-prodaje-knjigu-sa-karikaturama-poslanika-a-s\/#breadcrumb\"},\"inLanguage\":\"bs-BA\",\"potentialAction\":[{\"@type\":\"ReadAction\",\"target\":[\"https:\/\/sandzakpress.net\/arhiva\/danski-list-prodaje-knjigu-sa-karikaturama-poslanika-a-s\/\"]}]},{\"@type\":\"ImageObject\",\"inLanguage\":\"bs-BA\",\"@id\":\"https:\/\/sandzakpress.net\/arhiva\/danski-list-prodaje-knjigu-sa-karikaturama-poslanika-a-s\/#primaryimage\",\"url\":\"https:\/\/sandzakpress.net\/arhiva\/wp-content\/uploads\/2010\/10\/danske-karikatur.jpg\",\"contentUrl\":\"https:\/\/sandzakpress.net\/arhiva\/wp-content\/uploads\/2010\/10\/danske-karikatur.jpg\",\"width\":264,\"height\":198},{\"@type\":\"BreadcrumbList\",\"@id\":\"https:\/\/sandzakpress.net\/arhiva\/danski-list-prodaje-knjigu-sa-karikaturama-poslanika-a-s\/#breadcrumb\",\"itemListElement\":[{\"@type\":\"ListItem\",\"position\":1,\"name\":\"Home\",\"item\":\"https:\/\/sandzakpress.net\/arhiva\/\"},{\"@type\":\"ListItem\",\"position\":2,\"name\":\"Danski list prodaje knjigu sa karikaturama Poslanika, a.s.\"}]},{\"@type\":\"WebSite\",\"@id\":\"https:\/\/sandzakpress.net\/arhiva\/#website\",\"url\":\"https:\/\/sandzakpress.net\/arhiva\/\",\"name\":\"Sand\u017eak PRESS\",\"description\":\"Prve elektronske novine u Sand\u017eaku\",\"publisher\":{\"@id\":\"https:\/\/sandzakpress.net\/arhiva\/#\/schema\/person\/6e72b67d6e51910a1117b3b483ba20bd\"},\"potentialAction\":[{\"@type\":\"SearchAction\",\"target\":{\"@type\":\"EntryPoint\",\"urlTemplate\":\"https:\/\/sandzakpress.net\/arhiva\/?s={search_term_string}\"},\"query-input\":{\"@type\":\"PropertyValueSpecification\",\"valueRequired\":true,\"valueName\":\"search_term_string\"}}],\"inLanguage\":\"bs-BA\"},{\"@type\":[\"Person\",\"Organization\"],\"@id\":\"https:\/\/sandzakpress.net\/arhiva\/#\/schema\/person\/6e72b67d6e51910a1117b3b483ba20bd\",\"name\":\"Kul\",\"image\":{\"@type\":\"ImageObject\",\"inLanguage\":\"bs-BA\",\"@id\":\"https:\/\/sandzakpress.net\/arhiva\/#\/schema\/person\/image\/\",\"url\":\"https:\/\/secure.gravatar.com\/avatar\/42263f39aa27ac04c43cab85c280eb2e?s=96&d=mm&r=pg\",\"contentUrl\":\"https:\/\/secure.gravatar.com\/avatar\/42263f39aa27ac04c43cab85c280eb2e?s=96&d=mm&r=pg\",\"caption\":\"Kul\"},\"logo\":{\"@id\":\"https:\/\/sandzakpress.net\/arhiva\/#\/schema\/person\/image\/\"}},{\"@type\":\"Person\",\"@id\":\"https:\/\/sandzakpress.net\/arhiva\/#\/schema\/person\/c8baee722073534b583ea7bdb2e36c02\",\"name\":\"bosniak\",\"image\":{\"@type\":\"ImageObject\",\"inLanguage\":\"bs-BA\",\"@id\":\"https:\/\/sandzakpress.net\/arhiva\/#\/schema\/person\/image\/\",\"url\":\"https:\/\/secure.gravatar.com\/avatar\/a04fd330bfe3a36a72a0ad4a6d89fca7?s=96&d=mm&r=pg\",\"contentUrl\":\"https:\/\/secure.gravatar.com\/avatar\/a04fd330bfe3a36a72a0ad4a6d89fca7?s=96&d=mm&r=pg\",\"caption\":\"bosniak\"},\"url\":\"https:\/\/sandzakpress.net\/arhiva\/author\/bosniak\/\"}]}<\/script>\n<!-- \/ Yoast SEO Premium plugin. -->","yoast_head_json":{"title":"Danski list prodaje knjigu sa karikaturama Poslanika, a.s.","robots":{"index":"index","follow":"follow","max-snippet":"max-snippet:-1","max-image-preview":"max-image-preview:large","max-video-preview":"max-video-preview:-1"},"canonical":"https:\/\/sandzakpress.net\/arhiva\/danski-list-prodaje-knjigu-sa-karikaturama-poslanika-a-s\/","og_locale":"bs_BA","og_type":"article","og_title":"Danski list prodaje knjigu sa karikaturama Poslanika, a.s.","og_description":"Danska &#8211; Knjiga sa 12 karikatura poslanika Muhameda a.s., koja je ve\u0107 izazvala nezadovoljstvo u muslimanskom svijetu, prodaje se danas u Danskoj, na dan kada su kontroverzne karikature prvi put prije pet godina objavljene u danskom dnevniku &#8220;Jyllands Posten&#8221;. &#8220;Da, knjiga Flemminga Rosea je od jutros u prodaji&#8221;, izjavila je za AFP radnica u knji\u017eari [&hellip;]","og_url":"https:\/\/sandzakpress.net\/arhiva\/danski-list-prodaje-knjigu-sa-karikaturama-poslanika-a-s\/","og_site_name":"Sand\u017eak PRESS","article_published_time":"2010-10-01T22:27:09+00:00","og_image":[{"width":264,"height":198,"url":"https:\/\/sandzakpress.net\/arhiva\/wp-content\/uploads\/2010\/10\/danske-karikatur.jpg","type":"image\/jpeg"}],"author":"bosniak","twitter_card":"summary_large_image","twitter_misc":{"Written by":"bosniak","Est. reading time":"2 minute"},"schema":{"@context":"https:\/\/schema.org","@graph":[{"@type":"Article","@id":"https:\/\/sandzakpress.net\/arhiva\/danski-list-prodaje-knjigu-sa-karikaturama-poslanika-a-s\/#article","isPartOf":{"@id":"https:\/\/sandzakpress.net\/arhiva\/danski-list-prodaje-knjigu-sa-karikaturama-poslanika-a-s\/"},"author":{"name":"bosniak","@id":"https:\/\/sandzakpress.net\/arhiva\/#\/schema\/person\/c8baee722073534b583ea7bdb2e36c02"},"headline":"Danski list prodaje knjigu sa karikaturama Poslanika, a.s.","datePublished":"2010-10-01T22:27:09+00:00","mainEntityOfPage":{"@id":"https:\/\/sandzakpress.net\/arhiva\/danski-list-prodaje-knjigu-sa-karikaturama-poslanika-a-s\/"},"wordCount":339,"commentCount":3,"publisher":{"@id":"https:\/\/sandzakpress.net\/arhiva\/#\/schema\/person\/6e72b67d6e51910a1117b3b483ba20bd"},"image":{"@id":"https:\/\/sandzakpress.net\/arhiva\/danski-list-prodaje-knjigu-sa-karikaturama-poslanika-a-s\/#primaryimage"},"thumbnailUrl":"https:\/\/sandzakpress.net\/arhiva\/wp-content\/uploads\/2010\/10\/danske-karikatur.jpg","articleSection":["Svijet"],"inLanguage":"bs-BA","potentialAction":[{"@type":"CommentAction","name":"Comment","target":["https:\/\/sandzakpress.net\/arhiva\/danski-list-prodaje-knjigu-sa-karikaturama-poslanika-a-s\/#respond"]}]},{"@type":"WebPage","@id":"https:\/\/sandzakpress.net\/arhiva\/danski-list-prodaje-knjigu-sa-karikaturama-poslanika-a-s\/","url":"https:\/\/sandzakpress.net\/arhiva\/danski-list-prodaje-knjigu-sa-karikaturama-poslanika-a-s\/","name":"Danski list prodaje knjigu sa karikaturama Poslanika, a.s.","isPartOf":{"@id":"https:\/\/sandzakpress.net\/arhiva\/#website"},"primaryImageOfPage":{"@id":"https:\/\/sandzakpress.net\/arhiva\/danski-list-prodaje-knjigu-sa-karikaturama-poslanika-a-s\/#primaryimage"},"image":{"@id":"https:\/\/sandzakpress.net\/arhiva\/danski-list-prodaje-knjigu-sa-karikaturama-poslanika-a-s\/#primaryimage"},"thumbnailUrl":"https:\/\/sandzakpress.net\/arhiva\/wp-content\/uploads\/2010\/10\/danske-karikatur.jpg","datePublished":"2010-10-01T22:27:09+00:00","breadcrumb":{"@id":"https:\/\/sandzakpress.net\/arhiva\/danski-list-prodaje-knjigu-sa-karikaturama-poslanika-a-s\/#breadcrumb"},"inLanguage":"bs-BA","potentialAction":[{"@type":"ReadAction","target":["https:\/\/sandzakpress.net\/arhiva\/danski-list-prodaje-knjigu-sa-karikaturama-poslanika-a-s\/"]}]},{"@type":"ImageObject","inLanguage":"bs-BA","@id":"https:\/\/sandzakpress.net\/arhiva\/danski-list-prodaje-knjigu-sa-karikaturama-poslanika-a-s\/#primaryimage","url":"https:\/\/sandzakpress.net\/arhiva\/wp-content\/uploads\/2010\/10\/danske-karikatur.jpg","contentUrl":"https:\/\/sandzakpress.net\/arhiva\/wp-content\/uploads\/2010\/10\/danske-karikatur.jpg","width":264,"height":198},{"@type":"BreadcrumbList","@id":"https:\/\/sandzakpress.net\/arhiva\/danski-list-prodaje-knjigu-sa-karikaturama-poslanika-a-s\/#breadcrumb","itemListElement":[{"@type":"ListItem","position":1,"name":"Home","item":"https:\/\/sandzakpress.net\/arhiva\/"},{"@type":"ListItem","position":2,"name":"Danski list prodaje knjigu sa karikaturama Poslanika, a.s."}]},{"@type":"WebSite","@id":"https:\/\/sandzakpress.net\/arhiva\/#website","url":"https:\/\/sandzakpress.net\/arhiva\/","name":"Sand\u017eak PRESS","description":"Prve elektronske novine u Sand\u017eaku","publisher":{"@id":"https:\/\/sandzakpress.net\/arhiva\/#\/schema\/person\/6e72b67d6e51910a1117b3b483ba20bd"},"potentialAction":[{"@type":"SearchAction","target":{"@type":"EntryPoint","urlTemplate":"https:\/\/sandzakpress.net\/arhiva\/?s={search_term_string}"},"query-input":{"@type":"PropertyValueSpecification","valueRequired":true,"valueName":"search_term_string"}}],"inLanguage":"bs-BA"},{"@type":["Person","Organization"],"@id":"https:\/\/sandzakpress.net\/arhiva\/#\/schema\/person\/6e72b67d6e51910a1117b3b483ba20bd","name":"Kul","image":{"@type":"ImageObject","inLanguage":"bs-BA","@id":"https:\/\/sandzakpress.net\/arhiva\/#\/schema\/person\/image\/","url":"https:\/\/secure.gravatar.com\/avatar\/42263f39aa27ac04c43cab85c280eb2e?s=96&d=mm&r=pg","contentUrl":"https:\/\/secure.gravatar.com\/avatar\/42263f39aa27ac04c43cab85c280eb2e?s=96&d=mm&r=pg","caption":"Kul"},"logo":{"@id":"https:\/\/sandzakpress.net\/arhiva\/#\/schema\/person\/image\/"}},{"@type":"Person","@id":"https:\/\/sandzakpress.net\/arhiva\/#\/schema\/person\/c8baee722073534b583ea7bdb2e36c02","name":"bosniak","image":{"@type":"ImageObject","inLanguage":"bs-BA","@id":"https:\/\/sandzakpress.net\/arhiva\/#\/schema\/person\/image\/","url":"https:\/\/secure.gravatar.com\/avatar\/a04fd330bfe3a36a72a0ad4a6d89fca7?s=96&d=mm&r=pg","contentUrl":"https:\/\/secure.gravatar.com\/avatar\/a04fd330bfe3a36a72a0ad4a6d89fca7?s=96&d=mm&r=pg","caption":"bosniak"},"url":"https:\/\/sandzakpress.net\/arhiva\/author\/bosniak\/"}]}},"_links":{"self":[{"href":"https:\/\/sandzakpress.net\/arhiva\/wp-json\/wp\/v2\/posts\/8820"}],"collection":[{"href":"https:\/\/sandzakpress.net\/arhiva\/wp-json\/wp\/v2\/posts"}],"about":[{"href":"https:\/\/sandzakpress.net\/arhiva\/wp-json\/wp\/v2\/types\/post"}],"author":[{"embeddable":true,"href":"https:\/\/sandzakpress.net\/arhiva\/wp-json\/wp\/v2\/users\/83"}],"replies":[{"embeddable":true,"href":"https:\/\/sandzakpress.net\/arhiva\/wp-json\/wp\/v2\/comments?post=8820"}],"version-history":[{"count":0,"href":"https:\/\/sandzakpress.net\/arhiva\/wp-json\/wp\/v2\/posts\/8820\/revisions"}],"wp:featuredmedia":[{"embeddable":true,"href":"https:\/\/sandzakpress.net\/arhiva\/wp-json\/wp\/v2\/media\/8821"}],"wp:attachment":[{"href":"https:\/\/sandzakpress.net\/arhiva\/wp-json\/wp\/v2\/media?parent=8820"}],"wp:term":[{"taxonomy":"category","embeddable":true,"href":"https:\/\/sandzakpress.net\/arhiva\/wp-json\/wp\/v2\/categories?post=8820"},{"taxonomy":"post_tag","embeddable":true,"href":"https:\/\/sandzakpress.net\/arhiva\/wp-json\/wp\/v2\/tags?post=8820"}],"curies":[{"name":"wp","href":"https:\/\/api.w.org\/{rel}","templated":true}]}}