{"id":88142,"date":"2013-09-18T23:02:55","date_gmt":"2013-09-18T21:02:55","guid":{"rendered":"https:\/\/sandzakpress.net\/arhiva\/?p=88142"},"modified":"2013-09-18T23:02:55","modified_gmt":"2013-09-18T21:02:55","slug":"oik-berane-da-organizuje-izbore-u-petnjici","status":"publish","type":"post","link":"https:\/\/sandzakpress.net\/arhiva\/oik-berane-da-organizuje-izbore-u-petnjici\/","title":{"rendered":"OIK Berane da organizuje izbore u Petnjici"},"content":{"rendered":"<p><strong><a href=\"https:\/\/sandzakpress.net\/arhiva\/wp-content\/uploads\/2013\/09\/thumb.php_1.jpg\"><img loading=\"lazy\" decoding=\"async\" class=\"alignleft size-medium wp-image-88143\" alt=\"thumb.php\" src=\"https:\/\/sandzakpress.net\/arhiva\/wp-content\/uploads\/2013\/09\/thumb.php_1-300x130.jpg\" width=\"300\" height=\"130\" \/><\/a>Petnjica &#8211; Zakonodavni odbor podr\u017eao je predlog vladaju\u0107e koalicije da lokalne izbore u Petnjici organizuje op\u0161tinska izborna komisija iz Berana, a odlu\u010deno je da \u0107e novac za njihovo finansiranje biti obezbije\u0111en iz dr\u017eavnog bud\u017eeta.<\/strong><\/p>\n<p>Predstavnici vladaju\u0107e koalicije, Rifat Rastoder, Zorica Kova\u010devi\u0107 i Suljo Mustafi\u0107 podnijeli su amandmane na predlog Odluke o imenovanju OIK Petnjice, u kojima se za njene \u010dlanove umjesto ranije predlo\u017eenih \u010dlanova Dr\u017eavne izborne komisije, predla\u017eu \u010dlanovi OIK iz Berana.<\/p>\n<p>\u00bbKada smo dobro sagledali stvari uvidjeli smo da mo\u017ee biti konflikta odlu\u010divanja kod prvenstveno predlo\u017eenih \u010dlanova, jer bi neki od njih vjerovatno morali u odre\u0111enim slu\u010dajevima dva puta odlu\u010divati. Zato smo odlu\u010dili da promijenimo sastav izborne komisije i da predlo\u017eimo uglavnom predstavnike OIK Berane koja poznaje probleme i teren\u00ab, pojasnio je Rastoder.<\/p>\n<p>On je rekao da je do\u0161lo do propusta jer OIK nije imenovan na vrijeme, navode\u0107i da se svi rokovi mogu uklopiti i da ne dovode u pitanje regularnost lokalnih izbora.<\/p>\n<p>U amandmanu dva, kako je dodao, rije\u010di \u00bbpo isteku 30 dana od dana konstituisanja Skup\u0161tine Op\u0161tine Petnjica\u00ab, zamjenjuju se rije\u010dima \u00bbdanom imenovanja nove op\u0161tinske izborne komisje Petnjica\u00ab.<\/p>\n<p>\u00bbNakon konstituisanja, Skup\u0161tina Op\u0161tine Petnjica, imenova\u0107e novu OIK u stalnom sastavu, na predlog radnog tijela skup\u0161tine op\u0161tine nadle\u017enog za izbr i imenovanja. Danom imenovanja nove Op\u0161tinske izborne komisije prestaje mandat predlo\u017eenoj OIK\u00ab, precizirao je Rastoder.<\/p>\n<p>Poslanici vladaju\u0107e koalicije predlo\u017eili su da novac za rad organa za sprovo\u0111enje izbora, izborni materijal i druge tro\u0161kove obezbje\u0111uje Skup\u0161tina, ali je na sugestiju poslanika Socijalisti\u010dke narodne partije, Velizara Kalu\u0111erovi\u0107a, odlu\u010deno da novac bude obezbije\u0111en iz dr\u017eavnog bud\u017eeta.<\/p>\n<p>Poslanik Pozitivne Crne Gore Sr\u0111an Peri\u0107, koji je jedini bio uzdr\u017ean prilikom glasanja, kazao je da ta stranka \u017eeli da se izbori u Petnjici odr\u017ee ali da nijesu zadovoljni predlo\u017eenim rje\u0161enjima da njihova partija nema \u010dlana u OIK, ve\u0107 da budu zamjenici \u010dlanu Socijalsiti\u010dke narodne partije, koja im je to ponudila.<\/p>\n<p>On je pojasnio da \u0107e ta stranka na Odboru za politi\u010dki sistem tra\u017eiti svog punopravnog \u010dlana u OIK Petnjica, jer smatraju da im kao parlamentarnoj stranci to pravo pripada.<\/p>\n<p>Rastoder je pojasnio da se po zakonu za sastav uzima op\u0161tinski kriterijum, navode\u0107i da je to pitanje nedefinisano za novoformiranu op\u0161tinu.<\/p>\n<p>\u00bbPo\u0161to Skup\u0161tina donosi odluku mogu se preslikati odnosi sa nivoa parlamenta Crne Gore. Bili smo u dilemi i sztupili smo u <a title=\"kontakt\" href=\"http:\/\/www.bosnjaci.me\/kontakt\/\">kontakt<\/a> sa predsjednikom Pozitivne, ponudili smo neko rje\u0161enje i mjesto zamjenika \u010dlana, ali smo dobili odgovor da oni to ne \u017eele\u00ab, kazao je on.<\/p>\n<p>Rastoder je dodao da ne zna kako bi prava Pozitivne bila ugro\u017eena, kada podnosioci lista imaju poslije svog predstavnika u OIK, kao i u\u010de\u0161\u0107e u konstituisanju bira\u010dkih odbora.<\/p>\n<p>Peri\u0107 je naveo da se u tom procesu pona\u0161a kao da je Petnjica i dalje dio Berana, \u00bbonda se po tom tuma\u010denju postavlja novo pitanje- za\u0161to nijesu istovremeno raspisani izbori u Beranama i Petnjici\u00ab.<\/p>\n<p>On je dodao da smatra da Petnji\u010danima treba puno pomo\u0107i, dodaju\u0107i da je sada\u0161nji odnos potcjenjiva\u010dki, \u00bbda sve drugi treba da im odrade\u00ab.<\/p>\n<p>\u00bbVeze Berana i Petnjice je zakon odredio, nismo mi. Zakon je odredio da do obrazovanja organa lokalne uprave novoosnovane op\u0161tine njihove poslove obavljaju organi lokalne uprave koji su imali mjesnu nadle\u017enost\u00ab, poajsnio je on.<\/p>\n<p>Poslanik Demokratskog fronta Emilo Labudovi\u0107 ocijenio je da se ta situacija mora urediti zakonom.<\/p>\n<p>\u00bb\u010cudi me za\u0161to predlaga\u010di nijesu intervenisali na na\u010din da ovu odluku prati i predlog izmjena i dopuna zakona o imenovanju odbornika i poslanika u dijelu koji bi definisao kako se bira prva izborna komisija u novoformiranoj op\u0161tini. To bi jednim \u010dlanom moglo da se uredi i da dana\u0161nja odluka dobije zakonsko upori\u0161te a ne samo dobru politi\u010dku volju\u00ab, predlo\u017eio je on.<\/p>\n<p>Poslanik Socijalisti\u010dke narodne partije Velizar Kalu\u0111erovi\u0107 kazao je da se ta pitanja moraju urediti u najkra\u0107em roku, navode\u0107i da bi najbolji na\u010din bio kroz izmjenu zakona o izboru odbornika i poslanika, ili da radna grupa obradi i taj dio zakona.<\/p>\n<p>(bosnjaci.me)<\/p>\n","protected":false},"excerpt":{"rendered":"<p>Petnjica &#8211; Zakonodavni odbor podr\u017eao je predlog vladaju\u0107e koalicije da lokalne izbore u Petnjici organizuje op\u0161tinska izborna komisija iz Berana, a odlu\u010deno je da \u0107e novac za njihovo finansiranje biti obezbije\u0111en iz dr\u017eavnog bud\u017eeta. Predstavnici vladaju\u0107e koalicije, Rifat Rastoder, Zorica Kova\u010devi\u0107 i Suljo Mustafi\u0107 podnijeli su amandmane na predlog Odluke o imenovanju OIK Petnjice, u [&hellip;]<\/p>\n","protected":false},"author":83,"featured_media":88144,"comment_status":"open","ping_status":"open","sticky":false,"template":"","format":"standard","meta":{"footnotes":""},"categories":[1,10174],"tags":[],"class_list":{"0":"post-88142","1":"post","2":"type-post","3":"status-publish","4":"format-standard","5":"has-post-thumbnail","7":"category-politika","8":"category-petnjica-vase-vijesti"},"yoast_head":"<!-- This site is optimized with the Yoast SEO Premium plugin v23.1 (Yoast SEO v24.9) - https:\/\/yoast.com\/wordpress\/plugins\/seo\/ -->\n<title>OIK Berane da organizuje izbore u Petnjici<\/title>\n<meta name=\"robots\" content=\"index, follow, max-snippet:-1, max-image-preview:large, max-video-preview:-1\" \/>\n<link rel=\"canonical\" href=\"https:\/\/sandzakpress.net\/arhiva\/oik-berane-da-organizuje-izbore-u-petnjici\/\" \/>\n<meta property=\"og:locale\" content=\"bs_BA\" \/>\n<meta property=\"og:type\" content=\"article\" \/>\n<meta property=\"og:title\" content=\"OIK Berane da organizuje izbore u Petnjici\" \/>\n<meta property=\"og:description\" content=\"Petnjica &#8211; Zakonodavni odbor podr\u017eao je predlog vladaju\u0107e koalicije da lokalne izbore u Petnjici organizuje op\u0161tinska izborna komisija iz Berana, a odlu\u010deno je da \u0107e novac za njihovo finansiranje biti obezbije\u0111en iz dr\u017eavnog bud\u017eeta. Predstavnici vladaju\u0107e koalicije, Rifat Rastoder, Zorica Kova\u010devi\u0107 i Suljo Mustafi\u0107 podnijeli su amandmane na predlog Odluke o imenovanju OIK Petnjice, u [&hellip;]\" \/>\n<meta property=\"og:url\" content=\"https:\/\/sandzakpress.net\/arhiva\/oik-berane-da-organizuje-izbore-u-petnjici\/\" \/>\n<meta property=\"og:site_name\" content=\"Sand\u017eak PRESS\" \/>\n<meta property=\"article:published_time\" content=\"2013-09-18T21:02:55+00:00\" \/>\n<meta property=\"og:image\" content=\"https:\/\/sandzakpress.net\/arhiva\/wp-content\/uploads\/2013\/09\/thumb.php_1-300x1301.jpg\" \/>\n\t<meta property=\"og:image:width\" content=\"300\" \/>\n\t<meta property=\"og:image:height\" content=\"130\" \/>\n\t<meta property=\"og:image:type\" content=\"image\/jpeg\" \/>\n<meta name=\"author\" content=\"bosniak\" \/>\n<meta name=\"twitter:card\" content=\"summary_large_image\" \/>\n<meta name=\"twitter:label1\" content=\"Written by\" \/>\n\t<meta name=\"twitter:data1\" content=\"bosniak\" \/>\n\t<meta name=\"twitter:label2\" content=\"Est. reading time\" \/>\n\t<meta name=\"twitter:data2\" content=\"4 minute\" \/>\n<script type=\"application\/ld+json\" class=\"yoast-schema-graph\">{\"@context\":\"https:\/\/schema.org\",\"@graph\":[{\"@type\":\"Article\",\"@id\":\"https:\/\/sandzakpress.net\/arhiva\/oik-berane-da-organizuje-izbore-u-petnjici\/#article\",\"isPartOf\":{\"@id\":\"https:\/\/sandzakpress.net\/arhiva\/oik-berane-da-organizuje-izbore-u-petnjici\/\"},\"author\":{\"name\":\"bosniak\",\"@id\":\"https:\/\/sandzakpress.net\/arhiva\/#\/schema\/person\/c8baee722073534b583ea7bdb2e36c02\"},\"headline\":\"OIK Berane da organizuje izbore u Petnjici\",\"datePublished\":\"2013-09-18T21:02:55+00:00\",\"mainEntityOfPage\":{\"@id\":\"https:\/\/sandzakpress.net\/arhiva\/oik-berane-da-organizuje-izbore-u-petnjici\/\"},\"wordCount\":731,\"commentCount\":0,\"publisher\":{\"@id\":\"https:\/\/sandzakpress.net\/arhiva\/#\/schema\/person\/6e72b67d6e51910a1117b3b483ba20bd\"},\"image\":{\"@id\":\"https:\/\/sandzakpress.net\/arhiva\/oik-berane-da-organizuje-izbore-u-petnjici\/#primaryimage\"},\"thumbnailUrl\":\"https:\/\/sandzakpress.net\/arhiva\/wp-content\/uploads\/2013\/09\/thumb.php_1-300x1301.jpg\",\"articleSection\":[\"Politika\",\"Petnjica\"],\"inLanguage\":\"bs-BA\",\"potentialAction\":[{\"@type\":\"CommentAction\",\"name\":\"Comment\",\"target\":[\"https:\/\/sandzakpress.net\/arhiva\/oik-berane-da-organizuje-izbore-u-petnjici\/#respond\"]}]},{\"@type\":\"WebPage\",\"@id\":\"https:\/\/sandzakpress.net\/arhiva\/oik-berane-da-organizuje-izbore-u-petnjici\/\",\"url\":\"https:\/\/sandzakpress.net\/arhiva\/oik-berane-da-organizuje-izbore-u-petnjici\/\",\"name\":\"OIK Berane da organizuje izbore u Petnjici\",\"isPartOf\":{\"@id\":\"https:\/\/sandzakpress.net\/arhiva\/#website\"},\"primaryImageOfPage\":{\"@id\":\"https:\/\/sandzakpress.net\/arhiva\/oik-berane-da-organizuje-izbore-u-petnjici\/#primaryimage\"},\"image\":{\"@id\":\"https:\/\/sandzakpress.net\/arhiva\/oik-berane-da-organizuje-izbore-u-petnjici\/#primaryimage\"},\"thumbnailUrl\":\"https:\/\/sandzakpress.net\/arhiva\/wp-content\/uploads\/2013\/09\/thumb.php_1-300x1301.jpg\",\"datePublished\":\"2013-09-18T21:02:55+00:00\",\"breadcrumb\":{\"@id\":\"https:\/\/sandzakpress.net\/arhiva\/oik-berane-da-organizuje-izbore-u-petnjici\/#breadcrumb\"},\"inLanguage\":\"bs-BA\",\"potentialAction\":[{\"@type\":\"ReadAction\",\"target\":[\"https:\/\/sandzakpress.net\/arhiva\/oik-berane-da-organizuje-izbore-u-petnjici\/\"]}]},{\"@type\":\"ImageObject\",\"inLanguage\":\"bs-BA\",\"@id\":\"https:\/\/sandzakpress.net\/arhiva\/oik-berane-da-organizuje-izbore-u-petnjici\/#primaryimage\",\"url\":\"https:\/\/sandzakpress.net\/arhiva\/wp-content\/uploads\/2013\/09\/thumb.php_1-300x1301.jpg\",\"contentUrl\":\"https:\/\/sandzakpress.net\/arhiva\/wp-content\/uploads\/2013\/09\/thumb.php_1-300x1301.jpg\",\"width\":300,\"height\":130},{\"@type\":\"BreadcrumbList\",\"@id\":\"https:\/\/sandzakpress.net\/arhiva\/oik-berane-da-organizuje-izbore-u-petnjici\/#breadcrumb\",\"itemListElement\":[{\"@type\":\"ListItem\",\"position\":1,\"name\":\"Home\",\"item\":\"https:\/\/sandzakpress.net\/arhiva\/\"},{\"@type\":\"ListItem\",\"position\":2,\"name\":\"OIK Berane da organizuje izbore u Petnjici\"}]},{\"@type\":\"WebSite\",\"@id\":\"https:\/\/sandzakpress.net\/arhiva\/#website\",\"url\":\"https:\/\/sandzakpress.net\/arhiva\/\",\"name\":\"Sand\u017eak PRESS\",\"description\":\"Prve elektronske novine u Sand\u017eaku\",\"publisher\":{\"@id\":\"https:\/\/sandzakpress.net\/arhiva\/#\/schema\/person\/6e72b67d6e51910a1117b3b483ba20bd\"},\"potentialAction\":[{\"@type\":\"SearchAction\",\"target\":{\"@type\":\"EntryPoint\",\"urlTemplate\":\"https:\/\/sandzakpress.net\/arhiva\/?s={search_term_string}\"},\"query-input\":{\"@type\":\"PropertyValueSpecification\",\"valueRequired\":true,\"valueName\":\"search_term_string\"}}],\"inLanguage\":\"bs-BA\"},{\"@type\":[\"Person\",\"Organization\"],\"@id\":\"https:\/\/sandzakpress.net\/arhiva\/#\/schema\/person\/6e72b67d6e51910a1117b3b483ba20bd\",\"name\":\"Kul\",\"image\":{\"@type\":\"ImageObject\",\"inLanguage\":\"bs-BA\",\"@id\":\"https:\/\/sandzakpress.net\/arhiva\/#\/schema\/person\/image\/\",\"url\":\"https:\/\/secure.gravatar.com\/avatar\/42263f39aa27ac04c43cab85c280eb2e?s=96&d=mm&r=pg\",\"contentUrl\":\"https:\/\/secure.gravatar.com\/avatar\/42263f39aa27ac04c43cab85c280eb2e?s=96&d=mm&r=pg\",\"caption\":\"Kul\"},\"logo\":{\"@id\":\"https:\/\/sandzakpress.net\/arhiva\/#\/schema\/person\/image\/\"}},{\"@type\":\"Person\",\"@id\":\"https:\/\/sandzakpress.net\/arhiva\/#\/schema\/person\/c8baee722073534b583ea7bdb2e36c02\",\"name\":\"bosniak\",\"image\":{\"@type\":\"ImageObject\",\"inLanguage\":\"bs-BA\",\"@id\":\"https:\/\/sandzakpress.net\/arhiva\/#\/schema\/person\/image\/\",\"url\":\"https:\/\/secure.gravatar.com\/avatar\/a04fd330bfe3a36a72a0ad4a6d89fca7?s=96&d=mm&r=pg\",\"contentUrl\":\"https:\/\/secure.gravatar.com\/avatar\/a04fd330bfe3a36a72a0ad4a6d89fca7?s=96&d=mm&r=pg\",\"caption\":\"bosniak\"},\"url\":\"https:\/\/sandzakpress.net\/arhiva\/author\/bosniak\/\"}]}<\/script>\n<!-- \/ Yoast SEO Premium plugin. -->","yoast_head_json":{"title":"OIK Berane da organizuje izbore u Petnjici","robots":{"index":"index","follow":"follow","max-snippet":"max-snippet:-1","max-image-preview":"max-image-preview:large","max-video-preview":"max-video-preview:-1"},"canonical":"https:\/\/sandzakpress.net\/arhiva\/oik-berane-da-organizuje-izbore-u-petnjici\/","og_locale":"bs_BA","og_type":"article","og_title":"OIK Berane da organizuje izbore u Petnjici","og_description":"Petnjica &#8211; Zakonodavni odbor podr\u017eao je predlog vladaju\u0107e koalicije da lokalne izbore u Petnjici organizuje op\u0161tinska izborna komisija iz Berana, a odlu\u010deno je da \u0107e novac za njihovo finansiranje biti obezbije\u0111en iz dr\u017eavnog bud\u017eeta. Predstavnici vladaju\u0107e koalicije, Rifat Rastoder, Zorica Kova\u010devi\u0107 i Suljo Mustafi\u0107 podnijeli su amandmane na predlog Odluke o imenovanju OIK Petnjice, u [&hellip;]","og_url":"https:\/\/sandzakpress.net\/arhiva\/oik-berane-da-organizuje-izbore-u-petnjici\/","og_site_name":"Sand\u017eak PRESS","article_published_time":"2013-09-18T21:02:55+00:00","og_image":[{"width":300,"height":130,"url":"https:\/\/sandzakpress.net\/arhiva\/wp-content\/uploads\/2013\/09\/thumb.php_1-300x1301.jpg","type":"image\/jpeg"}],"author":"bosniak","twitter_card":"summary_large_image","twitter_misc":{"Written by":"bosniak","Est. reading time":"4 minute"},"schema":{"@context":"https:\/\/schema.org","@graph":[{"@type":"Article","@id":"https:\/\/sandzakpress.net\/arhiva\/oik-berane-da-organizuje-izbore-u-petnjici\/#article","isPartOf":{"@id":"https:\/\/sandzakpress.net\/arhiva\/oik-berane-da-organizuje-izbore-u-petnjici\/"},"author":{"name":"bosniak","@id":"https:\/\/sandzakpress.net\/arhiva\/#\/schema\/person\/c8baee722073534b583ea7bdb2e36c02"},"headline":"OIK Berane da organizuje izbore u Petnjici","datePublished":"2013-09-18T21:02:55+00:00","mainEntityOfPage":{"@id":"https:\/\/sandzakpress.net\/arhiva\/oik-berane-da-organizuje-izbore-u-petnjici\/"},"wordCount":731,"commentCount":0,"publisher":{"@id":"https:\/\/sandzakpress.net\/arhiva\/#\/schema\/person\/6e72b67d6e51910a1117b3b483ba20bd"},"image":{"@id":"https:\/\/sandzakpress.net\/arhiva\/oik-berane-da-organizuje-izbore-u-petnjici\/#primaryimage"},"thumbnailUrl":"https:\/\/sandzakpress.net\/arhiva\/wp-content\/uploads\/2013\/09\/thumb.php_1-300x1301.jpg","articleSection":["Politika","Petnjica"],"inLanguage":"bs-BA","potentialAction":[{"@type":"CommentAction","name":"Comment","target":["https:\/\/sandzakpress.net\/arhiva\/oik-berane-da-organizuje-izbore-u-petnjici\/#respond"]}]},{"@type":"WebPage","@id":"https:\/\/sandzakpress.net\/arhiva\/oik-berane-da-organizuje-izbore-u-petnjici\/","url":"https:\/\/sandzakpress.net\/arhiva\/oik-berane-da-organizuje-izbore-u-petnjici\/","name":"OIK Berane da organizuje izbore u Petnjici","isPartOf":{"@id":"https:\/\/sandzakpress.net\/arhiva\/#website"},"primaryImageOfPage":{"@id":"https:\/\/sandzakpress.net\/arhiva\/oik-berane-da-organizuje-izbore-u-petnjici\/#primaryimage"},"image":{"@id":"https:\/\/sandzakpress.net\/arhiva\/oik-berane-da-organizuje-izbore-u-petnjici\/#primaryimage"},"thumbnailUrl":"https:\/\/sandzakpress.net\/arhiva\/wp-content\/uploads\/2013\/09\/thumb.php_1-300x1301.jpg","datePublished":"2013-09-18T21:02:55+00:00","breadcrumb":{"@id":"https:\/\/sandzakpress.net\/arhiva\/oik-berane-da-organizuje-izbore-u-petnjici\/#breadcrumb"},"inLanguage":"bs-BA","potentialAction":[{"@type":"ReadAction","target":["https:\/\/sandzakpress.net\/arhiva\/oik-berane-da-organizuje-izbore-u-petnjici\/"]}]},{"@type":"ImageObject","inLanguage":"bs-BA","@id":"https:\/\/sandzakpress.net\/arhiva\/oik-berane-da-organizuje-izbore-u-petnjici\/#primaryimage","url":"https:\/\/sandzakpress.net\/arhiva\/wp-content\/uploads\/2013\/09\/thumb.php_1-300x1301.jpg","contentUrl":"https:\/\/sandzakpress.net\/arhiva\/wp-content\/uploads\/2013\/09\/thumb.php_1-300x1301.jpg","width":300,"height":130},{"@type":"BreadcrumbList","@id":"https:\/\/sandzakpress.net\/arhiva\/oik-berane-da-organizuje-izbore-u-petnjici\/#breadcrumb","itemListElement":[{"@type":"ListItem","position":1,"name":"Home","item":"https:\/\/sandzakpress.net\/arhiva\/"},{"@type":"ListItem","position":2,"name":"OIK Berane da organizuje izbore u Petnjici"}]},{"@type":"WebSite","@id":"https:\/\/sandzakpress.net\/arhiva\/#website","url":"https:\/\/sandzakpress.net\/arhiva\/","name":"Sand\u017eak PRESS","description":"Prve elektronske novine u Sand\u017eaku","publisher":{"@id":"https:\/\/sandzakpress.net\/arhiva\/#\/schema\/person\/6e72b67d6e51910a1117b3b483ba20bd"},"potentialAction":[{"@type":"SearchAction","target":{"@type":"EntryPoint","urlTemplate":"https:\/\/sandzakpress.net\/arhiva\/?s={search_term_string}"},"query-input":{"@type":"PropertyValueSpecification","valueRequired":true,"valueName":"search_term_string"}}],"inLanguage":"bs-BA"},{"@type":["Person","Organization"],"@id":"https:\/\/sandzakpress.net\/arhiva\/#\/schema\/person\/6e72b67d6e51910a1117b3b483ba20bd","name":"Kul","image":{"@type":"ImageObject","inLanguage":"bs-BA","@id":"https:\/\/sandzakpress.net\/arhiva\/#\/schema\/person\/image\/","url":"https:\/\/secure.gravatar.com\/avatar\/42263f39aa27ac04c43cab85c280eb2e?s=96&d=mm&r=pg","contentUrl":"https:\/\/secure.gravatar.com\/avatar\/42263f39aa27ac04c43cab85c280eb2e?s=96&d=mm&r=pg","caption":"Kul"},"logo":{"@id":"https:\/\/sandzakpress.net\/arhiva\/#\/schema\/person\/image\/"}},{"@type":"Person","@id":"https:\/\/sandzakpress.net\/arhiva\/#\/schema\/person\/c8baee722073534b583ea7bdb2e36c02","name":"bosniak","image":{"@type":"ImageObject","inLanguage":"bs-BA","@id":"https:\/\/sandzakpress.net\/arhiva\/#\/schema\/person\/image\/","url":"https:\/\/secure.gravatar.com\/avatar\/a04fd330bfe3a36a72a0ad4a6d89fca7?s=96&d=mm&r=pg","contentUrl":"https:\/\/secure.gravatar.com\/avatar\/a04fd330bfe3a36a72a0ad4a6d89fca7?s=96&d=mm&r=pg","caption":"bosniak"},"url":"https:\/\/sandzakpress.net\/arhiva\/author\/bosniak\/"}]}},"_links":{"self":[{"href":"https:\/\/sandzakpress.net\/arhiva\/wp-json\/wp\/v2\/posts\/88142"}],"collection":[{"href":"https:\/\/sandzakpress.net\/arhiva\/wp-json\/wp\/v2\/posts"}],"about":[{"href":"https:\/\/sandzakpress.net\/arhiva\/wp-json\/wp\/v2\/types\/post"}],"author":[{"embeddable":true,"href":"https:\/\/sandzakpress.net\/arhiva\/wp-json\/wp\/v2\/users\/83"}],"replies":[{"embeddable":true,"href":"https:\/\/sandzakpress.net\/arhiva\/wp-json\/wp\/v2\/comments?post=88142"}],"version-history":[{"count":0,"href":"https:\/\/sandzakpress.net\/arhiva\/wp-json\/wp\/v2\/posts\/88142\/revisions"}],"wp:featuredmedia":[{"embeddable":true,"href":"https:\/\/sandzakpress.net\/arhiva\/wp-json\/wp\/v2\/media\/88144"}],"wp:attachment":[{"href":"https:\/\/sandzakpress.net\/arhiva\/wp-json\/wp\/v2\/media?parent=88142"}],"wp:term":[{"taxonomy":"category","embeddable":true,"href":"https:\/\/sandzakpress.net\/arhiva\/wp-json\/wp\/v2\/categories?post=88142"},{"taxonomy":"post_tag","embeddable":true,"href":"https:\/\/sandzakpress.net\/arhiva\/wp-json\/wp\/v2\/tags?post=88142"}],"curies":[{"name":"wp","href":"https:\/\/api.w.org\/{rel}","templated":true}]}}