{"id":88050,"date":"2013-09-18T20:02:33","date_gmt":"2013-09-18T18:02:33","guid":{"rendered":"https:\/\/sandzakpress.net\/arhiva\/?p=88050"},"modified":"2013-09-18T20:02:33","modified_gmt":"2013-09-18T18:02:33","slug":"muslimani-porijeklom-iz-bih-tuze-vijecnike-u-sad","status":"publish","type":"post","link":"https:\/\/sandzakpress.net\/arhiva\/muslimani-porijeklom-iz-bih-tuze-vijecnike-u-sad\/","title":{"rendered":"Muslimani porijeklom iz BiH tu\u017ee vije\u0107nike u SAD"},"content":{"rendered":"<p><strong><a href=\"https:\/\/sandzakpress.net\/arhiva\/wp-content\/uploads\/2013\/09\/zp070906_2_1.jpg\"><img loading=\"lazy\" decoding=\"async\" class=\"alignleft size-full wp-image-88051\" alt=\"zp070906_2_1\" src=\"https:\/\/sandzakpress.net\/arhiva\/wp-content\/uploads\/2013\/09\/zp070906_2_1.jpg\" width=\"250\" height=\"148\" \/><\/a>Amerika-\u00a0 Muslimani porijeklom iz Bosne i Hercegovine, koji \u017eive u Sjedinjenim Ameri\u010dkim Dr\u017eavama tu\u017eili su lokalnom sudu \u010detvoricu vije\u0107nika mjesta De Plejns u saveznoj dr\u017eavi Ilinoj, javlja \u201eChicago Tribune\u201c.<\/strong><\/p>\n<p>Prema navodima ovog lista, Islamska zajednica u SAD tereti \u010detvoricu vije\u0107nika da su joj onemogu\u0107ili izgradnju d\u017eamije u industrijskom dijelu De Plejnsa.<\/p>\n<p>Imam Senad Agi\u0107, koji u \u010cikagu predvodi bo\u0161nja\u010dku zajednicu, u izjavi za medije izrazio je \u017ealjenje \u0161to je prinu\u0111en na ovakav potez.<\/p>\n<p>S druge strane, vije\u0107nici isti\u010du da principijelno ne smatraju da je bilo kom vjerskom objektu mjesto u tom dijelu grada jer se time \u201eugro\u017eavaju prolaznici i prave smetnje firmama koje su u okolini tog objekta\u201c.<\/p>\n<p>&#8211; Nadamo se da \u0107e gradsko vije\u0107e imati razumijevanja za na\u0161e potrebe. Muslimani BiH su u Ilinoisu od davnina i predstavljaju najstariju bo\u0161nja\u010dku zajednicu koja je u SAD stigla prije vi\u0161e od vijeka \u2013 rekao je Agi\u0107.<\/p>\n<p>Jedan od vije\u0107nika protiv kojeg je podnesena tu\u017eba, Mark Valsten (Walsten) odgovorio je da ga \u201enije briga je li u pitanju katoli\u010dka, jevrejska ili muslimanska zajednica\u201c.<\/p>\n<p>&#8211; U tom \u0107e objektu dolaziti i djeca, a to je industrijska zona. Ne\u0107u da razmi\u0161ljam ho\u0107e li ne\u0161to krenuti po zlu. Ne\u0107u da imam to na savjesti \u2013 kazao je on za \u201eChicago Tribune\u201c.<\/p>\n<p>IZ je ve\u0107 ranije s jednom lokalnom kompanijom koja je imala svoje urede u tom dijelu De Plejna dogovorila kupovinu objekra. Slu\u017ebenici op\u0107ine prihvatili su dogovor i prilagodili urbanisti\u010dki plan. S tim su prijedlogom iza\u0161li pred Vije\u0107e, ali ga je ono odbilo.<\/p>\n<p>Advokati IZ u SAD smatraju da tu\u017eba ima osnova jer su povrije\u0111ena vjerska prava jedne zajednice.<\/p>\n<p>(dnevniavaz)<\/p>\n","protected":false},"excerpt":{"rendered":"<p>Amerika-\u00a0 Muslimani porijeklom iz Bosne i Hercegovine, koji \u017eive u Sjedinjenim Ameri\u010dkim Dr\u017eavama tu\u017eili su lokalnom sudu \u010detvoricu vije\u0107nika mjesta De Plejns u saveznoj dr\u017eavi Ilinoj, javlja \u201eChicago Tribune\u201c. Prema navodima ovog lista, Islamska zajednica u SAD tereti \u010detvoricu vije\u0107nika da su joj onemogu\u0107ili izgradnju d\u017eamije u industrijskom dijelu De Plejnsa. Imam Senad Agi\u0107, koji [&hellip;]<\/p>\n","protected":false},"author":83,"featured_media":88051,"comment_status":"open","ping_status":"open","sticky":false,"template":"","format":"standard","meta":{"footnotes":""},"categories":[3012,5],"tags":[],"class_list":{"0":"post-88050","1":"post","2":"type-post","3":"status-publish","4":"format-standard","5":"has-post-thumbnail","7":"category-amerika-gradovi","8":"category-drustvo"},"yoast_head":"<!-- This site is optimized with the Yoast SEO Premium plugin v23.1 (Yoast SEO v24.9) - https:\/\/yoast.com\/wordpress\/plugins\/seo\/ -->\n<title>Muslimani porijeklom iz BiH tu\u017ee vije\u0107nike u SAD<\/title>\n<meta name=\"robots\" content=\"index, follow, max-snippet:-1, max-image-preview:large, max-video-preview:-1\" \/>\n<link rel=\"canonical\" href=\"https:\/\/sandzakpress.net\/arhiva\/muslimani-porijeklom-iz-bih-tuze-vijecnike-u-sad\/\" \/>\n<meta property=\"og:locale\" content=\"bs_BA\" \/>\n<meta property=\"og:type\" content=\"article\" \/>\n<meta property=\"og:title\" content=\"Muslimani porijeklom iz BiH tu\u017ee vije\u0107nike u SAD\" \/>\n<meta property=\"og:description\" content=\"Amerika-\u00a0 Muslimani porijeklom iz Bosne i Hercegovine, koji \u017eive u Sjedinjenim Ameri\u010dkim Dr\u017eavama tu\u017eili su lokalnom sudu \u010detvoricu vije\u0107nika mjesta De Plejns u saveznoj dr\u017eavi Ilinoj, javlja \u201eChicago Tribune\u201c. Prema navodima ovog lista, Islamska zajednica u SAD tereti \u010detvoricu vije\u0107nika da su joj onemogu\u0107ili izgradnju d\u017eamije u industrijskom dijelu De Plejnsa. Imam Senad Agi\u0107, koji [&hellip;]\" \/>\n<meta property=\"og:url\" content=\"https:\/\/sandzakpress.net\/arhiva\/muslimani-porijeklom-iz-bih-tuze-vijecnike-u-sad\/\" \/>\n<meta property=\"og:site_name\" content=\"Sand\u017eak PRESS\" \/>\n<meta property=\"article:published_time\" content=\"2013-09-18T18:02:33+00:00\" \/>\n<meta property=\"og:image\" content=\"https:\/\/sandzakpress.net\/arhiva\/wp-content\/uploads\/2013\/09\/zp070906_2_1.jpg\" \/>\n\t<meta property=\"og:image:width\" content=\"250\" \/>\n\t<meta property=\"og:image:height\" content=\"148\" \/>\n\t<meta property=\"og:image:type\" content=\"image\/jpeg\" \/>\n<meta name=\"author\" content=\"bosniak\" \/>\n<meta name=\"twitter:card\" content=\"summary_large_image\" \/>\n<meta name=\"twitter:label1\" content=\"Written by\" \/>\n\t<meta name=\"twitter:data1\" content=\"bosniak\" \/>\n\t<meta name=\"twitter:label2\" content=\"Est. reading time\" \/>\n\t<meta name=\"twitter:data2\" content=\"1 minuta\" \/>\n<script type=\"application\/ld+json\" class=\"yoast-schema-graph\">{\"@context\":\"https:\/\/schema.org\",\"@graph\":[{\"@type\":\"Article\",\"@id\":\"https:\/\/sandzakpress.net\/arhiva\/muslimani-porijeklom-iz-bih-tuze-vijecnike-u-sad\/#article\",\"isPartOf\":{\"@id\":\"https:\/\/sandzakpress.net\/arhiva\/muslimani-porijeklom-iz-bih-tuze-vijecnike-u-sad\/\"},\"author\":{\"name\":\"bosniak\",\"@id\":\"https:\/\/sandzakpress.net\/arhiva\/#\/schema\/person\/c8baee722073534b583ea7bdb2e36c02\"},\"headline\":\"Muslimani porijeklom iz BiH tu\u017ee vije\u0107nike u SAD\",\"datePublished\":\"2013-09-18T18:02:33+00:00\",\"mainEntityOfPage\":{\"@id\":\"https:\/\/sandzakpress.net\/arhiva\/muslimani-porijeklom-iz-bih-tuze-vijecnike-u-sad\/\"},\"wordCount\":307,\"commentCount\":2,\"publisher\":{\"@id\":\"https:\/\/sandzakpress.net\/arhiva\/#\/schema\/person\/6e72b67d6e51910a1117b3b483ba20bd\"},\"image\":{\"@id\":\"https:\/\/sandzakpress.net\/arhiva\/muslimani-porijeklom-iz-bih-tuze-vijecnike-u-sad\/#primaryimage\"},\"thumbnailUrl\":\"https:\/\/sandzakpress.net\/arhiva\/wp-content\/uploads\/2013\/09\/zp070906_2_1.jpg\",\"articleSection\":[\"Amerika\",\"Dru\u0161tvo\"],\"inLanguage\":\"bs-BA\",\"potentialAction\":[{\"@type\":\"CommentAction\",\"name\":\"Comment\",\"target\":[\"https:\/\/sandzakpress.net\/arhiva\/muslimani-porijeklom-iz-bih-tuze-vijecnike-u-sad\/#respond\"]}]},{\"@type\":\"WebPage\",\"@id\":\"https:\/\/sandzakpress.net\/arhiva\/muslimani-porijeklom-iz-bih-tuze-vijecnike-u-sad\/\",\"url\":\"https:\/\/sandzakpress.net\/arhiva\/muslimani-porijeklom-iz-bih-tuze-vijecnike-u-sad\/\",\"name\":\"Muslimani porijeklom iz BiH tu\u017ee vije\u0107nike u SAD\",\"isPartOf\":{\"@id\":\"https:\/\/sandzakpress.net\/arhiva\/#website\"},\"primaryImageOfPage\":{\"@id\":\"https:\/\/sandzakpress.net\/arhiva\/muslimani-porijeklom-iz-bih-tuze-vijecnike-u-sad\/#primaryimage\"},\"image\":{\"@id\":\"https:\/\/sandzakpress.net\/arhiva\/muslimani-porijeklom-iz-bih-tuze-vijecnike-u-sad\/#primaryimage\"},\"thumbnailUrl\":\"https:\/\/sandzakpress.net\/arhiva\/wp-content\/uploads\/2013\/09\/zp070906_2_1.jpg\",\"datePublished\":\"2013-09-18T18:02:33+00:00\",\"breadcrumb\":{\"@id\":\"https:\/\/sandzakpress.net\/arhiva\/muslimani-porijeklom-iz-bih-tuze-vijecnike-u-sad\/#breadcrumb\"},\"inLanguage\":\"bs-BA\",\"potentialAction\":[{\"@type\":\"ReadAction\",\"target\":[\"https:\/\/sandzakpress.net\/arhiva\/muslimani-porijeklom-iz-bih-tuze-vijecnike-u-sad\/\"]}]},{\"@type\":\"ImageObject\",\"inLanguage\":\"bs-BA\",\"@id\":\"https:\/\/sandzakpress.net\/arhiva\/muslimani-porijeklom-iz-bih-tuze-vijecnike-u-sad\/#primaryimage\",\"url\":\"https:\/\/sandzakpress.net\/arhiva\/wp-content\/uploads\/2013\/09\/zp070906_2_1.jpg\",\"contentUrl\":\"https:\/\/sandzakpress.net\/arhiva\/wp-content\/uploads\/2013\/09\/zp070906_2_1.jpg\",\"width\":250,\"height\":148},{\"@type\":\"BreadcrumbList\",\"@id\":\"https:\/\/sandzakpress.net\/arhiva\/muslimani-porijeklom-iz-bih-tuze-vijecnike-u-sad\/#breadcrumb\",\"itemListElement\":[{\"@type\":\"ListItem\",\"position\":1,\"name\":\"Home\",\"item\":\"https:\/\/sandzakpress.net\/arhiva\/\"},{\"@type\":\"ListItem\",\"position\":2,\"name\":\"Muslimani porijeklom iz BiH tu\u017ee vije\u0107nike u SAD\"}]},{\"@type\":\"WebSite\",\"@id\":\"https:\/\/sandzakpress.net\/arhiva\/#website\",\"url\":\"https:\/\/sandzakpress.net\/arhiva\/\",\"name\":\"Sand\u017eak PRESS\",\"description\":\"Prve elektronske novine u Sand\u017eaku\",\"publisher\":{\"@id\":\"https:\/\/sandzakpress.net\/arhiva\/#\/schema\/person\/6e72b67d6e51910a1117b3b483ba20bd\"},\"potentialAction\":[{\"@type\":\"SearchAction\",\"target\":{\"@type\":\"EntryPoint\",\"urlTemplate\":\"https:\/\/sandzakpress.net\/arhiva\/?s={search_term_string}\"},\"query-input\":{\"@type\":\"PropertyValueSpecification\",\"valueRequired\":true,\"valueName\":\"search_term_string\"}}],\"inLanguage\":\"bs-BA\"},{\"@type\":[\"Person\",\"Organization\"],\"@id\":\"https:\/\/sandzakpress.net\/arhiva\/#\/schema\/person\/6e72b67d6e51910a1117b3b483ba20bd\",\"name\":\"Kul\",\"image\":{\"@type\":\"ImageObject\",\"inLanguage\":\"bs-BA\",\"@id\":\"https:\/\/sandzakpress.net\/arhiva\/#\/schema\/person\/image\/\",\"url\":\"https:\/\/secure.gravatar.com\/avatar\/42263f39aa27ac04c43cab85c280eb2e?s=96&d=mm&r=pg\",\"contentUrl\":\"https:\/\/secure.gravatar.com\/avatar\/42263f39aa27ac04c43cab85c280eb2e?s=96&d=mm&r=pg\",\"caption\":\"Kul\"},\"logo\":{\"@id\":\"https:\/\/sandzakpress.net\/arhiva\/#\/schema\/person\/image\/\"}},{\"@type\":\"Person\",\"@id\":\"https:\/\/sandzakpress.net\/arhiva\/#\/schema\/person\/c8baee722073534b583ea7bdb2e36c02\",\"name\":\"bosniak\",\"image\":{\"@type\":\"ImageObject\",\"inLanguage\":\"bs-BA\",\"@id\":\"https:\/\/sandzakpress.net\/arhiva\/#\/schema\/person\/image\/\",\"url\":\"https:\/\/secure.gravatar.com\/avatar\/a04fd330bfe3a36a72a0ad4a6d89fca7?s=96&d=mm&r=pg\",\"contentUrl\":\"https:\/\/secure.gravatar.com\/avatar\/a04fd330bfe3a36a72a0ad4a6d89fca7?s=96&d=mm&r=pg\",\"caption\":\"bosniak\"},\"url\":\"https:\/\/sandzakpress.net\/arhiva\/author\/bosniak\/\"}]}<\/script>\n<!-- \/ Yoast SEO Premium plugin. -->","yoast_head_json":{"title":"Muslimani porijeklom iz BiH tu\u017ee vije\u0107nike u SAD","robots":{"index":"index","follow":"follow","max-snippet":"max-snippet:-1","max-image-preview":"max-image-preview:large","max-video-preview":"max-video-preview:-1"},"canonical":"https:\/\/sandzakpress.net\/arhiva\/muslimani-porijeklom-iz-bih-tuze-vijecnike-u-sad\/","og_locale":"bs_BA","og_type":"article","og_title":"Muslimani porijeklom iz BiH tu\u017ee vije\u0107nike u SAD","og_description":"Amerika-\u00a0 Muslimani porijeklom iz Bosne i Hercegovine, koji \u017eive u Sjedinjenim Ameri\u010dkim Dr\u017eavama tu\u017eili su lokalnom sudu \u010detvoricu vije\u0107nika mjesta De Plejns u saveznoj dr\u017eavi Ilinoj, javlja \u201eChicago Tribune\u201c. Prema navodima ovog lista, Islamska zajednica u SAD tereti \u010detvoricu vije\u0107nika da su joj onemogu\u0107ili izgradnju d\u017eamije u industrijskom dijelu De Plejnsa. Imam Senad Agi\u0107, koji [&hellip;]","og_url":"https:\/\/sandzakpress.net\/arhiva\/muslimani-porijeklom-iz-bih-tuze-vijecnike-u-sad\/","og_site_name":"Sand\u017eak PRESS","article_published_time":"2013-09-18T18:02:33+00:00","og_image":[{"width":250,"height":148,"url":"https:\/\/sandzakpress.net\/arhiva\/wp-content\/uploads\/2013\/09\/zp070906_2_1.jpg","type":"image\/jpeg"}],"author":"bosniak","twitter_card":"summary_large_image","twitter_misc":{"Written by":"bosniak","Est. reading time":"1 minuta"},"schema":{"@context":"https:\/\/schema.org","@graph":[{"@type":"Article","@id":"https:\/\/sandzakpress.net\/arhiva\/muslimani-porijeklom-iz-bih-tuze-vijecnike-u-sad\/#article","isPartOf":{"@id":"https:\/\/sandzakpress.net\/arhiva\/muslimani-porijeklom-iz-bih-tuze-vijecnike-u-sad\/"},"author":{"name":"bosniak","@id":"https:\/\/sandzakpress.net\/arhiva\/#\/schema\/person\/c8baee722073534b583ea7bdb2e36c02"},"headline":"Muslimani porijeklom iz BiH tu\u017ee vije\u0107nike u SAD","datePublished":"2013-09-18T18:02:33+00:00","mainEntityOfPage":{"@id":"https:\/\/sandzakpress.net\/arhiva\/muslimani-porijeklom-iz-bih-tuze-vijecnike-u-sad\/"},"wordCount":307,"commentCount":2,"publisher":{"@id":"https:\/\/sandzakpress.net\/arhiva\/#\/schema\/person\/6e72b67d6e51910a1117b3b483ba20bd"},"image":{"@id":"https:\/\/sandzakpress.net\/arhiva\/muslimani-porijeklom-iz-bih-tuze-vijecnike-u-sad\/#primaryimage"},"thumbnailUrl":"https:\/\/sandzakpress.net\/arhiva\/wp-content\/uploads\/2013\/09\/zp070906_2_1.jpg","articleSection":["Amerika","Dru\u0161tvo"],"inLanguage":"bs-BA","potentialAction":[{"@type":"CommentAction","name":"Comment","target":["https:\/\/sandzakpress.net\/arhiva\/muslimani-porijeklom-iz-bih-tuze-vijecnike-u-sad\/#respond"]}]},{"@type":"WebPage","@id":"https:\/\/sandzakpress.net\/arhiva\/muslimani-porijeklom-iz-bih-tuze-vijecnike-u-sad\/","url":"https:\/\/sandzakpress.net\/arhiva\/muslimani-porijeklom-iz-bih-tuze-vijecnike-u-sad\/","name":"Muslimani porijeklom iz BiH tu\u017ee vije\u0107nike u SAD","isPartOf":{"@id":"https:\/\/sandzakpress.net\/arhiva\/#website"},"primaryImageOfPage":{"@id":"https:\/\/sandzakpress.net\/arhiva\/muslimani-porijeklom-iz-bih-tuze-vijecnike-u-sad\/#primaryimage"},"image":{"@id":"https:\/\/sandzakpress.net\/arhiva\/muslimani-porijeklom-iz-bih-tuze-vijecnike-u-sad\/#primaryimage"},"thumbnailUrl":"https:\/\/sandzakpress.net\/arhiva\/wp-content\/uploads\/2013\/09\/zp070906_2_1.jpg","datePublished":"2013-09-18T18:02:33+00:00","breadcrumb":{"@id":"https:\/\/sandzakpress.net\/arhiva\/muslimani-porijeklom-iz-bih-tuze-vijecnike-u-sad\/#breadcrumb"},"inLanguage":"bs-BA","potentialAction":[{"@type":"ReadAction","target":["https:\/\/sandzakpress.net\/arhiva\/muslimani-porijeklom-iz-bih-tuze-vijecnike-u-sad\/"]}]},{"@type":"ImageObject","inLanguage":"bs-BA","@id":"https:\/\/sandzakpress.net\/arhiva\/muslimani-porijeklom-iz-bih-tuze-vijecnike-u-sad\/#primaryimage","url":"https:\/\/sandzakpress.net\/arhiva\/wp-content\/uploads\/2013\/09\/zp070906_2_1.jpg","contentUrl":"https:\/\/sandzakpress.net\/arhiva\/wp-content\/uploads\/2013\/09\/zp070906_2_1.jpg","width":250,"height":148},{"@type":"BreadcrumbList","@id":"https:\/\/sandzakpress.net\/arhiva\/muslimani-porijeklom-iz-bih-tuze-vijecnike-u-sad\/#breadcrumb","itemListElement":[{"@type":"ListItem","position":1,"name":"Home","item":"https:\/\/sandzakpress.net\/arhiva\/"},{"@type":"ListItem","position":2,"name":"Muslimani porijeklom iz BiH tu\u017ee vije\u0107nike u SAD"}]},{"@type":"WebSite","@id":"https:\/\/sandzakpress.net\/arhiva\/#website","url":"https:\/\/sandzakpress.net\/arhiva\/","name":"Sand\u017eak PRESS","description":"Prve elektronske novine u Sand\u017eaku","publisher":{"@id":"https:\/\/sandzakpress.net\/arhiva\/#\/schema\/person\/6e72b67d6e51910a1117b3b483ba20bd"},"potentialAction":[{"@type":"SearchAction","target":{"@type":"EntryPoint","urlTemplate":"https:\/\/sandzakpress.net\/arhiva\/?s={search_term_string}"},"query-input":{"@type":"PropertyValueSpecification","valueRequired":true,"valueName":"search_term_string"}}],"inLanguage":"bs-BA"},{"@type":["Person","Organization"],"@id":"https:\/\/sandzakpress.net\/arhiva\/#\/schema\/person\/6e72b67d6e51910a1117b3b483ba20bd","name":"Kul","image":{"@type":"ImageObject","inLanguage":"bs-BA","@id":"https:\/\/sandzakpress.net\/arhiva\/#\/schema\/person\/image\/","url":"https:\/\/secure.gravatar.com\/avatar\/42263f39aa27ac04c43cab85c280eb2e?s=96&d=mm&r=pg","contentUrl":"https:\/\/secure.gravatar.com\/avatar\/42263f39aa27ac04c43cab85c280eb2e?s=96&d=mm&r=pg","caption":"Kul"},"logo":{"@id":"https:\/\/sandzakpress.net\/arhiva\/#\/schema\/person\/image\/"}},{"@type":"Person","@id":"https:\/\/sandzakpress.net\/arhiva\/#\/schema\/person\/c8baee722073534b583ea7bdb2e36c02","name":"bosniak","image":{"@type":"ImageObject","inLanguage":"bs-BA","@id":"https:\/\/sandzakpress.net\/arhiva\/#\/schema\/person\/image\/","url":"https:\/\/secure.gravatar.com\/avatar\/a04fd330bfe3a36a72a0ad4a6d89fca7?s=96&d=mm&r=pg","contentUrl":"https:\/\/secure.gravatar.com\/avatar\/a04fd330bfe3a36a72a0ad4a6d89fca7?s=96&d=mm&r=pg","caption":"bosniak"},"url":"https:\/\/sandzakpress.net\/arhiva\/author\/bosniak\/"}]}},"_links":{"self":[{"href":"https:\/\/sandzakpress.net\/arhiva\/wp-json\/wp\/v2\/posts\/88050"}],"collection":[{"href":"https:\/\/sandzakpress.net\/arhiva\/wp-json\/wp\/v2\/posts"}],"about":[{"href":"https:\/\/sandzakpress.net\/arhiva\/wp-json\/wp\/v2\/types\/post"}],"author":[{"embeddable":true,"href":"https:\/\/sandzakpress.net\/arhiva\/wp-json\/wp\/v2\/users\/83"}],"replies":[{"embeddable":true,"href":"https:\/\/sandzakpress.net\/arhiva\/wp-json\/wp\/v2\/comments?post=88050"}],"version-history":[{"count":0,"href":"https:\/\/sandzakpress.net\/arhiva\/wp-json\/wp\/v2\/posts\/88050\/revisions"}],"wp:featuredmedia":[{"embeddable":true,"href":"https:\/\/sandzakpress.net\/arhiva\/wp-json\/wp\/v2\/media\/88051"}],"wp:attachment":[{"href":"https:\/\/sandzakpress.net\/arhiva\/wp-json\/wp\/v2\/media?parent=88050"}],"wp:term":[{"taxonomy":"category","embeddable":true,"href":"https:\/\/sandzakpress.net\/arhiva\/wp-json\/wp\/v2\/categories?post=88050"},{"taxonomy":"post_tag","embeddable":true,"href":"https:\/\/sandzakpress.net\/arhiva\/wp-json\/wp\/v2\/tags?post=88050"}],"curies":[{"name":"wp","href":"https:\/\/api.w.org\/{rel}","templated":true}]}}