{"id":88010,"date":"2013-09-18T18:21:05","date_gmt":"2013-09-18T16:21:05","guid":{"rendered":"https:\/\/sandzakpress.net\/arhiva\/?p=88010"},"modified":"2013-09-18T18:21:05","modified_gmt":"2013-09-18T16:21:05","slug":"dan-bosnjackog-svitanja","status":"publish","type":"post","link":"https:\/\/sandzakpress.net\/arhiva\/dan-bosnjackog-svitanja\/","title":{"rendered":"Dan bo\u0161nja\u010dkog svitanja"},"content":{"rendered":"<p><img loading=\"lazy\" decoding=\"async\" class=\"alignleft\" alt=\"\" src=\"http:\/\/www.avaz.ba\/assets\/image_cache\/690\/400\/0\/assets\/uploads\/husein-gradascevic77.jpg\" width=\"414\" height=\"240\" \/>Na dana\u0161nji dan 1831. godine Husein Grada\u0161\u010devi\u0107, grada\u010da\u010dki kapetan, proglasio je autonomiju Bosne u Carevoj d\u017eamiji u Sarajevu.<\/p>\n<p><strong>Predanja naroda<\/p>\n<p><\/strong><\/p>\n<p>Pokret za autonomiju doga\u0111aj je koji je najsna\u017enije obilje\u017eio epohu Bosne pod osmanskom vla\u0161\u0107u. Husein Grada\u0161\u010devi\u0107 bio je \u017eiva legenda u vremenu u kojem je \u017eivio, a nakon smrti postao je &#8220;legenda bosanskog ponosa &#8211; Zmaj od Bosne&#8221;.<\/p>\n<p>Dokaz ovome su predanja koja su ostala u narodu, a koja ka\u017eu da &#8220;godinama nakon njegove smrti niko u na\u0161em narodu ne bi mogao \u010duti njegovo ime, a da ne pusti suzu&#8221;.<\/p>\n<p>Histori\u010dari i stru\u010dnjaci \u010desto potcrtavaju da je pozitivni osje\u0107aj za Grada\u0161\u010devi\u0107a bio prisutan ne samo u muslimanskoj populaciji, jer je pokret bio op\u0107enarodni, tj. pripadao je svakom \u010dovjeku u Bosni bez obzira na vjersku pripadnost.<\/p>\n<p>Omer Ibrahimagi\u0107, profesor ustavnog prava, u izjavi za &#8220;Avaz&#8221; nagla\u0161ava da je ovo bio doga\u0111aj iste vrijednosti kao \u0161to je bio i epohalan kada su Osmanlije stotinama godina ranije stavile BiH pod svoj suverenitet.<\/p>\n<p>&#8211; Narod se budio iz tog 400-godi\u0161njeg sna. Bo\u0161njaci su se prepoznali, iako zajedno s Turcima imaju istu vjeru, islam, da oni nisu Turci, da su oni druga\u010diji narod. Tada je i\u00a0 prepoznato da Osmansko carstvo nije njihova domovina, ve\u0107 da je to Bosna &#8211; ka\u017ee Ibrahimagi\u0107.<\/p>\n<p>Profesor Ibrahimagi\u0107 pojasnio je da je Bo\u0161njake na taj pokret pokrenula \u010dinjenica da je sultan ugovorom s Rusima, koji su pobijedili Turke u Bukure\u0161tu, bio prinu\u0111en da s desne strane Drine \u0161est nahija koje su bile u sastavu Zvorni\u010dkog sand\u017eaka preda Srbiji.<\/p>\n<p>&nbsp;<\/p>\n<p><img loading=\"lazy\" decoding=\"async\" alt=\"\" src=\"http:\/\/www.avaz.ba\/assets\/image_cache\/690\/470\/0\/assets\/uploads\/ibrahimagic-kamberovic.jpg\" width=\"414\" height=\"240\" \/><\/p>\n<p><em>Omer Ibrahimagi\u0107, Husnija Kamberovi\u0107 i Sanjin Kodri\u0107<\/em><\/p>\n<p>&nbsp;<\/p>\n<p>&#8211; I to je bila kapsula koja je, na neki na\u010din, probudila svijest kod ljudi da neko mo\u017ee sa strane oduzimati dijelove BiH i dodjeljivati ih nekoj drugoj provinciji, odnosno Kne\u017eevini Srbiji. Prema tome, to je historijski vrlo va\u017ean doga\u0111aj. To je, prema mom mi\u0161ljenju, simboli\u010dno &#8220;dan bosanskog svitanja&#8221; &#8211; dodao je Ibrahimagi\u0107.<\/p>\n<p>Sanjin Kodri\u0107, profesor na Filozofskom fakultetu, ka\u017ee za &#8220;Avaz&#8221; da je ustanak za bosansku autonomiju koji je Grada\u0161\u010devi\u0107 predvodio, jedan od klju\u010dnih doga\u0111aja u ukupnoj bh. historiji.<\/p>\n<p>&#8211; Ono \u0161to je \u010dinjenica koju valja posebno ista\u0107i, uprkos ovim, naj\u010de\u0161\u0107e artificijelnim historijskim kontroverzama, jeste to da ovaj ustanak predstavlja prvi veliki poku\u0161aj ostvarenja bosanske samobitnosti &#8211; san o bosanskoj samostalnosti, koji jeste negativno okon\u010dan, ali je, isto tako, ostavio dubok trag u na\u0161oj povijesti, posebno u onim njenim segmentima koji su izmicali kontroli ovoj ideji nesklonih centara mo\u0107i &#8211; ka\u017ee Kodri\u0107.<\/p>\n<p>Husnija Kamberovi\u0107, histori\u010dar i knji\u017eevnik, poja\u0161njava da je Grada\u0161\u010devi\u0107 dugo vremena predstavljan kao predstavnik feudalne klase, i kao muslimanski lider, \u0161to je onemogu\u0107avalo njegovu afirmaciju kao bosanskog lidera, \u0161to je on uistinu bio.<\/p>\n<p><strong>Ne \u017eele priznati<\/strong><\/p>\n<p>&nbsp;<\/p>\n<p>&#8211; On je danas samo jedan od zornih primjera podijeljenosti bh. dru\u0161tva, mada su on i njegov pokret imali op\u0107ebosanskih vrijednosti mnogo vi\u0161e nego \u0161to su danas mnogi spremni to priznati &#8211; ka\u017ee Kamberovi\u0107.<\/p>\n<p>Posebno treba naglasiti, potcrtava Kamberovi\u0107, da cijeli pokret Husein-kapetana Grada\u0161\u010devi\u0107a, kao i \u010din progla\u0161enje autonomije koji se iskazivao kroz izbor Grada\u0161\u010devi\u0107a za valiju i iskazivanje vjernosti njemu kao jedinom valiji, treba razlikovati od drugih pokreta u Osmanskom carstvu.<\/p>\n<p><strong>Ima rakiju, a nikada nije pio alkohol<\/p>\n<p><\/strong>Kamberovi\u0107 otkriva da su prije desetak godina vo\u0111ene diskusije o tome da Grada\u0161\u010devi\u0107eve kosti budu prenesene iz Istanbula i sahranjene u Grada\u010dcu, ali od toga nije bilo ni\u0161ta.<\/p>\n<p>&#8211; Kao gimnazijalac, sje\u0107am se da smo mnogo razgovarali o njemu i o na\u010dinu njegova \u017eivota, i \u010dudili se da je grada\u010da\u010dka rakija tada nosila naziv &#8220;Zmaj od Bosne&#8221;, po heroju koji nikada nije pio alkohol! Tako i danas sam nadimak \u201eZmaj od Bosne&#8221;, zbog devalvacije mnogih vrijednosti u savremenom dru\u0161tvu, izgleda nedovoljno efektan da odredi povijesni zna\u010daj Husein-kapetana Grada\u0161\u010devi\u0107a &#8211; dodao je Kamberovi\u0107.<\/p>\n<p><strong>Mudar vladar<\/p>\n<p><\/strong>Husein-kapetan Grada\u0161\u010devi\u0107 ro\u0111en je u Grada\u010dcu 1802. godine i odrastao je okru\u017een politi\u010dkom klimom nemira u zapadnim krajevima carstva. Kada je D\u017eelaludin-pa\u0161a otrovao njegovog brata Murata 1821. godine, Grada\u0161\u010devi\u0107 se na\u0161ao na \u010delu Grada\u010da\u010dke vojne kapetanije. Mladi Husein tokom svog kapetanstva razvio je reputaciju mudrog vladanja i tolerancije te je postao jedna od najpopularnijih osoba u Bosni. Umro je od kolere 17. avgusta 1834. u Istanbulu.<\/p>\n","protected":false},"excerpt":{"rendered":"<p>A. \u010corbo-Ze\u0107o<\/p>\n","protected":false},"author":83,"featured_media":88011,"comment_status":"open","ping_status":"open","sticky":false,"template":"","format":"standard","meta":{"footnotes":""},"categories":[10196],"tags":[],"class_list":{"0":"post-88010","1":"post","2":"type-post","3":"status-publish","4":"format-standard","5":"has-post-thumbnail","7":"category-iz-pera-nasih-autora"},"yoast_head":"<!-- This site is optimized with the Yoast SEO Premium plugin v23.1 (Yoast SEO v24.9) - https:\/\/yoast.com\/wordpress\/plugins\/seo\/ -->\n<title>Dan bo\u0161nja\u010dkog svitanja<\/title>\n<meta name=\"robots\" content=\"index, follow, max-snippet:-1, max-image-preview:large, max-video-preview:-1\" \/>\n<link rel=\"canonical\" href=\"https:\/\/sandzakpress.net\/arhiva\/dan-bosnjackog-svitanja\/\" \/>\n<meta property=\"og:locale\" content=\"bs_BA\" \/>\n<meta property=\"og:type\" content=\"article\" \/>\n<meta property=\"og:title\" content=\"Dan bo\u0161nja\u010dkog svitanja\" \/>\n<meta property=\"og:description\" content=\"A. \u010corbo-Ze\u0107o\" \/>\n<meta property=\"og:url\" content=\"https:\/\/sandzakpress.net\/arhiva\/dan-bosnjackog-svitanja\/\" \/>\n<meta property=\"og:site_name\" content=\"Sand\u017eak PRESS\" \/>\n<meta property=\"article:published_time\" content=\"2013-09-18T16:21:05+00:00\" \/>\n<meta property=\"og:image\" content=\"https:\/\/sandzakpress.net\/arhiva\/wp-content\/uploads\/2013\/09\/husein-gradascevic77.jpg\" \/>\n\t<meta property=\"og:image:width\" content=\"616\" \/>\n\t<meta property=\"og:image:height\" content=\"357\" \/>\n\t<meta property=\"og:image:type\" content=\"image\/jpeg\" \/>\n<meta name=\"author\" content=\"bosniak\" \/>\n<meta name=\"twitter:card\" content=\"summary_large_image\" \/>\n<meta name=\"twitter:label1\" content=\"Written by\" \/>\n\t<meta name=\"twitter:data1\" content=\"bosniak\" \/>\n\t<meta name=\"twitter:label2\" content=\"Est. reading time\" \/>\n\t<meta name=\"twitter:data2\" content=\"4 minute\" \/>\n<script type=\"application\/ld+json\" class=\"yoast-schema-graph\">{\"@context\":\"https:\/\/schema.org\",\"@graph\":[{\"@type\":\"Article\",\"@id\":\"https:\/\/sandzakpress.net\/arhiva\/dan-bosnjackog-svitanja\/#article\",\"isPartOf\":{\"@id\":\"https:\/\/sandzakpress.net\/arhiva\/dan-bosnjackog-svitanja\/\"},\"author\":{\"name\":\"bosniak\",\"@id\":\"https:\/\/sandzakpress.net\/arhiva\/#\/schema\/person\/c8baee722073534b583ea7bdb2e36c02\"},\"headline\":\"Dan bo\u0161nja\u010dkog svitanja\",\"datePublished\":\"2013-09-18T16:21:05+00:00\",\"mainEntityOfPage\":{\"@id\":\"https:\/\/sandzakpress.net\/arhiva\/dan-bosnjackog-svitanja\/\"},\"wordCount\":762,\"commentCount\":3,\"publisher\":{\"@id\":\"https:\/\/sandzakpress.net\/arhiva\/#\/schema\/person\/6e72b67d6e51910a1117b3b483ba20bd\"},\"image\":{\"@id\":\"https:\/\/sandzakpress.net\/arhiva\/dan-bosnjackog-svitanja\/#primaryimage\"},\"thumbnailUrl\":\"https:\/\/sandzakpress.net\/arhiva\/wp-content\/uploads\/2013\/09\/husein-gradascevic77.jpg\",\"articleSection\":[\"Iz pera na\u0161ih autora\"],\"inLanguage\":\"bs-BA\",\"potentialAction\":[{\"@type\":\"CommentAction\",\"name\":\"Comment\",\"target\":[\"https:\/\/sandzakpress.net\/arhiva\/dan-bosnjackog-svitanja\/#respond\"]}]},{\"@type\":\"WebPage\",\"@id\":\"https:\/\/sandzakpress.net\/arhiva\/dan-bosnjackog-svitanja\/\",\"url\":\"https:\/\/sandzakpress.net\/arhiva\/dan-bosnjackog-svitanja\/\",\"name\":\"Dan bo\u0161nja\u010dkog svitanja\",\"isPartOf\":{\"@id\":\"https:\/\/sandzakpress.net\/arhiva\/#website\"},\"primaryImageOfPage\":{\"@id\":\"https:\/\/sandzakpress.net\/arhiva\/dan-bosnjackog-svitanja\/#primaryimage\"},\"image\":{\"@id\":\"https:\/\/sandzakpress.net\/arhiva\/dan-bosnjackog-svitanja\/#primaryimage\"},\"thumbnailUrl\":\"https:\/\/sandzakpress.net\/arhiva\/wp-content\/uploads\/2013\/09\/husein-gradascevic77.jpg\",\"datePublished\":\"2013-09-18T16:21:05+00:00\",\"breadcrumb\":{\"@id\":\"https:\/\/sandzakpress.net\/arhiva\/dan-bosnjackog-svitanja\/#breadcrumb\"},\"inLanguage\":\"bs-BA\",\"potentialAction\":[{\"@type\":\"ReadAction\",\"target\":[\"https:\/\/sandzakpress.net\/arhiva\/dan-bosnjackog-svitanja\/\"]}]},{\"@type\":\"ImageObject\",\"inLanguage\":\"bs-BA\",\"@id\":\"https:\/\/sandzakpress.net\/arhiva\/dan-bosnjackog-svitanja\/#primaryimage\",\"url\":\"https:\/\/sandzakpress.net\/arhiva\/wp-content\/uploads\/2013\/09\/husein-gradascevic77.jpg\",\"contentUrl\":\"https:\/\/sandzakpress.net\/arhiva\/wp-content\/uploads\/2013\/09\/husein-gradascevic77.jpg\",\"width\":616,\"height\":357},{\"@type\":\"BreadcrumbList\",\"@id\":\"https:\/\/sandzakpress.net\/arhiva\/dan-bosnjackog-svitanja\/#breadcrumb\",\"itemListElement\":[{\"@type\":\"ListItem\",\"position\":1,\"name\":\"Home\",\"item\":\"https:\/\/sandzakpress.net\/arhiva\/\"},{\"@type\":\"ListItem\",\"position\":2,\"name\":\"Dan bo\u0161nja\u010dkog svitanja\"}]},{\"@type\":\"WebSite\",\"@id\":\"https:\/\/sandzakpress.net\/arhiva\/#website\",\"url\":\"https:\/\/sandzakpress.net\/arhiva\/\",\"name\":\"Sand\u017eak PRESS\",\"description\":\"Prve elektronske novine u Sand\u017eaku\",\"publisher\":{\"@id\":\"https:\/\/sandzakpress.net\/arhiva\/#\/schema\/person\/6e72b67d6e51910a1117b3b483ba20bd\"},\"potentialAction\":[{\"@type\":\"SearchAction\",\"target\":{\"@type\":\"EntryPoint\",\"urlTemplate\":\"https:\/\/sandzakpress.net\/arhiva\/?s={search_term_string}\"},\"query-input\":{\"@type\":\"PropertyValueSpecification\",\"valueRequired\":true,\"valueName\":\"search_term_string\"}}],\"inLanguage\":\"bs-BA\"},{\"@type\":[\"Person\",\"Organization\"],\"@id\":\"https:\/\/sandzakpress.net\/arhiva\/#\/schema\/person\/6e72b67d6e51910a1117b3b483ba20bd\",\"name\":\"Kul\",\"image\":{\"@type\":\"ImageObject\",\"inLanguage\":\"bs-BA\",\"@id\":\"https:\/\/sandzakpress.net\/arhiva\/#\/schema\/person\/image\/\",\"url\":\"https:\/\/secure.gravatar.com\/avatar\/42263f39aa27ac04c43cab85c280eb2e?s=96&d=mm&r=pg\",\"contentUrl\":\"https:\/\/secure.gravatar.com\/avatar\/42263f39aa27ac04c43cab85c280eb2e?s=96&d=mm&r=pg\",\"caption\":\"Kul\"},\"logo\":{\"@id\":\"https:\/\/sandzakpress.net\/arhiva\/#\/schema\/person\/image\/\"}},{\"@type\":\"Person\",\"@id\":\"https:\/\/sandzakpress.net\/arhiva\/#\/schema\/person\/c8baee722073534b583ea7bdb2e36c02\",\"name\":\"bosniak\",\"image\":{\"@type\":\"ImageObject\",\"inLanguage\":\"bs-BA\",\"@id\":\"https:\/\/sandzakpress.net\/arhiva\/#\/schema\/person\/image\/\",\"url\":\"https:\/\/secure.gravatar.com\/avatar\/a04fd330bfe3a36a72a0ad4a6d89fca7?s=96&d=mm&r=pg\",\"contentUrl\":\"https:\/\/secure.gravatar.com\/avatar\/a04fd330bfe3a36a72a0ad4a6d89fca7?s=96&d=mm&r=pg\",\"caption\":\"bosniak\"},\"url\":\"https:\/\/sandzakpress.net\/arhiva\/author\/bosniak\/\"}]}<\/script>\n<!-- \/ Yoast SEO Premium plugin. -->","yoast_head_json":{"title":"Dan bo\u0161nja\u010dkog svitanja","robots":{"index":"index","follow":"follow","max-snippet":"max-snippet:-1","max-image-preview":"max-image-preview:large","max-video-preview":"max-video-preview:-1"},"canonical":"https:\/\/sandzakpress.net\/arhiva\/dan-bosnjackog-svitanja\/","og_locale":"bs_BA","og_type":"article","og_title":"Dan bo\u0161nja\u010dkog svitanja","og_description":"A. \u010corbo-Ze\u0107o","og_url":"https:\/\/sandzakpress.net\/arhiva\/dan-bosnjackog-svitanja\/","og_site_name":"Sand\u017eak PRESS","article_published_time":"2013-09-18T16:21:05+00:00","og_image":[{"width":616,"height":357,"url":"https:\/\/sandzakpress.net\/arhiva\/wp-content\/uploads\/2013\/09\/husein-gradascevic77.jpg","type":"image\/jpeg"}],"author":"bosniak","twitter_card":"summary_large_image","twitter_misc":{"Written by":"bosniak","Est. reading time":"4 minute"},"schema":{"@context":"https:\/\/schema.org","@graph":[{"@type":"Article","@id":"https:\/\/sandzakpress.net\/arhiva\/dan-bosnjackog-svitanja\/#article","isPartOf":{"@id":"https:\/\/sandzakpress.net\/arhiva\/dan-bosnjackog-svitanja\/"},"author":{"name":"bosniak","@id":"https:\/\/sandzakpress.net\/arhiva\/#\/schema\/person\/c8baee722073534b583ea7bdb2e36c02"},"headline":"Dan bo\u0161nja\u010dkog svitanja","datePublished":"2013-09-18T16:21:05+00:00","mainEntityOfPage":{"@id":"https:\/\/sandzakpress.net\/arhiva\/dan-bosnjackog-svitanja\/"},"wordCount":762,"commentCount":3,"publisher":{"@id":"https:\/\/sandzakpress.net\/arhiva\/#\/schema\/person\/6e72b67d6e51910a1117b3b483ba20bd"},"image":{"@id":"https:\/\/sandzakpress.net\/arhiva\/dan-bosnjackog-svitanja\/#primaryimage"},"thumbnailUrl":"https:\/\/sandzakpress.net\/arhiva\/wp-content\/uploads\/2013\/09\/husein-gradascevic77.jpg","articleSection":["Iz pera na\u0161ih autora"],"inLanguage":"bs-BA","potentialAction":[{"@type":"CommentAction","name":"Comment","target":["https:\/\/sandzakpress.net\/arhiva\/dan-bosnjackog-svitanja\/#respond"]}]},{"@type":"WebPage","@id":"https:\/\/sandzakpress.net\/arhiva\/dan-bosnjackog-svitanja\/","url":"https:\/\/sandzakpress.net\/arhiva\/dan-bosnjackog-svitanja\/","name":"Dan bo\u0161nja\u010dkog svitanja","isPartOf":{"@id":"https:\/\/sandzakpress.net\/arhiva\/#website"},"primaryImageOfPage":{"@id":"https:\/\/sandzakpress.net\/arhiva\/dan-bosnjackog-svitanja\/#primaryimage"},"image":{"@id":"https:\/\/sandzakpress.net\/arhiva\/dan-bosnjackog-svitanja\/#primaryimage"},"thumbnailUrl":"https:\/\/sandzakpress.net\/arhiva\/wp-content\/uploads\/2013\/09\/husein-gradascevic77.jpg","datePublished":"2013-09-18T16:21:05+00:00","breadcrumb":{"@id":"https:\/\/sandzakpress.net\/arhiva\/dan-bosnjackog-svitanja\/#breadcrumb"},"inLanguage":"bs-BA","potentialAction":[{"@type":"ReadAction","target":["https:\/\/sandzakpress.net\/arhiva\/dan-bosnjackog-svitanja\/"]}]},{"@type":"ImageObject","inLanguage":"bs-BA","@id":"https:\/\/sandzakpress.net\/arhiva\/dan-bosnjackog-svitanja\/#primaryimage","url":"https:\/\/sandzakpress.net\/arhiva\/wp-content\/uploads\/2013\/09\/husein-gradascevic77.jpg","contentUrl":"https:\/\/sandzakpress.net\/arhiva\/wp-content\/uploads\/2013\/09\/husein-gradascevic77.jpg","width":616,"height":357},{"@type":"BreadcrumbList","@id":"https:\/\/sandzakpress.net\/arhiva\/dan-bosnjackog-svitanja\/#breadcrumb","itemListElement":[{"@type":"ListItem","position":1,"name":"Home","item":"https:\/\/sandzakpress.net\/arhiva\/"},{"@type":"ListItem","position":2,"name":"Dan bo\u0161nja\u010dkog svitanja"}]},{"@type":"WebSite","@id":"https:\/\/sandzakpress.net\/arhiva\/#website","url":"https:\/\/sandzakpress.net\/arhiva\/","name":"Sand\u017eak PRESS","description":"Prve elektronske novine u Sand\u017eaku","publisher":{"@id":"https:\/\/sandzakpress.net\/arhiva\/#\/schema\/person\/6e72b67d6e51910a1117b3b483ba20bd"},"potentialAction":[{"@type":"SearchAction","target":{"@type":"EntryPoint","urlTemplate":"https:\/\/sandzakpress.net\/arhiva\/?s={search_term_string}"},"query-input":{"@type":"PropertyValueSpecification","valueRequired":true,"valueName":"search_term_string"}}],"inLanguage":"bs-BA"},{"@type":["Person","Organization"],"@id":"https:\/\/sandzakpress.net\/arhiva\/#\/schema\/person\/6e72b67d6e51910a1117b3b483ba20bd","name":"Kul","image":{"@type":"ImageObject","inLanguage":"bs-BA","@id":"https:\/\/sandzakpress.net\/arhiva\/#\/schema\/person\/image\/","url":"https:\/\/secure.gravatar.com\/avatar\/42263f39aa27ac04c43cab85c280eb2e?s=96&d=mm&r=pg","contentUrl":"https:\/\/secure.gravatar.com\/avatar\/42263f39aa27ac04c43cab85c280eb2e?s=96&d=mm&r=pg","caption":"Kul"},"logo":{"@id":"https:\/\/sandzakpress.net\/arhiva\/#\/schema\/person\/image\/"}},{"@type":"Person","@id":"https:\/\/sandzakpress.net\/arhiva\/#\/schema\/person\/c8baee722073534b583ea7bdb2e36c02","name":"bosniak","image":{"@type":"ImageObject","inLanguage":"bs-BA","@id":"https:\/\/sandzakpress.net\/arhiva\/#\/schema\/person\/image\/","url":"https:\/\/secure.gravatar.com\/avatar\/a04fd330bfe3a36a72a0ad4a6d89fca7?s=96&d=mm&r=pg","contentUrl":"https:\/\/secure.gravatar.com\/avatar\/a04fd330bfe3a36a72a0ad4a6d89fca7?s=96&d=mm&r=pg","caption":"bosniak"},"url":"https:\/\/sandzakpress.net\/arhiva\/author\/bosniak\/"}]}},"_links":{"self":[{"href":"https:\/\/sandzakpress.net\/arhiva\/wp-json\/wp\/v2\/posts\/88010"}],"collection":[{"href":"https:\/\/sandzakpress.net\/arhiva\/wp-json\/wp\/v2\/posts"}],"about":[{"href":"https:\/\/sandzakpress.net\/arhiva\/wp-json\/wp\/v2\/types\/post"}],"author":[{"embeddable":true,"href":"https:\/\/sandzakpress.net\/arhiva\/wp-json\/wp\/v2\/users\/83"}],"replies":[{"embeddable":true,"href":"https:\/\/sandzakpress.net\/arhiva\/wp-json\/wp\/v2\/comments?post=88010"}],"version-history":[{"count":0,"href":"https:\/\/sandzakpress.net\/arhiva\/wp-json\/wp\/v2\/posts\/88010\/revisions"}],"wp:featuredmedia":[{"embeddable":true,"href":"https:\/\/sandzakpress.net\/arhiva\/wp-json\/wp\/v2\/media\/88011"}],"wp:attachment":[{"href":"https:\/\/sandzakpress.net\/arhiva\/wp-json\/wp\/v2\/media?parent=88010"}],"wp:term":[{"taxonomy":"category","embeddable":true,"href":"https:\/\/sandzakpress.net\/arhiva\/wp-json\/wp\/v2\/categories?post=88010"},{"taxonomy":"post_tag","embeddable":true,"href":"https:\/\/sandzakpress.net\/arhiva\/wp-json\/wp\/v2\/tags?post=88010"}],"curies":[{"name":"wp","href":"https:\/\/api.w.org\/{rel}","templated":true}]}}