{"id":87901,"date":"2013-09-15T16:27:19","date_gmt":"2013-09-15T14:27:19","guid":{"rendered":"https:\/\/sandzakpress.net\/arhiva\/?p=87901"},"modified":"2013-09-15T19:04:26","modified_gmt":"2013-09-15T17:04:26","slug":"bekir-makic-ne-primamo-500-vec-300-eura-za-rusenje-muftije-zukorlica","status":"publish","type":"post","link":"https:\/\/sandzakpress.net\/arhiva\/bekir-makic-ne-primamo-500-vec-300-eura-za-rusenje-muftije-zukorlica\/","title":{"rendered":"Bekir Maki\u0107: &#8216;Ne primamo 500, ve\u0107 300 eura za ru\u0161enje muftije Zukorli\u0107a&#8217;"},"content":{"rendered":"<p><strong><img loading=\"lazy\" decoding=\"async\" class=\"alignleft size-medium wp-image-87902\" alt=\"makic1-copy-512x410\" src=\"https:\/\/sandzakpress.net\/arhiva\/wp-content\/uploads\/2013\/09\/makic1-copy-512x410-300x186.jpg\" width=\"300\" height=\"186\" \/>Novi Pazar &#8211; Bekir Maki\u0107 je za srpski list Politika kazao da je na poslednjoj sjednici takozvanog inicijativnog odbora za jedinstvenu (tre\u0107u) islamsku zajednicu na teritoriji Srbije, prije nekoliko dana, odlu\u010deno da se o njihovim namjerama upoznaju predsjednik Nikoli\u0107, premijer Da\u010di\u0107 i vicepremijer Vu\u010di\u0107.<\/strong><\/p>\n<p>\u2013 Ovo nije ni turska, ni bosanska, ni beogradska, ni Rasimova, ni Sulejmanova, niti inicijativa stranih slu\u017ebi, kako nam se pripisuje.To je inicijativa potekla iz postoje\u0107ih islamskih zajednica, koje su dobile podr\u0161ku Turske \u2013 iako svi oni podr\u017eavaju, ka\u017ee Maki\u0107, koji je jedno vrijeme nosio gipsanu kragnu.<\/p>\n<p>Maki\u0107 negira optu\u017ebu muftije Zukorli\u0107a: od turskog reis-ul-uleme, odbegli imami ne dobijaju 500, ve\u0107 300 evra. I, ne zato da bi dodatno destabilizovali Zukorli\u0107a i Zilki\u0107a, ve\u0107 da bi otpu\u0161teni imami pre\u017eivjeli bez posla.<\/p>\n<p>Me\u0111utim, javna je tajna u Islamskoj zajednici da primanja od 500 ili 300 eura ve\u0107 du\u017ee vrijeme dobijaju preko Ned\u017eada Hasanovi\u0107a, koji trenutno obna\u0161a funkciju direktora \u0160kole Kur'ana i manji broj upo\u0161ljenika Islamske zajednice, koja je do sada predstavljana kao &#8220;plata ili nov\u010dana pomo\u0107 \u0160kole Kur'ana preko donatora iz Turske&#8221;<\/p>\n<p>Cilj ove nov\u010dane pomo\u0107i je ru\u0161enje muftije Muamera ef. Zukorli\u0107a.<\/p>\n","protected":false},"excerpt":{"rendered":"<p>Novi Pazar &#8211; Bekir Maki\u0107 je za srpski list Politika kazao da je na poslednjoj sjednici takozvanog inicijativnog odbora za jedinstvenu (tre\u0107u) islamsku zajednicu na teritoriji Srbije, prije nekoliko dana, odlu\u010deno da se o njihovim namjerama upoznaju predsjednik Nikoli\u0107, premijer Da\u010di\u0107 i vicepremijer Vu\u010di\u0107. \u2013 Ovo nije ni turska, ni bosanska, ni beogradska, ni Rasimova, [&hellip;]<\/p>\n","protected":false},"author":83,"featured_media":87903,"comment_status":"open","ping_status":"open","sticky":false,"template":"","format":"standard","meta":{"footnotes":""},"categories":[72,1,8957],"tags":[10229,10299],"class_list":{"0":"post-87901","1":"post","2":"type-post","3":"status-publish","4":"format-standard","5":"has-post-thumbnail","7":"category-novi-pazar","8":"category-politika","9":"category-vijesti-dana","10":"tag-islamska-zajednica","11":"tag-bekir-makic"},"yoast_head":"<!-- This site is optimized with the Yoast SEO Premium plugin v23.1 (Yoast SEO v24.9) - https:\/\/yoast.com\/wordpress\/plugins\/seo\/ -->\n<title>Bekir Maki\u0107: &#039;Ne primamo 500, ve\u0107 300 eura za ru\u0161enje muftije Zukorli\u0107a&#039;<\/title>\n<meta name=\"robots\" content=\"index, follow, max-snippet:-1, max-image-preview:large, max-video-preview:-1\" \/>\n<link rel=\"canonical\" href=\"https:\/\/sandzakpress.net\/arhiva\/bekir-makic-ne-primamo-500-vec-300-eura-za-rusenje-muftije-zukorlica\/\" \/>\n<meta property=\"og:locale\" content=\"bs_BA\" \/>\n<meta property=\"og:type\" content=\"article\" \/>\n<meta property=\"og:title\" content=\"Bekir Maki\u0107: &#039;Ne primamo 500, ve\u0107 300 eura za ru\u0161enje muftije Zukorli\u0107a&#039;\" \/>\n<meta property=\"og:description\" content=\"Novi Pazar &#8211; Bekir Maki\u0107 je za srpski list Politika kazao da je na poslednjoj sjednici takozvanog inicijativnog odbora za jedinstvenu (tre\u0107u) islamsku zajednicu na teritoriji Srbije, prije nekoliko dana, odlu\u010deno da se o njihovim namjerama upoznaju predsjednik Nikoli\u0107, premijer Da\u010di\u0107 i vicepremijer Vu\u010di\u0107. \u2013 Ovo nije ni turska, ni bosanska, ni beogradska, ni Rasimova, [&hellip;]\" \/>\n<meta property=\"og:url\" content=\"https:\/\/sandzakpress.net\/arhiva\/bekir-makic-ne-primamo-500-vec-300-eura-za-rusenje-muftije-zukorlica\/\" \/>\n<meta property=\"og:site_name\" content=\"Sand\u017eak PRESS\" \/>\n<meta property=\"article:published_time\" content=\"2013-09-15T14:27:19+00:00\" \/>\n<meta property=\"article:modified_time\" content=\"2013-09-15T17:04:26+00:00\" \/>\n<meta property=\"og:image\" content=\"https:\/\/sandzakpress.net\/arhiva\/wp-content\/uploads\/2013\/09\/makic1-copy-512x410-300x1861.jpg\" \/>\n\t<meta property=\"og:image:width\" content=\"300\" \/>\n\t<meta property=\"og:image:height\" content=\"186\" \/>\n\t<meta property=\"og:image:type\" content=\"image\/jpeg\" \/>\n<meta name=\"author\" content=\"bosniak\" \/>\n<meta name=\"twitter:card\" content=\"summary_large_image\" \/>\n<meta name=\"twitter:label1\" content=\"Written by\" \/>\n\t<meta name=\"twitter:data1\" content=\"bosniak\" \/>\n\t<meta name=\"twitter:label2\" content=\"Est. reading time\" \/>\n\t<meta name=\"twitter:data2\" content=\"1 minuta\" \/>\n<script type=\"application\/ld+json\" class=\"yoast-schema-graph\">{\"@context\":\"https:\/\/schema.org\",\"@graph\":[{\"@type\":\"Article\",\"@id\":\"https:\/\/sandzakpress.net\/arhiva\/bekir-makic-ne-primamo-500-vec-300-eura-za-rusenje-muftije-zukorlica\/#article\",\"isPartOf\":{\"@id\":\"https:\/\/sandzakpress.net\/arhiva\/bekir-makic-ne-primamo-500-vec-300-eura-za-rusenje-muftije-zukorlica\/\"},\"author\":{\"name\":\"bosniak\",\"@id\":\"https:\/\/sandzakpress.net\/arhiva\/#\/schema\/person\/c8baee722073534b583ea7bdb2e36c02\"},\"headline\":\"Bekir Maki\u0107: &#8216;Ne primamo 500, ve\u0107 300 eura za ru\u0161enje muftije Zukorli\u0107a&#8217;\",\"datePublished\":\"2013-09-15T14:27:19+00:00\",\"dateModified\":\"2013-09-15T17:04:26+00:00\",\"mainEntityOfPage\":{\"@id\":\"https:\/\/sandzakpress.net\/arhiva\/bekir-makic-ne-primamo-500-vec-300-eura-za-rusenje-muftije-zukorlica\/\"},\"wordCount\":220,\"commentCount\":22,\"publisher\":{\"@id\":\"https:\/\/sandzakpress.net\/arhiva\/#\/schema\/person\/6e72b67d6e51910a1117b3b483ba20bd\"},\"image\":{\"@id\":\"https:\/\/sandzakpress.net\/arhiva\/bekir-makic-ne-primamo-500-vec-300-eura-za-rusenje-muftije-zukorlica\/#primaryimage\"},\"thumbnailUrl\":\"https:\/\/sandzakpress.net\/arhiva\/wp-content\/uploads\/2013\/09\/makic1-copy-512x410-300x1861.jpg\",\"keywords\":[\"Islamska zajednica\",\"Bekir Maki\u0107\"],\"articleSection\":[\"Novi Pazar\",\"Politika\",\"VIJESTI DANA\"],\"inLanguage\":\"bs-BA\",\"potentialAction\":[{\"@type\":\"CommentAction\",\"name\":\"Comment\",\"target\":[\"https:\/\/sandzakpress.net\/arhiva\/bekir-makic-ne-primamo-500-vec-300-eura-za-rusenje-muftije-zukorlica\/#respond\"]}]},{\"@type\":\"WebPage\",\"@id\":\"https:\/\/sandzakpress.net\/arhiva\/bekir-makic-ne-primamo-500-vec-300-eura-za-rusenje-muftije-zukorlica\/\",\"url\":\"https:\/\/sandzakpress.net\/arhiva\/bekir-makic-ne-primamo-500-vec-300-eura-za-rusenje-muftije-zukorlica\/\",\"name\":\"Bekir Maki\u0107: 'Ne primamo 500, ve\u0107 300 eura za ru\u0161enje muftije Zukorli\u0107a'\",\"isPartOf\":{\"@id\":\"https:\/\/sandzakpress.net\/arhiva\/#website\"},\"primaryImageOfPage\":{\"@id\":\"https:\/\/sandzakpress.net\/arhiva\/bekir-makic-ne-primamo-500-vec-300-eura-za-rusenje-muftije-zukorlica\/#primaryimage\"},\"image\":{\"@id\":\"https:\/\/sandzakpress.net\/arhiva\/bekir-makic-ne-primamo-500-vec-300-eura-za-rusenje-muftije-zukorlica\/#primaryimage\"},\"thumbnailUrl\":\"https:\/\/sandzakpress.net\/arhiva\/wp-content\/uploads\/2013\/09\/makic1-copy-512x410-300x1861.jpg\",\"datePublished\":\"2013-09-15T14:27:19+00:00\",\"dateModified\":\"2013-09-15T17:04:26+00:00\",\"breadcrumb\":{\"@id\":\"https:\/\/sandzakpress.net\/arhiva\/bekir-makic-ne-primamo-500-vec-300-eura-za-rusenje-muftije-zukorlica\/#breadcrumb\"},\"inLanguage\":\"bs-BA\",\"potentialAction\":[{\"@type\":\"ReadAction\",\"target\":[\"https:\/\/sandzakpress.net\/arhiva\/bekir-makic-ne-primamo-500-vec-300-eura-za-rusenje-muftije-zukorlica\/\"]}]},{\"@type\":\"ImageObject\",\"inLanguage\":\"bs-BA\",\"@id\":\"https:\/\/sandzakpress.net\/arhiva\/bekir-makic-ne-primamo-500-vec-300-eura-za-rusenje-muftije-zukorlica\/#primaryimage\",\"url\":\"https:\/\/sandzakpress.net\/arhiva\/wp-content\/uploads\/2013\/09\/makic1-copy-512x410-300x1861.jpg\",\"contentUrl\":\"https:\/\/sandzakpress.net\/arhiva\/wp-content\/uploads\/2013\/09\/makic1-copy-512x410-300x1861.jpg\",\"width\":300,\"height\":186},{\"@type\":\"BreadcrumbList\",\"@id\":\"https:\/\/sandzakpress.net\/arhiva\/bekir-makic-ne-primamo-500-vec-300-eura-za-rusenje-muftije-zukorlica\/#breadcrumb\",\"itemListElement\":[{\"@type\":\"ListItem\",\"position\":1,\"name\":\"Home\",\"item\":\"https:\/\/sandzakpress.net\/arhiva\/\"},{\"@type\":\"ListItem\",\"position\":2,\"name\":\"Bekir Maki\u0107: &#8216;Ne primamo 500, ve\u0107 300 eura za ru\u0161enje muftije Zukorli\u0107a&#8217;\"}]},{\"@type\":\"WebSite\",\"@id\":\"https:\/\/sandzakpress.net\/arhiva\/#website\",\"url\":\"https:\/\/sandzakpress.net\/arhiva\/\",\"name\":\"Sand\u017eak PRESS\",\"description\":\"Prve elektronske novine u Sand\u017eaku\",\"publisher\":{\"@id\":\"https:\/\/sandzakpress.net\/arhiva\/#\/schema\/person\/6e72b67d6e51910a1117b3b483ba20bd\"},\"potentialAction\":[{\"@type\":\"SearchAction\",\"target\":{\"@type\":\"EntryPoint\",\"urlTemplate\":\"https:\/\/sandzakpress.net\/arhiva\/?s={search_term_string}\"},\"query-input\":{\"@type\":\"PropertyValueSpecification\",\"valueRequired\":true,\"valueName\":\"search_term_string\"}}],\"inLanguage\":\"bs-BA\"},{\"@type\":[\"Person\",\"Organization\"],\"@id\":\"https:\/\/sandzakpress.net\/arhiva\/#\/schema\/person\/6e72b67d6e51910a1117b3b483ba20bd\",\"name\":\"Kul\",\"image\":{\"@type\":\"ImageObject\",\"inLanguage\":\"bs-BA\",\"@id\":\"https:\/\/sandzakpress.net\/arhiva\/#\/schema\/person\/image\/\",\"url\":\"https:\/\/secure.gravatar.com\/avatar\/42263f39aa27ac04c43cab85c280eb2e?s=96&d=mm&r=pg\",\"contentUrl\":\"https:\/\/secure.gravatar.com\/avatar\/42263f39aa27ac04c43cab85c280eb2e?s=96&d=mm&r=pg\",\"caption\":\"Kul\"},\"logo\":{\"@id\":\"https:\/\/sandzakpress.net\/arhiva\/#\/schema\/person\/image\/\"}},{\"@type\":\"Person\",\"@id\":\"https:\/\/sandzakpress.net\/arhiva\/#\/schema\/person\/c8baee722073534b583ea7bdb2e36c02\",\"name\":\"bosniak\",\"image\":{\"@type\":\"ImageObject\",\"inLanguage\":\"bs-BA\",\"@id\":\"https:\/\/sandzakpress.net\/arhiva\/#\/schema\/person\/image\/\",\"url\":\"https:\/\/secure.gravatar.com\/avatar\/a04fd330bfe3a36a72a0ad4a6d89fca7?s=96&d=mm&r=pg\",\"contentUrl\":\"https:\/\/secure.gravatar.com\/avatar\/a04fd330bfe3a36a72a0ad4a6d89fca7?s=96&d=mm&r=pg\",\"caption\":\"bosniak\"},\"url\":\"https:\/\/sandzakpress.net\/arhiva\/author\/bosniak\/\"}]}<\/script>\n<!-- \/ Yoast SEO Premium plugin. -->","yoast_head_json":{"title":"Bekir Maki\u0107: 'Ne primamo 500, ve\u0107 300 eura za ru\u0161enje muftije Zukorli\u0107a'","robots":{"index":"index","follow":"follow","max-snippet":"max-snippet:-1","max-image-preview":"max-image-preview:large","max-video-preview":"max-video-preview:-1"},"canonical":"https:\/\/sandzakpress.net\/arhiva\/bekir-makic-ne-primamo-500-vec-300-eura-za-rusenje-muftije-zukorlica\/","og_locale":"bs_BA","og_type":"article","og_title":"Bekir Maki\u0107: 'Ne primamo 500, ve\u0107 300 eura za ru\u0161enje muftije Zukorli\u0107a'","og_description":"Novi Pazar &#8211; Bekir Maki\u0107 je za srpski list Politika kazao da je na poslednjoj sjednici takozvanog inicijativnog odbora za jedinstvenu (tre\u0107u) islamsku zajednicu na teritoriji Srbije, prije nekoliko dana, odlu\u010deno da se o njihovim namjerama upoznaju predsjednik Nikoli\u0107, premijer Da\u010di\u0107 i vicepremijer Vu\u010di\u0107. \u2013 Ovo nije ni turska, ni bosanska, ni beogradska, ni Rasimova, [&hellip;]","og_url":"https:\/\/sandzakpress.net\/arhiva\/bekir-makic-ne-primamo-500-vec-300-eura-za-rusenje-muftije-zukorlica\/","og_site_name":"Sand\u017eak PRESS","article_published_time":"2013-09-15T14:27:19+00:00","article_modified_time":"2013-09-15T17:04:26+00:00","og_image":[{"width":300,"height":186,"url":"https:\/\/sandzakpress.net\/arhiva\/wp-content\/uploads\/2013\/09\/makic1-copy-512x410-300x1861.jpg","type":"image\/jpeg"}],"author":"bosniak","twitter_card":"summary_large_image","twitter_misc":{"Written by":"bosniak","Est. reading time":"1 minuta"},"schema":{"@context":"https:\/\/schema.org","@graph":[{"@type":"Article","@id":"https:\/\/sandzakpress.net\/arhiva\/bekir-makic-ne-primamo-500-vec-300-eura-za-rusenje-muftije-zukorlica\/#article","isPartOf":{"@id":"https:\/\/sandzakpress.net\/arhiva\/bekir-makic-ne-primamo-500-vec-300-eura-za-rusenje-muftije-zukorlica\/"},"author":{"name":"bosniak","@id":"https:\/\/sandzakpress.net\/arhiva\/#\/schema\/person\/c8baee722073534b583ea7bdb2e36c02"},"headline":"Bekir Maki\u0107: &#8216;Ne primamo 500, ve\u0107 300 eura za ru\u0161enje muftije Zukorli\u0107a&#8217;","datePublished":"2013-09-15T14:27:19+00:00","dateModified":"2013-09-15T17:04:26+00:00","mainEntityOfPage":{"@id":"https:\/\/sandzakpress.net\/arhiva\/bekir-makic-ne-primamo-500-vec-300-eura-za-rusenje-muftije-zukorlica\/"},"wordCount":220,"commentCount":22,"publisher":{"@id":"https:\/\/sandzakpress.net\/arhiva\/#\/schema\/person\/6e72b67d6e51910a1117b3b483ba20bd"},"image":{"@id":"https:\/\/sandzakpress.net\/arhiva\/bekir-makic-ne-primamo-500-vec-300-eura-za-rusenje-muftije-zukorlica\/#primaryimage"},"thumbnailUrl":"https:\/\/sandzakpress.net\/arhiva\/wp-content\/uploads\/2013\/09\/makic1-copy-512x410-300x1861.jpg","keywords":["Islamska zajednica","Bekir Maki\u0107"],"articleSection":["Novi Pazar","Politika","VIJESTI DANA"],"inLanguage":"bs-BA","potentialAction":[{"@type":"CommentAction","name":"Comment","target":["https:\/\/sandzakpress.net\/arhiva\/bekir-makic-ne-primamo-500-vec-300-eura-za-rusenje-muftije-zukorlica\/#respond"]}]},{"@type":"WebPage","@id":"https:\/\/sandzakpress.net\/arhiva\/bekir-makic-ne-primamo-500-vec-300-eura-za-rusenje-muftije-zukorlica\/","url":"https:\/\/sandzakpress.net\/arhiva\/bekir-makic-ne-primamo-500-vec-300-eura-za-rusenje-muftije-zukorlica\/","name":"Bekir Maki\u0107: 'Ne primamo 500, ve\u0107 300 eura za ru\u0161enje muftije Zukorli\u0107a'","isPartOf":{"@id":"https:\/\/sandzakpress.net\/arhiva\/#website"},"primaryImageOfPage":{"@id":"https:\/\/sandzakpress.net\/arhiva\/bekir-makic-ne-primamo-500-vec-300-eura-za-rusenje-muftije-zukorlica\/#primaryimage"},"image":{"@id":"https:\/\/sandzakpress.net\/arhiva\/bekir-makic-ne-primamo-500-vec-300-eura-za-rusenje-muftije-zukorlica\/#primaryimage"},"thumbnailUrl":"https:\/\/sandzakpress.net\/arhiva\/wp-content\/uploads\/2013\/09\/makic1-copy-512x410-300x1861.jpg","datePublished":"2013-09-15T14:27:19+00:00","dateModified":"2013-09-15T17:04:26+00:00","breadcrumb":{"@id":"https:\/\/sandzakpress.net\/arhiva\/bekir-makic-ne-primamo-500-vec-300-eura-za-rusenje-muftije-zukorlica\/#breadcrumb"},"inLanguage":"bs-BA","potentialAction":[{"@type":"ReadAction","target":["https:\/\/sandzakpress.net\/arhiva\/bekir-makic-ne-primamo-500-vec-300-eura-za-rusenje-muftije-zukorlica\/"]}]},{"@type":"ImageObject","inLanguage":"bs-BA","@id":"https:\/\/sandzakpress.net\/arhiva\/bekir-makic-ne-primamo-500-vec-300-eura-za-rusenje-muftije-zukorlica\/#primaryimage","url":"https:\/\/sandzakpress.net\/arhiva\/wp-content\/uploads\/2013\/09\/makic1-copy-512x410-300x1861.jpg","contentUrl":"https:\/\/sandzakpress.net\/arhiva\/wp-content\/uploads\/2013\/09\/makic1-copy-512x410-300x1861.jpg","width":300,"height":186},{"@type":"BreadcrumbList","@id":"https:\/\/sandzakpress.net\/arhiva\/bekir-makic-ne-primamo-500-vec-300-eura-za-rusenje-muftije-zukorlica\/#breadcrumb","itemListElement":[{"@type":"ListItem","position":1,"name":"Home","item":"https:\/\/sandzakpress.net\/arhiva\/"},{"@type":"ListItem","position":2,"name":"Bekir Maki\u0107: &#8216;Ne primamo 500, ve\u0107 300 eura za ru\u0161enje muftije Zukorli\u0107a&#8217;"}]},{"@type":"WebSite","@id":"https:\/\/sandzakpress.net\/arhiva\/#website","url":"https:\/\/sandzakpress.net\/arhiva\/","name":"Sand\u017eak PRESS","description":"Prve elektronske novine u Sand\u017eaku","publisher":{"@id":"https:\/\/sandzakpress.net\/arhiva\/#\/schema\/person\/6e72b67d6e51910a1117b3b483ba20bd"},"potentialAction":[{"@type":"SearchAction","target":{"@type":"EntryPoint","urlTemplate":"https:\/\/sandzakpress.net\/arhiva\/?s={search_term_string}"},"query-input":{"@type":"PropertyValueSpecification","valueRequired":true,"valueName":"search_term_string"}}],"inLanguage":"bs-BA"},{"@type":["Person","Organization"],"@id":"https:\/\/sandzakpress.net\/arhiva\/#\/schema\/person\/6e72b67d6e51910a1117b3b483ba20bd","name":"Kul","image":{"@type":"ImageObject","inLanguage":"bs-BA","@id":"https:\/\/sandzakpress.net\/arhiva\/#\/schema\/person\/image\/","url":"https:\/\/secure.gravatar.com\/avatar\/42263f39aa27ac04c43cab85c280eb2e?s=96&d=mm&r=pg","contentUrl":"https:\/\/secure.gravatar.com\/avatar\/42263f39aa27ac04c43cab85c280eb2e?s=96&d=mm&r=pg","caption":"Kul"},"logo":{"@id":"https:\/\/sandzakpress.net\/arhiva\/#\/schema\/person\/image\/"}},{"@type":"Person","@id":"https:\/\/sandzakpress.net\/arhiva\/#\/schema\/person\/c8baee722073534b583ea7bdb2e36c02","name":"bosniak","image":{"@type":"ImageObject","inLanguage":"bs-BA","@id":"https:\/\/sandzakpress.net\/arhiva\/#\/schema\/person\/image\/","url":"https:\/\/secure.gravatar.com\/avatar\/a04fd330bfe3a36a72a0ad4a6d89fca7?s=96&d=mm&r=pg","contentUrl":"https:\/\/secure.gravatar.com\/avatar\/a04fd330bfe3a36a72a0ad4a6d89fca7?s=96&d=mm&r=pg","caption":"bosniak"},"url":"https:\/\/sandzakpress.net\/arhiva\/author\/bosniak\/"}]}},"_links":{"self":[{"href":"https:\/\/sandzakpress.net\/arhiva\/wp-json\/wp\/v2\/posts\/87901"}],"collection":[{"href":"https:\/\/sandzakpress.net\/arhiva\/wp-json\/wp\/v2\/posts"}],"about":[{"href":"https:\/\/sandzakpress.net\/arhiva\/wp-json\/wp\/v2\/types\/post"}],"author":[{"embeddable":true,"href":"https:\/\/sandzakpress.net\/arhiva\/wp-json\/wp\/v2\/users\/83"}],"replies":[{"embeddable":true,"href":"https:\/\/sandzakpress.net\/arhiva\/wp-json\/wp\/v2\/comments?post=87901"}],"version-history":[{"count":0,"href":"https:\/\/sandzakpress.net\/arhiva\/wp-json\/wp\/v2\/posts\/87901\/revisions"}],"wp:featuredmedia":[{"embeddable":true,"href":"https:\/\/sandzakpress.net\/arhiva\/wp-json\/wp\/v2\/media\/87903"}],"wp:attachment":[{"href":"https:\/\/sandzakpress.net\/arhiva\/wp-json\/wp\/v2\/media?parent=87901"}],"wp:term":[{"taxonomy":"category","embeddable":true,"href":"https:\/\/sandzakpress.net\/arhiva\/wp-json\/wp\/v2\/categories?post=87901"},{"taxonomy":"post_tag","embeddable":true,"href":"https:\/\/sandzakpress.net\/arhiva\/wp-json\/wp\/v2\/tags?post=87901"}],"curies":[{"name":"wp","href":"https:\/\/api.w.org\/{rel}","templated":true}]}}