{"id":87856,"date":"2013-09-14T13:17:57","date_gmt":"2013-09-14T11:17:57","guid":{"rendered":"https:\/\/sandzakpress.net\/arhiva\/?p=87856"},"modified":"2013-09-14T13:20:34","modified_gmt":"2013-09-14T11:20:34","slug":"obiljezeno-100-godina-od-rodenja-camila-sijarica","status":"publish","type":"post","link":"https:\/\/sandzakpress.net\/arhiva\/obiljezeno-100-godina-od-rodenja-camila-sijarica\/","title":{"rendered":"Obilje\u017eeno 100 godina od ro\u0111enja \u0106amila Sijari\u0107a"},"content":{"rendered":"<p style=\"text-align: left;\" align=\"center\"><img loading=\"lazy\" decoding=\"async\" class=\"aligncenter size-full wp-image-87858\" alt=\"1234025_10151717795278863_1769229327_n\" src=\"https:\/\/sandzakpress.net\/arhiva\/wp-content\/uploads\/2013\/09\/1234025_10151717795278863_1769229327_n.jpg\" width=\"616\" height=\"340\" \/><\/p>\n<p style=\"text-align: left;\" align=\"center\"><strong>Novi Pazar &#8211; \u0106amil Sijari\u0107 je ro\u0111en 13. septembra 1913. godine u selu \u0160ipovice. Osnovnu \u0161kolu je zavr\u0161io u Godijevu kod Bijelog Polja, a potom od 1927. do 1935. godine poha\u0111ao Veliku medresu kralja Aleksandra u Skoplju iz koje je istjeran zbog politi\u010dkih aktivnosti. \u0160kolovanje je nastavio u Vranju i u tamo\u0161njoj gimnaziji maturirao 1936. godine, nakon \u010dega je pre\u0161ao na studije prava u Beogradu. Diplomirao je 1940. godine, a za vrijeme Drugog svjetskog rata slu\u017ebovao je u Sarajevu, Mostaru, Bosanskoj Gradi\u0161ci i Banja Luci. Umro je 6. decembra 1989. godine.<\/strong><\/p>\n<p>Iza sebe je ostavio brojna pisana djela, za neka od njih je nagra\u0111ivan: Pripovjetke: Ram bulja, Na\u0161a snaha i mi momci, Bihorci, Ku\u0107u ku\u0107om \u010dine lastavice, Sablja, Putnici na putu, Kad djevojka spava, Zelen prsten na vodi; Romane: Ra\u0161ka zemlja Rascija, Mojkova\u010dka bitka, Carska vojska, Konak, te brojna druga djela.<\/p>\n<p><b>Tribina je odr\u017eana u petak 13. 9. 2013. godine u 19:20 h u sali Bo\u0161nja\u010dke kulturne zajednice (Harem Altun alem d\u017eamije).<\/b><\/p>\n<p><b>Na tribini su govorili:<\/b><\/p>\n<ol start=\"1\">\n<li><b>dr. Jahja Fehratovi\u0107,<\/b><\/li>\n<li><b>dr. \u0160efket Krci\u0107,<\/b><\/li>\n<li><b>mr. Kemal D\u017eemi\u0107 i<\/b><\/li>\n<li><b>prof. Zehnija Buli\u0107.<\/b><\/li>\n<\/ol>\n<p style=\"text-align: left;\" align=\"right\"><b><i><img loading=\"lazy\" decoding=\"async\" alt=\"598788_10151717795393863_720739232_n\" src=\"https:\/\/sandzakpress.net\/arhiva\/wp-content\/uploads\/2013\/09\/598788_10151717795393863_720739232_n.jpg\" width=\"616\" height=\"462\" \/><br \/>\n<\/i><\/b><\/p>\n<p>&nbsp;<\/p>\n","protected":false},"excerpt":{"rendered":"<p>Novi Pazar &#8211; \u0106amil Sijari\u0107 je ro\u0111en 13. septembra 1913. godine u selu \u0160ipovice. Osnovnu \u0161kolu je zavr\u0161io u Godijevu kod Bijelog Polja, a potom od 1927. do 1935. godine poha\u0111ao Veliku medresu kralja Aleksandra u Skoplju iz koje je istjeran zbog politi\u010dkih aktivnosti. \u0160kolovanje je nastavio u Vranju i u tamo\u0161njoj gimnaziji maturirao 1936. [&hellip;]<\/p>\n","protected":false},"author":83,"featured_media":87858,"comment_status":"open","ping_status":"open","sticky":false,"template":"","format":"standard","meta":{"footnotes":""},"categories":[72,800,10174,396,8957],"tags":[10240],"class_list":{"0":"post-87856","1":"post","2":"type-post","3":"status-publish","4":"format-standard","5":"has-post-thumbnail","7":"category-novi-pazar","8":"category-nacija","9":"category-petnjica-vase-vijesti","10":"category-bijelo_polje","11":"category-vijesti-dana","12":"tag-bkz"},"yoast_head":"<!-- This site is optimized with the Yoast SEO Premium plugin v23.1 (Yoast SEO v24.9) - https:\/\/yoast.com\/wordpress\/plugins\/seo\/ -->\n<title>Obilje\u017eeno 100 godina od ro\u0111enja \u0106amila Sijari\u0107a<\/title>\n<meta name=\"robots\" content=\"index, follow, max-snippet:-1, max-image-preview:large, max-video-preview:-1\" \/>\n<link rel=\"canonical\" href=\"https:\/\/sandzakpress.net\/arhiva\/obiljezeno-100-godina-od-rodenja-camila-sijarica\/\" \/>\n<meta property=\"og:locale\" content=\"bs_BA\" \/>\n<meta property=\"og:type\" content=\"article\" \/>\n<meta property=\"og:title\" content=\"Obilje\u017eeno 100 godina od ro\u0111enja \u0106amila Sijari\u0107a\" \/>\n<meta property=\"og:description\" content=\"Novi Pazar &#8211; \u0106amil Sijari\u0107 je ro\u0111en 13. septembra 1913. godine u selu \u0160ipovice. Osnovnu \u0161kolu je zavr\u0161io u Godijevu kod Bijelog Polja, a potom od 1927. do 1935. godine poha\u0111ao Veliku medresu kralja Aleksandra u Skoplju iz koje je istjeran zbog politi\u010dkih aktivnosti. \u0160kolovanje je nastavio u Vranju i u tamo\u0161njoj gimnaziji maturirao 1936. [&hellip;]\" \/>\n<meta property=\"og:url\" content=\"https:\/\/sandzakpress.net\/arhiva\/obiljezeno-100-godina-od-rodenja-camila-sijarica\/\" \/>\n<meta property=\"og:site_name\" content=\"Sand\u017eak PRESS\" \/>\n<meta property=\"article:published_time\" content=\"2013-09-14T11:17:57+00:00\" \/>\n<meta property=\"article:modified_time\" content=\"2013-09-14T11:20:34+00:00\" \/>\n<meta property=\"og:image\" content=\"https:\/\/sandzakpress.net\/arhiva\/wp-content\/uploads\/2013\/09\/1234025_10151717795278863_1769229327_n.jpg\" \/>\n\t<meta property=\"og:image:width\" content=\"616\" \/>\n\t<meta property=\"og:image:height\" content=\"340\" \/>\n\t<meta property=\"og:image:type\" content=\"image\/jpeg\" \/>\n<meta name=\"author\" content=\"bosniak\" \/>\n<meta name=\"twitter:card\" content=\"summary_large_image\" \/>\n<meta name=\"twitter:label1\" content=\"Written by\" \/>\n\t<meta name=\"twitter:data1\" content=\"bosniak\" \/>\n\t<meta name=\"twitter:label2\" content=\"Est. reading time\" \/>\n\t<meta name=\"twitter:data2\" content=\"1 minuta\" \/>\n<script type=\"application\/ld+json\" class=\"yoast-schema-graph\">{\"@context\":\"https:\/\/schema.org\",\"@graph\":[{\"@type\":\"Article\",\"@id\":\"https:\/\/sandzakpress.net\/arhiva\/obiljezeno-100-godina-od-rodenja-camila-sijarica\/#article\",\"isPartOf\":{\"@id\":\"https:\/\/sandzakpress.net\/arhiva\/obiljezeno-100-godina-od-rodenja-camila-sijarica\/\"},\"author\":{\"name\":\"bosniak\",\"@id\":\"https:\/\/sandzakpress.net\/arhiva\/#\/schema\/person\/c8baee722073534b583ea7bdb2e36c02\"},\"headline\":\"Obilje\u017eeno 100 godina od ro\u0111enja \u0106amila Sijari\u0107a\",\"datePublished\":\"2013-09-14T11:17:57+00:00\",\"dateModified\":\"2013-09-14T11:20:34+00:00\",\"mainEntityOfPage\":{\"@id\":\"https:\/\/sandzakpress.net\/arhiva\/obiljezeno-100-godina-od-rodenja-camila-sijarica\/\"},\"wordCount\":196,\"commentCount\":0,\"publisher\":{\"@id\":\"https:\/\/sandzakpress.net\/arhiva\/#\/schema\/person\/6e72b67d6e51910a1117b3b483ba20bd\"},\"image\":{\"@id\":\"https:\/\/sandzakpress.net\/arhiva\/obiljezeno-100-godina-od-rodenja-camila-sijarica\/#primaryimage\"},\"thumbnailUrl\":\"https:\/\/sandzakpress.net\/arhiva\/wp-content\/uploads\/2013\/09\/1234025_10151717795278863_1769229327_n.jpg\",\"keywords\":[\"BKZ\"],\"articleSection\":[\"Novi Pazar\",\"Nacija\",\"Petnjica\",\"Bijelo Polje\",\"VIJESTI DANA\"],\"inLanguage\":\"bs-BA\",\"potentialAction\":[{\"@type\":\"CommentAction\",\"name\":\"Comment\",\"target\":[\"https:\/\/sandzakpress.net\/arhiva\/obiljezeno-100-godina-od-rodenja-camila-sijarica\/#respond\"]}]},{\"@type\":\"WebPage\",\"@id\":\"https:\/\/sandzakpress.net\/arhiva\/obiljezeno-100-godina-od-rodenja-camila-sijarica\/\",\"url\":\"https:\/\/sandzakpress.net\/arhiva\/obiljezeno-100-godina-od-rodenja-camila-sijarica\/\",\"name\":\"Obilje\u017eeno 100 godina od ro\u0111enja \u0106amila Sijari\u0107a\",\"isPartOf\":{\"@id\":\"https:\/\/sandzakpress.net\/arhiva\/#website\"},\"primaryImageOfPage\":{\"@id\":\"https:\/\/sandzakpress.net\/arhiva\/obiljezeno-100-godina-od-rodenja-camila-sijarica\/#primaryimage\"},\"image\":{\"@id\":\"https:\/\/sandzakpress.net\/arhiva\/obiljezeno-100-godina-od-rodenja-camila-sijarica\/#primaryimage\"},\"thumbnailUrl\":\"https:\/\/sandzakpress.net\/arhiva\/wp-content\/uploads\/2013\/09\/1234025_10151717795278863_1769229327_n.jpg\",\"datePublished\":\"2013-09-14T11:17:57+00:00\",\"dateModified\":\"2013-09-14T11:20:34+00:00\",\"breadcrumb\":{\"@id\":\"https:\/\/sandzakpress.net\/arhiva\/obiljezeno-100-godina-od-rodenja-camila-sijarica\/#breadcrumb\"},\"inLanguage\":\"bs-BA\",\"potentialAction\":[{\"@type\":\"ReadAction\",\"target\":[\"https:\/\/sandzakpress.net\/arhiva\/obiljezeno-100-godina-od-rodenja-camila-sijarica\/\"]}]},{\"@type\":\"ImageObject\",\"inLanguage\":\"bs-BA\",\"@id\":\"https:\/\/sandzakpress.net\/arhiva\/obiljezeno-100-godina-od-rodenja-camila-sijarica\/#primaryimage\",\"url\":\"https:\/\/sandzakpress.net\/arhiva\/wp-content\/uploads\/2013\/09\/1234025_10151717795278863_1769229327_n.jpg\",\"contentUrl\":\"https:\/\/sandzakpress.net\/arhiva\/wp-content\/uploads\/2013\/09\/1234025_10151717795278863_1769229327_n.jpg\",\"width\":616,\"height\":340},{\"@type\":\"BreadcrumbList\",\"@id\":\"https:\/\/sandzakpress.net\/arhiva\/obiljezeno-100-godina-od-rodenja-camila-sijarica\/#breadcrumb\",\"itemListElement\":[{\"@type\":\"ListItem\",\"position\":1,\"name\":\"Home\",\"item\":\"https:\/\/sandzakpress.net\/arhiva\/\"},{\"@type\":\"ListItem\",\"position\":2,\"name\":\"Obilje\u017eeno 100 godina od ro\u0111enja \u0106amila Sijari\u0107a\"}]},{\"@type\":\"WebSite\",\"@id\":\"https:\/\/sandzakpress.net\/arhiva\/#website\",\"url\":\"https:\/\/sandzakpress.net\/arhiva\/\",\"name\":\"Sand\u017eak PRESS\",\"description\":\"Prve elektronske novine u Sand\u017eaku\",\"publisher\":{\"@id\":\"https:\/\/sandzakpress.net\/arhiva\/#\/schema\/person\/6e72b67d6e51910a1117b3b483ba20bd\"},\"potentialAction\":[{\"@type\":\"SearchAction\",\"target\":{\"@type\":\"EntryPoint\",\"urlTemplate\":\"https:\/\/sandzakpress.net\/arhiva\/?s={search_term_string}\"},\"query-input\":{\"@type\":\"PropertyValueSpecification\",\"valueRequired\":true,\"valueName\":\"search_term_string\"}}],\"inLanguage\":\"bs-BA\"},{\"@type\":[\"Person\",\"Organization\"],\"@id\":\"https:\/\/sandzakpress.net\/arhiva\/#\/schema\/person\/6e72b67d6e51910a1117b3b483ba20bd\",\"name\":\"Kul\",\"image\":{\"@type\":\"ImageObject\",\"inLanguage\":\"bs-BA\",\"@id\":\"https:\/\/sandzakpress.net\/arhiva\/#\/schema\/person\/image\/\",\"url\":\"https:\/\/secure.gravatar.com\/avatar\/42263f39aa27ac04c43cab85c280eb2e?s=96&d=mm&r=pg\",\"contentUrl\":\"https:\/\/secure.gravatar.com\/avatar\/42263f39aa27ac04c43cab85c280eb2e?s=96&d=mm&r=pg\",\"caption\":\"Kul\"},\"logo\":{\"@id\":\"https:\/\/sandzakpress.net\/arhiva\/#\/schema\/person\/image\/\"}},{\"@type\":\"Person\",\"@id\":\"https:\/\/sandzakpress.net\/arhiva\/#\/schema\/person\/c8baee722073534b583ea7bdb2e36c02\",\"name\":\"bosniak\",\"image\":{\"@type\":\"ImageObject\",\"inLanguage\":\"bs-BA\",\"@id\":\"https:\/\/sandzakpress.net\/arhiva\/#\/schema\/person\/image\/\",\"url\":\"https:\/\/secure.gravatar.com\/avatar\/a04fd330bfe3a36a72a0ad4a6d89fca7?s=96&d=mm&r=pg\",\"contentUrl\":\"https:\/\/secure.gravatar.com\/avatar\/a04fd330bfe3a36a72a0ad4a6d89fca7?s=96&d=mm&r=pg\",\"caption\":\"bosniak\"},\"url\":\"https:\/\/sandzakpress.net\/arhiva\/author\/bosniak\/\"}]}<\/script>\n<!-- \/ Yoast SEO Premium plugin. -->","yoast_head_json":{"title":"Obilje\u017eeno 100 godina od ro\u0111enja \u0106amila Sijari\u0107a","robots":{"index":"index","follow":"follow","max-snippet":"max-snippet:-1","max-image-preview":"max-image-preview:large","max-video-preview":"max-video-preview:-1"},"canonical":"https:\/\/sandzakpress.net\/arhiva\/obiljezeno-100-godina-od-rodenja-camila-sijarica\/","og_locale":"bs_BA","og_type":"article","og_title":"Obilje\u017eeno 100 godina od ro\u0111enja \u0106amila Sijari\u0107a","og_description":"Novi Pazar &#8211; \u0106amil Sijari\u0107 je ro\u0111en 13. septembra 1913. godine u selu \u0160ipovice. Osnovnu \u0161kolu je zavr\u0161io u Godijevu kod Bijelog Polja, a potom od 1927. do 1935. godine poha\u0111ao Veliku medresu kralja Aleksandra u Skoplju iz koje je istjeran zbog politi\u010dkih aktivnosti. \u0160kolovanje je nastavio u Vranju i u tamo\u0161njoj gimnaziji maturirao 1936. [&hellip;]","og_url":"https:\/\/sandzakpress.net\/arhiva\/obiljezeno-100-godina-od-rodenja-camila-sijarica\/","og_site_name":"Sand\u017eak PRESS","article_published_time":"2013-09-14T11:17:57+00:00","article_modified_time":"2013-09-14T11:20:34+00:00","og_image":[{"width":616,"height":340,"url":"https:\/\/sandzakpress.net\/arhiva\/wp-content\/uploads\/2013\/09\/1234025_10151717795278863_1769229327_n.jpg","type":"image\/jpeg"}],"author":"bosniak","twitter_card":"summary_large_image","twitter_misc":{"Written by":"bosniak","Est. reading time":"1 minuta"},"schema":{"@context":"https:\/\/schema.org","@graph":[{"@type":"Article","@id":"https:\/\/sandzakpress.net\/arhiva\/obiljezeno-100-godina-od-rodenja-camila-sijarica\/#article","isPartOf":{"@id":"https:\/\/sandzakpress.net\/arhiva\/obiljezeno-100-godina-od-rodenja-camila-sijarica\/"},"author":{"name":"bosniak","@id":"https:\/\/sandzakpress.net\/arhiva\/#\/schema\/person\/c8baee722073534b583ea7bdb2e36c02"},"headline":"Obilje\u017eeno 100 godina od ro\u0111enja \u0106amila Sijari\u0107a","datePublished":"2013-09-14T11:17:57+00:00","dateModified":"2013-09-14T11:20:34+00:00","mainEntityOfPage":{"@id":"https:\/\/sandzakpress.net\/arhiva\/obiljezeno-100-godina-od-rodenja-camila-sijarica\/"},"wordCount":196,"commentCount":0,"publisher":{"@id":"https:\/\/sandzakpress.net\/arhiva\/#\/schema\/person\/6e72b67d6e51910a1117b3b483ba20bd"},"image":{"@id":"https:\/\/sandzakpress.net\/arhiva\/obiljezeno-100-godina-od-rodenja-camila-sijarica\/#primaryimage"},"thumbnailUrl":"https:\/\/sandzakpress.net\/arhiva\/wp-content\/uploads\/2013\/09\/1234025_10151717795278863_1769229327_n.jpg","keywords":["BKZ"],"articleSection":["Novi Pazar","Nacija","Petnjica","Bijelo Polje","VIJESTI DANA"],"inLanguage":"bs-BA","potentialAction":[{"@type":"CommentAction","name":"Comment","target":["https:\/\/sandzakpress.net\/arhiva\/obiljezeno-100-godina-od-rodenja-camila-sijarica\/#respond"]}]},{"@type":"WebPage","@id":"https:\/\/sandzakpress.net\/arhiva\/obiljezeno-100-godina-od-rodenja-camila-sijarica\/","url":"https:\/\/sandzakpress.net\/arhiva\/obiljezeno-100-godina-od-rodenja-camila-sijarica\/","name":"Obilje\u017eeno 100 godina od ro\u0111enja \u0106amila Sijari\u0107a","isPartOf":{"@id":"https:\/\/sandzakpress.net\/arhiva\/#website"},"primaryImageOfPage":{"@id":"https:\/\/sandzakpress.net\/arhiva\/obiljezeno-100-godina-od-rodenja-camila-sijarica\/#primaryimage"},"image":{"@id":"https:\/\/sandzakpress.net\/arhiva\/obiljezeno-100-godina-od-rodenja-camila-sijarica\/#primaryimage"},"thumbnailUrl":"https:\/\/sandzakpress.net\/arhiva\/wp-content\/uploads\/2013\/09\/1234025_10151717795278863_1769229327_n.jpg","datePublished":"2013-09-14T11:17:57+00:00","dateModified":"2013-09-14T11:20:34+00:00","breadcrumb":{"@id":"https:\/\/sandzakpress.net\/arhiva\/obiljezeno-100-godina-od-rodenja-camila-sijarica\/#breadcrumb"},"inLanguage":"bs-BA","potentialAction":[{"@type":"ReadAction","target":["https:\/\/sandzakpress.net\/arhiva\/obiljezeno-100-godina-od-rodenja-camila-sijarica\/"]}]},{"@type":"ImageObject","inLanguage":"bs-BA","@id":"https:\/\/sandzakpress.net\/arhiva\/obiljezeno-100-godina-od-rodenja-camila-sijarica\/#primaryimage","url":"https:\/\/sandzakpress.net\/arhiva\/wp-content\/uploads\/2013\/09\/1234025_10151717795278863_1769229327_n.jpg","contentUrl":"https:\/\/sandzakpress.net\/arhiva\/wp-content\/uploads\/2013\/09\/1234025_10151717795278863_1769229327_n.jpg","width":616,"height":340},{"@type":"BreadcrumbList","@id":"https:\/\/sandzakpress.net\/arhiva\/obiljezeno-100-godina-od-rodenja-camila-sijarica\/#breadcrumb","itemListElement":[{"@type":"ListItem","position":1,"name":"Home","item":"https:\/\/sandzakpress.net\/arhiva\/"},{"@type":"ListItem","position":2,"name":"Obilje\u017eeno 100 godina od ro\u0111enja \u0106amila Sijari\u0107a"}]},{"@type":"WebSite","@id":"https:\/\/sandzakpress.net\/arhiva\/#website","url":"https:\/\/sandzakpress.net\/arhiva\/","name":"Sand\u017eak PRESS","description":"Prve elektronske novine u Sand\u017eaku","publisher":{"@id":"https:\/\/sandzakpress.net\/arhiva\/#\/schema\/person\/6e72b67d6e51910a1117b3b483ba20bd"},"potentialAction":[{"@type":"SearchAction","target":{"@type":"EntryPoint","urlTemplate":"https:\/\/sandzakpress.net\/arhiva\/?s={search_term_string}"},"query-input":{"@type":"PropertyValueSpecification","valueRequired":true,"valueName":"search_term_string"}}],"inLanguage":"bs-BA"},{"@type":["Person","Organization"],"@id":"https:\/\/sandzakpress.net\/arhiva\/#\/schema\/person\/6e72b67d6e51910a1117b3b483ba20bd","name":"Kul","image":{"@type":"ImageObject","inLanguage":"bs-BA","@id":"https:\/\/sandzakpress.net\/arhiva\/#\/schema\/person\/image\/","url":"https:\/\/secure.gravatar.com\/avatar\/42263f39aa27ac04c43cab85c280eb2e?s=96&d=mm&r=pg","contentUrl":"https:\/\/secure.gravatar.com\/avatar\/42263f39aa27ac04c43cab85c280eb2e?s=96&d=mm&r=pg","caption":"Kul"},"logo":{"@id":"https:\/\/sandzakpress.net\/arhiva\/#\/schema\/person\/image\/"}},{"@type":"Person","@id":"https:\/\/sandzakpress.net\/arhiva\/#\/schema\/person\/c8baee722073534b583ea7bdb2e36c02","name":"bosniak","image":{"@type":"ImageObject","inLanguage":"bs-BA","@id":"https:\/\/sandzakpress.net\/arhiva\/#\/schema\/person\/image\/","url":"https:\/\/secure.gravatar.com\/avatar\/a04fd330bfe3a36a72a0ad4a6d89fca7?s=96&d=mm&r=pg","contentUrl":"https:\/\/secure.gravatar.com\/avatar\/a04fd330bfe3a36a72a0ad4a6d89fca7?s=96&d=mm&r=pg","caption":"bosniak"},"url":"https:\/\/sandzakpress.net\/arhiva\/author\/bosniak\/"}]}},"_links":{"self":[{"href":"https:\/\/sandzakpress.net\/arhiva\/wp-json\/wp\/v2\/posts\/87856"}],"collection":[{"href":"https:\/\/sandzakpress.net\/arhiva\/wp-json\/wp\/v2\/posts"}],"about":[{"href":"https:\/\/sandzakpress.net\/arhiva\/wp-json\/wp\/v2\/types\/post"}],"author":[{"embeddable":true,"href":"https:\/\/sandzakpress.net\/arhiva\/wp-json\/wp\/v2\/users\/83"}],"replies":[{"embeddable":true,"href":"https:\/\/sandzakpress.net\/arhiva\/wp-json\/wp\/v2\/comments?post=87856"}],"version-history":[{"count":0,"href":"https:\/\/sandzakpress.net\/arhiva\/wp-json\/wp\/v2\/posts\/87856\/revisions"}],"wp:featuredmedia":[{"embeddable":true,"href":"https:\/\/sandzakpress.net\/arhiva\/wp-json\/wp\/v2\/media\/87858"}],"wp:attachment":[{"href":"https:\/\/sandzakpress.net\/arhiva\/wp-json\/wp\/v2\/media?parent=87856"}],"wp:term":[{"taxonomy":"category","embeddable":true,"href":"https:\/\/sandzakpress.net\/arhiva\/wp-json\/wp\/v2\/categories?post=87856"},{"taxonomy":"post_tag","embeddable":true,"href":"https:\/\/sandzakpress.net\/arhiva\/wp-json\/wp\/v2\/tags?post=87856"}],"curies":[{"name":"wp","href":"https:\/\/api.w.org\/{rel}","templated":true}]}}