{"id":87747,"date":"2013-09-13T11:23:10","date_gmt":"2013-09-13T09:23:10","guid":{"rendered":"https:\/\/sandzakpress.net\/arhiva\/?p=87747"},"modified":"2013-09-13T11:23:28","modified_gmt":"2013-09-13T09:23:28","slug":"dokle-ce-dzafer-nositi-dzak","status":"publish","type":"post","link":"https:\/\/sandzakpress.net\/arhiva\/dokle-ce-dzafer-nositi-dzak\/","title":{"rendered":"Dokle \u0107e D\u017eafer nositi d\u017eak?"},"content":{"rendered":"<p><img loading=\"lazy\" decoding=\"async\" class=\"aligncenter size-full wp-image-87749\" alt=\"D\u017eafer i njegov d\u017eak\" src=\"https:\/\/sandzakpress.net\/arhiva\/wp-content\/uploads\/2013\/09\/D\u017eafer-i-njegov-d\u017eak.jpg\" width=\"616\" height=\"665\" \/><\/p>\n<p>Prije neki dan voza\u010d u gradskom autobusu je na radio stanici na\u0161ao emitovanje vijesti gdje se javnosti saop\u0161tava da ,,roditelji bo\u0161nja\u010dke djece koja poha\u0111aju \u0161kolu &#8216;Sveti Sava&#8217; u Republici Srpskoj bojkotuju nastavu zbog toga \u0161to bo\u0161nja\u010dka djeca u\u010de samo srpski jezik. Roditelji se sad zala\u017eu za uvo\u0111enje grupe nacionalnih pedmeta na \u0161to po zakonu imaju pravo.&#8221;<\/p>\n<figure id=\"attachment_87748\" aria-describedby=\"caption-attachment-87748\" style=\"width: 300px\" class=\"wp-caption alignleft\"><img loading=\"lazy\" decoding=\"async\" class=\"size-full wp-image-87748\" alt=\"mersada\" src=\"https:\/\/sandzakpress.net\/arhiva\/wp-content\/uploads\/2013\/09\/mersada.jpg\" width=\"300\" height=\"225\" \/><figcaption id=\"caption-attachment-87748\" class=\"wp-caption-text\">Autor: Mersada Nuruddina Agovi\u0107<\/figcaption><\/figure>\n<p>Ispred mene u autobusu sjedila su dva srednjovje\u010dna \u010dovjeka od kojih je jedan bio \u00a0ne\u0161to stariji od onog drugog. Po\u010de stariji komentarisati vijesti, pa ka\u017ee: ,,Ma dosta je bilo i njihovog! Dosta sam ja, od malih nogu, u bukvaru u\u010dio da D\u017eafer mora nositi d\u017eak!&#8221; (Time je aludirao na poha\u0111anje nastave po nekada\u0161njem nastavnom planu i programu za prvi razred osnovne \u0161kole koji je sadr\u017eavao nastavnu jedinicu pisanja slova, gdje se pod slovom &#8221;d\u017e&#8221; u bukvaru-slovarici nalazila re\u010denica ,,<b>D\u017e<\/b>afer nosi <b>d\u017e<\/b>ak&#8221;.)<\/p>\n<p><b>Dijalog<\/b><\/p>\n<p>Njegov mla\u0111i sagovornik se smje\u0161kao i kao da ga je kratkim upadicama namjerno izazivao da ovaj poka\u017ee svoj temperament. Stariji je nastavio: ,,Sve sam pis'o re\u010denice kao \u0161to je na primjer,'Simo \u010dita knjigu.&#8221; Mla\u0111i \u0161eretski veli: ,,Pa mo\u017eda se nisu sjetili da &#8216;<b>S<\/b>imo mo\u017ee <b>s<\/b>lagati <b>s<\/b>ijeno&#8217;! &#8221; Stariji planu ,,Kako se nisu sjetili!?&#8221; i ne\u0161to opsova, pa upita: ,,&#8230;A jesi'l Ti im'o ono &#8216;U Sulje su u\u0161i da se iznenadi\u0161, mogao bi u njima kupus da posadi\u0161&#8217;? &#8221; Ovaj veli: ,,Nisam.&#8221; Ka\u017ee: ,,Ako mu je trebalo slovo &#8221;s&#8221; mog'o je napisat Stefan, al jok! Ho\u0107e on da Sulji u\u0161i budu prljave!&#8221;<\/p>\n<p>&nbsp;<\/p>\n<p>Dijalog ove dvojice, spontana tema i cijela situacija je prisutnim gra\u0111anima djelovala tragikomi\u010dno. Uskoro sam na sljede\u0107em stajali\u0161u iza\u0161la iz autobusa i prema svom odredi\u0161tu nastavila pje\u0161ice. U glavi mi je odzvanjao razgovor sugra\u0111ana, posebno \u00a0re\u010denica ,,D\u017eafer nosi d\u017eak&#8221;. Poku\u0161avala sam se sjetiti sta smo mi u Skoplju (Makedoniji), izvan tada\u0161njeg &#8221;srpsko-hrvatskog&#8221; govornog podru\u010dja imali pod slovom ,,d\u017e&#8221;, pa mi se sve \u010dinilo da je to bilo &#8221;d\u017eud\u017ee&#8221; (patuljak). I sama sam se pitala jesu li nadle\u017eni za izradu tada\u0161njih nastavnih planova i programa, zaista mogli smisliti neku re\u010denicu u kojoj na\u0161 jadni D\u017eafer ne bi bio osu\u0111en na hamalstvo. Naum su mi po\u010dele padati re\u010denice: D\u017eafer kupuje <b>d\u017e<\/b>ezvu, D\u017eafer gradi <b>d\u017e<\/b>amiju, D\u017eafer vozi <b>D\u017e<\/b>etu, D\u017eafer pilotira <b>D\u017e<\/b>ambo <b>d\u017e<\/b>etom&#8230;<\/p>\n<p><b>D\u017eafer osu\u0111en na hamalstvo<\/b><\/p>\n<p>To da je Bo\u0161njak D\u017eafer jo\u0161 od malih nogu bio osu\u0111en na hamalstvo potvr\u0111uje i sada\u0161nji diskriminatorski odnos prema Bo\u0161njacima u sredinama sa ve\u0107inskim srpskim stanovni\u0161tvom. U Prijepolju, na primjer, danas \u017eivi \u010dak vi\u0161e od 50% Bo\u0161njaka, ali od svih direktora preduze\u0107a, slu\u010dajno ili ne, direktor samo jednog preduze\u0107a je Bo\u0161njak, i to komunalnog. U mnogim ovakvim sredinama Bo\u0161njaci nemaju u svom vlasni\u0161tvu niti jednog medija, printanog glasila, radio, ni TV programa. U Sand\u017eaku (Novi Pazar) se licemjeran odnos dr\u017eave ogleda i kroz otvoreno o\u010dekivanje podani\u010dkog odnosa prema Srbiji i univerziteta kao institucije. Univerzitet koji pristane na takav odnos se, na primjer, akreditira za par sedmica, a onome koji ne pristane akreditovanje se komplicira godinama, uprkos presti\u017enih programa koji sadr\u017ee sve zakonom predvi\u0111ene elemente.<\/p>\n<p>&nbsp;<\/p>\n<p>U Bosni i Hercegovini su svi \u0161kolski programi prilago\u0111eni multikulturalnim sredinama i sadr\u017eaja su po potrebi svih etni\u010dkih grupa ili nijedne. \u010cak se i u televizijskim reklamama, marketing programima koriste neka neodre\u0111ena imena koja kao takva ne pripadaju niti jednoj etni\u010dkoj grupi ili bi mo\u017eda mogla pripadati svakoj kao &#8216;me\u0111unarodna&#8217;.<\/p>\n<p>&nbsp;<\/p>\n<p>Kakva je slika i u tzv. multikulturnim sredinama po pitanju raspore\u0111ivanja kvalificiranih na radna mjesta govori, na primjer, podatak da je u rudniku Dobrnja-Mramor kod multikulturalne Tuzle 1990.godine u eksploziji rudnika poginulo 180 rudara, od koji su 172 rudara bili Bo\u0161njaci, a 8 svi ostali. Naravno, \u010dasno je rudar D\u017eafer nosio svoj d\u017eak uglja i \u010dasno poginuo zaradjuju\u0107i svoj ,,hljeb sa sedam kora&#8221;. Svi mi, takvi &#8216;D\u017eaferi&#8217;, \u010dasno nosimo breme svojih odgovornosti i obaveza.<\/p>\n<p><b>&#8221;D\u017eak&#8221; kao teret odgovornosti i \u010dasno izvr\u0161avanje preuzetih obaveza<\/b><\/p>\n<p>Ako &#8221;d\u017eak&#8221; defini\u0161emo, ne kao podani\u010dko hamalstvo, ve\u0107 kao uobi\u010dajeni teret odgovornosti i preuzetih obaveza, onda smo svi mi na neki na\u010din D\u017eaferi. \u010casno i dostojanstveno nositi preuzete obaveze i odgovornosti i biti pouzdan radnik je za svaku po\u010dast i pohvalu. U Kur'anu a.\u0161. se ka\u017ee: ,,Ispunjavajte obavezu, jer \u0107e se za obavezu zaista odgovarati.&#8221; (El Isra, 34.)<\/p>\n<p>Kad ve\u0107 rudare spomenusmo, ove godine smo imali priliku u jednoj emisiji vidjeti njihov iftar u jami. Iako je to kategorija ljudi koja je radi te\u0161kog fizi\u010dkog posla, po \u00a0nekim islamskim u\u010denjacima, oslobo\u0111enja posta, mnogi rudari vjernici nisu ni pomi\u0161ljali da zbog skoro neizdr\u017eivog rudarskog posla prekinu post u mjesecu ramazanu. Dojmljiv je bio kadar gdje oni, onako bojom uglja namazanog lica i uniforme, prave kratku pauzu da iftare u osvijetljenoj jami, gdje, \u010dinilo se, svjetlost u jami ne daju lampe, ve\u0107 upravo nur sa njihovih lica i njihovi osmjesi prilikom razgovora sa kolegama i bra\u0107om u vjeri.<\/p>\n<p>Za to vrijeme neki drugi D\u017eaferi su na sebe tovarili d\u017eak pun grijeha.<\/p>\n<p><b>&#8221;D\u017eak&#8221; pun grijeha<\/b><\/p>\n<p>Ovakve d\u017eakove nose ve\u0107inom &#8221;D\u017eaferi kravata\u0161i&#8221; hamali velikosrpskih i velikohrvatskih re\u017eimskih projekata. Nose ih bo\u0161nja\u010dki ministri s obje strane Drine. Ovakve d\u017eakove nose izdajnici kojima su tu\u0111i interesi bitniji od interesa svoga naroda, a sve zarad li\u010dnog sitnog \u0161i\u0107ara.<\/p>\n<p>Javnosti se poku\u0161avaju prikazati kao uspje\u0161ni funkcioneri, a ustvari su to sve sami beskrupulozni manipulatori. Govore la\u017ei, kr\u0161e obe\u0107anja, obmanjuju pljuju\u0107i na sve \u0161to je \u010dasno i po\u0161teno. I \u010dak bi tu svoju pljuva\u010dku nekome podmetnuli kao kakav kozmeti\u010dki preparat. Jedan od tih bo\u0161nja\u010dkih ministara (ministar sigurnosti) je nedavno, na primjer, drsko pljunuo na ukazano istinito stanje stvari i jo\u0161 tra\u017ei da se njemu plati 100.000 KM \u0161to mu se biva na &#8221;grub&#8221; na\u010din ukazala istina.<\/p>\n<p>Jedan drugi, nema pre\u010deg posla, nego da na visokom nivou rje\u0161ava kupovinu stana\u00a0 \u00a0Jovanki Broz, dok su mnogi pripadnici njegovog naroda jo\u0161 uvijek bez krova nad glavom. Taj nikako da shvati za\u0161to su ba\u0161 njega, Bo\u0161njaka, u Srbiji postavili da bude \u010duvar ha\u0161kih optu\u017eenika, Ratka Mladi\u0107a i ostalih. Tobo\u017ee, nije se mogao na\u0107i nijedan Srbin iz Srbije da bude predsjednik njihovog Nacionalnog savjeta za saradnju sa Ha\u0161kim tribunalom, pa eto na\u0161li Bo\u0161njaka D\u017eafera za tu funkciju.<\/p>\n<p>SDP-ovski D\u017eafer iz Bosne i Hercegovine se sa svojim sramnim d\u017eakom maksimalno i konstantno trudi da mu se u Bosni i Hercegovini ne naljute Srbi i Hrvati, veli lako \u0107e on sa &#8216;svojima&#8217;, a &#8216;svoji&#8217; ve\u0107 du\u017ee vrijeme proklinju dan kad su mu tako visoku funkciju dali.<\/p>\n<p>Onaj D\u017eafer licemjerni \u0161to je radio na cijepanju Islamske zajednice u Sand\u017eaku i postavio srpskog reisa D\u017eafera u Beograd, sad se, ka\u017eu, kaje. Priznao da beogradski D\u017eafer ne\u0107e vi\u0161e da ga slu\u0161a, otrgao se kontroli, a on ovamo ne mo\u017ee vi\u0161e da nosi teret koji su mu natovarili. Svakog mjeseca obe\u0107ava da \u0107e zbaciti d\u017eak sa sebe, ali nikao ne uspijeva. Bezbeli, vezali ga sna\u017eno.<\/p>\n<p>&nbsp;<\/p>\n<p>Tako, ja razmi\u0161ljaju\u0107i o D\u017eaferu i negovom d\u017eaku do\u0111oh do svog odredi\u0161ta kojem sam bila po\u0161la. Na ulazu mi\u00a0 pade na pamet da poznajem i jednog po\u0161tenog &#8216;d\u017eafera&#8217; za kojeg su &#8221;velike ribe&#8221; umislile da je Junus a.s. i sad ga ganjaju da ga progutaju. Ali, znam, ne mogu mu one ni\u0161ta bez Allahova emera.<\/p>\n<p>&nbsp;<\/p>\n<p>(Saff br.346)<\/p>\n","protected":false},"excerpt":{"rendered":"<p>Mersada Nuruddina Agovi\u0107<\/p>\n","protected":false},"author":83,"featured_media":87749,"comment_status":"open","ping_status":"open","sticky":false,"template":"","format":"standard","meta":{"footnotes":""},"categories":[2860,10196],"tags":[10213],"class_list":{"0":"post-87747","1":"post","2":"type-post","3":"status-publish","4":"format-standard","5":"has-post-thumbnail","7":"category-bosna-i-hercegovina-gradovi","8":"category-iz-pera-nasih-autora","9":"tag-mersada-nuruddina-agovic"},"yoast_head":"<!-- This site is optimized with the Yoast SEO Premium plugin v23.1 (Yoast SEO v24.9) - https:\/\/yoast.com\/wordpress\/plugins\/seo\/ -->\n<title>Dokle \u0107e D\u017eafer nositi d\u017eak?<\/title>\n<meta name=\"robots\" content=\"index, follow, max-snippet:-1, max-image-preview:large, max-video-preview:-1\" \/>\n<link rel=\"canonical\" href=\"https:\/\/sandzakpress.net\/arhiva\/dokle-ce-dzafer-nositi-dzak\/\" \/>\n<meta property=\"og:locale\" content=\"bs_BA\" \/>\n<meta property=\"og:type\" content=\"article\" \/>\n<meta property=\"og:title\" content=\"Dokle \u0107e D\u017eafer nositi d\u017eak?\" \/>\n<meta property=\"og:description\" content=\"Mersada Nuruddina Agovi\u0107\" \/>\n<meta property=\"og:url\" content=\"https:\/\/sandzakpress.net\/arhiva\/dokle-ce-dzafer-nositi-dzak\/\" \/>\n<meta property=\"og:site_name\" content=\"Sand\u017eak PRESS\" \/>\n<meta property=\"article:published_time\" content=\"2013-09-13T09:23:10+00:00\" \/>\n<meta property=\"article:modified_time\" content=\"2013-09-13T09:23:28+00:00\" \/>\n<meta property=\"og:image\" content=\"https:\/\/sandzakpress.net\/arhiva\/wp-content\/uploads\/2013\/09\/D\u017eafer-i-njegov-d\u017eak.jpg\" \/>\n\t<meta property=\"og:image:width\" content=\"616\" \/>\n\t<meta property=\"og:image:height\" content=\"665\" \/>\n\t<meta property=\"og:image:type\" content=\"image\/jpeg\" \/>\n<meta name=\"author\" content=\"bosniak\" \/>\n<meta name=\"twitter:card\" content=\"summary_large_image\" \/>\n<meta name=\"twitter:label1\" content=\"Written by\" \/>\n\t<meta name=\"twitter:data1\" content=\"bosniak\" \/>\n\t<meta name=\"twitter:label2\" content=\"Est. reading time\" \/>\n\t<meta name=\"twitter:data2\" content=\"7 minuta\" \/>\n<script type=\"application\/ld+json\" class=\"yoast-schema-graph\">{\"@context\":\"https:\/\/schema.org\",\"@graph\":[{\"@type\":\"Article\",\"@id\":\"https:\/\/sandzakpress.net\/arhiva\/dokle-ce-dzafer-nositi-dzak\/#article\",\"isPartOf\":{\"@id\":\"https:\/\/sandzakpress.net\/arhiva\/dokle-ce-dzafer-nositi-dzak\/\"},\"author\":{\"name\":\"bosniak\",\"@id\":\"https:\/\/sandzakpress.net\/arhiva\/#\/schema\/person\/c8baee722073534b583ea7bdb2e36c02\"},\"headline\":\"Dokle \u0107e D\u017eafer nositi d\u017eak?\",\"datePublished\":\"2013-09-13T09:23:10+00:00\",\"dateModified\":\"2013-09-13T09:23:28+00:00\",\"mainEntityOfPage\":{\"@id\":\"https:\/\/sandzakpress.net\/arhiva\/dokle-ce-dzafer-nositi-dzak\/\"},\"wordCount\":1361,\"commentCount\":1,\"publisher\":{\"@id\":\"https:\/\/sandzakpress.net\/arhiva\/#\/schema\/person\/6e72b67d6e51910a1117b3b483ba20bd\"},\"image\":{\"@id\":\"https:\/\/sandzakpress.net\/arhiva\/dokle-ce-dzafer-nositi-dzak\/#primaryimage\"},\"thumbnailUrl\":\"https:\/\/sandzakpress.net\/arhiva\/wp-content\/uploads\/2013\/09\/D\u017eafer-i-njegov-d\u017eak.jpg\",\"keywords\":[\"Mersada Nuruddina Agovi\u0107\"],\"articleSection\":[\"Bosna i Hercegovina\",\"Iz pera na\u0161ih autora\"],\"inLanguage\":\"bs-BA\",\"potentialAction\":[{\"@type\":\"CommentAction\",\"name\":\"Comment\",\"target\":[\"https:\/\/sandzakpress.net\/arhiva\/dokle-ce-dzafer-nositi-dzak\/#respond\"]}]},{\"@type\":\"WebPage\",\"@id\":\"https:\/\/sandzakpress.net\/arhiva\/dokle-ce-dzafer-nositi-dzak\/\",\"url\":\"https:\/\/sandzakpress.net\/arhiva\/dokle-ce-dzafer-nositi-dzak\/\",\"name\":\"Dokle \u0107e D\u017eafer nositi d\u017eak?\",\"isPartOf\":{\"@id\":\"https:\/\/sandzakpress.net\/arhiva\/#website\"},\"primaryImageOfPage\":{\"@id\":\"https:\/\/sandzakpress.net\/arhiva\/dokle-ce-dzafer-nositi-dzak\/#primaryimage\"},\"image\":{\"@id\":\"https:\/\/sandzakpress.net\/arhiva\/dokle-ce-dzafer-nositi-dzak\/#primaryimage\"},\"thumbnailUrl\":\"https:\/\/sandzakpress.net\/arhiva\/wp-content\/uploads\/2013\/09\/D\u017eafer-i-njegov-d\u017eak.jpg\",\"datePublished\":\"2013-09-13T09:23:10+00:00\",\"dateModified\":\"2013-09-13T09:23:28+00:00\",\"breadcrumb\":{\"@id\":\"https:\/\/sandzakpress.net\/arhiva\/dokle-ce-dzafer-nositi-dzak\/#breadcrumb\"},\"inLanguage\":\"bs-BA\",\"potentialAction\":[{\"@type\":\"ReadAction\",\"target\":[\"https:\/\/sandzakpress.net\/arhiva\/dokle-ce-dzafer-nositi-dzak\/\"]}]},{\"@type\":\"ImageObject\",\"inLanguage\":\"bs-BA\",\"@id\":\"https:\/\/sandzakpress.net\/arhiva\/dokle-ce-dzafer-nositi-dzak\/#primaryimage\",\"url\":\"https:\/\/sandzakpress.net\/arhiva\/wp-content\/uploads\/2013\/09\/D\u017eafer-i-njegov-d\u017eak.jpg\",\"contentUrl\":\"https:\/\/sandzakpress.net\/arhiva\/wp-content\/uploads\/2013\/09\/D\u017eafer-i-njegov-d\u017eak.jpg\",\"width\":616,\"height\":665},{\"@type\":\"BreadcrumbList\",\"@id\":\"https:\/\/sandzakpress.net\/arhiva\/dokle-ce-dzafer-nositi-dzak\/#breadcrumb\",\"itemListElement\":[{\"@type\":\"ListItem\",\"position\":1,\"name\":\"Home\",\"item\":\"https:\/\/sandzakpress.net\/arhiva\/\"},{\"@type\":\"ListItem\",\"position\":2,\"name\":\"Dokle \u0107e D\u017eafer nositi d\u017eak?\"}]},{\"@type\":\"WebSite\",\"@id\":\"https:\/\/sandzakpress.net\/arhiva\/#website\",\"url\":\"https:\/\/sandzakpress.net\/arhiva\/\",\"name\":\"Sand\u017eak PRESS\",\"description\":\"Prve elektronske novine u Sand\u017eaku\",\"publisher\":{\"@id\":\"https:\/\/sandzakpress.net\/arhiva\/#\/schema\/person\/6e72b67d6e51910a1117b3b483ba20bd\"},\"potentialAction\":[{\"@type\":\"SearchAction\",\"target\":{\"@type\":\"EntryPoint\",\"urlTemplate\":\"https:\/\/sandzakpress.net\/arhiva\/?s={search_term_string}\"},\"query-input\":{\"@type\":\"PropertyValueSpecification\",\"valueRequired\":true,\"valueName\":\"search_term_string\"}}],\"inLanguage\":\"bs-BA\"},{\"@type\":[\"Person\",\"Organization\"],\"@id\":\"https:\/\/sandzakpress.net\/arhiva\/#\/schema\/person\/6e72b67d6e51910a1117b3b483ba20bd\",\"name\":\"Kul\",\"image\":{\"@type\":\"ImageObject\",\"inLanguage\":\"bs-BA\",\"@id\":\"https:\/\/sandzakpress.net\/arhiva\/#\/schema\/person\/image\/\",\"url\":\"https:\/\/secure.gravatar.com\/avatar\/42263f39aa27ac04c43cab85c280eb2e?s=96&d=mm&r=pg\",\"contentUrl\":\"https:\/\/secure.gravatar.com\/avatar\/42263f39aa27ac04c43cab85c280eb2e?s=96&d=mm&r=pg\",\"caption\":\"Kul\"},\"logo\":{\"@id\":\"https:\/\/sandzakpress.net\/arhiva\/#\/schema\/person\/image\/\"}},{\"@type\":\"Person\",\"@id\":\"https:\/\/sandzakpress.net\/arhiva\/#\/schema\/person\/c8baee722073534b583ea7bdb2e36c02\",\"name\":\"bosniak\",\"image\":{\"@type\":\"ImageObject\",\"inLanguage\":\"bs-BA\",\"@id\":\"https:\/\/sandzakpress.net\/arhiva\/#\/schema\/person\/image\/\",\"url\":\"https:\/\/secure.gravatar.com\/avatar\/a04fd330bfe3a36a72a0ad4a6d89fca7?s=96&d=mm&r=pg\",\"contentUrl\":\"https:\/\/secure.gravatar.com\/avatar\/a04fd330bfe3a36a72a0ad4a6d89fca7?s=96&d=mm&r=pg\",\"caption\":\"bosniak\"},\"url\":\"https:\/\/sandzakpress.net\/arhiva\/author\/bosniak\/\"}]}<\/script>\n<!-- \/ Yoast SEO Premium plugin. -->","yoast_head_json":{"title":"Dokle \u0107e D\u017eafer nositi d\u017eak?","robots":{"index":"index","follow":"follow","max-snippet":"max-snippet:-1","max-image-preview":"max-image-preview:large","max-video-preview":"max-video-preview:-1"},"canonical":"https:\/\/sandzakpress.net\/arhiva\/dokle-ce-dzafer-nositi-dzak\/","og_locale":"bs_BA","og_type":"article","og_title":"Dokle \u0107e D\u017eafer nositi d\u017eak?","og_description":"Mersada Nuruddina Agovi\u0107","og_url":"https:\/\/sandzakpress.net\/arhiva\/dokle-ce-dzafer-nositi-dzak\/","og_site_name":"Sand\u017eak PRESS","article_published_time":"2013-09-13T09:23:10+00:00","article_modified_time":"2013-09-13T09:23:28+00:00","og_image":[{"width":616,"height":665,"url":"https:\/\/sandzakpress.net\/arhiva\/wp-content\/uploads\/2013\/09\/D\u017eafer-i-njegov-d\u017eak.jpg","type":"image\/jpeg"}],"author":"bosniak","twitter_card":"summary_large_image","twitter_misc":{"Written by":"bosniak","Est. reading time":"7 minuta"},"schema":{"@context":"https:\/\/schema.org","@graph":[{"@type":"Article","@id":"https:\/\/sandzakpress.net\/arhiva\/dokle-ce-dzafer-nositi-dzak\/#article","isPartOf":{"@id":"https:\/\/sandzakpress.net\/arhiva\/dokle-ce-dzafer-nositi-dzak\/"},"author":{"name":"bosniak","@id":"https:\/\/sandzakpress.net\/arhiva\/#\/schema\/person\/c8baee722073534b583ea7bdb2e36c02"},"headline":"Dokle \u0107e D\u017eafer nositi d\u017eak?","datePublished":"2013-09-13T09:23:10+00:00","dateModified":"2013-09-13T09:23:28+00:00","mainEntityOfPage":{"@id":"https:\/\/sandzakpress.net\/arhiva\/dokle-ce-dzafer-nositi-dzak\/"},"wordCount":1361,"commentCount":1,"publisher":{"@id":"https:\/\/sandzakpress.net\/arhiva\/#\/schema\/person\/6e72b67d6e51910a1117b3b483ba20bd"},"image":{"@id":"https:\/\/sandzakpress.net\/arhiva\/dokle-ce-dzafer-nositi-dzak\/#primaryimage"},"thumbnailUrl":"https:\/\/sandzakpress.net\/arhiva\/wp-content\/uploads\/2013\/09\/D\u017eafer-i-njegov-d\u017eak.jpg","keywords":["Mersada Nuruddina Agovi\u0107"],"articleSection":["Bosna i Hercegovina","Iz pera na\u0161ih autora"],"inLanguage":"bs-BA","potentialAction":[{"@type":"CommentAction","name":"Comment","target":["https:\/\/sandzakpress.net\/arhiva\/dokle-ce-dzafer-nositi-dzak\/#respond"]}]},{"@type":"WebPage","@id":"https:\/\/sandzakpress.net\/arhiva\/dokle-ce-dzafer-nositi-dzak\/","url":"https:\/\/sandzakpress.net\/arhiva\/dokle-ce-dzafer-nositi-dzak\/","name":"Dokle \u0107e D\u017eafer nositi d\u017eak?","isPartOf":{"@id":"https:\/\/sandzakpress.net\/arhiva\/#website"},"primaryImageOfPage":{"@id":"https:\/\/sandzakpress.net\/arhiva\/dokle-ce-dzafer-nositi-dzak\/#primaryimage"},"image":{"@id":"https:\/\/sandzakpress.net\/arhiva\/dokle-ce-dzafer-nositi-dzak\/#primaryimage"},"thumbnailUrl":"https:\/\/sandzakpress.net\/arhiva\/wp-content\/uploads\/2013\/09\/D\u017eafer-i-njegov-d\u017eak.jpg","datePublished":"2013-09-13T09:23:10+00:00","dateModified":"2013-09-13T09:23:28+00:00","breadcrumb":{"@id":"https:\/\/sandzakpress.net\/arhiva\/dokle-ce-dzafer-nositi-dzak\/#breadcrumb"},"inLanguage":"bs-BA","potentialAction":[{"@type":"ReadAction","target":["https:\/\/sandzakpress.net\/arhiva\/dokle-ce-dzafer-nositi-dzak\/"]}]},{"@type":"ImageObject","inLanguage":"bs-BA","@id":"https:\/\/sandzakpress.net\/arhiva\/dokle-ce-dzafer-nositi-dzak\/#primaryimage","url":"https:\/\/sandzakpress.net\/arhiva\/wp-content\/uploads\/2013\/09\/D\u017eafer-i-njegov-d\u017eak.jpg","contentUrl":"https:\/\/sandzakpress.net\/arhiva\/wp-content\/uploads\/2013\/09\/D\u017eafer-i-njegov-d\u017eak.jpg","width":616,"height":665},{"@type":"BreadcrumbList","@id":"https:\/\/sandzakpress.net\/arhiva\/dokle-ce-dzafer-nositi-dzak\/#breadcrumb","itemListElement":[{"@type":"ListItem","position":1,"name":"Home","item":"https:\/\/sandzakpress.net\/arhiva\/"},{"@type":"ListItem","position":2,"name":"Dokle \u0107e D\u017eafer nositi d\u017eak?"}]},{"@type":"WebSite","@id":"https:\/\/sandzakpress.net\/arhiva\/#website","url":"https:\/\/sandzakpress.net\/arhiva\/","name":"Sand\u017eak PRESS","description":"Prve elektronske novine u Sand\u017eaku","publisher":{"@id":"https:\/\/sandzakpress.net\/arhiva\/#\/schema\/person\/6e72b67d6e51910a1117b3b483ba20bd"},"potentialAction":[{"@type":"SearchAction","target":{"@type":"EntryPoint","urlTemplate":"https:\/\/sandzakpress.net\/arhiva\/?s={search_term_string}"},"query-input":{"@type":"PropertyValueSpecification","valueRequired":true,"valueName":"search_term_string"}}],"inLanguage":"bs-BA"},{"@type":["Person","Organization"],"@id":"https:\/\/sandzakpress.net\/arhiva\/#\/schema\/person\/6e72b67d6e51910a1117b3b483ba20bd","name":"Kul","image":{"@type":"ImageObject","inLanguage":"bs-BA","@id":"https:\/\/sandzakpress.net\/arhiva\/#\/schema\/person\/image\/","url":"https:\/\/secure.gravatar.com\/avatar\/42263f39aa27ac04c43cab85c280eb2e?s=96&d=mm&r=pg","contentUrl":"https:\/\/secure.gravatar.com\/avatar\/42263f39aa27ac04c43cab85c280eb2e?s=96&d=mm&r=pg","caption":"Kul"},"logo":{"@id":"https:\/\/sandzakpress.net\/arhiva\/#\/schema\/person\/image\/"}},{"@type":"Person","@id":"https:\/\/sandzakpress.net\/arhiva\/#\/schema\/person\/c8baee722073534b583ea7bdb2e36c02","name":"bosniak","image":{"@type":"ImageObject","inLanguage":"bs-BA","@id":"https:\/\/sandzakpress.net\/arhiva\/#\/schema\/person\/image\/","url":"https:\/\/secure.gravatar.com\/avatar\/a04fd330bfe3a36a72a0ad4a6d89fca7?s=96&d=mm&r=pg","contentUrl":"https:\/\/secure.gravatar.com\/avatar\/a04fd330bfe3a36a72a0ad4a6d89fca7?s=96&d=mm&r=pg","caption":"bosniak"},"url":"https:\/\/sandzakpress.net\/arhiva\/author\/bosniak\/"}]}},"_links":{"self":[{"href":"https:\/\/sandzakpress.net\/arhiva\/wp-json\/wp\/v2\/posts\/87747"}],"collection":[{"href":"https:\/\/sandzakpress.net\/arhiva\/wp-json\/wp\/v2\/posts"}],"about":[{"href":"https:\/\/sandzakpress.net\/arhiva\/wp-json\/wp\/v2\/types\/post"}],"author":[{"embeddable":true,"href":"https:\/\/sandzakpress.net\/arhiva\/wp-json\/wp\/v2\/users\/83"}],"replies":[{"embeddable":true,"href":"https:\/\/sandzakpress.net\/arhiva\/wp-json\/wp\/v2\/comments?post=87747"}],"version-history":[{"count":0,"href":"https:\/\/sandzakpress.net\/arhiva\/wp-json\/wp\/v2\/posts\/87747\/revisions"}],"wp:featuredmedia":[{"embeddable":true,"href":"https:\/\/sandzakpress.net\/arhiva\/wp-json\/wp\/v2\/media\/87749"}],"wp:attachment":[{"href":"https:\/\/sandzakpress.net\/arhiva\/wp-json\/wp\/v2\/media?parent=87747"}],"wp:term":[{"taxonomy":"category","embeddable":true,"href":"https:\/\/sandzakpress.net\/arhiva\/wp-json\/wp\/v2\/categories?post=87747"},{"taxonomy":"post_tag","embeddable":true,"href":"https:\/\/sandzakpress.net\/arhiva\/wp-json\/wp\/v2\/tags?post=87747"}],"curies":[{"name":"wp","href":"https:\/\/api.w.org\/{rel}","templated":true}]}}