{"id":87521,"date":"2013-09-10T19:26:49","date_gmt":"2013-09-10T17:26:49","guid":{"rendered":"https:\/\/sandzakpress.net\/arhiva\/?p=87521"},"modified":"2013-09-10T19:26:49","modified_gmt":"2013-09-10T17:26:49","slug":"odbornici-bdz-a-se-vracaju-u-skupstinu-grada-novog-pazara","status":"publish","type":"post","link":"https:\/\/sandzakpress.net\/arhiva\/odbornici-bdz-a-se-vracaju-u-skupstinu-grada-novog-pazara\/","title":{"rendered":"Odbornici BDZ-a se vra\u0107aju u Skup\u0161tinu grada Novog Pazara"},"content":{"rendered":"<p><strong><img loading=\"lazy\" decoding=\"async\" class=\"alignleft size-medium wp-image-87522\" alt=\"a5a4d5452385cd78873c4642a08d38b8_M\" src=\"https:\/\/sandzakpress.net\/arhiva\/wp-content\/uploads\/2013\/09\/a5a4d5452385cd78873c4642a08d38b8_M-300x254.jpg\" width=\"300\" height=\"254\" \/>Novi Pazar &#8211; Predsjedni\u0161tvo Bo\u0161nja\u010dke demokratske zajednice Sand\u017eaka je na sjednici odr\u017eanoj 8. 9. 2013. godine razmatralo pitanje povratka Odborni\u010dke grupe \u201eBDZ dr. Jahja Fehratovi\u0107\u201c u Skup\u0161tinu grada Novoga Pazara.<\/strong><\/p>\n<p>Donijete su sljede\u0107e odluke:<\/p>\n<ol>\n<li>Odbornici BDZ Sand\u017eaka \u0107e od naredne sjednice Skup\u0161tine Novoga Pazara intenzivirati opozicioni anga\u017eman.<\/li>\n<li>U cilju u\u010dinkovitijeg djelovanja strana\u010dkih organa, dr. Adnan \u010cau\u0161evi\u0107 \u0107e u\u0107i u glavne strana\u010dke organe.<\/li>\n<li>Na mjesto odbornika Odborni\u010dke grupe \u201eBDZ dr. Jahja Fejratovi\u0107\u201c umjesto dr. \u010cau\u0161evi\u0107a delegira se in\u017einjer Enver Bi\u0161evac.<\/li>\n<\/ol>\n<p>&nbsp;<\/p>\n<p align=\"right\"><b>Informativna slu\u017eba<\/b><\/p>\n","protected":false},"excerpt":{"rendered":"<p>Novi Pazar &#8211; Predsjedni\u0161tvo Bo\u0161nja\u010dke demokratske zajednice Sand\u017eaka je na sjednici odr\u017eanoj 8. 9. 2013. godine razmatralo pitanje povratka Odborni\u010dke grupe \u201eBDZ dr. Jahja Fehratovi\u0107\u201c u Skup\u0161tinu grada Novoga Pazara. Donijete su sljede\u0107e odluke: Odbornici BDZ Sand\u017eaka \u0107e od naredne sjednice Skup\u0161tine Novoga Pazara intenzivirati opozicioni anga\u017eman. U cilju u\u010dinkovitijeg djelovanja strana\u010dkih organa, dr. Adnan [&hellip;]<\/p>\n","protected":false},"author":83,"featured_media":87523,"comment_status":"open","ping_status":"open","sticky":false,"template":"","format":"standard","meta":{"footnotes":""},"categories":[72,1,8957],"tags":[10223,10248],"class_list":{"0":"post-87521","1":"post","2":"type-post","3":"status-publish","4":"format-standard","5":"has-post-thumbnail","7":"category-novi-pazar","8":"category-politika","9":"category-vijesti-dana","10":"tag-bdz","11":"tag-gradska-uprava-novi-pazar"},"yoast_head":"<!-- This site is optimized with the Yoast SEO Premium plugin v23.1 (Yoast SEO v24.9) - https:\/\/yoast.com\/wordpress\/plugins\/seo\/ -->\n<title>Odbornici BDZ-a se vra\u0107aju u Skup\u0161tinu grada Novog Pazara<\/title>\n<meta name=\"robots\" content=\"index, follow, max-snippet:-1, max-image-preview:large, max-video-preview:-1\" \/>\n<link rel=\"canonical\" href=\"https:\/\/sandzakpress.net\/arhiva\/odbornici-bdz-a-se-vracaju-u-skupstinu-grada-novog-pazara\/\" \/>\n<meta property=\"og:locale\" content=\"bs_BA\" \/>\n<meta property=\"og:type\" content=\"article\" \/>\n<meta property=\"og:title\" content=\"Odbornici BDZ-a se vra\u0107aju u Skup\u0161tinu grada Novog Pazara\" \/>\n<meta property=\"og:description\" content=\"Novi Pazar &#8211; Predsjedni\u0161tvo Bo\u0161nja\u010dke demokratske zajednice Sand\u017eaka je na sjednici odr\u017eanoj 8. 9. 2013. godine razmatralo pitanje povratka Odborni\u010dke grupe \u201eBDZ dr. Jahja Fehratovi\u0107\u201c u Skup\u0161tinu grada Novoga Pazara. Donijete su sljede\u0107e odluke: Odbornici BDZ Sand\u017eaka \u0107e od naredne sjednice Skup\u0161tine Novoga Pazara intenzivirati opozicioni anga\u017eman. U cilju u\u010dinkovitijeg djelovanja strana\u010dkih organa, dr. Adnan [&hellip;]\" \/>\n<meta property=\"og:url\" content=\"https:\/\/sandzakpress.net\/arhiva\/odbornici-bdz-a-se-vracaju-u-skupstinu-grada-novog-pazara\/\" \/>\n<meta property=\"og:site_name\" content=\"Sand\u017eak PRESS\" \/>\n<meta property=\"article:published_time\" content=\"2013-09-10T17:26:49+00:00\" \/>\n<meta property=\"og:image\" content=\"https:\/\/sandzakpress.net\/arhiva\/wp-content\/uploads\/2013\/09\/a5a4d5452385cd78873c4642a08d38b8_M-300x2541.jpg\" \/>\n\t<meta property=\"og:image:width\" content=\"300\" \/>\n\t<meta property=\"og:image:height\" content=\"254\" \/>\n\t<meta property=\"og:image:type\" content=\"image\/jpeg\" \/>\n<meta name=\"author\" content=\"bosniak\" \/>\n<meta name=\"twitter:card\" content=\"summary_large_image\" \/>\n<meta name=\"twitter:label1\" content=\"Written by\" \/>\n\t<meta name=\"twitter:data1\" content=\"bosniak\" \/>\n\t<meta name=\"twitter:label2\" content=\"Est. reading time\" \/>\n\t<meta name=\"twitter:data2\" content=\"1 minuta\" \/>\n<script type=\"application\/ld+json\" class=\"yoast-schema-graph\">{\"@context\":\"https:\/\/schema.org\",\"@graph\":[{\"@type\":\"Article\",\"@id\":\"https:\/\/sandzakpress.net\/arhiva\/odbornici-bdz-a-se-vracaju-u-skupstinu-grada-novog-pazara\/#article\",\"isPartOf\":{\"@id\":\"https:\/\/sandzakpress.net\/arhiva\/odbornici-bdz-a-se-vracaju-u-skupstinu-grada-novog-pazara\/\"},\"author\":{\"name\":\"bosniak\",\"@id\":\"https:\/\/sandzakpress.net\/arhiva\/#\/schema\/person\/c8baee722073534b583ea7bdb2e36c02\"},\"headline\":\"Odbornici BDZ-a se vra\u0107aju u Skup\u0161tinu grada Novog Pazara\",\"datePublished\":\"2013-09-10T17:26:49+00:00\",\"mainEntityOfPage\":{\"@id\":\"https:\/\/sandzakpress.net\/arhiva\/odbornici-bdz-a-se-vracaju-u-skupstinu-grada-novog-pazara\/\"},\"wordCount\":112,\"commentCount\":1,\"publisher\":{\"@id\":\"https:\/\/sandzakpress.net\/arhiva\/#\/schema\/person\/6e72b67d6e51910a1117b3b483ba20bd\"},\"image\":{\"@id\":\"https:\/\/sandzakpress.net\/arhiva\/odbornici-bdz-a-se-vracaju-u-skupstinu-grada-novog-pazara\/#primaryimage\"},\"thumbnailUrl\":\"https:\/\/sandzakpress.net\/arhiva\/wp-content\/uploads\/2013\/09\/a5a4d5452385cd78873c4642a08d38b8_M-300x2541.jpg\",\"keywords\":[\"BDZ\",\"Vlast u Novom Pazaru\"],\"articleSection\":[\"Novi Pazar\",\"Politika\",\"VIJESTI DANA\"],\"inLanguage\":\"bs-BA\",\"potentialAction\":[{\"@type\":\"CommentAction\",\"name\":\"Comment\",\"target\":[\"https:\/\/sandzakpress.net\/arhiva\/odbornici-bdz-a-se-vracaju-u-skupstinu-grada-novog-pazara\/#respond\"]}]},{\"@type\":\"WebPage\",\"@id\":\"https:\/\/sandzakpress.net\/arhiva\/odbornici-bdz-a-se-vracaju-u-skupstinu-grada-novog-pazara\/\",\"url\":\"https:\/\/sandzakpress.net\/arhiva\/odbornici-bdz-a-se-vracaju-u-skupstinu-grada-novog-pazara\/\",\"name\":\"Odbornici BDZ-a se vra\u0107aju u Skup\u0161tinu grada Novog Pazara\",\"isPartOf\":{\"@id\":\"https:\/\/sandzakpress.net\/arhiva\/#website\"},\"primaryImageOfPage\":{\"@id\":\"https:\/\/sandzakpress.net\/arhiva\/odbornici-bdz-a-se-vracaju-u-skupstinu-grada-novog-pazara\/#primaryimage\"},\"image\":{\"@id\":\"https:\/\/sandzakpress.net\/arhiva\/odbornici-bdz-a-se-vracaju-u-skupstinu-grada-novog-pazara\/#primaryimage\"},\"thumbnailUrl\":\"https:\/\/sandzakpress.net\/arhiva\/wp-content\/uploads\/2013\/09\/a5a4d5452385cd78873c4642a08d38b8_M-300x2541.jpg\",\"datePublished\":\"2013-09-10T17:26:49+00:00\",\"breadcrumb\":{\"@id\":\"https:\/\/sandzakpress.net\/arhiva\/odbornici-bdz-a-se-vracaju-u-skupstinu-grada-novog-pazara\/#breadcrumb\"},\"inLanguage\":\"bs-BA\",\"potentialAction\":[{\"@type\":\"ReadAction\",\"target\":[\"https:\/\/sandzakpress.net\/arhiva\/odbornici-bdz-a-se-vracaju-u-skupstinu-grada-novog-pazara\/\"]}]},{\"@type\":\"ImageObject\",\"inLanguage\":\"bs-BA\",\"@id\":\"https:\/\/sandzakpress.net\/arhiva\/odbornici-bdz-a-se-vracaju-u-skupstinu-grada-novog-pazara\/#primaryimage\",\"url\":\"https:\/\/sandzakpress.net\/arhiva\/wp-content\/uploads\/2013\/09\/a5a4d5452385cd78873c4642a08d38b8_M-300x2541.jpg\",\"contentUrl\":\"https:\/\/sandzakpress.net\/arhiva\/wp-content\/uploads\/2013\/09\/a5a4d5452385cd78873c4642a08d38b8_M-300x2541.jpg\",\"width\":300,\"height\":254},{\"@type\":\"BreadcrumbList\",\"@id\":\"https:\/\/sandzakpress.net\/arhiva\/odbornici-bdz-a-se-vracaju-u-skupstinu-grada-novog-pazara\/#breadcrumb\",\"itemListElement\":[{\"@type\":\"ListItem\",\"position\":1,\"name\":\"Home\",\"item\":\"https:\/\/sandzakpress.net\/arhiva\/\"},{\"@type\":\"ListItem\",\"position\":2,\"name\":\"Odbornici BDZ-a se vra\u0107aju u Skup\u0161tinu grada Novog Pazara\"}]},{\"@type\":\"WebSite\",\"@id\":\"https:\/\/sandzakpress.net\/arhiva\/#website\",\"url\":\"https:\/\/sandzakpress.net\/arhiva\/\",\"name\":\"Sand\u017eak PRESS\",\"description\":\"Prve elektronske novine u Sand\u017eaku\",\"publisher\":{\"@id\":\"https:\/\/sandzakpress.net\/arhiva\/#\/schema\/person\/6e72b67d6e51910a1117b3b483ba20bd\"},\"potentialAction\":[{\"@type\":\"SearchAction\",\"target\":{\"@type\":\"EntryPoint\",\"urlTemplate\":\"https:\/\/sandzakpress.net\/arhiva\/?s={search_term_string}\"},\"query-input\":{\"@type\":\"PropertyValueSpecification\",\"valueRequired\":true,\"valueName\":\"search_term_string\"}}],\"inLanguage\":\"bs-BA\"},{\"@type\":[\"Person\",\"Organization\"],\"@id\":\"https:\/\/sandzakpress.net\/arhiva\/#\/schema\/person\/6e72b67d6e51910a1117b3b483ba20bd\",\"name\":\"Kul\",\"image\":{\"@type\":\"ImageObject\",\"inLanguage\":\"bs-BA\",\"@id\":\"https:\/\/sandzakpress.net\/arhiva\/#\/schema\/person\/image\/\",\"url\":\"https:\/\/secure.gravatar.com\/avatar\/42263f39aa27ac04c43cab85c280eb2e?s=96&d=mm&r=pg\",\"contentUrl\":\"https:\/\/secure.gravatar.com\/avatar\/42263f39aa27ac04c43cab85c280eb2e?s=96&d=mm&r=pg\",\"caption\":\"Kul\"},\"logo\":{\"@id\":\"https:\/\/sandzakpress.net\/arhiva\/#\/schema\/person\/image\/\"}},{\"@type\":\"Person\",\"@id\":\"https:\/\/sandzakpress.net\/arhiva\/#\/schema\/person\/c8baee722073534b583ea7bdb2e36c02\",\"name\":\"bosniak\",\"image\":{\"@type\":\"ImageObject\",\"inLanguage\":\"bs-BA\",\"@id\":\"https:\/\/sandzakpress.net\/arhiva\/#\/schema\/person\/image\/\",\"url\":\"https:\/\/secure.gravatar.com\/avatar\/a04fd330bfe3a36a72a0ad4a6d89fca7?s=96&d=mm&r=pg\",\"contentUrl\":\"https:\/\/secure.gravatar.com\/avatar\/a04fd330bfe3a36a72a0ad4a6d89fca7?s=96&d=mm&r=pg\",\"caption\":\"bosniak\"},\"url\":\"https:\/\/sandzakpress.net\/arhiva\/author\/bosniak\/\"}]}<\/script>\n<!-- \/ Yoast SEO Premium plugin. -->","yoast_head_json":{"title":"Odbornici BDZ-a se vra\u0107aju u Skup\u0161tinu grada Novog Pazara","robots":{"index":"index","follow":"follow","max-snippet":"max-snippet:-1","max-image-preview":"max-image-preview:large","max-video-preview":"max-video-preview:-1"},"canonical":"https:\/\/sandzakpress.net\/arhiva\/odbornici-bdz-a-se-vracaju-u-skupstinu-grada-novog-pazara\/","og_locale":"bs_BA","og_type":"article","og_title":"Odbornici BDZ-a se vra\u0107aju u Skup\u0161tinu grada Novog Pazara","og_description":"Novi Pazar &#8211; Predsjedni\u0161tvo Bo\u0161nja\u010dke demokratske zajednice Sand\u017eaka je na sjednici odr\u017eanoj 8. 9. 2013. godine razmatralo pitanje povratka Odborni\u010dke grupe \u201eBDZ dr. Jahja Fehratovi\u0107\u201c u Skup\u0161tinu grada Novoga Pazara. Donijete su sljede\u0107e odluke: Odbornici BDZ Sand\u017eaka \u0107e od naredne sjednice Skup\u0161tine Novoga Pazara intenzivirati opozicioni anga\u017eman. U cilju u\u010dinkovitijeg djelovanja strana\u010dkih organa, dr. Adnan [&hellip;]","og_url":"https:\/\/sandzakpress.net\/arhiva\/odbornici-bdz-a-se-vracaju-u-skupstinu-grada-novog-pazara\/","og_site_name":"Sand\u017eak PRESS","article_published_time":"2013-09-10T17:26:49+00:00","og_image":[{"width":300,"height":254,"url":"https:\/\/sandzakpress.net\/arhiva\/wp-content\/uploads\/2013\/09\/a5a4d5452385cd78873c4642a08d38b8_M-300x2541.jpg","type":"image\/jpeg"}],"author":"bosniak","twitter_card":"summary_large_image","twitter_misc":{"Written by":"bosniak","Est. reading time":"1 minuta"},"schema":{"@context":"https:\/\/schema.org","@graph":[{"@type":"Article","@id":"https:\/\/sandzakpress.net\/arhiva\/odbornici-bdz-a-se-vracaju-u-skupstinu-grada-novog-pazara\/#article","isPartOf":{"@id":"https:\/\/sandzakpress.net\/arhiva\/odbornici-bdz-a-se-vracaju-u-skupstinu-grada-novog-pazara\/"},"author":{"name":"bosniak","@id":"https:\/\/sandzakpress.net\/arhiva\/#\/schema\/person\/c8baee722073534b583ea7bdb2e36c02"},"headline":"Odbornici BDZ-a se vra\u0107aju u Skup\u0161tinu grada Novog Pazara","datePublished":"2013-09-10T17:26:49+00:00","mainEntityOfPage":{"@id":"https:\/\/sandzakpress.net\/arhiva\/odbornici-bdz-a-se-vracaju-u-skupstinu-grada-novog-pazara\/"},"wordCount":112,"commentCount":1,"publisher":{"@id":"https:\/\/sandzakpress.net\/arhiva\/#\/schema\/person\/6e72b67d6e51910a1117b3b483ba20bd"},"image":{"@id":"https:\/\/sandzakpress.net\/arhiva\/odbornici-bdz-a-se-vracaju-u-skupstinu-grada-novog-pazara\/#primaryimage"},"thumbnailUrl":"https:\/\/sandzakpress.net\/arhiva\/wp-content\/uploads\/2013\/09\/a5a4d5452385cd78873c4642a08d38b8_M-300x2541.jpg","keywords":["BDZ","Vlast u Novom Pazaru"],"articleSection":["Novi Pazar","Politika","VIJESTI DANA"],"inLanguage":"bs-BA","potentialAction":[{"@type":"CommentAction","name":"Comment","target":["https:\/\/sandzakpress.net\/arhiva\/odbornici-bdz-a-se-vracaju-u-skupstinu-grada-novog-pazara\/#respond"]}]},{"@type":"WebPage","@id":"https:\/\/sandzakpress.net\/arhiva\/odbornici-bdz-a-se-vracaju-u-skupstinu-grada-novog-pazara\/","url":"https:\/\/sandzakpress.net\/arhiva\/odbornici-bdz-a-se-vracaju-u-skupstinu-grada-novog-pazara\/","name":"Odbornici BDZ-a se vra\u0107aju u Skup\u0161tinu grada Novog Pazara","isPartOf":{"@id":"https:\/\/sandzakpress.net\/arhiva\/#website"},"primaryImageOfPage":{"@id":"https:\/\/sandzakpress.net\/arhiva\/odbornici-bdz-a-se-vracaju-u-skupstinu-grada-novog-pazara\/#primaryimage"},"image":{"@id":"https:\/\/sandzakpress.net\/arhiva\/odbornici-bdz-a-se-vracaju-u-skupstinu-grada-novog-pazara\/#primaryimage"},"thumbnailUrl":"https:\/\/sandzakpress.net\/arhiva\/wp-content\/uploads\/2013\/09\/a5a4d5452385cd78873c4642a08d38b8_M-300x2541.jpg","datePublished":"2013-09-10T17:26:49+00:00","breadcrumb":{"@id":"https:\/\/sandzakpress.net\/arhiva\/odbornici-bdz-a-se-vracaju-u-skupstinu-grada-novog-pazara\/#breadcrumb"},"inLanguage":"bs-BA","potentialAction":[{"@type":"ReadAction","target":["https:\/\/sandzakpress.net\/arhiva\/odbornici-bdz-a-se-vracaju-u-skupstinu-grada-novog-pazara\/"]}]},{"@type":"ImageObject","inLanguage":"bs-BA","@id":"https:\/\/sandzakpress.net\/arhiva\/odbornici-bdz-a-se-vracaju-u-skupstinu-grada-novog-pazara\/#primaryimage","url":"https:\/\/sandzakpress.net\/arhiva\/wp-content\/uploads\/2013\/09\/a5a4d5452385cd78873c4642a08d38b8_M-300x2541.jpg","contentUrl":"https:\/\/sandzakpress.net\/arhiva\/wp-content\/uploads\/2013\/09\/a5a4d5452385cd78873c4642a08d38b8_M-300x2541.jpg","width":300,"height":254},{"@type":"BreadcrumbList","@id":"https:\/\/sandzakpress.net\/arhiva\/odbornici-bdz-a-se-vracaju-u-skupstinu-grada-novog-pazara\/#breadcrumb","itemListElement":[{"@type":"ListItem","position":1,"name":"Home","item":"https:\/\/sandzakpress.net\/arhiva\/"},{"@type":"ListItem","position":2,"name":"Odbornici BDZ-a se vra\u0107aju u Skup\u0161tinu grada Novog Pazara"}]},{"@type":"WebSite","@id":"https:\/\/sandzakpress.net\/arhiva\/#website","url":"https:\/\/sandzakpress.net\/arhiva\/","name":"Sand\u017eak PRESS","description":"Prve elektronske novine u Sand\u017eaku","publisher":{"@id":"https:\/\/sandzakpress.net\/arhiva\/#\/schema\/person\/6e72b67d6e51910a1117b3b483ba20bd"},"potentialAction":[{"@type":"SearchAction","target":{"@type":"EntryPoint","urlTemplate":"https:\/\/sandzakpress.net\/arhiva\/?s={search_term_string}"},"query-input":{"@type":"PropertyValueSpecification","valueRequired":true,"valueName":"search_term_string"}}],"inLanguage":"bs-BA"},{"@type":["Person","Organization"],"@id":"https:\/\/sandzakpress.net\/arhiva\/#\/schema\/person\/6e72b67d6e51910a1117b3b483ba20bd","name":"Kul","image":{"@type":"ImageObject","inLanguage":"bs-BA","@id":"https:\/\/sandzakpress.net\/arhiva\/#\/schema\/person\/image\/","url":"https:\/\/secure.gravatar.com\/avatar\/42263f39aa27ac04c43cab85c280eb2e?s=96&d=mm&r=pg","contentUrl":"https:\/\/secure.gravatar.com\/avatar\/42263f39aa27ac04c43cab85c280eb2e?s=96&d=mm&r=pg","caption":"Kul"},"logo":{"@id":"https:\/\/sandzakpress.net\/arhiva\/#\/schema\/person\/image\/"}},{"@type":"Person","@id":"https:\/\/sandzakpress.net\/arhiva\/#\/schema\/person\/c8baee722073534b583ea7bdb2e36c02","name":"bosniak","image":{"@type":"ImageObject","inLanguage":"bs-BA","@id":"https:\/\/sandzakpress.net\/arhiva\/#\/schema\/person\/image\/","url":"https:\/\/secure.gravatar.com\/avatar\/a04fd330bfe3a36a72a0ad4a6d89fca7?s=96&d=mm&r=pg","contentUrl":"https:\/\/secure.gravatar.com\/avatar\/a04fd330bfe3a36a72a0ad4a6d89fca7?s=96&d=mm&r=pg","caption":"bosniak"},"url":"https:\/\/sandzakpress.net\/arhiva\/author\/bosniak\/"}]}},"_links":{"self":[{"href":"https:\/\/sandzakpress.net\/arhiva\/wp-json\/wp\/v2\/posts\/87521"}],"collection":[{"href":"https:\/\/sandzakpress.net\/arhiva\/wp-json\/wp\/v2\/posts"}],"about":[{"href":"https:\/\/sandzakpress.net\/arhiva\/wp-json\/wp\/v2\/types\/post"}],"author":[{"embeddable":true,"href":"https:\/\/sandzakpress.net\/arhiva\/wp-json\/wp\/v2\/users\/83"}],"replies":[{"embeddable":true,"href":"https:\/\/sandzakpress.net\/arhiva\/wp-json\/wp\/v2\/comments?post=87521"}],"version-history":[{"count":0,"href":"https:\/\/sandzakpress.net\/arhiva\/wp-json\/wp\/v2\/posts\/87521\/revisions"}],"wp:featuredmedia":[{"embeddable":true,"href":"https:\/\/sandzakpress.net\/arhiva\/wp-json\/wp\/v2\/media\/87523"}],"wp:attachment":[{"href":"https:\/\/sandzakpress.net\/arhiva\/wp-json\/wp\/v2\/media?parent=87521"}],"wp:term":[{"taxonomy":"category","embeddable":true,"href":"https:\/\/sandzakpress.net\/arhiva\/wp-json\/wp\/v2\/categories?post=87521"},{"taxonomy":"post_tag","embeddable":true,"href":"https:\/\/sandzakpress.net\/arhiva\/wp-json\/wp\/v2\/tags?post=87521"}],"curies":[{"name":"wp","href":"https:\/\/api.w.org\/{rel}","templated":true}]}}