{"id":87398,"date":"2013-09-09T08:06:01","date_gmt":"2013-09-09T06:06:01","guid":{"rendered":"https:\/\/sandzakpress.net\/arhiva\/?p=87398"},"modified":"2013-09-09T08:06:01","modified_gmt":"2013-09-09T06:06:01","slug":"nema-uslova-za-izbore-u-petnjici","status":"publish","type":"post","link":"https:\/\/sandzakpress.net\/arhiva\/nema-uslova-za-izbore-u-petnjici\/","title":{"rendered":"Nema uslova za izbore u Petnjici"},"content":{"rendered":"<p><strong><a href=\"https:\/\/sandzakpress.net\/arhiva\/wp-content\/uploads\/2013\/09\/index2.jpeg\"><img loading=\"lazy\" decoding=\"async\" class=\"alignleft size-full wp-image-87399\" alt=\"index\" src=\"https:\/\/sandzakpress.net\/arhiva\/wp-content\/uploads\/2013\/09\/index2.jpeg\" width=\"259\" height=\"194\" \/><\/a>Petnjica &#8211; Demokratski front zatra\u017eio da DIK hitno konstatuje da nema uslova za odr\u017eavanje izbora u Petnjici \u2013 saop\u0161tio je Goran Danilovi\u0107<\/strong><\/p>\n<p>Poslanici vladaju\u0107e koalicije predlo\u017eili su Skup\u0161tini Crne Gore da predsjednika, sekretara, \u010dlanove i zamjenike \u010dlanova Dr\u017eavne izborne komisije imenuje u sastav Op\u0161tinske izborne komisije Petnjice. To u opoziciji smatraju pravno nedopustivim jer se obesmi\u0161ljava drugostepeni postupak u izbornom procesu. Zbog tog i drugih propusta opozicija je pozvala Dr\u017eavnu izbornu komisiju da konstatuje da nema uslova za odr\u017eavanje lokalnih izbora u novoformiranoj op\u0161tini, zakazanih za 16. novembar.<br \/>\nPotpredsjednik Socijalisti\u010dke narodne partije Neven Go\u0161ovi\u0107 kazao je za \u201eDan\u201d da je ovakav predlog neprihvatljiv jer je iz vi\u0161e razloga problemati\u010dan sa aspekta uskla\u0111enosti sa zakonom. Ukazuje, izme\u0111u ostalog, da DIK mo\u017ee preuzeti nadle\u017enosti op\u0161tinskih izbornih komisija samo za parlamentarne, ali ne i za lokalne izbore.<br \/>\n\u2013 Zakonom o izboru odbornika i poslanika propisano je da op\u0161tinska izborna komisija ima predsjednika, sekretara i pet \u010dlanova u stalnom sastavu. Ako bi bila usvojena predlo\u017eena odluka OIK Petnjice imala bi predsjednika, sekretara i devet \u010dlanova. Skup\u0161tina jeste ovla\u0161\u0107ena da imenuje izbornu komisiju novoosnovane op\u0161tine, ali ne i da pove\u0107ava broj njenih \u010dlanova \u2013 poja\u0161njava Go\u0161ovi\u0107.<br \/>\nNajzna\u010dajniji razlog zbog kojeg ovakvu odluku ne treba podr\u017eati, smatra on, je u tome \u0161to bi njenim usvajanjem OIK Petnjice i DIK imale isti personalni sastav.<br \/>\n\u2013 To zna\u010di da bi isti ljudi odlu\u010divali o prigovorima u\u010desnika izbora na rad bira\u010dkih odbora a onda i o prigovorima na rad Op\u0161tinske izborne komisije. To je pravno nedopustivo jer bi se onemogu\u0107ila dvostepenost u postupku odlu\u010divanja u izbornom procesu \u2013 podvukao je Go\u0161ovi\u0107.<br \/>\nI za Demokratski front ovakav predlog je potpuno neprihvatljiv i besmislen.<br \/>\n\u2013 U tom slu\u010daju treba ukinuti sve op\u0161tinske izborne komisije u Crnj Gori. Ovakav predlog je nedopustiv. Ako DIK mo\u017ee samo u jednom slu\u010daju da obavlja posao op\u0161tinske izborne komisije, onda mo\u017ee i bilo koje druge. Ovo je besmislica, a postavlja se i pitanje ko bi u izbornom procesu u Petnjici bio drugostepeni organ. Dr\u017eavna izborna komisija ne bi mogla da radi u tom periodu svoj posao. Problem je u drugostepenom postupku jer bi \u010dlanovi DIK-a odlu\u010divali o sopstvenim odlukama donijetim u prvom stepenu \u2013 upozorio je poslanik Fronta Goran Danilovi\u0107.<br \/>\nOn je ju\u010de od Dr\u017eavne izborne komisije zatra\u017eio da hitno zauzme stav da nema uslova za odr\u017eavanje lokalnih izbora u Petnjici. U dopisu podsje\u0107a da Skup\u0161tina Crne Gore nije ispunila zakonsku obavezu formiranja izborne komisije u novoosnovanoj op\u0161tini. Ukazuje da je odlukom o raspisivanju izbora precizirano da rokovi za sprovo\u0111enje izbornih radnji u op\u0161tini Petnjica po\u010dinju danom objavljivanja, odnosno od 2. septembra.<br \/>\n\u2013 Zahtijevamo od vas da date mi\u0161ljenje o tome koji organ za sprovo\u0111enje predmetnih izbora, u slu\u010daju kada ne postoji Op\u0161tinska izborna komisija Petnjica, postupa u skladu sa ovla\u0161\u0107anjima iz \u010dlanova 26 i 27 Zakona o izboru odbornika i poslanika, te da li je izborni proces i u samom po\u010detku u ovoj op\u0161tini legalan i zakonit \u2013 naveo je funkcioner DF-a.<br \/>\nTra\u017ei da DIK uputstvom precizno defini\u0161e ko na izborima u Petnjici ima aktivno bira\u010dko pravo, i pojasni zna\u010denje rije\u010di \u201elokalno stanovni\u0161tvo\u201d, \u201ebira\u010d\u201d i \u201egra\u0111anin\u201d sa aspekta konkretnog izbornog procesa.<br \/>\n\u2013 Predla\u017eemo da DIK u najkra\u0107em roku donese mi\u0161ljenje da ne postoje uslovi za odr\u017eavanje izbora za odbornike u Skup\u0161tini op\u0161tine Petnjica na osnovu odluke predsjednika Crne Gore od 2. septembra \u2013 istakao je Danilovi\u0107.<br \/>\nTra\u017ei i da DIK konstatuje da izbori za odbornike u SO Petnjica nijesu mogu\u0107i i da ne bi bili legalni bez rje\u0161avanja prethodnih pitanja u skladu sa propisima i bez definisanja odnosa i odr\u017eavanja istovremenih izbora u Beranama i Petnjici.<br \/>\nSkup\u0161tina \u0107e o predlogu za izbor OIK Petnjice raspravljati na vanrednoj sjednici 20. septembra.V.RADENOVI\u0106<\/p>\n<p>Pove\u0107ani tro\u0161kovi<\/p>\n<p>Potpredsjednik SNP-a Neven Go\u0161ovi\u0107 upozorio je da bi usvajanje odluke po kojoj bi kompletan sastav DIK-a \u010dinio izbornu komisiju u Petnjici prouzrokovalo i dodatne tro\u0161kove i organizacione probleme.<br \/>\n\u2013 Tro\u0161kovi bi bili pove\u0107ani jer bi \u010dlanovi DIK-a morali da putuju u Petnjicu. Tu su i tro\u0161kovi njihovog boravka u Petnjici, koji mora biti stalan, pogotovo od podno\u0161enja lista do odr\u017eavanja izbora. Bilo bi cjelishodinije da su se predlaga\u010di opredijelili da postoje\u0107i sastav Op\u0161tinske izborne komisije u Beranama bude imenovan za OIK Petnjica. Rije\u010d je o ljudima kojima je poznata problematika, a bilo bi lak\u0161e organizovati posao \u2013 sugeri\u0161e Go\u0161ovi\u0107 i dodaje da bi time obezbijedili i dvostepenost u odlu\u010divanju i bili bi manji tro\u0161kovi izbora.<\/p>\n<p>Kadija te tu\u017ei, kadija te sudi<\/p>\n<p>Predlogom koji su potpisali poslanici DPS-a SDP-a i Kemal Zoronji\u0107 iz BS-a predvi\u0111eno je da na \u010delu OIK-a Petnjica bude predsjednik DIK-a Ivan Kalezi\u0107 a da mjesto sekretara zauzme Milisav \u0106ori\u0107, koji tu funkciju obavlja i na dr\u017eavnom nivou. Za \u010dlanove DIK-a su predlo\u017eeni Radmila \u0160turanovi\u0107, Ljiljana Radovi\u0107, Branka Lako\u010devi\u0107, Borislav Globarevi\u0107, Hakija Lje\u0161njanin, Safet Adrovi\u0107, Veljo \u010ca\u0111enovi\u0107, Milan Radulovi\u0107 i Hajrulah Hajdari, svi iz stalnog sastava DIK-a, a za zamjenika predsjednika OIK Petnjica predlo\u017eena je Slavka Mara\u0161, koja tu funkciju obavlja i u DIK-u. Predlog vladaju\u0107ih partija je da zamjenici \u010dlanova petnji\u010dke izborne komisije budu Tarik Gad\u017eovi\u0107, Dragana Ranitovi\u0107, Goranka Vu\u010dini\u0107, \u0110or\u0111ije Uli\u0107evi\u0107, Goran Miranovi\u0107, Adem Milju\u0161, Dra\u017een Medojevi\u0107 Boris \u0106orsovi\u0107 i Pavle Paskovi\u0107. Svi oni su na funkcijama zamjenika \u010dlaniova DIK-a.<br \/>\nUz predlog odluke dato je \u0161turo obrazlo\u017eenje u kojem se podsje\u0107a na zakonsku obavezu parlamenta da imenuje izbornu komisiju u novoosnovanoj op\u0161tini.<br \/>\n\u2013 Cijene\u0107i specifi\u010dnost organizacije izbora u novoosnovanoj op\u0161tini ovom odlukom je predlo\u017eeno da se u sastav OIK Petnjice imenuju \u010dlanovi DIK-a. Mandat OIK-a Petnjice ograni\u010den je i traje do isteka 30 dana od konstituisanja Skup\u0161tine op\u0161tine \u2013 navedeno je u obrazlo\u017eenju.<\/p>\n<p>(dan.co.me)<\/p>\n","protected":false},"excerpt":{"rendered":"<p>Petnjica &#8211; Demokratski front zatra\u017eio da DIK hitno konstatuje da nema uslova za odr\u017eavanje izbora u Petnjici \u2013 saop\u0161tio je Goran Danilovi\u0107 Poslanici vladaju\u0107e koalicije predlo\u017eili su Skup\u0161tini Crne Gore da predsjednika, sekretara, \u010dlanove i zamjenike \u010dlanova Dr\u017eavne izborne komisije imenuje u sastav Op\u0161tinske izborne komisije Petnjice. To u opoziciji smatraju pravno nedopustivim jer se [&hellip;]<\/p>\n","protected":false},"author":83,"featured_media":87399,"comment_status":"open","ping_status":"open","sticky":false,"template":"","format":"standard","meta":{"footnotes":""},"categories":[1,10174],"tags":[],"class_list":{"0":"post-87398","1":"post","2":"type-post","3":"status-publish","4":"format-standard","5":"has-post-thumbnail","7":"category-politika","8":"category-petnjica-vase-vijesti"},"yoast_head":"<!-- This site is optimized with the Yoast SEO Premium plugin v23.1 (Yoast SEO v24.9) - https:\/\/yoast.com\/wordpress\/plugins\/seo\/ -->\n<title>Nema uslova za izbore u Petnjici<\/title>\n<meta name=\"robots\" content=\"index, follow, max-snippet:-1, max-image-preview:large, max-video-preview:-1\" \/>\n<link rel=\"canonical\" href=\"https:\/\/sandzakpress.net\/arhiva\/nema-uslova-za-izbore-u-petnjici\/\" \/>\n<meta property=\"og:locale\" content=\"bs_BA\" \/>\n<meta property=\"og:type\" content=\"article\" \/>\n<meta property=\"og:title\" content=\"Nema uslova za izbore u Petnjici\" \/>\n<meta property=\"og:description\" content=\"Petnjica &#8211; Demokratski front zatra\u017eio da DIK hitno konstatuje da nema uslova za odr\u017eavanje izbora u Petnjici \u2013 saop\u0161tio je Goran Danilovi\u0107 Poslanici vladaju\u0107e koalicije predlo\u017eili su Skup\u0161tini Crne Gore da predsjednika, sekretara, \u010dlanove i zamjenike \u010dlanova Dr\u017eavne izborne komisije imenuje u sastav Op\u0161tinske izborne komisije Petnjice. To u opoziciji smatraju pravno nedopustivim jer se [&hellip;]\" \/>\n<meta property=\"og:url\" content=\"https:\/\/sandzakpress.net\/arhiva\/nema-uslova-za-izbore-u-petnjici\/\" \/>\n<meta property=\"og:site_name\" content=\"Sand\u017eak PRESS\" \/>\n<meta property=\"article:published_time\" content=\"2013-09-09T06:06:01+00:00\" \/>\n<meta property=\"og:image\" content=\"https:\/\/sandzakpress.net\/arhiva\/wp-content\/uploads\/2013\/09\/index2.jpeg\" \/>\n\t<meta property=\"og:image:width\" content=\"259\" \/>\n\t<meta property=\"og:image:height\" content=\"194\" \/>\n\t<meta property=\"og:image:type\" content=\"image\/jpeg\" \/>\n<meta name=\"author\" content=\"bosniak\" \/>\n<meta name=\"twitter:card\" content=\"summary_large_image\" \/>\n<meta name=\"twitter:label1\" content=\"Written by\" \/>\n\t<meta name=\"twitter:data1\" content=\"bosniak\" \/>\n\t<meta name=\"twitter:label2\" content=\"Est. reading time\" \/>\n\t<meta name=\"twitter:data2\" content=\"5 minuta\" \/>\n<script type=\"application\/ld+json\" class=\"yoast-schema-graph\">{\"@context\":\"https:\/\/schema.org\",\"@graph\":[{\"@type\":\"Article\",\"@id\":\"https:\/\/sandzakpress.net\/arhiva\/nema-uslova-za-izbore-u-petnjici\/#article\",\"isPartOf\":{\"@id\":\"https:\/\/sandzakpress.net\/arhiva\/nema-uslova-za-izbore-u-petnjici\/\"},\"author\":{\"name\":\"bosniak\",\"@id\":\"https:\/\/sandzakpress.net\/arhiva\/#\/schema\/person\/c8baee722073534b583ea7bdb2e36c02\"},\"headline\":\"Nema uslova za izbore u Petnjici\",\"datePublished\":\"2013-09-09T06:06:01+00:00\",\"mainEntityOfPage\":{\"@id\":\"https:\/\/sandzakpress.net\/arhiva\/nema-uslova-za-izbore-u-petnjici\/\"},\"wordCount\":1028,\"commentCount\":0,\"publisher\":{\"@id\":\"https:\/\/sandzakpress.net\/arhiva\/#\/schema\/person\/6e72b67d6e51910a1117b3b483ba20bd\"},\"image\":{\"@id\":\"https:\/\/sandzakpress.net\/arhiva\/nema-uslova-za-izbore-u-petnjici\/#primaryimage\"},\"thumbnailUrl\":\"https:\/\/sandzakpress.net\/arhiva\/wp-content\/uploads\/2013\/09\/index2.jpeg\",\"articleSection\":[\"Politika\",\"Petnjica\"],\"inLanguage\":\"bs-BA\",\"potentialAction\":[{\"@type\":\"CommentAction\",\"name\":\"Comment\",\"target\":[\"https:\/\/sandzakpress.net\/arhiva\/nema-uslova-za-izbore-u-petnjici\/#respond\"]}]},{\"@type\":\"WebPage\",\"@id\":\"https:\/\/sandzakpress.net\/arhiva\/nema-uslova-za-izbore-u-petnjici\/\",\"url\":\"https:\/\/sandzakpress.net\/arhiva\/nema-uslova-za-izbore-u-petnjici\/\",\"name\":\"Nema uslova za izbore u Petnjici\",\"isPartOf\":{\"@id\":\"https:\/\/sandzakpress.net\/arhiva\/#website\"},\"primaryImageOfPage\":{\"@id\":\"https:\/\/sandzakpress.net\/arhiva\/nema-uslova-za-izbore-u-petnjici\/#primaryimage\"},\"image\":{\"@id\":\"https:\/\/sandzakpress.net\/arhiva\/nema-uslova-za-izbore-u-petnjici\/#primaryimage\"},\"thumbnailUrl\":\"https:\/\/sandzakpress.net\/arhiva\/wp-content\/uploads\/2013\/09\/index2.jpeg\",\"datePublished\":\"2013-09-09T06:06:01+00:00\",\"breadcrumb\":{\"@id\":\"https:\/\/sandzakpress.net\/arhiva\/nema-uslova-za-izbore-u-petnjici\/#breadcrumb\"},\"inLanguage\":\"bs-BA\",\"potentialAction\":[{\"@type\":\"ReadAction\",\"target\":[\"https:\/\/sandzakpress.net\/arhiva\/nema-uslova-za-izbore-u-petnjici\/\"]}]},{\"@type\":\"ImageObject\",\"inLanguage\":\"bs-BA\",\"@id\":\"https:\/\/sandzakpress.net\/arhiva\/nema-uslova-za-izbore-u-petnjici\/#primaryimage\",\"url\":\"https:\/\/sandzakpress.net\/arhiva\/wp-content\/uploads\/2013\/09\/index2.jpeg\",\"contentUrl\":\"https:\/\/sandzakpress.net\/arhiva\/wp-content\/uploads\/2013\/09\/index2.jpeg\",\"width\":259,\"height\":194},{\"@type\":\"BreadcrumbList\",\"@id\":\"https:\/\/sandzakpress.net\/arhiva\/nema-uslova-za-izbore-u-petnjici\/#breadcrumb\",\"itemListElement\":[{\"@type\":\"ListItem\",\"position\":1,\"name\":\"Home\",\"item\":\"https:\/\/sandzakpress.net\/arhiva\/\"},{\"@type\":\"ListItem\",\"position\":2,\"name\":\"Nema uslova za izbore u Petnjici\"}]},{\"@type\":\"WebSite\",\"@id\":\"https:\/\/sandzakpress.net\/arhiva\/#website\",\"url\":\"https:\/\/sandzakpress.net\/arhiva\/\",\"name\":\"Sand\u017eak PRESS\",\"description\":\"Prve elektronske novine u Sand\u017eaku\",\"publisher\":{\"@id\":\"https:\/\/sandzakpress.net\/arhiva\/#\/schema\/person\/6e72b67d6e51910a1117b3b483ba20bd\"},\"potentialAction\":[{\"@type\":\"SearchAction\",\"target\":{\"@type\":\"EntryPoint\",\"urlTemplate\":\"https:\/\/sandzakpress.net\/arhiva\/?s={search_term_string}\"},\"query-input\":{\"@type\":\"PropertyValueSpecification\",\"valueRequired\":true,\"valueName\":\"search_term_string\"}}],\"inLanguage\":\"bs-BA\"},{\"@type\":[\"Person\",\"Organization\"],\"@id\":\"https:\/\/sandzakpress.net\/arhiva\/#\/schema\/person\/6e72b67d6e51910a1117b3b483ba20bd\",\"name\":\"Kul\",\"image\":{\"@type\":\"ImageObject\",\"inLanguage\":\"bs-BA\",\"@id\":\"https:\/\/sandzakpress.net\/arhiva\/#\/schema\/person\/image\/\",\"url\":\"https:\/\/secure.gravatar.com\/avatar\/42263f39aa27ac04c43cab85c280eb2e?s=96&d=mm&r=pg\",\"contentUrl\":\"https:\/\/secure.gravatar.com\/avatar\/42263f39aa27ac04c43cab85c280eb2e?s=96&d=mm&r=pg\",\"caption\":\"Kul\"},\"logo\":{\"@id\":\"https:\/\/sandzakpress.net\/arhiva\/#\/schema\/person\/image\/\"}},{\"@type\":\"Person\",\"@id\":\"https:\/\/sandzakpress.net\/arhiva\/#\/schema\/person\/c8baee722073534b583ea7bdb2e36c02\",\"name\":\"bosniak\",\"image\":{\"@type\":\"ImageObject\",\"inLanguage\":\"bs-BA\",\"@id\":\"https:\/\/sandzakpress.net\/arhiva\/#\/schema\/person\/image\/\",\"url\":\"https:\/\/secure.gravatar.com\/avatar\/a04fd330bfe3a36a72a0ad4a6d89fca7?s=96&d=mm&r=pg\",\"contentUrl\":\"https:\/\/secure.gravatar.com\/avatar\/a04fd330bfe3a36a72a0ad4a6d89fca7?s=96&d=mm&r=pg\",\"caption\":\"bosniak\"},\"url\":\"https:\/\/sandzakpress.net\/arhiva\/author\/bosniak\/\"}]}<\/script>\n<!-- \/ Yoast SEO Premium plugin. -->","yoast_head_json":{"title":"Nema uslova za izbore u Petnjici","robots":{"index":"index","follow":"follow","max-snippet":"max-snippet:-1","max-image-preview":"max-image-preview:large","max-video-preview":"max-video-preview:-1"},"canonical":"https:\/\/sandzakpress.net\/arhiva\/nema-uslova-za-izbore-u-petnjici\/","og_locale":"bs_BA","og_type":"article","og_title":"Nema uslova za izbore u Petnjici","og_description":"Petnjica &#8211; Demokratski front zatra\u017eio da DIK hitno konstatuje da nema uslova za odr\u017eavanje izbora u Petnjici \u2013 saop\u0161tio je Goran Danilovi\u0107 Poslanici vladaju\u0107e koalicije predlo\u017eili su Skup\u0161tini Crne Gore da predsjednika, sekretara, \u010dlanove i zamjenike \u010dlanova Dr\u017eavne izborne komisije imenuje u sastav Op\u0161tinske izborne komisije Petnjice. To u opoziciji smatraju pravno nedopustivim jer se [&hellip;]","og_url":"https:\/\/sandzakpress.net\/arhiva\/nema-uslova-za-izbore-u-petnjici\/","og_site_name":"Sand\u017eak PRESS","article_published_time":"2013-09-09T06:06:01+00:00","og_image":[{"width":259,"height":194,"url":"https:\/\/sandzakpress.net\/arhiva\/wp-content\/uploads\/2013\/09\/index2.jpeg","type":"image\/jpeg"}],"author":"bosniak","twitter_card":"summary_large_image","twitter_misc":{"Written by":"bosniak","Est. reading time":"5 minuta"},"schema":{"@context":"https:\/\/schema.org","@graph":[{"@type":"Article","@id":"https:\/\/sandzakpress.net\/arhiva\/nema-uslova-za-izbore-u-petnjici\/#article","isPartOf":{"@id":"https:\/\/sandzakpress.net\/arhiva\/nema-uslova-za-izbore-u-petnjici\/"},"author":{"name":"bosniak","@id":"https:\/\/sandzakpress.net\/arhiva\/#\/schema\/person\/c8baee722073534b583ea7bdb2e36c02"},"headline":"Nema uslova za izbore u Petnjici","datePublished":"2013-09-09T06:06:01+00:00","mainEntityOfPage":{"@id":"https:\/\/sandzakpress.net\/arhiva\/nema-uslova-za-izbore-u-petnjici\/"},"wordCount":1028,"commentCount":0,"publisher":{"@id":"https:\/\/sandzakpress.net\/arhiva\/#\/schema\/person\/6e72b67d6e51910a1117b3b483ba20bd"},"image":{"@id":"https:\/\/sandzakpress.net\/arhiva\/nema-uslova-za-izbore-u-petnjici\/#primaryimage"},"thumbnailUrl":"https:\/\/sandzakpress.net\/arhiva\/wp-content\/uploads\/2013\/09\/index2.jpeg","articleSection":["Politika","Petnjica"],"inLanguage":"bs-BA","potentialAction":[{"@type":"CommentAction","name":"Comment","target":["https:\/\/sandzakpress.net\/arhiva\/nema-uslova-za-izbore-u-petnjici\/#respond"]}]},{"@type":"WebPage","@id":"https:\/\/sandzakpress.net\/arhiva\/nema-uslova-za-izbore-u-petnjici\/","url":"https:\/\/sandzakpress.net\/arhiva\/nema-uslova-za-izbore-u-petnjici\/","name":"Nema uslova za izbore u Petnjici","isPartOf":{"@id":"https:\/\/sandzakpress.net\/arhiva\/#website"},"primaryImageOfPage":{"@id":"https:\/\/sandzakpress.net\/arhiva\/nema-uslova-za-izbore-u-petnjici\/#primaryimage"},"image":{"@id":"https:\/\/sandzakpress.net\/arhiva\/nema-uslova-za-izbore-u-petnjici\/#primaryimage"},"thumbnailUrl":"https:\/\/sandzakpress.net\/arhiva\/wp-content\/uploads\/2013\/09\/index2.jpeg","datePublished":"2013-09-09T06:06:01+00:00","breadcrumb":{"@id":"https:\/\/sandzakpress.net\/arhiva\/nema-uslova-za-izbore-u-petnjici\/#breadcrumb"},"inLanguage":"bs-BA","potentialAction":[{"@type":"ReadAction","target":["https:\/\/sandzakpress.net\/arhiva\/nema-uslova-za-izbore-u-petnjici\/"]}]},{"@type":"ImageObject","inLanguage":"bs-BA","@id":"https:\/\/sandzakpress.net\/arhiva\/nema-uslova-za-izbore-u-petnjici\/#primaryimage","url":"https:\/\/sandzakpress.net\/arhiva\/wp-content\/uploads\/2013\/09\/index2.jpeg","contentUrl":"https:\/\/sandzakpress.net\/arhiva\/wp-content\/uploads\/2013\/09\/index2.jpeg","width":259,"height":194},{"@type":"BreadcrumbList","@id":"https:\/\/sandzakpress.net\/arhiva\/nema-uslova-za-izbore-u-petnjici\/#breadcrumb","itemListElement":[{"@type":"ListItem","position":1,"name":"Home","item":"https:\/\/sandzakpress.net\/arhiva\/"},{"@type":"ListItem","position":2,"name":"Nema uslova za izbore u Petnjici"}]},{"@type":"WebSite","@id":"https:\/\/sandzakpress.net\/arhiva\/#website","url":"https:\/\/sandzakpress.net\/arhiva\/","name":"Sand\u017eak PRESS","description":"Prve elektronske novine u Sand\u017eaku","publisher":{"@id":"https:\/\/sandzakpress.net\/arhiva\/#\/schema\/person\/6e72b67d6e51910a1117b3b483ba20bd"},"potentialAction":[{"@type":"SearchAction","target":{"@type":"EntryPoint","urlTemplate":"https:\/\/sandzakpress.net\/arhiva\/?s={search_term_string}"},"query-input":{"@type":"PropertyValueSpecification","valueRequired":true,"valueName":"search_term_string"}}],"inLanguage":"bs-BA"},{"@type":["Person","Organization"],"@id":"https:\/\/sandzakpress.net\/arhiva\/#\/schema\/person\/6e72b67d6e51910a1117b3b483ba20bd","name":"Kul","image":{"@type":"ImageObject","inLanguage":"bs-BA","@id":"https:\/\/sandzakpress.net\/arhiva\/#\/schema\/person\/image\/","url":"https:\/\/secure.gravatar.com\/avatar\/42263f39aa27ac04c43cab85c280eb2e?s=96&d=mm&r=pg","contentUrl":"https:\/\/secure.gravatar.com\/avatar\/42263f39aa27ac04c43cab85c280eb2e?s=96&d=mm&r=pg","caption":"Kul"},"logo":{"@id":"https:\/\/sandzakpress.net\/arhiva\/#\/schema\/person\/image\/"}},{"@type":"Person","@id":"https:\/\/sandzakpress.net\/arhiva\/#\/schema\/person\/c8baee722073534b583ea7bdb2e36c02","name":"bosniak","image":{"@type":"ImageObject","inLanguage":"bs-BA","@id":"https:\/\/sandzakpress.net\/arhiva\/#\/schema\/person\/image\/","url":"https:\/\/secure.gravatar.com\/avatar\/a04fd330bfe3a36a72a0ad4a6d89fca7?s=96&d=mm&r=pg","contentUrl":"https:\/\/secure.gravatar.com\/avatar\/a04fd330bfe3a36a72a0ad4a6d89fca7?s=96&d=mm&r=pg","caption":"bosniak"},"url":"https:\/\/sandzakpress.net\/arhiva\/author\/bosniak\/"}]}},"_links":{"self":[{"href":"https:\/\/sandzakpress.net\/arhiva\/wp-json\/wp\/v2\/posts\/87398"}],"collection":[{"href":"https:\/\/sandzakpress.net\/arhiva\/wp-json\/wp\/v2\/posts"}],"about":[{"href":"https:\/\/sandzakpress.net\/arhiva\/wp-json\/wp\/v2\/types\/post"}],"author":[{"embeddable":true,"href":"https:\/\/sandzakpress.net\/arhiva\/wp-json\/wp\/v2\/users\/83"}],"replies":[{"embeddable":true,"href":"https:\/\/sandzakpress.net\/arhiva\/wp-json\/wp\/v2\/comments?post=87398"}],"version-history":[{"count":0,"href":"https:\/\/sandzakpress.net\/arhiva\/wp-json\/wp\/v2\/posts\/87398\/revisions"}],"wp:featuredmedia":[{"embeddable":true,"href":"https:\/\/sandzakpress.net\/arhiva\/wp-json\/wp\/v2\/media\/87399"}],"wp:attachment":[{"href":"https:\/\/sandzakpress.net\/arhiva\/wp-json\/wp\/v2\/media?parent=87398"}],"wp:term":[{"taxonomy":"category","embeddable":true,"href":"https:\/\/sandzakpress.net\/arhiva\/wp-json\/wp\/v2\/categories?post=87398"},{"taxonomy":"post_tag","embeddable":true,"href":"https:\/\/sandzakpress.net\/arhiva\/wp-json\/wp\/v2\/tags?post=87398"}],"curies":[{"name":"wp","href":"https:\/\/api.w.org\/{rel}","templated":true}]}}