{"id":87308,"date":"2013-09-08T11:54:45","date_gmt":"2013-09-08T09:54:45","guid":{"rendered":"https:\/\/sandzakpress.net\/arhiva\/?p=87308"},"modified":"2013-09-08T11:54:45","modified_gmt":"2013-09-08T09:54:45","slug":"islam-okvir-postojanja-bosnjaka-muslimana","status":"publish","type":"post","link":"https:\/\/sandzakpress.net\/arhiva\/islam-okvir-postojanja-bosnjaka-muslimana\/","title":{"rendered":"Islam &#8211; Okvir postojanja Bo\u0161njaka-muslimana"},"content":{"rendered":"<figure style=\"width: 175px\" class=\"wp-caption alignleft\"><img loading=\"lazy\" decoding=\"async\" alt=\"\" src=\"https:\/\/sandzakpress.net\/arhiva\/wp-content\/uploads\/2013\/08\/Mehmed_Mesa_Delic2_big-175x148.jpg\" width=\"175\" height=\"148\" \/><figcaption class=\"wp-caption-text\">Autor: Mehmed Me\u0161a Deli\u0107<\/figcaption><\/figure>\n<p>Egzistiranje Bo\u0161njaka \u2013 muslimana u na\u0161im krajevima (Bosna, Sand\u017eak, Kosovo&#8230;) uvijek je bilo povezano sa islamom. Tokom stoljetnog postojanja islam je predstavljao osnovni faktor u na\u0161em razvoju, upravo pod njegovim utjecajem mi Bo\u0161njaci \u2013 muslimani smo se historijski formirali te integrisali na raznim poljima ljudske aktivnosti. Sve glavne i specifi\u010dne oznake na\u0161eg individualiteta je obilje\u017eje islama, jer su pod njegovim uticajem i nastale kao takve.<\/p>\n<p>Me\u0111utim, mi nismo nikakav izuzetak u ovome, ima jo\u0161 mnogo islamskih zajednica koje su se formirale na istom principu. Jedna od takvih zajednica formirana tim putem jest dana\u0161nji Pakistan, Indonezija, Malezija&#8230; Gotovo isto bi se moglo re\u0107i i za \u010ditav muslimanski svijet.<\/p>\n<p>Me\u0111utim, u eri dekadencije, koju je islamski svijet pre\u017eivljavao i koja ga jo\u0161 uvijek priti\u0161\u0107e, u shva\u0107anju islama uvuklo se mnogo stranog \u2013 nemuslimanskog. U svijesti kasnijih generacija cjelokupno u\u010denje islama, koje je nekada, kako je ve\u0107 re\u010deno pro\u017eimalo sve manifestacije \u017eivota i dru\u0161tva svedeno je na vrlo uski krug obrednih i dogmatskih propisa.<\/p>\n<p>U tome je najva\u017eniju ulogu odigrao utjecaj evropske misli, kao i nekad dervi\u0161ka u\u010denja koja su svojim stavovima islamu nanijeli samo \u0161tetu. Isto tako, mnogo je zajedni\u010dkih ta\u010daka me\u0111u razli\u010ditim \u0161kolama islamske misli, a ipak razlike u gledi\u0161tima o pojedinim ta\u010dkama nisu tako zanemarljive, da bi se mogle iznijeti na nekoliko stranica. Veliki islamski u\u010denjaci i teolozi su napisali detaljne i obimne knjige o tek nekim aspektima ovog predmeta, a bavili su se i o nekim od najzna\u010dajnijih razlika izme\u0111u \u0161iita i drugih istaknutih islamskih sekti, koje su postale \u201erak-rane\u201c u islamu.<\/p>\n<p>Evropska savremena misao koja je nastala procesom borbe za oslobo\u0111enje ispod crkvenog zagrljaja i koja je potisla religiju iz javnog \u017eivota te joj je dala status privatnog. Takav utjecaj uveliko se odrazio i imao upliva i na na\u0161im prostorima. Tako je potiskivanje islama sa javne scene kao i iskrivljavanje njegovog ortodoksnog u\u010denja otvoren proces su\u017eavanja okvira vjerskog vida postojanja muslimana. Tako se islam u svijesti muslimana sve vi\u0161e svodio samo na par vjerskih propisa.<\/p>\n<p>Naime, smatrao se dobrim Bo\u0161njakom \u2013 muslimanom onaj koji klanja, posti, obavi had\u017ed\u017e, vi\u0161e nije bilo bitno njegovo ispoljavanje i afirmacija na kulturnom, intelektualnom, ekonomskom te dru\u0161tvenom polju. Na osnovu tih shva\u0107anja islam je zadobio udarac i to na\u017ealost upravo od onih koji su bili njegovi nosioci, upravo su oni zapostavili onu stranu islama koja ga \u010dini vjerom intelektualnog, te vjerom sredine, izme\u0111u materijalnog i duhovnog. Ovdje posebno treba spomenuti neka tesavvufska shvatanja koja svode islam samo na duhovnu stranu \u0161to ni u kom slu\u010daju nije bilo dobro.<\/p>\n<p>\u0160to se ti\u010de na\u0161eg postojanja ovdje, na Balkanu (Bosni, Sand\u017eaku, Kosovu&#8230;) ono je povezano sa zbivanjima u muslimanskom svijetu. Sva krupnija zbivanja i pre\u017eivljavanja u tom svijetu reflektuju se na na\u0161 vjerski \u017eivot. Nama Bo\u0161njacima \u2013 muslimanima nije za utjehu \u0161to su (ne)muslimani u goroj situaciji od nas. Svi trebaju i moraju pomesti svoje avlije i srediti stanje u vlastitoj ku\u0107i, a tek onda u tu\u0111e gledati.<\/p>\n<table width=\"370\" border=\"0\" cellspacing=\"0\" cellpadding=\"5\" align=\"right\" bgcolor=\"Gainsboro\">\n<tbody>\n<tr>\n<td align=\"left\"><center><img decoding=\"async\" alt=\"\" src=\"http:\/\/www.bosnjaci.net\/foto\/ucenje_dove.jpg\" width=\"370\" border=\"0\" \/><\/center><span style=\"color: black;\"><br \/>\nMada su Bo\u0161njaci \u2013 muslimani pro\u0161li kroz kataklizmu izra\u017eenu u biolo\u0161koj borbi za opstanak jo\u0161 ima unutarnjih ko\u010dni\u010dara, spontanom preporodu Bo\u0161njaka \u2013 muslimana. Neki jesu, a neki nisu u posljednom genocidnom ratu sazreli i shvatili poruku Kur'ana:\u00a0<i>\u201eAllah ne\u0107e promijeniti va\u0161e stanje dok se vi ne promijenite\u201c.<\/i><\/span><\/td>\n<\/tr>\n<\/tbody>\n<\/table>\n<p>Imaju\u0107i u vidu globalnog stanja muslimanskog svijeta, odnos me\u0111u muslimanima te njihovog odnosa prema zapadnom svijetu sa kr\u0161\u0107anstvom kao ideolo\u0161kom podlogom, neiminovno nam se mora nametnuti pitanje gdje je mjesto muslimanskog svijeta i u tom svijetu, mjesto nas, Bo\u0161njaka \u2013 muslimana kao najisturenijom ta\u010dkom prema Evropi, u njemu.<\/p>\n<p>Nije to nimalo jednostavno pitanje. Da bi se potpunije odgovorilo na njega moramo predhodno odgovoriti na jedno drugo pitanje, a to je: \u0160ta je to \u0161to je prouzrokovalo zaostalost i dekadencu u islamskom svijetu i \u0161ta ga je tako dugo dr\u017ealo u toj zaostalosti?<\/p>\n<p>Zapadni mislioci, sociolozi, filozofi, orijentalisti trude se da odgovore na ovo pitanje poku\u0161avaju\u0107i da (do)ka\u017eu da bi uzrok zaostalosti mogao biti islam. Oni bi htjeli muslimanskom svijetu staviti recept svog rje\u0161enja, polaze\u0107i od apsolutno pogre\u0161nih pretpostavki i rukovode\u0107i se tendencioznim tuma\u010denjima i motivima. Prije svega, oni bi time htjeli opravdati kolonijalizam, jer, da su tobo\u017ee, na taj na\u010din, koloniziraju\u0107i islamski svijet \u017eeljeli pomo\u0107i muslimanima. S druge strane, htjeli su, pogre\u0161nom analogijom da iskustvo svog vlastitog bu\u0111enja primjene na slu\u010daj bu\u0111enja muslimana. Zna se, naime, da je bu\u0111enje zapadnog svijeta po\u010delo u procesu osloba\u0111anja od utjecaja crkve.<\/p>\n<p>Pa (za)pitajmo se: Za\u0161to se muslimani sami ne probude? Za\u0161to su dozvolili da ih Zapad mora (pro)drmati i (pro)buditi avionima, raketama, bombama? \u010cesto se ka\u017ee: Da je musliman muslimanu brat. Pa (za)\u0161to onda vode bratoubila\u010dke ratove? Izgleda da su muslimani slo\u017ean narod i kada se treba tu\u0107i \u2013 izme\u0111u sebe.<\/p>\n<p>Nepobitno je, da zapadna civilizacija za svoj nastanak i razvoj duguje emancipaciji od pritiska inkvizicije koja je nemilosrdno ugu\u0161avala svaku slobodu ljudske misli.<\/p>\n<p>U ovom trenutku treba postaviti pitanje: Da li islamski narodi moraju po\u0107i istim putem, prihvatiti iskustvo zapadnog svijeta? Da li bu\u0111enje islamskog svijeta, izla\u017eenje iz uskog kruga vjerskog postojanja, podrazumjeva napu\u0161tanje islama i eliminisanje njegovog uticaja?<\/p>\n<p>Zaklju\u010dujemo da su uzroci zaostalosti zapadnog svijeta u srednjem vijeku, i uzroci zaostalosti islamskog svijeta u na\u0161e doba, potpuno razli\u010diti slobodno mo\u017eemo re\u0107i da su muslimani, a ne islam po\u010deli gubiti pozicije i propadati u momentu kad su po\u010deli odstupati od principa islama. Principe islama ne treba mijenjati, nego pristalice islama moraju mijenjati svoje principe prema islamu.<\/p>\n<p>U slu\u010daju Evrope bilo je upravo obrnuto. Prema tome, ono \u0161to je va\u017eilo kao pravilo u bu\u0111enju zapadnog svijeta i njegove civilizacije ne va\u017ei u bu\u0111enju muslimana. U ovom stolje\u0107u do\u0161lo je do \u201ebu\u0111enja muslimana\u201c u arpskom svijetu poznato kao \u201earapsko prolje\u0107e\u201c u kome su se probudili da bi jedni drugima samo zulum \u010dinili. A poznato je ko zulumom ruke okrvavi, suzama ih pere. Svjedoci smo da na ovom svijetu mnogi nepravdu \u010dine, ali toga je (po)najvi\u0161e u arapskom (islamskom) svijetu. Jedni drugima puno zuluma \u010dine. Poznato je da \u010desto nepravdu \u010dine i oni koji nepravdu ne zabranjuju, a to mogu da narede, imaju vlast, mo\u0107 i obavezu.<\/p>\n<p>Tako npr. ljudska du\u0161a po svojoj prirodi mrzi i prezire nepravdu (zulum), bez obzira bio \u010dovjek musliman ili nemusliman. Svi ljudi mrze nepravdu, pa makar ta nepravda bila u\u010dinjena i \u017eivotinjama. Mnoge (ne)vjerni\u010dke zemlje su donijele zakone o za\u0161titi ljudskih prava, a neke od njih su donijele zakone o za\u0161titi \u017eivotinja. Sa ovim stvarima islam je do\u0161ao i podrobno ih objasnio ve\u0107 prije 1430 godina. Islam dobro objasnio, a muslimani nisu shvatili ili nisu \u017eeljeli shvatiti.<\/p>\n<p>Muslimani su nadma\u0161ivali svijet superiono\u0161\u0107u svoje civilizacije onda kada je islam i Kur'an bili temeljni principi, i onda kada je Islamska zajednica bila produhovljena ovim principima.<\/p>\n<p>Ovdje je jasno oslikao ajet na bosanskom jeziku:\u00a0<i>\u201eTako mi vremena, svaki je \u010dovjek na gubitku osim onoga koji vjeruje i \u010dini dobra djela, koji preporu\u010duje istinu i strpljivost\u201c.\u00a0<\/i><br \/>\nOnda kada su muslimani ostavili ove principe do\u017eivjeli su dekadencu u svakom pogledu, a u islam se uvuklo mno\u0161tvo onoga (kukolja) \u0161to mu ne pripada i \u0161to mu je strano, zato islamu moramo dati novi polet. To trebaju uraditi muslimani, a ne zapadni mislioci. Islam treba u\u0107i u svaku ku\u0107u, i ozra\u010diti svaku avliju, a ne kao do sada samo d\u017eamije i njihove avlije.<\/p>\n<p>Po \u017eelji Zapada, islam je trebao jednostavno da nestane kao prijetnja uhodanom \u0161ablonu \u017eivljenja u jednom u su\u0161tini obezbo\u017eenom svijetu, a da bi u tome i uspio, Zapad je tra\u017eio \u0161to vi\u0161e obezbo\u017eenih ljudi koji bi im pomogli da upravljaju muslimanskim svijetom. Na\u017ealost, (pro)na\u0161ao je puno takvih.<br \/>\nMo\u017eemo li o\u010dekivati afirmaciju islama u Bosni, Sand\u017eaku, Kosovu&#8230; ili \u0107e on ipak ostati u domenu intimnosti.<\/p>\n<p>Jo\u0161 u toku Austro-ugarske okupacije, a naro\u010dito poslije Drugog svjetskog rata po\u010deo je proces izrastanja novih intelektualnih laicisti\u010dkih snaga koje su zahtjevale novu orijentaciju koja je sadr\u017eavala aktivno uklju\u010divanje u savremene procese zbivanja i izla\u017eenja iz za\u010daranog kruga. Ove nove tzv. svjetovne snage ubrzo su do\u0161le u sukob sa starim tzv. \u201ekonzervativnim\u201c snagama koje su se suprostavljale svakom izla\u017eenju iz svog tradicionalnog kruga.<\/p>\n<p>Socijalisti\u010dki razvoj je jo\u0161 vi\u0161e ubrzao proces izrastanja antiislamskih snaga ve\u0107 spomenuti tzv. laicisti\u010dki, strogo se suprostaviv\u0161i onim \u201ekonzervativnim\u201c snagama. Sve ovo nije sprije\u010dilo i mnoge Bo\u0161njake \u2013 muslimani i njihove imame (hod\u017ee) da zbog li\u010dnih interesa u tome u\u010destvuju. I oni su posjedovali \u201e\u010clanske karte KPJ-u\u201c. I njih je ta doti\u010dna ideologija jednostavno op\u010dinila. A imali su zamjenu, da ponude islamsku doktrinu. Pa ako su nekada vjerovali u srp i \u010deki\u0107, a za\u0161to nebi danas u Boga?<\/p>\n<p>\u201eSjajem\u201c komunisti\u010dke ideologije ljudi su bili primamljeni jer se anarhija sticanja svojine na na\u010din harama uvukla u sve pore kapitala. Apatija, ravnodu\u0161nost osje\u0107anja naspram vapaja i bolova potla\u010denih prekinula je sve dru\u0161tvene odnose posijav\u0161i u okrilju dru\u0161tva klice mr\u017enje i zavisti. Nadalje, veliki broj onih koji su se bavili islamskom kulturom su smatrali da je islam \u2013 nakon \u0161to je ra\u0161\u010distio sa kipovima na Arapskom poluotoku ispunio misiju i dostavu emaneta, pa neka ljudi sa aspekta ekonomoje i politike \u017eive onako kako \u017eele. U \u0161irem smislu rije\u010di neka bude onako kako \u0107e biti.<\/p>\n<p>A \u201erevolucionarni ateizam\u201c se pobrinuo da se na udaru na\u0111e sve \u0161to ima veze u odnosima \u010dovjeka i Boga, i to je dovelo do represivnih mjera prema svemu \u201enazadnom\u201c, pri \u010demu su i crkve i d\u017eamije pretvarane u druge namjene, a proganjanje duhovnih ljudi dobivalo dimenzije prave poplave \u201enarodne vlasti\u201c.<\/p>\n<p>Ovakav skandalozan d\u017eahilijet i neznanje opteretili su misao i prosperitet staviv\u0161i na njih okove. Muslimani su jednostavno zastali i po\u010deli se baviti razlikama.<\/p>\n<p>Nasijedali su na pri\u010du onih koji su im \u017eeljeli dobro \u2013 a nisu bili svjesni su\u0161tine vjere, jer se radilo o ograni\u010denim osobama \u2013 koje su poku\u0161avali da ih pripoje sebi i svom sistemu \u017eivota.<\/p>\n<p>Mnogi \u0107e to opravdavati da je ono bio period totalne destrukcije svega \u0161to bi moglo pokrenuti islamsku misao, islam je sveden na vjeru \u201eprivatnog\u201c, dok se iza svega toga krilo samo uni\u0161tavanje islama.<\/p>\n<p>U tom vaktu htjeli to priznati ili ne, vjeru su sa\u010duvali \u201eobi\u010dni ljudi\u201c, na\u017ealost izdali su je oni od kojih smo o\u010dekivali najvi\u0161e.<\/p>\n<p>Mada su Bo\u0161njaci \u2013 muslimani pro\u0161li kroz kataklizmu izra\u017eenu u biolo\u0161koj borbi za opstanak jo\u0161 ima unutarnjih ko\u010dni\u010dara, spontanom preporodu Bo\u0161njaka \u2013 muslimana. Neki jesu, a neki nisu u posljednom genocidnom ratu sazreli i shvatili poruku Kur'ana:\u00a0<i>\u201eAllah ne\u0107e promijeniti va\u0161e stanje dok se vi ne promijenite\u201c.\u00a0<\/i><\/p>\n<p>A takav plemeniti preporod stvorio bi temelj za budu\u0107nost na\u0161ih pokoljenja. Zato, neka Svemogu\u0107i Bog usadi u njihove du\u0161e islam, a ne Zapad kojem se neki vi\u0161e okre\u0107u nego Bogu.<br \/>\nAMIN!<\/p>\n","protected":false},"excerpt":{"rendered":"<p>Mehmed Me\u0161a Deli\u0107<\/p>\n","protected":false},"author":83,"featured_media":87309,"comment_status":"open","ping_status":"open","sticky":false,"template":"","format":"standard","meta":{"footnotes":""},"categories":[10196],"tags":[10315],"class_list":{"0":"post-87308","1":"post","2":"type-post","3":"status-publish","4":"format-standard","5":"has-post-thumbnail","7":"category-iz-pera-nasih-autora","8":"tag-mehmed-mesa-delic"},"yoast_head":"<!-- This site is optimized with the Yoast SEO Premium plugin v23.1 (Yoast SEO v24.9) - https:\/\/yoast.com\/wordpress\/plugins\/seo\/ -->\n<title>Islam - Okvir postojanja Bo\u0161njaka-muslimana<\/title>\n<meta name=\"robots\" content=\"index, follow, max-snippet:-1, max-image-preview:large, max-video-preview:-1\" \/>\n<link rel=\"canonical\" href=\"https:\/\/sandzakpress.net\/arhiva\/islam-okvir-postojanja-bosnjaka-muslimana\/\" \/>\n<meta property=\"og:locale\" content=\"bs_BA\" \/>\n<meta property=\"og:type\" content=\"article\" \/>\n<meta property=\"og:title\" content=\"Islam - Okvir postojanja Bo\u0161njaka-muslimana\" \/>\n<meta property=\"og:description\" content=\"Mehmed Me\u0161a Deli\u0107\" \/>\n<meta property=\"og:url\" content=\"https:\/\/sandzakpress.net\/arhiva\/islam-okvir-postojanja-bosnjaka-muslimana\/\" \/>\n<meta property=\"og:site_name\" content=\"Sand\u017eak PRESS\" \/>\n<meta property=\"article:published_time\" content=\"2013-09-08T09:54:45+00:00\" \/>\n<meta property=\"og:image\" content=\"https:\/\/sandzakpress.net\/arhiva\/wp-content\/uploads\/2013\/09\/Mehmed_Mesa_Delic2_big-175x148.jpg\" \/>\n\t<meta property=\"og:image:width\" content=\"175\" \/>\n\t<meta property=\"og:image:height\" content=\"148\" \/>\n\t<meta property=\"og:image:type\" content=\"image\/jpeg\" \/>\n<meta name=\"author\" content=\"bosniak\" \/>\n<meta name=\"twitter:card\" content=\"summary_large_image\" \/>\n<meta name=\"twitter:label1\" content=\"Written by\" \/>\n\t<meta name=\"twitter:data1\" content=\"bosniak\" \/>\n\t<meta name=\"twitter:label2\" content=\"Est. reading time\" \/>\n\t<meta name=\"twitter:data2\" content=\"10 minuta\" \/>\n<script type=\"application\/ld+json\" class=\"yoast-schema-graph\">{\"@context\":\"https:\/\/schema.org\",\"@graph\":[{\"@type\":\"Article\",\"@id\":\"https:\/\/sandzakpress.net\/arhiva\/islam-okvir-postojanja-bosnjaka-muslimana\/#article\",\"isPartOf\":{\"@id\":\"https:\/\/sandzakpress.net\/arhiva\/islam-okvir-postojanja-bosnjaka-muslimana\/\"},\"author\":{\"name\":\"bosniak\",\"@id\":\"https:\/\/sandzakpress.net\/arhiva\/#\/schema\/person\/c8baee722073534b583ea7bdb2e36c02\"},\"headline\":\"Islam &#8211; Okvir postojanja Bo\u0161njaka-muslimana\",\"datePublished\":\"2013-09-08T09:54:45+00:00\",\"mainEntityOfPage\":{\"@id\":\"https:\/\/sandzakpress.net\/arhiva\/islam-okvir-postojanja-bosnjaka-muslimana\/\"},\"wordCount\":1941,\"commentCount\":0,\"publisher\":{\"@id\":\"https:\/\/sandzakpress.net\/arhiva\/#\/schema\/person\/6e72b67d6e51910a1117b3b483ba20bd\"},\"image\":{\"@id\":\"https:\/\/sandzakpress.net\/arhiva\/islam-okvir-postojanja-bosnjaka-muslimana\/#primaryimage\"},\"thumbnailUrl\":\"https:\/\/sandzakpress.net\/arhiva\/wp-content\/uploads\/2013\/09\/Mehmed_Mesa_Delic2_big-175x148.jpg\",\"keywords\":[\"Mehmed Me\u0161a Deli\u0107\"],\"articleSection\":[\"Iz pera na\u0161ih autora\"],\"inLanguage\":\"bs-BA\",\"potentialAction\":[{\"@type\":\"CommentAction\",\"name\":\"Comment\",\"target\":[\"https:\/\/sandzakpress.net\/arhiva\/islam-okvir-postojanja-bosnjaka-muslimana\/#respond\"]}]},{\"@type\":\"WebPage\",\"@id\":\"https:\/\/sandzakpress.net\/arhiva\/islam-okvir-postojanja-bosnjaka-muslimana\/\",\"url\":\"https:\/\/sandzakpress.net\/arhiva\/islam-okvir-postojanja-bosnjaka-muslimana\/\",\"name\":\"Islam - Okvir postojanja Bo\u0161njaka-muslimana\",\"isPartOf\":{\"@id\":\"https:\/\/sandzakpress.net\/arhiva\/#website\"},\"primaryImageOfPage\":{\"@id\":\"https:\/\/sandzakpress.net\/arhiva\/islam-okvir-postojanja-bosnjaka-muslimana\/#primaryimage\"},\"image\":{\"@id\":\"https:\/\/sandzakpress.net\/arhiva\/islam-okvir-postojanja-bosnjaka-muslimana\/#primaryimage\"},\"thumbnailUrl\":\"https:\/\/sandzakpress.net\/arhiva\/wp-content\/uploads\/2013\/09\/Mehmed_Mesa_Delic2_big-175x148.jpg\",\"datePublished\":\"2013-09-08T09:54:45+00:00\",\"breadcrumb\":{\"@id\":\"https:\/\/sandzakpress.net\/arhiva\/islam-okvir-postojanja-bosnjaka-muslimana\/#breadcrumb\"},\"inLanguage\":\"bs-BA\",\"potentialAction\":[{\"@type\":\"ReadAction\",\"target\":[\"https:\/\/sandzakpress.net\/arhiva\/islam-okvir-postojanja-bosnjaka-muslimana\/\"]}]},{\"@type\":\"ImageObject\",\"inLanguage\":\"bs-BA\",\"@id\":\"https:\/\/sandzakpress.net\/arhiva\/islam-okvir-postojanja-bosnjaka-muslimana\/#primaryimage\",\"url\":\"https:\/\/sandzakpress.net\/arhiva\/wp-content\/uploads\/2013\/09\/Mehmed_Mesa_Delic2_big-175x148.jpg\",\"contentUrl\":\"https:\/\/sandzakpress.net\/arhiva\/wp-content\/uploads\/2013\/09\/Mehmed_Mesa_Delic2_big-175x148.jpg\",\"width\":175,\"height\":148},{\"@type\":\"BreadcrumbList\",\"@id\":\"https:\/\/sandzakpress.net\/arhiva\/islam-okvir-postojanja-bosnjaka-muslimana\/#breadcrumb\",\"itemListElement\":[{\"@type\":\"ListItem\",\"position\":1,\"name\":\"Home\",\"item\":\"https:\/\/sandzakpress.net\/arhiva\/\"},{\"@type\":\"ListItem\",\"position\":2,\"name\":\"Islam &#8211; Okvir postojanja Bo\u0161njaka-muslimana\"}]},{\"@type\":\"WebSite\",\"@id\":\"https:\/\/sandzakpress.net\/arhiva\/#website\",\"url\":\"https:\/\/sandzakpress.net\/arhiva\/\",\"name\":\"Sand\u017eak PRESS\",\"description\":\"Prve elektronske novine u Sand\u017eaku\",\"publisher\":{\"@id\":\"https:\/\/sandzakpress.net\/arhiva\/#\/schema\/person\/6e72b67d6e51910a1117b3b483ba20bd\"},\"potentialAction\":[{\"@type\":\"SearchAction\",\"target\":{\"@type\":\"EntryPoint\",\"urlTemplate\":\"https:\/\/sandzakpress.net\/arhiva\/?s={search_term_string}\"},\"query-input\":{\"@type\":\"PropertyValueSpecification\",\"valueRequired\":true,\"valueName\":\"search_term_string\"}}],\"inLanguage\":\"bs-BA\"},{\"@type\":[\"Person\",\"Organization\"],\"@id\":\"https:\/\/sandzakpress.net\/arhiva\/#\/schema\/person\/6e72b67d6e51910a1117b3b483ba20bd\",\"name\":\"Kul\",\"image\":{\"@type\":\"ImageObject\",\"inLanguage\":\"bs-BA\",\"@id\":\"https:\/\/sandzakpress.net\/arhiva\/#\/schema\/person\/image\/\",\"url\":\"https:\/\/secure.gravatar.com\/avatar\/42263f39aa27ac04c43cab85c280eb2e?s=96&d=mm&r=pg\",\"contentUrl\":\"https:\/\/secure.gravatar.com\/avatar\/42263f39aa27ac04c43cab85c280eb2e?s=96&d=mm&r=pg\",\"caption\":\"Kul\"},\"logo\":{\"@id\":\"https:\/\/sandzakpress.net\/arhiva\/#\/schema\/person\/image\/\"}},{\"@type\":\"Person\",\"@id\":\"https:\/\/sandzakpress.net\/arhiva\/#\/schema\/person\/c8baee722073534b583ea7bdb2e36c02\",\"name\":\"bosniak\",\"image\":{\"@type\":\"ImageObject\",\"inLanguage\":\"bs-BA\",\"@id\":\"https:\/\/sandzakpress.net\/arhiva\/#\/schema\/person\/image\/\",\"url\":\"https:\/\/secure.gravatar.com\/avatar\/a04fd330bfe3a36a72a0ad4a6d89fca7?s=96&d=mm&r=pg\",\"contentUrl\":\"https:\/\/secure.gravatar.com\/avatar\/a04fd330bfe3a36a72a0ad4a6d89fca7?s=96&d=mm&r=pg\",\"caption\":\"bosniak\"},\"url\":\"https:\/\/sandzakpress.net\/arhiva\/author\/bosniak\/\"}]}<\/script>\n<!-- \/ Yoast SEO Premium plugin. -->","yoast_head_json":{"title":"Islam - Okvir postojanja Bo\u0161njaka-muslimana","robots":{"index":"index","follow":"follow","max-snippet":"max-snippet:-1","max-image-preview":"max-image-preview:large","max-video-preview":"max-video-preview:-1"},"canonical":"https:\/\/sandzakpress.net\/arhiva\/islam-okvir-postojanja-bosnjaka-muslimana\/","og_locale":"bs_BA","og_type":"article","og_title":"Islam - Okvir postojanja Bo\u0161njaka-muslimana","og_description":"Mehmed Me\u0161a Deli\u0107","og_url":"https:\/\/sandzakpress.net\/arhiva\/islam-okvir-postojanja-bosnjaka-muslimana\/","og_site_name":"Sand\u017eak PRESS","article_published_time":"2013-09-08T09:54:45+00:00","og_image":[{"width":175,"height":148,"url":"https:\/\/sandzakpress.net\/arhiva\/wp-content\/uploads\/2013\/09\/Mehmed_Mesa_Delic2_big-175x148.jpg","type":"image\/jpeg"}],"author":"bosniak","twitter_card":"summary_large_image","twitter_misc":{"Written by":"bosniak","Est. reading time":"10 minuta"},"schema":{"@context":"https:\/\/schema.org","@graph":[{"@type":"Article","@id":"https:\/\/sandzakpress.net\/arhiva\/islam-okvir-postojanja-bosnjaka-muslimana\/#article","isPartOf":{"@id":"https:\/\/sandzakpress.net\/arhiva\/islam-okvir-postojanja-bosnjaka-muslimana\/"},"author":{"name":"bosniak","@id":"https:\/\/sandzakpress.net\/arhiva\/#\/schema\/person\/c8baee722073534b583ea7bdb2e36c02"},"headline":"Islam &#8211; Okvir postojanja Bo\u0161njaka-muslimana","datePublished":"2013-09-08T09:54:45+00:00","mainEntityOfPage":{"@id":"https:\/\/sandzakpress.net\/arhiva\/islam-okvir-postojanja-bosnjaka-muslimana\/"},"wordCount":1941,"commentCount":0,"publisher":{"@id":"https:\/\/sandzakpress.net\/arhiva\/#\/schema\/person\/6e72b67d6e51910a1117b3b483ba20bd"},"image":{"@id":"https:\/\/sandzakpress.net\/arhiva\/islam-okvir-postojanja-bosnjaka-muslimana\/#primaryimage"},"thumbnailUrl":"https:\/\/sandzakpress.net\/arhiva\/wp-content\/uploads\/2013\/09\/Mehmed_Mesa_Delic2_big-175x148.jpg","keywords":["Mehmed Me\u0161a Deli\u0107"],"articleSection":["Iz pera na\u0161ih autora"],"inLanguage":"bs-BA","potentialAction":[{"@type":"CommentAction","name":"Comment","target":["https:\/\/sandzakpress.net\/arhiva\/islam-okvir-postojanja-bosnjaka-muslimana\/#respond"]}]},{"@type":"WebPage","@id":"https:\/\/sandzakpress.net\/arhiva\/islam-okvir-postojanja-bosnjaka-muslimana\/","url":"https:\/\/sandzakpress.net\/arhiva\/islam-okvir-postojanja-bosnjaka-muslimana\/","name":"Islam - Okvir postojanja Bo\u0161njaka-muslimana","isPartOf":{"@id":"https:\/\/sandzakpress.net\/arhiva\/#website"},"primaryImageOfPage":{"@id":"https:\/\/sandzakpress.net\/arhiva\/islam-okvir-postojanja-bosnjaka-muslimana\/#primaryimage"},"image":{"@id":"https:\/\/sandzakpress.net\/arhiva\/islam-okvir-postojanja-bosnjaka-muslimana\/#primaryimage"},"thumbnailUrl":"https:\/\/sandzakpress.net\/arhiva\/wp-content\/uploads\/2013\/09\/Mehmed_Mesa_Delic2_big-175x148.jpg","datePublished":"2013-09-08T09:54:45+00:00","breadcrumb":{"@id":"https:\/\/sandzakpress.net\/arhiva\/islam-okvir-postojanja-bosnjaka-muslimana\/#breadcrumb"},"inLanguage":"bs-BA","potentialAction":[{"@type":"ReadAction","target":["https:\/\/sandzakpress.net\/arhiva\/islam-okvir-postojanja-bosnjaka-muslimana\/"]}]},{"@type":"ImageObject","inLanguage":"bs-BA","@id":"https:\/\/sandzakpress.net\/arhiva\/islam-okvir-postojanja-bosnjaka-muslimana\/#primaryimage","url":"https:\/\/sandzakpress.net\/arhiva\/wp-content\/uploads\/2013\/09\/Mehmed_Mesa_Delic2_big-175x148.jpg","contentUrl":"https:\/\/sandzakpress.net\/arhiva\/wp-content\/uploads\/2013\/09\/Mehmed_Mesa_Delic2_big-175x148.jpg","width":175,"height":148},{"@type":"BreadcrumbList","@id":"https:\/\/sandzakpress.net\/arhiva\/islam-okvir-postojanja-bosnjaka-muslimana\/#breadcrumb","itemListElement":[{"@type":"ListItem","position":1,"name":"Home","item":"https:\/\/sandzakpress.net\/arhiva\/"},{"@type":"ListItem","position":2,"name":"Islam &#8211; Okvir postojanja Bo\u0161njaka-muslimana"}]},{"@type":"WebSite","@id":"https:\/\/sandzakpress.net\/arhiva\/#website","url":"https:\/\/sandzakpress.net\/arhiva\/","name":"Sand\u017eak PRESS","description":"Prve elektronske novine u Sand\u017eaku","publisher":{"@id":"https:\/\/sandzakpress.net\/arhiva\/#\/schema\/person\/6e72b67d6e51910a1117b3b483ba20bd"},"potentialAction":[{"@type":"SearchAction","target":{"@type":"EntryPoint","urlTemplate":"https:\/\/sandzakpress.net\/arhiva\/?s={search_term_string}"},"query-input":{"@type":"PropertyValueSpecification","valueRequired":true,"valueName":"search_term_string"}}],"inLanguage":"bs-BA"},{"@type":["Person","Organization"],"@id":"https:\/\/sandzakpress.net\/arhiva\/#\/schema\/person\/6e72b67d6e51910a1117b3b483ba20bd","name":"Kul","image":{"@type":"ImageObject","inLanguage":"bs-BA","@id":"https:\/\/sandzakpress.net\/arhiva\/#\/schema\/person\/image\/","url":"https:\/\/secure.gravatar.com\/avatar\/42263f39aa27ac04c43cab85c280eb2e?s=96&d=mm&r=pg","contentUrl":"https:\/\/secure.gravatar.com\/avatar\/42263f39aa27ac04c43cab85c280eb2e?s=96&d=mm&r=pg","caption":"Kul"},"logo":{"@id":"https:\/\/sandzakpress.net\/arhiva\/#\/schema\/person\/image\/"}},{"@type":"Person","@id":"https:\/\/sandzakpress.net\/arhiva\/#\/schema\/person\/c8baee722073534b583ea7bdb2e36c02","name":"bosniak","image":{"@type":"ImageObject","inLanguage":"bs-BA","@id":"https:\/\/sandzakpress.net\/arhiva\/#\/schema\/person\/image\/","url":"https:\/\/secure.gravatar.com\/avatar\/a04fd330bfe3a36a72a0ad4a6d89fca7?s=96&d=mm&r=pg","contentUrl":"https:\/\/secure.gravatar.com\/avatar\/a04fd330bfe3a36a72a0ad4a6d89fca7?s=96&d=mm&r=pg","caption":"bosniak"},"url":"https:\/\/sandzakpress.net\/arhiva\/author\/bosniak\/"}]}},"_links":{"self":[{"href":"https:\/\/sandzakpress.net\/arhiva\/wp-json\/wp\/v2\/posts\/87308"}],"collection":[{"href":"https:\/\/sandzakpress.net\/arhiva\/wp-json\/wp\/v2\/posts"}],"about":[{"href":"https:\/\/sandzakpress.net\/arhiva\/wp-json\/wp\/v2\/types\/post"}],"author":[{"embeddable":true,"href":"https:\/\/sandzakpress.net\/arhiva\/wp-json\/wp\/v2\/users\/83"}],"replies":[{"embeddable":true,"href":"https:\/\/sandzakpress.net\/arhiva\/wp-json\/wp\/v2\/comments?post=87308"}],"version-history":[{"count":0,"href":"https:\/\/sandzakpress.net\/arhiva\/wp-json\/wp\/v2\/posts\/87308\/revisions"}],"wp:featuredmedia":[{"embeddable":true,"href":"https:\/\/sandzakpress.net\/arhiva\/wp-json\/wp\/v2\/media\/87309"}],"wp:attachment":[{"href":"https:\/\/sandzakpress.net\/arhiva\/wp-json\/wp\/v2\/media?parent=87308"}],"wp:term":[{"taxonomy":"category","embeddable":true,"href":"https:\/\/sandzakpress.net\/arhiva\/wp-json\/wp\/v2\/categories?post=87308"},{"taxonomy":"post_tag","embeddable":true,"href":"https:\/\/sandzakpress.net\/arhiva\/wp-json\/wp\/v2\/tags?post=87308"}],"curies":[{"name":"wp","href":"https:\/\/api.w.org\/{rel}","templated":true}]}}