{"id":8729,"date":"2010-09-28T19:50:48","date_gmt":"2010-09-28T17:50:48","guid":{"rendered":"https:\/\/sandzakpress.net\/arhiva\/?p=8729"},"modified":"2010-09-28T19:50:48","modified_gmt":"2010-09-28T17:50:48","slug":"da-li-je-deportacija-bosnjaka-drzavna-tajna","status":"publish","type":"post","link":"https:\/\/sandzakpress.net\/arhiva\/da-li-je-deportacija-bosnjaka-drzavna-tajna\/","title":{"rendered":"Da li je deportacija Bo\u0161njaka dr\u017eavna tajna?"},"content":{"rendered":"<p><strong><a href=\"https:\/\/sandzakpress.net\/arhiva\/wp-content\/uploads\/2010\/09\/momir_bulatovic.jpg\"><img loading=\"lazy\" decoding=\"async\" class=\"alignleft size-full wp-image-8730\" title=\"momir_bulatovic\" src=\"https:\/\/sandzakpress.net\/arhiva\/wp-content\/uploads\/2010\/09\/momir_bulatovic.jpg\" alt=\"\" width=\"180\" height=\"220\" \/><\/a>Ju\u017eni Sand\u017eak &#8211; Su\u0111enje optu\u017eenima za deportaciju bo\u0161nja\u010dkih izbjeglica iz Crne Gore moglo bi izazvati potres na politi\u010dkoj sceni te dr\u017eave. Mo\u017ee li biv\u0161i predsjednik Momir Bulatovi\u0107 svjedo\u010denjem ugroziti sada\u0161nju vladaju\u0107u garnituru?<\/strong><\/p>\n<p>Ju\u010dera\u0161nji zahtjev biv\u0161eg crnogorskog predsjednika Momira Bulatovi\u0107a pred Vi\u0161im sudom u Podgorici da bude oslobo\u0111en \u010duvanja dr\u017eavne tajne mogao bi malo odlo\u017eiti predvi\u0111enu dinamiku su\u0111enja u ovom procesu, ali bi istovremeno mogao izazvati pravi krivi\u010dno-pravni zemljotres na crnogorskoj politi\u010dkoj sceni, ocjenjuje se u Podgorici.<\/p>\n<p>Bulatovi\u0107 tvrdi da raspola\u017ee obimnom dokumentacijom o de\u0161avanjima u prolje\u0107e 1992. godine kada je iz Crne Gore snagama bosanskih Srba isporu\u010deno 150 dr\u017eavljana Bosne i Hercegovine, od kojih je kasnije ve\u0107ina ubijena u zatvoru u Fo\u010di.<\/p>\n<p>Ali, Bulatovi\u0107 je kazao da to nije bila krivica dr\u017eavnih organa Crne Gore, ve\u0107 je to, kako je rekao, \u201ebila zla sudbina koja je zadesila Crnu Goru i op\u0161te okolnosti koje su tada vladale u okru\u017eenju\u201c.<\/p>\n<p>Da svjedo\u010di i \u0110ukanovi\u0107<\/p>\n<p>Advokat optu\u017eenih Branislav Lutovac ka\u017ee da je odlukom suda, koji je precizirao da o zahtjevu nekada\u0161njeg predsjednika Crne Gore treba da odlu\u010di neki drugi dr\u017eavni organ, povrije\u0111eno pravo njegovih klijenata na odbranu. \u201eAko su crnogorski dr\u017eavni organi dali saglasnost Bulatovi\u0107u da na Ha\u0161kom tribunalu mo\u017ee da otkrije slu\u017ebenu tajnu, za\u0161to to ne mo\u017ee i pred Vi\u0161im sudom u Podgorici. To je pravni nonsens\u201c, istakao je on.<\/p>\n<p>Ina\u010de, osim Momira Bulatovi\u0107a u Crnoj Gori je i danas na vlasti i personalno gotovo ista politi\u010dka garnitura kao i prije 18 godina. Zato advokat Lutovac smatra da je neobi\u010dno \u0161to svjedok na su\u0111enju nije i crnogorski premijer Milo \u0110ukanovi\u0107, koji je svjedo\u010dio u istrazi. \u201eBulatovi\u0107evo svjedo\u010denje je klju\u010dno, kao i svjedo\u010denje \u0110ukanovi\u0107a, tada\u0161njih rukovode\u0107ih ljudi Crne Gore, da vidimo koja je to bila naredbodavna ljestvica u ovom postupku.\u201c<\/p>\n<p><strong>Ekstradicija optu\u017eenih iz Srbije<\/strong><\/p>\n<p>Na optu\u017eeni\u010dkoj klupi se nalaze tek \u010detvorica od devetorice optu\u017eenih za zlo\u010din deportacije. Rije\u010d o nekada\u0161njim visokim policijskim funkcionerima koji se od januara pro\u0161le godine nalaze u istra\u017enom zatvoru. Petorica optu\u017eenih su u bjekstvu i borave u Srbiji, \u010diji su dr\u017eavljani. No, nakon ju\u010dera\u0161njeg dogovora ministarstava pravde Crne Gore i Srbije o ekstradiciji, o\u010dekuje se da bi oni uskoro mogli biti izru\u010deni Crnoj Gori.<\/p>\n<p>U optu\u017enici se navodi da su oni izvr\u0161ili \u201enezakonito preseljenje gra\u0111ana Bosne i Hercegovine srpske i muslimanske nacionalnosti koji su imali status izbjeglica izvr\u0161avaju\u0107i naredbu tada\u0161njeg crnogorskog ministra unutra\u0161njih poslova Pavla Bulatovi\u0107a\u201c. Bulatovi\u0107 je ubijen u Beogradu, 2000. godine.<\/p>\n<p><strong>Deportovani i Srbi i Muslimani<\/strong><\/p>\n<p>Konstatuju\u0107i da su\u0111enje ulazi u kriti\u010dnu fazu, glavni svjedok u ovom procesu, biv\u0161i policijski inspektor u Herceg-Novom Slobodan Pejovi\u0107 ka\u017ee da je istina da su iz Crne Gore isporu\u010divani i Muslimani i Srbi. \u201eMuslimani su deportovani da kasnije bili ubijeni, a Srbi da bi ratovali, kako se to u Crnoj Gori govorilo, da bi branili svoja ognji\u0161ta. Mi smo Crnogorci to bolje znali nego oni koji nisu htjeli tamo da idu, a ti Srbi nisu htjeli da idu da se bore, to je bilo njihovo pravo. Isto kao \u0161to je bilo pravo ovih nesre\u0107nih Muslimana, koji su pobjegli misle\u0107i da \u0107e na\u0107i spas u Crnoj Gori. \u0160to su na\u0161li? Smrt su na\u0161li\u201c, nagla\u0161ava on.<\/p>\n<p>Zbog ovakvih stavova, Pejovi\u0107 je od 1992. godine nekoliko puta fizi\u010dki napadan.<\/p>\n<p>Izvor:<strong> IslamBosna.ba<\/strong><\/p>\n","protected":false},"excerpt":{"rendered":"<p>Ju\u017eni Sand\u017eak &#8211; Su\u0111enje optu\u017eenima za deportaciju bo\u0161nja\u010dkih izbjeglica iz Crne Gore moglo bi izazvati potres na politi\u010dkoj sceni te dr\u017eave. Mo\u017ee li biv\u0161i predsjednik Momir Bulatovi\u0107 svjedo\u010denjem ugroziti sada\u0161nju vladaju\u0107u garnituru? Ju\u010dera\u0161nji zahtjev biv\u0161eg crnogorskog predsjednika Momira Bulatovi\u0107a pred Vi\u0161im sudom u Podgorici da bude oslobo\u0111en \u010duvanja dr\u017eavne tajne mogao bi malo odlo\u017eiti predvi\u0111enu [&hellip;]<\/p>\n","protected":false},"author":83,"featured_media":8730,"comment_status":"open","ping_status":"open","sticky":false,"template":"","format":"standard","meta":{"footnotes":""},"categories":[398,800,396,395,399],"tags":[],"class_list":{"0":"post-8729","1":"post","2":"type-post","3":"status-publish","4":"format-standard","5":"has-post-thumbnail","7":"category-rozaje","8":"category-nacija","9":"category-bijelo_polje","10":"category-pljevlja_","11":"category-plav_"},"yoast_head":"<!-- This site is optimized with the Yoast SEO Premium plugin v23.1 (Yoast SEO v24.9) - https:\/\/yoast.com\/wordpress\/plugins\/seo\/ -->\n<title>Da li je deportacija Bo\u0161njaka dr\u017eavna tajna?<\/title>\n<meta name=\"robots\" content=\"index, follow, max-snippet:-1, max-image-preview:large, max-video-preview:-1\" \/>\n<link rel=\"canonical\" href=\"https:\/\/sandzakpress.net\/arhiva\/da-li-je-deportacija-bosnjaka-drzavna-tajna\/\" \/>\n<meta property=\"og:locale\" content=\"bs_BA\" \/>\n<meta property=\"og:type\" content=\"article\" \/>\n<meta property=\"og:title\" content=\"Da li je deportacija Bo\u0161njaka dr\u017eavna tajna?\" \/>\n<meta property=\"og:description\" content=\"Ju\u017eni Sand\u017eak &#8211; Su\u0111enje optu\u017eenima za deportaciju bo\u0161nja\u010dkih izbjeglica iz Crne Gore moglo bi izazvati potres na politi\u010dkoj sceni te dr\u017eave. Mo\u017ee li biv\u0161i predsjednik Momir Bulatovi\u0107 svjedo\u010denjem ugroziti sada\u0161nju vladaju\u0107u garnituru? Ju\u010dera\u0161nji zahtjev biv\u0161eg crnogorskog predsjednika Momira Bulatovi\u0107a pred Vi\u0161im sudom u Podgorici da bude oslobo\u0111en \u010duvanja dr\u017eavne tajne mogao bi malo odlo\u017eiti predvi\u0111enu [&hellip;]\" \/>\n<meta property=\"og:url\" content=\"https:\/\/sandzakpress.net\/arhiva\/da-li-je-deportacija-bosnjaka-drzavna-tajna\/\" \/>\n<meta property=\"og:site_name\" content=\"Sand\u017eak PRESS\" \/>\n<meta property=\"article:published_time\" content=\"2010-09-28T17:50:48+00:00\" \/>\n<meta property=\"og:image\" content=\"https:\/\/sandzakpress.net\/arhiva\/wp-content\/uploads\/2010\/09\/momir_bulatovic.jpg\" \/>\n\t<meta property=\"og:image:width\" content=\"180\" \/>\n\t<meta property=\"og:image:height\" content=\"220\" \/>\n\t<meta property=\"og:image:type\" content=\"image\/jpeg\" \/>\n<meta name=\"author\" content=\"bosniak\" \/>\n<meta name=\"twitter:card\" content=\"summary_large_image\" \/>\n<meta name=\"twitter:label1\" content=\"Written by\" \/>\n\t<meta name=\"twitter:data1\" content=\"bosniak\" \/>\n\t<meta name=\"twitter:label2\" content=\"Est. reading time\" \/>\n\t<meta name=\"twitter:data2\" content=\"3 minute\" \/>\n<script type=\"application\/ld+json\" class=\"yoast-schema-graph\">{\"@context\":\"https:\/\/schema.org\",\"@graph\":[{\"@type\":\"Article\",\"@id\":\"https:\/\/sandzakpress.net\/arhiva\/da-li-je-deportacija-bosnjaka-drzavna-tajna\/#article\",\"isPartOf\":{\"@id\":\"https:\/\/sandzakpress.net\/arhiva\/da-li-je-deportacija-bosnjaka-drzavna-tajna\/\"},\"author\":{\"name\":\"bosniak\",\"@id\":\"https:\/\/sandzakpress.net\/arhiva\/#\/schema\/person\/c8baee722073534b583ea7bdb2e36c02\"},\"headline\":\"Da li je deportacija Bo\u0161njaka dr\u017eavna tajna?\",\"datePublished\":\"2010-09-28T17:50:48+00:00\",\"mainEntityOfPage\":{\"@id\":\"https:\/\/sandzakpress.net\/arhiva\/da-li-je-deportacija-bosnjaka-drzavna-tajna\/\"},\"wordCount\":631,\"commentCount\":0,\"publisher\":{\"@id\":\"https:\/\/sandzakpress.net\/arhiva\/#\/schema\/person\/6e72b67d6e51910a1117b3b483ba20bd\"},\"image\":{\"@id\":\"https:\/\/sandzakpress.net\/arhiva\/da-li-je-deportacija-bosnjaka-drzavna-tajna\/#primaryimage\"},\"thumbnailUrl\":\"https:\/\/sandzakpress.net\/arhiva\/wp-content\/uploads\/2010\/09\/momir_bulatovic.jpg\",\"articleSection\":[\"Ro\u017eaje\",\"Nacija\",\"Bijelo Polje\",\"Pljevlja\",\"Plav\"],\"inLanguage\":\"bs-BA\",\"potentialAction\":[{\"@type\":\"CommentAction\",\"name\":\"Comment\",\"target\":[\"https:\/\/sandzakpress.net\/arhiva\/da-li-je-deportacija-bosnjaka-drzavna-tajna\/#respond\"]}]},{\"@type\":\"WebPage\",\"@id\":\"https:\/\/sandzakpress.net\/arhiva\/da-li-je-deportacija-bosnjaka-drzavna-tajna\/\",\"url\":\"https:\/\/sandzakpress.net\/arhiva\/da-li-je-deportacija-bosnjaka-drzavna-tajna\/\",\"name\":\"Da li je deportacija Bo\u0161njaka dr\u017eavna tajna?\",\"isPartOf\":{\"@id\":\"https:\/\/sandzakpress.net\/arhiva\/#website\"},\"primaryImageOfPage\":{\"@id\":\"https:\/\/sandzakpress.net\/arhiva\/da-li-je-deportacija-bosnjaka-drzavna-tajna\/#primaryimage\"},\"image\":{\"@id\":\"https:\/\/sandzakpress.net\/arhiva\/da-li-je-deportacija-bosnjaka-drzavna-tajna\/#primaryimage\"},\"thumbnailUrl\":\"https:\/\/sandzakpress.net\/arhiva\/wp-content\/uploads\/2010\/09\/momir_bulatovic.jpg\",\"datePublished\":\"2010-09-28T17:50:48+00:00\",\"breadcrumb\":{\"@id\":\"https:\/\/sandzakpress.net\/arhiva\/da-li-je-deportacija-bosnjaka-drzavna-tajna\/#breadcrumb\"},\"inLanguage\":\"bs-BA\",\"potentialAction\":[{\"@type\":\"ReadAction\",\"target\":[\"https:\/\/sandzakpress.net\/arhiva\/da-li-je-deportacija-bosnjaka-drzavna-tajna\/\"]}]},{\"@type\":\"ImageObject\",\"inLanguage\":\"bs-BA\",\"@id\":\"https:\/\/sandzakpress.net\/arhiva\/da-li-je-deportacija-bosnjaka-drzavna-tajna\/#primaryimage\",\"url\":\"https:\/\/sandzakpress.net\/arhiva\/wp-content\/uploads\/2010\/09\/momir_bulatovic.jpg\",\"contentUrl\":\"https:\/\/sandzakpress.net\/arhiva\/wp-content\/uploads\/2010\/09\/momir_bulatovic.jpg\",\"width\":180,\"height\":220},{\"@type\":\"BreadcrumbList\",\"@id\":\"https:\/\/sandzakpress.net\/arhiva\/da-li-je-deportacija-bosnjaka-drzavna-tajna\/#breadcrumb\",\"itemListElement\":[{\"@type\":\"ListItem\",\"position\":1,\"name\":\"Home\",\"item\":\"https:\/\/sandzakpress.net\/arhiva\/\"},{\"@type\":\"ListItem\",\"position\":2,\"name\":\"Da li je deportacija Bo\u0161njaka dr\u017eavna tajna?\"}]},{\"@type\":\"WebSite\",\"@id\":\"https:\/\/sandzakpress.net\/arhiva\/#website\",\"url\":\"https:\/\/sandzakpress.net\/arhiva\/\",\"name\":\"Sand\u017eak PRESS\",\"description\":\"Prve elektronske novine u Sand\u017eaku\",\"publisher\":{\"@id\":\"https:\/\/sandzakpress.net\/arhiva\/#\/schema\/person\/6e72b67d6e51910a1117b3b483ba20bd\"},\"potentialAction\":[{\"@type\":\"SearchAction\",\"target\":{\"@type\":\"EntryPoint\",\"urlTemplate\":\"https:\/\/sandzakpress.net\/arhiva\/?s={search_term_string}\"},\"query-input\":{\"@type\":\"PropertyValueSpecification\",\"valueRequired\":true,\"valueName\":\"search_term_string\"}}],\"inLanguage\":\"bs-BA\"},{\"@type\":[\"Person\",\"Organization\"],\"@id\":\"https:\/\/sandzakpress.net\/arhiva\/#\/schema\/person\/6e72b67d6e51910a1117b3b483ba20bd\",\"name\":\"Kul\",\"image\":{\"@type\":\"ImageObject\",\"inLanguage\":\"bs-BA\",\"@id\":\"https:\/\/sandzakpress.net\/arhiva\/#\/schema\/person\/image\/\",\"url\":\"https:\/\/secure.gravatar.com\/avatar\/42263f39aa27ac04c43cab85c280eb2e?s=96&d=mm&r=pg\",\"contentUrl\":\"https:\/\/secure.gravatar.com\/avatar\/42263f39aa27ac04c43cab85c280eb2e?s=96&d=mm&r=pg\",\"caption\":\"Kul\"},\"logo\":{\"@id\":\"https:\/\/sandzakpress.net\/arhiva\/#\/schema\/person\/image\/\"}},{\"@type\":\"Person\",\"@id\":\"https:\/\/sandzakpress.net\/arhiva\/#\/schema\/person\/c8baee722073534b583ea7bdb2e36c02\",\"name\":\"bosniak\",\"image\":{\"@type\":\"ImageObject\",\"inLanguage\":\"bs-BA\",\"@id\":\"https:\/\/sandzakpress.net\/arhiva\/#\/schema\/person\/image\/\",\"url\":\"https:\/\/secure.gravatar.com\/avatar\/a04fd330bfe3a36a72a0ad4a6d89fca7?s=96&d=mm&r=pg\",\"contentUrl\":\"https:\/\/secure.gravatar.com\/avatar\/a04fd330bfe3a36a72a0ad4a6d89fca7?s=96&d=mm&r=pg\",\"caption\":\"bosniak\"},\"url\":\"https:\/\/sandzakpress.net\/arhiva\/author\/bosniak\/\"}]}<\/script>\n<!-- \/ Yoast SEO Premium plugin. -->","yoast_head_json":{"title":"Da li je deportacija Bo\u0161njaka dr\u017eavna tajna?","robots":{"index":"index","follow":"follow","max-snippet":"max-snippet:-1","max-image-preview":"max-image-preview:large","max-video-preview":"max-video-preview:-1"},"canonical":"https:\/\/sandzakpress.net\/arhiva\/da-li-je-deportacija-bosnjaka-drzavna-tajna\/","og_locale":"bs_BA","og_type":"article","og_title":"Da li je deportacija Bo\u0161njaka dr\u017eavna tajna?","og_description":"Ju\u017eni Sand\u017eak &#8211; Su\u0111enje optu\u017eenima za deportaciju bo\u0161nja\u010dkih izbjeglica iz Crne Gore moglo bi izazvati potres na politi\u010dkoj sceni te dr\u017eave. Mo\u017ee li biv\u0161i predsjednik Momir Bulatovi\u0107 svjedo\u010denjem ugroziti sada\u0161nju vladaju\u0107u garnituru? Ju\u010dera\u0161nji zahtjev biv\u0161eg crnogorskog predsjednika Momira Bulatovi\u0107a pred Vi\u0161im sudom u Podgorici da bude oslobo\u0111en \u010duvanja dr\u017eavne tajne mogao bi malo odlo\u017eiti predvi\u0111enu [&hellip;]","og_url":"https:\/\/sandzakpress.net\/arhiva\/da-li-je-deportacija-bosnjaka-drzavna-tajna\/","og_site_name":"Sand\u017eak PRESS","article_published_time":"2010-09-28T17:50:48+00:00","og_image":[{"width":180,"height":220,"url":"https:\/\/sandzakpress.net\/arhiva\/wp-content\/uploads\/2010\/09\/momir_bulatovic.jpg","type":"image\/jpeg"}],"author":"bosniak","twitter_card":"summary_large_image","twitter_misc":{"Written by":"bosniak","Est. reading time":"3 minute"},"schema":{"@context":"https:\/\/schema.org","@graph":[{"@type":"Article","@id":"https:\/\/sandzakpress.net\/arhiva\/da-li-je-deportacija-bosnjaka-drzavna-tajna\/#article","isPartOf":{"@id":"https:\/\/sandzakpress.net\/arhiva\/da-li-je-deportacija-bosnjaka-drzavna-tajna\/"},"author":{"name":"bosniak","@id":"https:\/\/sandzakpress.net\/arhiva\/#\/schema\/person\/c8baee722073534b583ea7bdb2e36c02"},"headline":"Da li je deportacija Bo\u0161njaka dr\u017eavna tajna?","datePublished":"2010-09-28T17:50:48+00:00","mainEntityOfPage":{"@id":"https:\/\/sandzakpress.net\/arhiva\/da-li-je-deportacija-bosnjaka-drzavna-tajna\/"},"wordCount":631,"commentCount":0,"publisher":{"@id":"https:\/\/sandzakpress.net\/arhiva\/#\/schema\/person\/6e72b67d6e51910a1117b3b483ba20bd"},"image":{"@id":"https:\/\/sandzakpress.net\/arhiva\/da-li-je-deportacija-bosnjaka-drzavna-tajna\/#primaryimage"},"thumbnailUrl":"https:\/\/sandzakpress.net\/arhiva\/wp-content\/uploads\/2010\/09\/momir_bulatovic.jpg","articleSection":["Ro\u017eaje","Nacija","Bijelo Polje","Pljevlja","Plav"],"inLanguage":"bs-BA","potentialAction":[{"@type":"CommentAction","name":"Comment","target":["https:\/\/sandzakpress.net\/arhiva\/da-li-je-deportacija-bosnjaka-drzavna-tajna\/#respond"]}]},{"@type":"WebPage","@id":"https:\/\/sandzakpress.net\/arhiva\/da-li-je-deportacija-bosnjaka-drzavna-tajna\/","url":"https:\/\/sandzakpress.net\/arhiva\/da-li-je-deportacija-bosnjaka-drzavna-tajna\/","name":"Da li je deportacija Bo\u0161njaka dr\u017eavna tajna?","isPartOf":{"@id":"https:\/\/sandzakpress.net\/arhiva\/#website"},"primaryImageOfPage":{"@id":"https:\/\/sandzakpress.net\/arhiva\/da-li-je-deportacija-bosnjaka-drzavna-tajna\/#primaryimage"},"image":{"@id":"https:\/\/sandzakpress.net\/arhiva\/da-li-je-deportacija-bosnjaka-drzavna-tajna\/#primaryimage"},"thumbnailUrl":"https:\/\/sandzakpress.net\/arhiva\/wp-content\/uploads\/2010\/09\/momir_bulatovic.jpg","datePublished":"2010-09-28T17:50:48+00:00","breadcrumb":{"@id":"https:\/\/sandzakpress.net\/arhiva\/da-li-je-deportacija-bosnjaka-drzavna-tajna\/#breadcrumb"},"inLanguage":"bs-BA","potentialAction":[{"@type":"ReadAction","target":["https:\/\/sandzakpress.net\/arhiva\/da-li-je-deportacija-bosnjaka-drzavna-tajna\/"]}]},{"@type":"ImageObject","inLanguage":"bs-BA","@id":"https:\/\/sandzakpress.net\/arhiva\/da-li-je-deportacija-bosnjaka-drzavna-tajna\/#primaryimage","url":"https:\/\/sandzakpress.net\/arhiva\/wp-content\/uploads\/2010\/09\/momir_bulatovic.jpg","contentUrl":"https:\/\/sandzakpress.net\/arhiva\/wp-content\/uploads\/2010\/09\/momir_bulatovic.jpg","width":180,"height":220},{"@type":"BreadcrumbList","@id":"https:\/\/sandzakpress.net\/arhiva\/da-li-je-deportacija-bosnjaka-drzavna-tajna\/#breadcrumb","itemListElement":[{"@type":"ListItem","position":1,"name":"Home","item":"https:\/\/sandzakpress.net\/arhiva\/"},{"@type":"ListItem","position":2,"name":"Da li je deportacija Bo\u0161njaka dr\u017eavna tajna?"}]},{"@type":"WebSite","@id":"https:\/\/sandzakpress.net\/arhiva\/#website","url":"https:\/\/sandzakpress.net\/arhiva\/","name":"Sand\u017eak PRESS","description":"Prve elektronske novine u Sand\u017eaku","publisher":{"@id":"https:\/\/sandzakpress.net\/arhiva\/#\/schema\/person\/6e72b67d6e51910a1117b3b483ba20bd"},"potentialAction":[{"@type":"SearchAction","target":{"@type":"EntryPoint","urlTemplate":"https:\/\/sandzakpress.net\/arhiva\/?s={search_term_string}"},"query-input":{"@type":"PropertyValueSpecification","valueRequired":true,"valueName":"search_term_string"}}],"inLanguage":"bs-BA"},{"@type":["Person","Organization"],"@id":"https:\/\/sandzakpress.net\/arhiva\/#\/schema\/person\/6e72b67d6e51910a1117b3b483ba20bd","name":"Kul","image":{"@type":"ImageObject","inLanguage":"bs-BA","@id":"https:\/\/sandzakpress.net\/arhiva\/#\/schema\/person\/image\/","url":"https:\/\/secure.gravatar.com\/avatar\/42263f39aa27ac04c43cab85c280eb2e?s=96&d=mm&r=pg","contentUrl":"https:\/\/secure.gravatar.com\/avatar\/42263f39aa27ac04c43cab85c280eb2e?s=96&d=mm&r=pg","caption":"Kul"},"logo":{"@id":"https:\/\/sandzakpress.net\/arhiva\/#\/schema\/person\/image\/"}},{"@type":"Person","@id":"https:\/\/sandzakpress.net\/arhiva\/#\/schema\/person\/c8baee722073534b583ea7bdb2e36c02","name":"bosniak","image":{"@type":"ImageObject","inLanguage":"bs-BA","@id":"https:\/\/sandzakpress.net\/arhiva\/#\/schema\/person\/image\/","url":"https:\/\/secure.gravatar.com\/avatar\/a04fd330bfe3a36a72a0ad4a6d89fca7?s=96&d=mm&r=pg","contentUrl":"https:\/\/secure.gravatar.com\/avatar\/a04fd330bfe3a36a72a0ad4a6d89fca7?s=96&d=mm&r=pg","caption":"bosniak"},"url":"https:\/\/sandzakpress.net\/arhiva\/author\/bosniak\/"}]}},"_links":{"self":[{"href":"https:\/\/sandzakpress.net\/arhiva\/wp-json\/wp\/v2\/posts\/8729"}],"collection":[{"href":"https:\/\/sandzakpress.net\/arhiva\/wp-json\/wp\/v2\/posts"}],"about":[{"href":"https:\/\/sandzakpress.net\/arhiva\/wp-json\/wp\/v2\/types\/post"}],"author":[{"embeddable":true,"href":"https:\/\/sandzakpress.net\/arhiva\/wp-json\/wp\/v2\/users\/83"}],"replies":[{"embeddable":true,"href":"https:\/\/sandzakpress.net\/arhiva\/wp-json\/wp\/v2\/comments?post=8729"}],"version-history":[{"count":0,"href":"https:\/\/sandzakpress.net\/arhiva\/wp-json\/wp\/v2\/posts\/8729\/revisions"}],"wp:featuredmedia":[{"embeddable":true,"href":"https:\/\/sandzakpress.net\/arhiva\/wp-json\/wp\/v2\/media\/8730"}],"wp:attachment":[{"href":"https:\/\/sandzakpress.net\/arhiva\/wp-json\/wp\/v2\/media?parent=8729"}],"wp:term":[{"taxonomy":"category","embeddable":true,"href":"https:\/\/sandzakpress.net\/arhiva\/wp-json\/wp\/v2\/categories?post=8729"},{"taxonomy":"post_tag","embeddable":true,"href":"https:\/\/sandzakpress.net\/arhiva\/wp-json\/wp\/v2\/tags?post=8729"}],"curies":[{"name":"wp","href":"https:\/\/api.w.org\/{rel}","templated":true}]}}