{"id":87251,"date":"2013-09-06T19:19:01","date_gmt":"2013-09-06T17:19:01","guid":{"rendered":"https:\/\/sandzakpress.net\/arhiva\/?p=87251"},"modified":"2013-09-08T09:41:54","modified_gmt":"2013-09-08T07:41:54","slug":"ugljanin-zilkica-je-napravila-srpska-udba","status":"publish","type":"post","link":"https:\/\/sandzakpress.net\/arhiva\/ugljanin-zilkica-je-napravila-srpska-udba\/","title":{"rendered":"Ugljanin: &#8216;Zilki\u0107a je napravila srpska UDB-a&#8217;"},"content":{"rendered":"<p><strong><img loading=\"lazy\" decoding=\"async\" class=\"alignleft\" alt=\"\" src=\"http:\/\/www.blic.rs\/data\/images\/2010-10-28\/85703_0215-ugljanin-foto-zoran-ras_f.jpg?ver=1288287442\" width=\"301\" height=\"173\" \/>Sjeverni Sand\u017eak &#8211; Kako Sand\u017eak PRESS saznaje, na nedavno odr\u017eanom sastanaku u Istanbulu, u prisustvu ministra vanjskih poslova Ahmeda Dautoglua i predsjednika za vjerske poslove Mehmeda Gormeza, ministar u Vladi Srbije i predsjednik SDA Sand\u017eaka Sulejman Ugljanin izjavio je:<\/strong><\/p>\n<p>&nbsp;<\/p>\n<p>&nbsp;<\/p>\n<blockquote><p><span style=\"color: #000000;\"><strong>&#8220;Adema Zilki\u0107a i tu grupu proizvela je dr\u017eavna bezbjednost Srbije. Ja to u po\u010detku nisam znao, pa sam ih podr\u017eao.\u00a0Kad sam vidio o \u010demu se radi, poku\u0161ao sam da ga sprije\u010dim, al on nije htio da slusa.\u00a0Pozvao sam \u0160emka i rekao mu da ga pozove i da mu malo priprijeti. On je to u\u010dinio, al i dalje nije bilo faide.&#8221;\u00a0<\/strong><\/span><\/p><\/blockquote>\n<p>Prena saznanjima Sand\u017eak PRESS-a ovaj sastanak uprilicen je kako bi se pokusali ozivjeti razgovori o vracanju jedinstva Islamskoj zajednici.<\/p>\n<p>Ostaje nejasno da li je Ugljanin odustao od Zilki\u0107a zbog neposlu\u0161nosti ili je u istinu shvatio da je razbijanje Islamske zajednice pogubno i za muslimane i za njegovo aktere. Vjerovatno \u0107e naredni mjeseci dati odgovor na ovo pitanje.<\/p>\n","protected":false},"excerpt":{"rendered":"<p>Sjeverni Sand\u017eak &#8211; Kako Sand\u017eak PRESS saznaje, na nedavno odr\u017eanom sastanaku u Istanbulu, u prisustvu ministra vanjskih poslova Ahmeda Dautoglua i predsjednika za vjerske poslove Mehmeda Gormeza, ministar u Vladi Srbije i predsjednik SDA Sand\u017eaka Sulejman Ugljanin izjavio je: &nbsp; &nbsp; &#8220;Adema Zilki\u0107a i tu grupu proizvela je dr\u017eavna bezbjednost Srbije. Ja to u po\u010detku [&hellip;]<\/p>\n","protected":false},"author":83,"featured_media":87252,"comment_status":"open","ping_status":"open","sticky":false,"template":"","format":"standard","meta":{"footnotes":""},"categories":[72,1,52,327,392,8957],"tags":[10229,10255,10269,10333],"class_list":{"0":"post-87251","1":"post","2":"type-post","3":"status-publish","4":"format-standard","5":"has-post-thumbnail","7":"category-novi-pazar","8":"category-politika","9":"category-sjenica","10":"category-tutin","11":"category-prijepolje_","12":"category-vijesti-dana","13":"tag-islamska-zajednica","14":"tag-sda","15":"tag-sulejman-ugljanin","16":"tag-adem-zilkic"},"yoast_head":"<!-- This site is optimized with the Yoast SEO Premium plugin v23.1 (Yoast SEO v24.9) - https:\/\/yoast.com\/wordpress\/plugins\/seo\/ -->\n<title>Ugljanin: &#039;Zilki\u0107a je napravila srpska UDB-a&#039;<\/title>\n<meta name=\"robots\" content=\"index, follow, max-snippet:-1, max-image-preview:large, max-video-preview:-1\" \/>\n<link rel=\"canonical\" href=\"https:\/\/sandzakpress.net\/arhiva\/ugljanin-zilkica-je-napravila-srpska-udba\/\" \/>\n<meta property=\"og:locale\" content=\"bs_BA\" \/>\n<meta property=\"og:type\" content=\"article\" \/>\n<meta property=\"og:title\" content=\"Ugljanin: &#039;Zilki\u0107a je napravila srpska UDB-a&#039;\" \/>\n<meta property=\"og:description\" content=\"Sjeverni Sand\u017eak &#8211; Kako Sand\u017eak PRESS saznaje, na nedavno odr\u017eanom sastanaku u Istanbulu, u prisustvu ministra vanjskih poslova Ahmeda Dautoglua i predsjednika za vjerske poslove Mehmeda Gormeza, ministar u Vladi Srbije i predsjednik SDA Sand\u017eaka Sulejman Ugljanin izjavio je: &nbsp; &nbsp; &#8220;Adema Zilki\u0107a i tu grupu proizvela je dr\u017eavna bezbjednost Srbije. Ja to u po\u010detku [&hellip;]\" \/>\n<meta property=\"og:url\" content=\"https:\/\/sandzakpress.net\/arhiva\/ugljanin-zilkica-je-napravila-srpska-udba\/\" \/>\n<meta property=\"og:site_name\" content=\"Sand\u017eak PRESS\" \/>\n<meta property=\"article:published_time\" content=\"2013-09-06T17:19:01+00:00\" \/>\n<meta property=\"article:modified_time\" content=\"2013-09-08T07:41:54+00:00\" \/>\n<meta property=\"og:image\" content=\"https:\/\/sandzakpress.net\/arhiva\/wp-content\/uploads\/2013\/09\/85703_0215-ugljanin-foto-zoran-ras_f.jpg\" \/>\n\t<meta property=\"og:image:width\" content=\"470\" \/>\n\t<meta property=\"og:image:height\" content=\"270\" \/>\n\t<meta property=\"og:image:type\" content=\"image\/jpeg\" \/>\n<meta name=\"author\" content=\"bosniak\" \/>\n<meta name=\"twitter:card\" content=\"summary_large_image\" \/>\n<meta name=\"twitter:label1\" content=\"Written by\" \/>\n\t<meta name=\"twitter:data1\" content=\"bosniak\" \/>\n\t<meta name=\"twitter:label2\" content=\"Est. reading time\" \/>\n\t<meta name=\"twitter:data2\" content=\"1 minuta\" \/>\n<script type=\"application\/ld+json\" class=\"yoast-schema-graph\">{\"@context\":\"https:\/\/schema.org\",\"@graph\":[{\"@type\":\"Article\",\"@id\":\"https:\/\/sandzakpress.net\/arhiva\/ugljanin-zilkica-je-napravila-srpska-udba\/#article\",\"isPartOf\":{\"@id\":\"https:\/\/sandzakpress.net\/arhiva\/ugljanin-zilkica-je-napravila-srpska-udba\/\"},\"author\":{\"name\":\"bosniak\",\"@id\":\"https:\/\/sandzakpress.net\/arhiva\/#\/schema\/person\/c8baee722073534b583ea7bdb2e36c02\"},\"headline\":\"Ugljanin: &#8216;Zilki\u0107a je napravila srpska UDB-a&#8217;\",\"datePublished\":\"2013-09-06T17:19:01+00:00\",\"dateModified\":\"2013-09-08T07:41:54+00:00\",\"mainEntityOfPage\":{\"@id\":\"https:\/\/sandzakpress.net\/arhiva\/ugljanin-zilkica-je-napravila-srpska-udba\/\"},\"wordCount\":181,\"commentCount\":44,\"publisher\":{\"@id\":\"https:\/\/sandzakpress.net\/arhiva\/#\/schema\/person\/6e72b67d6e51910a1117b3b483ba20bd\"},\"image\":{\"@id\":\"https:\/\/sandzakpress.net\/arhiva\/ugljanin-zilkica-je-napravila-srpska-udba\/#primaryimage\"},\"thumbnailUrl\":\"https:\/\/sandzakpress.net\/arhiva\/wp-content\/uploads\/2013\/09\/85703_0215-ugljanin-foto-zoran-ras_f.jpg\",\"keywords\":[\"Islamska zajednica\",\"SDA\",\"Sulejman Ugljanin\",\"Adem Zilki\u0107\"],\"articleSection\":[\"Novi Pazar\",\"Politika\",\"Sjenica\",\"Tutin\",\"Prijepolje\",\"VIJESTI DANA\"],\"inLanguage\":\"bs-BA\",\"potentialAction\":[{\"@type\":\"CommentAction\",\"name\":\"Comment\",\"target\":[\"https:\/\/sandzakpress.net\/arhiva\/ugljanin-zilkica-je-napravila-srpska-udba\/#respond\"]}]},{\"@type\":\"WebPage\",\"@id\":\"https:\/\/sandzakpress.net\/arhiva\/ugljanin-zilkica-je-napravila-srpska-udba\/\",\"url\":\"https:\/\/sandzakpress.net\/arhiva\/ugljanin-zilkica-je-napravila-srpska-udba\/\",\"name\":\"Ugljanin: 'Zilki\u0107a je napravila srpska UDB-a'\",\"isPartOf\":{\"@id\":\"https:\/\/sandzakpress.net\/arhiva\/#website\"},\"primaryImageOfPage\":{\"@id\":\"https:\/\/sandzakpress.net\/arhiva\/ugljanin-zilkica-je-napravila-srpska-udba\/#primaryimage\"},\"image\":{\"@id\":\"https:\/\/sandzakpress.net\/arhiva\/ugljanin-zilkica-je-napravila-srpska-udba\/#primaryimage\"},\"thumbnailUrl\":\"https:\/\/sandzakpress.net\/arhiva\/wp-content\/uploads\/2013\/09\/85703_0215-ugljanin-foto-zoran-ras_f.jpg\",\"datePublished\":\"2013-09-06T17:19:01+00:00\",\"dateModified\":\"2013-09-08T07:41:54+00:00\",\"breadcrumb\":{\"@id\":\"https:\/\/sandzakpress.net\/arhiva\/ugljanin-zilkica-je-napravila-srpska-udba\/#breadcrumb\"},\"inLanguage\":\"bs-BA\",\"potentialAction\":[{\"@type\":\"ReadAction\",\"target\":[\"https:\/\/sandzakpress.net\/arhiva\/ugljanin-zilkica-je-napravila-srpska-udba\/\"]}]},{\"@type\":\"ImageObject\",\"inLanguage\":\"bs-BA\",\"@id\":\"https:\/\/sandzakpress.net\/arhiva\/ugljanin-zilkica-je-napravila-srpska-udba\/#primaryimage\",\"url\":\"https:\/\/sandzakpress.net\/arhiva\/wp-content\/uploads\/2013\/09\/85703_0215-ugljanin-foto-zoran-ras_f.jpg\",\"contentUrl\":\"https:\/\/sandzakpress.net\/arhiva\/wp-content\/uploads\/2013\/09\/85703_0215-ugljanin-foto-zoran-ras_f.jpg\",\"width\":470,\"height\":270},{\"@type\":\"BreadcrumbList\",\"@id\":\"https:\/\/sandzakpress.net\/arhiva\/ugljanin-zilkica-je-napravila-srpska-udba\/#breadcrumb\",\"itemListElement\":[{\"@type\":\"ListItem\",\"position\":1,\"name\":\"Home\",\"item\":\"https:\/\/sandzakpress.net\/arhiva\/\"},{\"@type\":\"ListItem\",\"position\":2,\"name\":\"Ugljanin: &#8216;Zilki\u0107a je napravila srpska UDB-a&#8217;\"}]},{\"@type\":\"WebSite\",\"@id\":\"https:\/\/sandzakpress.net\/arhiva\/#website\",\"url\":\"https:\/\/sandzakpress.net\/arhiva\/\",\"name\":\"Sand\u017eak PRESS\",\"description\":\"Prve elektronske novine u Sand\u017eaku\",\"publisher\":{\"@id\":\"https:\/\/sandzakpress.net\/arhiva\/#\/schema\/person\/6e72b67d6e51910a1117b3b483ba20bd\"},\"potentialAction\":[{\"@type\":\"SearchAction\",\"target\":{\"@type\":\"EntryPoint\",\"urlTemplate\":\"https:\/\/sandzakpress.net\/arhiva\/?s={search_term_string}\"},\"query-input\":{\"@type\":\"PropertyValueSpecification\",\"valueRequired\":true,\"valueName\":\"search_term_string\"}}],\"inLanguage\":\"bs-BA\"},{\"@type\":[\"Person\",\"Organization\"],\"@id\":\"https:\/\/sandzakpress.net\/arhiva\/#\/schema\/person\/6e72b67d6e51910a1117b3b483ba20bd\",\"name\":\"Kul\",\"image\":{\"@type\":\"ImageObject\",\"inLanguage\":\"bs-BA\",\"@id\":\"https:\/\/sandzakpress.net\/arhiva\/#\/schema\/person\/image\/\",\"url\":\"https:\/\/secure.gravatar.com\/avatar\/42263f39aa27ac04c43cab85c280eb2e?s=96&d=mm&r=pg\",\"contentUrl\":\"https:\/\/secure.gravatar.com\/avatar\/42263f39aa27ac04c43cab85c280eb2e?s=96&d=mm&r=pg\",\"caption\":\"Kul\"},\"logo\":{\"@id\":\"https:\/\/sandzakpress.net\/arhiva\/#\/schema\/person\/image\/\"}},{\"@type\":\"Person\",\"@id\":\"https:\/\/sandzakpress.net\/arhiva\/#\/schema\/person\/c8baee722073534b583ea7bdb2e36c02\",\"name\":\"bosniak\",\"image\":{\"@type\":\"ImageObject\",\"inLanguage\":\"bs-BA\",\"@id\":\"https:\/\/sandzakpress.net\/arhiva\/#\/schema\/person\/image\/\",\"url\":\"https:\/\/secure.gravatar.com\/avatar\/a04fd330bfe3a36a72a0ad4a6d89fca7?s=96&d=mm&r=pg\",\"contentUrl\":\"https:\/\/secure.gravatar.com\/avatar\/a04fd330bfe3a36a72a0ad4a6d89fca7?s=96&d=mm&r=pg\",\"caption\":\"bosniak\"},\"url\":\"https:\/\/sandzakpress.net\/arhiva\/author\/bosniak\/\"}]}<\/script>\n<!-- \/ Yoast SEO Premium plugin. -->","yoast_head_json":{"title":"Ugljanin: 'Zilki\u0107a je napravila srpska UDB-a'","robots":{"index":"index","follow":"follow","max-snippet":"max-snippet:-1","max-image-preview":"max-image-preview:large","max-video-preview":"max-video-preview:-1"},"canonical":"https:\/\/sandzakpress.net\/arhiva\/ugljanin-zilkica-je-napravila-srpska-udba\/","og_locale":"bs_BA","og_type":"article","og_title":"Ugljanin: 'Zilki\u0107a je napravila srpska UDB-a'","og_description":"Sjeverni Sand\u017eak &#8211; Kako Sand\u017eak PRESS saznaje, na nedavno odr\u017eanom sastanaku u Istanbulu, u prisustvu ministra vanjskih poslova Ahmeda Dautoglua i predsjednika za vjerske poslove Mehmeda Gormeza, ministar u Vladi Srbije i predsjednik SDA Sand\u017eaka Sulejman Ugljanin izjavio je: &nbsp; &nbsp; &#8220;Adema Zilki\u0107a i tu grupu proizvela je dr\u017eavna bezbjednost Srbije. Ja to u po\u010detku [&hellip;]","og_url":"https:\/\/sandzakpress.net\/arhiva\/ugljanin-zilkica-je-napravila-srpska-udba\/","og_site_name":"Sand\u017eak PRESS","article_published_time":"2013-09-06T17:19:01+00:00","article_modified_time":"2013-09-08T07:41:54+00:00","og_image":[{"width":470,"height":270,"url":"https:\/\/sandzakpress.net\/arhiva\/wp-content\/uploads\/2013\/09\/85703_0215-ugljanin-foto-zoran-ras_f.jpg","type":"image\/jpeg"}],"author":"bosniak","twitter_card":"summary_large_image","twitter_misc":{"Written by":"bosniak","Est. reading time":"1 minuta"},"schema":{"@context":"https:\/\/schema.org","@graph":[{"@type":"Article","@id":"https:\/\/sandzakpress.net\/arhiva\/ugljanin-zilkica-je-napravila-srpska-udba\/#article","isPartOf":{"@id":"https:\/\/sandzakpress.net\/arhiva\/ugljanin-zilkica-je-napravila-srpska-udba\/"},"author":{"name":"bosniak","@id":"https:\/\/sandzakpress.net\/arhiva\/#\/schema\/person\/c8baee722073534b583ea7bdb2e36c02"},"headline":"Ugljanin: &#8216;Zilki\u0107a je napravila srpska UDB-a&#8217;","datePublished":"2013-09-06T17:19:01+00:00","dateModified":"2013-09-08T07:41:54+00:00","mainEntityOfPage":{"@id":"https:\/\/sandzakpress.net\/arhiva\/ugljanin-zilkica-je-napravila-srpska-udba\/"},"wordCount":181,"commentCount":44,"publisher":{"@id":"https:\/\/sandzakpress.net\/arhiva\/#\/schema\/person\/6e72b67d6e51910a1117b3b483ba20bd"},"image":{"@id":"https:\/\/sandzakpress.net\/arhiva\/ugljanin-zilkica-je-napravila-srpska-udba\/#primaryimage"},"thumbnailUrl":"https:\/\/sandzakpress.net\/arhiva\/wp-content\/uploads\/2013\/09\/85703_0215-ugljanin-foto-zoran-ras_f.jpg","keywords":["Islamska zajednica","SDA","Sulejman Ugljanin","Adem Zilki\u0107"],"articleSection":["Novi Pazar","Politika","Sjenica","Tutin","Prijepolje","VIJESTI DANA"],"inLanguage":"bs-BA","potentialAction":[{"@type":"CommentAction","name":"Comment","target":["https:\/\/sandzakpress.net\/arhiva\/ugljanin-zilkica-je-napravila-srpska-udba\/#respond"]}]},{"@type":"WebPage","@id":"https:\/\/sandzakpress.net\/arhiva\/ugljanin-zilkica-je-napravila-srpska-udba\/","url":"https:\/\/sandzakpress.net\/arhiva\/ugljanin-zilkica-je-napravila-srpska-udba\/","name":"Ugljanin: 'Zilki\u0107a je napravila srpska UDB-a'","isPartOf":{"@id":"https:\/\/sandzakpress.net\/arhiva\/#website"},"primaryImageOfPage":{"@id":"https:\/\/sandzakpress.net\/arhiva\/ugljanin-zilkica-je-napravila-srpska-udba\/#primaryimage"},"image":{"@id":"https:\/\/sandzakpress.net\/arhiva\/ugljanin-zilkica-je-napravila-srpska-udba\/#primaryimage"},"thumbnailUrl":"https:\/\/sandzakpress.net\/arhiva\/wp-content\/uploads\/2013\/09\/85703_0215-ugljanin-foto-zoran-ras_f.jpg","datePublished":"2013-09-06T17:19:01+00:00","dateModified":"2013-09-08T07:41:54+00:00","breadcrumb":{"@id":"https:\/\/sandzakpress.net\/arhiva\/ugljanin-zilkica-je-napravila-srpska-udba\/#breadcrumb"},"inLanguage":"bs-BA","potentialAction":[{"@type":"ReadAction","target":["https:\/\/sandzakpress.net\/arhiva\/ugljanin-zilkica-je-napravila-srpska-udba\/"]}]},{"@type":"ImageObject","inLanguage":"bs-BA","@id":"https:\/\/sandzakpress.net\/arhiva\/ugljanin-zilkica-je-napravila-srpska-udba\/#primaryimage","url":"https:\/\/sandzakpress.net\/arhiva\/wp-content\/uploads\/2013\/09\/85703_0215-ugljanin-foto-zoran-ras_f.jpg","contentUrl":"https:\/\/sandzakpress.net\/arhiva\/wp-content\/uploads\/2013\/09\/85703_0215-ugljanin-foto-zoran-ras_f.jpg","width":470,"height":270},{"@type":"BreadcrumbList","@id":"https:\/\/sandzakpress.net\/arhiva\/ugljanin-zilkica-je-napravila-srpska-udba\/#breadcrumb","itemListElement":[{"@type":"ListItem","position":1,"name":"Home","item":"https:\/\/sandzakpress.net\/arhiva\/"},{"@type":"ListItem","position":2,"name":"Ugljanin: &#8216;Zilki\u0107a je napravila srpska UDB-a&#8217;"}]},{"@type":"WebSite","@id":"https:\/\/sandzakpress.net\/arhiva\/#website","url":"https:\/\/sandzakpress.net\/arhiva\/","name":"Sand\u017eak PRESS","description":"Prve elektronske novine u Sand\u017eaku","publisher":{"@id":"https:\/\/sandzakpress.net\/arhiva\/#\/schema\/person\/6e72b67d6e51910a1117b3b483ba20bd"},"potentialAction":[{"@type":"SearchAction","target":{"@type":"EntryPoint","urlTemplate":"https:\/\/sandzakpress.net\/arhiva\/?s={search_term_string}"},"query-input":{"@type":"PropertyValueSpecification","valueRequired":true,"valueName":"search_term_string"}}],"inLanguage":"bs-BA"},{"@type":["Person","Organization"],"@id":"https:\/\/sandzakpress.net\/arhiva\/#\/schema\/person\/6e72b67d6e51910a1117b3b483ba20bd","name":"Kul","image":{"@type":"ImageObject","inLanguage":"bs-BA","@id":"https:\/\/sandzakpress.net\/arhiva\/#\/schema\/person\/image\/","url":"https:\/\/secure.gravatar.com\/avatar\/42263f39aa27ac04c43cab85c280eb2e?s=96&d=mm&r=pg","contentUrl":"https:\/\/secure.gravatar.com\/avatar\/42263f39aa27ac04c43cab85c280eb2e?s=96&d=mm&r=pg","caption":"Kul"},"logo":{"@id":"https:\/\/sandzakpress.net\/arhiva\/#\/schema\/person\/image\/"}},{"@type":"Person","@id":"https:\/\/sandzakpress.net\/arhiva\/#\/schema\/person\/c8baee722073534b583ea7bdb2e36c02","name":"bosniak","image":{"@type":"ImageObject","inLanguage":"bs-BA","@id":"https:\/\/sandzakpress.net\/arhiva\/#\/schema\/person\/image\/","url":"https:\/\/secure.gravatar.com\/avatar\/a04fd330bfe3a36a72a0ad4a6d89fca7?s=96&d=mm&r=pg","contentUrl":"https:\/\/secure.gravatar.com\/avatar\/a04fd330bfe3a36a72a0ad4a6d89fca7?s=96&d=mm&r=pg","caption":"bosniak"},"url":"https:\/\/sandzakpress.net\/arhiva\/author\/bosniak\/"}]}},"_links":{"self":[{"href":"https:\/\/sandzakpress.net\/arhiva\/wp-json\/wp\/v2\/posts\/87251"}],"collection":[{"href":"https:\/\/sandzakpress.net\/arhiva\/wp-json\/wp\/v2\/posts"}],"about":[{"href":"https:\/\/sandzakpress.net\/arhiva\/wp-json\/wp\/v2\/types\/post"}],"author":[{"embeddable":true,"href":"https:\/\/sandzakpress.net\/arhiva\/wp-json\/wp\/v2\/users\/83"}],"replies":[{"embeddable":true,"href":"https:\/\/sandzakpress.net\/arhiva\/wp-json\/wp\/v2\/comments?post=87251"}],"version-history":[{"count":0,"href":"https:\/\/sandzakpress.net\/arhiva\/wp-json\/wp\/v2\/posts\/87251\/revisions"}],"wp:featuredmedia":[{"embeddable":true,"href":"https:\/\/sandzakpress.net\/arhiva\/wp-json\/wp\/v2\/media\/87252"}],"wp:attachment":[{"href":"https:\/\/sandzakpress.net\/arhiva\/wp-json\/wp\/v2\/media?parent=87251"}],"wp:term":[{"taxonomy":"category","embeddable":true,"href":"https:\/\/sandzakpress.net\/arhiva\/wp-json\/wp\/v2\/categories?post=87251"},{"taxonomy":"post_tag","embeddable":true,"href":"https:\/\/sandzakpress.net\/arhiva\/wp-json\/wp\/v2\/tags?post=87251"}],"curies":[{"name":"wp","href":"https:\/\/api.w.org\/{rel}","templated":true}]}}