{"id":87084,"date":"2013-09-03T23:07:28","date_gmt":"2013-09-03T21:07:28","guid":{"rendered":"https:\/\/sandzakpress.net\/arhiva\/?p=87084"},"modified":"2013-09-03T23:07:28","modified_gmt":"2013-09-03T21:07:28","slug":"gradonacelnik-vukovar-ne-smije-biti-bejrut","status":"publish","type":"post","link":"https:\/\/sandzakpress.net\/arhiva\/gradonacelnik-vukovar-ne-smije-biti-bejrut\/","title":{"rendered":"Gradona\u010delnik: Vukovar ne smije biti Bejrut"},"content":{"rendered":"<h2>Hrvatska &#8211; Prosvjednici su hodali od institucije do institucije s dvojezi\u010dnim plo\u010dama, a potom su se iza podneva mirno razi\u0161li.<\/h2>\n<div class=\"youtube-embed\" data-video_id=\"4ShGUNGfZBg\"><iframe loading=\"lazy\" title=\"Drugi dan protesta protiv \u0107irilice u Vukovaru\" width=\"696\" height=\"392\" src=\"https:\/\/www.youtube.com\/embed\/4ShGUNGfZBg?feature=oembed&#038;enablejsapi=1\" frameborder=\"0\" allow=\"accelerometer; autoplay; encrypted-media; gyroscope; picture-in-picture\" allowfullscreen><\/iframe><\/div>\n<p>Nakon \u0161to je pu\u0161ten iz policije, predsjednik Sto\u017eera za obranu hrvatskog Vukovara Tomislav Josi\u0107 pozvan je u \u017dupanijsko dr\u017eavno odvjetni\u0161tvo, no \u010dlanovi sto\u017eera ne znaju kada \u0107e i ho\u0107e li tijekom dana biti pu\u0161en.<\/p>\n<p>\u010clan sto\u017eera Drago Ad\u017eaga pozvao je ne\u0161to prije 13 sati okupljene prosvjednike na Trgu Republike Hrvatske da se mirno razi\u0111u te se ponovno okupe u srijedu u 10 sati.<\/p>\n<p>\u201eNe treba inzistirati na dana\u0161njem daljnjem prosvjedu jer \u0107e o\u010dito prosvjed du\u017ee trajati, pa treba imati snage i onda kad bude trebalo\u201c, poru\u010dio je Ad\u017eaga.<\/p>\n<p>Najavio je i kako \u0107e se tijekom popodneva ponovno sastati u\u017ee vodstvo sto\u017eera s predstavnicima udruga koje su do\u0161le dati potporu prosvjedu u Vukovaru te dogovoriti sutra\u0161nje i daljnje aktivnosti.<\/p>\n<p>Prosvjednici su se mirno razi\u0161li sa sredi\u0161njeg vukovarskog trga.<\/p>\n<p><strong>Prosvjednici mirno hodali gradom<\/strong><\/p>\n<p>Za razliku od ju\u010dera\u0161njih nemira, kad su prosvjednici nasilno skidali dvojezi\u010dne plo\u010de u Vukovaru, pri \u010demu je ozlije\u0111eno \u010detvero policajaca, danas se prosvjed pretvorio u hodnju od jedne do druge institucije na koje su te plo\u010de postavljene, a koje \u010duvaju vrlo jake snage reda.<\/p>\n<p>Na mir i dostojanstvo pozivali su danas sami prosvjednici, kao i gradona\u010delnik \u017deljko Sabo, koji je istaknuo da 15 godina gra\u0111ani Vukovara \u017eive u miru, za \u0161to je im je trebalo puno tolerancije.<\/p>\n<p>\u201eNemojmo dozvoliti da grad Vukovar postane Bejrut\u201c, poru\u010dio je Sabo.<\/p>\n<p>U o\u010dekivanju dolaska predsjednika Sto\u017eera za obranu hrvatskog Vukovara Tomislava Josi\u0107a na sredi\u0161njem vukovarskom trgu, koji je jutros pu\u0161ten iz pritvora, \u010dlan sto\u017eera Drago Ad\u017eaga objavio je pred stotinama okupljenih prosvjednika da je na autocesti Zagreb \u2013 Lipovac zaustavljeno 28 autobusa punih ljudi koji \u017eele podr\u017eati prosvjednike.<\/p>\n<p>Ravnateljstvo policije je demantiralo takvu informaciju.<\/p>\n<p>Jedan od sudionika prosvjeda, pozdravljaju\u0107i okupljene, rekao je kako svaki narod ima pravo na jezik i pismo, ali Vukovar je, kazao je, ne\u0161to drugo, &#8220;Vukovar je hrvatski Alamo&#8221;.<\/p>\n<p>Prosvjednici na trgu o\u010dekuju da im se pridru\u017ei Tomislav Josi\u0107, koji je ju\u010der bio me\u0111u privedenima na informativni razgovor i danas, kao posljednji, pu\u0161ten.<\/p>\n<p>U organizaciji Sto\u017eera, od ju\u010der ujutro odr\u017eava se prosvjed zbog postavljanja dvojezi\u010dnih plo\u010da na latinici i \u0107irilici na javne ustanove u Vukovaru.<\/p>\n<p><strong>Karamarko pozvao Vladu da povu\u010de odluku o plo\u010dama<\/strong><\/p>\n<p>Predsjednik HDZ-a Tomislav Karamarko pozvao je hrvatsku Vladu da povu\u010de odluku o postavljanju dvojezi\u010dnih plo\u010da u Vukovaru ustvrdiv\u0161i kako je njihovo postavljanje nezakonito, a to \u0161to su postavljen po no\u0107i i \u201enerazumno\u201c.<\/p>\n<p>Karamarko je sa sve\u010dane sjednice Skup\u0161tine Viroviti\u010dko-podravske \u017eupanije poru\u010dio kako HDZ ve\u0107 du\u017ee vrijeme upozorava da se prema Ustavnom zakonu o pravima nacionalnih manjina dvojezi\u010dne plo\u010de mogu postavljati samo ako ne vrije\u0111aju dignitet ve\u0107inskog naroda.<\/p>\n<p>\u201ePlo\u010de se mogu implementirati jedino ako doprinose razumijevanju, suradnji i dijalogu ve\u0107inskog naroda i nacionalnih manjina, a to u Vukovaru u ovom momentu nije slu\u010daj, jer izazivaju gra\u0111ane i vrije\u0111aju njihove osje\u0107aje. Zato je to nerazumna odluka Vlade\u201c, rekao je Karamarko i pozvao Vladu da povu\u010de odluku o postavljanju plo\u010da i iska\u017ee vi\u0161e razumijevanja i osje\u0107aja i omogu\u0107i Vukovaru da bude grad posebnog pijeteta.<\/p>\n<p>Smatra i kako je trenutak u kojemu se postavljaju plo\u010de neprimjeren, jer je \u201eno\u0107as poskupjelo gorivo, a BDP je opet pao\u201c.<\/p>\n<p>\u201eUmjesto da se Vlada bavi gospodarskim problemima i svima nama, pa i Vukovarcima, omogu\u0107i bolji \u017eivot, oni idu vrije\u0111ati. Ne bave se onime \u0161to im je posao nego nekim svjetonazorskim pitanjima i kopanjem po svje\u017eim ranama\u201c, izjavio je Tomislav Karamarko.<\/p>\n<p><strong>Pu\u0161teni svi privedeni<\/strong><\/p>\n<p>Predsjednik Sto\u017eera za obranu hrvatskog Vukovara Tomislav Josi\u0107 pu\u0161ten je iz policije, pa su prosvjednici odustali od daljeg obilaska institucija na kojima su postavljene dvojezi\u010dne plo\u010de te se odlu\u010dili vratiti prema sredi\u0161njem gradskom trgu kako bi do\u010dekali Josi\u0107a.<\/p>\n<p>Prosvjednici, koji su se nakon zgrade Centra za socijalnu skrb uputili pred \u017dupanijski sud, na kojemu je tako\u0111er postavljena plo\u010da s natpisom na latini\u010dnom i \u0107irili\u010dnom pismu, nisu se zadr\u017eali pred sudom ve\u0107 su produ\u017eili u krug Op\u0107e bolnice Vukovar, gdje su molili zajedno s gvardijanom vukovarskog franjeva\u010dkog samostana Gordanom Propadalom.<\/p>\n<div>\n<div>\n<h2>\u0160ovinisti\u010dki grafiti u Dubrovniku<\/h2>\n<p>Dubrova\u010dki gradona\u010delnik Andro Vlahu\u0161i\u0107 najo\u0161trije je osudio \u0161ovinisti\u010dke poruke koje su se jutros pojavila na grafitima na dubrova\u010dkim ulicama.<\/p>\n<p>Na Pravoslavnoj crkvi u Dubrovniku osvanuli su grafiti koji, uz usta\u0161ka obilje\u017eja, sadr\u017ee uvrede na nacionalnoj osnovi te uvrede na ra\u010dun ministra Ranka Ostoji\u0107a, dok je na ulazu u grad osvanuo transparent s natpisom \u201eStop \u0107irilici u Vukovaru\u201c.<\/p>\n<p>\u201eDubrovnik to nije, a autori tih skandaloznih grafita te\u0161ko se mogu smatrati Dubrov\u010danima te nikako nisu dionici dubrova\u010dkog duha tolerancije, razumijevanja i uzajamnog po\u0161tovanja koji se me\u0111u ljudima na ovoj hridi razvijao vi\u0161e od tisu\u0107lje\u0107a\u201c, poru\u010dio je Vlahu\u0161i\u0107.<\/p>\n<p>Jo\u0161 je istaknuo kako ga \u201e\u010dudi takav primitivan \u010din netolerancije, kojeg u Dubrovniku nije bilo ni tijekom Domovinskog rata, niti u te\u0161kim poratnim vremenima\u201c.<\/p>\n<p>\u201eNad na\u0161im zidinama stoji zastava Slobode koja Dubrov\u010danima i gostima iz cijelog svijeta garantira slobodno izra\u017eavanje vlastitih vjerskih, nacionalnih i drugih uvjerenja, a sve one koji su vo\u0111eni mr\u017enjom i zlo\u0107om podsje\u0107a kako Dubrovnik nikad nije ustuknuo pred njima\u201c, naveo je Vlahu\u0161i\u0107.<\/p>\n<p>Zatra\u017eio je od pravosudnih i policijskih slu\u017ebi da u najkra\u0107em roku \u201eizoliraju i najstro\u017ee kazne krivce koji su bezumnim \u010dinom uvrijedili sve ono na \u0161to su u Dubrovniku najvi\u0161e ponosni\u201c.<\/p>\n<\/div>\n<\/div>\n<p>Fra Propadalo je izjavio novinarima da mu je \u017eao \u0161to ljudi na vlasti \u201ene vide da je ovo udar na ovda\u0161nje ljude\u201c, a doga\u0111anja u Vukovaru ocijenio je \u201eposipanjem soli na svje\u017eu ranu\u201c navode\u0107i i da je to \u201ezlo, pa i zlo\u010din, koji tra\u017ei odgovornost\u201c.<\/p>\n<p>U prosvjednoj koloni, koja je gradom prolazila mirno i bez izgreda, te z napomenu kako danas ne\u0107e razbijati plo\u010de, prosvjednici su do\u0161li i do zgrade Dr\u017eavnog inspektorata u Vukovaru, koju osiguravaju jake snage interventne policije.<\/p>\n<p>Zatim su trebali krenuti prema Dr\u017eavnom odvjetni\u0161tvu, no Sto\u017eer je saznao da je Josi\u0107 pu\u0161ten, pa se kolona uputila natrag na Trg Republike Hrvatske da ga tamo do\u010deka.<\/p>\n<p><strong>Zgrade \u010duvaju kordoni policije<\/strong><\/p>\n<p>Od vukovarskih prosvjednika, koji su tijekom ju\u010dera\u0161njeg dana bili privedeni na obavijesni razgovor, trojica su ve\u0107 ranije pu\u0161tena, potvr\u0111eno je iz vukovarsko-srijemske policije.<\/p>\n<p>\u201eO indentitetu zadr\u017eanih jo\u0161 ne mo\u017eemo govoriti\u201c, kratko je odgovorila Maja Marijana Barbari\u0107 iz Odnosa s javno\u0161\u0107u Policijske uprave vukovarsko-srijemske te potvrdila kako je, prema informacijama kojima raspola\u017ee policija, u Vukovaru jutros mirno.<\/p>\n<p>U me\u0111uvremenu, vi\u0161e od 500 prosvjednika oti\u0161lo je oko 10:30 sati s Trga Republike Hrvatske prema Centru za socijalnu skrb gdje su postavljene plo\u010de s natpisom na dva pisma \u2013 \u0107irili\u010dnom i latini\u010dnom.<\/p>\n<p>Ulaz u zgradu centra u \u017dupanijskoj ulici okru\u017een je za\u0161titnom metalnom ogradom, a unutar i van ograde je veliki broj interventnih policajaca pod punom spremom, tako da se prosvjednici nisu ni poku\u0161ali probiti do plo\u010de.<\/p>\n<p>Skandirali su \u201eNe damo Vukovar!\u201c i pjevali domoljubne pjesme, a zatim su preko megafona pojedina\u010dno govorili, predstavljaju\u0107i se imenom i prezimenom i navode\u0107i ratnu biografiju.<\/p>\n<p>Prosvjednici su pozvali hrvatsku policiju da im se pridru\u017ei u prosvjedu, nakon \u010dega se kolona uputila prema \u017dupanijskom sudu i Dr\u017eavnom odvjetni\u0161tvu, koji su tako\u0111er u \u017dupanijskoj ulici.<\/p>\n<p><strong>Gradona\u010delnik za nemire optu\u017euje HDZ<\/strong><\/p>\n<p>\u201eProsvjedi i nemiri poku\u0161aj su HDZ-a da izazove nemire po cijeloj Hrvatskoj i destabilizira hrvatsku Vladu kako bi ta stranka \u0161to prije do\u0161la na vlast\u201c, poru\u010dio je vukovarski gradona\u010delnik \u017deljko Sabo.<\/p>\n<p>Gradona\u010delnik Sabo pozvao je sve gra\u0111ane Vukovara na \u201edostojanstveno pona\u0161anje kako se i danas ne bi ponovili nemiri koji ne trebaju nikome kome je imalo stalo do Vukovara i Vukovaraca\u201c.<\/p>\n<p>Podsjetio je kako su jo\u0161 1998. godine na vukovarski Dje\u010dji vrti\u0107 Vukovar II i srednje \u0161kole u Vukovaru postavljene dvojezi\u010dne plo\u010de koje i danas stoje i nitko ih nije poku\u0161ao skinuti.<\/p>\n<p>\u201eAko te plo\u010de nikome ne smetaju, ne znam za\u0161to smetaju ove ju\u010dera\u0161nje, osim ako netko ne \u017eeli namjerno izazvati kaos me\u0111u nama Vukovarcima\u201c, rekao je Sabo, zapitav\u0161i kako to svima onima koji danas prosvjeduju po Vukovaru prije \u010detiri godine \u201enije zasmetala odluka Gradskog vije\u0107a Vukovara kojom su HDZ, SDSS i nekada\u0161nji HSP uveli dvojezi\u010dnost u Gradu Vukovaru\u201c.<\/p>\n<p>\u201eZa\u0161to tada nisu prosjedovali i bunili se\u201c, pita Sabo koji postavlja i pitanje \u201emo\u017eemo li si svi skupa dopustiti da danas, kada je Hrvatska \u010dlanica EU, ne po\u0161tivamo vlastite ustavne zakone i ignoriramo pravo i red\u201c.<\/p>\n<p>\u201eMislim da ne mo\u017eemo te stoga jo\u0161 jednom pozivam na mir i toleranciju kako ne bi u jednom danu uni\u0161tili sve ono \u0161to smo gradili u petnaest godina od procesa mirne reintegracije hrvatskog Podunavlja\u201c, zaklju\u010dno isti\u010de gradona\u010delnik \u017deljko Sabo.<\/p>\n<p>Jo\u0161 sino\u0107 su na dvije zgrade dr\u017eavnih tijela u Vukovaru, na zgradi Zavoda za zapo\u0161ljavanje te Hrvatskog zavoda za mirovinsko osiguranje, postavljene plo\u010de s dvojezi\u010dnim natpisima na latini\u010dnom i \u0107irili\u010dnom pismu.<\/p>\n<p>Obje zgrade cijelu ve\u010der osiguravale su jake policijske snage, no za razliku od prijepodnevog policijskog osiguranja ovoga puta su policajci pod punom spremom.<\/p>\n<p>Prosvjednici u Vukovaru okupljeni oko Sto\u017eera za obranu hrvatskog Vukovara \u010deki\u0107ima i rukama razbili su i skinuli \u010detiri plo\u010de s dvojezi\u010dnim natpisima sa dr\u017eavnih institucija, a u naguravanju koje je uslijedilo nekoliko interventnih policajaca i gra\u0111ana zadobilo je ogrebotine.<\/p>\n<p>(aljazeera)<\/p>\n","protected":false},"excerpt":{"rendered":"<p>Hrvatska &#8211; Prosvjednici su hodali od institucije do institucije s dvojezi\u010dnim plo\u010dama, a potom su se iza podneva mirno razi\u0161li. Nakon \u0161to je pu\u0161ten iz policije, predsjednik Sto\u017eera za obranu hrvatskog Vukovara Tomislav Josi\u0107 pozvan je u \u017dupanijsko dr\u017eavno odvjetni\u0161tvo, no \u010dlanovi sto\u017eera ne znaju kada \u0107e i ho\u0107e li tijekom dana biti pu\u0161en. \u010clan [&hellip;]<\/p>\n","protected":false},"author":83,"featured_media":87085,"comment_status":"open","ping_status":"open","sticky":false,"template":"","format":"standard","meta":{"footnotes":""},"categories":[10306],"tags":[],"class_list":{"0":"post-87084","1":"post","2":"type-post","3":"status-publish","4":"format-standard","5":"has-post-thumbnail","7":"category-hrvatska"},"yoast_head":"<!-- This site is optimized with the Yoast SEO Premium plugin v23.1 (Yoast SEO v24.9) - https:\/\/yoast.com\/wordpress\/plugins\/seo\/ -->\n<title>Gradona\u010delnik: Vukovar ne smije biti Bejrut<\/title>\n<meta name=\"robots\" content=\"index, follow, max-snippet:-1, max-image-preview:large, max-video-preview:-1\" \/>\n<link rel=\"canonical\" href=\"https:\/\/sandzakpress.net\/arhiva\/gradonacelnik-vukovar-ne-smije-biti-bejrut\/\" \/>\n<meta property=\"og:locale\" content=\"bs_BA\" \/>\n<meta property=\"og:type\" content=\"article\" \/>\n<meta property=\"og:title\" content=\"Gradona\u010delnik: Vukovar ne smije biti Bejrut\" \/>\n<meta property=\"og:description\" content=\"Hrvatska &#8211; Prosvjednici su hodali od institucije do institucije s dvojezi\u010dnim plo\u010dama, a potom su se iza podneva mirno razi\u0161li. Nakon \u0161to je pu\u0161ten iz policije, predsjednik Sto\u017eera za obranu hrvatskog Vukovara Tomislav Josi\u0107 pozvan je u \u017dupanijsko dr\u017eavno odvjetni\u0161tvo, no \u010dlanovi sto\u017eera ne znaju kada \u0107e i ho\u0107e li tijekom dana biti pu\u0161en. \u010clan [&hellip;]\" \/>\n<meta property=\"og:url\" content=\"https:\/\/sandzakpress.net\/arhiva\/gradonacelnik-vukovar-ne-smije-biti-bejrut\/\" \/>\n<meta property=\"og:site_name\" content=\"Sand\u017eak PRESS\" \/>\n<meta property=\"article:published_time\" content=\"2013-09-03T21:07:28+00:00\" \/>\n<meta property=\"og:image\" content=\"https:\/\/sandzakpress.net\/arhiva\/wp-content\/uploads\/2013\/09\/03.jpg\" \/>\n\t<meta property=\"og:image:width\" content=\"480\" \/>\n\t<meta property=\"og:image:height\" content=\"360\" \/>\n\t<meta property=\"og:image:type\" content=\"image\/jpeg\" \/>\n<meta name=\"author\" content=\"bosniak\" \/>\n<meta name=\"twitter:card\" content=\"summary_large_image\" \/>\n<meta name=\"twitter:label1\" content=\"Written by\" \/>\n\t<meta name=\"twitter:data1\" content=\"bosniak\" \/>\n\t<meta name=\"twitter:label2\" content=\"Est. reading time\" \/>\n\t<meta name=\"twitter:data2\" content=\"8 minuta\" \/>\n<script type=\"application\/ld+json\" class=\"yoast-schema-graph\">{\"@context\":\"https:\/\/schema.org\",\"@graph\":[{\"@type\":\"Article\",\"@id\":\"https:\/\/sandzakpress.net\/arhiva\/gradonacelnik-vukovar-ne-smije-biti-bejrut\/#article\",\"isPartOf\":{\"@id\":\"https:\/\/sandzakpress.net\/arhiva\/gradonacelnik-vukovar-ne-smije-biti-bejrut\/\"},\"author\":{\"name\":\"bosniak\",\"@id\":\"https:\/\/sandzakpress.net\/arhiva\/#\/schema\/person\/c8baee722073534b583ea7bdb2e36c02\"},\"headline\":\"Gradona\u010delnik: Vukovar ne smije biti Bejrut\",\"datePublished\":\"2013-09-03T21:07:28+00:00\",\"mainEntityOfPage\":{\"@id\":\"https:\/\/sandzakpress.net\/arhiva\/gradonacelnik-vukovar-ne-smije-biti-bejrut\/\"},\"wordCount\":1692,\"commentCount\":0,\"publisher\":{\"@id\":\"https:\/\/sandzakpress.net\/arhiva\/#\/schema\/person\/6e72b67d6e51910a1117b3b483ba20bd\"},\"image\":{\"@id\":\"https:\/\/sandzakpress.net\/arhiva\/gradonacelnik-vukovar-ne-smije-biti-bejrut\/#primaryimage\"},\"thumbnailUrl\":\"https:\/\/sandzakpress.net\/arhiva\/wp-content\/uploads\/2013\/09\/03.jpg\",\"articleSection\":[\"Hrvatska\"],\"inLanguage\":\"bs-BA\",\"potentialAction\":[{\"@type\":\"CommentAction\",\"name\":\"Comment\",\"target\":[\"https:\/\/sandzakpress.net\/arhiva\/gradonacelnik-vukovar-ne-smije-biti-bejrut\/#respond\"]}]},{\"@type\":\"WebPage\",\"@id\":\"https:\/\/sandzakpress.net\/arhiva\/gradonacelnik-vukovar-ne-smije-biti-bejrut\/\",\"url\":\"https:\/\/sandzakpress.net\/arhiva\/gradonacelnik-vukovar-ne-smije-biti-bejrut\/\",\"name\":\"Gradona\u010delnik: Vukovar ne smije biti Bejrut\",\"isPartOf\":{\"@id\":\"https:\/\/sandzakpress.net\/arhiva\/#website\"},\"primaryImageOfPage\":{\"@id\":\"https:\/\/sandzakpress.net\/arhiva\/gradonacelnik-vukovar-ne-smije-biti-bejrut\/#primaryimage\"},\"image\":{\"@id\":\"https:\/\/sandzakpress.net\/arhiva\/gradonacelnik-vukovar-ne-smije-biti-bejrut\/#primaryimage\"},\"thumbnailUrl\":\"https:\/\/sandzakpress.net\/arhiva\/wp-content\/uploads\/2013\/09\/03.jpg\",\"datePublished\":\"2013-09-03T21:07:28+00:00\",\"breadcrumb\":{\"@id\":\"https:\/\/sandzakpress.net\/arhiva\/gradonacelnik-vukovar-ne-smije-biti-bejrut\/#breadcrumb\"},\"inLanguage\":\"bs-BA\",\"potentialAction\":[{\"@type\":\"ReadAction\",\"target\":[\"https:\/\/sandzakpress.net\/arhiva\/gradonacelnik-vukovar-ne-smije-biti-bejrut\/\"]}]},{\"@type\":\"ImageObject\",\"inLanguage\":\"bs-BA\",\"@id\":\"https:\/\/sandzakpress.net\/arhiva\/gradonacelnik-vukovar-ne-smije-biti-bejrut\/#primaryimage\",\"url\":\"https:\/\/sandzakpress.net\/arhiva\/wp-content\/uploads\/2013\/09\/03.jpg\",\"contentUrl\":\"https:\/\/sandzakpress.net\/arhiva\/wp-content\/uploads\/2013\/09\/03.jpg\",\"width\":480,\"height\":360},{\"@type\":\"BreadcrumbList\",\"@id\":\"https:\/\/sandzakpress.net\/arhiva\/gradonacelnik-vukovar-ne-smije-biti-bejrut\/#breadcrumb\",\"itemListElement\":[{\"@type\":\"ListItem\",\"position\":1,\"name\":\"Home\",\"item\":\"https:\/\/sandzakpress.net\/arhiva\/\"},{\"@type\":\"ListItem\",\"position\":2,\"name\":\"Gradona\u010delnik: Vukovar ne smije biti Bejrut\"}]},{\"@type\":\"WebSite\",\"@id\":\"https:\/\/sandzakpress.net\/arhiva\/#website\",\"url\":\"https:\/\/sandzakpress.net\/arhiva\/\",\"name\":\"Sand\u017eak PRESS\",\"description\":\"Prve elektronske novine u Sand\u017eaku\",\"publisher\":{\"@id\":\"https:\/\/sandzakpress.net\/arhiva\/#\/schema\/person\/6e72b67d6e51910a1117b3b483ba20bd\"},\"potentialAction\":[{\"@type\":\"SearchAction\",\"target\":{\"@type\":\"EntryPoint\",\"urlTemplate\":\"https:\/\/sandzakpress.net\/arhiva\/?s={search_term_string}\"},\"query-input\":{\"@type\":\"PropertyValueSpecification\",\"valueRequired\":true,\"valueName\":\"search_term_string\"}}],\"inLanguage\":\"bs-BA\"},{\"@type\":[\"Person\",\"Organization\"],\"@id\":\"https:\/\/sandzakpress.net\/arhiva\/#\/schema\/person\/6e72b67d6e51910a1117b3b483ba20bd\",\"name\":\"Kul\",\"image\":{\"@type\":\"ImageObject\",\"inLanguage\":\"bs-BA\",\"@id\":\"https:\/\/sandzakpress.net\/arhiva\/#\/schema\/person\/image\/\",\"url\":\"https:\/\/secure.gravatar.com\/avatar\/42263f39aa27ac04c43cab85c280eb2e?s=96&d=mm&r=pg\",\"contentUrl\":\"https:\/\/secure.gravatar.com\/avatar\/42263f39aa27ac04c43cab85c280eb2e?s=96&d=mm&r=pg\",\"caption\":\"Kul\"},\"logo\":{\"@id\":\"https:\/\/sandzakpress.net\/arhiva\/#\/schema\/person\/image\/\"}},{\"@type\":\"Person\",\"@id\":\"https:\/\/sandzakpress.net\/arhiva\/#\/schema\/person\/c8baee722073534b583ea7bdb2e36c02\",\"name\":\"bosniak\",\"image\":{\"@type\":\"ImageObject\",\"inLanguage\":\"bs-BA\",\"@id\":\"https:\/\/sandzakpress.net\/arhiva\/#\/schema\/person\/image\/\",\"url\":\"https:\/\/secure.gravatar.com\/avatar\/a04fd330bfe3a36a72a0ad4a6d89fca7?s=96&d=mm&r=pg\",\"contentUrl\":\"https:\/\/secure.gravatar.com\/avatar\/a04fd330bfe3a36a72a0ad4a6d89fca7?s=96&d=mm&r=pg\",\"caption\":\"bosniak\"},\"url\":\"https:\/\/sandzakpress.net\/arhiva\/author\/bosniak\/\"}]}<\/script>\n<!-- \/ Yoast SEO Premium plugin. -->","yoast_head_json":{"title":"Gradona\u010delnik: Vukovar ne smije biti Bejrut","robots":{"index":"index","follow":"follow","max-snippet":"max-snippet:-1","max-image-preview":"max-image-preview:large","max-video-preview":"max-video-preview:-1"},"canonical":"https:\/\/sandzakpress.net\/arhiva\/gradonacelnik-vukovar-ne-smije-biti-bejrut\/","og_locale":"bs_BA","og_type":"article","og_title":"Gradona\u010delnik: Vukovar ne smije biti Bejrut","og_description":"Hrvatska &#8211; Prosvjednici su hodali od institucije do institucije s dvojezi\u010dnim plo\u010dama, a potom su se iza podneva mirno razi\u0161li. Nakon \u0161to je pu\u0161ten iz policije, predsjednik Sto\u017eera za obranu hrvatskog Vukovara Tomislav Josi\u0107 pozvan je u \u017dupanijsko dr\u017eavno odvjetni\u0161tvo, no \u010dlanovi sto\u017eera ne znaju kada \u0107e i ho\u0107e li tijekom dana biti pu\u0161en. \u010clan [&hellip;]","og_url":"https:\/\/sandzakpress.net\/arhiva\/gradonacelnik-vukovar-ne-smije-biti-bejrut\/","og_site_name":"Sand\u017eak PRESS","article_published_time":"2013-09-03T21:07:28+00:00","og_image":[{"width":480,"height":360,"url":"https:\/\/sandzakpress.net\/arhiva\/wp-content\/uploads\/2013\/09\/03.jpg","type":"image\/jpeg"}],"author":"bosniak","twitter_card":"summary_large_image","twitter_misc":{"Written by":"bosniak","Est. reading time":"8 minuta"},"schema":{"@context":"https:\/\/schema.org","@graph":[{"@type":"Article","@id":"https:\/\/sandzakpress.net\/arhiva\/gradonacelnik-vukovar-ne-smije-biti-bejrut\/#article","isPartOf":{"@id":"https:\/\/sandzakpress.net\/arhiva\/gradonacelnik-vukovar-ne-smije-biti-bejrut\/"},"author":{"name":"bosniak","@id":"https:\/\/sandzakpress.net\/arhiva\/#\/schema\/person\/c8baee722073534b583ea7bdb2e36c02"},"headline":"Gradona\u010delnik: Vukovar ne smije biti Bejrut","datePublished":"2013-09-03T21:07:28+00:00","mainEntityOfPage":{"@id":"https:\/\/sandzakpress.net\/arhiva\/gradonacelnik-vukovar-ne-smije-biti-bejrut\/"},"wordCount":1692,"commentCount":0,"publisher":{"@id":"https:\/\/sandzakpress.net\/arhiva\/#\/schema\/person\/6e72b67d6e51910a1117b3b483ba20bd"},"image":{"@id":"https:\/\/sandzakpress.net\/arhiva\/gradonacelnik-vukovar-ne-smije-biti-bejrut\/#primaryimage"},"thumbnailUrl":"https:\/\/sandzakpress.net\/arhiva\/wp-content\/uploads\/2013\/09\/03.jpg","articleSection":["Hrvatska"],"inLanguage":"bs-BA","potentialAction":[{"@type":"CommentAction","name":"Comment","target":["https:\/\/sandzakpress.net\/arhiva\/gradonacelnik-vukovar-ne-smije-biti-bejrut\/#respond"]}]},{"@type":"WebPage","@id":"https:\/\/sandzakpress.net\/arhiva\/gradonacelnik-vukovar-ne-smije-biti-bejrut\/","url":"https:\/\/sandzakpress.net\/arhiva\/gradonacelnik-vukovar-ne-smije-biti-bejrut\/","name":"Gradona\u010delnik: Vukovar ne smije biti Bejrut","isPartOf":{"@id":"https:\/\/sandzakpress.net\/arhiva\/#website"},"primaryImageOfPage":{"@id":"https:\/\/sandzakpress.net\/arhiva\/gradonacelnik-vukovar-ne-smije-biti-bejrut\/#primaryimage"},"image":{"@id":"https:\/\/sandzakpress.net\/arhiva\/gradonacelnik-vukovar-ne-smije-biti-bejrut\/#primaryimage"},"thumbnailUrl":"https:\/\/sandzakpress.net\/arhiva\/wp-content\/uploads\/2013\/09\/03.jpg","datePublished":"2013-09-03T21:07:28+00:00","breadcrumb":{"@id":"https:\/\/sandzakpress.net\/arhiva\/gradonacelnik-vukovar-ne-smije-biti-bejrut\/#breadcrumb"},"inLanguage":"bs-BA","potentialAction":[{"@type":"ReadAction","target":["https:\/\/sandzakpress.net\/arhiva\/gradonacelnik-vukovar-ne-smije-biti-bejrut\/"]}]},{"@type":"ImageObject","inLanguage":"bs-BA","@id":"https:\/\/sandzakpress.net\/arhiva\/gradonacelnik-vukovar-ne-smije-biti-bejrut\/#primaryimage","url":"https:\/\/sandzakpress.net\/arhiva\/wp-content\/uploads\/2013\/09\/03.jpg","contentUrl":"https:\/\/sandzakpress.net\/arhiva\/wp-content\/uploads\/2013\/09\/03.jpg","width":480,"height":360},{"@type":"BreadcrumbList","@id":"https:\/\/sandzakpress.net\/arhiva\/gradonacelnik-vukovar-ne-smije-biti-bejrut\/#breadcrumb","itemListElement":[{"@type":"ListItem","position":1,"name":"Home","item":"https:\/\/sandzakpress.net\/arhiva\/"},{"@type":"ListItem","position":2,"name":"Gradona\u010delnik: Vukovar ne smije biti Bejrut"}]},{"@type":"WebSite","@id":"https:\/\/sandzakpress.net\/arhiva\/#website","url":"https:\/\/sandzakpress.net\/arhiva\/","name":"Sand\u017eak PRESS","description":"Prve elektronske novine u Sand\u017eaku","publisher":{"@id":"https:\/\/sandzakpress.net\/arhiva\/#\/schema\/person\/6e72b67d6e51910a1117b3b483ba20bd"},"potentialAction":[{"@type":"SearchAction","target":{"@type":"EntryPoint","urlTemplate":"https:\/\/sandzakpress.net\/arhiva\/?s={search_term_string}"},"query-input":{"@type":"PropertyValueSpecification","valueRequired":true,"valueName":"search_term_string"}}],"inLanguage":"bs-BA"},{"@type":["Person","Organization"],"@id":"https:\/\/sandzakpress.net\/arhiva\/#\/schema\/person\/6e72b67d6e51910a1117b3b483ba20bd","name":"Kul","image":{"@type":"ImageObject","inLanguage":"bs-BA","@id":"https:\/\/sandzakpress.net\/arhiva\/#\/schema\/person\/image\/","url":"https:\/\/secure.gravatar.com\/avatar\/42263f39aa27ac04c43cab85c280eb2e?s=96&d=mm&r=pg","contentUrl":"https:\/\/secure.gravatar.com\/avatar\/42263f39aa27ac04c43cab85c280eb2e?s=96&d=mm&r=pg","caption":"Kul"},"logo":{"@id":"https:\/\/sandzakpress.net\/arhiva\/#\/schema\/person\/image\/"}},{"@type":"Person","@id":"https:\/\/sandzakpress.net\/arhiva\/#\/schema\/person\/c8baee722073534b583ea7bdb2e36c02","name":"bosniak","image":{"@type":"ImageObject","inLanguage":"bs-BA","@id":"https:\/\/sandzakpress.net\/arhiva\/#\/schema\/person\/image\/","url":"https:\/\/secure.gravatar.com\/avatar\/a04fd330bfe3a36a72a0ad4a6d89fca7?s=96&d=mm&r=pg","contentUrl":"https:\/\/secure.gravatar.com\/avatar\/a04fd330bfe3a36a72a0ad4a6d89fca7?s=96&d=mm&r=pg","caption":"bosniak"},"url":"https:\/\/sandzakpress.net\/arhiva\/author\/bosniak\/"}]}},"_links":{"self":[{"href":"https:\/\/sandzakpress.net\/arhiva\/wp-json\/wp\/v2\/posts\/87084"}],"collection":[{"href":"https:\/\/sandzakpress.net\/arhiva\/wp-json\/wp\/v2\/posts"}],"about":[{"href":"https:\/\/sandzakpress.net\/arhiva\/wp-json\/wp\/v2\/types\/post"}],"author":[{"embeddable":true,"href":"https:\/\/sandzakpress.net\/arhiva\/wp-json\/wp\/v2\/users\/83"}],"replies":[{"embeddable":true,"href":"https:\/\/sandzakpress.net\/arhiva\/wp-json\/wp\/v2\/comments?post=87084"}],"version-history":[{"count":0,"href":"https:\/\/sandzakpress.net\/arhiva\/wp-json\/wp\/v2\/posts\/87084\/revisions"}],"wp:featuredmedia":[{"embeddable":true,"href":"https:\/\/sandzakpress.net\/arhiva\/wp-json\/wp\/v2\/media\/87085"}],"wp:attachment":[{"href":"https:\/\/sandzakpress.net\/arhiva\/wp-json\/wp\/v2\/media?parent=87084"}],"wp:term":[{"taxonomy":"category","embeddable":true,"href":"https:\/\/sandzakpress.net\/arhiva\/wp-json\/wp\/v2\/categories?post=87084"},{"taxonomy":"post_tag","embeddable":true,"href":"https:\/\/sandzakpress.net\/arhiva\/wp-json\/wp\/v2\/tags?post=87084"}],"curies":[{"name":"wp","href":"https:\/\/api.w.org\/{rel}","templated":true}]}}