{"id":86911,"date":"2013-09-02T17:12:27","date_gmt":"2013-09-02T15:12:27","guid":{"rendered":"https:\/\/sandzakpress.net\/arhiva\/?p=86911"},"modified":"2013-09-02T17:14:06","modified_gmt":"2013-09-02T15:14:06","slug":"reise-zaustavite-podjele","status":"publish","type":"post","link":"https:\/\/sandzakpress.net\/arhiva\/reise-zaustavite-podjele\/","title":{"rendered":"Reise, zaustavite podjele!"},"content":{"rendered":"<p><img loading=\"lazy\" decoding=\"async\" class=\"alignleft size-full wp-image-86914\" style=\"text-align: start;\" alt=\"Capture\" src=\"https:\/\/sandzakpress.net\/arhiva\/wp-content\/uploads\/2013\/09\/Capture.png\" width=\"198\" height=\"234\" \/><\/p>\n<p>&nbsp;<br \/>\nU ime Allaha Milostivog Samilosnog!<\/p>\n<p>Hvala Allahu Gospodaru svih svjetova i neka je salavat i selam na Allahovog Poslanika Muhammeda s.a.v.s., njegovu \u010dasnu porodicu i ashabe.<\/p>\n<p>Uva\u017eeni reisu-l-ulema mr. Husein ef. Kavazovi\u0107u \u00a0es selamu &#8216;alejkum!<\/p>\n<p>&nbsp;<\/p>\n<p>Pi\u0161em Vam ovo pismo kao vjerou\u010diteljica kojoj je direktna uprava na\u0161a Vjerskoprosvjetna slu\u017eba Rijaseta IZ. Obra\u0107anja javnosti u obliku tekstova po\u010dela sam pisati prije ne\u0161to vi\u0161e od dvije godine, kada je od strane Ministarstva obrazovanja sarajevskog kantona napadnut status vjeronauke u \u0161kolskom obrazovnom sistemu. Tada sam napisala svoj prvi tekst pod nazivom ,,40 razloga za vjeronauku&#8221; kao mali doprinos odbrani statusa predmeta koji sam predavala.<\/p>\n<p>&nbsp;<\/p>\n<p>Osim nas 900 vjerou\u010ditelja, u odbranu vjeronauke stali su i na\u0161i u\u010denici, njihovi roditelji i mnogi gra\u0111ani ove zemlje, razli\u010ditih profesija. Mi vjerou\u010ditelji smo na sve njih bili ponosni i svima smo im bili zahvalni. \u010cudila nas je jedino \u0161utnja na\u0161eg fakulteta, Fakulteta islamskih nauka, koji nas je proizveo kao kadar. Mnogi od nas su to neogla\u0161avanje FIN-a opravdavali nekakvom njihovom odlukom koja je vjerovatno, mislili smo, mogla biti administrativne prirode. Nisu se, tako\u0111er, tada oglasila niti neka muftijstva.<\/p>\n<p>Vjerskoprosvjetna slu\u017eba Rijaseta je bila izradila ,,Pravilnik o radu vjerou\u010ditelja&#8221;, koji je izglasan na Saboru Islamske zajednice i podrazumijevao je da profil vjeroucitelja sa zavr\u0161enom vjerskom srednjom \u0161kolom i vjerskim fakultetom ima prednost u odnosu na druge profile. Ove godine su se na konkursnim rang listama ispred nas vjerou\u010ditelja, pojavili profesori geografije, bosanskog jezika, pedagozi \u00a0i ugrozili nam radna mjesta. Pitala sam jednog od direktora \u0161kole ,,Kako to da moj predmet (Islamsku vjeronauku) mo\u017ee predavati profesor geografije sa zavr\u0161enom srednjom \u0161kolom medresom i to u\u010denicima srednjo\u0161kolcima? Dakle, on srednjo\u0161kolcima predaje sa srednjo\u0161kolskim znanjem iz tog predmeta?! Ka\u017ee: ,,Ministarstvo obrazovanja mu je to odobrilo&#8221;. Rekla sam: ,,Ja osim zavr\u0161enog FIN-a i postdiplomskog studija imam zavr\u0161ene dvije srednje \u0161kole: medresu i srednju biolo\u0161ku. Mogu li ja, prema reciprocitetu, kao ovaj nastavnik, predavati biologiju srednjo\u0161kolcima?&#8221; Ka\u017ee: ,,Ne!&#8221; Ako ovo Reise nije diskriminacija vjerou\u010ditelja, \u0161ta je onda? Jer, ako ve\u0107 ne mogu predavati biologiju po reciprocitetu, neka mi dopuste da predajem svoj predmet \u2013 Islamsku vjeronauku!<\/p>\n<p>&nbsp;<\/p>\n<p>Podsjeti\u0107u Vas na onaj dan kad je Reisu-l-ulema dr. Mustafa ef. Ceri\u0107 odr\u017eao historijski govor na Buni. Nakon tog govora on je nama vjerou\u010diteljima postao heroj. Kad je pred svijetom i medijima glasno i jasno zabranio nekompetentnim osobama da se mije\u0161aju u rad Islamske zajednice, i mi smo se osjetili posve za\u0161ti\u0107eno. Bili smo ponosni na njega i Islamsku zajednicu.<\/p>\n<p>&nbsp;<\/p>\n<p>Ve\u0107 istog dana uslijedila je jedna od najve\u0107ih medijskih hajki na na\u0161eg uva\u017eenog reisu-l-ulemu, u kojoj su ga neprijateljski nastojeni mediji optu\u017eivali za tobo\u017enji &#8216;govor mr\u017enje&#8217;. Nisu nam ubrzanim napadima, takore\u0107i, dali da predahnemo. Predano smo od du\u0161mana nastavili braniti i vjeronauku i \u010dast i ugled na\u0161eg vjerskog poglavara.<\/p>\n<p>&nbsp;<\/p>\n<p>Imali smo potrebu da obilazimo i podsje\u0107amo neke pasivne islamske institucije, u to vrijeme, na njihovu du\u017enost da brane svog vjerskog vo\u0111u i svoje islamske vrijednosti. Dobili smo istovjetan odgovor sa nekoliko adresa: ,,Nije pametno da svojim ogla\u0161avanjem dolivamo ulje na vatru.&#8221; Zamislite, dragi moj Reise, Bosna i Hercegovina se bila pretvorila u &#8221;goru\u0107e naftno polje&#8221;, a oni se biva bojali da kakva kap ulja ne kapne, tj. rije\u010d ne izadje iz njihovih usta. \u010cudili smo se njihovoj besmislenoj pasivnosti.<\/p>\n<p>&nbsp;<\/p>\n<p>Dodu\u0161e, uvjeravali smo se ponekad da je bolje i nikako se ne oglasiti, nego nepotrebnim sijanjem straha doprinijeti pove\u0107avanju ionako haoti\u010dnog stanja. Prvi koji je nas vjerou\u010ditelje za\u010dudio svojim veoma nepromi\u0161ljenim ogla\u0161avanjem, bio je na\u0161 cijenjeni profesor sa Fakulteta islamskih nauka Re\u0161id Hafizovi\u0107. Mi, na fakultetu, niti u medresi, zaista, nikada nismo primijetili me\u0111usobno odvajanje nastavnog kadra na neke sufije, selefije i sli\u010dne grupacije. Zato, nas je mnogo iznenadio tekst uva\u017eenog profesora Hafizovi\u0107a, pod nazivom ,,Oni dolaze po na\u0161u djecu!&#8221; Profesor Hafizovi\u0107 je ovim tekstom sasvim nepotrebno prvi doprinio razjedinjavanju Bo\u0161njaka muslimana, ukazuju\u0107i javnosti na pojavu nekakvih biva opasnih selefija ili kako ih je on pogrdno tada nazivao &#8221;vehabijama&#8221;. Vijesti o tim navodnim vehabijama zluradi mediji jedva su do\u010dekali da orkestrirano montiraju i \u0161ire po cijeloj zemlji. Fakultet islamskih nauka je \u0161utio. Oglasio se donekle Rijaset i osudio te tada, po zajednicu i narod, \u0161tetne postupke na\u0161eg profesora Hafizovi\u0107a.<\/p>\n<p>&nbsp;<\/p>\n<p>Zbog doga\u0111aja u Siriji, ovih dana je kod nas posebno aktuelizirano pitanje razlika izme\u0111u ehli-sunnetskog i \u0161iijskog u\u010denja. Odre\u0111eni sufijski krugovi koje vode dosta nekompetentni ljudi doprinijeli su da se u nekim mjestima kod nas sufijsko u\u010denje izjedna\u010di sa \u0161iijskim (a to su posve razli\u010dita u\u010denja). Ina\u010de, u Bosni i Hercegovini \u00a0sufije su pripadnici ehli-sunneta i sufizam (tesavvuf) defini\u0161u kao nauku o odgoju du\u0161e.<\/p>\n<p>&nbsp;<\/p>\n<p>Osim nekompetentnih sufija i neki \u010dlanovi postoje\u0107e selefijske zajednice su doprinijeli izgradnji svog lo\u0161eg imid\u017ea u dru\u0161tvu, tako \u0161to su se u d\u017eamijama radi sitnica raspravljali (sva\u0111ali) sa imamima koji su zaposleni u na\u0161im d\u017eamijama. Na taj na\u010din su nehoti\u010dno dali &#8216;zeleno svjetlo&#8217; licemjernim \u0161iijskim (iranskim) grupacijama da na &#8221;lijep na\u010din&#8221; zavode neke na\u0161e gra\u0111ane i izvode ih iz ehli sunnetskog u\u010denja.<\/p>\n<p>&nbsp;<\/p>\n<p>U ratu i nakon njega suniti sufije i suniti selefije nikada nisu zazirali jedni od drugih. Borili su se za slobodu i iste ciljeve i smatrali su se bra\u0107om. Sad su, eto do\u0161li spomenuti \u0161iiti iz Irana, da prave razdor u na\u0161im redovima.<\/p>\n<p>&nbsp;<\/p>\n<p>Vi ste uva\u017eeni reisu-l-ulema Kavazovi\u0107u donijeli hutbu u kojoj ste osudili i zabranili \u0161irenje sekta\u0161kih u\u010denja u Bosni i Hercegovini. Nakon Vas su i mnogi drugi alimi ovu istu pojavu u svojim hutbama osudili.<\/p>\n<p>Profesor Hafizovi\u0107 je preko facebooka, ka\u017eu, dobio nekakvu anonimnu prijetnju. Ja li\u010dno ne posjedujem facebook profil i ne znam kako on funkcioni\u0161e, ali po onome \u0161to sam razumjela prijetnju na facebook-u, dakle, mo\u017ee napisati bilo ko, punoljetna ili maloljetna osoba, psihi\u010dki poreme\u0107ena i dr. Mo\u017ee je, zna\u010di, napisati i \u00a0maloljetnik.<\/p>\n<p>&nbsp;<\/p>\n<p>Zamislite paradoksa, na\u0161 Fakultet islamskih nauka se oglasio da osudi prijetnju neke ura\u010dunljive ili neura\u010dunljive, punoljetne ili maloljetne osobe koja prijeti profesoru Hafizovi\u0107u, a nije se kao institucija oglasio na o\u010ditu nepravdu koju je prije dvije godine vjeronauci u\u010dinilo Ministarstvo obrazovanja kao institucija!? Rijasetov portal je, kako vidimo, uredno objavio to ogla\u0161avanje.<\/p>\n<p>&nbsp;<\/p>\n<p>Kad smo ve\u0107 kod rijasetovog portala, da znate i to da ima ljudi koji se \u017eale da vi\u0161e nemaju prilike \u010ditati vrstu priloga koju su \u010ditali za vrijeme obavljanja funkcije reisa Va\u0161eg prethodnika, da se sve manje objavljuju sadr\u017eaji nekada\u0161njih portalovih izvora, a sve vi\u0161e onih koji mu do danas nisu bili izvori. Ja li\u010dno ne mogu da se po\u017ealim da se moji tekstovi ne objavljuju, osim ako nakon objavljivanja ovog pisma ne prestanu.<\/p>\n<p>&nbsp;<\/p>\n<p>Jedan od alima koji je u svojoj hutbi javnost upozorio na \u0161tetno djelovanje \u0161iita je i ugledni univerzitetski profesor Safvet Halilovi\u0107. Profesor Halilovi\u0107 je u svojoj hutbi Hafizovi\u0107u zamjerio preblag odnos prema \u0161iitima i saradnju sa njima. Na njega se ve\u0107 sljede\u0107eg dana svojim tekstom obru\u0161io moj kolega vjerou\u010ditelj (trenutno imam) Rusmir \u0160adi\u0107 koji je u cilju odbrane svog univerzitetskog mentora Hafizovi\u0107a napao na ugled profesora Halilovi\u0107a. Vjerou\u010ditelj \u0160adi\u0107 je sa mnom radio u jednoj osnovnoj \u0161koli u Tuzli. Predavao je tako\u0111er Islamsku vjeronauku i u Katoli\u010dkom \u0161kolskom centru u Tuzli, a trenutno je imam u \u010car\u0161ijskoj d\u017eamiji. Prije pisanja tog teksta d\u017eematlije su na mobitelu snimile hutbu u kojoj \u0160adi\u0107 u zavijenoj formi kritikuje Halilovi\u0107a, a nakon toga pi\u0161e i tekst koji, Reise, opet objavljuje Va\u0161 portal, a Vi ste nedavno u svojoj hutbi izjavili da ne treba &#8221;dolivati ulje na vatru&#8221; i nakon toga je objavljen tekst koji uznemirio veliki dio vjernika, pripadnika IZ. Uz svo po\u0161tovanje mog kolege \u0160adi\u0107a, ja moram kazati da mu mnogo (i ne samo ja) zamjeram \u0161to koristi i druge organe Islamske zajednice za promociju i reklamu Iranskih vrijednosti. Dovoljno je samo da posjetite portal Med\u017elisa islamske zajednice Tuzla i da se uvjerite koliko je sadr\u017eaja na tu temu \u0160adi\u0107 tamo objavio i potpisao. (Usput re\u010deno, niti jedan od mojih osamdesetak napisanih tekstova nije postavljen na portal Med\u017elisa Islamske zajednice Tuzla).<\/p>\n<p>&nbsp;<\/p>\n<p>I mi smo se sad vjerou\u010ditelji po\u010deli dijeliti na simpatizere sufija i simpatizere selefija, a treba li nam uva\u017eeni Reise, kod tolikih na\u0161ih me\u0111usobnih podjela, jo\u0161 koja dodatna?<\/p>\n<p>&nbsp;<\/p>\n<p>Mene, kao sestru, mnogo boli ovo posljednje razjedinjavanje moje bra\u0107e vjernika i da znate, ja nikad, ni po koju cijenu, ne\u0107u pristati da &#8216;igram&#8217; po diktatu na\u0161ih du\u0161mana. U\u010dinit \u0107u sve \u0161to je u mojoj mo\u0107i da o\u010duvam jedinstvo na\u0161eg Ummeta i ako budem pri \u010distoj svijesti ne\u0107u pognuti glavu ni pred kim. Vama sam, kao Reisu, dala prisegu (bejat) na odanost i radi toga sam se usudila da Vam ovo pismo napi\u0161em. Branit \u0107u interes Rijaseta, Islamske zajednice i mog naroda istim \u017earom kako sam to \u010dinila i za vrijeme Va\u0161eg prethodnika reisu-l-uleme dr. Mustafe ef. Ceri\u0107a.<\/p>\n<p>&nbsp;<\/p>\n<p>Zato Vas molim, da narodu nikada ni\u0161ta ne govorite u zavijenoj formi, iz bojazni da ne ,,dolijete kakvu kap ulja na vatru&#8221; i sl. Ovdje Reise gori cijelo naftno polje! Od Vas o\u010dekujemo jasan i konkretan govor. Ka\u017eite nam \u0161ta da u\u010dinimo i ka\u017eite nam konkretno: Treba li nama u ovoj napa\u0107enoj Bosni i \u0161iijsko u\u010denje?<\/p>\n<p>&nbsp;<\/p>\n<p>Turski reis Gormez, njegov odnos prema nama i njegovi apetiti su posebna pri\u010da (za poseban prilog). Budite nam jaki Reise! Ne popu\u0161tajte ni pred kim! Mi smo uvijek bili i ostali ponosan i dostojanstven narod.<\/p>\n<p>&nbsp;<\/p>\n<p>Na kraju, \u017eelim Vam zahvaliti \u0161to ste zauzeli \u010dvrst stav i bili nepristupa\u010dni za kompromise sa bo\u0161nja\u010dkim vjerskim veleizdajnikom Zilki\u0107em iz Beograda. Nadali su se da \u0107e hrabrog i odva\u017enog reisa Ceri\u0107a naslijediti neki popustljivi reis i da onda mogu sa na\u0161om Islamskom zajednicom raditi \u0161ta ho\u0107e, pa su se u procjeni prevarili.<\/p>\n<p>&nbsp;<\/p>\n<p>Pitajte, uva\u017eeni Reise, pripadnike Islamske zajednice koliko bosanskohercegova\u010dkih reisu-l-ulema poznaju, pa \u0107ete vidjeti da ih ve\u0107ina njih zna svega dvojicu trojicu. Reisa D\u017eemaluddina \u010cau\u0161evi\u0107a znaju svi. Za\u0161to? Jer se djelima potrudio da bude upam\u0107en. I jo\u0161 neki tako. Reis Mustafa Ceri\u0107 se, prema statisti\u010dki objavljenim podacima, nalazi me\u0111u najuglednijim muslimana svijeta. Mi ne sumnjamo dragi na\u0161 reise Kavazovi\u0107u da \u0107e \u010dovje\u010danstvo i vas, in\u0161allah, pamtiti po dobru.<\/p>\n<p>&nbsp;<\/p>\n<p>&nbsp;<\/p>\n<p>Vjerou\u010diteljica\u00a0 Mersada Nuruddina Agovi\u0107<\/p>\n","protected":false},"excerpt":{"rendered":"<p>Mersada Nuruddina Agovi\u0107<\/p>\n","protected":false},"author":83,"featured_media":86914,"comment_status":"open","ping_status":"open","sticky":false,"template":"","format":"standard","meta":{"footnotes":""},"categories":[2860,10196],"tags":[10213],"class_list":{"0":"post-86911","1":"post","2":"type-post","3":"status-publish","4":"format-standard","5":"has-post-thumbnail","7":"category-bosna-i-hercegovina-gradovi","8":"category-iz-pera-nasih-autora","9":"tag-mersada-nuruddina-agovic"},"yoast_head":"<!-- This site is optimized with the Yoast SEO Premium plugin v23.1 (Yoast SEO v24.9) - https:\/\/yoast.com\/wordpress\/plugins\/seo\/ -->\n<title>Reise, zaustavite podjele!<\/title>\n<meta name=\"robots\" content=\"index, follow, max-snippet:-1, max-image-preview:large, max-video-preview:-1\" \/>\n<link rel=\"canonical\" href=\"https:\/\/sandzakpress.net\/arhiva\/reise-zaustavite-podjele\/\" \/>\n<meta property=\"og:locale\" content=\"bs_BA\" \/>\n<meta property=\"og:type\" content=\"article\" \/>\n<meta property=\"og:title\" content=\"Reise, zaustavite podjele!\" \/>\n<meta property=\"og:description\" content=\"Mersada Nuruddina Agovi\u0107\" \/>\n<meta property=\"og:url\" content=\"https:\/\/sandzakpress.net\/arhiva\/reise-zaustavite-podjele\/\" \/>\n<meta property=\"og:site_name\" content=\"Sand\u017eak PRESS\" \/>\n<meta property=\"article:published_time\" content=\"2013-09-02T15:12:27+00:00\" \/>\n<meta property=\"article:modified_time\" content=\"2013-09-02T15:14:06+00:00\" \/>\n<meta property=\"og:image\" content=\"https:\/\/sandzakpress.net\/arhiva\/wp-content\/uploads\/2013\/09\/Capture.png\" \/>\n\t<meta property=\"og:image:width\" content=\"198\" \/>\n\t<meta property=\"og:image:height\" content=\"234\" \/>\n\t<meta property=\"og:image:type\" content=\"image\/png\" \/>\n<meta name=\"author\" content=\"bosniak\" \/>\n<meta name=\"twitter:card\" content=\"summary_large_image\" \/>\n<meta name=\"twitter:label1\" content=\"Written by\" \/>\n\t<meta name=\"twitter:data1\" content=\"bosniak\" \/>\n\t<meta name=\"twitter:label2\" content=\"Est. reading time\" \/>\n\t<meta name=\"twitter:data2\" content=\"9 minuta\" \/>\n<script type=\"application\/ld+json\" class=\"yoast-schema-graph\">{\"@context\":\"https:\/\/schema.org\",\"@graph\":[{\"@type\":\"Article\",\"@id\":\"https:\/\/sandzakpress.net\/arhiva\/reise-zaustavite-podjele\/#article\",\"isPartOf\":{\"@id\":\"https:\/\/sandzakpress.net\/arhiva\/reise-zaustavite-podjele\/\"},\"author\":{\"name\":\"bosniak\",\"@id\":\"https:\/\/sandzakpress.net\/arhiva\/#\/schema\/person\/c8baee722073534b583ea7bdb2e36c02\"},\"headline\":\"Reise, zaustavite podjele!\",\"datePublished\":\"2013-09-02T15:12:27+00:00\",\"dateModified\":\"2013-09-02T15:14:06+00:00\",\"mainEntityOfPage\":{\"@id\":\"https:\/\/sandzakpress.net\/arhiva\/reise-zaustavite-podjele\/\"},\"wordCount\":1847,\"commentCount\":2,\"publisher\":{\"@id\":\"https:\/\/sandzakpress.net\/arhiva\/#\/schema\/person\/6e72b67d6e51910a1117b3b483ba20bd\"},\"image\":{\"@id\":\"https:\/\/sandzakpress.net\/arhiva\/reise-zaustavite-podjele\/#primaryimage\"},\"thumbnailUrl\":\"https:\/\/sandzakpress.net\/arhiva\/wp-content\/uploads\/2013\/09\/Capture.png\",\"keywords\":[\"Mersada Nuruddina Agovi\u0107\"],\"articleSection\":[\"Bosna i Hercegovina\",\"Iz pera na\u0161ih autora\"],\"inLanguage\":\"bs-BA\",\"potentialAction\":[{\"@type\":\"CommentAction\",\"name\":\"Comment\",\"target\":[\"https:\/\/sandzakpress.net\/arhiva\/reise-zaustavite-podjele\/#respond\"]}]},{\"@type\":\"WebPage\",\"@id\":\"https:\/\/sandzakpress.net\/arhiva\/reise-zaustavite-podjele\/\",\"url\":\"https:\/\/sandzakpress.net\/arhiva\/reise-zaustavite-podjele\/\",\"name\":\"Reise, zaustavite podjele!\",\"isPartOf\":{\"@id\":\"https:\/\/sandzakpress.net\/arhiva\/#website\"},\"primaryImageOfPage\":{\"@id\":\"https:\/\/sandzakpress.net\/arhiva\/reise-zaustavite-podjele\/#primaryimage\"},\"image\":{\"@id\":\"https:\/\/sandzakpress.net\/arhiva\/reise-zaustavite-podjele\/#primaryimage\"},\"thumbnailUrl\":\"https:\/\/sandzakpress.net\/arhiva\/wp-content\/uploads\/2013\/09\/Capture.png\",\"datePublished\":\"2013-09-02T15:12:27+00:00\",\"dateModified\":\"2013-09-02T15:14:06+00:00\",\"breadcrumb\":{\"@id\":\"https:\/\/sandzakpress.net\/arhiva\/reise-zaustavite-podjele\/#breadcrumb\"},\"inLanguage\":\"bs-BA\",\"potentialAction\":[{\"@type\":\"ReadAction\",\"target\":[\"https:\/\/sandzakpress.net\/arhiva\/reise-zaustavite-podjele\/\"]}]},{\"@type\":\"ImageObject\",\"inLanguage\":\"bs-BA\",\"@id\":\"https:\/\/sandzakpress.net\/arhiva\/reise-zaustavite-podjele\/#primaryimage\",\"url\":\"https:\/\/sandzakpress.net\/arhiva\/wp-content\/uploads\/2013\/09\/Capture.png\",\"contentUrl\":\"https:\/\/sandzakpress.net\/arhiva\/wp-content\/uploads\/2013\/09\/Capture.png\",\"width\":198,\"height\":234},{\"@type\":\"BreadcrumbList\",\"@id\":\"https:\/\/sandzakpress.net\/arhiva\/reise-zaustavite-podjele\/#breadcrumb\",\"itemListElement\":[{\"@type\":\"ListItem\",\"position\":1,\"name\":\"Home\",\"item\":\"https:\/\/sandzakpress.net\/arhiva\/\"},{\"@type\":\"ListItem\",\"position\":2,\"name\":\"Reise, zaustavite podjele!\"}]},{\"@type\":\"WebSite\",\"@id\":\"https:\/\/sandzakpress.net\/arhiva\/#website\",\"url\":\"https:\/\/sandzakpress.net\/arhiva\/\",\"name\":\"Sand\u017eak PRESS\",\"description\":\"Prve elektronske novine u Sand\u017eaku\",\"publisher\":{\"@id\":\"https:\/\/sandzakpress.net\/arhiva\/#\/schema\/person\/6e72b67d6e51910a1117b3b483ba20bd\"},\"potentialAction\":[{\"@type\":\"SearchAction\",\"target\":{\"@type\":\"EntryPoint\",\"urlTemplate\":\"https:\/\/sandzakpress.net\/arhiva\/?s={search_term_string}\"},\"query-input\":{\"@type\":\"PropertyValueSpecification\",\"valueRequired\":true,\"valueName\":\"search_term_string\"}}],\"inLanguage\":\"bs-BA\"},{\"@type\":[\"Person\",\"Organization\"],\"@id\":\"https:\/\/sandzakpress.net\/arhiva\/#\/schema\/person\/6e72b67d6e51910a1117b3b483ba20bd\",\"name\":\"Kul\",\"image\":{\"@type\":\"ImageObject\",\"inLanguage\":\"bs-BA\",\"@id\":\"https:\/\/sandzakpress.net\/arhiva\/#\/schema\/person\/image\/\",\"url\":\"https:\/\/secure.gravatar.com\/avatar\/42263f39aa27ac04c43cab85c280eb2e?s=96&d=mm&r=pg\",\"contentUrl\":\"https:\/\/secure.gravatar.com\/avatar\/42263f39aa27ac04c43cab85c280eb2e?s=96&d=mm&r=pg\",\"caption\":\"Kul\"},\"logo\":{\"@id\":\"https:\/\/sandzakpress.net\/arhiva\/#\/schema\/person\/image\/\"}},{\"@type\":\"Person\",\"@id\":\"https:\/\/sandzakpress.net\/arhiva\/#\/schema\/person\/c8baee722073534b583ea7bdb2e36c02\",\"name\":\"bosniak\",\"image\":{\"@type\":\"ImageObject\",\"inLanguage\":\"bs-BA\",\"@id\":\"https:\/\/sandzakpress.net\/arhiva\/#\/schema\/person\/image\/\",\"url\":\"https:\/\/secure.gravatar.com\/avatar\/a04fd330bfe3a36a72a0ad4a6d89fca7?s=96&d=mm&r=pg\",\"contentUrl\":\"https:\/\/secure.gravatar.com\/avatar\/a04fd330bfe3a36a72a0ad4a6d89fca7?s=96&d=mm&r=pg\",\"caption\":\"bosniak\"},\"url\":\"https:\/\/sandzakpress.net\/arhiva\/author\/bosniak\/\"}]}<\/script>\n<!-- \/ Yoast SEO Premium plugin. -->","yoast_head_json":{"title":"Reise, zaustavite podjele!","robots":{"index":"index","follow":"follow","max-snippet":"max-snippet:-1","max-image-preview":"max-image-preview:large","max-video-preview":"max-video-preview:-1"},"canonical":"https:\/\/sandzakpress.net\/arhiva\/reise-zaustavite-podjele\/","og_locale":"bs_BA","og_type":"article","og_title":"Reise, zaustavite podjele!","og_description":"Mersada Nuruddina Agovi\u0107","og_url":"https:\/\/sandzakpress.net\/arhiva\/reise-zaustavite-podjele\/","og_site_name":"Sand\u017eak PRESS","article_published_time":"2013-09-02T15:12:27+00:00","article_modified_time":"2013-09-02T15:14:06+00:00","og_image":[{"width":198,"height":234,"url":"https:\/\/sandzakpress.net\/arhiva\/wp-content\/uploads\/2013\/09\/Capture.png","type":"image\/png"}],"author":"bosniak","twitter_card":"summary_large_image","twitter_misc":{"Written by":"bosniak","Est. reading time":"9 minuta"},"schema":{"@context":"https:\/\/schema.org","@graph":[{"@type":"Article","@id":"https:\/\/sandzakpress.net\/arhiva\/reise-zaustavite-podjele\/#article","isPartOf":{"@id":"https:\/\/sandzakpress.net\/arhiva\/reise-zaustavite-podjele\/"},"author":{"name":"bosniak","@id":"https:\/\/sandzakpress.net\/arhiva\/#\/schema\/person\/c8baee722073534b583ea7bdb2e36c02"},"headline":"Reise, zaustavite podjele!","datePublished":"2013-09-02T15:12:27+00:00","dateModified":"2013-09-02T15:14:06+00:00","mainEntityOfPage":{"@id":"https:\/\/sandzakpress.net\/arhiva\/reise-zaustavite-podjele\/"},"wordCount":1847,"commentCount":2,"publisher":{"@id":"https:\/\/sandzakpress.net\/arhiva\/#\/schema\/person\/6e72b67d6e51910a1117b3b483ba20bd"},"image":{"@id":"https:\/\/sandzakpress.net\/arhiva\/reise-zaustavite-podjele\/#primaryimage"},"thumbnailUrl":"https:\/\/sandzakpress.net\/arhiva\/wp-content\/uploads\/2013\/09\/Capture.png","keywords":["Mersada Nuruddina Agovi\u0107"],"articleSection":["Bosna i Hercegovina","Iz pera na\u0161ih autora"],"inLanguage":"bs-BA","potentialAction":[{"@type":"CommentAction","name":"Comment","target":["https:\/\/sandzakpress.net\/arhiva\/reise-zaustavite-podjele\/#respond"]}]},{"@type":"WebPage","@id":"https:\/\/sandzakpress.net\/arhiva\/reise-zaustavite-podjele\/","url":"https:\/\/sandzakpress.net\/arhiva\/reise-zaustavite-podjele\/","name":"Reise, zaustavite podjele!","isPartOf":{"@id":"https:\/\/sandzakpress.net\/arhiva\/#website"},"primaryImageOfPage":{"@id":"https:\/\/sandzakpress.net\/arhiva\/reise-zaustavite-podjele\/#primaryimage"},"image":{"@id":"https:\/\/sandzakpress.net\/arhiva\/reise-zaustavite-podjele\/#primaryimage"},"thumbnailUrl":"https:\/\/sandzakpress.net\/arhiva\/wp-content\/uploads\/2013\/09\/Capture.png","datePublished":"2013-09-02T15:12:27+00:00","dateModified":"2013-09-02T15:14:06+00:00","breadcrumb":{"@id":"https:\/\/sandzakpress.net\/arhiva\/reise-zaustavite-podjele\/#breadcrumb"},"inLanguage":"bs-BA","potentialAction":[{"@type":"ReadAction","target":["https:\/\/sandzakpress.net\/arhiva\/reise-zaustavite-podjele\/"]}]},{"@type":"ImageObject","inLanguage":"bs-BA","@id":"https:\/\/sandzakpress.net\/arhiva\/reise-zaustavite-podjele\/#primaryimage","url":"https:\/\/sandzakpress.net\/arhiva\/wp-content\/uploads\/2013\/09\/Capture.png","contentUrl":"https:\/\/sandzakpress.net\/arhiva\/wp-content\/uploads\/2013\/09\/Capture.png","width":198,"height":234},{"@type":"BreadcrumbList","@id":"https:\/\/sandzakpress.net\/arhiva\/reise-zaustavite-podjele\/#breadcrumb","itemListElement":[{"@type":"ListItem","position":1,"name":"Home","item":"https:\/\/sandzakpress.net\/arhiva\/"},{"@type":"ListItem","position":2,"name":"Reise, zaustavite podjele!"}]},{"@type":"WebSite","@id":"https:\/\/sandzakpress.net\/arhiva\/#website","url":"https:\/\/sandzakpress.net\/arhiva\/","name":"Sand\u017eak PRESS","description":"Prve elektronske novine u Sand\u017eaku","publisher":{"@id":"https:\/\/sandzakpress.net\/arhiva\/#\/schema\/person\/6e72b67d6e51910a1117b3b483ba20bd"},"potentialAction":[{"@type":"SearchAction","target":{"@type":"EntryPoint","urlTemplate":"https:\/\/sandzakpress.net\/arhiva\/?s={search_term_string}"},"query-input":{"@type":"PropertyValueSpecification","valueRequired":true,"valueName":"search_term_string"}}],"inLanguage":"bs-BA"},{"@type":["Person","Organization"],"@id":"https:\/\/sandzakpress.net\/arhiva\/#\/schema\/person\/6e72b67d6e51910a1117b3b483ba20bd","name":"Kul","image":{"@type":"ImageObject","inLanguage":"bs-BA","@id":"https:\/\/sandzakpress.net\/arhiva\/#\/schema\/person\/image\/","url":"https:\/\/secure.gravatar.com\/avatar\/42263f39aa27ac04c43cab85c280eb2e?s=96&d=mm&r=pg","contentUrl":"https:\/\/secure.gravatar.com\/avatar\/42263f39aa27ac04c43cab85c280eb2e?s=96&d=mm&r=pg","caption":"Kul"},"logo":{"@id":"https:\/\/sandzakpress.net\/arhiva\/#\/schema\/person\/image\/"}},{"@type":"Person","@id":"https:\/\/sandzakpress.net\/arhiva\/#\/schema\/person\/c8baee722073534b583ea7bdb2e36c02","name":"bosniak","image":{"@type":"ImageObject","inLanguage":"bs-BA","@id":"https:\/\/sandzakpress.net\/arhiva\/#\/schema\/person\/image\/","url":"https:\/\/secure.gravatar.com\/avatar\/a04fd330bfe3a36a72a0ad4a6d89fca7?s=96&d=mm&r=pg","contentUrl":"https:\/\/secure.gravatar.com\/avatar\/a04fd330bfe3a36a72a0ad4a6d89fca7?s=96&d=mm&r=pg","caption":"bosniak"},"url":"https:\/\/sandzakpress.net\/arhiva\/author\/bosniak\/"}]}},"_links":{"self":[{"href":"https:\/\/sandzakpress.net\/arhiva\/wp-json\/wp\/v2\/posts\/86911"}],"collection":[{"href":"https:\/\/sandzakpress.net\/arhiva\/wp-json\/wp\/v2\/posts"}],"about":[{"href":"https:\/\/sandzakpress.net\/arhiva\/wp-json\/wp\/v2\/types\/post"}],"author":[{"embeddable":true,"href":"https:\/\/sandzakpress.net\/arhiva\/wp-json\/wp\/v2\/users\/83"}],"replies":[{"embeddable":true,"href":"https:\/\/sandzakpress.net\/arhiva\/wp-json\/wp\/v2\/comments?post=86911"}],"version-history":[{"count":0,"href":"https:\/\/sandzakpress.net\/arhiva\/wp-json\/wp\/v2\/posts\/86911\/revisions"}],"wp:featuredmedia":[{"embeddable":true,"href":"https:\/\/sandzakpress.net\/arhiva\/wp-json\/wp\/v2\/media\/86914"}],"wp:attachment":[{"href":"https:\/\/sandzakpress.net\/arhiva\/wp-json\/wp\/v2\/media?parent=86911"}],"wp:term":[{"taxonomy":"category","embeddable":true,"href":"https:\/\/sandzakpress.net\/arhiva\/wp-json\/wp\/v2\/categories?post=86911"},{"taxonomy":"post_tag","embeddable":true,"href":"https:\/\/sandzakpress.net\/arhiva\/wp-json\/wp\/v2\/tags?post=86911"}],"curies":[{"name":"wp","href":"https:\/\/api.w.org\/{rel}","templated":true}]}}