{"id":868,"date":"2010-01-03T12:06:31","date_gmt":"2010-01-03T12:06:31","guid":{"rendered":"https:\/\/sandzakpress.net\/arhiva\/?p=868"},"modified":"2010-01-03T12:06:31","modified_gmt":"2010-01-03T12:06:31","slug":"muslimani-most-izmedu-dvije-kulture","status":"publish","type":"post","link":"https:\/\/sandzakpress.net\/arhiva\/muslimani-most-izmedu-dvije-kulture\/","title":{"rendered":"Muslimani &#8211; most izme\u0111u dvije kulture"},"content":{"rendered":"<p><a href=\"https:\/\/sandzakpress.net\/arhiva\/wp-content\/uploads\/2010\/01\/RainbowBridge.jpg\"><img loading=\"lazy\" decoding=\"async\" class=\"aligncenter size-full wp-image-869\" title=\"RainbowBridge\" src=\"https:\/\/sandzakpress.net\/arhiva\/wp-content\/uploads\/2010\/01\/RainbowBridge.jpg\" alt=\"\" width=\"650\" height=\"286\" \/><\/a><\/p>\n<p><strong>Procjenjuje se da \u0107e broj muslimana u Evropi za 30 godina dosegnuti 65 miliona. Ako se muslimanski populus ne prihvati adekvatno u Evropi onda \u0107e sukob civilizacija mo\u017eda postati stvarnost, ali ne u formi vojnog odmjeravanja snaga izme\u0111u Istoka i Zapada.<\/strong><\/p>\n<p>Budu\u0107i da na\u0161u epohu karakteri\u0161e subordinacija, hegemonija i prevlast ideologija jedne nad drugom, s jedne, i nastojanje da se prihvati koncept da religije i kulture predstavljaju faktor mostova koji spajaju, s druge strane, posebno je va\u017eno pitanje koja orijentacija \u0107e pobijediti. Kakav je status muslimana u svoj toj konstalaciji i pri\u010di? Evropa je do kraja 1960-ih godina bila podru\u010dje iseljavanja. Me\u0111utim, danas je druga\u010dije. Danas je godi\u0161nje useljavanje u Evropu ve\u0107e nego u SAD. Preko 15 miliona muslimana \u017eivi u EU, a taj broj permanentno raste. Prema nekim statistikama, Maroko, Tunis i Al\u017eir imat \u0107e 2010. godine dvostruko vi\u0161e stanovnika od Francuske. Egipat \u0107e 2025. godine pre\u0107i 100 miliona, a Turska \u0107e imati vi\u0161e stanovnika od Njema\u010dke. Prema istra\u017eivanjima koje je sproveo UN-ov program za razvoj, pokazalo se da je skoro 40 procenata stanovni\u0161tva u arapskim zemljama ispod 14 godina starosti. Njih 50 procenata izrazilo je \u017eelju za emigriranjem. Na\u0161ta aludiraju ovi fakti? Jednostavno, \u010dinjenice ukazuju da Evropa postaje sve manje \u010disto evropska, a sve vi\u0161e multikonfesionalna. Danas je natalitet me\u0111u muslimanima Evrope tri puta ve\u0107i od nemuslimanske populacije. Procjenjuje se da \u0107e broj muslimana u Evropi za 30 godina dosegnuti 65 miliona.<\/p>\n<p>Ako pitamo \u0161ta je to \u0161to danas potresa svijet, \u0161ta je to \u0161to dovodi u sukobe ljude, onda mo\u017eemo re\u0107i da to nisu vjere i kulturne razlike me\u0111u ljudima, nego ovosvjetski interesi. Najve\u0107a opasnost za budu\u0107nost \u010dovjeka je sloboda upotrebe mo\u0107i velikih razmjera za ostvarenje sopstvene ideje, ma koliko ta ideja bila ideja slobode i demokratije.<\/p>\n<p>Da li \u0107e Evropa uspjeti izgraditi Al-Hambru \u2013 simbol multikulturne \u0160panije, kao model, ili ne? To je veliki ispit za Evropu. Ako se muslimanski populus ne prihvati adekvatno u Evropi onda \u0107e sukob civilizacija mo\u017eda postati stvarnost, ali ne u formi vojnog odmjeravanja snaga izme\u0111u Istoka i Zapada kojeg je Samuel Hantington poku\u0161ao izazvati, nego kao gerilski rat koji \u0107e neprekidno odvijati u predgra\u0111ima velikih gradova.<\/p>\n<p>Prevencija tog scenarija je mo\u017eda najve\u0107i izazov za Evropljane. Nakon \u0161to je za Evropu nestala \u201ecrvena\u201c opasnost, morala se prona\u0107i nova, \u201ezelena\u201c opasnost. Zapad mora napustiti la\u017enu prijete\u0107u sliku koja se \u010desto prikazuje kao muslimani koji pod zelenom, zastavom islama pripremaju napad na tvr\u0111ave blagostanja Zapada sa povijenom sabljom u jednoj i Kur\u2019anom u drugoj ruci. Na to nas podsje\u0107aju danske karikature, prije toga Satanski stihovi, u skorijem vremenu djelo Dragulj Medine ameri\u010dke autorice \u0160eri D\u017eons, u doma\u0107em establi\u0161mentu djelo Senka d\u017eihada srpskog autora Sr\u0111e Trifunovi\u0107a itd. Iako islam pokazujue \u0161iri vjerski spektrum od kr\u0161\u0107anstva \u010desto se svi muslimani ocjenjuju kao fanati\u010dni fundamentalisti. Me\u0111utim, va\u017eno je znati da evropski muslimani nisu vi\u0161e sjevernoafri\u010dki, indijsko-pakistanski muslimani, nego dio evropske islamske kulture. Na taj na\u010din islam je integralni dio Evrope i evropska religija. Zato se islam mora priznati doma\u0107om religijom.<\/p>\n<p>\u0160ta mo\u017ee biti protuargument \u010dinjenici da jedan musliman mo\u017ee biti jednako dobar Evropljanin kao jedan kr\u0161\u0107anin, ili da d\u017eamije mogu biti prirodni prizor u evropskim gradovima, kao \u0161to su crkve uvijek bile u Dalebu, Damasku ili Kairu. Evropa treba obezbijediti muslimanima pozitivnu klimu kako bi se osjetili sigurnim i prihva\u0107enim, jer osje\u0107aj nepripadanja predstavlja plodno tlo za one koji \u017eele iskoristiti takvu situaciju. Na muslimane Evrope se treba gledati na na\u010din da su sposobni dati svoj doprinos izgradnji nove Evrope. Kada su muslimani osvajali evropske dijelove kao i afri\u010dke, pokazali su primjer izrazite tolerancije. I vi\u0161e od toga, oni su za vrijeme svoje ekspanzije preko \u010detiri kontinenta, od rijeke Oksus u Centralnoj Aziji do Atlantika, skupili uticaje iz svih podru\u010dja \u017eivota pobije\u0111enih kultura. Muslimani su prevodila\u010dkim radom spasili i upravljali helenisti\u010dkim naslije\u0111em. Preko muslimanske \u0160panije ono je kasnije preneseno sjeverno od Pirineja da bi s vremenom stiglo do udaljenih krajeva Evrope.<\/p>\n<p>Dakle, doprinos muslimana Evropi je neizmjeran. Zato njihovo prisustvo treba posmatrati kao faktor oboga\u0107ivanja, a ne kao problem. Va\u017ean faktor u toj konstalaciji bilo bi evropsko obrazovanje za imame. Naravno, da ne zvu\u010dimo selektivno i odvi\u0161e subjektivno, i muslimani se trebaju politi\u010dki anga\u017eovati da promijene negativnu percepciju islama u Evropi. Ukoliko u Evropi budu prihva\u0107eni adekvatno, muslimani \u0107e postati most izme\u0111u Evrope i Istoka.<\/p>\n<p>Autor: <strong>Dr. hfz. Almir ef. Pramenkovi\u0107 <\/strong><\/p>\n<p><strong> <\/strong><\/p>\n","protected":false},"excerpt":{"rendered":"<p>Procjenjuje se da \u0107e broj muslimana u Evropi za 30 godina dosegnuti 65 miliona. Ako se muslimanski populus ne prihvati adekvatno u Evropi onda \u0107e sukob civilizacija mo\u017eda postati stvarnost, ali ne u formi vojnog odmjeravanja snaga izme\u0111u Istoka i Zapada. Budu\u0107i da na\u0161u epohu karakteri\u0161e subordinacija, hegemonija i prevlast ideologija jedne nad drugom, s [&hellip;]<\/p>\n","protected":false},"author":83,"featured_media":869,"comment_status":"open","ping_status":"open","sticky":false,"template":"","format":"standard","meta":{"footnotes":""},"categories":[16],"tags":[],"class_list":{"0":"post-868","1":"post","2":"type-post","3":"status-publish","4":"format-standard","5":"has-post-thumbnail","7":"category-novine"},"yoast_head":"<!-- This site is optimized with the Yoast SEO Premium plugin v23.1 (Yoast SEO v24.9) - https:\/\/yoast.com\/wordpress\/plugins\/seo\/ -->\n<title>Muslimani - most izme\u0111u dvije kulture<\/title>\n<meta name=\"robots\" content=\"index, follow, max-snippet:-1, max-image-preview:large, max-video-preview:-1\" \/>\n<link rel=\"canonical\" href=\"https:\/\/sandzakpress.net\/arhiva\/muslimani-most-izmedu-dvije-kulture\/\" \/>\n<meta property=\"og:locale\" content=\"bs_BA\" \/>\n<meta property=\"og:type\" content=\"article\" \/>\n<meta property=\"og:title\" content=\"Muslimani - most izme\u0111u dvije kulture\" \/>\n<meta property=\"og:description\" content=\"Procjenjuje se da \u0107e broj muslimana u Evropi za 30 godina dosegnuti 65 miliona. Ako se muslimanski populus ne prihvati adekvatno u Evropi onda \u0107e sukob civilizacija mo\u017eda postati stvarnost, ali ne u formi vojnog odmjeravanja snaga izme\u0111u Istoka i Zapada. Budu\u0107i da na\u0161u epohu karakteri\u0161e subordinacija, hegemonija i prevlast ideologija jedne nad drugom, s [&hellip;]\" \/>\n<meta property=\"og:url\" content=\"https:\/\/sandzakpress.net\/arhiva\/muslimani-most-izmedu-dvije-kulture\/\" \/>\n<meta property=\"og:site_name\" content=\"Sand\u017eak PRESS\" \/>\n<meta property=\"article:published_time\" content=\"2010-01-03T12:06:31+00:00\" \/>\n<meta property=\"og:image\" content=\"https:\/\/sandzakpress.net\/arhiva\/wp-content\/uploads\/2010\/01\/RainbowBridge.jpg\" \/>\n\t<meta property=\"og:image:width\" content=\"616\" \/>\n\t<meta property=\"og:image:height\" content=\"271\" \/>\n\t<meta property=\"og:image:type\" content=\"image\/jpeg\" \/>\n<meta name=\"author\" content=\"bosniak\" \/>\n<meta name=\"twitter:card\" content=\"summary_large_image\" \/>\n<meta name=\"twitter:label1\" content=\"Written by\" \/>\n\t<meta name=\"twitter:data1\" content=\"bosniak\" \/>\n\t<meta name=\"twitter:label2\" content=\"Est. reading time\" \/>\n\t<meta name=\"twitter:data2\" content=\"4 minute\" \/>\n<script type=\"application\/ld+json\" class=\"yoast-schema-graph\">{\"@context\":\"https:\/\/schema.org\",\"@graph\":[{\"@type\":\"Article\",\"@id\":\"https:\/\/sandzakpress.net\/arhiva\/muslimani-most-izmedu-dvije-kulture\/#article\",\"isPartOf\":{\"@id\":\"https:\/\/sandzakpress.net\/arhiva\/muslimani-most-izmedu-dvije-kulture\/\"},\"author\":{\"name\":\"bosniak\",\"@id\":\"https:\/\/sandzakpress.net\/arhiva\/#\/schema\/person\/c8baee722073534b583ea7bdb2e36c02\"},\"headline\":\"Muslimani &#8211; most izme\u0111u dvije kulture\",\"datePublished\":\"2010-01-03T12:06:31+00:00\",\"mainEntityOfPage\":{\"@id\":\"https:\/\/sandzakpress.net\/arhiva\/muslimani-most-izmedu-dvije-kulture\/\"},\"wordCount\":788,\"commentCount\":0,\"publisher\":{\"@id\":\"https:\/\/sandzakpress.net\/arhiva\/#\/schema\/person\/6e72b67d6e51910a1117b3b483ba20bd\"},\"image\":{\"@id\":\"https:\/\/sandzakpress.net\/arhiva\/muslimani-most-izmedu-dvije-kulture\/#primaryimage\"},\"thumbnailUrl\":\"https:\/\/sandzakpress.net\/arhiva\/wp-content\/uploads\/2010\/01\/RainbowBridge.jpg\",\"articleSection\":[\"Novine\"],\"inLanguage\":\"bs-BA\",\"potentialAction\":[{\"@type\":\"CommentAction\",\"name\":\"Comment\",\"target\":[\"https:\/\/sandzakpress.net\/arhiva\/muslimani-most-izmedu-dvije-kulture\/#respond\"]}]},{\"@type\":\"WebPage\",\"@id\":\"https:\/\/sandzakpress.net\/arhiva\/muslimani-most-izmedu-dvije-kulture\/\",\"url\":\"https:\/\/sandzakpress.net\/arhiva\/muslimani-most-izmedu-dvije-kulture\/\",\"name\":\"Muslimani - most izme\u0111u dvije kulture\",\"isPartOf\":{\"@id\":\"https:\/\/sandzakpress.net\/arhiva\/#website\"},\"primaryImageOfPage\":{\"@id\":\"https:\/\/sandzakpress.net\/arhiva\/muslimani-most-izmedu-dvije-kulture\/#primaryimage\"},\"image\":{\"@id\":\"https:\/\/sandzakpress.net\/arhiva\/muslimani-most-izmedu-dvije-kulture\/#primaryimage\"},\"thumbnailUrl\":\"https:\/\/sandzakpress.net\/arhiva\/wp-content\/uploads\/2010\/01\/RainbowBridge.jpg\",\"datePublished\":\"2010-01-03T12:06:31+00:00\",\"breadcrumb\":{\"@id\":\"https:\/\/sandzakpress.net\/arhiva\/muslimani-most-izmedu-dvije-kulture\/#breadcrumb\"},\"inLanguage\":\"bs-BA\",\"potentialAction\":[{\"@type\":\"ReadAction\",\"target\":[\"https:\/\/sandzakpress.net\/arhiva\/muslimani-most-izmedu-dvije-kulture\/\"]}]},{\"@type\":\"ImageObject\",\"inLanguage\":\"bs-BA\",\"@id\":\"https:\/\/sandzakpress.net\/arhiva\/muslimani-most-izmedu-dvije-kulture\/#primaryimage\",\"url\":\"https:\/\/sandzakpress.net\/arhiva\/wp-content\/uploads\/2010\/01\/RainbowBridge.jpg\",\"contentUrl\":\"https:\/\/sandzakpress.net\/arhiva\/wp-content\/uploads\/2010\/01\/RainbowBridge.jpg\",\"width\":616,\"height\":271},{\"@type\":\"BreadcrumbList\",\"@id\":\"https:\/\/sandzakpress.net\/arhiva\/muslimani-most-izmedu-dvije-kulture\/#breadcrumb\",\"itemListElement\":[{\"@type\":\"ListItem\",\"position\":1,\"name\":\"Home\",\"item\":\"https:\/\/sandzakpress.net\/arhiva\/\"},{\"@type\":\"ListItem\",\"position\":2,\"name\":\"Muslimani &#8211; most izme\u0111u dvije kulture\"}]},{\"@type\":\"WebSite\",\"@id\":\"https:\/\/sandzakpress.net\/arhiva\/#website\",\"url\":\"https:\/\/sandzakpress.net\/arhiva\/\",\"name\":\"Sand\u017eak PRESS\",\"description\":\"Prve elektronske novine u Sand\u017eaku\",\"publisher\":{\"@id\":\"https:\/\/sandzakpress.net\/arhiva\/#\/schema\/person\/6e72b67d6e51910a1117b3b483ba20bd\"},\"potentialAction\":[{\"@type\":\"SearchAction\",\"target\":{\"@type\":\"EntryPoint\",\"urlTemplate\":\"https:\/\/sandzakpress.net\/arhiva\/?s={search_term_string}\"},\"query-input\":{\"@type\":\"PropertyValueSpecification\",\"valueRequired\":true,\"valueName\":\"search_term_string\"}}],\"inLanguage\":\"bs-BA\"},{\"@type\":[\"Person\",\"Organization\"],\"@id\":\"https:\/\/sandzakpress.net\/arhiva\/#\/schema\/person\/6e72b67d6e51910a1117b3b483ba20bd\",\"name\":\"Kul\",\"image\":{\"@type\":\"ImageObject\",\"inLanguage\":\"bs-BA\",\"@id\":\"https:\/\/sandzakpress.net\/arhiva\/#\/schema\/person\/image\/\",\"url\":\"https:\/\/secure.gravatar.com\/avatar\/42263f39aa27ac04c43cab85c280eb2e?s=96&d=mm&r=pg\",\"contentUrl\":\"https:\/\/secure.gravatar.com\/avatar\/42263f39aa27ac04c43cab85c280eb2e?s=96&d=mm&r=pg\",\"caption\":\"Kul\"},\"logo\":{\"@id\":\"https:\/\/sandzakpress.net\/arhiva\/#\/schema\/person\/image\/\"}},{\"@type\":\"Person\",\"@id\":\"https:\/\/sandzakpress.net\/arhiva\/#\/schema\/person\/c8baee722073534b583ea7bdb2e36c02\",\"name\":\"bosniak\",\"image\":{\"@type\":\"ImageObject\",\"inLanguage\":\"bs-BA\",\"@id\":\"https:\/\/sandzakpress.net\/arhiva\/#\/schema\/person\/image\/\",\"url\":\"https:\/\/secure.gravatar.com\/avatar\/a04fd330bfe3a36a72a0ad4a6d89fca7?s=96&d=mm&r=pg\",\"contentUrl\":\"https:\/\/secure.gravatar.com\/avatar\/a04fd330bfe3a36a72a0ad4a6d89fca7?s=96&d=mm&r=pg\",\"caption\":\"bosniak\"},\"url\":\"https:\/\/sandzakpress.net\/arhiva\/author\/bosniak\/\"}]}<\/script>\n<!-- \/ Yoast SEO Premium plugin. -->","yoast_head_json":{"title":"Muslimani - most izme\u0111u dvije kulture","robots":{"index":"index","follow":"follow","max-snippet":"max-snippet:-1","max-image-preview":"max-image-preview:large","max-video-preview":"max-video-preview:-1"},"canonical":"https:\/\/sandzakpress.net\/arhiva\/muslimani-most-izmedu-dvije-kulture\/","og_locale":"bs_BA","og_type":"article","og_title":"Muslimani - most izme\u0111u dvije kulture","og_description":"Procjenjuje se da \u0107e broj muslimana u Evropi za 30 godina dosegnuti 65 miliona. Ako se muslimanski populus ne prihvati adekvatno u Evropi onda \u0107e sukob civilizacija mo\u017eda postati stvarnost, ali ne u formi vojnog odmjeravanja snaga izme\u0111u Istoka i Zapada. Budu\u0107i da na\u0161u epohu karakteri\u0161e subordinacija, hegemonija i prevlast ideologija jedne nad drugom, s [&hellip;]","og_url":"https:\/\/sandzakpress.net\/arhiva\/muslimani-most-izmedu-dvije-kulture\/","og_site_name":"Sand\u017eak PRESS","article_published_time":"2010-01-03T12:06:31+00:00","og_image":[{"width":616,"height":271,"url":"https:\/\/sandzakpress.net\/arhiva\/wp-content\/uploads\/2010\/01\/RainbowBridge.jpg","type":"image\/jpeg"}],"author":"bosniak","twitter_card":"summary_large_image","twitter_misc":{"Written by":"bosniak","Est. reading time":"4 minute"},"schema":{"@context":"https:\/\/schema.org","@graph":[{"@type":"Article","@id":"https:\/\/sandzakpress.net\/arhiva\/muslimani-most-izmedu-dvije-kulture\/#article","isPartOf":{"@id":"https:\/\/sandzakpress.net\/arhiva\/muslimani-most-izmedu-dvije-kulture\/"},"author":{"name":"bosniak","@id":"https:\/\/sandzakpress.net\/arhiva\/#\/schema\/person\/c8baee722073534b583ea7bdb2e36c02"},"headline":"Muslimani &#8211; most izme\u0111u dvije kulture","datePublished":"2010-01-03T12:06:31+00:00","mainEntityOfPage":{"@id":"https:\/\/sandzakpress.net\/arhiva\/muslimani-most-izmedu-dvije-kulture\/"},"wordCount":788,"commentCount":0,"publisher":{"@id":"https:\/\/sandzakpress.net\/arhiva\/#\/schema\/person\/6e72b67d6e51910a1117b3b483ba20bd"},"image":{"@id":"https:\/\/sandzakpress.net\/arhiva\/muslimani-most-izmedu-dvije-kulture\/#primaryimage"},"thumbnailUrl":"https:\/\/sandzakpress.net\/arhiva\/wp-content\/uploads\/2010\/01\/RainbowBridge.jpg","articleSection":["Novine"],"inLanguage":"bs-BA","potentialAction":[{"@type":"CommentAction","name":"Comment","target":["https:\/\/sandzakpress.net\/arhiva\/muslimani-most-izmedu-dvije-kulture\/#respond"]}]},{"@type":"WebPage","@id":"https:\/\/sandzakpress.net\/arhiva\/muslimani-most-izmedu-dvije-kulture\/","url":"https:\/\/sandzakpress.net\/arhiva\/muslimani-most-izmedu-dvije-kulture\/","name":"Muslimani - most izme\u0111u dvije kulture","isPartOf":{"@id":"https:\/\/sandzakpress.net\/arhiva\/#website"},"primaryImageOfPage":{"@id":"https:\/\/sandzakpress.net\/arhiva\/muslimani-most-izmedu-dvije-kulture\/#primaryimage"},"image":{"@id":"https:\/\/sandzakpress.net\/arhiva\/muslimani-most-izmedu-dvije-kulture\/#primaryimage"},"thumbnailUrl":"https:\/\/sandzakpress.net\/arhiva\/wp-content\/uploads\/2010\/01\/RainbowBridge.jpg","datePublished":"2010-01-03T12:06:31+00:00","breadcrumb":{"@id":"https:\/\/sandzakpress.net\/arhiva\/muslimani-most-izmedu-dvije-kulture\/#breadcrumb"},"inLanguage":"bs-BA","potentialAction":[{"@type":"ReadAction","target":["https:\/\/sandzakpress.net\/arhiva\/muslimani-most-izmedu-dvije-kulture\/"]}]},{"@type":"ImageObject","inLanguage":"bs-BA","@id":"https:\/\/sandzakpress.net\/arhiva\/muslimani-most-izmedu-dvije-kulture\/#primaryimage","url":"https:\/\/sandzakpress.net\/arhiva\/wp-content\/uploads\/2010\/01\/RainbowBridge.jpg","contentUrl":"https:\/\/sandzakpress.net\/arhiva\/wp-content\/uploads\/2010\/01\/RainbowBridge.jpg","width":616,"height":271},{"@type":"BreadcrumbList","@id":"https:\/\/sandzakpress.net\/arhiva\/muslimani-most-izmedu-dvije-kulture\/#breadcrumb","itemListElement":[{"@type":"ListItem","position":1,"name":"Home","item":"https:\/\/sandzakpress.net\/arhiva\/"},{"@type":"ListItem","position":2,"name":"Muslimani &#8211; most izme\u0111u dvije kulture"}]},{"@type":"WebSite","@id":"https:\/\/sandzakpress.net\/arhiva\/#website","url":"https:\/\/sandzakpress.net\/arhiva\/","name":"Sand\u017eak PRESS","description":"Prve elektronske novine u Sand\u017eaku","publisher":{"@id":"https:\/\/sandzakpress.net\/arhiva\/#\/schema\/person\/6e72b67d6e51910a1117b3b483ba20bd"},"potentialAction":[{"@type":"SearchAction","target":{"@type":"EntryPoint","urlTemplate":"https:\/\/sandzakpress.net\/arhiva\/?s={search_term_string}"},"query-input":{"@type":"PropertyValueSpecification","valueRequired":true,"valueName":"search_term_string"}}],"inLanguage":"bs-BA"},{"@type":["Person","Organization"],"@id":"https:\/\/sandzakpress.net\/arhiva\/#\/schema\/person\/6e72b67d6e51910a1117b3b483ba20bd","name":"Kul","image":{"@type":"ImageObject","inLanguage":"bs-BA","@id":"https:\/\/sandzakpress.net\/arhiva\/#\/schema\/person\/image\/","url":"https:\/\/secure.gravatar.com\/avatar\/42263f39aa27ac04c43cab85c280eb2e?s=96&d=mm&r=pg","contentUrl":"https:\/\/secure.gravatar.com\/avatar\/42263f39aa27ac04c43cab85c280eb2e?s=96&d=mm&r=pg","caption":"Kul"},"logo":{"@id":"https:\/\/sandzakpress.net\/arhiva\/#\/schema\/person\/image\/"}},{"@type":"Person","@id":"https:\/\/sandzakpress.net\/arhiva\/#\/schema\/person\/c8baee722073534b583ea7bdb2e36c02","name":"bosniak","image":{"@type":"ImageObject","inLanguage":"bs-BA","@id":"https:\/\/sandzakpress.net\/arhiva\/#\/schema\/person\/image\/","url":"https:\/\/secure.gravatar.com\/avatar\/a04fd330bfe3a36a72a0ad4a6d89fca7?s=96&d=mm&r=pg","contentUrl":"https:\/\/secure.gravatar.com\/avatar\/a04fd330bfe3a36a72a0ad4a6d89fca7?s=96&d=mm&r=pg","caption":"bosniak"},"url":"https:\/\/sandzakpress.net\/arhiva\/author\/bosniak\/"}]}},"_links":{"self":[{"href":"https:\/\/sandzakpress.net\/arhiva\/wp-json\/wp\/v2\/posts\/868"}],"collection":[{"href":"https:\/\/sandzakpress.net\/arhiva\/wp-json\/wp\/v2\/posts"}],"about":[{"href":"https:\/\/sandzakpress.net\/arhiva\/wp-json\/wp\/v2\/types\/post"}],"author":[{"embeddable":true,"href":"https:\/\/sandzakpress.net\/arhiva\/wp-json\/wp\/v2\/users\/83"}],"replies":[{"embeddable":true,"href":"https:\/\/sandzakpress.net\/arhiva\/wp-json\/wp\/v2\/comments?post=868"}],"version-history":[{"count":0,"href":"https:\/\/sandzakpress.net\/arhiva\/wp-json\/wp\/v2\/posts\/868\/revisions"}],"wp:featuredmedia":[{"embeddable":true,"href":"https:\/\/sandzakpress.net\/arhiva\/wp-json\/wp\/v2\/media\/869"}],"wp:attachment":[{"href":"https:\/\/sandzakpress.net\/arhiva\/wp-json\/wp\/v2\/media?parent=868"}],"wp:term":[{"taxonomy":"category","embeddable":true,"href":"https:\/\/sandzakpress.net\/arhiva\/wp-json\/wp\/v2\/categories?post=868"},{"taxonomy":"post_tag","embeddable":true,"href":"https:\/\/sandzakpress.net\/arhiva\/wp-json\/wp\/v2\/tags?post=868"}],"curies":[{"name":"wp","href":"https:\/\/api.w.org\/{rel}","templated":true}]}}