{"id":8673,"date":"2010-09-27T16:59:28","date_gmt":"2010-09-27T14:59:28","guid":{"rendered":"https:\/\/sandzakpress.net\/arhiva\/?p=8673"},"modified":"2010-09-27T16:59:28","modified_gmt":"2010-09-27T14:59:28","slug":"cesi-grade-elektranu-na-pesteru","status":"publish","type":"post","link":"https:\/\/sandzakpress.net\/arhiva\/cesi-grade-elektranu-na-pesteru\/","title":{"rendered":"\u010cesi grade elektranu na Pe\u0161teru"},"content":{"rendered":"<p><strong><a href=\"https:\/\/sandzakpress.net\/arhiva\/wp-content\/uploads\/2010\/09\/eko-elektrana.jpg\"><img loading=\"lazy\" decoding=\"async\" class=\"alignleft size-medium wp-image-8674\" title=\"eko-elektrana\" src=\"https:\/\/sandzakpress.net\/arhiva\/wp-content\/uploads\/2010\/09\/eko-elektrana-300x165.jpg\" alt=\"\" width=\"300\" height=\"165\" \/><\/a>Sjenica, Tutin &#8211; \u010ce\u0161ki Energetsko-privredni fond zainteresovan je da, u saradnji sa Vladom Srbije i op\u0161tinom Sjenica, gradi termoelektranu na Pe\u0161teru, snage 320 megavata, u koju bi ulo\u017eio oko 700 miliona evra.<\/strong><\/p>\n<p>Prvi kilovati struje iz pe\u0161terske termoelektrane trebalo bi da \u201cpoteku\u201d za desetak godina. Za gradnju elektrane na Pe\u0161teru, koja bi bila ekolo\u0161ki potpuno \u201c\u010dista\u201d i uposlila oko 1.000 radnika, zainteresovane su u neke kompanije iz Italije, Nema\u010dke i jo\u0161 nekih zemalja.<\/p>\n<p>Na Pe\u0161teru je neiskori\u0161\u0107eno vi\u0161e od milijardu tona odli\u010dnog mrkog uglja, ima i lignita koji se mo\u017ee eksploatisati povr\u0161inski, pe\u0161terski ugljeni basen po bogatstvu odmah je iz kosovskog. Sjeni\u010dki rudnik \u201c\u0160tavalj\u201d, koji jedva pre\u017eivljava, godi\u0161nje iskopa samo 70.000 tona \u201ccrnog zlata\u201d.<\/p>\n<p>Izvor: <strong>Novosti.rs<\/strong><\/p>\n","protected":false},"excerpt":{"rendered":"<p>Sjenica, Tutin &#8211; \u010ce\u0161ki Energetsko-privredni fond zainteresovan je da, u saradnji sa Vladom Srbije i op\u0161tinom Sjenica, gradi termoelektranu na Pe\u0161teru, snage 320 megavata, u koju bi ulo\u017eio oko 700 miliona evra. Prvi kilovati struje iz pe\u0161terske termoelektrane trebalo bi da \u201cpoteku\u201d za desetak godina. Za gradnju elektrane na Pe\u0161teru, koja bi bila ekolo\u0161ki potpuno [&hellip;]<\/p>\n","protected":false},"author":83,"featured_media":8674,"comment_status":"open","ping_status":"open","sticky":false,"template":"","format":"standard","meta":{"footnotes":""},"categories":[52,327,3],"tags":[],"class_list":{"0":"post-8673","1":"post","2":"type-post","3":"status-publish","4":"format-standard","5":"has-post-thumbnail","7":"category-sjenica","8":"category-tutin","9":"category-privreda"},"yoast_head":"<!-- This site is optimized with the Yoast SEO Premium plugin v23.1 (Yoast SEO v24.9) - https:\/\/yoast.com\/wordpress\/plugins\/seo\/ -->\n<title>\u010cesi grade elektranu na Pe\u0161teru<\/title>\n<meta name=\"robots\" content=\"index, follow, max-snippet:-1, max-image-preview:large, max-video-preview:-1\" \/>\n<link rel=\"canonical\" href=\"https:\/\/sandzakpress.net\/arhiva\/cesi-grade-elektranu-na-pesteru\/\" \/>\n<meta property=\"og:locale\" content=\"bs_BA\" \/>\n<meta property=\"og:type\" content=\"article\" \/>\n<meta property=\"og:title\" content=\"\u010cesi grade elektranu na Pe\u0161teru\" \/>\n<meta property=\"og:description\" content=\"Sjenica, Tutin &#8211; \u010ce\u0161ki Energetsko-privredni fond zainteresovan je da, u saradnji sa Vladom Srbije i op\u0161tinom Sjenica, gradi termoelektranu na Pe\u0161teru, snage 320 megavata, u koju bi ulo\u017eio oko 700 miliona evra. Prvi kilovati struje iz pe\u0161terske termoelektrane trebalo bi da \u201cpoteku\u201d za desetak godina. Za gradnju elektrane na Pe\u0161teru, koja bi bila ekolo\u0161ki potpuno [&hellip;]\" \/>\n<meta property=\"og:url\" content=\"https:\/\/sandzakpress.net\/arhiva\/cesi-grade-elektranu-na-pesteru\/\" \/>\n<meta property=\"og:site_name\" content=\"Sand\u017eak PRESS\" \/>\n<meta property=\"article:published_time\" content=\"2010-09-27T14:59:28+00:00\" \/>\n<meta property=\"og:image\" content=\"https:\/\/sandzakpress.net\/arhiva\/wp-content\/uploads\/2010\/09\/eko-elektrana.jpg\" \/>\n\t<meta property=\"og:image:width\" content=\"616\" \/>\n\t<meta property=\"og:image:height\" content=\"340\" \/>\n\t<meta property=\"og:image:type\" content=\"image\/jpeg\" \/>\n<meta name=\"author\" content=\"bosniak\" \/>\n<meta name=\"twitter:card\" content=\"summary_large_image\" \/>\n<meta name=\"twitter:label1\" content=\"Written by\" \/>\n\t<meta name=\"twitter:data1\" content=\"bosniak\" \/>\n\t<meta name=\"twitter:label2\" content=\"Est. reading time\" \/>\n\t<meta name=\"twitter:data2\" content=\"1 minuta\" \/>\n<script type=\"application\/ld+json\" class=\"yoast-schema-graph\">{\"@context\":\"https:\/\/schema.org\",\"@graph\":[{\"@type\":\"Article\",\"@id\":\"https:\/\/sandzakpress.net\/arhiva\/cesi-grade-elektranu-na-pesteru\/#article\",\"isPartOf\":{\"@id\":\"https:\/\/sandzakpress.net\/arhiva\/cesi-grade-elektranu-na-pesteru\/\"},\"author\":{\"name\":\"bosniak\",\"@id\":\"https:\/\/sandzakpress.net\/arhiva\/#\/schema\/person\/c8baee722073534b583ea7bdb2e36c02\"},\"headline\":\"\u010cesi grade elektranu na Pe\u0161teru\",\"datePublished\":\"2010-09-27T14:59:28+00:00\",\"mainEntityOfPage\":{\"@id\":\"https:\/\/sandzakpress.net\/arhiva\/cesi-grade-elektranu-na-pesteru\/\"},\"wordCount\":137,\"commentCount\":0,\"publisher\":{\"@id\":\"https:\/\/sandzakpress.net\/arhiva\/#\/schema\/person\/6e72b67d6e51910a1117b3b483ba20bd\"},\"image\":{\"@id\":\"https:\/\/sandzakpress.net\/arhiva\/cesi-grade-elektranu-na-pesteru\/#primaryimage\"},\"thumbnailUrl\":\"https:\/\/sandzakpress.net\/arhiva\/wp-content\/uploads\/2010\/09\/eko-elektrana.jpg\",\"articleSection\":[\"Sjenica\",\"Tutin\",\"Privreda\"],\"inLanguage\":\"bs-BA\",\"potentialAction\":[{\"@type\":\"CommentAction\",\"name\":\"Comment\",\"target\":[\"https:\/\/sandzakpress.net\/arhiva\/cesi-grade-elektranu-na-pesteru\/#respond\"]}]},{\"@type\":\"WebPage\",\"@id\":\"https:\/\/sandzakpress.net\/arhiva\/cesi-grade-elektranu-na-pesteru\/\",\"url\":\"https:\/\/sandzakpress.net\/arhiva\/cesi-grade-elektranu-na-pesteru\/\",\"name\":\"\u010cesi grade elektranu na Pe\u0161teru\",\"isPartOf\":{\"@id\":\"https:\/\/sandzakpress.net\/arhiva\/#website\"},\"primaryImageOfPage\":{\"@id\":\"https:\/\/sandzakpress.net\/arhiva\/cesi-grade-elektranu-na-pesteru\/#primaryimage\"},\"image\":{\"@id\":\"https:\/\/sandzakpress.net\/arhiva\/cesi-grade-elektranu-na-pesteru\/#primaryimage\"},\"thumbnailUrl\":\"https:\/\/sandzakpress.net\/arhiva\/wp-content\/uploads\/2010\/09\/eko-elektrana.jpg\",\"datePublished\":\"2010-09-27T14:59:28+00:00\",\"breadcrumb\":{\"@id\":\"https:\/\/sandzakpress.net\/arhiva\/cesi-grade-elektranu-na-pesteru\/#breadcrumb\"},\"inLanguage\":\"bs-BA\",\"potentialAction\":[{\"@type\":\"ReadAction\",\"target\":[\"https:\/\/sandzakpress.net\/arhiva\/cesi-grade-elektranu-na-pesteru\/\"]}]},{\"@type\":\"ImageObject\",\"inLanguage\":\"bs-BA\",\"@id\":\"https:\/\/sandzakpress.net\/arhiva\/cesi-grade-elektranu-na-pesteru\/#primaryimage\",\"url\":\"https:\/\/sandzakpress.net\/arhiva\/wp-content\/uploads\/2010\/09\/eko-elektrana.jpg\",\"contentUrl\":\"https:\/\/sandzakpress.net\/arhiva\/wp-content\/uploads\/2010\/09\/eko-elektrana.jpg\",\"width\":616,\"height\":340},{\"@type\":\"BreadcrumbList\",\"@id\":\"https:\/\/sandzakpress.net\/arhiva\/cesi-grade-elektranu-na-pesteru\/#breadcrumb\",\"itemListElement\":[{\"@type\":\"ListItem\",\"position\":1,\"name\":\"Home\",\"item\":\"https:\/\/sandzakpress.net\/arhiva\/\"},{\"@type\":\"ListItem\",\"position\":2,\"name\":\"\u010cesi grade elektranu na Pe\u0161teru\"}]},{\"@type\":\"WebSite\",\"@id\":\"https:\/\/sandzakpress.net\/arhiva\/#website\",\"url\":\"https:\/\/sandzakpress.net\/arhiva\/\",\"name\":\"Sand\u017eak PRESS\",\"description\":\"Prve elektronske novine u Sand\u017eaku\",\"publisher\":{\"@id\":\"https:\/\/sandzakpress.net\/arhiva\/#\/schema\/person\/6e72b67d6e51910a1117b3b483ba20bd\"},\"potentialAction\":[{\"@type\":\"SearchAction\",\"target\":{\"@type\":\"EntryPoint\",\"urlTemplate\":\"https:\/\/sandzakpress.net\/arhiva\/?s={search_term_string}\"},\"query-input\":{\"@type\":\"PropertyValueSpecification\",\"valueRequired\":true,\"valueName\":\"search_term_string\"}}],\"inLanguage\":\"bs-BA\"},{\"@type\":[\"Person\",\"Organization\"],\"@id\":\"https:\/\/sandzakpress.net\/arhiva\/#\/schema\/person\/6e72b67d6e51910a1117b3b483ba20bd\",\"name\":\"Kul\",\"image\":{\"@type\":\"ImageObject\",\"inLanguage\":\"bs-BA\",\"@id\":\"https:\/\/sandzakpress.net\/arhiva\/#\/schema\/person\/image\/\",\"url\":\"https:\/\/secure.gravatar.com\/avatar\/42263f39aa27ac04c43cab85c280eb2e?s=96&d=mm&r=pg\",\"contentUrl\":\"https:\/\/secure.gravatar.com\/avatar\/42263f39aa27ac04c43cab85c280eb2e?s=96&d=mm&r=pg\",\"caption\":\"Kul\"},\"logo\":{\"@id\":\"https:\/\/sandzakpress.net\/arhiva\/#\/schema\/person\/image\/\"}},{\"@type\":\"Person\",\"@id\":\"https:\/\/sandzakpress.net\/arhiva\/#\/schema\/person\/c8baee722073534b583ea7bdb2e36c02\",\"name\":\"bosniak\",\"image\":{\"@type\":\"ImageObject\",\"inLanguage\":\"bs-BA\",\"@id\":\"https:\/\/sandzakpress.net\/arhiva\/#\/schema\/person\/image\/\",\"url\":\"https:\/\/secure.gravatar.com\/avatar\/a04fd330bfe3a36a72a0ad4a6d89fca7?s=96&d=mm&r=pg\",\"contentUrl\":\"https:\/\/secure.gravatar.com\/avatar\/a04fd330bfe3a36a72a0ad4a6d89fca7?s=96&d=mm&r=pg\",\"caption\":\"bosniak\"},\"url\":\"https:\/\/sandzakpress.net\/arhiva\/author\/bosniak\/\"}]}<\/script>\n<!-- \/ Yoast SEO Premium plugin. -->","yoast_head_json":{"title":"\u010cesi grade elektranu na Pe\u0161teru","robots":{"index":"index","follow":"follow","max-snippet":"max-snippet:-1","max-image-preview":"max-image-preview:large","max-video-preview":"max-video-preview:-1"},"canonical":"https:\/\/sandzakpress.net\/arhiva\/cesi-grade-elektranu-na-pesteru\/","og_locale":"bs_BA","og_type":"article","og_title":"\u010cesi grade elektranu na Pe\u0161teru","og_description":"Sjenica, Tutin &#8211; \u010ce\u0161ki Energetsko-privredni fond zainteresovan je da, u saradnji sa Vladom Srbije i op\u0161tinom Sjenica, gradi termoelektranu na Pe\u0161teru, snage 320 megavata, u koju bi ulo\u017eio oko 700 miliona evra. Prvi kilovati struje iz pe\u0161terske termoelektrane trebalo bi da \u201cpoteku\u201d za desetak godina. Za gradnju elektrane na Pe\u0161teru, koja bi bila ekolo\u0161ki potpuno [&hellip;]","og_url":"https:\/\/sandzakpress.net\/arhiva\/cesi-grade-elektranu-na-pesteru\/","og_site_name":"Sand\u017eak PRESS","article_published_time":"2010-09-27T14:59:28+00:00","og_image":[{"width":616,"height":340,"url":"https:\/\/sandzakpress.net\/arhiva\/wp-content\/uploads\/2010\/09\/eko-elektrana.jpg","type":"image\/jpeg"}],"author":"bosniak","twitter_card":"summary_large_image","twitter_misc":{"Written by":"bosniak","Est. reading time":"1 minuta"},"schema":{"@context":"https:\/\/schema.org","@graph":[{"@type":"Article","@id":"https:\/\/sandzakpress.net\/arhiva\/cesi-grade-elektranu-na-pesteru\/#article","isPartOf":{"@id":"https:\/\/sandzakpress.net\/arhiva\/cesi-grade-elektranu-na-pesteru\/"},"author":{"name":"bosniak","@id":"https:\/\/sandzakpress.net\/arhiva\/#\/schema\/person\/c8baee722073534b583ea7bdb2e36c02"},"headline":"\u010cesi grade elektranu na Pe\u0161teru","datePublished":"2010-09-27T14:59:28+00:00","mainEntityOfPage":{"@id":"https:\/\/sandzakpress.net\/arhiva\/cesi-grade-elektranu-na-pesteru\/"},"wordCount":137,"commentCount":0,"publisher":{"@id":"https:\/\/sandzakpress.net\/arhiva\/#\/schema\/person\/6e72b67d6e51910a1117b3b483ba20bd"},"image":{"@id":"https:\/\/sandzakpress.net\/arhiva\/cesi-grade-elektranu-na-pesteru\/#primaryimage"},"thumbnailUrl":"https:\/\/sandzakpress.net\/arhiva\/wp-content\/uploads\/2010\/09\/eko-elektrana.jpg","articleSection":["Sjenica","Tutin","Privreda"],"inLanguage":"bs-BA","potentialAction":[{"@type":"CommentAction","name":"Comment","target":["https:\/\/sandzakpress.net\/arhiva\/cesi-grade-elektranu-na-pesteru\/#respond"]}]},{"@type":"WebPage","@id":"https:\/\/sandzakpress.net\/arhiva\/cesi-grade-elektranu-na-pesteru\/","url":"https:\/\/sandzakpress.net\/arhiva\/cesi-grade-elektranu-na-pesteru\/","name":"\u010cesi grade elektranu na Pe\u0161teru","isPartOf":{"@id":"https:\/\/sandzakpress.net\/arhiva\/#website"},"primaryImageOfPage":{"@id":"https:\/\/sandzakpress.net\/arhiva\/cesi-grade-elektranu-na-pesteru\/#primaryimage"},"image":{"@id":"https:\/\/sandzakpress.net\/arhiva\/cesi-grade-elektranu-na-pesteru\/#primaryimage"},"thumbnailUrl":"https:\/\/sandzakpress.net\/arhiva\/wp-content\/uploads\/2010\/09\/eko-elektrana.jpg","datePublished":"2010-09-27T14:59:28+00:00","breadcrumb":{"@id":"https:\/\/sandzakpress.net\/arhiva\/cesi-grade-elektranu-na-pesteru\/#breadcrumb"},"inLanguage":"bs-BA","potentialAction":[{"@type":"ReadAction","target":["https:\/\/sandzakpress.net\/arhiva\/cesi-grade-elektranu-na-pesteru\/"]}]},{"@type":"ImageObject","inLanguage":"bs-BA","@id":"https:\/\/sandzakpress.net\/arhiva\/cesi-grade-elektranu-na-pesteru\/#primaryimage","url":"https:\/\/sandzakpress.net\/arhiva\/wp-content\/uploads\/2010\/09\/eko-elektrana.jpg","contentUrl":"https:\/\/sandzakpress.net\/arhiva\/wp-content\/uploads\/2010\/09\/eko-elektrana.jpg","width":616,"height":340},{"@type":"BreadcrumbList","@id":"https:\/\/sandzakpress.net\/arhiva\/cesi-grade-elektranu-na-pesteru\/#breadcrumb","itemListElement":[{"@type":"ListItem","position":1,"name":"Home","item":"https:\/\/sandzakpress.net\/arhiva\/"},{"@type":"ListItem","position":2,"name":"\u010cesi grade elektranu na Pe\u0161teru"}]},{"@type":"WebSite","@id":"https:\/\/sandzakpress.net\/arhiva\/#website","url":"https:\/\/sandzakpress.net\/arhiva\/","name":"Sand\u017eak PRESS","description":"Prve elektronske novine u Sand\u017eaku","publisher":{"@id":"https:\/\/sandzakpress.net\/arhiva\/#\/schema\/person\/6e72b67d6e51910a1117b3b483ba20bd"},"potentialAction":[{"@type":"SearchAction","target":{"@type":"EntryPoint","urlTemplate":"https:\/\/sandzakpress.net\/arhiva\/?s={search_term_string}"},"query-input":{"@type":"PropertyValueSpecification","valueRequired":true,"valueName":"search_term_string"}}],"inLanguage":"bs-BA"},{"@type":["Person","Organization"],"@id":"https:\/\/sandzakpress.net\/arhiva\/#\/schema\/person\/6e72b67d6e51910a1117b3b483ba20bd","name":"Kul","image":{"@type":"ImageObject","inLanguage":"bs-BA","@id":"https:\/\/sandzakpress.net\/arhiva\/#\/schema\/person\/image\/","url":"https:\/\/secure.gravatar.com\/avatar\/42263f39aa27ac04c43cab85c280eb2e?s=96&d=mm&r=pg","contentUrl":"https:\/\/secure.gravatar.com\/avatar\/42263f39aa27ac04c43cab85c280eb2e?s=96&d=mm&r=pg","caption":"Kul"},"logo":{"@id":"https:\/\/sandzakpress.net\/arhiva\/#\/schema\/person\/image\/"}},{"@type":"Person","@id":"https:\/\/sandzakpress.net\/arhiva\/#\/schema\/person\/c8baee722073534b583ea7bdb2e36c02","name":"bosniak","image":{"@type":"ImageObject","inLanguage":"bs-BA","@id":"https:\/\/sandzakpress.net\/arhiva\/#\/schema\/person\/image\/","url":"https:\/\/secure.gravatar.com\/avatar\/a04fd330bfe3a36a72a0ad4a6d89fca7?s=96&d=mm&r=pg","contentUrl":"https:\/\/secure.gravatar.com\/avatar\/a04fd330bfe3a36a72a0ad4a6d89fca7?s=96&d=mm&r=pg","caption":"bosniak"},"url":"https:\/\/sandzakpress.net\/arhiva\/author\/bosniak\/"}]}},"_links":{"self":[{"href":"https:\/\/sandzakpress.net\/arhiva\/wp-json\/wp\/v2\/posts\/8673"}],"collection":[{"href":"https:\/\/sandzakpress.net\/arhiva\/wp-json\/wp\/v2\/posts"}],"about":[{"href":"https:\/\/sandzakpress.net\/arhiva\/wp-json\/wp\/v2\/types\/post"}],"author":[{"embeddable":true,"href":"https:\/\/sandzakpress.net\/arhiva\/wp-json\/wp\/v2\/users\/83"}],"replies":[{"embeddable":true,"href":"https:\/\/sandzakpress.net\/arhiva\/wp-json\/wp\/v2\/comments?post=8673"}],"version-history":[{"count":0,"href":"https:\/\/sandzakpress.net\/arhiva\/wp-json\/wp\/v2\/posts\/8673\/revisions"}],"wp:featuredmedia":[{"embeddable":true,"href":"https:\/\/sandzakpress.net\/arhiva\/wp-json\/wp\/v2\/media\/8674"}],"wp:attachment":[{"href":"https:\/\/sandzakpress.net\/arhiva\/wp-json\/wp\/v2\/media?parent=8673"}],"wp:term":[{"taxonomy":"category","embeddable":true,"href":"https:\/\/sandzakpress.net\/arhiva\/wp-json\/wp\/v2\/categories?post=8673"},{"taxonomy":"post_tag","embeddable":true,"href":"https:\/\/sandzakpress.net\/arhiva\/wp-json\/wp\/v2\/tags?post=8673"}],"curies":[{"name":"wp","href":"https:\/\/api.w.org\/{rel}","templated":true}]}}