{"id":8670,"date":"2010-09-27T16:56:22","date_gmt":"2010-09-27T14:56:22","guid":{"rendered":"https:\/\/sandzakpress.net\/arhiva\/?p=8670"},"modified":"2010-09-27T16:56:22","modified_gmt":"2010-09-27T14:56:22","slug":"umjesto-govora-prikazan-film","status":"publish","type":"post","link":"https:\/\/sandzakpress.net\/arhiva\/umjesto-govora-prikazan-film\/","title":{"rendered":"Umjesto govora prikazan film"},"content":{"rendered":"<p><strong><a href=\"https:\/\/sandzakpress.net\/arhiva\/wp-content\/uploads\/2010\/09\/1285411790.jpg\"><img loading=\"lazy\" decoding=\"async\" class=\"alignleft size-full wp-image-8671\" title=\"1285411790\" src=\"https:\/\/sandzakpress.net\/arhiva\/wp-content\/uploads\/2010\/09\/1285411790.jpg\" alt=\"\" width=\"300\" height=\"225\" \/><\/a>Pljevlja \u2013 Sve\u010danom sjednicom odbora direktora Rudnika uglja u Pljevljima i uru\u010denjem nagrada najboljim radnicima i donacija ju\u010de je obilje\u017een Dan rudara Crne Gore i 58-godi\u0161njica postojanja pljevaljskog rudnika. Sve\u010danost u sali SO po\u010dela je intoniranjem himne.<\/strong><\/p>\n<p>Predstavnike Privredne komore, dr\u017eavnih organa Crne Gore, EPCG, lokalne samouprave i ostale goste u ime odbora direktora Rudnika uglja pozdravio je \u010dlan odbora dr Filip Vukovi\u0107. On je rekao da je predsjednik odbora direktora mr Predrag Bo\u0161kovi\u0107 opravdano odsustan.<\/p>\n<p>&#8211; \u0160ta smo uradili izme\u0111u dva praznika i kakvi su planovi i o\u010dekivanja u narednom periodu ne\u0107emo govoriti, ve\u0107 \u0107e biti prikazano u filmu snimljenom za ovu priliku \u2013 rekao je Vukovi\u0107, koji je \u010destitao praznik rudarima Pljevalja i Crne Gore.<\/p>\n<p>Prije prikazivanja 20-minutnog filma, pro\u010ditane su \u010destitke predsjednika i premijera Crne Gore Filipa Vujanovi\u0107a i Mila \u0110ukanovi\u0107a.<\/p>\n<p>Za 58 godina postojanja rudnika proizvedeno je vi\u0161e od 58 miliona tona uglja i iskopano 143 miliona metara kubnih otkrivke. Ove godine je planirana proizvodnja 1.935.000 tona uglja, od \u010dega TE \u201ePljevlja\u201c treba da bude isporu\u010deno 1.885.000 tona. Podatke je saop\u0161tio izvr\u0161ni direktor Rudnika uglja Vuk Ro\u0107en na konferenciji za novinare.<\/p>\n<p>Najboljim radnicima po 1.000 eura<\/p>\n<p>\u010clan odbora direktora Rudnika uglja dr Filip Vukovi\u0107 uru\u010dio je nagrade od po 1.000 eura najboljim radnicima Radomiru Terzi\u0107u, Radanu Kne\u017eevi\u0107u, Safetu Tabakovi\u0107u, Du\u0161ku Bajovi\u0107u i Draganu Lazarevi\u0107u. Povodom praznika dodijeljeno je 450 tona uglja humanitarnim i drugim organizacijama i 15.000 eura sportskom dru\u0161tvu Rudnika uglja.<\/p>\n<p>Izvor: <strong>Pobjeda.co.me<\/strong><\/p>\n","protected":false},"excerpt":{"rendered":"<p>Pljevlja \u2013 Sve\u010danom sjednicom odbora direktora Rudnika uglja u Pljevljima i uru\u010denjem nagrada najboljim radnicima i donacija ju\u010de je obilje\u017een Dan rudara Crne Gore i 58-godi\u0161njica postojanja pljevaljskog rudnika. Sve\u010danost u sali SO po\u010dela je intoniranjem himne. Predstavnike Privredne komore, dr\u017eavnih organa Crne Gore, EPCG, lokalne samouprave i ostale goste u ime odbora direktora Rudnika [&hellip;]<\/p>\n","protected":false},"author":83,"featured_media":8671,"comment_status":"open","ping_status":"open","sticky":false,"template":"","format":"standard","meta":{"footnotes":""},"categories":[3,395],"tags":[],"class_list":{"0":"post-8670","1":"post","2":"type-post","3":"status-publish","4":"format-standard","5":"has-post-thumbnail","7":"category-privreda","8":"category-pljevlja_"},"yoast_head":"<!-- This site is optimized with the Yoast SEO Premium plugin v23.1 (Yoast SEO v24.9) - https:\/\/yoast.com\/wordpress\/plugins\/seo\/ -->\n<title>Umjesto govora prikazan film<\/title>\n<meta name=\"robots\" content=\"index, follow, max-snippet:-1, max-image-preview:large, max-video-preview:-1\" \/>\n<link rel=\"canonical\" href=\"https:\/\/sandzakpress.net\/arhiva\/umjesto-govora-prikazan-film\/\" \/>\n<meta property=\"og:locale\" content=\"bs_BA\" \/>\n<meta property=\"og:type\" content=\"article\" \/>\n<meta property=\"og:title\" content=\"Umjesto govora prikazan film\" \/>\n<meta property=\"og:description\" content=\"Pljevlja \u2013 Sve\u010danom sjednicom odbora direktora Rudnika uglja u Pljevljima i uru\u010denjem nagrada najboljim radnicima i donacija ju\u010de je obilje\u017een Dan rudara Crne Gore i 58-godi\u0161njica postojanja pljevaljskog rudnika. Sve\u010danost u sali SO po\u010dela je intoniranjem himne. Predstavnike Privredne komore, dr\u017eavnih organa Crne Gore, EPCG, lokalne samouprave i ostale goste u ime odbora direktora Rudnika [&hellip;]\" \/>\n<meta property=\"og:url\" content=\"https:\/\/sandzakpress.net\/arhiva\/umjesto-govora-prikazan-film\/\" \/>\n<meta property=\"og:site_name\" content=\"Sand\u017eak PRESS\" \/>\n<meta property=\"article:published_time\" content=\"2010-09-27T14:56:22+00:00\" \/>\n<meta property=\"og:image\" content=\"https:\/\/sandzakpress.net\/arhiva\/wp-content\/uploads\/2010\/09\/1285411790.jpg\" \/>\n\t<meta property=\"og:image:width\" content=\"300\" \/>\n\t<meta property=\"og:image:height\" content=\"225\" \/>\n\t<meta property=\"og:image:type\" content=\"image\/jpeg\" \/>\n<meta name=\"author\" content=\"bosniak\" \/>\n<meta name=\"twitter:card\" content=\"summary_large_image\" \/>\n<meta name=\"twitter:label1\" content=\"Written by\" \/>\n\t<meta name=\"twitter:data1\" content=\"bosniak\" \/>\n\t<meta name=\"twitter:label2\" content=\"Est. reading time\" \/>\n\t<meta name=\"twitter:data2\" content=\"1 minuta\" \/>\n<script type=\"application\/ld+json\" class=\"yoast-schema-graph\">{\"@context\":\"https:\/\/schema.org\",\"@graph\":[{\"@type\":\"Article\",\"@id\":\"https:\/\/sandzakpress.net\/arhiva\/umjesto-govora-prikazan-film\/#article\",\"isPartOf\":{\"@id\":\"https:\/\/sandzakpress.net\/arhiva\/umjesto-govora-prikazan-film\/\"},\"author\":{\"name\":\"bosniak\",\"@id\":\"https:\/\/sandzakpress.net\/arhiva\/#\/schema\/person\/c8baee722073534b583ea7bdb2e36c02\"},\"headline\":\"Umjesto govora prikazan film\",\"datePublished\":\"2010-09-27T14:56:22+00:00\",\"mainEntityOfPage\":{\"@id\":\"https:\/\/sandzakpress.net\/arhiva\/umjesto-govora-prikazan-film\/\"},\"wordCount\":262,\"commentCount\":0,\"publisher\":{\"@id\":\"https:\/\/sandzakpress.net\/arhiva\/#\/schema\/person\/6e72b67d6e51910a1117b3b483ba20bd\"},\"image\":{\"@id\":\"https:\/\/sandzakpress.net\/arhiva\/umjesto-govora-prikazan-film\/#primaryimage\"},\"thumbnailUrl\":\"https:\/\/sandzakpress.net\/arhiva\/wp-content\/uploads\/2010\/09\/1285411790.jpg\",\"articleSection\":[\"Privreda\",\"Pljevlja\"],\"inLanguage\":\"bs-BA\",\"potentialAction\":[{\"@type\":\"CommentAction\",\"name\":\"Comment\",\"target\":[\"https:\/\/sandzakpress.net\/arhiva\/umjesto-govora-prikazan-film\/#respond\"]}]},{\"@type\":\"WebPage\",\"@id\":\"https:\/\/sandzakpress.net\/arhiva\/umjesto-govora-prikazan-film\/\",\"url\":\"https:\/\/sandzakpress.net\/arhiva\/umjesto-govora-prikazan-film\/\",\"name\":\"Umjesto govora prikazan film\",\"isPartOf\":{\"@id\":\"https:\/\/sandzakpress.net\/arhiva\/#website\"},\"primaryImageOfPage\":{\"@id\":\"https:\/\/sandzakpress.net\/arhiva\/umjesto-govora-prikazan-film\/#primaryimage\"},\"image\":{\"@id\":\"https:\/\/sandzakpress.net\/arhiva\/umjesto-govora-prikazan-film\/#primaryimage\"},\"thumbnailUrl\":\"https:\/\/sandzakpress.net\/arhiva\/wp-content\/uploads\/2010\/09\/1285411790.jpg\",\"datePublished\":\"2010-09-27T14:56:22+00:00\",\"breadcrumb\":{\"@id\":\"https:\/\/sandzakpress.net\/arhiva\/umjesto-govora-prikazan-film\/#breadcrumb\"},\"inLanguage\":\"bs-BA\",\"potentialAction\":[{\"@type\":\"ReadAction\",\"target\":[\"https:\/\/sandzakpress.net\/arhiva\/umjesto-govora-prikazan-film\/\"]}]},{\"@type\":\"ImageObject\",\"inLanguage\":\"bs-BA\",\"@id\":\"https:\/\/sandzakpress.net\/arhiva\/umjesto-govora-prikazan-film\/#primaryimage\",\"url\":\"https:\/\/sandzakpress.net\/arhiva\/wp-content\/uploads\/2010\/09\/1285411790.jpg\",\"contentUrl\":\"https:\/\/sandzakpress.net\/arhiva\/wp-content\/uploads\/2010\/09\/1285411790.jpg\",\"width\":300,\"height\":225},{\"@type\":\"BreadcrumbList\",\"@id\":\"https:\/\/sandzakpress.net\/arhiva\/umjesto-govora-prikazan-film\/#breadcrumb\",\"itemListElement\":[{\"@type\":\"ListItem\",\"position\":1,\"name\":\"Home\",\"item\":\"https:\/\/sandzakpress.net\/arhiva\/\"},{\"@type\":\"ListItem\",\"position\":2,\"name\":\"Umjesto govora prikazan film\"}]},{\"@type\":\"WebSite\",\"@id\":\"https:\/\/sandzakpress.net\/arhiva\/#website\",\"url\":\"https:\/\/sandzakpress.net\/arhiva\/\",\"name\":\"Sand\u017eak PRESS\",\"description\":\"Prve elektronske novine u Sand\u017eaku\",\"publisher\":{\"@id\":\"https:\/\/sandzakpress.net\/arhiva\/#\/schema\/person\/6e72b67d6e51910a1117b3b483ba20bd\"},\"potentialAction\":[{\"@type\":\"SearchAction\",\"target\":{\"@type\":\"EntryPoint\",\"urlTemplate\":\"https:\/\/sandzakpress.net\/arhiva\/?s={search_term_string}\"},\"query-input\":{\"@type\":\"PropertyValueSpecification\",\"valueRequired\":true,\"valueName\":\"search_term_string\"}}],\"inLanguage\":\"bs-BA\"},{\"@type\":[\"Person\",\"Organization\"],\"@id\":\"https:\/\/sandzakpress.net\/arhiva\/#\/schema\/person\/6e72b67d6e51910a1117b3b483ba20bd\",\"name\":\"Kul\",\"image\":{\"@type\":\"ImageObject\",\"inLanguage\":\"bs-BA\",\"@id\":\"https:\/\/sandzakpress.net\/arhiva\/#\/schema\/person\/image\/\",\"url\":\"https:\/\/secure.gravatar.com\/avatar\/42263f39aa27ac04c43cab85c280eb2e?s=96&d=mm&r=pg\",\"contentUrl\":\"https:\/\/secure.gravatar.com\/avatar\/42263f39aa27ac04c43cab85c280eb2e?s=96&d=mm&r=pg\",\"caption\":\"Kul\"},\"logo\":{\"@id\":\"https:\/\/sandzakpress.net\/arhiva\/#\/schema\/person\/image\/\"}},{\"@type\":\"Person\",\"@id\":\"https:\/\/sandzakpress.net\/arhiva\/#\/schema\/person\/c8baee722073534b583ea7bdb2e36c02\",\"name\":\"bosniak\",\"image\":{\"@type\":\"ImageObject\",\"inLanguage\":\"bs-BA\",\"@id\":\"https:\/\/sandzakpress.net\/arhiva\/#\/schema\/person\/image\/\",\"url\":\"https:\/\/secure.gravatar.com\/avatar\/a04fd330bfe3a36a72a0ad4a6d89fca7?s=96&d=mm&r=pg\",\"contentUrl\":\"https:\/\/secure.gravatar.com\/avatar\/a04fd330bfe3a36a72a0ad4a6d89fca7?s=96&d=mm&r=pg\",\"caption\":\"bosniak\"},\"url\":\"https:\/\/sandzakpress.net\/arhiva\/author\/bosniak\/\"}]}<\/script>\n<!-- \/ Yoast SEO Premium plugin. -->","yoast_head_json":{"title":"Umjesto govora prikazan film","robots":{"index":"index","follow":"follow","max-snippet":"max-snippet:-1","max-image-preview":"max-image-preview:large","max-video-preview":"max-video-preview:-1"},"canonical":"https:\/\/sandzakpress.net\/arhiva\/umjesto-govora-prikazan-film\/","og_locale":"bs_BA","og_type":"article","og_title":"Umjesto govora prikazan film","og_description":"Pljevlja \u2013 Sve\u010danom sjednicom odbora direktora Rudnika uglja u Pljevljima i uru\u010denjem nagrada najboljim radnicima i donacija ju\u010de je obilje\u017een Dan rudara Crne Gore i 58-godi\u0161njica postojanja pljevaljskog rudnika. Sve\u010danost u sali SO po\u010dela je intoniranjem himne. Predstavnike Privredne komore, dr\u017eavnih organa Crne Gore, EPCG, lokalne samouprave i ostale goste u ime odbora direktora Rudnika [&hellip;]","og_url":"https:\/\/sandzakpress.net\/arhiva\/umjesto-govora-prikazan-film\/","og_site_name":"Sand\u017eak PRESS","article_published_time":"2010-09-27T14:56:22+00:00","og_image":[{"width":300,"height":225,"url":"https:\/\/sandzakpress.net\/arhiva\/wp-content\/uploads\/2010\/09\/1285411790.jpg","type":"image\/jpeg"}],"author":"bosniak","twitter_card":"summary_large_image","twitter_misc":{"Written by":"bosniak","Est. reading time":"1 minuta"},"schema":{"@context":"https:\/\/schema.org","@graph":[{"@type":"Article","@id":"https:\/\/sandzakpress.net\/arhiva\/umjesto-govora-prikazan-film\/#article","isPartOf":{"@id":"https:\/\/sandzakpress.net\/arhiva\/umjesto-govora-prikazan-film\/"},"author":{"name":"bosniak","@id":"https:\/\/sandzakpress.net\/arhiva\/#\/schema\/person\/c8baee722073534b583ea7bdb2e36c02"},"headline":"Umjesto govora prikazan film","datePublished":"2010-09-27T14:56:22+00:00","mainEntityOfPage":{"@id":"https:\/\/sandzakpress.net\/arhiva\/umjesto-govora-prikazan-film\/"},"wordCount":262,"commentCount":0,"publisher":{"@id":"https:\/\/sandzakpress.net\/arhiva\/#\/schema\/person\/6e72b67d6e51910a1117b3b483ba20bd"},"image":{"@id":"https:\/\/sandzakpress.net\/arhiva\/umjesto-govora-prikazan-film\/#primaryimage"},"thumbnailUrl":"https:\/\/sandzakpress.net\/arhiva\/wp-content\/uploads\/2010\/09\/1285411790.jpg","articleSection":["Privreda","Pljevlja"],"inLanguage":"bs-BA","potentialAction":[{"@type":"CommentAction","name":"Comment","target":["https:\/\/sandzakpress.net\/arhiva\/umjesto-govora-prikazan-film\/#respond"]}]},{"@type":"WebPage","@id":"https:\/\/sandzakpress.net\/arhiva\/umjesto-govora-prikazan-film\/","url":"https:\/\/sandzakpress.net\/arhiva\/umjesto-govora-prikazan-film\/","name":"Umjesto govora prikazan film","isPartOf":{"@id":"https:\/\/sandzakpress.net\/arhiva\/#website"},"primaryImageOfPage":{"@id":"https:\/\/sandzakpress.net\/arhiva\/umjesto-govora-prikazan-film\/#primaryimage"},"image":{"@id":"https:\/\/sandzakpress.net\/arhiva\/umjesto-govora-prikazan-film\/#primaryimage"},"thumbnailUrl":"https:\/\/sandzakpress.net\/arhiva\/wp-content\/uploads\/2010\/09\/1285411790.jpg","datePublished":"2010-09-27T14:56:22+00:00","breadcrumb":{"@id":"https:\/\/sandzakpress.net\/arhiva\/umjesto-govora-prikazan-film\/#breadcrumb"},"inLanguage":"bs-BA","potentialAction":[{"@type":"ReadAction","target":["https:\/\/sandzakpress.net\/arhiva\/umjesto-govora-prikazan-film\/"]}]},{"@type":"ImageObject","inLanguage":"bs-BA","@id":"https:\/\/sandzakpress.net\/arhiva\/umjesto-govora-prikazan-film\/#primaryimage","url":"https:\/\/sandzakpress.net\/arhiva\/wp-content\/uploads\/2010\/09\/1285411790.jpg","contentUrl":"https:\/\/sandzakpress.net\/arhiva\/wp-content\/uploads\/2010\/09\/1285411790.jpg","width":300,"height":225},{"@type":"BreadcrumbList","@id":"https:\/\/sandzakpress.net\/arhiva\/umjesto-govora-prikazan-film\/#breadcrumb","itemListElement":[{"@type":"ListItem","position":1,"name":"Home","item":"https:\/\/sandzakpress.net\/arhiva\/"},{"@type":"ListItem","position":2,"name":"Umjesto govora prikazan film"}]},{"@type":"WebSite","@id":"https:\/\/sandzakpress.net\/arhiva\/#website","url":"https:\/\/sandzakpress.net\/arhiva\/","name":"Sand\u017eak PRESS","description":"Prve elektronske novine u Sand\u017eaku","publisher":{"@id":"https:\/\/sandzakpress.net\/arhiva\/#\/schema\/person\/6e72b67d6e51910a1117b3b483ba20bd"},"potentialAction":[{"@type":"SearchAction","target":{"@type":"EntryPoint","urlTemplate":"https:\/\/sandzakpress.net\/arhiva\/?s={search_term_string}"},"query-input":{"@type":"PropertyValueSpecification","valueRequired":true,"valueName":"search_term_string"}}],"inLanguage":"bs-BA"},{"@type":["Person","Organization"],"@id":"https:\/\/sandzakpress.net\/arhiva\/#\/schema\/person\/6e72b67d6e51910a1117b3b483ba20bd","name":"Kul","image":{"@type":"ImageObject","inLanguage":"bs-BA","@id":"https:\/\/sandzakpress.net\/arhiva\/#\/schema\/person\/image\/","url":"https:\/\/secure.gravatar.com\/avatar\/42263f39aa27ac04c43cab85c280eb2e?s=96&d=mm&r=pg","contentUrl":"https:\/\/secure.gravatar.com\/avatar\/42263f39aa27ac04c43cab85c280eb2e?s=96&d=mm&r=pg","caption":"Kul"},"logo":{"@id":"https:\/\/sandzakpress.net\/arhiva\/#\/schema\/person\/image\/"}},{"@type":"Person","@id":"https:\/\/sandzakpress.net\/arhiva\/#\/schema\/person\/c8baee722073534b583ea7bdb2e36c02","name":"bosniak","image":{"@type":"ImageObject","inLanguage":"bs-BA","@id":"https:\/\/sandzakpress.net\/arhiva\/#\/schema\/person\/image\/","url":"https:\/\/secure.gravatar.com\/avatar\/a04fd330bfe3a36a72a0ad4a6d89fca7?s=96&d=mm&r=pg","contentUrl":"https:\/\/secure.gravatar.com\/avatar\/a04fd330bfe3a36a72a0ad4a6d89fca7?s=96&d=mm&r=pg","caption":"bosniak"},"url":"https:\/\/sandzakpress.net\/arhiva\/author\/bosniak\/"}]}},"_links":{"self":[{"href":"https:\/\/sandzakpress.net\/arhiva\/wp-json\/wp\/v2\/posts\/8670"}],"collection":[{"href":"https:\/\/sandzakpress.net\/arhiva\/wp-json\/wp\/v2\/posts"}],"about":[{"href":"https:\/\/sandzakpress.net\/arhiva\/wp-json\/wp\/v2\/types\/post"}],"author":[{"embeddable":true,"href":"https:\/\/sandzakpress.net\/arhiva\/wp-json\/wp\/v2\/users\/83"}],"replies":[{"embeddable":true,"href":"https:\/\/sandzakpress.net\/arhiva\/wp-json\/wp\/v2\/comments?post=8670"}],"version-history":[{"count":0,"href":"https:\/\/sandzakpress.net\/arhiva\/wp-json\/wp\/v2\/posts\/8670\/revisions"}],"wp:featuredmedia":[{"embeddable":true,"href":"https:\/\/sandzakpress.net\/arhiva\/wp-json\/wp\/v2\/media\/8671"}],"wp:attachment":[{"href":"https:\/\/sandzakpress.net\/arhiva\/wp-json\/wp\/v2\/media?parent=8670"}],"wp:term":[{"taxonomy":"category","embeddable":true,"href":"https:\/\/sandzakpress.net\/arhiva\/wp-json\/wp\/v2\/categories?post=8670"},{"taxonomy":"post_tag","embeddable":true,"href":"https:\/\/sandzakpress.net\/arhiva\/wp-json\/wp\/v2\/tags?post=8670"}],"curies":[{"name":"wp","href":"https:\/\/api.w.org\/{rel}","templated":true}]}}