{"id":86635,"date":"2013-08-30T12:11:58","date_gmt":"2013-08-30T10:11:58","guid":{"rendered":"https:\/\/sandzakpress.net\/arhiva\/?p=86635"},"modified":"2013-08-30T17:17:38","modified_gmt":"2013-08-30T15:17:38","slug":"nakon-sto-mu-je-ubijena-cerka-uhapsen-jos-jedan-lider-muslimanske-brace","status":"publish","type":"post","link":"https:\/\/sandzakpress.net\/arhiva\/nakon-sto-mu-je-ubijena-cerka-uhapsen-jos-jedan-lider-muslimanske-brace\/","title":{"rendered":"Nakon \u0161to mu je ubijena \u0107erka, uhap\u0161en jo\u0161 jedan lider Muslimanske bra\u0107e"},"content":{"rendered":"<p><strong><img loading=\"lazy\" decoding=\"async\" class=\"alignleft\" alt=\"\" src=\"http:\/\/english.ahram.org.eg\/Media\/News\/2011\/11\/21\/2011-634574931381148798-114.jpg\" width=\"368\" height=\"220\" \/>Egipat &#8211; Egipatske snage sigurnosti su u oblasti Giza uhapsile lidera Muslimanske bra\u0107e Mohameda el-Beltagya, saop\u0107ilo je egipatsko Ministarstvo unutra\u0161njih poslova.<\/strong><\/p>\n<p>Beltagy je uhap\u0161en u selu u blizini Gize.<\/p>\n<p>Beltagy je ranije, u videosnimku objavljenom na Al Jazeeri, poru\u010dio pristalicama ovog pokreta da ne posustaju i da zadr\u017ee strpljenje u borbi protiv vojne vladavine u zemlji.<\/p>\n<p>&nbsp;<\/p>\n<div>\n<div>\n<div id=\"AVPlayerID_82544c17_280864920\"><iframe loading=\"lazy\" title=\"JoomlaWorks AllVideos Player\" src=\"http:\/\/www.youtube.com\/embed\/o7BI2sLP97w?rel=0&amp;fs=1&amp;wmode=transparent\" height=\"315\" width=\"560\" allowfullscreen=\"\" frameborder=\"0\"><\/iframe><\/div>\n<\/div>\n<\/div>\n<p>&nbsp;<\/p>\n<p><strong>Vlada ne razmatra zabranu<\/strong><\/p>\n<p>U me\u0111uvremenu, privremeni premijer Hazem el-Beblawi je izjavio da Vlada ne razmi\u0161lja zabraniti Muslimansku bra\u0107u.<\/p>\n<p>&#8220;Ne smatramo nu\u017enim zabranjivanje Muslimanske bra\u0107e niti njihovo udaljavanje iz politi\u010dkog procesa. Vlada \u0107e i dalje pratiti aktivnosti Pokreta kao i stranke &#8216;Slobode i pravde&#8217; nastale iz njega&#8221;, ka\u017ee Hazem al-Beblawi , privremeni egipatski premijer.<\/p>\n<p>Iako se u lokalnim medijima izjava Beblawija smatra znakom dobre volje i poku\u0161aj stabiliziranja stanja u zemlji, analiti\u010dari ne dijele takvo mi\u0161ljenje.<\/p>\n<p>&#8220;Istinski razgovori mogu biti samo izme\u0111u generala [Abdul Fataha] al-Sisija i Muslimanske bra\u0107e, a nikako izme\u0111u Hazema Beblawija i Bra\u0107e. Beblawi nije taj koji je oteo, pritvorio i svrgnuo s vlasti predsjednika dr\u017eave. On je do\u0161ao nakon svih ovih doga\u0111anja&#8221;, isti\u010de Mohammed El-Gawady, politi\u010dki analiti\u010dar.<\/p>\n<p><strong>Nastavak progorna<\/strong><\/p>\n<p>S druge strane, sigurnosne snage nastavljaju sa hap\u0161enjima i progonima politi\u010dkih oponenata. Issam al-Arian, jedan od rijetkih visokopozicioniranih predstavnika Muslimanske bra\u0107e, koji jo\u0161 nije pao u ruke snaga sigurnosti, obratio se javnosti. Pozvao je na nastavak demonstracija protiv vojnog udara.<\/p>\n<p>&#8220;Po\u0161tovani Egip\u0107ani, kao ste to radili prije u\u010dinite to i 30. augusta i nastavite napore i borbu na miran na\u010din. Poka\u017eite svijetu da smo sposobni nastaviti sa ostvarivanjem ciljeva na\u0161e plemenite revolucije iz januara 2011. godine. Nastavite se zalagati za slobodu, plemenite vrijednosti, \u010dast i dru\u0161tvenu pravdu&#8221;, poziva al-Arian.<\/p>\n<p>Demonstracije i protestni mar\u0161evi nisu ni prestajali od trenutka vojnog udara. Najmasovnija okupljanja su u ve\u010dernjim satima.<\/p>\n<p>Iz Koalicije za povratak legitimiteta za sutra su najavili masovne demonstracije \u0161irom zemlje.<\/p>\n<p><em>Izvor: Al Jazeera<\/em><\/p>\n","protected":false},"excerpt":{"rendered":"<p>Egipat &#8211; Egipatske snage sigurnosti su u oblasti Giza uhapsile lidera Muslimanske bra\u0107e Mohameda el-Beltagya, saop\u0107ilo je egipatsko Ministarstvo unutra\u0161njih poslova. Beltagy je uhap\u0161en u selu u blizini Gize. Beltagy je ranije, u videosnimku objavljenom na Al Jazeeri, poru\u010dio pristalicama ovog pokreta da ne posustaju i da zadr\u017ee strpljenje u borbi protiv vojne vladavine u [&hellip;]<\/p>\n","protected":false},"author":83,"featured_media":86636,"comment_status":"open","ping_status":"open","sticky":false,"template":"","format":"standard","meta":{"footnotes":""},"categories":[9,8957],"tags":[10228],"class_list":{"0":"post-86635","1":"post","2":"type-post","3":"status-publish","4":"format-standard","5":"has-post-thumbnail","7":"category-svijet","8":"category-vijesti-dana","9":"tag-egipat"},"yoast_head":"<!-- This site is optimized with the Yoast SEO Premium plugin v23.1 (Yoast SEO v24.9) - https:\/\/yoast.com\/wordpress\/plugins\/seo\/ -->\n<title>Nakon \u0161to mu je ubijena \u0107erka, uhap\u0161en jo\u0161 jedan lider Muslimanske bra\u0107e<\/title>\n<meta name=\"robots\" content=\"index, follow, max-snippet:-1, max-image-preview:large, max-video-preview:-1\" \/>\n<link rel=\"canonical\" href=\"https:\/\/sandzakpress.net\/arhiva\/nakon-sto-mu-je-ubijena-cerka-uhapsen-jos-jedan-lider-muslimanske-brace\/\" \/>\n<meta property=\"og:locale\" content=\"bs_BA\" \/>\n<meta property=\"og:type\" content=\"article\" \/>\n<meta property=\"og:title\" content=\"Nakon \u0161to mu je ubijena \u0107erka, uhap\u0161en jo\u0161 jedan lider Muslimanske bra\u0107e\" \/>\n<meta property=\"og:description\" content=\"Egipat &#8211; Egipatske snage sigurnosti su u oblasti Giza uhapsile lidera Muslimanske bra\u0107e Mohameda el-Beltagya, saop\u0107ilo je egipatsko Ministarstvo unutra\u0161njih poslova. Beltagy je uhap\u0161en u selu u blizini Gize. Beltagy je ranije, u videosnimku objavljenom na Al Jazeeri, poru\u010dio pristalicama ovog pokreta da ne posustaju i da zadr\u017ee strpljenje u borbi protiv vojne vladavine u [&hellip;]\" \/>\n<meta property=\"og:url\" content=\"https:\/\/sandzakpress.net\/arhiva\/nakon-sto-mu-je-ubijena-cerka-uhapsen-jos-jedan-lider-muslimanske-brace\/\" \/>\n<meta property=\"og:site_name\" content=\"Sand\u017eak PRESS\" \/>\n<meta property=\"article:published_time\" content=\"2013-08-30T10:11:58+00:00\" \/>\n<meta property=\"article:modified_time\" content=\"2013-08-30T15:17:38+00:00\" \/>\n<meta property=\"og:image\" content=\"https:\/\/sandzakpress.net\/arhiva\/wp-content\/uploads\/2013\/08\/2011-634574931381148798-114.jpg\" \/>\n\t<meta property=\"og:image:width\" content=\"460\" \/>\n\t<meta property=\"og:image:height\" content=\"275\" \/>\n\t<meta property=\"og:image:type\" content=\"image\/jpeg\" \/>\n<meta name=\"author\" content=\"bosniak\" \/>\n<meta name=\"twitter:card\" content=\"summary_large_image\" \/>\n<meta name=\"twitter:label1\" content=\"Written by\" \/>\n\t<meta name=\"twitter:data1\" content=\"bosniak\" \/>\n\t<meta name=\"twitter:label2\" content=\"Est. reading time\" \/>\n\t<meta name=\"twitter:data2\" content=\"2 minute\" \/>\n<script type=\"application\/ld+json\" class=\"yoast-schema-graph\">{\"@context\":\"https:\/\/schema.org\",\"@graph\":[{\"@type\":\"Article\",\"@id\":\"https:\/\/sandzakpress.net\/arhiva\/nakon-sto-mu-je-ubijena-cerka-uhapsen-jos-jedan-lider-muslimanske-brace\/#article\",\"isPartOf\":{\"@id\":\"https:\/\/sandzakpress.net\/arhiva\/nakon-sto-mu-je-ubijena-cerka-uhapsen-jos-jedan-lider-muslimanske-brace\/\"},\"author\":{\"name\":\"bosniak\",\"@id\":\"https:\/\/sandzakpress.net\/arhiva\/#\/schema\/person\/c8baee722073534b583ea7bdb2e36c02\"},\"headline\":\"Nakon \u0161to mu je ubijena \u0107erka, uhap\u0161en jo\u0161 jedan lider Muslimanske bra\u0107e\",\"datePublished\":\"2013-08-30T10:11:58+00:00\",\"dateModified\":\"2013-08-30T15:17:38+00:00\",\"mainEntityOfPage\":{\"@id\":\"https:\/\/sandzakpress.net\/arhiva\/nakon-sto-mu-je-ubijena-cerka-uhapsen-jos-jedan-lider-muslimanske-brace\/\"},\"wordCount\":352,\"commentCount\":0,\"publisher\":{\"@id\":\"https:\/\/sandzakpress.net\/arhiva\/#\/schema\/person\/6e72b67d6e51910a1117b3b483ba20bd\"},\"image\":{\"@id\":\"https:\/\/sandzakpress.net\/arhiva\/nakon-sto-mu-je-ubijena-cerka-uhapsen-jos-jedan-lider-muslimanske-brace\/#primaryimage\"},\"thumbnailUrl\":\"https:\/\/sandzakpress.net\/arhiva\/wp-content\/uploads\/2013\/08\/2011-634574931381148798-114.jpg\",\"keywords\":[\"Egipat\"],\"articleSection\":[\"Svijet\",\"VIJESTI DANA\"],\"inLanguage\":\"bs-BA\",\"potentialAction\":[{\"@type\":\"CommentAction\",\"name\":\"Comment\",\"target\":[\"https:\/\/sandzakpress.net\/arhiva\/nakon-sto-mu-je-ubijena-cerka-uhapsen-jos-jedan-lider-muslimanske-brace\/#respond\"]}]},{\"@type\":\"WebPage\",\"@id\":\"https:\/\/sandzakpress.net\/arhiva\/nakon-sto-mu-je-ubijena-cerka-uhapsen-jos-jedan-lider-muslimanske-brace\/\",\"url\":\"https:\/\/sandzakpress.net\/arhiva\/nakon-sto-mu-je-ubijena-cerka-uhapsen-jos-jedan-lider-muslimanske-brace\/\",\"name\":\"Nakon \u0161to mu je ubijena \u0107erka, uhap\u0161en jo\u0161 jedan lider Muslimanske bra\u0107e\",\"isPartOf\":{\"@id\":\"https:\/\/sandzakpress.net\/arhiva\/#website\"},\"primaryImageOfPage\":{\"@id\":\"https:\/\/sandzakpress.net\/arhiva\/nakon-sto-mu-je-ubijena-cerka-uhapsen-jos-jedan-lider-muslimanske-brace\/#primaryimage\"},\"image\":{\"@id\":\"https:\/\/sandzakpress.net\/arhiva\/nakon-sto-mu-je-ubijena-cerka-uhapsen-jos-jedan-lider-muslimanske-brace\/#primaryimage\"},\"thumbnailUrl\":\"https:\/\/sandzakpress.net\/arhiva\/wp-content\/uploads\/2013\/08\/2011-634574931381148798-114.jpg\",\"datePublished\":\"2013-08-30T10:11:58+00:00\",\"dateModified\":\"2013-08-30T15:17:38+00:00\",\"breadcrumb\":{\"@id\":\"https:\/\/sandzakpress.net\/arhiva\/nakon-sto-mu-je-ubijena-cerka-uhapsen-jos-jedan-lider-muslimanske-brace\/#breadcrumb\"},\"inLanguage\":\"bs-BA\",\"potentialAction\":[{\"@type\":\"ReadAction\",\"target\":[\"https:\/\/sandzakpress.net\/arhiva\/nakon-sto-mu-je-ubijena-cerka-uhapsen-jos-jedan-lider-muslimanske-brace\/\"]}]},{\"@type\":\"ImageObject\",\"inLanguage\":\"bs-BA\",\"@id\":\"https:\/\/sandzakpress.net\/arhiva\/nakon-sto-mu-je-ubijena-cerka-uhapsen-jos-jedan-lider-muslimanske-brace\/#primaryimage\",\"url\":\"https:\/\/sandzakpress.net\/arhiva\/wp-content\/uploads\/2013\/08\/2011-634574931381148798-114.jpg\",\"contentUrl\":\"https:\/\/sandzakpress.net\/arhiva\/wp-content\/uploads\/2013\/08\/2011-634574931381148798-114.jpg\",\"width\":460,\"height\":275},{\"@type\":\"BreadcrumbList\",\"@id\":\"https:\/\/sandzakpress.net\/arhiva\/nakon-sto-mu-je-ubijena-cerka-uhapsen-jos-jedan-lider-muslimanske-brace\/#breadcrumb\",\"itemListElement\":[{\"@type\":\"ListItem\",\"position\":1,\"name\":\"Home\",\"item\":\"https:\/\/sandzakpress.net\/arhiva\/\"},{\"@type\":\"ListItem\",\"position\":2,\"name\":\"Nakon \u0161to mu je ubijena \u0107erka, uhap\u0161en jo\u0161 jedan lider Muslimanske bra\u0107e\"}]},{\"@type\":\"WebSite\",\"@id\":\"https:\/\/sandzakpress.net\/arhiva\/#website\",\"url\":\"https:\/\/sandzakpress.net\/arhiva\/\",\"name\":\"Sand\u017eak PRESS\",\"description\":\"Prve elektronske novine u Sand\u017eaku\",\"publisher\":{\"@id\":\"https:\/\/sandzakpress.net\/arhiva\/#\/schema\/person\/6e72b67d6e51910a1117b3b483ba20bd\"},\"potentialAction\":[{\"@type\":\"SearchAction\",\"target\":{\"@type\":\"EntryPoint\",\"urlTemplate\":\"https:\/\/sandzakpress.net\/arhiva\/?s={search_term_string}\"},\"query-input\":{\"@type\":\"PropertyValueSpecification\",\"valueRequired\":true,\"valueName\":\"search_term_string\"}}],\"inLanguage\":\"bs-BA\"},{\"@type\":[\"Person\",\"Organization\"],\"@id\":\"https:\/\/sandzakpress.net\/arhiva\/#\/schema\/person\/6e72b67d6e51910a1117b3b483ba20bd\",\"name\":\"Kul\",\"image\":{\"@type\":\"ImageObject\",\"inLanguage\":\"bs-BA\",\"@id\":\"https:\/\/sandzakpress.net\/arhiva\/#\/schema\/person\/image\/\",\"url\":\"https:\/\/secure.gravatar.com\/avatar\/42263f39aa27ac04c43cab85c280eb2e?s=96&d=mm&r=pg\",\"contentUrl\":\"https:\/\/secure.gravatar.com\/avatar\/42263f39aa27ac04c43cab85c280eb2e?s=96&d=mm&r=pg\",\"caption\":\"Kul\"},\"logo\":{\"@id\":\"https:\/\/sandzakpress.net\/arhiva\/#\/schema\/person\/image\/\"}},{\"@type\":\"Person\",\"@id\":\"https:\/\/sandzakpress.net\/arhiva\/#\/schema\/person\/c8baee722073534b583ea7bdb2e36c02\",\"name\":\"bosniak\",\"image\":{\"@type\":\"ImageObject\",\"inLanguage\":\"bs-BA\",\"@id\":\"https:\/\/sandzakpress.net\/arhiva\/#\/schema\/person\/image\/\",\"url\":\"https:\/\/secure.gravatar.com\/avatar\/a04fd330bfe3a36a72a0ad4a6d89fca7?s=96&d=mm&r=pg\",\"contentUrl\":\"https:\/\/secure.gravatar.com\/avatar\/a04fd330bfe3a36a72a0ad4a6d89fca7?s=96&d=mm&r=pg\",\"caption\":\"bosniak\"},\"url\":\"https:\/\/sandzakpress.net\/arhiva\/author\/bosniak\/\"}]}<\/script>\n<!-- \/ Yoast SEO Premium plugin. -->","yoast_head_json":{"title":"Nakon \u0161to mu je ubijena \u0107erka, uhap\u0161en jo\u0161 jedan lider Muslimanske bra\u0107e","robots":{"index":"index","follow":"follow","max-snippet":"max-snippet:-1","max-image-preview":"max-image-preview:large","max-video-preview":"max-video-preview:-1"},"canonical":"https:\/\/sandzakpress.net\/arhiva\/nakon-sto-mu-je-ubijena-cerka-uhapsen-jos-jedan-lider-muslimanske-brace\/","og_locale":"bs_BA","og_type":"article","og_title":"Nakon \u0161to mu je ubijena \u0107erka, uhap\u0161en jo\u0161 jedan lider Muslimanske bra\u0107e","og_description":"Egipat &#8211; Egipatske snage sigurnosti su u oblasti Giza uhapsile lidera Muslimanske bra\u0107e Mohameda el-Beltagya, saop\u0107ilo je egipatsko Ministarstvo unutra\u0161njih poslova. Beltagy je uhap\u0161en u selu u blizini Gize. Beltagy je ranije, u videosnimku objavljenom na Al Jazeeri, poru\u010dio pristalicama ovog pokreta da ne posustaju i da zadr\u017ee strpljenje u borbi protiv vojne vladavine u [&hellip;]","og_url":"https:\/\/sandzakpress.net\/arhiva\/nakon-sto-mu-je-ubijena-cerka-uhapsen-jos-jedan-lider-muslimanske-brace\/","og_site_name":"Sand\u017eak PRESS","article_published_time":"2013-08-30T10:11:58+00:00","article_modified_time":"2013-08-30T15:17:38+00:00","og_image":[{"width":460,"height":275,"url":"https:\/\/sandzakpress.net\/arhiva\/wp-content\/uploads\/2013\/08\/2011-634574931381148798-114.jpg","type":"image\/jpeg"}],"author":"bosniak","twitter_card":"summary_large_image","twitter_misc":{"Written by":"bosniak","Est. reading time":"2 minute"},"schema":{"@context":"https:\/\/schema.org","@graph":[{"@type":"Article","@id":"https:\/\/sandzakpress.net\/arhiva\/nakon-sto-mu-je-ubijena-cerka-uhapsen-jos-jedan-lider-muslimanske-brace\/#article","isPartOf":{"@id":"https:\/\/sandzakpress.net\/arhiva\/nakon-sto-mu-je-ubijena-cerka-uhapsen-jos-jedan-lider-muslimanske-brace\/"},"author":{"name":"bosniak","@id":"https:\/\/sandzakpress.net\/arhiva\/#\/schema\/person\/c8baee722073534b583ea7bdb2e36c02"},"headline":"Nakon \u0161to mu je ubijena \u0107erka, uhap\u0161en jo\u0161 jedan lider Muslimanske bra\u0107e","datePublished":"2013-08-30T10:11:58+00:00","dateModified":"2013-08-30T15:17:38+00:00","mainEntityOfPage":{"@id":"https:\/\/sandzakpress.net\/arhiva\/nakon-sto-mu-je-ubijena-cerka-uhapsen-jos-jedan-lider-muslimanske-brace\/"},"wordCount":352,"commentCount":0,"publisher":{"@id":"https:\/\/sandzakpress.net\/arhiva\/#\/schema\/person\/6e72b67d6e51910a1117b3b483ba20bd"},"image":{"@id":"https:\/\/sandzakpress.net\/arhiva\/nakon-sto-mu-je-ubijena-cerka-uhapsen-jos-jedan-lider-muslimanske-brace\/#primaryimage"},"thumbnailUrl":"https:\/\/sandzakpress.net\/arhiva\/wp-content\/uploads\/2013\/08\/2011-634574931381148798-114.jpg","keywords":["Egipat"],"articleSection":["Svijet","VIJESTI DANA"],"inLanguage":"bs-BA","potentialAction":[{"@type":"CommentAction","name":"Comment","target":["https:\/\/sandzakpress.net\/arhiva\/nakon-sto-mu-je-ubijena-cerka-uhapsen-jos-jedan-lider-muslimanske-brace\/#respond"]}]},{"@type":"WebPage","@id":"https:\/\/sandzakpress.net\/arhiva\/nakon-sto-mu-je-ubijena-cerka-uhapsen-jos-jedan-lider-muslimanske-brace\/","url":"https:\/\/sandzakpress.net\/arhiva\/nakon-sto-mu-je-ubijena-cerka-uhapsen-jos-jedan-lider-muslimanske-brace\/","name":"Nakon \u0161to mu je ubijena \u0107erka, uhap\u0161en jo\u0161 jedan lider Muslimanske bra\u0107e","isPartOf":{"@id":"https:\/\/sandzakpress.net\/arhiva\/#website"},"primaryImageOfPage":{"@id":"https:\/\/sandzakpress.net\/arhiva\/nakon-sto-mu-je-ubijena-cerka-uhapsen-jos-jedan-lider-muslimanske-brace\/#primaryimage"},"image":{"@id":"https:\/\/sandzakpress.net\/arhiva\/nakon-sto-mu-je-ubijena-cerka-uhapsen-jos-jedan-lider-muslimanske-brace\/#primaryimage"},"thumbnailUrl":"https:\/\/sandzakpress.net\/arhiva\/wp-content\/uploads\/2013\/08\/2011-634574931381148798-114.jpg","datePublished":"2013-08-30T10:11:58+00:00","dateModified":"2013-08-30T15:17:38+00:00","breadcrumb":{"@id":"https:\/\/sandzakpress.net\/arhiva\/nakon-sto-mu-je-ubijena-cerka-uhapsen-jos-jedan-lider-muslimanske-brace\/#breadcrumb"},"inLanguage":"bs-BA","potentialAction":[{"@type":"ReadAction","target":["https:\/\/sandzakpress.net\/arhiva\/nakon-sto-mu-je-ubijena-cerka-uhapsen-jos-jedan-lider-muslimanske-brace\/"]}]},{"@type":"ImageObject","inLanguage":"bs-BA","@id":"https:\/\/sandzakpress.net\/arhiva\/nakon-sto-mu-je-ubijena-cerka-uhapsen-jos-jedan-lider-muslimanske-brace\/#primaryimage","url":"https:\/\/sandzakpress.net\/arhiva\/wp-content\/uploads\/2013\/08\/2011-634574931381148798-114.jpg","contentUrl":"https:\/\/sandzakpress.net\/arhiva\/wp-content\/uploads\/2013\/08\/2011-634574931381148798-114.jpg","width":460,"height":275},{"@type":"BreadcrumbList","@id":"https:\/\/sandzakpress.net\/arhiva\/nakon-sto-mu-je-ubijena-cerka-uhapsen-jos-jedan-lider-muslimanske-brace\/#breadcrumb","itemListElement":[{"@type":"ListItem","position":1,"name":"Home","item":"https:\/\/sandzakpress.net\/arhiva\/"},{"@type":"ListItem","position":2,"name":"Nakon \u0161to mu je ubijena \u0107erka, uhap\u0161en jo\u0161 jedan lider Muslimanske bra\u0107e"}]},{"@type":"WebSite","@id":"https:\/\/sandzakpress.net\/arhiva\/#website","url":"https:\/\/sandzakpress.net\/arhiva\/","name":"Sand\u017eak PRESS","description":"Prve elektronske novine u Sand\u017eaku","publisher":{"@id":"https:\/\/sandzakpress.net\/arhiva\/#\/schema\/person\/6e72b67d6e51910a1117b3b483ba20bd"},"potentialAction":[{"@type":"SearchAction","target":{"@type":"EntryPoint","urlTemplate":"https:\/\/sandzakpress.net\/arhiva\/?s={search_term_string}"},"query-input":{"@type":"PropertyValueSpecification","valueRequired":true,"valueName":"search_term_string"}}],"inLanguage":"bs-BA"},{"@type":["Person","Organization"],"@id":"https:\/\/sandzakpress.net\/arhiva\/#\/schema\/person\/6e72b67d6e51910a1117b3b483ba20bd","name":"Kul","image":{"@type":"ImageObject","inLanguage":"bs-BA","@id":"https:\/\/sandzakpress.net\/arhiva\/#\/schema\/person\/image\/","url":"https:\/\/secure.gravatar.com\/avatar\/42263f39aa27ac04c43cab85c280eb2e?s=96&d=mm&r=pg","contentUrl":"https:\/\/secure.gravatar.com\/avatar\/42263f39aa27ac04c43cab85c280eb2e?s=96&d=mm&r=pg","caption":"Kul"},"logo":{"@id":"https:\/\/sandzakpress.net\/arhiva\/#\/schema\/person\/image\/"}},{"@type":"Person","@id":"https:\/\/sandzakpress.net\/arhiva\/#\/schema\/person\/c8baee722073534b583ea7bdb2e36c02","name":"bosniak","image":{"@type":"ImageObject","inLanguage":"bs-BA","@id":"https:\/\/sandzakpress.net\/arhiva\/#\/schema\/person\/image\/","url":"https:\/\/secure.gravatar.com\/avatar\/a04fd330bfe3a36a72a0ad4a6d89fca7?s=96&d=mm&r=pg","contentUrl":"https:\/\/secure.gravatar.com\/avatar\/a04fd330bfe3a36a72a0ad4a6d89fca7?s=96&d=mm&r=pg","caption":"bosniak"},"url":"https:\/\/sandzakpress.net\/arhiva\/author\/bosniak\/"}]}},"_links":{"self":[{"href":"https:\/\/sandzakpress.net\/arhiva\/wp-json\/wp\/v2\/posts\/86635"}],"collection":[{"href":"https:\/\/sandzakpress.net\/arhiva\/wp-json\/wp\/v2\/posts"}],"about":[{"href":"https:\/\/sandzakpress.net\/arhiva\/wp-json\/wp\/v2\/types\/post"}],"author":[{"embeddable":true,"href":"https:\/\/sandzakpress.net\/arhiva\/wp-json\/wp\/v2\/users\/83"}],"replies":[{"embeddable":true,"href":"https:\/\/sandzakpress.net\/arhiva\/wp-json\/wp\/v2\/comments?post=86635"}],"version-history":[{"count":0,"href":"https:\/\/sandzakpress.net\/arhiva\/wp-json\/wp\/v2\/posts\/86635\/revisions"}],"wp:featuredmedia":[{"embeddable":true,"href":"https:\/\/sandzakpress.net\/arhiva\/wp-json\/wp\/v2\/media\/86636"}],"wp:attachment":[{"href":"https:\/\/sandzakpress.net\/arhiva\/wp-json\/wp\/v2\/media?parent=86635"}],"wp:term":[{"taxonomy":"category","embeddable":true,"href":"https:\/\/sandzakpress.net\/arhiva\/wp-json\/wp\/v2\/categories?post=86635"},{"taxonomy":"post_tag","embeddable":true,"href":"https:\/\/sandzakpress.net\/arhiva\/wp-json\/wp\/v2\/tags?post=86635"}],"curies":[{"name":"wp","href":"https:\/\/api.w.org\/{rel}","templated":true}]}}