{"id":86623,"date":"2013-08-30T16:21:16","date_gmt":"2013-08-30T14:21:16","guid":{"rendered":"https:\/\/sandzakpress.net\/arhiva\/?p=86623"},"modified":"2013-08-30T16:21:16","modified_gmt":"2013-08-30T14:21:16","slug":"smutnje-jednookih-dedzala","status":"publish","type":"post","link":"https:\/\/sandzakpress.net\/arhiva\/smutnje-jednookih-dedzala\/","title":{"rendered":"Smutnje jednookih ded\u017eala"},"content":{"rendered":"<p style=\"text-align: center;\"><img loading=\"lazy\" decoding=\"async\" class=\"aligncenter\" alt=\"\" src=\"http:\/\/ammaara.files.wordpress.com\/2012\/09\/dajjal1.jpg\" width=\"576\" height=\"477\" \/><\/p>\n<p>Prema brojnim predajama i sahih hadisima, jedan od doga\u0111aja, tj. predznaka Sudnjeg Dana bi\u0107e i pojava Ded\u017eala. Ded\u017eal \u0107e u ahiri zemanu (vremenu pred Kijametski dan) praviti tako velike smutnje po cijeloj planeti, da \u0107e se to smatrati najve\u0107im isku\u0161enjem za pripadnike Ummeta.<\/p>\n<figure style=\"width: 300px\" class=\"wp-caption alignleft\"><img loading=\"lazy\" decoding=\"async\" alt=\"\" src=\"https:\/\/sandzakpress.net\/arhiva\/wp-content\/uploads\/2013\/05\/mersada-nurudina-agovic-300x225.jpg\" width=\"300\" height=\"225\" \/><figcaption class=\"wp-caption-text\">Autor: Mersada Nuruddina Agovi\u0107<\/figcaption><\/figure>\n<p>Ebu Umame el-Bahili prenosi da je Poslanik s.a.v.s. rekao: ,,Nije bilo, niti \u0107e biti gore nevolje za ljude od vremena Adema a.s. do kijametskog Dana, kao \u0161to je smutnja Ded\u017ealova.\u2019\u2019 Zna\u010denje Ded\u017ealovog imena, u prijevodu sa arapskog jezika je \u2018\u2019la\u017eac, smutljivac, obmanjiva\u010d, onaj koji istinu predstavlja kao la\u017e, a la\u017e kao istinu\u2019\u2019.<\/p>\n<p>Na osnovu predaja koje opisuju Ded\u017ealove osobine, vrste nadnaravne mo\u0107i koja mu je data da bi se njome isku\u0161ali ljudi, pokornost \u0161ejtana prema njemu i pogubne posljedice njegovog djelovanja, \u010dovjek bi se mogao zapitati: je li Ded\u017eal \u010dovjek, d\u017ein ili metafora?<\/p>\n<p>Muslim u svom Sahihu, preko Nuvas ibn Sem\u2019ana, bilje\u017ei hadis: ,,Spomenuo je Poslanik s.a.v.s. jednog jutra Ded\u017eala, pa je spu\u0161tao i podizao glas zbog njega, tako da smo mi pomislili da je on izme\u0111u skupine palmi nadomak Medine. Po\u0161to smo mu pri\u0161li, upitao je: ,,\u0160ta vam je?\u2019\u2019 \u00a0Rekli smo: ,,Allahov Poslani\u010de, spomenuo si Ded\u017eala jutros, pa si zbog njega spu\u0161tao i podizao glas, tako da smo mislili da se nalazi u palmoviku!\u2019\u2019 Rekao je: ,,Mimo Ded\u017eala se bojim za vas\u2026 Ako on izi\u0111e, a ja budem me\u0111u vama, ja \u0107u vas odbraniti od njega. A ako izi\u0111e, a ja ne budem bio me\u0111u vama, svako \u0107e od vas braniti sam sebe. Allah je Za\u0161titnik svakog muslimana. \u2026Ded\u017eal je mladi\u0107, kratke kovrd\u017eave kose, slijep u desno oko. Onaj od vas ko ga do\u017eivi, nek u odbranu od njega prou\u010di po\u010detne ajete sure El-Kahf. On \u0107e izi\u0107i iz jednog mjesta izme\u0111u \u0160ama i Iraka, pa \u0107e \u010diniti nered i lijevo i desno. A vi, Allahovi robovi, ostanite postojani!&#8230;\u2019\u2019<\/p>\n<p><b>Ded\u017eal \u0107e ljudima prikazivati dobro zlim, a zlo dobrim<\/b><\/p>\n<p>Ded\u017eal \u0107e obi\u0107i cijeli svijet i jedina mjesta gdje ne\u0107e u\u0107i su harem Kabe i harem Poslanikove d\u017eamije u Medini. Njega \u0107e pred Kijametski dan ubiti Allahov poslanik Isa a.s. Prenosi se od Mud\u017emea ibn D\u017earije: ,,\u010cuo sam Allahovog Poslanika s.a.v.s. da je rekao: ,,Isa a.s., sin Merjemin, ubit \u0107e Ded\u017eala na vratima Ludda.\u2019\u2019 (Tirmizi)<\/p>\n<p>U drugoj se predaji navodi da \u0107e mu Isa a.s. re\u0107i: ,,Dugujem ti udarac kojim me ne\u0107e\u0161 prete\u0107i\u2019\u2019, pa \u0107e ga sti\u0107i kod isto\u010dnih vrata Ludda i ubit \u0107e ga.<\/p>\n<p>Prema predajama, Ded\u017eal \u0107e sprovoditi svoju smutnju preko \u0161ejtana prokletog i d\u017eina koji \u0107e uzimati ljudski oblik. Ljudima \u0107e prikazivati dobro zlim, a zlo dobrim. ,,Boravit \u0107e na Zemlji 40 dana, od kojih je prvi dan kao jedan dan, drugi dan kao sedmica, tre\u0107i dan kao mjesec, \u010detvrti dan kao godina i ostali dani kao \u2018na\u0161i\u2019 dani.\u2019\u2019 (Muslim)<\/p>\n<p>Ded\u017eal \u0107e ljudima prikazivati slike obrnutih vrijednosti D\u017eenneta i D\u017eehennema. On \u0107e sa sobom donijeti \u2018\u2019rijeku vatre\u2019\u2019 koja bolno pe\u010de i \u2018\u2019rijeku hladne vode\u2019\u2019 koju \u0107e biti u\u017eitak piti. Onaj ko bude u bolu izgorio u Ded\u017ealovoj vatri, dospje\u0107e u D\u017eennet, a onaj ko se bude nasla\u0111ivao Ded\u017ealovom \u2018hladnom vodom\u2019 zaslu\u017ei\u0107e D\u017eehennem. (Mutefekun alejhi)<\/p>\n<p>U tom smislu, kazali bismo da Ded\u017ealu danas najvi\u0161e sli\u010de islamofobi\u010dni mediji u Bosni i Hercegovini (ali i globalno). Ono \u0161to ovi mediji predstavljaju danas masama kao &#8221;pitku vodu&#8221;, iza toga se bez sumnje krije d\u017eehennemska vatra, a ono \u0161to predstavljaju kao vatru, sigurno je pitka i hladna voda.<\/p>\n<p>Zbog toga bi trebali svakodnevno da se utje\u010demo Allahu od ovakvih medija i njihove smutnje, kao \u0161to se Poslanik s.a.v.s \u00a0svakodnevno utjecao Allahu od smutnje Ded\u017eala.<\/p>\n<p>Islamofobi\u010dni mediji koje smo spomenuli sli\u010de Ded\u017ealu i po jo\u0161 jednoj osobini, a to je \u0107oravost.<b> <\/b>Naime u hadisu stoji da je Poslanik s.a.v.s. rekao da je Ded\u017eal \u0107orav u jedno oko. Prenosi se da \u0107e Ded\u017eal izme\u0111u o\u010diju imati znakove koje \u0107e prepoznati iskreni vjernici. Ti znakovi formiraju harfove: kaf, fa, ra (kefere, kjafir \u2013 nevjernik). Sljepilo \u0107e mu biti na desnom oku ,,koje je poput plutaju\u0107e bobe na povr\u0161ini\u2019\u2019. Primjenjivat \u0107e sve metode u zavo\u0111enju ljudi i poput \u0161ejtana unositi zle misli u srca ljudi: ,,\u2026koji zle misli unosi u srca ljudi \u2013 od d\u017einna i od ljudi.\u2019\u2019 (En-Nas, 5,6.)<\/p>\n<p>I neki mediji u Bosni i Hercegovini, poput Ded\u017eala su, slijepi \u2018\u2019na jedno oko\u2019\u2019 i vide samo jednu stranu. Drugu ne vide ili ne \u017eele da je vide. Oni se ne libe licemjere i pokvarenjake predstaviti kao moralne li\u010dnosti, a moralne i po\u0161tene ljude kao pokvarenjake. Oni najded\u017ealskiji kao da rade po diktatu SANU 2, neumorno ve\u0107 godinama proizvode afere o navodnom \u2018\u2019vehabizmu\u2019\u2019, \u2018\u2019radikalizmu\u2019\u2019, \u2018\u2019terorizmu\u2019\u2019 i drugim izmi\u0161ljenim opasnostima, dok istovremeno \u017emire i prave se slijepi na stvarno \u0161tetno i podmuklo djelovanje, na primjer, \u0161iijskih \u2018misionara\u2019. Zbog toga vjernici ne smiju nasjedati na njihove la\u017ei i obmane i moraju biti oprezni.<\/p>\n<p>Ibn Tejmije u svom djelu spominje hikaju kada je Abdul-Kadiru Gejlaniju do\u0161ao \u0161ejtan, pretvaraju\u0107i se da mu je prijatelj i rekao mu da je kod Allaha postigao tako visoke dered\u017ee da vi\u0161e ne mora klanjati, postiti i druge ibadete \u010diniti. Abdul-Kadir mu je rekao: ,,Ti si jedan obi\u010dni la\u017eov i neprijatelj Allahov. Kako to Allah mo\u017ee mene osloboditi ibadeta, a nije ibadeta oslobodio Poslanika s.a.v.s. koji je bio bolji od mene!?\u2019\u2019 Nakon toga \u0161ejtan nije odustao od zavo\u0111enja nego je poku\u0161ao primijeniti drugu metodu zavo\u0111enja, pa je kazao: ,,Svaka \u010dast Abdul-Kadire, spasilo te tvoje znanje.\u2019\u2019 A Abdul-Kadir mu je odgovorio: ,,La\u017ee\u0161 prokletni\u010de, nije me spasilo moje znanje, ve\u0107 Allahova Milost!\u2019\u2019<\/p>\n<p>Zato se navodi savjet: ,,Kad biste vidjeli \u010dovjeka da hoda po vodi, zanemarite taj njegov keramet, dok ne pogledate u njegova dobra djela. Njegova djela \u0107e biti mjerilo njegove prave vrijednosti.\u2019\u2019<\/p>\n<p><b>Godine obmane i la\u017ei<\/b><\/p>\n<p>U ahiri zemanu, na polo\u017eaje i funkcije postavljat \u0107e se ljudi koji to ne zaslu\u017euju, niti su sposobni da predvode ljude. Lo\u0161ima \u0107e se davati prednost nad dobrima. Nastupi\u0107e \u2013 kako je to Poslanik s.a.v.s. najavio \u2013 varljive godine u kojima \u0107e se stvari izokrenuti, pa \u0107e se la\u017ecu vjerovati, a ne onome koji govori istinu. Za po\u0161tenog \u0107e se govoriti da je varalica, a varalica \u0107e se smatrati po\u0161tenim.<\/p>\n<p>Svjedoci smo nastanka i ovog stanja. Evo, \u017eivimo u varljivim godinama kad ljudi -varalice na polo\u017eajima jedno obe\u0107avaju, drugo rade. Trenutni bo\u0161nja\u010dki ministri, s obje strane Drine, su najbolji primjeri iznevjere interesa svoga naroda u korist tu\u0111ih interesa. Dok su opozicija, ogromnu energiju potro\u0161e na izbornu kampanju obe\u0107avaju\u0107i narodu \u2018\u2019kule i gradove\u2019\u2019,a kad se late vlasti automatski ded\u017ealski oslijepe za narodne potrebe. I nakon \u0161to svoju \u2018vladavinu\u2019 na tako ne\u010dastan na\u010din utemelje, neki od njih nastavljaju svoju izdaju (veleizdaju) postaju\u0107i \u2018\u2019prodane du\u0161e\u2019\u2019 i marionete du\u0161manskih re\u017eima.<\/p>\n<p>U sahih hadisu stoji: ,,\u2026Kada se poslovi prepuste onima koji za to nisu sposobni, is\u010dekuj Sudnji Dan.\u2019\u2019 (Buhari 11\/333)<\/p>\n<p><b>Nestajanje dobrih ljudi <\/b><\/p>\n<p>Od predznaka Sudnjeg Dana je postepeno nestajanje dobrih ljudi, a umno\u017eavanje lo\u0161ih. Abdullah ibn Omer r.a. prenosi da je Allahov Poslanik s.a.v.s. rekao: ,,Ne\u0107e nastupiti Sudnji Dan sve dok Allah d\u017e.\u0161. sa Zemlje ne uzme dobre ljude, pa \u0107e ostati otpad i lo\u0161i ljudi koji ne\u0107e dobro smatrati dobrim, a zlo zlim.\u2019\u2019 (Ahmed i El-Hakim) Dobri ljudi \u0107e nestati kada se u narodu ra\u0161iri grijeh i kada se zanemari nare\u0111ivanje dobra i odvra\u0107anje od zla.<\/p>\n<p>Kada \u2018dobri\u2019 ljudi vide da se \u010dine grijesi, a to ne nastoje sprije\u010diti, nastaje fesad (nered) i tada postoji opasnost da svi skupa, i u\u010desnici u grijehu i posmatra\u010di \u010dinjenja grijeha, stradaju.<\/p>\n<p>Predsjednik Egipta koji je do\u0161ao na vlast na demokratski na\u010din, svrgnut je na nedemokratski na\u010din. Mursijeve demokrate koji su pobijedili na izborima se sada ded\u017ealskim govorom nazivaju teroristima, a pravi teroristi se poku\u0161avaju prikazati demokratama.<\/p>\n<p>I kao vrhunac besmislenosti, kralj Saudijske Arabije se, na primjer, ne zadr\u017eava na stepenu da ne nastoji sprije\u010diti grijeh, ve\u0107 se odlu\u010duje da aktivno u njemu sudjeluje \u0161alju\u0107i 16 milijardi dolara egipatskoj tla\u010diteljskoj vojsci, umjesto egipatskom golorukom narodu.<\/p>\n<p><b>Herd\u017e (ubijanje)<\/b><\/p>\n<p>Ebu Hurejre r.a. prenosi da je Allahov Poslanik s.a.v.s. rekao: ,,Ne\u0107e nastupiti Sudnji Dan dok me\u0111u vama ne bude bilo mnogo \u2018herd\u017ea\u2019! A \u0161ta je to \u2018herd\u017e\u2019 o\u00a0 Poslani\u010de? \u2013 upita\u0161e. On odgovori: ,,Ubijanje! Ubijanje!\u2019\u2019 (Muslim 18\/13)<\/p>\n<p>Ebu Musa r.a. tako\u0111er prenosi da je Allahov Poslanik s.a.v.s. rekao: ,,Pred Sudnji Dan bi\u0107e mnogo \u2018herd\u017ea\u2019! ,,A \u0161ta je to \u2018herd\u017e\u2019 Poslani\u010de? \u2013 upita\u0161e. ,,Ubijanje\u2019\u2019 \u2013 odgovori on i dodade: ,,Ne mislim na va\u0161e ubijanje mu\u0161rika, nego na va\u0161e me\u0111usobno ubijanje.\u2019\u2019<b> \u00a0<\/b>,,Ho\u0107emo li mi tada biti pri pameti o Allahov Poslani\u010de? \u2013 upita\u0161e ashabi. Poslanik s.a.v.s. odgovori: ,,Zaista \u0107e pamet ve\u0107ini ljudi toga vremena biti oduzeta, pa \u0107e njima vladati maloumnici, talog od ljudi, od kojih \u0107e ve\u0107ina misliti da je u pravu, a niko od njih ne\u0107e biti u pravu!\u2019\u2019 (Ahmed 4\/414 i Ibn Mad\u017ee 2\/1309)<\/p>\n<p>Ebu Hurejre r.a. prenosi da je Allahov Poslanik s.a.v.s. rekao: ,,Tako mi Onoga u \u010dijoj je Ruci moja du\u0161a, ne\u0107e se zavr\u0161iti dunjaluk sve dok ljudima ne nastupi vrijeme u kojem ubica ne\u0107e znati za\u0161to je ubio, niti \u0107e ubijeni znati zbog \u010dega je ubijen.\u2019\u2019 (Muslim 18\/35)<\/p>\n<p><b>Tla\u010diteljska vojska<\/b><\/p>\n<p>U ahiri zemanu pojavit \u0107e se vojska koja \u0107e, umjesto potla\u010denima, pomagati tla\u010diteljima. ,,Pred kraj ovog svijeta pojavit \u0107e se policija (garda) koja \u0107e ujutro izlaziti u Allahovoj srd\u017ebi, a nave\u010der \u0107e se vra\u0107ati u Allahovom nezadovoljstvu, pa nemoj slu\u010dajno da bude\u0161 u njihovoj dru\u017eini (pratnji).\u2019\u2019 (Taberani)<\/p>\n<p>Jednooki Ded\u017eal \u0107e konstantno ljudima prikazivati zlo kao dobro, a dobro kao zlo. Bi\u0107e iskrenih i hrabrih vjernika koji \u0107e mu se nastojati suprotstaviti. Ded\u017eal \u0107e ih svojom \u2018silom\u2019 zgrabiti i baciti u vatru. Ta \u2018vatra\u2019 \u0107e njih dovesti do D\u017eenneta. Oni \u0107e imati najve\u0107i stepen \u0161ehadeta, shodno tome da su se, u najte\u017eem vremenu, suprotstavili najte\u017eem vidu isku\u0161enja.<b> <\/b>(Mutefekun alejhi)<\/p>\n<p>Nakon ovih navoda, postavlja se pitanje: kako da mali \u010dovjek, obi\u010dni vjernik, pobijedi ovolike smutnje dana\u0161njih \u2018\u2019jednookih\u2019\u2019 ded\u017eala?<\/p>\n<p>Odgovor bi se, mo\u017eda, mogao nalaziti u gore navedenom hadisu. Kao \u0161to \u0107e iskreni vjernici, Allahovom voljom, imati sposobnost da pro\u010ditaju na Ded\u017ealovom \u010delu ,,kaf, fa, ra (kefere, kjafir), tako \u0107e pro\u010ditati simbole i na \u2018\u2019licima\u2019\u2019 spomenutih dana\u0161njih Ded\u017eala.<\/p>\n<p>Uz njegovo iskreno vjerovanje i uzdanje u Allaha Uzvi\u0161enog, oni mu ni\u0161ta ne mogu, \u010dak i kad ga \u2018pr\u017ee\u2019 svojom vatrom. Jer, prema prethodno navedenim predajama da se zaklju\u010diti da Ded\u017ealu nije su\u0111eno da pobijedi, ve\u0107 da izgubi.<\/p>\n<p>&nbsp;<\/p>\n<p>(Saff\u00a0 br.345)<\/p>\n","protected":false},"excerpt":{"rendered":"<p>Mersada Nuruddina Agovi\u0107<\/p>\n","protected":false},"author":83,"featured_media":86626,"comment_status":"open","ping_status":"open","sticky":false,"template":"","format":"standard","meta":{"footnotes":""},"categories":[10196],"tags":[10213],"class_list":{"0":"post-86623","1":"post","2":"type-post","3":"status-publish","4":"format-standard","5":"has-post-thumbnail","7":"category-iz-pera-nasih-autora","8":"tag-mersada-nuruddina-agovic"},"yoast_head":"<!-- This site is optimized with the Yoast SEO Premium plugin v23.1 (Yoast SEO v24.9) - https:\/\/yoast.com\/wordpress\/plugins\/seo\/ -->\n<title>Smutnje jednookih ded\u017eala<\/title>\n<meta name=\"robots\" content=\"index, follow, max-snippet:-1, max-image-preview:large, max-video-preview:-1\" \/>\n<link rel=\"canonical\" href=\"https:\/\/sandzakpress.net\/arhiva\/smutnje-jednookih-dedzala\/\" \/>\n<meta property=\"og:locale\" content=\"bs_BA\" \/>\n<meta property=\"og:type\" content=\"article\" \/>\n<meta property=\"og:title\" content=\"Smutnje jednookih ded\u017eala\" \/>\n<meta property=\"og:description\" content=\"Mersada Nuruddina Agovi\u0107\" \/>\n<meta property=\"og:url\" content=\"https:\/\/sandzakpress.net\/arhiva\/smutnje-jednookih-dedzala\/\" \/>\n<meta property=\"og:site_name\" content=\"Sand\u017eak PRESS\" \/>\n<meta property=\"article:published_time\" content=\"2013-08-30T14:21:16+00:00\" \/>\n<meta property=\"og:image\" content=\"https:\/\/sandzakpress.net\/arhiva\/wp-content\/uploads\/2013\/08\/dajjal1.jpg\" \/>\n\t<meta property=\"og:image:width\" content=\"616\" \/>\n\t<meta property=\"og:image:height\" content=\"510\" \/>\n\t<meta property=\"og:image:type\" content=\"image\/jpeg\" \/>\n<meta name=\"author\" content=\"bosniak\" \/>\n<meta name=\"twitter:card\" content=\"summary_large_image\" \/>\n<meta name=\"twitter:label1\" content=\"Written by\" \/>\n\t<meta name=\"twitter:data1\" content=\"bosniak\" \/>\n\t<meta name=\"twitter:label2\" content=\"Est. reading time\" \/>\n\t<meta name=\"twitter:data2\" content=\"10 minuta\" \/>\n<script type=\"application\/ld+json\" class=\"yoast-schema-graph\">{\"@context\":\"https:\/\/schema.org\",\"@graph\":[{\"@type\":\"Article\",\"@id\":\"https:\/\/sandzakpress.net\/arhiva\/smutnje-jednookih-dedzala\/#article\",\"isPartOf\":{\"@id\":\"https:\/\/sandzakpress.net\/arhiva\/smutnje-jednookih-dedzala\/\"},\"author\":{\"name\":\"bosniak\",\"@id\":\"https:\/\/sandzakpress.net\/arhiva\/#\/schema\/person\/c8baee722073534b583ea7bdb2e36c02\"},\"headline\":\"Smutnje jednookih ded\u017eala\",\"datePublished\":\"2013-08-30T14:21:16+00:00\",\"mainEntityOfPage\":{\"@id\":\"https:\/\/sandzakpress.net\/arhiva\/smutnje-jednookih-dedzala\/\"},\"wordCount\":1930,\"commentCount\":2,\"publisher\":{\"@id\":\"https:\/\/sandzakpress.net\/arhiva\/#\/schema\/person\/6e72b67d6e51910a1117b3b483ba20bd\"},\"image\":{\"@id\":\"https:\/\/sandzakpress.net\/arhiva\/smutnje-jednookih-dedzala\/#primaryimage\"},\"thumbnailUrl\":\"https:\/\/sandzakpress.net\/arhiva\/wp-content\/uploads\/2013\/08\/dajjal1.jpg\",\"keywords\":[\"Mersada Nuruddina Agovi\u0107\"],\"articleSection\":[\"Iz pera na\u0161ih autora\"],\"inLanguage\":\"bs-BA\",\"potentialAction\":[{\"@type\":\"CommentAction\",\"name\":\"Comment\",\"target\":[\"https:\/\/sandzakpress.net\/arhiva\/smutnje-jednookih-dedzala\/#respond\"]}]},{\"@type\":\"WebPage\",\"@id\":\"https:\/\/sandzakpress.net\/arhiva\/smutnje-jednookih-dedzala\/\",\"url\":\"https:\/\/sandzakpress.net\/arhiva\/smutnje-jednookih-dedzala\/\",\"name\":\"Smutnje jednookih ded\u017eala\",\"isPartOf\":{\"@id\":\"https:\/\/sandzakpress.net\/arhiva\/#website\"},\"primaryImageOfPage\":{\"@id\":\"https:\/\/sandzakpress.net\/arhiva\/smutnje-jednookih-dedzala\/#primaryimage\"},\"image\":{\"@id\":\"https:\/\/sandzakpress.net\/arhiva\/smutnje-jednookih-dedzala\/#primaryimage\"},\"thumbnailUrl\":\"https:\/\/sandzakpress.net\/arhiva\/wp-content\/uploads\/2013\/08\/dajjal1.jpg\",\"datePublished\":\"2013-08-30T14:21:16+00:00\",\"breadcrumb\":{\"@id\":\"https:\/\/sandzakpress.net\/arhiva\/smutnje-jednookih-dedzala\/#breadcrumb\"},\"inLanguage\":\"bs-BA\",\"potentialAction\":[{\"@type\":\"ReadAction\",\"target\":[\"https:\/\/sandzakpress.net\/arhiva\/smutnje-jednookih-dedzala\/\"]}]},{\"@type\":\"ImageObject\",\"inLanguage\":\"bs-BA\",\"@id\":\"https:\/\/sandzakpress.net\/arhiva\/smutnje-jednookih-dedzala\/#primaryimage\",\"url\":\"https:\/\/sandzakpress.net\/arhiva\/wp-content\/uploads\/2013\/08\/dajjal1.jpg\",\"contentUrl\":\"https:\/\/sandzakpress.net\/arhiva\/wp-content\/uploads\/2013\/08\/dajjal1.jpg\",\"width\":616,\"height\":510},{\"@type\":\"BreadcrumbList\",\"@id\":\"https:\/\/sandzakpress.net\/arhiva\/smutnje-jednookih-dedzala\/#breadcrumb\",\"itemListElement\":[{\"@type\":\"ListItem\",\"position\":1,\"name\":\"Home\",\"item\":\"https:\/\/sandzakpress.net\/arhiva\/\"},{\"@type\":\"ListItem\",\"position\":2,\"name\":\"Smutnje jednookih ded\u017eala\"}]},{\"@type\":\"WebSite\",\"@id\":\"https:\/\/sandzakpress.net\/arhiva\/#website\",\"url\":\"https:\/\/sandzakpress.net\/arhiva\/\",\"name\":\"Sand\u017eak PRESS\",\"description\":\"Prve elektronske novine u Sand\u017eaku\",\"publisher\":{\"@id\":\"https:\/\/sandzakpress.net\/arhiva\/#\/schema\/person\/6e72b67d6e51910a1117b3b483ba20bd\"},\"potentialAction\":[{\"@type\":\"SearchAction\",\"target\":{\"@type\":\"EntryPoint\",\"urlTemplate\":\"https:\/\/sandzakpress.net\/arhiva\/?s={search_term_string}\"},\"query-input\":{\"@type\":\"PropertyValueSpecification\",\"valueRequired\":true,\"valueName\":\"search_term_string\"}}],\"inLanguage\":\"bs-BA\"},{\"@type\":[\"Person\",\"Organization\"],\"@id\":\"https:\/\/sandzakpress.net\/arhiva\/#\/schema\/person\/6e72b67d6e51910a1117b3b483ba20bd\",\"name\":\"Kul\",\"image\":{\"@type\":\"ImageObject\",\"inLanguage\":\"bs-BA\",\"@id\":\"https:\/\/sandzakpress.net\/arhiva\/#\/schema\/person\/image\/\",\"url\":\"https:\/\/secure.gravatar.com\/avatar\/42263f39aa27ac04c43cab85c280eb2e?s=96&d=mm&r=pg\",\"contentUrl\":\"https:\/\/secure.gravatar.com\/avatar\/42263f39aa27ac04c43cab85c280eb2e?s=96&d=mm&r=pg\",\"caption\":\"Kul\"},\"logo\":{\"@id\":\"https:\/\/sandzakpress.net\/arhiva\/#\/schema\/person\/image\/\"}},{\"@type\":\"Person\",\"@id\":\"https:\/\/sandzakpress.net\/arhiva\/#\/schema\/person\/c8baee722073534b583ea7bdb2e36c02\",\"name\":\"bosniak\",\"image\":{\"@type\":\"ImageObject\",\"inLanguage\":\"bs-BA\",\"@id\":\"https:\/\/sandzakpress.net\/arhiva\/#\/schema\/person\/image\/\",\"url\":\"https:\/\/secure.gravatar.com\/avatar\/a04fd330bfe3a36a72a0ad4a6d89fca7?s=96&d=mm&r=pg\",\"contentUrl\":\"https:\/\/secure.gravatar.com\/avatar\/a04fd330bfe3a36a72a0ad4a6d89fca7?s=96&d=mm&r=pg\",\"caption\":\"bosniak\"},\"url\":\"https:\/\/sandzakpress.net\/arhiva\/author\/bosniak\/\"}]}<\/script>\n<!-- \/ Yoast SEO Premium plugin. -->","yoast_head_json":{"title":"Smutnje jednookih ded\u017eala","robots":{"index":"index","follow":"follow","max-snippet":"max-snippet:-1","max-image-preview":"max-image-preview:large","max-video-preview":"max-video-preview:-1"},"canonical":"https:\/\/sandzakpress.net\/arhiva\/smutnje-jednookih-dedzala\/","og_locale":"bs_BA","og_type":"article","og_title":"Smutnje jednookih ded\u017eala","og_description":"Mersada Nuruddina Agovi\u0107","og_url":"https:\/\/sandzakpress.net\/arhiva\/smutnje-jednookih-dedzala\/","og_site_name":"Sand\u017eak PRESS","article_published_time":"2013-08-30T14:21:16+00:00","og_image":[{"width":616,"height":510,"url":"https:\/\/sandzakpress.net\/arhiva\/wp-content\/uploads\/2013\/08\/dajjal1.jpg","type":"image\/jpeg"}],"author":"bosniak","twitter_card":"summary_large_image","twitter_misc":{"Written by":"bosniak","Est. reading time":"10 minuta"},"schema":{"@context":"https:\/\/schema.org","@graph":[{"@type":"Article","@id":"https:\/\/sandzakpress.net\/arhiva\/smutnje-jednookih-dedzala\/#article","isPartOf":{"@id":"https:\/\/sandzakpress.net\/arhiva\/smutnje-jednookih-dedzala\/"},"author":{"name":"bosniak","@id":"https:\/\/sandzakpress.net\/arhiva\/#\/schema\/person\/c8baee722073534b583ea7bdb2e36c02"},"headline":"Smutnje jednookih ded\u017eala","datePublished":"2013-08-30T14:21:16+00:00","mainEntityOfPage":{"@id":"https:\/\/sandzakpress.net\/arhiva\/smutnje-jednookih-dedzala\/"},"wordCount":1930,"commentCount":2,"publisher":{"@id":"https:\/\/sandzakpress.net\/arhiva\/#\/schema\/person\/6e72b67d6e51910a1117b3b483ba20bd"},"image":{"@id":"https:\/\/sandzakpress.net\/arhiva\/smutnje-jednookih-dedzala\/#primaryimage"},"thumbnailUrl":"https:\/\/sandzakpress.net\/arhiva\/wp-content\/uploads\/2013\/08\/dajjal1.jpg","keywords":["Mersada Nuruddina Agovi\u0107"],"articleSection":["Iz pera na\u0161ih autora"],"inLanguage":"bs-BA","potentialAction":[{"@type":"CommentAction","name":"Comment","target":["https:\/\/sandzakpress.net\/arhiva\/smutnje-jednookih-dedzala\/#respond"]}]},{"@type":"WebPage","@id":"https:\/\/sandzakpress.net\/arhiva\/smutnje-jednookih-dedzala\/","url":"https:\/\/sandzakpress.net\/arhiva\/smutnje-jednookih-dedzala\/","name":"Smutnje jednookih ded\u017eala","isPartOf":{"@id":"https:\/\/sandzakpress.net\/arhiva\/#website"},"primaryImageOfPage":{"@id":"https:\/\/sandzakpress.net\/arhiva\/smutnje-jednookih-dedzala\/#primaryimage"},"image":{"@id":"https:\/\/sandzakpress.net\/arhiva\/smutnje-jednookih-dedzala\/#primaryimage"},"thumbnailUrl":"https:\/\/sandzakpress.net\/arhiva\/wp-content\/uploads\/2013\/08\/dajjal1.jpg","datePublished":"2013-08-30T14:21:16+00:00","breadcrumb":{"@id":"https:\/\/sandzakpress.net\/arhiva\/smutnje-jednookih-dedzala\/#breadcrumb"},"inLanguage":"bs-BA","potentialAction":[{"@type":"ReadAction","target":["https:\/\/sandzakpress.net\/arhiva\/smutnje-jednookih-dedzala\/"]}]},{"@type":"ImageObject","inLanguage":"bs-BA","@id":"https:\/\/sandzakpress.net\/arhiva\/smutnje-jednookih-dedzala\/#primaryimage","url":"https:\/\/sandzakpress.net\/arhiva\/wp-content\/uploads\/2013\/08\/dajjal1.jpg","contentUrl":"https:\/\/sandzakpress.net\/arhiva\/wp-content\/uploads\/2013\/08\/dajjal1.jpg","width":616,"height":510},{"@type":"BreadcrumbList","@id":"https:\/\/sandzakpress.net\/arhiva\/smutnje-jednookih-dedzala\/#breadcrumb","itemListElement":[{"@type":"ListItem","position":1,"name":"Home","item":"https:\/\/sandzakpress.net\/arhiva\/"},{"@type":"ListItem","position":2,"name":"Smutnje jednookih ded\u017eala"}]},{"@type":"WebSite","@id":"https:\/\/sandzakpress.net\/arhiva\/#website","url":"https:\/\/sandzakpress.net\/arhiva\/","name":"Sand\u017eak PRESS","description":"Prve elektronske novine u Sand\u017eaku","publisher":{"@id":"https:\/\/sandzakpress.net\/arhiva\/#\/schema\/person\/6e72b67d6e51910a1117b3b483ba20bd"},"potentialAction":[{"@type":"SearchAction","target":{"@type":"EntryPoint","urlTemplate":"https:\/\/sandzakpress.net\/arhiva\/?s={search_term_string}"},"query-input":{"@type":"PropertyValueSpecification","valueRequired":true,"valueName":"search_term_string"}}],"inLanguage":"bs-BA"},{"@type":["Person","Organization"],"@id":"https:\/\/sandzakpress.net\/arhiva\/#\/schema\/person\/6e72b67d6e51910a1117b3b483ba20bd","name":"Kul","image":{"@type":"ImageObject","inLanguage":"bs-BA","@id":"https:\/\/sandzakpress.net\/arhiva\/#\/schema\/person\/image\/","url":"https:\/\/secure.gravatar.com\/avatar\/42263f39aa27ac04c43cab85c280eb2e?s=96&d=mm&r=pg","contentUrl":"https:\/\/secure.gravatar.com\/avatar\/42263f39aa27ac04c43cab85c280eb2e?s=96&d=mm&r=pg","caption":"Kul"},"logo":{"@id":"https:\/\/sandzakpress.net\/arhiva\/#\/schema\/person\/image\/"}},{"@type":"Person","@id":"https:\/\/sandzakpress.net\/arhiva\/#\/schema\/person\/c8baee722073534b583ea7bdb2e36c02","name":"bosniak","image":{"@type":"ImageObject","inLanguage":"bs-BA","@id":"https:\/\/sandzakpress.net\/arhiva\/#\/schema\/person\/image\/","url":"https:\/\/secure.gravatar.com\/avatar\/a04fd330bfe3a36a72a0ad4a6d89fca7?s=96&d=mm&r=pg","contentUrl":"https:\/\/secure.gravatar.com\/avatar\/a04fd330bfe3a36a72a0ad4a6d89fca7?s=96&d=mm&r=pg","caption":"bosniak"},"url":"https:\/\/sandzakpress.net\/arhiva\/author\/bosniak\/"}]}},"_links":{"self":[{"href":"https:\/\/sandzakpress.net\/arhiva\/wp-json\/wp\/v2\/posts\/86623"}],"collection":[{"href":"https:\/\/sandzakpress.net\/arhiva\/wp-json\/wp\/v2\/posts"}],"about":[{"href":"https:\/\/sandzakpress.net\/arhiva\/wp-json\/wp\/v2\/types\/post"}],"author":[{"embeddable":true,"href":"https:\/\/sandzakpress.net\/arhiva\/wp-json\/wp\/v2\/users\/83"}],"replies":[{"embeddable":true,"href":"https:\/\/sandzakpress.net\/arhiva\/wp-json\/wp\/v2\/comments?post=86623"}],"version-history":[{"count":0,"href":"https:\/\/sandzakpress.net\/arhiva\/wp-json\/wp\/v2\/posts\/86623\/revisions"}],"wp:featuredmedia":[{"embeddable":true,"href":"https:\/\/sandzakpress.net\/arhiva\/wp-json\/wp\/v2\/media\/86626"}],"wp:attachment":[{"href":"https:\/\/sandzakpress.net\/arhiva\/wp-json\/wp\/v2\/media?parent=86623"}],"wp:term":[{"taxonomy":"category","embeddable":true,"href":"https:\/\/sandzakpress.net\/arhiva\/wp-json\/wp\/v2\/categories?post=86623"},{"taxonomy":"post_tag","embeddable":true,"href":"https:\/\/sandzakpress.net\/arhiva\/wp-json\/wp\/v2\/tags?post=86623"}],"curies":[{"name":"wp","href":"https:\/\/api.w.org\/{rel}","templated":true}]}}