{"id":86585,"date":"2013-08-29T20:34:58","date_gmt":"2013-08-29T18:34:58","guid":{"rendered":"https:\/\/sandzakpress.net\/arhiva\/?p=86585"},"modified":"2013-08-29T20:34:58","modified_gmt":"2013-08-29T18:34:58","slug":"muslimansko-bratstvo-poziva-na-proteste","status":"publish","type":"post","link":"https:\/\/sandzakpress.net\/arhiva\/muslimansko-bratstvo-poziva-na-proteste\/","title":{"rendered":"Muslimansko bratstvo poziva na proteste"},"content":{"rendered":"<div><strong><a href=\"https:\/\/sandzakpress.net\/arhiva\/wp-content\/uploads\/2013\/08\/4481dab743aa8520d444d27b445b6167_XL.jpg\"><img loading=\"lazy\" decoding=\"async\" class=\"alignleft size-medium wp-image-86586\" alt=\"4481dab743aa8520d444d27b445b6167_XL\" src=\"https:\/\/sandzakpress.net\/arhiva\/wp-content\/uploads\/2013\/08\/4481dab743aa8520d444d27b445b6167_XL-300x181.jpg\" width=\"300\" height=\"181\" \/><\/a>Egipat &#8211; Jedan od eminentnih lidera Muslimanskog bratstva i zamjenik predsjednika Partije slobode i pravde (FJP), koja je politi\u010dko krilo Muslimanskog bratstva, Isam el-Aryan, pozvao je na odr\u017eavanje protesta diljem Egipta kako bi se ostvarili ciljevi revolucije 25. januara 2011. godine, ali i okon\u010dao vojni udar.<\/strong><\/div>\n<div><\/div>\n<div>Na jednom videosnimku Aryan je poru\u010dio da \u0107e najnoviji protesti biti odr\u017eani u petak u cilju okon\u010danja vojnog udara u toj zemlji.<\/div>\n<div><\/div>\n<div>&#8220;Novi protesti su u petak kada cijelom svijetu na miran na\u010din \u017eelimo poru\u010diti da su ciljevi revolucije 25. januara sloboda, socijalna pravda i ljudska \u010dast. Nastavljamo sa protestima kako bismo ostvarili ciljeve zapo\u010dete demokratske revolucije&#8221;, rekao je Aryan.<\/div>\n<div><\/div>\n<div>\u010celnici Muslimanskog bratstva svrgavanje predsjednika Muhameda Mursija su okarakterisali kao &#8220;fa\u0161isti\u010dki i krvavi vojni udar&#8221; koji je prekinuo demokratski proces u toj zemlji.<\/div>\n<div><\/div>\n<div>Aryan smatra da egipatski narod nije podlegao pritiscima i nasilju egipatske vojske i policije i nastavlja sa legitimnim protestima.<\/div>\n<div><\/div>\n<div>&#8220;Vojni generali i oni koji su izvr\u0161ili vojni udar ka\u017eu da se bore protiv terorizma. Terorizam je, ustvari, ono \u0161to radi egipatska vojska na \u010delu sa ministrom odbrane Abdelom Fattahom al-Sisijem. Oni misle da se na taj na\u010din mogu spasiti od zlo\u010dina i vojnih udara koje su po\u010dinili. Nasiljem se ne mo\u017ee promijeniti svijest naroda. Narod \u017eeli slobodu i \u010dastan \u017eivot&#8221;, istakao je \u010delnik Muslimanskog bratstva.<\/div>\n<div><\/div>\n<div>S druge strane, nastavljaju se privo\u0111enja \u010dlanova i zvani\u010dnika Muslimanskog bratstva, pa je tako najmanje 66 pripadnika Muslimanskog bratstva privedeno u toku racija koje provode sigurnosne snage Egipta.<\/div>\n<div><\/div>\n<div>Me\u0111u privedenima je i sin zamjenika lidera Muslimanskog bratstva, Khairat al-Shater Saad, kojeg je policija ju\u010der privela u njegovoj porodi\u010dnoj ku\u0107i u Nasr City u Kairu. Saad je, navodno, osumnji\u010den za &#8220;poticanje nasilja&#8221;.<\/div>\n<div><\/div>\n<div>Egipatske vlasti zapo\u010dele su masovno privo\u0111enje islamista nakon \u0161to su 14. avgusta sprovele ra\u0161\u010di\u0161\u0107avanje dva skupa demonstracija promursijevih pristalica u Kairu i Gizi. Tada je stotine demonstranata brutalno ubijeno prilikom intervencije snaga sigurnosti.<\/div>\n<div><\/div>\n<div>U ju\u010dera\u0161njim operacijama su tako\u0111er privo\u0111eni pripadnici Muslimanskog bratstva u Matrouhu, Gharbiyi, Daqahliyi, Sharqiyi, Ismailiji, provincijama Sueca i ostalim dijelovima zemlje.<\/div>\n<div><\/div>\n<div>U Aleksandriji je tako\u0111er priveden zet jednog od lidera Muslimanskog bratstva Muhameda el-Biltad\u017eija.<\/div>\n<div><\/div>\n<div>(akos)<\/div>\n","protected":false},"excerpt":{"rendered":"<p>Egipat &#8211; Jedan od eminentnih lidera Muslimanskog bratstva i zamjenik predsjednika Partije slobode i pravde (FJP), koja je politi\u010dko krilo Muslimanskog bratstva, Isam el-Aryan, pozvao je na odr\u017eavanje protesta diljem Egipta kako bi se ostvarili ciljevi revolucije 25. januara 2011. godine, ali i okon\u010dao vojni udar. Na jednom videosnimku Aryan je poru\u010dio da \u0107e najnoviji [&hellip;]<\/p>\n","protected":false},"author":83,"featured_media":86587,"comment_status":"open","ping_status":"open","sticky":false,"template":"","format":"standard","meta":{"footnotes":""},"categories":[9],"tags":[10228],"class_list":{"0":"post-86585","1":"post","2":"type-post","3":"status-publish","4":"format-standard","5":"has-post-thumbnail","7":"category-svijet","8":"tag-egipat"},"yoast_head":"<!-- This site is optimized with the Yoast SEO Premium plugin v23.1 (Yoast SEO v24.9) - https:\/\/yoast.com\/wordpress\/plugins\/seo\/ -->\n<title>Muslimansko bratstvo poziva na proteste<\/title>\n<meta name=\"robots\" content=\"index, follow, max-snippet:-1, max-image-preview:large, max-video-preview:-1\" \/>\n<link rel=\"canonical\" href=\"https:\/\/sandzakpress.net\/arhiva\/muslimansko-bratstvo-poziva-na-proteste\/\" \/>\n<meta property=\"og:locale\" content=\"bs_BA\" \/>\n<meta property=\"og:type\" content=\"article\" \/>\n<meta property=\"og:title\" content=\"Muslimansko bratstvo poziva na proteste\" \/>\n<meta property=\"og:description\" content=\"Egipat &#8211; Jedan od eminentnih lidera Muslimanskog bratstva i zamjenik predsjednika Partije slobode i pravde (FJP), koja je politi\u010dko krilo Muslimanskog bratstva, Isam el-Aryan, pozvao je na odr\u017eavanje protesta diljem Egipta kako bi se ostvarili ciljevi revolucije 25. januara 2011. godine, ali i okon\u010dao vojni udar. Na jednom videosnimku Aryan je poru\u010dio da \u0107e najnoviji [&hellip;]\" \/>\n<meta property=\"og:url\" content=\"https:\/\/sandzakpress.net\/arhiva\/muslimansko-bratstvo-poziva-na-proteste\/\" \/>\n<meta property=\"og:site_name\" content=\"Sand\u017eak PRESS\" \/>\n<meta property=\"article:published_time\" content=\"2013-08-29T18:34:58+00:00\" \/>\n<meta property=\"og:image\" content=\"https:\/\/sandzakpress.net\/arhiva\/wp-content\/uploads\/2013\/08\/4481dab743aa8520d444d27b445b6167_XL-300x1811.jpg\" \/>\n\t<meta property=\"og:image:width\" content=\"300\" \/>\n\t<meta property=\"og:image:height\" content=\"181\" \/>\n\t<meta property=\"og:image:type\" content=\"image\/jpeg\" \/>\n<meta name=\"author\" content=\"bosniak\" \/>\n<meta name=\"twitter:card\" content=\"summary_large_image\" \/>\n<meta name=\"twitter:label1\" content=\"Written by\" \/>\n\t<meta name=\"twitter:data1\" content=\"bosniak\" \/>\n\t<meta name=\"twitter:label2\" content=\"Est. reading time\" \/>\n\t<meta name=\"twitter:data2\" content=\"2 minute\" \/>\n<script type=\"application\/ld+json\" class=\"yoast-schema-graph\">{\"@context\":\"https:\/\/schema.org\",\"@graph\":[{\"@type\":\"Article\",\"@id\":\"https:\/\/sandzakpress.net\/arhiva\/muslimansko-bratstvo-poziva-na-proteste\/#article\",\"isPartOf\":{\"@id\":\"https:\/\/sandzakpress.net\/arhiva\/muslimansko-bratstvo-poziva-na-proteste\/\"},\"author\":{\"name\":\"bosniak\",\"@id\":\"https:\/\/sandzakpress.net\/arhiva\/#\/schema\/person\/c8baee722073534b583ea7bdb2e36c02\"},\"headline\":\"Muslimansko bratstvo poziva na proteste\",\"datePublished\":\"2013-08-29T18:34:58+00:00\",\"mainEntityOfPage\":{\"@id\":\"https:\/\/sandzakpress.net\/arhiva\/muslimansko-bratstvo-poziva-na-proteste\/\"},\"wordCount\":377,\"commentCount\":0,\"publisher\":{\"@id\":\"https:\/\/sandzakpress.net\/arhiva\/#\/schema\/person\/6e72b67d6e51910a1117b3b483ba20bd\"},\"image\":{\"@id\":\"https:\/\/sandzakpress.net\/arhiva\/muslimansko-bratstvo-poziva-na-proteste\/#primaryimage\"},\"thumbnailUrl\":\"https:\/\/sandzakpress.net\/arhiva\/wp-content\/uploads\/2013\/08\/4481dab743aa8520d444d27b445b6167_XL-300x1811.jpg\",\"keywords\":[\"Egipat\"],\"articleSection\":[\"Svijet\"],\"inLanguage\":\"bs-BA\",\"potentialAction\":[{\"@type\":\"CommentAction\",\"name\":\"Comment\",\"target\":[\"https:\/\/sandzakpress.net\/arhiva\/muslimansko-bratstvo-poziva-na-proteste\/#respond\"]}]},{\"@type\":\"WebPage\",\"@id\":\"https:\/\/sandzakpress.net\/arhiva\/muslimansko-bratstvo-poziva-na-proteste\/\",\"url\":\"https:\/\/sandzakpress.net\/arhiva\/muslimansko-bratstvo-poziva-na-proteste\/\",\"name\":\"Muslimansko bratstvo poziva na proteste\",\"isPartOf\":{\"@id\":\"https:\/\/sandzakpress.net\/arhiva\/#website\"},\"primaryImageOfPage\":{\"@id\":\"https:\/\/sandzakpress.net\/arhiva\/muslimansko-bratstvo-poziva-na-proteste\/#primaryimage\"},\"image\":{\"@id\":\"https:\/\/sandzakpress.net\/arhiva\/muslimansko-bratstvo-poziva-na-proteste\/#primaryimage\"},\"thumbnailUrl\":\"https:\/\/sandzakpress.net\/arhiva\/wp-content\/uploads\/2013\/08\/4481dab743aa8520d444d27b445b6167_XL-300x1811.jpg\",\"datePublished\":\"2013-08-29T18:34:58+00:00\",\"breadcrumb\":{\"@id\":\"https:\/\/sandzakpress.net\/arhiva\/muslimansko-bratstvo-poziva-na-proteste\/#breadcrumb\"},\"inLanguage\":\"bs-BA\",\"potentialAction\":[{\"@type\":\"ReadAction\",\"target\":[\"https:\/\/sandzakpress.net\/arhiva\/muslimansko-bratstvo-poziva-na-proteste\/\"]}]},{\"@type\":\"ImageObject\",\"inLanguage\":\"bs-BA\",\"@id\":\"https:\/\/sandzakpress.net\/arhiva\/muslimansko-bratstvo-poziva-na-proteste\/#primaryimage\",\"url\":\"https:\/\/sandzakpress.net\/arhiva\/wp-content\/uploads\/2013\/08\/4481dab743aa8520d444d27b445b6167_XL-300x1811.jpg\",\"contentUrl\":\"https:\/\/sandzakpress.net\/arhiva\/wp-content\/uploads\/2013\/08\/4481dab743aa8520d444d27b445b6167_XL-300x1811.jpg\",\"width\":300,\"height\":181},{\"@type\":\"BreadcrumbList\",\"@id\":\"https:\/\/sandzakpress.net\/arhiva\/muslimansko-bratstvo-poziva-na-proteste\/#breadcrumb\",\"itemListElement\":[{\"@type\":\"ListItem\",\"position\":1,\"name\":\"Home\",\"item\":\"https:\/\/sandzakpress.net\/arhiva\/\"},{\"@type\":\"ListItem\",\"position\":2,\"name\":\"Muslimansko bratstvo poziva na proteste\"}]},{\"@type\":\"WebSite\",\"@id\":\"https:\/\/sandzakpress.net\/arhiva\/#website\",\"url\":\"https:\/\/sandzakpress.net\/arhiva\/\",\"name\":\"Sand\u017eak PRESS\",\"description\":\"Prve elektronske novine u Sand\u017eaku\",\"publisher\":{\"@id\":\"https:\/\/sandzakpress.net\/arhiva\/#\/schema\/person\/6e72b67d6e51910a1117b3b483ba20bd\"},\"potentialAction\":[{\"@type\":\"SearchAction\",\"target\":{\"@type\":\"EntryPoint\",\"urlTemplate\":\"https:\/\/sandzakpress.net\/arhiva\/?s={search_term_string}\"},\"query-input\":{\"@type\":\"PropertyValueSpecification\",\"valueRequired\":true,\"valueName\":\"search_term_string\"}}],\"inLanguage\":\"bs-BA\"},{\"@type\":[\"Person\",\"Organization\"],\"@id\":\"https:\/\/sandzakpress.net\/arhiva\/#\/schema\/person\/6e72b67d6e51910a1117b3b483ba20bd\",\"name\":\"Kul\",\"image\":{\"@type\":\"ImageObject\",\"inLanguage\":\"bs-BA\",\"@id\":\"https:\/\/sandzakpress.net\/arhiva\/#\/schema\/person\/image\/\",\"url\":\"https:\/\/secure.gravatar.com\/avatar\/42263f39aa27ac04c43cab85c280eb2e?s=96&d=mm&r=pg\",\"contentUrl\":\"https:\/\/secure.gravatar.com\/avatar\/42263f39aa27ac04c43cab85c280eb2e?s=96&d=mm&r=pg\",\"caption\":\"Kul\"},\"logo\":{\"@id\":\"https:\/\/sandzakpress.net\/arhiva\/#\/schema\/person\/image\/\"}},{\"@type\":\"Person\",\"@id\":\"https:\/\/sandzakpress.net\/arhiva\/#\/schema\/person\/c8baee722073534b583ea7bdb2e36c02\",\"name\":\"bosniak\",\"image\":{\"@type\":\"ImageObject\",\"inLanguage\":\"bs-BA\",\"@id\":\"https:\/\/sandzakpress.net\/arhiva\/#\/schema\/person\/image\/\",\"url\":\"https:\/\/secure.gravatar.com\/avatar\/a04fd330bfe3a36a72a0ad4a6d89fca7?s=96&d=mm&r=pg\",\"contentUrl\":\"https:\/\/secure.gravatar.com\/avatar\/a04fd330bfe3a36a72a0ad4a6d89fca7?s=96&d=mm&r=pg\",\"caption\":\"bosniak\"},\"url\":\"https:\/\/sandzakpress.net\/arhiva\/author\/bosniak\/\"}]}<\/script>\n<!-- \/ Yoast SEO Premium plugin. -->","yoast_head_json":{"title":"Muslimansko bratstvo poziva na proteste","robots":{"index":"index","follow":"follow","max-snippet":"max-snippet:-1","max-image-preview":"max-image-preview:large","max-video-preview":"max-video-preview:-1"},"canonical":"https:\/\/sandzakpress.net\/arhiva\/muslimansko-bratstvo-poziva-na-proteste\/","og_locale":"bs_BA","og_type":"article","og_title":"Muslimansko bratstvo poziva na proteste","og_description":"Egipat &#8211; Jedan od eminentnih lidera Muslimanskog bratstva i zamjenik predsjednika Partije slobode i pravde (FJP), koja je politi\u010dko krilo Muslimanskog bratstva, Isam el-Aryan, pozvao je na odr\u017eavanje protesta diljem Egipta kako bi se ostvarili ciljevi revolucije 25. januara 2011. godine, ali i okon\u010dao vojni udar. Na jednom videosnimku Aryan je poru\u010dio da \u0107e najnoviji [&hellip;]","og_url":"https:\/\/sandzakpress.net\/arhiva\/muslimansko-bratstvo-poziva-na-proteste\/","og_site_name":"Sand\u017eak PRESS","article_published_time":"2013-08-29T18:34:58+00:00","og_image":[{"width":300,"height":181,"url":"https:\/\/sandzakpress.net\/arhiva\/wp-content\/uploads\/2013\/08\/4481dab743aa8520d444d27b445b6167_XL-300x1811.jpg","type":"image\/jpeg"}],"author":"bosniak","twitter_card":"summary_large_image","twitter_misc":{"Written by":"bosniak","Est. reading time":"2 minute"},"schema":{"@context":"https:\/\/schema.org","@graph":[{"@type":"Article","@id":"https:\/\/sandzakpress.net\/arhiva\/muslimansko-bratstvo-poziva-na-proteste\/#article","isPartOf":{"@id":"https:\/\/sandzakpress.net\/arhiva\/muslimansko-bratstvo-poziva-na-proteste\/"},"author":{"name":"bosniak","@id":"https:\/\/sandzakpress.net\/arhiva\/#\/schema\/person\/c8baee722073534b583ea7bdb2e36c02"},"headline":"Muslimansko bratstvo poziva na proteste","datePublished":"2013-08-29T18:34:58+00:00","mainEntityOfPage":{"@id":"https:\/\/sandzakpress.net\/arhiva\/muslimansko-bratstvo-poziva-na-proteste\/"},"wordCount":377,"commentCount":0,"publisher":{"@id":"https:\/\/sandzakpress.net\/arhiva\/#\/schema\/person\/6e72b67d6e51910a1117b3b483ba20bd"},"image":{"@id":"https:\/\/sandzakpress.net\/arhiva\/muslimansko-bratstvo-poziva-na-proteste\/#primaryimage"},"thumbnailUrl":"https:\/\/sandzakpress.net\/arhiva\/wp-content\/uploads\/2013\/08\/4481dab743aa8520d444d27b445b6167_XL-300x1811.jpg","keywords":["Egipat"],"articleSection":["Svijet"],"inLanguage":"bs-BA","potentialAction":[{"@type":"CommentAction","name":"Comment","target":["https:\/\/sandzakpress.net\/arhiva\/muslimansko-bratstvo-poziva-na-proteste\/#respond"]}]},{"@type":"WebPage","@id":"https:\/\/sandzakpress.net\/arhiva\/muslimansko-bratstvo-poziva-na-proteste\/","url":"https:\/\/sandzakpress.net\/arhiva\/muslimansko-bratstvo-poziva-na-proteste\/","name":"Muslimansko bratstvo poziva na proteste","isPartOf":{"@id":"https:\/\/sandzakpress.net\/arhiva\/#website"},"primaryImageOfPage":{"@id":"https:\/\/sandzakpress.net\/arhiva\/muslimansko-bratstvo-poziva-na-proteste\/#primaryimage"},"image":{"@id":"https:\/\/sandzakpress.net\/arhiva\/muslimansko-bratstvo-poziva-na-proteste\/#primaryimage"},"thumbnailUrl":"https:\/\/sandzakpress.net\/arhiva\/wp-content\/uploads\/2013\/08\/4481dab743aa8520d444d27b445b6167_XL-300x1811.jpg","datePublished":"2013-08-29T18:34:58+00:00","breadcrumb":{"@id":"https:\/\/sandzakpress.net\/arhiva\/muslimansko-bratstvo-poziva-na-proteste\/#breadcrumb"},"inLanguage":"bs-BA","potentialAction":[{"@type":"ReadAction","target":["https:\/\/sandzakpress.net\/arhiva\/muslimansko-bratstvo-poziva-na-proteste\/"]}]},{"@type":"ImageObject","inLanguage":"bs-BA","@id":"https:\/\/sandzakpress.net\/arhiva\/muslimansko-bratstvo-poziva-na-proteste\/#primaryimage","url":"https:\/\/sandzakpress.net\/arhiva\/wp-content\/uploads\/2013\/08\/4481dab743aa8520d444d27b445b6167_XL-300x1811.jpg","contentUrl":"https:\/\/sandzakpress.net\/arhiva\/wp-content\/uploads\/2013\/08\/4481dab743aa8520d444d27b445b6167_XL-300x1811.jpg","width":300,"height":181},{"@type":"BreadcrumbList","@id":"https:\/\/sandzakpress.net\/arhiva\/muslimansko-bratstvo-poziva-na-proteste\/#breadcrumb","itemListElement":[{"@type":"ListItem","position":1,"name":"Home","item":"https:\/\/sandzakpress.net\/arhiva\/"},{"@type":"ListItem","position":2,"name":"Muslimansko bratstvo poziva na proteste"}]},{"@type":"WebSite","@id":"https:\/\/sandzakpress.net\/arhiva\/#website","url":"https:\/\/sandzakpress.net\/arhiva\/","name":"Sand\u017eak PRESS","description":"Prve elektronske novine u Sand\u017eaku","publisher":{"@id":"https:\/\/sandzakpress.net\/arhiva\/#\/schema\/person\/6e72b67d6e51910a1117b3b483ba20bd"},"potentialAction":[{"@type":"SearchAction","target":{"@type":"EntryPoint","urlTemplate":"https:\/\/sandzakpress.net\/arhiva\/?s={search_term_string}"},"query-input":{"@type":"PropertyValueSpecification","valueRequired":true,"valueName":"search_term_string"}}],"inLanguage":"bs-BA"},{"@type":["Person","Organization"],"@id":"https:\/\/sandzakpress.net\/arhiva\/#\/schema\/person\/6e72b67d6e51910a1117b3b483ba20bd","name":"Kul","image":{"@type":"ImageObject","inLanguage":"bs-BA","@id":"https:\/\/sandzakpress.net\/arhiva\/#\/schema\/person\/image\/","url":"https:\/\/secure.gravatar.com\/avatar\/42263f39aa27ac04c43cab85c280eb2e?s=96&d=mm&r=pg","contentUrl":"https:\/\/secure.gravatar.com\/avatar\/42263f39aa27ac04c43cab85c280eb2e?s=96&d=mm&r=pg","caption":"Kul"},"logo":{"@id":"https:\/\/sandzakpress.net\/arhiva\/#\/schema\/person\/image\/"}},{"@type":"Person","@id":"https:\/\/sandzakpress.net\/arhiva\/#\/schema\/person\/c8baee722073534b583ea7bdb2e36c02","name":"bosniak","image":{"@type":"ImageObject","inLanguage":"bs-BA","@id":"https:\/\/sandzakpress.net\/arhiva\/#\/schema\/person\/image\/","url":"https:\/\/secure.gravatar.com\/avatar\/a04fd330bfe3a36a72a0ad4a6d89fca7?s=96&d=mm&r=pg","contentUrl":"https:\/\/secure.gravatar.com\/avatar\/a04fd330bfe3a36a72a0ad4a6d89fca7?s=96&d=mm&r=pg","caption":"bosniak"},"url":"https:\/\/sandzakpress.net\/arhiva\/author\/bosniak\/"}]}},"_links":{"self":[{"href":"https:\/\/sandzakpress.net\/arhiva\/wp-json\/wp\/v2\/posts\/86585"}],"collection":[{"href":"https:\/\/sandzakpress.net\/arhiva\/wp-json\/wp\/v2\/posts"}],"about":[{"href":"https:\/\/sandzakpress.net\/arhiva\/wp-json\/wp\/v2\/types\/post"}],"author":[{"embeddable":true,"href":"https:\/\/sandzakpress.net\/arhiva\/wp-json\/wp\/v2\/users\/83"}],"replies":[{"embeddable":true,"href":"https:\/\/sandzakpress.net\/arhiva\/wp-json\/wp\/v2\/comments?post=86585"}],"version-history":[{"count":0,"href":"https:\/\/sandzakpress.net\/arhiva\/wp-json\/wp\/v2\/posts\/86585\/revisions"}],"wp:featuredmedia":[{"embeddable":true,"href":"https:\/\/sandzakpress.net\/arhiva\/wp-json\/wp\/v2\/media\/86587"}],"wp:attachment":[{"href":"https:\/\/sandzakpress.net\/arhiva\/wp-json\/wp\/v2\/media?parent=86585"}],"wp:term":[{"taxonomy":"category","embeddable":true,"href":"https:\/\/sandzakpress.net\/arhiva\/wp-json\/wp\/v2\/categories?post=86585"},{"taxonomy":"post_tag","embeddable":true,"href":"https:\/\/sandzakpress.net\/arhiva\/wp-json\/wp\/v2\/tags?post=86585"}],"curies":[{"name":"wp","href":"https:\/\/api.w.org\/{rel}","templated":true}]}}