{"id":86506,"date":"2013-08-29T10:14:17","date_gmt":"2013-08-29T08:14:17","guid":{"rendered":"https:\/\/sandzakpress.net\/arhiva\/?p=86506"},"modified":"2013-08-29T10:14:17","modified_gmt":"2013-08-29T08:14:17","slug":"sdp-srbije-u-vlasti-u-trsteniku","status":"publish","type":"post","link":"https:\/\/sandzakpress.net\/arhiva\/sdp-srbije-u-vlasti-u-trsteniku\/","title":{"rendered":"SDP Srbije u vlasti u Trsteniku"},"content":{"rendered":"<p><strong><a href=\"https:\/\/sandzakpress.net\/arhiva\/wp-content\/uploads\/2013\/08\/\u0422\u0440\u0441\u0442\u0435\u043d\u0438\u043a-\u043f\u0430\u043d\u043e\u0440\u0430\u043c\u0430.jpg\"><img loading=\"lazy\" decoding=\"async\" class=\"alignleft size-medium wp-image-86507\" alt=\"\u0422\u0440\u0441\u0442\u0435\u043d\u0438\u043a-\u043f\u0430\u043d\u043e\u0440\u0430\u043c\u0430\" src=\"https:\/\/sandzakpress.net\/arhiva\/wp-content\/uploads\/2013\/08\/\u0422\u0440\u0441\u0442\u0435\u043d\u0438\u043a-\u043f\u0430\u043d\u043e\u0440\u0430\u043c\u0430-300x200.jpg\" width=\"300\" height=\"200\" \/><\/a>Srbija &#8211; Potrebno je da svako od nas vidi jasnu viziju, postavi realne i jasne ciljeve, rekla je predsjednica OO Vesna Milosavljevi\u0107.<\/strong><\/p>\n<p>Na poziv SNS, OO SDPS Trstenik se priklju\u010dio vladaju\u0107oj koaliciji. Na VII Sjednici Skup\u0161tine Op\u0161tine Trstenik odborni\u010dkoj grupi SNS pridru\u017eila se odbornica SDPS-a Vesna Milosavljevi\u0107. Ona je izjavila da je napravljen pozitivan pomak u politi\u010dkoj saradnji.<\/p>\n<p>\u201dAko \u00a0nesto iskrno \u017eelimo, a \u017eelimo da \u017eivimo bolje, moramo naporno raditi do kraja cilja. I to je jedini ispravni cilj kojim SDPS i odbor u Trsteniku te\u017ei.Vjerujem da ovaj grad mo\u017ee biti bolje mjesto za \u017eivot svih nas. Ovaj grad \u010dine po\u0161teni i vrijedni ljudi. Znam da udru\u017eeni mo\u017eemo do\u0107i do nekog cilja. A cilj svih nas je da pokrenemo ovo mjesto bez obzira na politi\u010dku pripadnost, obrazovanje,vjeru. Nadam se da svi \u017eelimo da u ovom gradu imamo svoju sigurnost i budu\u0107nost. Neki od nas se sje\u0107aju kako je ovo nekad bio industriski perspektivni grad u Evropi kojoj sada te\u017eimo. Potrebno je da svako od nas vidi jasnu viziju, postavi realne i jasne ciljeve i da nesebi\u010dnim, iskrenim radom napravimo zajedno od ovog grada mjesto dostojno za \u017eivot svakog. SDPSe \u017eeli da svojim radom da doprinos za bolje sutra. Ovim \u010dinom \u00a0SDPS \u00a0ne\u0107e ru\u0161iti ni jednu politi\u010dku opciju za dobrobit druge ve\u0107 da je do\u0161lo vrijeme da se gleda sutra, a ne \u00a0ju\u010de\u201d, poru\u010dila je Milosavljevi\u0107 na sjednici SO.<\/p>\n<p>(sdpsrbije.rs)<\/p>\n","protected":false},"excerpt":{"rendered":"<p>Srbija &#8211; Potrebno je da svako od nas vidi jasnu viziju, postavi realne i jasne ciljeve, rekla je predsjednica OO Vesna Milosavljevi\u0107. Na poziv SNS, OO SDPS Trstenik se priklju\u010dio vladaju\u0107oj koaliciji. Na VII Sjednici Skup\u0161tine Op\u0161tine Trstenik odborni\u010dkoj grupi SNS pridru\u017eila se odbornica SDPS-a Vesna Milosavljevi\u0107. Ona je izjavila da je napravljen pozitivan pomak [&hellip;]<\/p>\n","protected":false},"author":83,"featured_media":86508,"comment_status":"open","ping_status":"open","sticky":false,"template":"","format":"standard","meta":{"footnotes":""},"categories":[10307],"tags":[],"class_list":{"0":"post-86506","1":"post","2":"type-post","3":"status-publish","4":"format-standard","5":"has-post-thumbnail","7":"category-srbija"},"yoast_head":"<!-- This site is optimized with the Yoast SEO Premium plugin v23.1 (Yoast SEO v24.9) - https:\/\/yoast.com\/wordpress\/plugins\/seo\/ -->\n<title>SDP Srbije u vlasti u Trsteniku<\/title>\n<meta name=\"robots\" content=\"index, follow, max-snippet:-1, max-image-preview:large, max-video-preview:-1\" \/>\n<link rel=\"canonical\" href=\"https:\/\/sandzakpress.net\/arhiva\/sdp-srbije-u-vlasti-u-trsteniku\/\" \/>\n<meta property=\"og:locale\" content=\"bs_BA\" \/>\n<meta property=\"og:type\" content=\"article\" \/>\n<meta property=\"og:title\" content=\"SDP Srbije u vlasti u Trsteniku\" \/>\n<meta property=\"og:description\" content=\"Srbija &#8211; Potrebno je da svako od nas vidi jasnu viziju, postavi realne i jasne ciljeve, rekla je predsjednica OO Vesna Milosavljevi\u0107. Na poziv SNS, OO SDPS Trstenik se priklju\u010dio vladaju\u0107oj koaliciji. Na VII Sjednici Skup\u0161tine Op\u0161tine Trstenik odborni\u010dkoj grupi SNS pridru\u017eila se odbornica SDPS-a Vesna Milosavljevi\u0107. Ona je izjavila da je napravljen pozitivan pomak [&hellip;]\" \/>\n<meta property=\"og:url\" content=\"https:\/\/sandzakpress.net\/arhiva\/sdp-srbije-u-vlasti-u-trsteniku\/\" \/>\n<meta property=\"og:site_name\" content=\"Sand\u017eak PRESS\" \/>\n<meta property=\"article:published_time\" content=\"2013-08-29T08:14:17+00:00\" \/>\n<meta property=\"og:image\" content=\"https:\/\/sandzakpress.net\/arhiva\/wp-content\/uploads\/2013\/08\/\u0422\u0440\u0441\u0442\u0435\u043d\u0438\u043a-\u043f\u0430\u043d\u043e\u0440\u0430\u043c\u0430-300x2001.jpg\" \/>\n\t<meta property=\"og:image:width\" content=\"300\" \/>\n\t<meta property=\"og:image:height\" content=\"200\" \/>\n\t<meta property=\"og:image:type\" content=\"image\/jpeg\" \/>\n<meta name=\"author\" content=\"bosniak\" \/>\n<meta name=\"twitter:card\" content=\"summary_large_image\" \/>\n<meta name=\"twitter:label1\" content=\"Written by\" \/>\n\t<meta name=\"twitter:data1\" content=\"bosniak\" \/>\n\t<meta name=\"twitter:label2\" content=\"Est. reading time\" \/>\n\t<meta name=\"twitter:data2\" content=\"1 minuta\" \/>\n<script type=\"application\/ld+json\" class=\"yoast-schema-graph\">{\"@context\":\"https:\/\/schema.org\",\"@graph\":[{\"@type\":\"Article\",\"@id\":\"https:\/\/sandzakpress.net\/arhiva\/sdp-srbije-u-vlasti-u-trsteniku\/#article\",\"isPartOf\":{\"@id\":\"https:\/\/sandzakpress.net\/arhiva\/sdp-srbije-u-vlasti-u-trsteniku\/\"},\"author\":{\"name\":\"bosniak\",\"@id\":\"https:\/\/sandzakpress.net\/arhiva\/#\/schema\/person\/c8baee722073534b583ea7bdb2e36c02\"},\"headline\":\"SDP Srbije u vlasti u Trsteniku\",\"datePublished\":\"2013-08-29T08:14:17+00:00\",\"mainEntityOfPage\":{\"@id\":\"https:\/\/sandzakpress.net\/arhiva\/sdp-srbije-u-vlasti-u-trsteniku\/\"},\"wordCount\":262,\"commentCount\":0,\"publisher\":{\"@id\":\"https:\/\/sandzakpress.net\/arhiva\/#\/schema\/person\/6e72b67d6e51910a1117b3b483ba20bd\"},\"image\":{\"@id\":\"https:\/\/sandzakpress.net\/arhiva\/sdp-srbije-u-vlasti-u-trsteniku\/#primaryimage\"},\"thumbnailUrl\":\"https:\/\/sandzakpress.net\/arhiva\/wp-content\/uploads\/2013\/08\/\u0422\u0440\u0441\u0442\u0435\u043d\u0438\u043a-\u043f\u0430\u043d\u043e\u0440\u0430\u043c\u0430-300x2001.jpg\",\"articleSection\":[\"Srbija\"],\"inLanguage\":\"bs-BA\",\"potentialAction\":[{\"@type\":\"CommentAction\",\"name\":\"Comment\",\"target\":[\"https:\/\/sandzakpress.net\/arhiva\/sdp-srbije-u-vlasti-u-trsteniku\/#respond\"]}]},{\"@type\":\"WebPage\",\"@id\":\"https:\/\/sandzakpress.net\/arhiva\/sdp-srbije-u-vlasti-u-trsteniku\/\",\"url\":\"https:\/\/sandzakpress.net\/arhiva\/sdp-srbije-u-vlasti-u-trsteniku\/\",\"name\":\"SDP Srbije u vlasti u Trsteniku\",\"isPartOf\":{\"@id\":\"https:\/\/sandzakpress.net\/arhiva\/#website\"},\"primaryImageOfPage\":{\"@id\":\"https:\/\/sandzakpress.net\/arhiva\/sdp-srbije-u-vlasti-u-trsteniku\/#primaryimage\"},\"image\":{\"@id\":\"https:\/\/sandzakpress.net\/arhiva\/sdp-srbije-u-vlasti-u-trsteniku\/#primaryimage\"},\"thumbnailUrl\":\"https:\/\/sandzakpress.net\/arhiva\/wp-content\/uploads\/2013\/08\/\u0422\u0440\u0441\u0442\u0435\u043d\u0438\u043a-\u043f\u0430\u043d\u043e\u0440\u0430\u043c\u0430-300x2001.jpg\",\"datePublished\":\"2013-08-29T08:14:17+00:00\",\"breadcrumb\":{\"@id\":\"https:\/\/sandzakpress.net\/arhiva\/sdp-srbije-u-vlasti-u-trsteniku\/#breadcrumb\"},\"inLanguage\":\"bs-BA\",\"potentialAction\":[{\"@type\":\"ReadAction\",\"target\":[\"https:\/\/sandzakpress.net\/arhiva\/sdp-srbije-u-vlasti-u-trsteniku\/\"]}]},{\"@type\":\"ImageObject\",\"inLanguage\":\"bs-BA\",\"@id\":\"https:\/\/sandzakpress.net\/arhiva\/sdp-srbije-u-vlasti-u-trsteniku\/#primaryimage\",\"url\":\"https:\/\/sandzakpress.net\/arhiva\/wp-content\/uploads\/2013\/08\/\u0422\u0440\u0441\u0442\u0435\u043d\u0438\u043a-\u043f\u0430\u043d\u043e\u0440\u0430\u043c\u0430-300x2001.jpg\",\"contentUrl\":\"https:\/\/sandzakpress.net\/arhiva\/wp-content\/uploads\/2013\/08\/\u0422\u0440\u0441\u0442\u0435\u043d\u0438\u043a-\u043f\u0430\u043d\u043e\u0440\u0430\u043c\u0430-300x2001.jpg\",\"width\":300,\"height\":200},{\"@type\":\"BreadcrumbList\",\"@id\":\"https:\/\/sandzakpress.net\/arhiva\/sdp-srbije-u-vlasti-u-trsteniku\/#breadcrumb\",\"itemListElement\":[{\"@type\":\"ListItem\",\"position\":1,\"name\":\"Home\",\"item\":\"https:\/\/sandzakpress.net\/arhiva\/\"},{\"@type\":\"ListItem\",\"position\":2,\"name\":\"SDP Srbije u vlasti u Trsteniku\"}]},{\"@type\":\"WebSite\",\"@id\":\"https:\/\/sandzakpress.net\/arhiva\/#website\",\"url\":\"https:\/\/sandzakpress.net\/arhiva\/\",\"name\":\"Sand\u017eak PRESS\",\"description\":\"Prve elektronske novine u Sand\u017eaku\",\"publisher\":{\"@id\":\"https:\/\/sandzakpress.net\/arhiva\/#\/schema\/person\/6e72b67d6e51910a1117b3b483ba20bd\"},\"potentialAction\":[{\"@type\":\"SearchAction\",\"target\":{\"@type\":\"EntryPoint\",\"urlTemplate\":\"https:\/\/sandzakpress.net\/arhiva\/?s={search_term_string}\"},\"query-input\":{\"@type\":\"PropertyValueSpecification\",\"valueRequired\":true,\"valueName\":\"search_term_string\"}}],\"inLanguage\":\"bs-BA\"},{\"@type\":[\"Person\",\"Organization\"],\"@id\":\"https:\/\/sandzakpress.net\/arhiva\/#\/schema\/person\/6e72b67d6e51910a1117b3b483ba20bd\",\"name\":\"Kul\",\"image\":{\"@type\":\"ImageObject\",\"inLanguage\":\"bs-BA\",\"@id\":\"https:\/\/sandzakpress.net\/arhiva\/#\/schema\/person\/image\/\",\"url\":\"https:\/\/secure.gravatar.com\/avatar\/42263f39aa27ac04c43cab85c280eb2e?s=96&d=mm&r=pg\",\"contentUrl\":\"https:\/\/secure.gravatar.com\/avatar\/42263f39aa27ac04c43cab85c280eb2e?s=96&d=mm&r=pg\",\"caption\":\"Kul\"},\"logo\":{\"@id\":\"https:\/\/sandzakpress.net\/arhiva\/#\/schema\/person\/image\/\"}},{\"@type\":\"Person\",\"@id\":\"https:\/\/sandzakpress.net\/arhiva\/#\/schema\/person\/c8baee722073534b583ea7bdb2e36c02\",\"name\":\"bosniak\",\"image\":{\"@type\":\"ImageObject\",\"inLanguage\":\"bs-BA\",\"@id\":\"https:\/\/sandzakpress.net\/arhiva\/#\/schema\/person\/image\/\",\"url\":\"https:\/\/secure.gravatar.com\/avatar\/a04fd330bfe3a36a72a0ad4a6d89fca7?s=96&d=mm&r=pg\",\"contentUrl\":\"https:\/\/secure.gravatar.com\/avatar\/a04fd330bfe3a36a72a0ad4a6d89fca7?s=96&d=mm&r=pg\",\"caption\":\"bosniak\"},\"url\":\"https:\/\/sandzakpress.net\/arhiva\/author\/bosniak\/\"}]}<\/script>\n<!-- \/ Yoast SEO Premium plugin. -->","yoast_head_json":{"title":"SDP Srbije u vlasti u Trsteniku","robots":{"index":"index","follow":"follow","max-snippet":"max-snippet:-1","max-image-preview":"max-image-preview:large","max-video-preview":"max-video-preview:-1"},"canonical":"https:\/\/sandzakpress.net\/arhiva\/sdp-srbije-u-vlasti-u-trsteniku\/","og_locale":"bs_BA","og_type":"article","og_title":"SDP Srbije u vlasti u Trsteniku","og_description":"Srbija &#8211; Potrebno je da svako od nas vidi jasnu viziju, postavi realne i jasne ciljeve, rekla je predsjednica OO Vesna Milosavljevi\u0107. Na poziv SNS, OO SDPS Trstenik se priklju\u010dio vladaju\u0107oj koaliciji. Na VII Sjednici Skup\u0161tine Op\u0161tine Trstenik odborni\u010dkoj grupi SNS pridru\u017eila se odbornica SDPS-a Vesna Milosavljevi\u0107. Ona je izjavila da je napravljen pozitivan pomak [&hellip;]","og_url":"https:\/\/sandzakpress.net\/arhiva\/sdp-srbije-u-vlasti-u-trsteniku\/","og_site_name":"Sand\u017eak PRESS","article_published_time":"2013-08-29T08:14:17+00:00","og_image":[{"width":300,"height":200,"url":"https:\/\/sandzakpress.net\/arhiva\/wp-content\/uploads\/2013\/08\/\u0422\u0440\u0441\u0442\u0435\u043d\u0438\u043a-\u043f\u0430\u043d\u043e\u0440\u0430\u043c\u0430-300x2001.jpg","type":"image\/jpeg"}],"author":"bosniak","twitter_card":"summary_large_image","twitter_misc":{"Written by":"bosniak","Est. reading time":"1 minuta"},"schema":{"@context":"https:\/\/schema.org","@graph":[{"@type":"Article","@id":"https:\/\/sandzakpress.net\/arhiva\/sdp-srbije-u-vlasti-u-trsteniku\/#article","isPartOf":{"@id":"https:\/\/sandzakpress.net\/arhiva\/sdp-srbije-u-vlasti-u-trsteniku\/"},"author":{"name":"bosniak","@id":"https:\/\/sandzakpress.net\/arhiva\/#\/schema\/person\/c8baee722073534b583ea7bdb2e36c02"},"headline":"SDP Srbije u vlasti u Trsteniku","datePublished":"2013-08-29T08:14:17+00:00","mainEntityOfPage":{"@id":"https:\/\/sandzakpress.net\/arhiva\/sdp-srbije-u-vlasti-u-trsteniku\/"},"wordCount":262,"commentCount":0,"publisher":{"@id":"https:\/\/sandzakpress.net\/arhiva\/#\/schema\/person\/6e72b67d6e51910a1117b3b483ba20bd"},"image":{"@id":"https:\/\/sandzakpress.net\/arhiva\/sdp-srbije-u-vlasti-u-trsteniku\/#primaryimage"},"thumbnailUrl":"https:\/\/sandzakpress.net\/arhiva\/wp-content\/uploads\/2013\/08\/\u0422\u0440\u0441\u0442\u0435\u043d\u0438\u043a-\u043f\u0430\u043d\u043e\u0440\u0430\u043c\u0430-300x2001.jpg","articleSection":["Srbija"],"inLanguage":"bs-BA","potentialAction":[{"@type":"CommentAction","name":"Comment","target":["https:\/\/sandzakpress.net\/arhiva\/sdp-srbije-u-vlasti-u-trsteniku\/#respond"]}]},{"@type":"WebPage","@id":"https:\/\/sandzakpress.net\/arhiva\/sdp-srbije-u-vlasti-u-trsteniku\/","url":"https:\/\/sandzakpress.net\/arhiva\/sdp-srbije-u-vlasti-u-trsteniku\/","name":"SDP Srbije u vlasti u Trsteniku","isPartOf":{"@id":"https:\/\/sandzakpress.net\/arhiva\/#website"},"primaryImageOfPage":{"@id":"https:\/\/sandzakpress.net\/arhiva\/sdp-srbije-u-vlasti-u-trsteniku\/#primaryimage"},"image":{"@id":"https:\/\/sandzakpress.net\/arhiva\/sdp-srbije-u-vlasti-u-trsteniku\/#primaryimage"},"thumbnailUrl":"https:\/\/sandzakpress.net\/arhiva\/wp-content\/uploads\/2013\/08\/\u0422\u0440\u0441\u0442\u0435\u043d\u0438\u043a-\u043f\u0430\u043d\u043e\u0440\u0430\u043c\u0430-300x2001.jpg","datePublished":"2013-08-29T08:14:17+00:00","breadcrumb":{"@id":"https:\/\/sandzakpress.net\/arhiva\/sdp-srbije-u-vlasti-u-trsteniku\/#breadcrumb"},"inLanguage":"bs-BA","potentialAction":[{"@type":"ReadAction","target":["https:\/\/sandzakpress.net\/arhiva\/sdp-srbije-u-vlasti-u-trsteniku\/"]}]},{"@type":"ImageObject","inLanguage":"bs-BA","@id":"https:\/\/sandzakpress.net\/arhiva\/sdp-srbije-u-vlasti-u-trsteniku\/#primaryimage","url":"https:\/\/sandzakpress.net\/arhiva\/wp-content\/uploads\/2013\/08\/\u0422\u0440\u0441\u0442\u0435\u043d\u0438\u043a-\u043f\u0430\u043d\u043e\u0440\u0430\u043c\u0430-300x2001.jpg","contentUrl":"https:\/\/sandzakpress.net\/arhiva\/wp-content\/uploads\/2013\/08\/\u0422\u0440\u0441\u0442\u0435\u043d\u0438\u043a-\u043f\u0430\u043d\u043e\u0440\u0430\u043c\u0430-300x2001.jpg","width":300,"height":200},{"@type":"BreadcrumbList","@id":"https:\/\/sandzakpress.net\/arhiva\/sdp-srbije-u-vlasti-u-trsteniku\/#breadcrumb","itemListElement":[{"@type":"ListItem","position":1,"name":"Home","item":"https:\/\/sandzakpress.net\/arhiva\/"},{"@type":"ListItem","position":2,"name":"SDP Srbije u vlasti u Trsteniku"}]},{"@type":"WebSite","@id":"https:\/\/sandzakpress.net\/arhiva\/#website","url":"https:\/\/sandzakpress.net\/arhiva\/","name":"Sand\u017eak PRESS","description":"Prve elektronske novine u Sand\u017eaku","publisher":{"@id":"https:\/\/sandzakpress.net\/arhiva\/#\/schema\/person\/6e72b67d6e51910a1117b3b483ba20bd"},"potentialAction":[{"@type":"SearchAction","target":{"@type":"EntryPoint","urlTemplate":"https:\/\/sandzakpress.net\/arhiva\/?s={search_term_string}"},"query-input":{"@type":"PropertyValueSpecification","valueRequired":true,"valueName":"search_term_string"}}],"inLanguage":"bs-BA"},{"@type":["Person","Organization"],"@id":"https:\/\/sandzakpress.net\/arhiva\/#\/schema\/person\/6e72b67d6e51910a1117b3b483ba20bd","name":"Kul","image":{"@type":"ImageObject","inLanguage":"bs-BA","@id":"https:\/\/sandzakpress.net\/arhiva\/#\/schema\/person\/image\/","url":"https:\/\/secure.gravatar.com\/avatar\/42263f39aa27ac04c43cab85c280eb2e?s=96&d=mm&r=pg","contentUrl":"https:\/\/secure.gravatar.com\/avatar\/42263f39aa27ac04c43cab85c280eb2e?s=96&d=mm&r=pg","caption":"Kul"},"logo":{"@id":"https:\/\/sandzakpress.net\/arhiva\/#\/schema\/person\/image\/"}},{"@type":"Person","@id":"https:\/\/sandzakpress.net\/arhiva\/#\/schema\/person\/c8baee722073534b583ea7bdb2e36c02","name":"bosniak","image":{"@type":"ImageObject","inLanguage":"bs-BA","@id":"https:\/\/sandzakpress.net\/arhiva\/#\/schema\/person\/image\/","url":"https:\/\/secure.gravatar.com\/avatar\/a04fd330bfe3a36a72a0ad4a6d89fca7?s=96&d=mm&r=pg","contentUrl":"https:\/\/secure.gravatar.com\/avatar\/a04fd330bfe3a36a72a0ad4a6d89fca7?s=96&d=mm&r=pg","caption":"bosniak"},"url":"https:\/\/sandzakpress.net\/arhiva\/author\/bosniak\/"}]}},"_links":{"self":[{"href":"https:\/\/sandzakpress.net\/arhiva\/wp-json\/wp\/v2\/posts\/86506"}],"collection":[{"href":"https:\/\/sandzakpress.net\/arhiva\/wp-json\/wp\/v2\/posts"}],"about":[{"href":"https:\/\/sandzakpress.net\/arhiva\/wp-json\/wp\/v2\/types\/post"}],"author":[{"embeddable":true,"href":"https:\/\/sandzakpress.net\/arhiva\/wp-json\/wp\/v2\/users\/83"}],"replies":[{"embeddable":true,"href":"https:\/\/sandzakpress.net\/arhiva\/wp-json\/wp\/v2\/comments?post=86506"}],"version-history":[{"count":0,"href":"https:\/\/sandzakpress.net\/arhiva\/wp-json\/wp\/v2\/posts\/86506\/revisions"}],"wp:featuredmedia":[{"embeddable":true,"href":"https:\/\/sandzakpress.net\/arhiva\/wp-json\/wp\/v2\/media\/86508"}],"wp:attachment":[{"href":"https:\/\/sandzakpress.net\/arhiva\/wp-json\/wp\/v2\/media?parent=86506"}],"wp:term":[{"taxonomy":"category","embeddable":true,"href":"https:\/\/sandzakpress.net\/arhiva\/wp-json\/wp\/v2\/categories?post=86506"},{"taxonomy":"post_tag","embeddable":true,"href":"https:\/\/sandzakpress.net\/arhiva\/wp-json\/wp\/v2\/tags?post=86506"}],"curies":[{"name":"wp","href":"https:\/\/api.w.org\/{rel}","templated":true}]}}