{"id":86497,"date":"2013-08-29T10:09:00","date_gmt":"2013-08-29T08:09:00","guid":{"rendered":"https:\/\/sandzakpress.net\/arhiva\/?p=86497"},"modified":"2013-08-29T10:09:00","modified_gmt":"2013-08-29T08:09:00","slug":"prijepolje-radovi-sa-39-kolonije-mileseva","status":"publish","type":"post","link":"https:\/\/sandzakpress.net\/arhiva\/prijepolje-radovi-sa-39-kolonije-mileseva\/","title":{"rendered":"Prijepolje: Radovi sa 39. kolonije \u201cMile\u0161eva\u201d"},"content":{"rendered":"<p><strong><a href=\"https:\/\/sandzakpress.net\/arhiva\/wp-content\/uploads\/2013\/08\/kolonija-mileseva-1.gif\"><img loading=\"lazy\" decoding=\"async\" class=\"alignleft size-medium wp-image-86498\" alt=\"kolonija-mileseva-1\" src=\"https:\/\/sandzakpress.net\/arhiva\/wp-content\/uploads\/2013\/08\/kolonija-mileseva-1-300x150.gif\" width=\"300\" height=\"150\" \/><\/a>Prijepolje &#8211; U galerijskom prostoru Muzeja u Prijepolju otvorena je izlo\u017eba umjetni\u010dkih radova 39. saziva Umjetni\u010dke kolonije \u201eMile\u0161eva\u201c. U prisustvu umjetnika pro\u0161logodi\u0161njeg i novog, jubilarnog 40. saziva likovne kolonije i posjetilaca, pored pozdravnih govora direktora Doma kulture, Ljubi\u0161e Savkovi\u0107a i njenog umjetni\u010dkog direktora Gorana \u010cpajaka, izlo\u017ebu je otvorio Emir Ha\u0161imbegovi\u0107, predsjednik op\u0161tine Prijepolje.<\/strong><\/p>\n<p>-Za blizu \u010detiri decenije stvaranja umjetnici su iza sebe Prijepolju ostaviliumetni\u010dki opus od neprocenjivog zna\u010daja sa legatom od preko 300 umjetni\u010dkih dijela,koji bez ikakve sumnje predstavlja izuzetno vrijedno kulturno blago sa kojim se ovajgrad ponosi, rekao je Ha\u0161imbegovi\u0107 i dodao da iako se i ova sredina kao uostalomi mnoge druge u zemlji suo\u010dava sa ekonomskom krizom, op\u0161tina Prijepolje ipak izdvaja znatna sredstva za kulturu i podr\u017eava finansijski i na druge na\u010dine mnoge stvarala\u010dke\u00a0 programe i kulturne manifestacije me\u0111u kojima je i Umjetni\u010dka kolonija Mile\u0161eva. Smatramo da je takav odnos ispravan i opravdan jer izdvajanja za kulturuvi\u0161estruko se vra\u0107aju kroz podizanje obrazovnog i kulturnog nivoa i svijesti gra\u0111anana\u0161e op\u0161tine, istakao je predsjednik op\u0161tine Emir Ha\u0161imbegovi\u0107, progla\u0161avaju\u0107iizlo\u017ebu 39. saziva Mile\u0161evske kolonije otvorenom, dok je\u00a0 umjetnicima \u2013 u\u010desnicima40 saziva za\u017eeleo prijatan boravak u Prijepolju.<\/p>\n<p>(westinfo.rs)<\/p>\n","protected":false},"excerpt":{"rendered":"<p>Prijepolje &#8211; U galerijskom prostoru Muzeja u Prijepolju otvorena je izlo\u017eba umjetni\u010dkih radova 39. saziva Umjetni\u010dke kolonije \u201eMile\u0161eva\u201c. U prisustvu umjetnika pro\u0161logodi\u0161njeg i novog, jubilarnog 40. saziva likovne kolonije i posjetilaca, pored pozdravnih govora direktora Doma kulture, Ljubi\u0161e Savkovi\u0107a i njenog umjetni\u010dkog direktora Gorana \u010cpajaka, izlo\u017ebu je otvorio Emir Ha\u0161imbegovi\u0107, predsjednik op\u0161tine Prijepolje. -Za blizu [&hellip;]<\/p>\n","protected":false},"author":83,"featured_media":86499,"comment_status":"open","ping_status":"open","sticky":false,"template":"","format":"standard","meta":{"footnotes":""},"categories":[392],"tags":[],"class_list":{"0":"post-86497","1":"post","2":"type-post","3":"status-publish","4":"format-standard","5":"has-post-thumbnail","7":"category-prijepolje_"},"yoast_head":"<!-- This site is optimized with the Yoast SEO Premium plugin v23.1 (Yoast SEO v24.9) - https:\/\/yoast.com\/wordpress\/plugins\/seo\/ -->\n<title>Prijepolje: Radovi sa 39. kolonije \u201cMile\u0161eva\u201d<\/title>\n<meta name=\"robots\" content=\"index, follow, max-snippet:-1, max-image-preview:large, max-video-preview:-1\" \/>\n<link rel=\"canonical\" href=\"https:\/\/sandzakpress.net\/arhiva\/prijepolje-radovi-sa-39-kolonije-mileseva\/\" \/>\n<meta property=\"og:locale\" content=\"bs_BA\" \/>\n<meta property=\"og:type\" content=\"article\" \/>\n<meta property=\"og:title\" content=\"Prijepolje: Radovi sa 39. kolonije \u201cMile\u0161eva\u201d\" \/>\n<meta property=\"og:description\" content=\"Prijepolje &#8211; U galerijskom prostoru Muzeja u Prijepolju otvorena je izlo\u017eba umjetni\u010dkih radova 39. saziva Umjetni\u010dke kolonije \u201eMile\u0161eva\u201c. U prisustvu umjetnika pro\u0161logodi\u0161njeg i novog, jubilarnog 40. saziva likovne kolonije i posjetilaca, pored pozdravnih govora direktora Doma kulture, Ljubi\u0161e Savkovi\u0107a i njenog umjetni\u010dkog direktora Gorana \u010cpajaka, izlo\u017ebu je otvorio Emir Ha\u0161imbegovi\u0107, predsjednik op\u0161tine Prijepolje. -Za blizu [&hellip;]\" \/>\n<meta property=\"og:url\" content=\"https:\/\/sandzakpress.net\/arhiva\/prijepolje-radovi-sa-39-kolonije-mileseva\/\" \/>\n<meta property=\"og:site_name\" content=\"Sand\u017eak PRESS\" \/>\n<meta property=\"article:published_time\" content=\"2013-08-29T08:09:00+00:00\" \/>\n<meta property=\"og:image\" content=\"https:\/\/sandzakpress.net\/arhiva\/wp-content\/uploads\/2013\/08\/kolonija-mileseva-1-300x1501.gif\" \/>\n\t<meta property=\"og:image:width\" content=\"300\" \/>\n\t<meta property=\"og:image:height\" content=\"150\" \/>\n\t<meta property=\"og:image:type\" content=\"image\/gif\" \/>\n<meta name=\"author\" content=\"bosniak\" \/>\n<meta name=\"twitter:card\" content=\"summary_large_image\" \/>\n<meta name=\"twitter:label1\" content=\"Written by\" \/>\n\t<meta name=\"twitter:data1\" content=\"bosniak\" \/>\n\t<meta name=\"twitter:label2\" content=\"Est. reading time\" \/>\n\t<meta name=\"twitter:data2\" content=\"1 minuta\" \/>\n<script type=\"application\/ld+json\" class=\"yoast-schema-graph\">{\"@context\":\"https:\/\/schema.org\",\"@graph\":[{\"@type\":\"Article\",\"@id\":\"https:\/\/sandzakpress.net\/arhiva\/prijepolje-radovi-sa-39-kolonije-mileseva\/#article\",\"isPartOf\":{\"@id\":\"https:\/\/sandzakpress.net\/arhiva\/prijepolje-radovi-sa-39-kolonije-mileseva\/\"},\"author\":{\"name\":\"bosniak\",\"@id\":\"https:\/\/sandzakpress.net\/arhiva\/#\/schema\/person\/c8baee722073534b583ea7bdb2e36c02\"},\"headline\":\"Prijepolje: Radovi sa 39. kolonije \u201cMile\u0161eva\u201d\",\"datePublished\":\"2013-08-29T08:09:00+00:00\",\"mainEntityOfPage\":{\"@id\":\"https:\/\/sandzakpress.net\/arhiva\/prijepolje-radovi-sa-39-kolonije-mileseva\/\"},\"wordCount\":225,\"commentCount\":0,\"publisher\":{\"@id\":\"https:\/\/sandzakpress.net\/arhiva\/#\/schema\/person\/6e72b67d6e51910a1117b3b483ba20bd\"},\"image\":{\"@id\":\"https:\/\/sandzakpress.net\/arhiva\/prijepolje-radovi-sa-39-kolonije-mileseva\/#primaryimage\"},\"thumbnailUrl\":\"https:\/\/sandzakpress.net\/arhiva\/wp-content\/uploads\/2013\/08\/kolonija-mileseva-1-300x1501.gif\",\"articleSection\":[\"Prijepolje\"],\"inLanguage\":\"bs-BA\",\"potentialAction\":[{\"@type\":\"CommentAction\",\"name\":\"Comment\",\"target\":[\"https:\/\/sandzakpress.net\/arhiva\/prijepolje-radovi-sa-39-kolonije-mileseva\/#respond\"]}]},{\"@type\":\"WebPage\",\"@id\":\"https:\/\/sandzakpress.net\/arhiva\/prijepolje-radovi-sa-39-kolonije-mileseva\/\",\"url\":\"https:\/\/sandzakpress.net\/arhiva\/prijepolje-radovi-sa-39-kolonije-mileseva\/\",\"name\":\"Prijepolje: Radovi sa 39. kolonije \u201cMile\u0161eva\u201d\",\"isPartOf\":{\"@id\":\"https:\/\/sandzakpress.net\/arhiva\/#website\"},\"primaryImageOfPage\":{\"@id\":\"https:\/\/sandzakpress.net\/arhiva\/prijepolje-radovi-sa-39-kolonije-mileseva\/#primaryimage\"},\"image\":{\"@id\":\"https:\/\/sandzakpress.net\/arhiva\/prijepolje-radovi-sa-39-kolonije-mileseva\/#primaryimage\"},\"thumbnailUrl\":\"https:\/\/sandzakpress.net\/arhiva\/wp-content\/uploads\/2013\/08\/kolonija-mileseva-1-300x1501.gif\",\"datePublished\":\"2013-08-29T08:09:00+00:00\",\"breadcrumb\":{\"@id\":\"https:\/\/sandzakpress.net\/arhiva\/prijepolje-radovi-sa-39-kolonije-mileseva\/#breadcrumb\"},\"inLanguage\":\"bs-BA\",\"potentialAction\":[{\"@type\":\"ReadAction\",\"target\":[\"https:\/\/sandzakpress.net\/arhiva\/prijepolje-radovi-sa-39-kolonije-mileseva\/\"]}]},{\"@type\":\"ImageObject\",\"inLanguage\":\"bs-BA\",\"@id\":\"https:\/\/sandzakpress.net\/arhiva\/prijepolje-radovi-sa-39-kolonije-mileseva\/#primaryimage\",\"url\":\"https:\/\/sandzakpress.net\/arhiva\/wp-content\/uploads\/2013\/08\/kolonija-mileseva-1-300x1501.gif\",\"contentUrl\":\"https:\/\/sandzakpress.net\/arhiva\/wp-content\/uploads\/2013\/08\/kolonija-mileseva-1-300x1501.gif\",\"width\":300,\"height\":150},{\"@type\":\"BreadcrumbList\",\"@id\":\"https:\/\/sandzakpress.net\/arhiva\/prijepolje-radovi-sa-39-kolonije-mileseva\/#breadcrumb\",\"itemListElement\":[{\"@type\":\"ListItem\",\"position\":1,\"name\":\"Home\",\"item\":\"https:\/\/sandzakpress.net\/arhiva\/\"},{\"@type\":\"ListItem\",\"position\":2,\"name\":\"Prijepolje: Radovi sa 39. kolonije \u201cMile\u0161eva\u201d\"}]},{\"@type\":\"WebSite\",\"@id\":\"https:\/\/sandzakpress.net\/arhiva\/#website\",\"url\":\"https:\/\/sandzakpress.net\/arhiva\/\",\"name\":\"Sand\u017eak PRESS\",\"description\":\"Prve elektronske novine u Sand\u017eaku\",\"publisher\":{\"@id\":\"https:\/\/sandzakpress.net\/arhiva\/#\/schema\/person\/6e72b67d6e51910a1117b3b483ba20bd\"},\"potentialAction\":[{\"@type\":\"SearchAction\",\"target\":{\"@type\":\"EntryPoint\",\"urlTemplate\":\"https:\/\/sandzakpress.net\/arhiva\/?s={search_term_string}\"},\"query-input\":{\"@type\":\"PropertyValueSpecification\",\"valueRequired\":true,\"valueName\":\"search_term_string\"}}],\"inLanguage\":\"bs-BA\"},{\"@type\":[\"Person\",\"Organization\"],\"@id\":\"https:\/\/sandzakpress.net\/arhiva\/#\/schema\/person\/6e72b67d6e51910a1117b3b483ba20bd\",\"name\":\"Kul\",\"image\":{\"@type\":\"ImageObject\",\"inLanguage\":\"bs-BA\",\"@id\":\"https:\/\/sandzakpress.net\/arhiva\/#\/schema\/person\/image\/\",\"url\":\"https:\/\/secure.gravatar.com\/avatar\/42263f39aa27ac04c43cab85c280eb2e?s=96&d=mm&r=pg\",\"contentUrl\":\"https:\/\/secure.gravatar.com\/avatar\/42263f39aa27ac04c43cab85c280eb2e?s=96&d=mm&r=pg\",\"caption\":\"Kul\"},\"logo\":{\"@id\":\"https:\/\/sandzakpress.net\/arhiva\/#\/schema\/person\/image\/\"}},{\"@type\":\"Person\",\"@id\":\"https:\/\/sandzakpress.net\/arhiva\/#\/schema\/person\/c8baee722073534b583ea7bdb2e36c02\",\"name\":\"bosniak\",\"image\":{\"@type\":\"ImageObject\",\"inLanguage\":\"bs-BA\",\"@id\":\"https:\/\/sandzakpress.net\/arhiva\/#\/schema\/person\/image\/\",\"url\":\"https:\/\/secure.gravatar.com\/avatar\/a04fd330bfe3a36a72a0ad4a6d89fca7?s=96&d=mm&r=pg\",\"contentUrl\":\"https:\/\/secure.gravatar.com\/avatar\/a04fd330bfe3a36a72a0ad4a6d89fca7?s=96&d=mm&r=pg\",\"caption\":\"bosniak\"},\"url\":\"https:\/\/sandzakpress.net\/arhiva\/author\/bosniak\/\"}]}<\/script>\n<!-- \/ Yoast SEO Premium plugin. -->","yoast_head_json":{"title":"Prijepolje: Radovi sa 39. kolonije \u201cMile\u0161eva\u201d","robots":{"index":"index","follow":"follow","max-snippet":"max-snippet:-1","max-image-preview":"max-image-preview:large","max-video-preview":"max-video-preview:-1"},"canonical":"https:\/\/sandzakpress.net\/arhiva\/prijepolje-radovi-sa-39-kolonije-mileseva\/","og_locale":"bs_BA","og_type":"article","og_title":"Prijepolje: Radovi sa 39. kolonije \u201cMile\u0161eva\u201d","og_description":"Prijepolje &#8211; U galerijskom prostoru Muzeja u Prijepolju otvorena je izlo\u017eba umjetni\u010dkih radova 39. saziva Umjetni\u010dke kolonije \u201eMile\u0161eva\u201c. U prisustvu umjetnika pro\u0161logodi\u0161njeg i novog, jubilarnog 40. saziva likovne kolonije i posjetilaca, pored pozdravnih govora direktora Doma kulture, Ljubi\u0161e Savkovi\u0107a i njenog umjetni\u010dkog direktora Gorana \u010cpajaka, izlo\u017ebu je otvorio Emir Ha\u0161imbegovi\u0107, predsjednik op\u0161tine Prijepolje. -Za blizu [&hellip;]","og_url":"https:\/\/sandzakpress.net\/arhiva\/prijepolje-radovi-sa-39-kolonije-mileseva\/","og_site_name":"Sand\u017eak PRESS","article_published_time":"2013-08-29T08:09:00+00:00","og_image":[{"width":300,"height":150,"url":"https:\/\/sandzakpress.net\/arhiva\/wp-content\/uploads\/2013\/08\/kolonija-mileseva-1-300x1501.gif","type":"image\/gif"}],"author":"bosniak","twitter_card":"summary_large_image","twitter_misc":{"Written by":"bosniak","Est. reading time":"1 minuta"},"schema":{"@context":"https:\/\/schema.org","@graph":[{"@type":"Article","@id":"https:\/\/sandzakpress.net\/arhiva\/prijepolje-radovi-sa-39-kolonije-mileseva\/#article","isPartOf":{"@id":"https:\/\/sandzakpress.net\/arhiva\/prijepolje-radovi-sa-39-kolonije-mileseva\/"},"author":{"name":"bosniak","@id":"https:\/\/sandzakpress.net\/arhiva\/#\/schema\/person\/c8baee722073534b583ea7bdb2e36c02"},"headline":"Prijepolje: Radovi sa 39. kolonije \u201cMile\u0161eva\u201d","datePublished":"2013-08-29T08:09:00+00:00","mainEntityOfPage":{"@id":"https:\/\/sandzakpress.net\/arhiva\/prijepolje-radovi-sa-39-kolonije-mileseva\/"},"wordCount":225,"commentCount":0,"publisher":{"@id":"https:\/\/sandzakpress.net\/arhiva\/#\/schema\/person\/6e72b67d6e51910a1117b3b483ba20bd"},"image":{"@id":"https:\/\/sandzakpress.net\/arhiva\/prijepolje-radovi-sa-39-kolonije-mileseva\/#primaryimage"},"thumbnailUrl":"https:\/\/sandzakpress.net\/arhiva\/wp-content\/uploads\/2013\/08\/kolonija-mileseva-1-300x1501.gif","articleSection":["Prijepolje"],"inLanguage":"bs-BA","potentialAction":[{"@type":"CommentAction","name":"Comment","target":["https:\/\/sandzakpress.net\/arhiva\/prijepolje-radovi-sa-39-kolonije-mileseva\/#respond"]}]},{"@type":"WebPage","@id":"https:\/\/sandzakpress.net\/arhiva\/prijepolje-radovi-sa-39-kolonije-mileseva\/","url":"https:\/\/sandzakpress.net\/arhiva\/prijepolje-radovi-sa-39-kolonije-mileseva\/","name":"Prijepolje: Radovi sa 39. kolonije \u201cMile\u0161eva\u201d","isPartOf":{"@id":"https:\/\/sandzakpress.net\/arhiva\/#website"},"primaryImageOfPage":{"@id":"https:\/\/sandzakpress.net\/arhiva\/prijepolje-radovi-sa-39-kolonije-mileseva\/#primaryimage"},"image":{"@id":"https:\/\/sandzakpress.net\/arhiva\/prijepolje-radovi-sa-39-kolonije-mileseva\/#primaryimage"},"thumbnailUrl":"https:\/\/sandzakpress.net\/arhiva\/wp-content\/uploads\/2013\/08\/kolonija-mileseva-1-300x1501.gif","datePublished":"2013-08-29T08:09:00+00:00","breadcrumb":{"@id":"https:\/\/sandzakpress.net\/arhiva\/prijepolje-radovi-sa-39-kolonije-mileseva\/#breadcrumb"},"inLanguage":"bs-BA","potentialAction":[{"@type":"ReadAction","target":["https:\/\/sandzakpress.net\/arhiva\/prijepolje-radovi-sa-39-kolonije-mileseva\/"]}]},{"@type":"ImageObject","inLanguage":"bs-BA","@id":"https:\/\/sandzakpress.net\/arhiva\/prijepolje-radovi-sa-39-kolonije-mileseva\/#primaryimage","url":"https:\/\/sandzakpress.net\/arhiva\/wp-content\/uploads\/2013\/08\/kolonija-mileseva-1-300x1501.gif","contentUrl":"https:\/\/sandzakpress.net\/arhiva\/wp-content\/uploads\/2013\/08\/kolonija-mileseva-1-300x1501.gif","width":300,"height":150},{"@type":"BreadcrumbList","@id":"https:\/\/sandzakpress.net\/arhiva\/prijepolje-radovi-sa-39-kolonije-mileseva\/#breadcrumb","itemListElement":[{"@type":"ListItem","position":1,"name":"Home","item":"https:\/\/sandzakpress.net\/arhiva\/"},{"@type":"ListItem","position":2,"name":"Prijepolje: Radovi sa 39. kolonije \u201cMile\u0161eva\u201d"}]},{"@type":"WebSite","@id":"https:\/\/sandzakpress.net\/arhiva\/#website","url":"https:\/\/sandzakpress.net\/arhiva\/","name":"Sand\u017eak PRESS","description":"Prve elektronske novine u Sand\u017eaku","publisher":{"@id":"https:\/\/sandzakpress.net\/arhiva\/#\/schema\/person\/6e72b67d6e51910a1117b3b483ba20bd"},"potentialAction":[{"@type":"SearchAction","target":{"@type":"EntryPoint","urlTemplate":"https:\/\/sandzakpress.net\/arhiva\/?s={search_term_string}"},"query-input":{"@type":"PropertyValueSpecification","valueRequired":true,"valueName":"search_term_string"}}],"inLanguage":"bs-BA"},{"@type":["Person","Organization"],"@id":"https:\/\/sandzakpress.net\/arhiva\/#\/schema\/person\/6e72b67d6e51910a1117b3b483ba20bd","name":"Kul","image":{"@type":"ImageObject","inLanguage":"bs-BA","@id":"https:\/\/sandzakpress.net\/arhiva\/#\/schema\/person\/image\/","url":"https:\/\/secure.gravatar.com\/avatar\/42263f39aa27ac04c43cab85c280eb2e?s=96&d=mm&r=pg","contentUrl":"https:\/\/secure.gravatar.com\/avatar\/42263f39aa27ac04c43cab85c280eb2e?s=96&d=mm&r=pg","caption":"Kul"},"logo":{"@id":"https:\/\/sandzakpress.net\/arhiva\/#\/schema\/person\/image\/"}},{"@type":"Person","@id":"https:\/\/sandzakpress.net\/arhiva\/#\/schema\/person\/c8baee722073534b583ea7bdb2e36c02","name":"bosniak","image":{"@type":"ImageObject","inLanguage":"bs-BA","@id":"https:\/\/sandzakpress.net\/arhiva\/#\/schema\/person\/image\/","url":"https:\/\/secure.gravatar.com\/avatar\/a04fd330bfe3a36a72a0ad4a6d89fca7?s=96&d=mm&r=pg","contentUrl":"https:\/\/secure.gravatar.com\/avatar\/a04fd330bfe3a36a72a0ad4a6d89fca7?s=96&d=mm&r=pg","caption":"bosniak"},"url":"https:\/\/sandzakpress.net\/arhiva\/author\/bosniak\/"}]}},"_links":{"self":[{"href":"https:\/\/sandzakpress.net\/arhiva\/wp-json\/wp\/v2\/posts\/86497"}],"collection":[{"href":"https:\/\/sandzakpress.net\/arhiva\/wp-json\/wp\/v2\/posts"}],"about":[{"href":"https:\/\/sandzakpress.net\/arhiva\/wp-json\/wp\/v2\/types\/post"}],"author":[{"embeddable":true,"href":"https:\/\/sandzakpress.net\/arhiva\/wp-json\/wp\/v2\/users\/83"}],"replies":[{"embeddable":true,"href":"https:\/\/sandzakpress.net\/arhiva\/wp-json\/wp\/v2\/comments?post=86497"}],"version-history":[{"count":0,"href":"https:\/\/sandzakpress.net\/arhiva\/wp-json\/wp\/v2\/posts\/86497\/revisions"}],"wp:featuredmedia":[{"embeddable":true,"href":"https:\/\/sandzakpress.net\/arhiva\/wp-json\/wp\/v2\/media\/86499"}],"wp:attachment":[{"href":"https:\/\/sandzakpress.net\/arhiva\/wp-json\/wp\/v2\/media?parent=86497"}],"wp:term":[{"taxonomy":"category","embeddable":true,"href":"https:\/\/sandzakpress.net\/arhiva\/wp-json\/wp\/v2\/categories?post=86497"},{"taxonomy":"post_tag","embeddable":true,"href":"https:\/\/sandzakpress.net\/arhiva\/wp-json\/wp\/v2\/tags?post=86497"}],"curies":[{"name":"wp","href":"https:\/\/api.w.org\/{rel}","templated":true}]}}