{"id":8649,"date":"2010-09-27T16:35:28","date_gmt":"2010-09-27T14:35:28","guid":{"rendered":"https:\/\/sandzakpress.net\/arhiva\/?p=8649"},"modified":"2010-09-27T16:35:28","modified_gmt":"2010-09-27T14:35:28","slug":"leopold-maurer-posjetio-husein-pasinu-dzamiju","status":"publish","type":"post","link":"https:\/\/sandzakpress.net\/arhiva\/leopold-maurer-posjetio-husein-pasinu-dzamiju\/","title":{"rendered":"Leopold Maurer posjetio Husein pa\u0161inu d\u017eamiju"},"content":{"rendered":"<p><strong><\/strong><strong><a href=\"https:\/\/sandzakpress.net\/arhiva\/wp-content\/uploads\/2010\/09\/resizer_n.php_1.jpg\"><img loading=\"lazy\" decoding=\"async\" class=\"alignleft size-full wp-image-8650\" title=\"resizer_n.php\" src=\"https:\/\/sandzakpress.net\/arhiva\/wp-content\/uploads\/2010\/09\/resizer_n.php_1.jpg\" alt=\"\" width=\"150\" height=\"113\" \/><\/a>Pljevlja<\/strong> &#8211; \u0160ef delegacije Evropske unije u Crnoj Gori\u00a0<strong>Leopold Maurer<\/strong> je tokom ju\u010dera\u0161njeg boravka u Pljevljima posjetio Husein pa\u0161inu d\u017eamiju. Maurer je prethodno posjetio Akademski centar, gdje je odr\u017eao predavanje studentima na temu \u201eProces evropskih integracija Crne Gore\u201c. <\/p>\n<p>Nakon toga je u glavnoj ulici u Pljevljima prisustvovao performansu, a potom je u pratnji gradona\u010delnika\u00a0<strong>dr. Filipa Vukovi\u0107a<\/strong> i podpredsjednika Op\u0161tine\u00a0<strong>Avda Ajanovi\u0107a<\/strong>, posjetio Husein pa\u0161inu d\u017eamiju, gdje je razgovarao sa predstavnicima Islamske zajednice.<\/p>\n<p>U knjizi utisaka u Husein pa\u0161inoj d\u017eamiji Maurer je zapisao da je odu\u0161evljen gostoljubivo\u0161\u0107u Pljevljaka i da je impresioniran kulturnim bogatstvima Pljevalja.<\/p>\n<p>Izvor: <strong>MonteIslam.com<\/strong><\/p>\n","protected":false},"excerpt":{"rendered":"<p>Pljevlja &#8211; \u0160ef delegacije Evropske unije u Crnoj Gori\u00a0Leopold Maurer je tokom ju\u010dera\u0161njeg boravka u Pljevljima posjetio Husein pa\u0161inu d\u017eamiju. Maurer je prethodno posjetio Akademski centar, gdje je odr\u017eao predavanje studentima na temu \u201eProces evropskih integracija Crne Gore\u201c. Nakon toga je u glavnoj ulici u Pljevljima prisustvovao performansu, a potom je u pratnji gradona\u010delnika\u00a0dr. Filipa [&hellip;]<\/p>\n","protected":false},"author":83,"featured_media":8650,"comment_status":"open","ping_status":"open","sticky":false,"template":"","format":"standard","meta":{"footnotes":""},"categories":[395,802],"tags":[],"class_list":{"0":"post-8649","1":"post","2":"type-post","3":"status-publish","4":"format-standard","5":"has-post-thumbnail","7":"category-pljevlja_","8":"category-islamska_zajednica"},"yoast_head":"<!-- This site is optimized with the Yoast SEO Premium plugin v23.1 (Yoast SEO v24.9) - https:\/\/yoast.com\/wordpress\/plugins\/seo\/ -->\n<title>Leopold Maurer posjetio Husein pa\u0161inu d\u017eamiju<\/title>\n<meta name=\"robots\" content=\"index, follow, max-snippet:-1, max-image-preview:large, max-video-preview:-1\" \/>\n<link rel=\"canonical\" href=\"https:\/\/sandzakpress.net\/arhiva\/leopold-maurer-posjetio-husein-pasinu-dzamiju\/\" \/>\n<meta property=\"og:locale\" content=\"bs_BA\" \/>\n<meta property=\"og:type\" content=\"article\" \/>\n<meta property=\"og:title\" content=\"Leopold Maurer posjetio Husein pa\u0161inu d\u017eamiju\" \/>\n<meta property=\"og:description\" content=\"Pljevlja &#8211; \u0160ef delegacije Evropske unije u Crnoj Gori\u00a0Leopold Maurer je tokom ju\u010dera\u0161njeg boravka u Pljevljima posjetio Husein pa\u0161inu d\u017eamiju. Maurer je prethodno posjetio Akademski centar, gdje je odr\u017eao predavanje studentima na temu \u201eProces evropskih integracija Crne Gore\u201c. Nakon toga je u glavnoj ulici u Pljevljima prisustvovao performansu, a potom je u pratnji gradona\u010delnika\u00a0dr. Filipa [&hellip;]\" \/>\n<meta property=\"og:url\" content=\"https:\/\/sandzakpress.net\/arhiva\/leopold-maurer-posjetio-husein-pasinu-dzamiju\/\" \/>\n<meta property=\"og:site_name\" content=\"Sand\u017eak PRESS\" \/>\n<meta property=\"article:published_time\" content=\"2010-09-27T14:35:28+00:00\" \/>\n<meta property=\"og:image\" content=\"https:\/\/sandzakpress.net\/arhiva\/wp-content\/uploads\/2010\/09\/resizer_n.php_1.jpg\" \/>\n\t<meta property=\"og:image:width\" content=\"150\" \/>\n\t<meta property=\"og:image:height\" content=\"113\" \/>\n\t<meta property=\"og:image:type\" content=\"image\/jpeg\" \/>\n<meta name=\"author\" content=\"bosniak\" \/>\n<meta name=\"twitter:card\" content=\"summary_large_image\" \/>\n<meta name=\"twitter:label1\" content=\"Written by\" \/>\n\t<meta name=\"twitter:data1\" content=\"bosniak\" \/>\n\t<meta name=\"twitter:label2\" content=\"Est. reading time\" \/>\n\t<meta name=\"twitter:data2\" content=\"1 minuta\" \/>\n<script type=\"application\/ld+json\" class=\"yoast-schema-graph\">{\"@context\":\"https:\/\/schema.org\",\"@graph\":[{\"@type\":\"Article\",\"@id\":\"https:\/\/sandzakpress.net\/arhiva\/leopold-maurer-posjetio-husein-pasinu-dzamiju\/#article\",\"isPartOf\":{\"@id\":\"https:\/\/sandzakpress.net\/arhiva\/leopold-maurer-posjetio-husein-pasinu-dzamiju\/\"},\"author\":{\"name\":\"bosniak\",\"@id\":\"https:\/\/sandzakpress.net\/arhiva\/#\/schema\/person\/c8baee722073534b583ea7bdb2e36c02\"},\"headline\":\"Leopold Maurer posjetio Husein pa\u0161inu d\u017eamiju\",\"datePublished\":\"2010-09-27T14:35:28+00:00\",\"mainEntityOfPage\":{\"@id\":\"https:\/\/sandzakpress.net\/arhiva\/leopold-maurer-posjetio-husein-pasinu-dzamiju\/\"},\"wordCount\":122,\"commentCount\":0,\"publisher\":{\"@id\":\"https:\/\/sandzakpress.net\/arhiva\/#\/schema\/person\/6e72b67d6e51910a1117b3b483ba20bd\"},\"image\":{\"@id\":\"https:\/\/sandzakpress.net\/arhiva\/leopold-maurer-posjetio-husein-pasinu-dzamiju\/#primaryimage\"},\"thumbnailUrl\":\"https:\/\/sandzakpress.net\/arhiva\/wp-content\/uploads\/2010\/09\/resizer_n.php_1.jpg\",\"articleSection\":[\"Pljevlja\",\"Islamska zajednica\"],\"inLanguage\":\"bs-BA\",\"potentialAction\":[{\"@type\":\"CommentAction\",\"name\":\"Comment\",\"target\":[\"https:\/\/sandzakpress.net\/arhiva\/leopold-maurer-posjetio-husein-pasinu-dzamiju\/#respond\"]}]},{\"@type\":\"WebPage\",\"@id\":\"https:\/\/sandzakpress.net\/arhiva\/leopold-maurer-posjetio-husein-pasinu-dzamiju\/\",\"url\":\"https:\/\/sandzakpress.net\/arhiva\/leopold-maurer-posjetio-husein-pasinu-dzamiju\/\",\"name\":\"Leopold Maurer posjetio Husein pa\u0161inu d\u017eamiju\",\"isPartOf\":{\"@id\":\"https:\/\/sandzakpress.net\/arhiva\/#website\"},\"primaryImageOfPage\":{\"@id\":\"https:\/\/sandzakpress.net\/arhiva\/leopold-maurer-posjetio-husein-pasinu-dzamiju\/#primaryimage\"},\"image\":{\"@id\":\"https:\/\/sandzakpress.net\/arhiva\/leopold-maurer-posjetio-husein-pasinu-dzamiju\/#primaryimage\"},\"thumbnailUrl\":\"https:\/\/sandzakpress.net\/arhiva\/wp-content\/uploads\/2010\/09\/resizer_n.php_1.jpg\",\"datePublished\":\"2010-09-27T14:35:28+00:00\",\"breadcrumb\":{\"@id\":\"https:\/\/sandzakpress.net\/arhiva\/leopold-maurer-posjetio-husein-pasinu-dzamiju\/#breadcrumb\"},\"inLanguage\":\"bs-BA\",\"potentialAction\":[{\"@type\":\"ReadAction\",\"target\":[\"https:\/\/sandzakpress.net\/arhiva\/leopold-maurer-posjetio-husein-pasinu-dzamiju\/\"]}]},{\"@type\":\"ImageObject\",\"inLanguage\":\"bs-BA\",\"@id\":\"https:\/\/sandzakpress.net\/arhiva\/leopold-maurer-posjetio-husein-pasinu-dzamiju\/#primaryimage\",\"url\":\"https:\/\/sandzakpress.net\/arhiva\/wp-content\/uploads\/2010\/09\/resizer_n.php_1.jpg\",\"contentUrl\":\"https:\/\/sandzakpress.net\/arhiva\/wp-content\/uploads\/2010\/09\/resizer_n.php_1.jpg\",\"width\":150,\"height\":113},{\"@type\":\"BreadcrumbList\",\"@id\":\"https:\/\/sandzakpress.net\/arhiva\/leopold-maurer-posjetio-husein-pasinu-dzamiju\/#breadcrumb\",\"itemListElement\":[{\"@type\":\"ListItem\",\"position\":1,\"name\":\"Home\",\"item\":\"https:\/\/sandzakpress.net\/arhiva\/\"},{\"@type\":\"ListItem\",\"position\":2,\"name\":\"Leopold Maurer posjetio Husein pa\u0161inu d\u017eamiju\"}]},{\"@type\":\"WebSite\",\"@id\":\"https:\/\/sandzakpress.net\/arhiva\/#website\",\"url\":\"https:\/\/sandzakpress.net\/arhiva\/\",\"name\":\"Sand\u017eak PRESS\",\"description\":\"Prve elektronske novine u Sand\u017eaku\",\"publisher\":{\"@id\":\"https:\/\/sandzakpress.net\/arhiva\/#\/schema\/person\/6e72b67d6e51910a1117b3b483ba20bd\"},\"potentialAction\":[{\"@type\":\"SearchAction\",\"target\":{\"@type\":\"EntryPoint\",\"urlTemplate\":\"https:\/\/sandzakpress.net\/arhiva\/?s={search_term_string}\"},\"query-input\":{\"@type\":\"PropertyValueSpecification\",\"valueRequired\":true,\"valueName\":\"search_term_string\"}}],\"inLanguage\":\"bs-BA\"},{\"@type\":[\"Person\",\"Organization\"],\"@id\":\"https:\/\/sandzakpress.net\/arhiva\/#\/schema\/person\/6e72b67d6e51910a1117b3b483ba20bd\",\"name\":\"Kul\",\"image\":{\"@type\":\"ImageObject\",\"inLanguage\":\"bs-BA\",\"@id\":\"https:\/\/sandzakpress.net\/arhiva\/#\/schema\/person\/image\/\",\"url\":\"https:\/\/secure.gravatar.com\/avatar\/42263f39aa27ac04c43cab85c280eb2e?s=96&d=mm&r=pg\",\"contentUrl\":\"https:\/\/secure.gravatar.com\/avatar\/42263f39aa27ac04c43cab85c280eb2e?s=96&d=mm&r=pg\",\"caption\":\"Kul\"},\"logo\":{\"@id\":\"https:\/\/sandzakpress.net\/arhiva\/#\/schema\/person\/image\/\"}},{\"@type\":\"Person\",\"@id\":\"https:\/\/sandzakpress.net\/arhiva\/#\/schema\/person\/c8baee722073534b583ea7bdb2e36c02\",\"name\":\"bosniak\",\"image\":{\"@type\":\"ImageObject\",\"inLanguage\":\"bs-BA\",\"@id\":\"https:\/\/sandzakpress.net\/arhiva\/#\/schema\/person\/image\/\",\"url\":\"https:\/\/secure.gravatar.com\/avatar\/a04fd330bfe3a36a72a0ad4a6d89fca7?s=96&d=mm&r=pg\",\"contentUrl\":\"https:\/\/secure.gravatar.com\/avatar\/a04fd330bfe3a36a72a0ad4a6d89fca7?s=96&d=mm&r=pg\",\"caption\":\"bosniak\"},\"url\":\"https:\/\/sandzakpress.net\/arhiva\/author\/bosniak\/\"}]}<\/script>\n<!-- \/ Yoast SEO Premium plugin. -->","yoast_head_json":{"title":"Leopold Maurer posjetio Husein pa\u0161inu d\u017eamiju","robots":{"index":"index","follow":"follow","max-snippet":"max-snippet:-1","max-image-preview":"max-image-preview:large","max-video-preview":"max-video-preview:-1"},"canonical":"https:\/\/sandzakpress.net\/arhiva\/leopold-maurer-posjetio-husein-pasinu-dzamiju\/","og_locale":"bs_BA","og_type":"article","og_title":"Leopold Maurer posjetio Husein pa\u0161inu d\u017eamiju","og_description":"Pljevlja &#8211; \u0160ef delegacije Evropske unije u Crnoj Gori\u00a0Leopold Maurer je tokom ju\u010dera\u0161njeg boravka u Pljevljima posjetio Husein pa\u0161inu d\u017eamiju. Maurer je prethodno posjetio Akademski centar, gdje je odr\u017eao predavanje studentima na temu \u201eProces evropskih integracija Crne Gore\u201c. Nakon toga je u glavnoj ulici u Pljevljima prisustvovao performansu, a potom je u pratnji gradona\u010delnika\u00a0dr. Filipa [&hellip;]","og_url":"https:\/\/sandzakpress.net\/arhiva\/leopold-maurer-posjetio-husein-pasinu-dzamiju\/","og_site_name":"Sand\u017eak PRESS","article_published_time":"2010-09-27T14:35:28+00:00","og_image":[{"width":150,"height":113,"url":"https:\/\/sandzakpress.net\/arhiva\/wp-content\/uploads\/2010\/09\/resizer_n.php_1.jpg","type":"image\/jpeg"}],"author":"bosniak","twitter_card":"summary_large_image","twitter_misc":{"Written by":"bosniak","Est. reading time":"1 minuta"},"schema":{"@context":"https:\/\/schema.org","@graph":[{"@type":"Article","@id":"https:\/\/sandzakpress.net\/arhiva\/leopold-maurer-posjetio-husein-pasinu-dzamiju\/#article","isPartOf":{"@id":"https:\/\/sandzakpress.net\/arhiva\/leopold-maurer-posjetio-husein-pasinu-dzamiju\/"},"author":{"name":"bosniak","@id":"https:\/\/sandzakpress.net\/arhiva\/#\/schema\/person\/c8baee722073534b583ea7bdb2e36c02"},"headline":"Leopold Maurer posjetio Husein pa\u0161inu d\u017eamiju","datePublished":"2010-09-27T14:35:28+00:00","mainEntityOfPage":{"@id":"https:\/\/sandzakpress.net\/arhiva\/leopold-maurer-posjetio-husein-pasinu-dzamiju\/"},"wordCount":122,"commentCount":0,"publisher":{"@id":"https:\/\/sandzakpress.net\/arhiva\/#\/schema\/person\/6e72b67d6e51910a1117b3b483ba20bd"},"image":{"@id":"https:\/\/sandzakpress.net\/arhiva\/leopold-maurer-posjetio-husein-pasinu-dzamiju\/#primaryimage"},"thumbnailUrl":"https:\/\/sandzakpress.net\/arhiva\/wp-content\/uploads\/2010\/09\/resizer_n.php_1.jpg","articleSection":["Pljevlja","Islamska zajednica"],"inLanguage":"bs-BA","potentialAction":[{"@type":"CommentAction","name":"Comment","target":["https:\/\/sandzakpress.net\/arhiva\/leopold-maurer-posjetio-husein-pasinu-dzamiju\/#respond"]}]},{"@type":"WebPage","@id":"https:\/\/sandzakpress.net\/arhiva\/leopold-maurer-posjetio-husein-pasinu-dzamiju\/","url":"https:\/\/sandzakpress.net\/arhiva\/leopold-maurer-posjetio-husein-pasinu-dzamiju\/","name":"Leopold Maurer posjetio Husein pa\u0161inu d\u017eamiju","isPartOf":{"@id":"https:\/\/sandzakpress.net\/arhiva\/#website"},"primaryImageOfPage":{"@id":"https:\/\/sandzakpress.net\/arhiva\/leopold-maurer-posjetio-husein-pasinu-dzamiju\/#primaryimage"},"image":{"@id":"https:\/\/sandzakpress.net\/arhiva\/leopold-maurer-posjetio-husein-pasinu-dzamiju\/#primaryimage"},"thumbnailUrl":"https:\/\/sandzakpress.net\/arhiva\/wp-content\/uploads\/2010\/09\/resizer_n.php_1.jpg","datePublished":"2010-09-27T14:35:28+00:00","breadcrumb":{"@id":"https:\/\/sandzakpress.net\/arhiva\/leopold-maurer-posjetio-husein-pasinu-dzamiju\/#breadcrumb"},"inLanguage":"bs-BA","potentialAction":[{"@type":"ReadAction","target":["https:\/\/sandzakpress.net\/arhiva\/leopold-maurer-posjetio-husein-pasinu-dzamiju\/"]}]},{"@type":"ImageObject","inLanguage":"bs-BA","@id":"https:\/\/sandzakpress.net\/arhiva\/leopold-maurer-posjetio-husein-pasinu-dzamiju\/#primaryimage","url":"https:\/\/sandzakpress.net\/arhiva\/wp-content\/uploads\/2010\/09\/resizer_n.php_1.jpg","contentUrl":"https:\/\/sandzakpress.net\/arhiva\/wp-content\/uploads\/2010\/09\/resizer_n.php_1.jpg","width":150,"height":113},{"@type":"BreadcrumbList","@id":"https:\/\/sandzakpress.net\/arhiva\/leopold-maurer-posjetio-husein-pasinu-dzamiju\/#breadcrumb","itemListElement":[{"@type":"ListItem","position":1,"name":"Home","item":"https:\/\/sandzakpress.net\/arhiva\/"},{"@type":"ListItem","position":2,"name":"Leopold Maurer posjetio Husein pa\u0161inu d\u017eamiju"}]},{"@type":"WebSite","@id":"https:\/\/sandzakpress.net\/arhiva\/#website","url":"https:\/\/sandzakpress.net\/arhiva\/","name":"Sand\u017eak PRESS","description":"Prve elektronske novine u Sand\u017eaku","publisher":{"@id":"https:\/\/sandzakpress.net\/arhiva\/#\/schema\/person\/6e72b67d6e51910a1117b3b483ba20bd"},"potentialAction":[{"@type":"SearchAction","target":{"@type":"EntryPoint","urlTemplate":"https:\/\/sandzakpress.net\/arhiva\/?s={search_term_string}"},"query-input":{"@type":"PropertyValueSpecification","valueRequired":true,"valueName":"search_term_string"}}],"inLanguage":"bs-BA"},{"@type":["Person","Organization"],"@id":"https:\/\/sandzakpress.net\/arhiva\/#\/schema\/person\/6e72b67d6e51910a1117b3b483ba20bd","name":"Kul","image":{"@type":"ImageObject","inLanguage":"bs-BA","@id":"https:\/\/sandzakpress.net\/arhiva\/#\/schema\/person\/image\/","url":"https:\/\/secure.gravatar.com\/avatar\/42263f39aa27ac04c43cab85c280eb2e?s=96&d=mm&r=pg","contentUrl":"https:\/\/secure.gravatar.com\/avatar\/42263f39aa27ac04c43cab85c280eb2e?s=96&d=mm&r=pg","caption":"Kul"},"logo":{"@id":"https:\/\/sandzakpress.net\/arhiva\/#\/schema\/person\/image\/"}},{"@type":"Person","@id":"https:\/\/sandzakpress.net\/arhiva\/#\/schema\/person\/c8baee722073534b583ea7bdb2e36c02","name":"bosniak","image":{"@type":"ImageObject","inLanguage":"bs-BA","@id":"https:\/\/sandzakpress.net\/arhiva\/#\/schema\/person\/image\/","url":"https:\/\/secure.gravatar.com\/avatar\/a04fd330bfe3a36a72a0ad4a6d89fca7?s=96&d=mm&r=pg","contentUrl":"https:\/\/secure.gravatar.com\/avatar\/a04fd330bfe3a36a72a0ad4a6d89fca7?s=96&d=mm&r=pg","caption":"bosniak"},"url":"https:\/\/sandzakpress.net\/arhiva\/author\/bosniak\/"}]}},"_links":{"self":[{"href":"https:\/\/sandzakpress.net\/arhiva\/wp-json\/wp\/v2\/posts\/8649"}],"collection":[{"href":"https:\/\/sandzakpress.net\/arhiva\/wp-json\/wp\/v2\/posts"}],"about":[{"href":"https:\/\/sandzakpress.net\/arhiva\/wp-json\/wp\/v2\/types\/post"}],"author":[{"embeddable":true,"href":"https:\/\/sandzakpress.net\/arhiva\/wp-json\/wp\/v2\/users\/83"}],"replies":[{"embeddable":true,"href":"https:\/\/sandzakpress.net\/arhiva\/wp-json\/wp\/v2\/comments?post=8649"}],"version-history":[{"count":0,"href":"https:\/\/sandzakpress.net\/arhiva\/wp-json\/wp\/v2\/posts\/8649\/revisions"}],"wp:featuredmedia":[{"embeddable":true,"href":"https:\/\/sandzakpress.net\/arhiva\/wp-json\/wp\/v2\/media\/8650"}],"wp:attachment":[{"href":"https:\/\/sandzakpress.net\/arhiva\/wp-json\/wp\/v2\/media?parent=8649"}],"wp:term":[{"taxonomy":"category","embeddable":true,"href":"https:\/\/sandzakpress.net\/arhiva\/wp-json\/wp\/v2\/categories?post=8649"},{"taxonomy":"post_tag","embeddable":true,"href":"https:\/\/sandzakpress.net\/arhiva\/wp-json\/wp\/v2\/tags?post=8649"}],"curies":[{"name":"wp","href":"https:\/\/api.w.org\/{rel}","templated":true}]}}