{"id":86411,"date":"2013-08-28T16:46:59","date_gmt":"2013-08-28T14:46:59","guid":{"rendered":"https:\/\/sandzakpress.net\/arhiva\/?p=86411"},"modified":"2013-08-28T16:46:59","modified_gmt":"2013-08-28T14:46:59","slug":"san-razuma-stvara-cudovista","status":"publish","type":"post","link":"https:\/\/sandzakpress.net\/arhiva\/san-razuma-stvara-cudovista\/","title":{"rendered":"San razuma stvara \u010dudovi\u0161ta"},"content":{"rendered":"<figure style=\"width: 280px\" class=\"wp-caption alignleft\"><img loading=\"lazy\" decoding=\"async\" alt=\"Admir-Muhic\" src=\"http:\/\/www.sbk.eu.com\/wp-content\/uploads\/2013\/08\/Admir-Muhic-280x280.jpg\" width=\"280\" height=\"280\" \/><figcaption class=\"wp-caption-text\">Autor: Admir Muhi\u0107<\/figcaption><\/figure>\n<p>Jezik kojim govorimo (maternji jezik) jedan je od bitnih elemenata koji uz odre\u0111eni teritorij \u017eivljenja i kulturu pripadanja definira i odre\u0111uje jedan narod narodom. Isuvi\u0161e te\u0161ko je bez jezika narod odrediti narodom, stoga i jeste narod narodom ukoliko ima svoj maternji jezik. Bosna i Hercegovina ima svoj teritorij (dr\u017eava), ima svoje narode (Bo\u0161njaci, Hrvati i Srbi), ima svoju tradiciju, kulturu, historiju, ima svoje jezike (bosanski, hrvatski i srpski).<\/p>\n<p>I svi ovi jezici su bosanskohercegova\u010dki jezici i svi imaju temelj u Bosni i Hercegovini. Bo\u0161njaci kao narod imaju svoj jezik, bosanski jezik, koji se temelji na Povelji Kulina bana i izvan Bosne koji opet svoj jezik naziva bosanskim. Bo\u0161njaci \u010duvaju svoju bogatu kulturu u sehari svoje kulturne ba\u0161tine. Zahvaljuju\u0107i Bo\u0161njacima u BiH opstali su i drugi jezici, s njima i druga kultura, jer nisu \u017eeljeli bacati u jaram ono \u0161to im ro\u0111enjem ne pripada, niti prisvajati kao svoje. Navodi da ne\u0161to ne postoji, silno, ali neargumentovano, \u0161to jedan narod definira kao narod, u najmanju ruku odsustvo je razuma, ali i neobrazovanosti u trenutku kada se sve dijeli na pola snagom divlja\u0161tva.<\/p>\n<p>Nikada ne bih zanijekao srpski ili hrvatski jezik, jer naprosto, oni su \u010dinjenica, oni postoje, bivstvuju sa bosanskohercegova\u010dkim bi\u0107em. Oni su, koliko srpski i hrvatski, toliko i bosanskohercegova\u010dki jezici, jer sva tri jezika \u010dine jezgru Bosne i Hercegovine kao slu\u017ebeni jezici. Kada ne bih umio govoriti kako dolikuje ljudskom bi\u0107u, tada bih \u0161utio, zanijemio pred mogu\u0107om nerazumnom neargumentiranom potrebom da negiram ono \u0161to kao nemaran \u010dovjek ne mogu razumjeti. Dio jezi\u010dnog identiteta je i \u0161utnja, a tome se tek povremeno govori. Ja i kada \u0161utim, \u0161utim na bosanskom jeziku, kada sanjam, sanjam na svom jeziku. Neka mi neko drugi ka\u017ee na kojem jeziku tada trebam \u0161utjeti\/sanjati.<\/p>\n<p>Potrebno je jezik svoj odmoriti, spustiti ga na pod kao ostarjeli ma\u010d koji pokosi nedu\u017ene, a potom natopiti vodama ljudskosti i razumijevanja, vodama koje \u0107e mutne vode pro\u0161losti izbistriti bistrim vodama sada\u0161njosti, saprati tamnu tintu uvredljivosti, tintu koja poni\u017eava, ugnjetava, tinta kojom se definira vokabularna identifikacija \u010dovjeka i ne\u010dovjeka, ljudskog bi\u0107a i kreature koja kao kakva srednjovjekovna spodoba plazi jezik drugima, \u017eele\u0107i ih upla\u0161iti. Zar \u017eeli od mene da u\u010dinim isto?! Samo slabost jednoga stvorenja mo\u017ee plaziti jezik, negiraju\u0107i sve ono \u0161to nije poput njega. Zar treba sklapati o\u010di pred nametnikom i nijemo posmatrati jezi\u010dne protuhe?<\/p>\n<p>Oni su znak uzbune za razumom obdarene, a uto\u010di\u0161te za one kojima je razum oduzet. Negiraju\u0107i jezik koji nije njihov, kao da negiraju sebe sami. Negiraju\u0107i jezik koji nije njihov, kao da negiraju ponos uzdignute ruke na bosanskom ste\u0107ku. I svaka negacija je izvor afirmacije za zemlju koju svojom zovem. A kada ve\u0107 negira\u0161, sjeti se onoga \u0161to zapisa\u00a0pravoslavni vladika Nikolaj Velimirovi\u0107. \u201cLjudi koji ne mogu vladati svojim srcem, jo\u0161 manje mogu vladati svojim jezikom.\u201d\u00a0Jezik je, ka\u017eu, najubojitije \u010dovjekovo oru\u017eje, ali i srce, i mogu se upotrijebiti u razne svrhe, ali se u ovom trenutku \u017eivljenja najmanje upotrebljavaju u one svrhe za koje su Bo\u017eijom voljom prvobitno namijenjeni. Jezik, kao i srce, najo\u0161trija su sje\u010diva. Jezik bez srca, ili srce bez jezika, prikaz je nebeskog prostranstva bez Sunca. Ono grije, ono opominje.<\/p>\n<p>Jezik, kao sredstvo komunikacije, izvor je sporazuma, ali i nesporazuma, \u010desto i sa samim sobom. Kuda srlja\u0161, \u010dovje\u010de?! Bo\u0161njaci govore bosanskim jezikom, ne bo\u0161nja\u010dkim, \u0161to umnogome drugi povremeno nagla\u0161avaju, bivaju\u0107i navalentni u svojim htijenjima da doka\u017eu da bosanskog jezika jednostavno nema. Tu se sa izrazitom namjerom bosanski jezik \u017eeli svesti na podru\u010dje koje nastanjuju Bo\u0161njaci, \u017eeli se oduzeti temeljno pravo da se svoj jezik naziva bosanskim jezikom. A \u0161ta je s jezikom Srbije, odnosno, srpskim jezikom? Da li se on isto tako mo\u017ee\/mora nazvati (preimenovati) u srbijanski jezik umjesto srpskog?! Dakle, ako \u0107emo po dr\u017eavi odre\u0111ivati naciju, narod i jezik, onda se slobodno mo\u017ee re\u0107i da su Srbi Srbijanci i da je njihov jezik, umjesto srpskog, srbijanski. A \u0161ta je sa crnogorskim jezikom kojeg opet Srbi nijekaju?! A Srbi u Bosni i Hercegovini bi se mogli izjasniti i Bo\u0161njacima, vratiti se svojim korijenima i svoj jezik nazvati bosanskim jezikom.<\/p>\n<p>\u010cinjenica je da su se Srbi onomad izja\u0161njavali Bo\u0161njacima i o tome postoje dokumenti. Da, dokumenti, argumenti, ne pretpostavke. Viktor Duruy, ispisuju\u0107i stranice svoje knjige \u201cHistoire du Moyen-Age\u201d navodi jednu rije\u010d \u2013 Bosniaques. Ti i dalje srlja\u0161, \u010dovje\u010de?! Govoriti o narodu koji negira\u0161, govoriti o jeziku koji negira\u0161, uplitati se, uzimati \u0161tap neznanja i njime mutiti izvor istine, ni\u0161ta drugo je do insistiranju osvajanja neosvojivog, \u0161to i historija bezbroj puta zabilje\u017ei, te agresivno prisvajanje \u0161to izaziva te\u0161ko breme netrepeljivosti, nemira i sukoba. A reko\u0161e svi \u2013 dosta je! Svi razumni, svi poni\u017eeni, svi\u00a0obespravljeni. Negirati dr\u017eavotvornost BiH, a \u017eivjeti u njoj, \u017eivjeti od nje, nije ni\u0161ta drugo do licemjerno podrivanje. Udara\u0161 ruku\u00a0koja te hrani, ruku koja ti vodu prinosi. Poku\u0161aj negiranja jezika Bo\u0161njaka, udar je na njegovo bi\u0107e, nasilno otimanje identiteta\u00a0Bo\u0161njaka, otimanje bezrazumnog \u010dovjeka koji bi jedan dio Bosne i Hercegovine, koji u jednom trenutku \u017eivljenja \u017eeljom nemarnih\u00a0mo\u0107nika nazvan Republika Srpska, \u017eelio pocijepati kao autobusku kartu koja ga je nekada davno dovela u Sarajevo, voze\u0107i se sam\u00a0na relaciji Sarajevo-Lakta\u0161i.<\/p>\n<p>Pocijepati kartu mo\u017ee\u0161, Bosnu i Hercegovinu ne, kao \u0161to ne mo\u017ee\u0161 pocijepati bijeli papir na kome je ispisana presuda i ovozemaljskog i onozemaljskog suda \u2013 genocid. Za\u0161to i dalje srlja\u0161, \u010dovje\u010de?! I genocid negira\u0161. Za\u0161to?! Gladan si zemlje?! \u017deli\u0161 je progutati, utoliti svoje radikalne apetite prema Bosni i Bo\u0161njacima. \u017deli\u0161 je progutati i oblikovati u svoju \u201csrpsku zemlju\u201d. Opet srlja\u0161, \u010dovje\u010de! Govori\u0161 o ugro\u017eenosti, \u017eele\u0107i prikriti da si taj koji ugro\u017eava. Svjedoci smo nasrtaja na Bo\u0161njake. Zadnji se dogodio u Zvorniku i to na Bajram. Svakodnevno su Bo\u0161njaci izlo\u017eeni verbalno-politi\u010dkoj torturi Milorada Dodika, predsjednika RS-a, koji negira bosanski jezik, time i dr\u017eavu BiH. Negira zemlju koja ga hrani. Svakodnevna se ugro\u017eenost osjeti kada se u politi\u010dkim sferama analizira i sigurnost Bo\u0161njaka, a ona je upitna. Svakodnevno se negira i genocid. U Bratuncu, na svadbi, slavilo se, pjevalo i veli\u010dalo nedjelo njihovih sunarodnjaka, te prijetilo ponavljanjem Srebrenice i Vukovara. Kuda srlja\u0161, \u010dovje\u010de?! Bo\u0161njaci su u svojoj domovini ugro\u017eeni.<\/p>\n<p>Njema\u010dka pamti i ne dopu\u0161ta zlu da govori. Angela Merkel na poziv logora\u0161a obilazi Hitlerove logore, glasnika zla. Vlasti RS-a zabranjuju posjete logora\u0161ima i pre\u017eivjelima, ne dopu\u0161taju im da posjete mjesta gdje su bili zato\u010deni, poni\u017eavani, silovani, ubijani, u Omarskoj, Keratermu, Manja\u010di. Mirna okupljanja komemorativnog karaktera, polaganje cvije\u0107a i u\u010denja Fatihe ubijenima na strati\u0161tima diljem BiH policija RS-a zabranjuje i privodi organizatore tih mirnih i dostojanstvenih skupova. Privode se bo\u0161nja\u010dke \u017eene, starice, rodbina ubijenih i pre\u017eivjelih. Kome brani\u0161 posjete, \u010dovje\u010de?! Bo\u0161njacima brani\u0161. Zar se pla\u0161i\u0161 tog naroda kome je re\u010deno da \u0107e nestati?! Zar to nije ugro\u017eenost Bo\u0161njaka?!? Mnogi ne vide, slijepi su, niti \u017eele \u010duti, gluhi su. \u0160ta bi se sve jo\u0161 trebalo uraditi, \u0161ta bi sve trebalo izgovoriti, \u0161ta bi sve trebalo prstom pokazati da se vidjelo, shvatilo i potvrdilo kako su Bo\u0161njaci ugro\u017eeni?!<\/p>\n<p>O\u010dekuje nas jo\u0161 jedno isku\u0161enje. Popis stanovni\u0161tva. I ponovno se radi po skoro istom principu na kome je zasnovao zastra\u0161ivanje, negiranje, prijetnje, te nasrtaji na Bo\u0161njake, uvjeravaju\u0107i ih da im bosanski jezik nije njihov maternji, da su Bosanci i Hercegovci, da su Muslimani, oduzimaju\u0107i im naciju bo\u0161nja\u010dku, pripremaju\u0107i Bo\u0161njacima nove enklave i transferzale nakon popisa stanovni\u0161tva. I kada neko od uglednih politi\u010dara, s moralnim htijenjem, stane u za\u0161titu svoga naroda, onda mu na \u010delu ispisuju mr\u017enju, progla\u0161avaju\u0107i ga nacionalistom, radikalom i ekstremistom.<\/p>\n<p>Nikada i nigdje nije zabilje\u017eeno da se jednom narodu, Bo\u0161njacima u BiH, oduzimala nacija, a da se ujedno pripisivao nacionalizam. Kao da \u017eeli\u0161 re\u0107i, bezumni \u010dovje\u010de, da su Bo\u0161njaci nacionalisti bez nacije?! Kome smetaju Bo\u0161njaci u BiH?! Za\u0161to je i danas upitna njihova ravnopravnost sa drugima. Bo\u0161njaci su neravnopravan narod u BiH. Da, neravnopravan. Bo\u0161njaci su najugro\u017eeniji narod u\u00a0BiH. Niko nije ugro\u017een kao Bo\u0161njaci. Kome odgovara ovako \u0161irok dijapazon ugro\u017eenosti Bo\u0161njaka?! Tebi odgovara, bezumni\u00a0\u010dovje\u010de, tebi koji tvoje mi\u0161ljenje kreira Dodik i njegova potreba za negacijom svega onoga \u0161to pripada Bosni i Hercegovini. A ona\u00a0vas hrani. Sjede\u0107i na klupama Parlamenta, jedete njen hljeb i pijete njenu vodu. Negirate Bosnu i Hercegovinu, a dolazite iz Bosne i Hercegovine, a kao da dolazite iz Beograda, ili iz Evrope, te iste Evrope kojoj je \u010desto nemar, nerazumijevanje centar mo\u0107i. Stoga je, ovoga trena, vi\u0161e nego ikada nu\u017eno objedinjavanje bo\u0161nja\u010dkih snaga i usvajanje nacionalne strategije bitne po vitalne interese Bo\u0161njaka. Intelektualna elita treba jednom zauvijek \u2018lupiti \u0161akom argumenata o stol\u2019 i kazati \u2013 DOSTA! Dosta svima onima koji razaraju BiH i negiraju njeno bi\u0107e i ono njenim narodima, pa tako i Bo\u0161njacima pripada.<\/p>\n<p>Rije\u010d DOSTA nije nacionalisti\u010dka retorika, ve\u0107 \u017eurno ustajanje iz stanja uspavanosti i stajanje u za\u0161titu nacionalnih prava Bo\u0161njaka. Jednom to mora kazati intelektualna elita Bo\u0161njaka i stati iza tih pet slova jer \u017eivot Bo\u0161njaka u BiH bit \u0107e kocka koju \u0107e neko po\u017eeljeti baciti i ni\u0161ta mu to ne\u0107e zna\u010diti, sem \u017eelje o nestanku onoga ko je druga\u010diji od njega. U tome ne treba o\u010dekivati pomo\u0107 onih koji su nijemo posmatrali ubijanje Srebrenice, kidanje njenoga srca, ve\u0107 vlastitim snagama uzeti u odbranu svoju domovinu, svoj identitet, uzeti odbranu u svoje ruke, svoj jezik i ako se neko ponovno oglasi slovima negacije Bosne i Hercegovine, Bo\u0161njaka, njihovog identiteta, hrabro krenuti\u00a0sa tu\u017ebama i procesuiranjima jer elementi postoje, mozaik se sklopio.<\/p>\n<p>Drskost Dodika krajnje je opasan put ka ponavljanju i\u00a0obnavljanju genocida. Dodik kao dje\u010darac posmatra svoje la\u017ei kroz kaleidoskop i na koncu sam u njih povjeruje. Znaju to po\u0161teni Srbi da Dodik nije njihov spasitelj, niti spasitelj srpstva u BiH. Znaju oni da ih on godinama nagriza, kida im komadi\u0107e mesa, hrane\u0107i se njihovim \u017eivotima. A kao i svakom dje\u010darcu, potreban je rezervi krivac za sve ono \u0161to lo\u0161e uradi, kao kada se sa sredine terena slomi prozorsko staklo susjeda. Dodiku su Bo\u0161njaci rezervni krivci za sve \u0161ta se dogodi. On plasira nacionalisti\u010dke teze i na drugima ja\u010da svoju politi\u010dku poziciju nesuvislom politi\u010dkom retorikom koja obiluje uvredljivim, poni\u017eavaju\u0107im rije\u010dima, neargumentovanim, nemu\u0161tim. Ne zna dje\u010darac iz Lakta\u0161a da Srbe nema od koga braniti jer ih niko i ne napada, pogotovo ne Bo\u0161njaci.<\/p>\n<p>Znaju Bo\u0161njaci da Srbe ne treba gledati kroz prizmu Dodika jer Srbi su iznad njega. Srbi su ponosan narod. Oni su i iznad bezumne potrebe da se drugi i druga\u010dije smatra nepotrebnim. Srbi su i iznad aure zla Radovana Karad\u017ei\u0107a, haa\u0161kog stanovnika koji je predvodio genocid nad Bo\u0161njacima i \u010diji je entitet natopljen nedu\u017enom krvi Bo\u0161njaka. Fa\u0161isti\u010dka Dodikova ideologija mo\u017ee na\u0107i sebi plodno tlo tamo gdje nema dovoljno informacija, gdje nema svjesnog i obrazovanog \u010dovjeka, gdje je on neprikosnoveni vladar, tamo gdje nema slobodne rije\u010di domokratije, gdje je etni\u010dkim \u010di\u0161\u0107enjem nesrpskog stanovni\u0161tva prizvan glasnik zla, tamo\u00a0gdje je prisustvo Bo\u0161njaka prepolovljeno nakon popisa stanovni\u0161tva iz 1991. godine. Ne srljaj, \u010dovje\u010de! Ne srljaj i ne po\u017eeli nikada novi genocid nad Bo\u0161njacima. Pi\u0161em ti svojim jezikom, misle\u0107i na svoju zemlju, ja\u2026<\/p>\n","protected":false},"excerpt":{"rendered":"<p>Admir Muhi\u0107<\/p>\n","protected":false},"author":83,"featured_media":86412,"comment_status":"open","ping_status":"open","sticky":false,"template":"","format":"standard","meta":{"footnotes":""},"categories":[10196],"tags":[10263],"class_list":{"0":"post-86411","1":"post","2":"type-post","3":"status-publish","4":"format-standard","5":"has-post-thumbnail","7":"category-iz-pera-nasih-autora","8":"tag-admir-muhic"},"yoast_head":"<!-- This site is optimized with the Yoast SEO Premium plugin v23.1 (Yoast SEO v24.9) - https:\/\/yoast.com\/wordpress\/plugins\/seo\/ -->\n<title>San razuma stvara \u010dudovi\u0161ta<\/title>\n<meta name=\"robots\" content=\"index, follow, max-snippet:-1, max-image-preview:large, max-video-preview:-1\" \/>\n<link rel=\"canonical\" href=\"https:\/\/sandzakpress.net\/arhiva\/san-razuma-stvara-cudovista\/\" \/>\n<meta property=\"og:locale\" content=\"bs_BA\" \/>\n<meta property=\"og:type\" content=\"article\" \/>\n<meta property=\"og:title\" content=\"San razuma stvara \u010dudovi\u0161ta\" \/>\n<meta property=\"og:description\" content=\"Admir Muhi\u0107\" \/>\n<meta property=\"og:url\" content=\"https:\/\/sandzakpress.net\/arhiva\/san-razuma-stvara-cudovista\/\" \/>\n<meta property=\"og:site_name\" content=\"Sand\u017eak PRESS\" \/>\n<meta property=\"article:published_time\" content=\"2013-08-28T14:46:59+00:00\" \/>\n<meta property=\"og:image\" content=\"https:\/\/sandzakpress.net\/arhiva\/wp-content\/uploads\/2013\/08\/Admir-Muhic-280x280.jpg\" \/>\n\t<meta property=\"og:image:width\" content=\"280\" \/>\n\t<meta property=\"og:image:height\" content=\"280\" \/>\n\t<meta property=\"og:image:type\" content=\"image\/jpeg\" \/>\n<meta name=\"author\" content=\"bosniak\" \/>\n<meta name=\"twitter:card\" content=\"summary_large_image\" \/>\n<meta name=\"twitter:label1\" content=\"Written by\" \/>\n\t<meta name=\"twitter:data1\" content=\"bosniak\" \/>\n\t<meta name=\"twitter:label2\" content=\"Est. reading time\" \/>\n\t<meta name=\"twitter:data2\" content=\"10 minuta\" \/>\n<script type=\"application\/ld+json\" class=\"yoast-schema-graph\">{\"@context\":\"https:\/\/schema.org\",\"@graph\":[{\"@type\":\"Article\",\"@id\":\"https:\/\/sandzakpress.net\/arhiva\/san-razuma-stvara-cudovista\/#article\",\"isPartOf\":{\"@id\":\"https:\/\/sandzakpress.net\/arhiva\/san-razuma-stvara-cudovista\/\"},\"author\":{\"name\":\"bosniak\",\"@id\":\"https:\/\/sandzakpress.net\/arhiva\/#\/schema\/person\/c8baee722073534b583ea7bdb2e36c02\"},\"headline\":\"San razuma stvara \u010dudovi\u0161ta\",\"datePublished\":\"2013-08-28T14:46:59+00:00\",\"mainEntityOfPage\":{\"@id\":\"https:\/\/sandzakpress.net\/arhiva\/san-razuma-stvara-cudovista\/\"},\"wordCount\":2015,\"commentCount\":1,\"publisher\":{\"@id\":\"https:\/\/sandzakpress.net\/arhiva\/#\/schema\/person\/6e72b67d6e51910a1117b3b483ba20bd\"},\"image\":{\"@id\":\"https:\/\/sandzakpress.net\/arhiva\/san-razuma-stvara-cudovista\/#primaryimage\"},\"thumbnailUrl\":\"https:\/\/sandzakpress.net\/arhiva\/wp-content\/uploads\/2013\/08\/Admir-Muhic-280x280.jpg\",\"keywords\":[\"Admir Muhi\u0107\"],\"articleSection\":[\"Iz pera na\u0161ih autora\"],\"inLanguage\":\"bs-BA\",\"potentialAction\":[{\"@type\":\"CommentAction\",\"name\":\"Comment\",\"target\":[\"https:\/\/sandzakpress.net\/arhiva\/san-razuma-stvara-cudovista\/#respond\"]}]},{\"@type\":\"WebPage\",\"@id\":\"https:\/\/sandzakpress.net\/arhiva\/san-razuma-stvara-cudovista\/\",\"url\":\"https:\/\/sandzakpress.net\/arhiva\/san-razuma-stvara-cudovista\/\",\"name\":\"San razuma stvara \u010dudovi\u0161ta\",\"isPartOf\":{\"@id\":\"https:\/\/sandzakpress.net\/arhiva\/#website\"},\"primaryImageOfPage\":{\"@id\":\"https:\/\/sandzakpress.net\/arhiva\/san-razuma-stvara-cudovista\/#primaryimage\"},\"image\":{\"@id\":\"https:\/\/sandzakpress.net\/arhiva\/san-razuma-stvara-cudovista\/#primaryimage\"},\"thumbnailUrl\":\"https:\/\/sandzakpress.net\/arhiva\/wp-content\/uploads\/2013\/08\/Admir-Muhic-280x280.jpg\",\"datePublished\":\"2013-08-28T14:46:59+00:00\",\"breadcrumb\":{\"@id\":\"https:\/\/sandzakpress.net\/arhiva\/san-razuma-stvara-cudovista\/#breadcrumb\"},\"inLanguage\":\"bs-BA\",\"potentialAction\":[{\"@type\":\"ReadAction\",\"target\":[\"https:\/\/sandzakpress.net\/arhiva\/san-razuma-stvara-cudovista\/\"]}]},{\"@type\":\"ImageObject\",\"inLanguage\":\"bs-BA\",\"@id\":\"https:\/\/sandzakpress.net\/arhiva\/san-razuma-stvara-cudovista\/#primaryimage\",\"url\":\"https:\/\/sandzakpress.net\/arhiva\/wp-content\/uploads\/2013\/08\/Admir-Muhic-280x280.jpg\",\"contentUrl\":\"https:\/\/sandzakpress.net\/arhiva\/wp-content\/uploads\/2013\/08\/Admir-Muhic-280x280.jpg\",\"width\":280,\"height\":280},{\"@type\":\"BreadcrumbList\",\"@id\":\"https:\/\/sandzakpress.net\/arhiva\/san-razuma-stvara-cudovista\/#breadcrumb\",\"itemListElement\":[{\"@type\":\"ListItem\",\"position\":1,\"name\":\"Home\",\"item\":\"https:\/\/sandzakpress.net\/arhiva\/\"},{\"@type\":\"ListItem\",\"position\":2,\"name\":\"San razuma stvara \u010dudovi\u0161ta\"}]},{\"@type\":\"WebSite\",\"@id\":\"https:\/\/sandzakpress.net\/arhiva\/#website\",\"url\":\"https:\/\/sandzakpress.net\/arhiva\/\",\"name\":\"Sand\u017eak PRESS\",\"description\":\"Prve elektronske novine u Sand\u017eaku\",\"publisher\":{\"@id\":\"https:\/\/sandzakpress.net\/arhiva\/#\/schema\/person\/6e72b67d6e51910a1117b3b483ba20bd\"},\"potentialAction\":[{\"@type\":\"SearchAction\",\"target\":{\"@type\":\"EntryPoint\",\"urlTemplate\":\"https:\/\/sandzakpress.net\/arhiva\/?s={search_term_string}\"},\"query-input\":{\"@type\":\"PropertyValueSpecification\",\"valueRequired\":true,\"valueName\":\"search_term_string\"}}],\"inLanguage\":\"bs-BA\"},{\"@type\":[\"Person\",\"Organization\"],\"@id\":\"https:\/\/sandzakpress.net\/arhiva\/#\/schema\/person\/6e72b67d6e51910a1117b3b483ba20bd\",\"name\":\"Kul\",\"image\":{\"@type\":\"ImageObject\",\"inLanguage\":\"bs-BA\",\"@id\":\"https:\/\/sandzakpress.net\/arhiva\/#\/schema\/person\/image\/\",\"url\":\"https:\/\/secure.gravatar.com\/avatar\/42263f39aa27ac04c43cab85c280eb2e?s=96&d=mm&r=pg\",\"contentUrl\":\"https:\/\/secure.gravatar.com\/avatar\/42263f39aa27ac04c43cab85c280eb2e?s=96&d=mm&r=pg\",\"caption\":\"Kul\"},\"logo\":{\"@id\":\"https:\/\/sandzakpress.net\/arhiva\/#\/schema\/person\/image\/\"}},{\"@type\":\"Person\",\"@id\":\"https:\/\/sandzakpress.net\/arhiva\/#\/schema\/person\/c8baee722073534b583ea7bdb2e36c02\",\"name\":\"bosniak\",\"image\":{\"@type\":\"ImageObject\",\"inLanguage\":\"bs-BA\",\"@id\":\"https:\/\/sandzakpress.net\/arhiva\/#\/schema\/person\/image\/\",\"url\":\"https:\/\/secure.gravatar.com\/avatar\/a04fd330bfe3a36a72a0ad4a6d89fca7?s=96&d=mm&r=pg\",\"contentUrl\":\"https:\/\/secure.gravatar.com\/avatar\/a04fd330bfe3a36a72a0ad4a6d89fca7?s=96&d=mm&r=pg\",\"caption\":\"bosniak\"},\"url\":\"https:\/\/sandzakpress.net\/arhiva\/author\/bosniak\/\"}]}<\/script>\n<!-- \/ Yoast SEO Premium plugin. -->","yoast_head_json":{"title":"San razuma stvara \u010dudovi\u0161ta","robots":{"index":"index","follow":"follow","max-snippet":"max-snippet:-1","max-image-preview":"max-image-preview:large","max-video-preview":"max-video-preview:-1"},"canonical":"https:\/\/sandzakpress.net\/arhiva\/san-razuma-stvara-cudovista\/","og_locale":"bs_BA","og_type":"article","og_title":"San razuma stvara \u010dudovi\u0161ta","og_description":"Admir Muhi\u0107","og_url":"https:\/\/sandzakpress.net\/arhiva\/san-razuma-stvara-cudovista\/","og_site_name":"Sand\u017eak PRESS","article_published_time":"2013-08-28T14:46:59+00:00","og_image":[{"width":280,"height":280,"url":"https:\/\/sandzakpress.net\/arhiva\/wp-content\/uploads\/2013\/08\/Admir-Muhic-280x280.jpg","type":"image\/jpeg"}],"author":"bosniak","twitter_card":"summary_large_image","twitter_misc":{"Written by":"bosniak","Est. reading time":"10 minuta"},"schema":{"@context":"https:\/\/schema.org","@graph":[{"@type":"Article","@id":"https:\/\/sandzakpress.net\/arhiva\/san-razuma-stvara-cudovista\/#article","isPartOf":{"@id":"https:\/\/sandzakpress.net\/arhiva\/san-razuma-stvara-cudovista\/"},"author":{"name":"bosniak","@id":"https:\/\/sandzakpress.net\/arhiva\/#\/schema\/person\/c8baee722073534b583ea7bdb2e36c02"},"headline":"San razuma stvara \u010dudovi\u0161ta","datePublished":"2013-08-28T14:46:59+00:00","mainEntityOfPage":{"@id":"https:\/\/sandzakpress.net\/arhiva\/san-razuma-stvara-cudovista\/"},"wordCount":2015,"commentCount":1,"publisher":{"@id":"https:\/\/sandzakpress.net\/arhiva\/#\/schema\/person\/6e72b67d6e51910a1117b3b483ba20bd"},"image":{"@id":"https:\/\/sandzakpress.net\/arhiva\/san-razuma-stvara-cudovista\/#primaryimage"},"thumbnailUrl":"https:\/\/sandzakpress.net\/arhiva\/wp-content\/uploads\/2013\/08\/Admir-Muhic-280x280.jpg","keywords":["Admir Muhi\u0107"],"articleSection":["Iz pera na\u0161ih autora"],"inLanguage":"bs-BA","potentialAction":[{"@type":"CommentAction","name":"Comment","target":["https:\/\/sandzakpress.net\/arhiva\/san-razuma-stvara-cudovista\/#respond"]}]},{"@type":"WebPage","@id":"https:\/\/sandzakpress.net\/arhiva\/san-razuma-stvara-cudovista\/","url":"https:\/\/sandzakpress.net\/arhiva\/san-razuma-stvara-cudovista\/","name":"San razuma stvara \u010dudovi\u0161ta","isPartOf":{"@id":"https:\/\/sandzakpress.net\/arhiva\/#website"},"primaryImageOfPage":{"@id":"https:\/\/sandzakpress.net\/arhiva\/san-razuma-stvara-cudovista\/#primaryimage"},"image":{"@id":"https:\/\/sandzakpress.net\/arhiva\/san-razuma-stvara-cudovista\/#primaryimage"},"thumbnailUrl":"https:\/\/sandzakpress.net\/arhiva\/wp-content\/uploads\/2013\/08\/Admir-Muhic-280x280.jpg","datePublished":"2013-08-28T14:46:59+00:00","breadcrumb":{"@id":"https:\/\/sandzakpress.net\/arhiva\/san-razuma-stvara-cudovista\/#breadcrumb"},"inLanguage":"bs-BA","potentialAction":[{"@type":"ReadAction","target":["https:\/\/sandzakpress.net\/arhiva\/san-razuma-stvara-cudovista\/"]}]},{"@type":"ImageObject","inLanguage":"bs-BA","@id":"https:\/\/sandzakpress.net\/arhiva\/san-razuma-stvara-cudovista\/#primaryimage","url":"https:\/\/sandzakpress.net\/arhiva\/wp-content\/uploads\/2013\/08\/Admir-Muhic-280x280.jpg","contentUrl":"https:\/\/sandzakpress.net\/arhiva\/wp-content\/uploads\/2013\/08\/Admir-Muhic-280x280.jpg","width":280,"height":280},{"@type":"BreadcrumbList","@id":"https:\/\/sandzakpress.net\/arhiva\/san-razuma-stvara-cudovista\/#breadcrumb","itemListElement":[{"@type":"ListItem","position":1,"name":"Home","item":"https:\/\/sandzakpress.net\/arhiva\/"},{"@type":"ListItem","position":2,"name":"San razuma stvara \u010dudovi\u0161ta"}]},{"@type":"WebSite","@id":"https:\/\/sandzakpress.net\/arhiva\/#website","url":"https:\/\/sandzakpress.net\/arhiva\/","name":"Sand\u017eak PRESS","description":"Prve elektronske novine u Sand\u017eaku","publisher":{"@id":"https:\/\/sandzakpress.net\/arhiva\/#\/schema\/person\/6e72b67d6e51910a1117b3b483ba20bd"},"potentialAction":[{"@type":"SearchAction","target":{"@type":"EntryPoint","urlTemplate":"https:\/\/sandzakpress.net\/arhiva\/?s={search_term_string}"},"query-input":{"@type":"PropertyValueSpecification","valueRequired":true,"valueName":"search_term_string"}}],"inLanguage":"bs-BA"},{"@type":["Person","Organization"],"@id":"https:\/\/sandzakpress.net\/arhiva\/#\/schema\/person\/6e72b67d6e51910a1117b3b483ba20bd","name":"Kul","image":{"@type":"ImageObject","inLanguage":"bs-BA","@id":"https:\/\/sandzakpress.net\/arhiva\/#\/schema\/person\/image\/","url":"https:\/\/secure.gravatar.com\/avatar\/42263f39aa27ac04c43cab85c280eb2e?s=96&d=mm&r=pg","contentUrl":"https:\/\/secure.gravatar.com\/avatar\/42263f39aa27ac04c43cab85c280eb2e?s=96&d=mm&r=pg","caption":"Kul"},"logo":{"@id":"https:\/\/sandzakpress.net\/arhiva\/#\/schema\/person\/image\/"}},{"@type":"Person","@id":"https:\/\/sandzakpress.net\/arhiva\/#\/schema\/person\/c8baee722073534b583ea7bdb2e36c02","name":"bosniak","image":{"@type":"ImageObject","inLanguage":"bs-BA","@id":"https:\/\/sandzakpress.net\/arhiva\/#\/schema\/person\/image\/","url":"https:\/\/secure.gravatar.com\/avatar\/a04fd330bfe3a36a72a0ad4a6d89fca7?s=96&d=mm&r=pg","contentUrl":"https:\/\/secure.gravatar.com\/avatar\/a04fd330bfe3a36a72a0ad4a6d89fca7?s=96&d=mm&r=pg","caption":"bosniak"},"url":"https:\/\/sandzakpress.net\/arhiva\/author\/bosniak\/"}]}},"_links":{"self":[{"href":"https:\/\/sandzakpress.net\/arhiva\/wp-json\/wp\/v2\/posts\/86411"}],"collection":[{"href":"https:\/\/sandzakpress.net\/arhiva\/wp-json\/wp\/v2\/posts"}],"about":[{"href":"https:\/\/sandzakpress.net\/arhiva\/wp-json\/wp\/v2\/types\/post"}],"author":[{"embeddable":true,"href":"https:\/\/sandzakpress.net\/arhiva\/wp-json\/wp\/v2\/users\/83"}],"replies":[{"embeddable":true,"href":"https:\/\/sandzakpress.net\/arhiva\/wp-json\/wp\/v2\/comments?post=86411"}],"version-history":[{"count":0,"href":"https:\/\/sandzakpress.net\/arhiva\/wp-json\/wp\/v2\/posts\/86411\/revisions"}],"wp:featuredmedia":[{"embeddable":true,"href":"https:\/\/sandzakpress.net\/arhiva\/wp-json\/wp\/v2\/media\/86412"}],"wp:attachment":[{"href":"https:\/\/sandzakpress.net\/arhiva\/wp-json\/wp\/v2\/media?parent=86411"}],"wp:term":[{"taxonomy":"category","embeddable":true,"href":"https:\/\/sandzakpress.net\/arhiva\/wp-json\/wp\/v2\/categories?post=86411"},{"taxonomy":"post_tag","embeddable":true,"href":"https:\/\/sandzakpress.net\/arhiva\/wp-json\/wp\/v2\/tags?post=86411"}],"curies":[{"name":"wp","href":"https:\/\/api.w.org\/{rel}","templated":true}]}}