{"id":86339,"date":"2013-08-27T19:59:56","date_gmt":"2013-08-27T17:59:56","guid":{"rendered":"https:\/\/sandzakpress.net\/arhiva\/?p=86339"},"modified":"2013-08-27T19:59:56","modified_gmt":"2013-08-27T17:59:56","slug":"danas-beograd-prihvata-pozivni-broj-za-kosovo","status":"publish","type":"post","link":"https:\/\/sandzakpress.net\/arhiva\/danas-beograd-prihvata-pozivni-broj-za-kosovo\/","title":{"rendered":"Danas: Beograd prihvata pozivni broj za Kosovo"},"content":{"rendered":"<p><strong><a href=\"https:\/\/sandzakpress.net\/arhiva\/wp-content\/uploads\/2013\/08\/383_0.jpg\"><img loading=\"lazy\" decoding=\"async\" class=\"alignleft size-medium wp-image-86340\" alt=\"383_0\" src=\"https:\/\/sandzakpress.net\/arhiva\/wp-content\/uploads\/2013\/08\/383_0-300x186.jpg\" width=\"300\" height=\"186\" \/><\/a>Kosovo, Srbija\u00a0 &#8211; Premijeri Kosova i Srbije Hashim Tha\u00e7i i Ivica Da\u010di\u0107 trebalo bi da se sutra, na 15. rundi pregovora u Briselu dogovore o telekomunikacijama.<\/strong><\/p>\n<p>Prema nezvani\u010dnim saznanjima lista Danas, Beograd je prihvatio da Kosovo dobije poseban me\u0111unarodni pozivni broj +383, koji \u0107e jedini ostati u upotrebi na ovoj teritoriji poslije 2015, do kada \u0107e se koristiti i pozivni broj Srbije.<\/p>\n<p>U diplomatskim krugovima spekuli\u0161e se da je mogu\u0107e odlaganje dogovora o energetici, iako ne obuhvata hidroenergetski sistem Gazivode, o kome bi, navodno, trebalo da se razgovara u okviru teme vodosnabdjevanje.<\/p>\n<p>Beograd je, kako se pri\u010da, prihvatio da prenosni energetski sistem na Kosovu bude u okviru Kosovske energetske korporacije (KEK). Od dana\u0161njeg susreta dvojice premijera s visokom predstavnicom EU za spoljnu politiku i bezbjednost o\u010dekuje se i da razjasni sve sporove u vezi sa lokalnim kosovskim izborima 3. novembra.<\/p>\n<p>Da\u010di\u0107 je najavio je da \u0107e usloviti u\u010de\u0161\u0107e kosovskih Srba na tim izborima ukoliko na glasa\u010dkim listi\u0107ima bude oznake dr\u017eavnosti Kosova.<\/p>\n<p>\u201cVlada Kosova ne odlu\u010duje o izgledu glasa\u010dkih listi\u0107a, niti je u njenom mandatu da o tome razgovara u Briselu. To je pitanje za Centralnu izbornu komisiju Kosova, a mi \u0107emo samo po\u0161tovati odluke CIK\u201d, izjavio je Hashim Tha\u00e7i, koji najavio da \u0107e se pored telekomunikacija i energetike razgovarati i o pravosu\u0111u i sportu na Kosovu.<\/p>\n<p>Tha\u00e7ijeva zamjenica u vladi Edita Tahiri izjavila je da \u0107e jedna od tema biti i sporazum o procesu lokalnih izbora, posebno kada je re\u010d o tuma\u010denju dijela koji govori da se glasanje 3. novembra sprovodi po kosovskim zakonima.<\/p>\n<p>Mediji najavljuju da \u0107e izbore na sjeveru Kosova pratiti nekoliko stotina stranih posmatra\u010da i da je OEBS zvani\u010dno zatra\u017eio da EU prati glasanje, o \u010demu bi, kako se navodi, trebalo da da se danas razgovara u Briselu.<\/p>\n<p>\u201cDogovor da se logo Kosova izostavi sa glasa\u010dkih listi\u0107a je mogu\u0107, ali pitanje je \u0161ta \u0107e sve Da\u010di\u0107 zauzvrat morati da prihvati. Statusna neutralnost je ideolo\u0161ko zamla\u0107ivanje. Ovo su izbori za kosovske institucije, koji \u0107e se sprovesti po kosovskim zakonima, gdje su simboli manje va\u017eni od \u010dinjenice da je Srbija prihvatila, motivisala, a sada i primorava kosovske Srbe da na tim izborima u\u010destvuju. Mnogo va\u017enija pitanja od simbola su prijavljivanje stranaka za izbore i registracija bira\u010da, koja je u Srbiji pro\u0161la tiho: vest o tome u medijima pojavila se prekju\u010de, kad je registracija zavr\u0161ena\u201d, ka\u017ee za Danas politi\u010dki analiti\u010dar Du\u0161an Janji\u0107.<\/p>\n<p>(bosnjak-ks.info)<\/p>\n","protected":false},"excerpt":{"rendered":"<p>Kosovo, Srbija\u00a0 &#8211; Premijeri Kosova i Srbije Hashim Tha\u00e7i i Ivica Da\u010di\u0107 trebalo bi da se sutra, na 15. rundi pregovora u Briselu dogovore o telekomunikacijama. Prema nezvani\u010dnim saznanjima lista Danas, Beograd je prihvatio da Kosovo dobije poseban me\u0111unarodni pozivni broj +383, koji \u0107e jedini ostati u upotrebi na ovoj teritoriji poslije 2015, do kada [&hellip;]<\/p>\n","protected":false},"author":83,"featured_media":86341,"comment_status":"open","ping_status":"open","sticky":false,"template":"","format":"standard","meta":{"footnotes":""},"categories":[2690,10307],"tags":[],"class_list":{"0":"post-86339","1":"post","2":"type-post","3":"status-publish","4":"format-standard","5":"has-post-thumbnail","7":"category-kosovo-gradovi","8":"category-srbija"},"yoast_head":"<!-- This site is optimized with the Yoast SEO Premium plugin v23.1 (Yoast SEO v24.9) - https:\/\/yoast.com\/wordpress\/plugins\/seo\/ -->\n<title>Danas: Beograd prihvata pozivni broj za Kosovo<\/title>\n<meta name=\"robots\" content=\"index, follow, max-snippet:-1, max-image-preview:large, max-video-preview:-1\" \/>\n<link rel=\"canonical\" href=\"https:\/\/sandzakpress.net\/arhiva\/danas-beograd-prihvata-pozivni-broj-za-kosovo\/\" \/>\n<meta property=\"og:locale\" content=\"bs_BA\" \/>\n<meta property=\"og:type\" content=\"article\" \/>\n<meta property=\"og:title\" content=\"Danas: Beograd prihvata pozivni broj za Kosovo\" \/>\n<meta property=\"og:description\" content=\"Kosovo, Srbija\u00a0 &#8211; Premijeri Kosova i Srbije Hashim Tha\u00e7i i Ivica Da\u010di\u0107 trebalo bi da se sutra, na 15. rundi pregovora u Briselu dogovore o telekomunikacijama. Prema nezvani\u010dnim saznanjima lista Danas, Beograd je prihvatio da Kosovo dobije poseban me\u0111unarodni pozivni broj +383, koji \u0107e jedini ostati u upotrebi na ovoj teritoriji poslije 2015, do kada [&hellip;]\" \/>\n<meta property=\"og:url\" content=\"https:\/\/sandzakpress.net\/arhiva\/danas-beograd-prihvata-pozivni-broj-za-kosovo\/\" \/>\n<meta property=\"og:site_name\" content=\"Sand\u017eak PRESS\" \/>\n<meta property=\"article:published_time\" content=\"2013-08-27T17:59:56+00:00\" \/>\n<meta property=\"og:image\" content=\"https:\/\/sandzakpress.net\/arhiva\/wp-content\/uploads\/2013\/08\/383_0-300x1861.jpg\" \/>\n\t<meta property=\"og:image:width\" content=\"300\" \/>\n\t<meta property=\"og:image:height\" content=\"186\" \/>\n\t<meta property=\"og:image:type\" content=\"image\/jpeg\" \/>\n<meta name=\"author\" content=\"bosniak\" \/>\n<meta name=\"twitter:card\" content=\"summary_large_image\" \/>\n<meta name=\"twitter:label1\" content=\"Written by\" \/>\n\t<meta name=\"twitter:data1\" content=\"bosniak\" \/>\n\t<meta name=\"twitter:label2\" content=\"Est. reading time\" \/>\n\t<meta name=\"twitter:data2\" content=\"2 minute\" \/>\n<script type=\"application\/ld+json\" class=\"yoast-schema-graph\">{\"@context\":\"https:\/\/schema.org\",\"@graph\":[{\"@type\":\"Article\",\"@id\":\"https:\/\/sandzakpress.net\/arhiva\/danas-beograd-prihvata-pozivni-broj-za-kosovo\/#article\",\"isPartOf\":{\"@id\":\"https:\/\/sandzakpress.net\/arhiva\/danas-beograd-prihvata-pozivni-broj-za-kosovo\/\"},\"author\":{\"name\":\"bosniak\",\"@id\":\"https:\/\/sandzakpress.net\/arhiva\/#\/schema\/person\/c8baee722073534b583ea7bdb2e36c02\"},\"headline\":\"Danas: Beograd prihvata pozivni broj za Kosovo\",\"datePublished\":\"2013-08-27T17:59:56+00:00\",\"mainEntityOfPage\":{\"@id\":\"https:\/\/sandzakpress.net\/arhiva\/danas-beograd-prihvata-pozivni-broj-za-kosovo\/\"},\"wordCount\":438,\"commentCount\":0,\"publisher\":{\"@id\":\"https:\/\/sandzakpress.net\/arhiva\/#\/schema\/person\/6e72b67d6e51910a1117b3b483ba20bd\"},\"image\":{\"@id\":\"https:\/\/sandzakpress.net\/arhiva\/danas-beograd-prihvata-pozivni-broj-za-kosovo\/#primaryimage\"},\"thumbnailUrl\":\"https:\/\/sandzakpress.net\/arhiva\/wp-content\/uploads\/2013\/08\/383_0-300x1861.jpg\",\"articleSection\":[\"Kosovo\",\"Srbija\"],\"inLanguage\":\"bs-BA\",\"potentialAction\":[{\"@type\":\"CommentAction\",\"name\":\"Comment\",\"target\":[\"https:\/\/sandzakpress.net\/arhiva\/danas-beograd-prihvata-pozivni-broj-za-kosovo\/#respond\"]}]},{\"@type\":\"WebPage\",\"@id\":\"https:\/\/sandzakpress.net\/arhiva\/danas-beograd-prihvata-pozivni-broj-za-kosovo\/\",\"url\":\"https:\/\/sandzakpress.net\/arhiva\/danas-beograd-prihvata-pozivni-broj-za-kosovo\/\",\"name\":\"Danas: Beograd prihvata pozivni broj za Kosovo\",\"isPartOf\":{\"@id\":\"https:\/\/sandzakpress.net\/arhiva\/#website\"},\"primaryImageOfPage\":{\"@id\":\"https:\/\/sandzakpress.net\/arhiva\/danas-beograd-prihvata-pozivni-broj-za-kosovo\/#primaryimage\"},\"image\":{\"@id\":\"https:\/\/sandzakpress.net\/arhiva\/danas-beograd-prihvata-pozivni-broj-za-kosovo\/#primaryimage\"},\"thumbnailUrl\":\"https:\/\/sandzakpress.net\/arhiva\/wp-content\/uploads\/2013\/08\/383_0-300x1861.jpg\",\"datePublished\":\"2013-08-27T17:59:56+00:00\",\"breadcrumb\":{\"@id\":\"https:\/\/sandzakpress.net\/arhiva\/danas-beograd-prihvata-pozivni-broj-za-kosovo\/#breadcrumb\"},\"inLanguage\":\"bs-BA\",\"potentialAction\":[{\"@type\":\"ReadAction\",\"target\":[\"https:\/\/sandzakpress.net\/arhiva\/danas-beograd-prihvata-pozivni-broj-za-kosovo\/\"]}]},{\"@type\":\"ImageObject\",\"inLanguage\":\"bs-BA\",\"@id\":\"https:\/\/sandzakpress.net\/arhiva\/danas-beograd-prihvata-pozivni-broj-za-kosovo\/#primaryimage\",\"url\":\"https:\/\/sandzakpress.net\/arhiva\/wp-content\/uploads\/2013\/08\/383_0-300x1861.jpg\",\"contentUrl\":\"https:\/\/sandzakpress.net\/arhiva\/wp-content\/uploads\/2013\/08\/383_0-300x1861.jpg\",\"width\":300,\"height\":186},{\"@type\":\"BreadcrumbList\",\"@id\":\"https:\/\/sandzakpress.net\/arhiva\/danas-beograd-prihvata-pozivni-broj-za-kosovo\/#breadcrumb\",\"itemListElement\":[{\"@type\":\"ListItem\",\"position\":1,\"name\":\"Home\",\"item\":\"https:\/\/sandzakpress.net\/arhiva\/\"},{\"@type\":\"ListItem\",\"position\":2,\"name\":\"Danas: Beograd prihvata pozivni broj za Kosovo\"}]},{\"@type\":\"WebSite\",\"@id\":\"https:\/\/sandzakpress.net\/arhiva\/#website\",\"url\":\"https:\/\/sandzakpress.net\/arhiva\/\",\"name\":\"Sand\u017eak PRESS\",\"description\":\"Prve elektronske novine u Sand\u017eaku\",\"publisher\":{\"@id\":\"https:\/\/sandzakpress.net\/arhiva\/#\/schema\/person\/6e72b67d6e51910a1117b3b483ba20bd\"},\"potentialAction\":[{\"@type\":\"SearchAction\",\"target\":{\"@type\":\"EntryPoint\",\"urlTemplate\":\"https:\/\/sandzakpress.net\/arhiva\/?s={search_term_string}\"},\"query-input\":{\"@type\":\"PropertyValueSpecification\",\"valueRequired\":true,\"valueName\":\"search_term_string\"}}],\"inLanguage\":\"bs-BA\"},{\"@type\":[\"Person\",\"Organization\"],\"@id\":\"https:\/\/sandzakpress.net\/arhiva\/#\/schema\/person\/6e72b67d6e51910a1117b3b483ba20bd\",\"name\":\"Kul\",\"image\":{\"@type\":\"ImageObject\",\"inLanguage\":\"bs-BA\",\"@id\":\"https:\/\/sandzakpress.net\/arhiva\/#\/schema\/person\/image\/\",\"url\":\"https:\/\/secure.gravatar.com\/avatar\/42263f39aa27ac04c43cab85c280eb2e?s=96&d=mm&r=pg\",\"contentUrl\":\"https:\/\/secure.gravatar.com\/avatar\/42263f39aa27ac04c43cab85c280eb2e?s=96&d=mm&r=pg\",\"caption\":\"Kul\"},\"logo\":{\"@id\":\"https:\/\/sandzakpress.net\/arhiva\/#\/schema\/person\/image\/\"}},{\"@type\":\"Person\",\"@id\":\"https:\/\/sandzakpress.net\/arhiva\/#\/schema\/person\/c8baee722073534b583ea7bdb2e36c02\",\"name\":\"bosniak\",\"image\":{\"@type\":\"ImageObject\",\"inLanguage\":\"bs-BA\",\"@id\":\"https:\/\/sandzakpress.net\/arhiva\/#\/schema\/person\/image\/\",\"url\":\"https:\/\/secure.gravatar.com\/avatar\/a04fd330bfe3a36a72a0ad4a6d89fca7?s=96&d=mm&r=pg\",\"contentUrl\":\"https:\/\/secure.gravatar.com\/avatar\/a04fd330bfe3a36a72a0ad4a6d89fca7?s=96&d=mm&r=pg\",\"caption\":\"bosniak\"},\"url\":\"https:\/\/sandzakpress.net\/arhiva\/author\/bosniak\/\"}]}<\/script>\n<!-- \/ Yoast SEO Premium plugin. -->","yoast_head_json":{"title":"Danas: Beograd prihvata pozivni broj za Kosovo","robots":{"index":"index","follow":"follow","max-snippet":"max-snippet:-1","max-image-preview":"max-image-preview:large","max-video-preview":"max-video-preview:-1"},"canonical":"https:\/\/sandzakpress.net\/arhiva\/danas-beograd-prihvata-pozivni-broj-za-kosovo\/","og_locale":"bs_BA","og_type":"article","og_title":"Danas: Beograd prihvata pozivni broj za Kosovo","og_description":"Kosovo, Srbija\u00a0 &#8211; Premijeri Kosova i Srbije Hashim Tha\u00e7i i Ivica Da\u010di\u0107 trebalo bi da se sutra, na 15. rundi pregovora u Briselu dogovore o telekomunikacijama. Prema nezvani\u010dnim saznanjima lista Danas, Beograd je prihvatio da Kosovo dobije poseban me\u0111unarodni pozivni broj +383, koji \u0107e jedini ostati u upotrebi na ovoj teritoriji poslije 2015, do kada [&hellip;]","og_url":"https:\/\/sandzakpress.net\/arhiva\/danas-beograd-prihvata-pozivni-broj-za-kosovo\/","og_site_name":"Sand\u017eak PRESS","article_published_time":"2013-08-27T17:59:56+00:00","og_image":[{"width":300,"height":186,"url":"https:\/\/sandzakpress.net\/arhiva\/wp-content\/uploads\/2013\/08\/383_0-300x1861.jpg","type":"image\/jpeg"}],"author":"bosniak","twitter_card":"summary_large_image","twitter_misc":{"Written by":"bosniak","Est. reading time":"2 minute"},"schema":{"@context":"https:\/\/schema.org","@graph":[{"@type":"Article","@id":"https:\/\/sandzakpress.net\/arhiva\/danas-beograd-prihvata-pozivni-broj-za-kosovo\/#article","isPartOf":{"@id":"https:\/\/sandzakpress.net\/arhiva\/danas-beograd-prihvata-pozivni-broj-za-kosovo\/"},"author":{"name":"bosniak","@id":"https:\/\/sandzakpress.net\/arhiva\/#\/schema\/person\/c8baee722073534b583ea7bdb2e36c02"},"headline":"Danas: Beograd prihvata pozivni broj za Kosovo","datePublished":"2013-08-27T17:59:56+00:00","mainEntityOfPage":{"@id":"https:\/\/sandzakpress.net\/arhiva\/danas-beograd-prihvata-pozivni-broj-za-kosovo\/"},"wordCount":438,"commentCount":0,"publisher":{"@id":"https:\/\/sandzakpress.net\/arhiva\/#\/schema\/person\/6e72b67d6e51910a1117b3b483ba20bd"},"image":{"@id":"https:\/\/sandzakpress.net\/arhiva\/danas-beograd-prihvata-pozivni-broj-za-kosovo\/#primaryimage"},"thumbnailUrl":"https:\/\/sandzakpress.net\/arhiva\/wp-content\/uploads\/2013\/08\/383_0-300x1861.jpg","articleSection":["Kosovo","Srbija"],"inLanguage":"bs-BA","potentialAction":[{"@type":"CommentAction","name":"Comment","target":["https:\/\/sandzakpress.net\/arhiva\/danas-beograd-prihvata-pozivni-broj-za-kosovo\/#respond"]}]},{"@type":"WebPage","@id":"https:\/\/sandzakpress.net\/arhiva\/danas-beograd-prihvata-pozivni-broj-za-kosovo\/","url":"https:\/\/sandzakpress.net\/arhiva\/danas-beograd-prihvata-pozivni-broj-za-kosovo\/","name":"Danas: Beograd prihvata pozivni broj za Kosovo","isPartOf":{"@id":"https:\/\/sandzakpress.net\/arhiva\/#website"},"primaryImageOfPage":{"@id":"https:\/\/sandzakpress.net\/arhiva\/danas-beograd-prihvata-pozivni-broj-za-kosovo\/#primaryimage"},"image":{"@id":"https:\/\/sandzakpress.net\/arhiva\/danas-beograd-prihvata-pozivni-broj-za-kosovo\/#primaryimage"},"thumbnailUrl":"https:\/\/sandzakpress.net\/arhiva\/wp-content\/uploads\/2013\/08\/383_0-300x1861.jpg","datePublished":"2013-08-27T17:59:56+00:00","breadcrumb":{"@id":"https:\/\/sandzakpress.net\/arhiva\/danas-beograd-prihvata-pozivni-broj-za-kosovo\/#breadcrumb"},"inLanguage":"bs-BA","potentialAction":[{"@type":"ReadAction","target":["https:\/\/sandzakpress.net\/arhiva\/danas-beograd-prihvata-pozivni-broj-za-kosovo\/"]}]},{"@type":"ImageObject","inLanguage":"bs-BA","@id":"https:\/\/sandzakpress.net\/arhiva\/danas-beograd-prihvata-pozivni-broj-za-kosovo\/#primaryimage","url":"https:\/\/sandzakpress.net\/arhiva\/wp-content\/uploads\/2013\/08\/383_0-300x1861.jpg","contentUrl":"https:\/\/sandzakpress.net\/arhiva\/wp-content\/uploads\/2013\/08\/383_0-300x1861.jpg","width":300,"height":186},{"@type":"BreadcrumbList","@id":"https:\/\/sandzakpress.net\/arhiva\/danas-beograd-prihvata-pozivni-broj-za-kosovo\/#breadcrumb","itemListElement":[{"@type":"ListItem","position":1,"name":"Home","item":"https:\/\/sandzakpress.net\/arhiva\/"},{"@type":"ListItem","position":2,"name":"Danas: Beograd prihvata pozivni broj za Kosovo"}]},{"@type":"WebSite","@id":"https:\/\/sandzakpress.net\/arhiva\/#website","url":"https:\/\/sandzakpress.net\/arhiva\/","name":"Sand\u017eak PRESS","description":"Prve elektronske novine u Sand\u017eaku","publisher":{"@id":"https:\/\/sandzakpress.net\/arhiva\/#\/schema\/person\/6e72b67d6e51910a1117b3b483ba20bd"},"potentialAction":[{"@type":"SearchAction","target":{"@type":"EntryPoint","urlTemplate":"https:\/\/sandzakpress.net\/arhiva\/?s={search_term_string}"},"query-input":{"@type":"PropertyValueSpecification","valueRequired":true,"valueName":"search_term_string"}}],"inLanguage":"bs-BA"},{"@type":["Person","Organization"],"@id":"https:\/\/sandzakpress.net\/arhiva\/#\/schema\/person\/6e72b67d6e51910a1117b3b483ba20bd","name":"Kul","image":{"@type":"ImageObject","inLanguage":"bs-BA","@id":"https:\/\/sandzakpress.net\/arhiva\/#\/schema\/person\/image\/","url":"https:\/\/secure.gravatar.com\/avatar\/42263f39aa27ac04c43cab85c280eb2e?s=96&d=mm&r=pg","contentUrl":"https:\/\/secure.gravatar.com\/avatar\/42263f39aa27ac04c43cab85c280eb2e?s=96&d=mm&r=pg","caption":"Kul"},"logo":{"@id":"https:\/\/sandzakpress.net\/arhiva\/#\/schema\/person\/image\/"}},{"@type":"Person","@id":"https:\/\/sandzakpress.net\/arhiva\/#\/schema\/person\/c8baee722073534b583ea7bdb2e36c02","name":"bosniak","image":{"@type":"ImageObject","inLanguage":"bs-BA","@id":"https:\/\/sandzakpress.net\/arhiva\/#\/schema\/person\/image\/","url":"https:\/\/secure.gravatar.com\/avatar\/a04fd330bfe3a36a72a0ad4a6d89fca7?s=96&d=mm&r=pg","contentUrl":"https:\/\/secure.gravatar.com\/avatar\/a04fd330bfe3a36a72a0ad4a6d89fca7?s=96&d=mm&r=pg","caption":"bosniak"},"url":"https:\/\/sandzakpress.net\/arhiva\/author\/bosniak\/"}]}},"_links":{"self":[{"href":"https:\/\/sandzakpress.net\/arhiva\/wp-json\/wp\/v2\/posts\/86339"}],"collection":[{"href":"https:\/\/sandzakpress.net\/arhiva\/wp-json\/wp\/v2\/posts"}],"about":[{"href":"https:\/\/sandzakpress.net\/arhiva\/wp-json\/wp\/v2\/types\/post"}],"author":[{"embeddable":true,"href":"https:\/\/sandzakpress.net\/arhiva\/wp-json\/wp\/v2\/users\/83"}],"replies":[{"embeddable":true,"href":"https:\/\/sandzakpress.net\/arhiva\/wp-json\/wp\/v2\/comments?post=86339"}],"version-history":[{"count":0,"href":"https:\/\/sandzakpress.net\/arhiva\/wp-json\/wp\/v2\/posts\/86339\/revisions"}],"wp:featuredmedia":[{"embeddable":true,"href":"https:\/\/sandzakpress.net\/arhiva\/wp-json\/wp\/v2\/media\/86341"}],"wp:attachment":[{"href":"https:\/\/sandzakpress.net\/arhiva\/wp-json\/wp\/v2\/media?parent=86339"}],"wp:term":[{"taxonomy":"category","embeddable":true,"href":"https:\/\/sandzakpress.net\/arhiva\/wp-json\/wp\/v2\/categories?post=86339"},{"taxonomy":"post_tag","embeddable":true,"href":"https:\/\/sandzakpress.net\/arhiva\/wp-json\/wp\/v2\/tags?post=86339"}],"curies":[{"name":"wp","href":"https:\/\/api.w.org\/{rel}","templated":true}]}}