{"id":86213,"date":"2013-08-26T17:39:51","date_gmt":"2013-08-26T15:39:51","guid":{"rendered":"https:\/\/sandzakpress.net\/arhiva\/?p=86213"},"modified":"2013-08-26T17:39:51","modified_gmt":"2013-08-26T15:39:51","slug":"odgovor-sijske-organizacije-iz-bih-mulla-sadra-reisulemi-kavazovicu","status":"publish","type":"post","link":"https:\/\/sandzakpress.net\/arhiva\/odgovor-sijske-organizacije-iz-bih-mulla-sadra-reisulemi-kavazovicu\/","title":{"rendered":"Odgovor \u0161ijske organizacije iz BiH &#8216;Mulla Sadra&#8217; reisulemi Kavazovi\u0107u"},"content":{"rendered":"<p><strong><img loading=\"lazy\" decoding=\"async\" class=\"alignleft size-medium wp-image-86214\" alt=\"6384a1a5c65741ab6f8625372f3d4127_XL\" src=\"https:\/\/sandzakpress.net\/arhiva\/wp-content\/uploads\/2013\/08\/6384a1a5c65741ab6f8625372f3d4127_XL-300x273.jpg\" width=\"300\" height=\"273\" \/>BiH &#8211; Svi trebamo primiti na znanje \u010dinjenicu da \u0107e zasigurno svaki pojedinac koji danas svojim jezikom, perom ili djelom, svjesno ili nesvjesno, i s kojom god namjerom, dovodi do poticanja i raspirivanja podjela i neslaganja me\u0111u muslimanima te do me\u0111usobnog udaljavanja njihovih srca morati stajati pred Allahom, d\u017e.\u0161., i odgovarati jer je uznemirio i bolom ispunio srce dragog nam Poslanika Muhammeda, s.a.v.a. Tako\u0111er trebamo biti svjesni \u010dinjenice da oni koji iz ovih podjela i sukoba izvla\u010de najve\u0107u korist ni najmanje ne vjeruju u na\u010dela islama i Kur'ana te da u njihovim o\u010dima nema nikakve razlike izme\u0111u Sirije, Egipta, Libana, Iraka, Bahreina i Palestine. Njima je jedino va\u017eno da se prolijeva muslimanska krv, a jo\u0161 je i bolje ako \u0107e to biti popra\u0107eno uzvikom \u201cAllahu ekber!\u201d, kako bi se ne samo prolila na\u0161a krv ve\u0107 i ukaljao na\u0161 obraz i pogazila na\u0161a \u010dast! Jo\u0161 je i bolje ako to bude popra\u0107eno uzvikom \u201cAllahu ekber!\u201d, kako bi se ne samo ukaljao na\u0161 obraz nego i obraz Muhammeda, s.a.v.a.<\/strong><\/p>\n<p>Fondacija \u201cMulla Sadra\u201d u Bosni i Hercegovini, kao i uvijek dosada, izra\u017eava svoju punu podr\u0161ku stavovima reisu-l-uleme Huseina efendije Kavazovi\u0107a i obznanjuje da se protivi bilo kakvom djelovanju koje ima za posljedicu stvaranje jaza u redovima muslimana, od kojeg god pojedinca i od koje god skupine ono dolazilo. Isto tako, smatramo svojom obavezom uva\u017eavanje njegovog mi\u0161ljenja i njegovih dobronamjernih savjeta i uvijek \u0107emo, kao i dosada, zajedno i pod ruku s islamskim ummetom i uva\u017eenom Islamskom zajednicom, u potpunosti ulagati sav svoj trud i napor radi postizanja konsenzusa, solidarnosti i jedinstva u redovima vjernika. Jer, smatramo da uzrok pada i propasti vi\u0161estoljetne velike i napredne islamske civilizacije le\u017ei upravo u zanemarivanju ovakvih pitanja i padanju u zamku raskola.<\/p>\n<p>Fondacija \u201cMulla Sadra\u201d u Bosni i Hercegovini \u2013 koja se i dosada okori\u0161tavala podr\u0161kom i konsultiranjem s intelektualcima i u\u010denjacima iz Islamske zajednice i nau\u010dnih centara u Bosni i Hercegovini \u2013 izra\u017eava zadovoljstvo \u0161to je prva nau\u010dno-kulturna ustanova koja, radi prakti\u010dnog izra\u017eavanja podr\u0161ke ujedinjuju\u0107im stavovima reisu-l-uleme Islamske zajednice, poziva Fakultet islamskih nauka u Sarajevu i uva\u017eeni Rijaset IZ da izborom svojih predstavnika za \u010dlanstvo u savjetodavnom vije\u0107u Fondacije svojim mi\u0161ljenjem, prijedlozima i uputama pru\u017ee, vi\u0161e nego dosada, pomo\u0107 u radu ovom nau\u010dno-kulturnom kolektivu.<\/p>\n<p>Neka Uzvi\u0161eni Bog vrati islamskom ummetu bratstvo, iskrenost i bliskost i neka pribli\u017ei srca vjernika jedna drugima!<\/p>\n<p>Neka je selam svim dobrim Allahovim robovima!<\/p>\n<p>26. 8. 2013.<\/p>\n<p align=\"right\">Slu\u017eba za odnose sa javno\u0161\u0107u<\/p>\n<p align=\"right\">Fondacija \u201cMulla Sadra\u201d u BiH<\/p>\n","protected":false},"excerpt":{"rendered":"<p>BiH &#8211; Svi trebamo primiti na znanje \u010dinjenicu da \u0107e zasigurno svaki pojedinac koji danas svojim jezikom, perom ili djelom, svjesno ili nesvjesno, i s kojom god namjerom, dovodi do poticanja i raspirivanja podjela i neslaganja me\u0111u muslimanima te do me\u0111usobnog udaljavanja njihovih srca morati stajati pred Allahom, d\u017e.\u0161., i odgovarati jer je uznemirio i [&hellip;]<\/p>\n","protected":false},"author":83,"featured_media":86215,"comment_status":"open","ping_status":"open","sticky":false,"template":"","format":"standard","meta":{"footnotes":""},"categories":[2860,1,8957],"tags":[10203,10232],"class_list":{"0":"post-86213","1":"post","2":"type-post","3":"status-publish","4":"format-standard","5":"has-post-thumbnail","7":"category-bosna-i-hercegovina-gradovi","8":"category-politika","9":"category-vijesti-dana","10":"tag-sije","11":"tag-reisu-l-uleme-husein-kavazovic"},"yoast_head":"<!-- This site is optimized with the Yoast SEO Premium plugin v23.1 (Yoast SEO v24.9) - https:\/\/yoast.com\/wordpress\/plugins\/seo\/ -->\n<title>Odgovor \u0161ijske organizacije iz BiH &#039;Mulla Sadra&#039; reisulemi Kavazovi\u0107u<\/title>\n<meta name=\"robots\" content=\"index, follow, max-snippet:-1, max-image-preview:large, max-video-preview:-1\" \/>\n<link rel=\"canonical\" href=\"https:\/\/sandzakpress.net\/arhiva\/odgovor-sijske-organizacije-iz-bih-mulla-sadra-reisulemi-kavazovicu\/\" \/>\n<meta property=\"og:locale\" content=\"bs_BA\" \/>\n<meta property=\"og:type\" content=\"article\" \/>\n<meta property=\"og:title\" content=\"Odgovor \u0161ijske organizacije iz BiH &#039;Mulla Sadra&#039; reisulemi Kavazovi\u0107u\" \/>\n<meta property=\"og:description\" content=\"BiH &#8211; Svi trebamo primiti na znanje \u010dinjenicu da \u0107e zasigurno svaki pojedinac koji danas svojim jezikom, perom ili djelom, svjesno ili nesvjesno, i s kojom god namjerom, dovodi do poticanja i raspirivanja podjela i neslaganja me\u0111u muslimanima te do me\u0111usobnog udaljavanja njihovih srca morati stajati pred Allahom, d\u017e.\u0161., i odgovarati jer je uznemirio i [&hellip;]\" \/>\n<meta property=\"og:url\" content=\"https:\/\/sandzakpress.net\/arhiva\/odgovor-sijske-organizacije-iz-bih-mulla-sadra-reisulemi-kavazovicu\/\" \/>\n<meta property=\"og:site_name\" content=\"Sand\u017eak PRESS\" \/>\n<meta property=\"article:published_time\" content=\"2013-08-26T15:39:51+00:00\" \/>\n<meta property=\"og:image\" content=\"https:\/\/sandzakpress.net\/arhiva\/wp-content\/uploads\/2013\/08\/6384a1a5c65741ab6f8625372f3d4127_XL-300x2731.jpg\" \/>\n\t<meta property=\"og:image:width\" content=\"300\" \/>\n\t<meta property=\"og:image:height\" content=\"273\" \/>\n\t<meta property=\"og:image:type\" content=\"image\/jpeg\" \/>\n<meta name=\"author\" content=\"bosniak\" \/>\n<meta name=\"twitter:card\" content=\"summary_large_image\" \/>\n<meta name=\"twitter:label1\" content=\"Written by\" \/>\n\t<meta name=\"twitter:data1\" content=\"bosniak\" \/>\n\t<meta name=\"twitter:label2\" content=\"Est. reading time\" \/>\n\t<meta name=\"twitter:data2\" content=\"2 minute\" \/>\n<script type=\"application\/ld+json\" class=\"yoast-schema-graph\">{\"@context\":\"https:\/\/schema.org\",\"@graph\":[{\"@type\":\"Article\",\"@id\":\"https:\/\/sandzakpress.net\/arhiva\/odgovor-sijske-organizacije-iz-bih-mulla-sadra-reisulemi-kavazovicu\/#article\",\"isPartOf\":{\"@id\":\"https:\/\/sandzakpress.net\/arhiva\/odgovor-sijske-organizacije-iz-bih-mulla-sadra-reisulemi-kavazovicu\/\"},\"author\":{\"name\":\"bosniak\",\"@id\":\"https:\/\/sandzakpress.net\/arhiva\/#\/schema\/person\/c8baee722073534b583ea7bdb2e36c02\"},\"headline\":\"Odgovor \u0161ijske organizacije iz BiH &#8216;Mulla Sadra&#8217; reisulemi Kavazovi\u0107u\",\"datePublished\":\"2013-08-26T15:39:51+00:00\",\"mainEntityOfPage\":{\"@id\":\"https:\/\/sandzakpress.net\/arhiva\/odgovor-sijske-organizacije-iz-bih-mulla-sadra-reisulemi-kavazovicu\/\"},\"wordCount\":458,\"commentCount\":25,\"publisher\":{\"@id\":\"https:\/\/sandzakpress.net\/arhiva\/#\/schema\/person\/6e72b67d6e51910a1117b3b483ba20bd\"},\"image\":{\"@id\":\"https:\/\/sandzakpress.net\/arhiva\/odgovor-sijske-organizacije-iz-bih-mulla-sadra-reisulemi-kavazovicu\/#primaryimage\"},\"thumbnailUrl\":\"https:\/\/sandzakpress.net\/arhiva\/wp-content\/uploads\/2013\/08\/6384a1a5c65741ab6f8625372f3d4127_XL-300x2731.jpg\",\"keywords\":[\"\u0160ije\",\"Reisu-l-uleme Husein Kavazovi\u0107\"],\"articleSection\":[\"Bosna i Hercegovina\",\"Politika\",\"VIJESTI DANA\"],\"inLanguage\":\"bs-BA\",\"potentialAction\":[{\"@type\":\"CommentAction\",\"name\":\"Comment\",\"target\":[\"https:\/\/sandzakpress.net\/arhiva\/odgovor-sijske-organizacije-iz-bih-mulla-sadra-reisulemi-kavazovicu\/#respond\"]}]},{\"@type\":\"WebPage\",\"@id\":\"https:\/\/sandzakpress.net\/arhiva\/odgovor-sijske-organizacije-iz-bih-mulla-sadra-reisulemi-kavazovicu\/\",\"url\":\"https:\/\/sandzakpress.net\/arhiva\/odgovor-sijske-organizacije-iz-bih-mulla-sadra-reisulemi-kavazovicu\/\",\"name\":\"Odgovor \u0161ijske organizacije iz BiH 'Mulla Sadra' reisulemi Kavazovi\u0107u\",\"isPartOf\":{\"@id\":\"https:\/\/sandzakpress.net\/arhiva\/#website\"},\"primaryImageOfPage\":{\"@id\":\"https:\/\/sandzakpress.net\/arhiva\/odgovor-sijske-organizacije-iz-bih-mulla-sadra-reisulemi-kavazovicu\/#primaryimage\"},\"image\":{\"@id\":\"https:\/\/sandzakpress.net\/arhiva\/odgovor-sijske-organizacije-iz-bih-mulla-sadra-reisulemi-kavazovicu\/#primaryimage\"},\"thumbnailUrl\":\"https:\/\/sandzakpress.net\/arhiva\/wp-content\/uploads\/2013\/08\/6384a1a5c65741ab6f8625372f3d4127_XL-300x2731.jpg\",\"datePublished\":\"2013-08-26T15:39:51+00:00\",\"breadcrumb\":{\"@id\":\"https:\/\/sandzakpress.net\/arhiva\/odgovor-sijske-organizacije-iz-bih-mulla-sadra-reisulemi-kavazovicu\/#breadcrumb\"},\"inLanguage\":\"bs-BA\",\"potentialAction\":[{\"@type\":\"ReadAction\",\"target\":[\"https:\/\/sandzakpress.net\/arhiva\/odgovor-sijske-organizacije-iz-bih-mulla-sadra-reisulemi-kavazovicu\/\"]}]},{\"@type\":\"ImageObject\",\"inLanguage\":\"bs-BA\",\"@id\":\"https:\/\/sandzakpress.net\/arhiva\/odgovor-sijske-organizacije-iz-bih-mulla-sadra-reisulemi-kavazovicu\/#primaryimage\",\"url\":\"https:\/\/sandzakpress.net\/arhiva\/wp-content\/uploads\/2013\/08\/6384a1a5c65741ab6f8625372f3d4127_XL-300x2731.jpg\",\"contentUrl\":\"https:\/\/sandzakpress.net\/arhiva\/wp-content\/uploads\/2013\/08\/6384a1a5c65741ab6f8625372f3d4127_XL-300x2731.jpg\",\"width\":300,\"height\":273},{\"@type\":\"BreadcrumbList\",\"@id\":\"https:\/\/sandzakpress.net\/arhiva\/odgovor-sijske-organizacije-iz-bih-mulla-sadra-reisulemi-kavazovicu\/#breadcrumb\",\"itemListElement\":[{\"@type\":\"ListItem\",\"position\":1,\"name\":\"Home\",\"item\":\"https:\/\/sandzakpress.net\/arhiva\/\"},{\"@type\":\"ListItem\",\"position\":2,\"name\":\"Odgovor \u0161ijske organizacije iz BiH &#8216;Mulla Sadra&#8217; reisulemi Kavazovi\u0107u\"}]},{\"@type\":\"WebSite\",\"@id\":\"https:\/\/sandzakpress.net\/arhiva\/#website\",\"url\":\"https:\/\/sandzakpress.net\/arhiva\/\",\"name\":\"Sand\u017eak PRESS\",\"description\":\"Prve elektronske novine u Sand\u017eaku\",\"publisher\":{\"@id\":\"https:\/\/sandzakpress.net\/arhiva\/#\/schema\/person\/6e72b67d6e51910a1117b3b483ba20bd\"},\"potentialAction\":[{\"@type\":\"SearchAction\",\"target\":{\"@type\":\"EntryPoint\",\"urlTemplate\":\"https:\/\/sandzakpress.net\/arhiva\/?s={search_term_string}\"},\"query-input\":{\"@type\":\"PropertyValueSpecification\",\"valueRequired\":true,\"valueName\":\"search_term_string\"}}],\"inLanguage\":\"bs-BA\"},{\"@type\":[\"Person\",\"Organization\"],\"@id\":\"https:\/\/sandzakpress.net\/arhiva\/#\/schema\/person\/6e72b67d6e51910a1117b3b483ba20bd\",\"name\":\"Kul\",\"image\":{\"@type\":\"ImageObject\",\"inLanguage\":\"bs-BA\",\"@id\":\"https:\/\/sandzakpress.net\/arhiva\/#\/schema\/person\/image\/\",\"url\":\"https:\/\/secure.gravatar.com\/avatar\/42263f39aa27ac04c43cab85c280eb2e?s=96&d=mm&r=pg\",\"contentUrl\":\"https:\/\/secure.gravatar.com\/avatar\/42263f39aa27ac04c43cab85c280eb2e?s=96&d=mm&r=pg\",\"caption\":\"Kul\"},\"logo\":{\"@id\":\"https:\/\/sandzakpress.net\/arhiva\/#\/schema\/person\/image\/\"}},{\"@type\":\"Person\",\"@id\":\"https:\/\/sandzakpress.net\/arhiva\/#\/schema\/person\/c8baee722073534b583ea7bdb2e36c02\",\"name\":\"bosniak\",\"image\":{\"@type\":\"ImageObject\",\"inLanguage\":\"bs-BA\",\"@id\":\"https:\/\/sandzakpress.net\/arhiva\/#\/schema\/person\/image\/\",\"url\":\"https:\/\/secure.gravatar.com\/avatar\/a04fd330bfe3a36a72a0ad4a6d89fca7?s=96&d=mm&r=pg\",\"contentUrl\":\"https:\/\/secure.gravatar.com\/avatar\/a04fd330bfe3a36a72a0ad4a6d89fca7?s=96&d=mm&r=pg\",\"caption\":\"bosniak\"},\"url\":\"https:\/\/sandzakpress.net\/arhiva\/author\/bosniak\/\"}]}<\/script>\n<!-- \/ Yoast SEO Premium plugin. -->","yoast_head_json":{"title":"Odgovor \u0161ijske organizacije iz BiH 'Mulla Sadra' reisulemi Kavazovi\u0107u","robots":{"index":"index","follow":"follow","max-snippet":"max-snippet:-1","max-image-preview":"max-image-preview:large","max-video-preview":"max-video-preview:-1"},"canonical":"https:\/\/sandzakpress.net\/arhiva\/odgovor-sijske-organizacije-iz-bih-mulla-sadra-reisulemi-kavazovicu\/","og_locale":"bs_BA","og_type":"article","og_title":"Odgovor \u0161ijske organizacije iz BiH 'Mulla Sadra' reisulemi Kavazovi\u0107u","og_description":"BiH &#8211; Svi trebamo primiti na znanje \u010dinjenicu da \u0107e zasigurno svaki pojedinac koji danas svojim jezikom, perom ili djelom, svjesno ili nesvjesno, i s kojom god namjerom, dovodi do poticanja i raspirivanja podjela i neslaganja me\u0111u muslimanima te do me\u0111usobnog udaljavanja njihovih srca morati stajati pred Allahom, d\u017e.\u0161., i odgovarati jer je uznemirio i [&hellip;]","og_url":"https:\/\/sandzakpress.net\/arhiva\/odgovor-sijske-organizacije-iz-bih-mulla-sadra-reisulemi-kavazovicu\/","og_site_name":"Sand\u017eak PRESS","article_published_time":"2013-08-26T15:39:51+00:00","og_image":[{"width":300,"height":273,"url":"https:\/\/sandzakpress.net\/arhiva\/wp-content\/uploads\/2013\/08\/6384a1a5c65741ab6f8625372f3d4127_XL-300x2731.jpg","type":"image\/jpeg"}],"author":"bosniak","twitter_card":"summary_large_image","twitter_misc":{"Written by":"bosniak","Est. reading time":"2 minute"},"schema":{"@context":"https:\/\/schema.org","@graph":[{"@type":"Article","@id":"https:\/\/sandzakpress.net\/arhiva\/odgovor-sijske-organizacije-iz-bih-mulla-sadra-reisulemi-kavazovicu\/#article","isPartOf":{"@id":"https:\/\/sandzakpress.net\/arhiva\/odgovor-sijske-organizacije-iz-bih-mulla-sadra-reisulemi-kavazovicu\/"},"author":{"name":"bosniak","@id":"https:\/\/sandzakpress.net\/arhiva\/#\/schema\/person\/c8baee722073534b583ea7bdb2e36c02"},"headline":"Odgovor \u0161ijske organizacije iz BiH &#8216;Mulla Sadra&#8217; reisulemi Kavazovi\u0107u","datePublished":"2013-08-26T15:39:51+00:00","mainEntityOfPage":{"@id":"https:\/\/sandzakpress.net\/arhiva\/odgovor-sijske-organizacije-iz-bih-mulla-sadra-reisulemi-kavazovicu\/"},"wordCount":458,"commentCount":25,"publisher":{"@id":"https:\/\/sandzakpress.net\/arhiva\/#\/schema\/person\/6e72b67d6e51910a1117b3b483ba20bd"},"image":{"@id":"https:\/\/sandzakpress.net\/arhiva\/odgovor-sijske-organizacije-iz-bih-mulla-sadra-reisulemi-kavazovicu\/#primaryimage"},"thumbnailUrl":"https:\/\/sandzakpress.net\/arhiva\/wp-content\/uploads\/2013\/08\/6384a1a5c65741ab6f8625372f3d4127_XL-300x2731.jpg","keywords":["\u0160ije","Reisu-l-uleme Husein Kavazovi\u0107"],"articleSection":["Bosna i Hercegovina","Politika","VIJESTI DANA"],"inLanguage":"bs-BA","potentialAction":[{"@type":"CommentAction","name":"Comment","target":["https:\/\/sandzakpress.net\/arhiva\/odgovor-sijske-organizacije-iz-bih-mulla-sadra-reisulemi-kavazovicu\/#respond"]}]},{"@type":"WebPage","@id":"https:\/\/sandzakpress.net\/arhiva\/odgovor-sijske-organizacije-iz-bih-mulla-sadra-reisulemi-kavazovicu\/","url":"https:\/\/sandzakpress.net\/arhiva\/odgovor-sijske-organizacije-iz-bih-mulla-sadra-reisulemi-kavazovicu\/","name":"Odgovor \u0161ijske organizacije iz BiH 'Mulla Sadra' reisulemi Kavazovi\u0107u","isPartOf":{"@id":"https:\/\/sandzakpress.net\/arhiva\/#website"},"primaryImageOfPage":{"@id":"https:\/\/sandzakpress.net\/arhiva\/odgovor-sijske-organizacije-iz-bih-mulla-sadra-reisulemi-kavazovicu\/#primaryimage"},"image":{"@id":"https:\/\/sandzakpress.net\/arhiva\/odgovor-sijske-organizacije-iz-bih-mulla-sadra-reisulemi-kavazovicu\/#primaryimage"},"thumbnailUrl":"https:\/\/sandzakpress.net\/arhiva\/wp-content\/uploads\/2013\/08\/6384a1a5c65741ab6f8625372f3d4127_XL-300x2731.jpg","datePublished":"2013-08-26T15:39:51+00:00","breadcrumb":{"@id":"https:\/\/sandzakpress.net\/arhiva\/odgovor-sijske-organizacije-iz-bih-mulla-sadra-reisulemi-kavazovicu\/#breadcrumb"},"inLanguage":"bs-BA","potentialAction":[{"@type":"ReadAction","target":["https:\/\/sandzakpress.net\/arhiva\/odgovor-sijske-organizacije-iz-bih-mulla-sadra-reisulemi-kavazovicu\/"]}]},{"@type":"ImageObject","inLanguage":"bs-BA","@id":"https:\/\/sandzakpress.net\/arhiva\/odgovor-sijske-organizacije-iz-bih-mulla-sadra-reisulemi-kavazovicu\/#primaryimage","url":"https:\/\/sandzakpress.net\/arhiva\/wp-content\/uploads\/2013\/08\/6384a1a5c65741ab6f8625372f3d4127_XL-300x2731.jpg","contentUrl":"https:\/\/sandzakpress.net\/arhiva\/wp-content\/uploads\/2013\/08\/6384a1a5c65741ab6f8625372f3d4127_XL-300x2731.jpg","width":300,"height":273},{"@type":"BreadcrumbList","@id":"https:\/\/sandzakpress.net\/arhiva\/odgovor-sijske-organizacije-iz-bih-mulla-sadra-reisulemi-kavazovicu\/#breadcrumb","itemListElement":[{"@type":"ListItem","position":1,"name":"Home","item":"https:\/\/sandzakpress.net\/arhiva\/"},{"@type":"ListItem","position":2,"name":"Odgovor \u0161ijske organizacije iz BiH &#8216;Mulla Sadra&#8217; reisulemi Kavazovi\u0107u"}]},{"@type":"WebSite","@id":"https:\/\/sandzakpress.net\/arhiva\/#website","url":"https:\/\/sandzakpress.net\/arhiva\/","name":"Sand\u017eak PRESS","description":"Prve elektronske novine u Sand\u017eaku","publisher":{"@id":"https:\/\/sandzakpress.net\/arhiva\/#\/schema\/person\/6e72b67d6e51910a1117b3b483ba20bd"},"potentialAction":[{"@type":"SearchAction","target":{"@type":"EntryPoint","urlTemplate":"https:\/\/sandzakpress.net\/arhiva\/?s={search_term_string}"},"query-input":{"@type":"PropertyValueSpecification","valueRequired":true,"valueName":"search_term_string"}}],"inLanguage":"bs-BA"},{"@type":["Person","Organization"],"@id":"https:\/\/sandzakpress.net\/arhiva\/#\/schema\/person\/6e72b67d6e51910a1117b3b483ba20bd","name":"Kul","image":{"@type":"ImageObject","inLanguage":"bs-BA","@id":"https:\/\/sandzakpress.net\/arhiva\/#\/schema\/person\/image\/","url":"https:\/\/secure.gravatar.com\/avatar\/42263f39aa27ac04c43cab85c280eb2e?s=96&d=mm&r=pg","contentUrl":"https:\/\/secure.gravatar.com\/avatar\/42263f39aa27ac04c43cab85c280eb2e?s=96&d=mm&r=pg","caption":"Kul"},"logo":{"@id":"https:\/\/sandzakpress.net\/arhiva\/#\/schema\/person\/image\/"}},{"@type":"Person","@id":"https:\/\/sandzakpress.net\/arhiva\/#\/schema\/person\/c8baee722073534b583ea7bdb2e36c02","name":"bosniak","image":{"@type":"ImageObject","inLanguage":"bs-BA","@id":"https:\/\/sandzakpress.net\/arhiva\/#\/schema\/person\/image\/","url":"https:\/\/secure.gravatar.com\/avatar\/a04fd330bfe3a36a72a0ad4a6d89fca7?s=96&d=mm&r=pg","contentUrl":"https:\/\/secure.gravatar.com\/avatar\/a04fd330bfe3a36a72a0ad4a6d89fca7?s=96&d=mm&r=pg","caption":"bosniak"},"url":"https:\/\/sandzakpress.net\/arhiva\/author\/bosniak\/"}]}},"_links":{"self":[{"href":"https:\/\/sandzakpress.net\/arhiva\/wp-json\/wp\/v2\/posts\/86213"}],"collection":[{"href":"https:\/\/sandzakpress.net\/arhiva\/wp-json\/wp\/v2\/posts"}],"about":[{"href":"https:\/\/sandzakpress.net\/arhiva\/wp-json\/wp\/v2\/types\/post"}],"author":[{"embeddable":true,"href":"https:\/\/sandzakpress.net\/arhiva\/wp-json\/wp\/v2\/users\/83"}],"replies":[{"embeddable":true,"href":"https:\/\/sandzakpress.net\/arhiva\/wp-json\/wp\/v2\/comments?post=86213"}],"version-history":[{"count":0,"href":"https:\/\/sandzakpress.net\/arhiva\/wp-json\/wp\/v2\/posts\/86213\/revisions"}],"wp:featuredmedia":[{"embeddable":true,"href":"https:\/\/sandzakpress.net\/arhiva\/wp-json\/wp\/v2\/media\/86215"}],"wp:attachment":[{"href":"https:\/\/sandzakpress.net\/arhiva\/wp-json\/wp\/v2\/media?parent=86213"}],"wp:term":[{"taxonomy":"category","embeddable":true,"href":"https:\/\/sandzakpress.net\/arhiva\/wp-json\/wp\/v2\/categories?post=86213"},{"taxonomy":"post_tag","embeddable":true,"href":"https:\/\/sandzakpress.net\/arhiva\/wp-json\/wp\/v2\/tags?post=86213"}],"curies":[{"name":"wp","href":"https:\/\/api.w.org\/{rel}","templated":true}]}}