{"id":86162,"date":"2013-08-25T15:06:33","date_gmt":"2013-08-25T13:06:33","guid":{"rendered":"https:\/\/sandzakpress.net\/arhiva\/?p=86162"},"modified":"2013-08-25T17:29:32","modified_gmt":"2013-08-25T15:29:32","slug":"novi-pazar-odrzan-protestni-skup-i-dova-muslimanskim-zrtvama-u-islamskom-svijetu","status":"publish","type":"post","link":"https:\/\/sandzakpress.net\/arhiva\/novi-pazar-odrzan-protestni-skup-i-dova-muslimanskim-zrtvama-u-islamskom-svijetu\/","title":{"rendered":"Novi Pazar: Odr\u017ean protestni skup i dova muslimanskim \u017ertvama u islamskom svijetu"},"content":{"rendered":"<p><img loading=\"lazy\" decoding=\"async\" class=\"aligncenter size-full wp-image-86177\" alt=\"DSC_8009_resize\" src=\"https:\/\/sandzakpress.net\/arhiva\/wp-content\/uploads\/2013\/08\/DSC_8009_resize1.jpg\" width=\"616\" height=\"346\" \/><\/p>\n<p><strong>Novi Pazar &#8211; U Novom Pazaru je odr\u017ean protestni skup podr\u0161ke ugro\u017eenim muslimanima i nevinim \u017ertvama u Siriji, Egiptu, Palestini, Burmi i diljem islamskog svijeta.<\/strong><\/p>\n<p>Veliki broj gra\u0111a se uputilo u protestnu \u0161etnju ulicama u centru grada, nose\u0107i transparente na kojima je pisalo na engleskom jeziku &#8220;Sand\u017eak je sa ummetom&#8221;, &#8220;Erdogan, mud\u017eahid ummeta, Sand\u017ea je sa tobom&#8221;, kao i islamske simbole i simbole egipatske i sirijske borbe za slobodu.<\/p>\n<p>Na kraju protestne \u0161etnje je na trgu Gazi Isa-bega uprili\u010deno obra\u0107anje po\u0107nika muftije sand\u017ea\u010dkog, hfz. Abdurrahmana ef. Kujevi\u0107a, nakon \u010dega je pru\u010dena dova.<\/p>\n<div class=\"youtube-embed\" data-video_id=\"aCwyRUoK54k\"><iframe loading=\"lazy\" title=\"Novi Pazar: Odr\u017ean protestni skup muslimanskim \u017ertvama u islamskom svijetu - Sand\u017eak PRESS\" width=\"696\" height=\"522\" src=\"https:\/\/www.youtube.com\/embed\/aCwyRUoK54k?feature=oembed&#038;enablejsapi=1\" frameborder=\"0\" allow=\"accelerometer; autoplay; encrypted-media; gyroscope; picture-in-picture\" allowfullscreen><\/iframe><\/div>\n<p><img loading=\"lazy\" decoding=\"async\" class=\"aligncenter size-full wp-image-86164\" alt=\"DSC_7994_resize\" src=\"https:\/\/sandzakpress.net\/arhiva\/wp-content\/uploads\/2013\/08\/DSC_7994_resize.jpg\" width=\"616\" height=\"408\" \/> <img loading=\"lazy\" decoding=\"async\" class=\"aligncenter size-full wp-image-86165\" alt=\"DSC_7995_resize\" src=\"https:\/\/sandzakpress.net\/arhiva\/wp-content\/uploads\/2013\/08\/DSC_7995_resize.jpg\" width=\"614\" height=\"623\" srcset=\"https:\/\/sandzakpress.net\/arhiva\/wp-content\/uploads\/2013\/08\/DSC_7995_resize.jpg 614w, https:\/\/sandzakpress.net\/arhiva\/wp-content\/uploads\/2013\/08\/DSC_7995_resize-90x90.jpg 90w\" sizes=\"(max-width: 614px) 100vw, 614px\" \/> <img loading=\"lazy\" decoding=\"async\" class=\"aligncenter size-full wp-image-86166\" alt=\"DSC_7996_resize\" src=\"https:\/\/sandzakpress.net\/arhiva\/wp-content\/uploads\/2013\/08\/DSC_7996_resize.jpg\" width=\"616\" height=\"475\" \/> <img loading=\"lazy\" decoding=\"async\" class=\"aligncenter size-full wp-image-86167\" alt=\"DSC_8002_resize\" src=\"https:\/\/sandzakpress.net\/arhiva\/wp-content\/uploads\/2013\/08\/DSC_8002_resize.jpg\" width=\"616\" height=\"785\" \/> <img loading=\"lazy\" decoding=\"async\" class=\"aligncenter size-full wp-image-86168\" alt=\"DSC_8003_resize\" src=\"https:\/\/sandzakpress.net\/arhiva\/wp-content\/uploads\/2013\/08\/DSC_8003_resize.jpg\" width=\"616\" height=\"408\" \/> <img loading=\"lazy\" decoding=\"async\" class=\"aligncenter size-full wp-image-86169\" alt=\"DSC_8005_resize\" src=\"https:\/\/sandzakpress.net\/arhiva\/wp-content\/uploads\/2013\/08\/DSC_8005_resize.jpg\" width=\"616\" height=\"305\" \/> <img loading=\"lazy\" decoding=\"async\" class=\"aligncenter size-full wp-image-86170\" alt=\"DSC_8007_resize\" src=\"https:\/\/sandzakpress.net\/arhiva\/wp-content\/uploads\/2013\/08\/DSC_8007_resize.jpg\" width=\"616\" height=\"408\" \/><br \/>\n<img loading=\"lazy\" decoding=\"async\" class=\"aligncenter size-full wp-image-86172\" alt=\"DSC_8013_resize\" src=\"https:\/\/sandzakpress.net\/arhiva\/wp-content\/uploads\/2013\/08\/DSC_8013_resize.jpg\" width=\"616\" height=\"408\" \/> <img loading=\"lazy\" decoding=\"async\" class=\"aligncenter size-full wp-image-86173\" alt=\"DSC_8021_resize\" src=\"https:\/\/sandzakpress.net\/arhiva\/wp-content\/uploads\/2013\/08\/DSC_8021_resize.jpg\" width=\"616\" height=\"408\" \/> <img loading=\"lazy\" decoding=\"async\" class=\"aligncenter size-full wp-image-86174\" alt=\"DSC_8025_resize\" src=\"https:\/\/sandzakpress.net\/arhiva\/wp-content\/uploads\/2013\/08\/DSC_8025_resize.jpg\" width=\"616\" height=\"408\" \/> <img loading=\"lazy\" decoding=\"async\" class=\"aligncenter size-full wp-image-86175\" alt=\"DSC_8031_resize\" src=\"https:\/\/sandzakpress.net\/arhiva\/wp-content\/uploads\/2013\/08\/DSC_8031_resize.jpg\" width=\"616\" height=\"408\" \/><\/p>\n<p>&nbsp;<\/p>\n","protected":false},"excerpt":{"rendered":"<p>Novi Pazar &#8211; U Novom Pazaru je odr\u017ean protestni skup podr\u0161ke ugro\u017eenim muslimanima i nevinim \u017ertvama u Siriji, Egiptu, Palestini, Burmi i diljem islamskog svijeta. Veliki broj gra\u0111a se uputilo u protestnu \u0161etnju ulicama u centru grada, nose\u0107i transparente na kojima je pisalo na engleskom jeziku &#8220;Sand\u017eak je sa ummetom&#8221;, &#8220;Erdogan, mud\u017eahid ummeta, Sand\u017ea je [&hellip;]<\/p>\n","protected":false},"author":83,"featured_media":86177,"comment_status":"open","ping_status":"open","sticky":false,"template":"","format":"standard","meta":{"footnotes":""},"categories":[800,72,8957],"tags":[10228,10336,10225],"class_list":{"0":"post-86162","1":"post","2":"type-post","3":"status-publish","4":"format-standard","5":"has-post-thumbnail","7":"category-nacija","8":"category-novi-pazar","9":"category-vijesti-dana","10":"tag-egipat","11":"tag-protesti-u-sandzaku","12":"tag-sirija"},"yoast_head":"<!-- This site is optimized with the Yoast SEO Premium plugin v23.1 (Yoast SEO v24.9) - https:\/\/yoast.com\/wordpress\/plugins\/seo\/ -->\n<title>Novi Pazar: Odr\u017ean protestni skup i dova muslimanskim \u017ertvama u islamskom svijetu<\/title>\n<meta name=\"robots\" content=\"index, follow, max-snippet:-1, max-image-preview:large, max-video-preview:-1\" \/>\n<link rel=\"canonical\" href=\"https:\/\/sandzakpress.net\/arhiva\/novi-pazar-odrzan-protestni-skup-i-dova-muslimanskim-zrtvama-u-islamskom-svijetu\/\" \/>\n<meta property=\"og:locale\" content=\"bs_BA\" \/>\n<meta property=\"og:type\" content=\"article\" \/>\n<meta property=\"og:title\" content=\"Novi Pazar: Odr\u017ean protestni skup i dova muslimanskim \u017ertvama u islamskom svijetu\" \/>\n<meta property=\"og:description\" content=\"Novi Pazar &#8211; U Novom Pazaru je odr\u017ean protestni skup podr\u0161ke ugro\u017eenim muslimanima i nevinim \u017ertvama u Siriji, Egiptu, Palestini, Burmi i diljem islamskog svijeta. Veliki broj gra\u0111a se uputilo u protestnu \u0161etnju ulicama u centru grada, nose\u0107i transparente na kojima je pisalo na engleskom jeziku &#8220;Sand\u017eak je sa ummetom&#8221;, &#8220;Erdogan, mud\u017eahid ummeta, Sand\u017ea je [&hellip;]\" \/>\n<meta property=\"og:url\" content=\"https:\/\/sandzakpress.net\/arhiva\/novi-pazar-odrzan-protestni-skup-i-dova-muslimanskim-zrtvama-u-islamskom-svijetu\/\" \/>\n<meta property=\"og:site_name\" content=\"Sand\u017eak PRESS\" \/>\n<meta property=\"article:published_time\" content=\"2013-08-25T13:06:33+00:00\" \/>\n<meta property=\"article:modified_time\" content=\"2013-08-25T15:29:32+00:00\" \/>\n<meta property=\"og:image\" content=\"https:\/\/sandzakpress.net\/arhiva\/wp-content\/uploads\/2013\/08\/DSC_8009_resize1.jpg\" \/>\n\t<meta property=\"og:image:width\" content=\"616\" \/>\n\t<meta property=\"og:image:height\" content=\"346\" \/>\n\t<meta property=\"og:image:type\" content=\"image\/jpeg\" \/>\n<meta name=\"author\" content=\"bosniak\" \/>\n<meta name=\"twitter:card\" content=\"summary_large_image\" \/>\n<meta name=\"twitter:label1\" content=\"Written by\" \/>\n\t<meta name=\"twitter:data1\" content=\"bosniak\" \/>\n\t<meta name=\"twitter:label2\" content=\"Est. reading time\" \/>\n\t<meta name=\"twitter:data2\" content=\"1 minuta\" \/>\n<script type=\"application\/ld+json\" class=\"yoast-schema-graph\">{\"@context\":\"https:\/\/schema.org\",\"@graph\":[{\"@type\":\"Article\",\"@id\":\"https:\/\/sandzakpress.net\/arhiva\/novi-pazar-odrzan-protestni-skup-i-dova-muslimanskim-zrtvama-u-islamskom-svijetu\/#article\",\"isPartOf\":{\"@id\":\"https:\/\/sandzakpress.net\/arhiva\/novi-pazar-odrzan-protestni-skup-i-dova-muslimanskim-zrtvama-u-islamskom-svijetu\/\"},\"author\":{\"name\":\"bosniak\",\"@id\":\"https:\/\/sandzakpress.net\/arhiva\/#\/schema\/person\/c8baee722073534b583ea7bdb2e36c02\"},\"headline\":\"Novi Pazar: Odr\u017ean protestni skup i dova muslimanskim \u017ertvama u islamskom svijetu\",\"datePublished\":\"2013-08-25T13:06:33+00:00\",\"dateModified\":\"2013-08-25T15:29:32+00:00\",\"mainEntityOfPage\":{\"@id\":\"https:\/\/sandzakpress.net\/arhiva\/novi-pazar-odrzan-protestni-skup-i-dova-muslimanskim-zrtvama-u-islamskom-svijetu\/\"},\"wordCount\":133,\"commentCount\":16,\"publisher\":{\"@id\":\"https:\/\/sandzakpress.net\/arhiva\/#\/schema\/person\/6e72b67d6e51910a1117b3b483ba20bd\"},\"image\":{\"@id\":\"https:\/\/sandzakpress.net\/arhiva\/novi-pazar-odrzan-protestni-skup-i-dova-muslimanskim-zrtvama-u-islamskom-svijetu\/#primaryimage\"},\"thumbnailUrl\":\"https:\/\/sandzakpress.net\/arhiva\/wp-content\/uploads\/2013\/08\/DSC_8009_resize1.jpg\",\"keywords\":[\"Egipat\",\"protesti u Sand\u017eaku\",\"Sirija\"],\"articleSection\":[\"Nacija\",\"Novi Pazar\",\"VIJESTI DANA\"],\"inLanguage\":\"bs-BA\",\"potentialAction\":[{\"@type\":\"CommentAction\",\"name\":\"Comment\",\"target\":[\"https:\/\/sandzakpress.net\/arhiva\/novi-pazar-odrzan-protestni-skup-i-dova-muslimanskim-zrtvama-u-islamskom-svijetu\/#respond\"]}]},{\"@type\":\"WebPage\",\"@id\":\"https:\/\/sandzakpress.net\/arhiva\/novi-pazar-odrzan-protestni-skup-i-dova-muslimanskim-zrtvama-u-islamskom-svijetu\/\",\"url\":\"https:\/\/sandzakpress.net\/arhiva\/novi-pazar-odrzan-protestni-skup-i-dova-muslimanskim-zrtvama-u-islamskom-svijetu\/\",\"name\":\"Novi Pazar: Odr\u017ean protestni skup i dova muslimanskim \u017ertvama u islamskom svijetu\",\"isPartOf\":{\"@id\":\"https:\/\/sandzakpress.net\/arhiva\/#website\"},\"primaryImageOfPage\":{\"@id\":\"https:\/\/sandzakpress.net\/arhiva\/novi-pazar-odrzan-protestni-skup-i-dova-muslimanskim-zrtvama-u-islamskom-svijetu\/#primaryimage\"},\"image\":{\"@id\":\"https:\/\/sandzakpress.net\/arhiva\/novi-pazar-odrzan-protestni-skup-i-dova-muslimanskim-zrtvama-u-islamskom-svijetu\/#primaryimage\"},\"thumbnailUrl\":\"https:\/\/sandzakpress.net\/arhiva\/wp-content\/uploads\/2013\/08\/DSC_8009_resize1.jpg\",\"datePublished\":\"2013-08-25T13:06:33+00:00\",\"dateModified\":\"2013-08-25T15:29:32+00:00\",\"breadcrumb\":{\"@id\":\"https:\/\/sandzakpress.net\/arhiva\/novi-pazar-odrzan-protestni-skup-i-dova-muslimanskim-zrtvama-u-islamskom-svijetu\/#breadcrumb\"},\"inLanguage\":\"bs-BA\",\"potentialAction\":[{\"@type\":\"ReadAction\",\"target\":[\"https:\/\/sandzakpress.net\/arhiva\/novi-pazar-odrzan-protestni-skup-i-dova-muslimanskim-zrtvama-u-islamskom-svijetu\/\"]}]},{\"@type\":\"ImageObject\",\"inLanguage\":\"bs-BA\",\"@id\":\"https:\/\/sandzakpress.net\/arhiva\/novi-pazar-odrzan-protestni-skup-i-dova-muslimanskim-zrtvama-u-islamskom-svijetu\/#primaryimage\",\"url\":\"https:\/\/sandzakpress.net\/arhiva\/wp-content\/uploads\/2013\/08\/DSC_8009_resize1.jpg\",\"contentUrl\":\"https:\/\/sandzakpress.net\/arhiva\/wp-content\/uploads\/2013\/08\/DSC_8009_resize1.jpg\",\"width\":616,\"height\":346},{\"@type\":\"BreadcrumbList\",\"@id\":\"https:\/\/sandzakpress.net\/arhiva\/novi-pazar-odrzan-protestni-skup-i-dova-muslimanskim-zrtvama-u-islamskom-svijetu\/#breadcrumb\",\"itemListElement\":[{\"@type\":\"ListItem\",\"position\":1,\"name\":\"Home\",\"item\":\"https:\/\/sandzakpress.net\/arhiva\/\"},{\"@type\":\"ListItem\",\"position\":2,\"name\":\"Novi Pazar: Odr\u017ean protestni skup i dova muslimanskim \u017ertvama u islamskom svijetu\"}]},{\"@type\":\"WebSite\",\"@id\":\"https:\/\/sandzakpress.net\/arhiva\/#website\",\"url\":\"https:\/\/sandzakpress.net\/arhiva\/\",\"name\":\"Sand\u017eak PRESS\",\"description\":\"Prve elektronske novine u Sand\u017eaku\",\"publisher\":{\"@id\":\"https:\/\/sandzakpress.net\/arhiva\/#\/schema\/person\/6e72b67d6e51910a1117b3b483ba20bd\"},\"potentialAction\":[{\"@type\":\"SearchAction\",\"target\":{\"@type\":\"EntryPoint\",\"urlTemplate\":\"https:\/\/sandzakpress.net\/arhiva\/?s={search_term_string}\"},\"query-input\":{\"@type\":\"PropertyValueSpecification\",\"valueRequired\":true,\"valueName\":\"search_term_string\"}}],\"inLanguage\":\"bs-BA\"},{\"@type\":[\"Person\",\"Organization\"],\"@id\":\"https:\/\/sandzakpress.net\/arhiva\/#\/schema\/person\/6e72b67d6e51910a1117b3b483ba20bd\",\"name\":\"Kul\",\"image\":{\"@type\":\"ImageObject\",\"inLanguage\":\"bs-BA\",\"@id\":\"https:\/\/sandzakpress.net\/arhiva\/#\/schema\/person\/image\/\",\"url\":\"https:\/\/secure.gravatar.com\/avatar\/42263f39aa27ac04c43cab85c280eb2e?s=96&d=mm&r=pg\",\"contentUrl\":\"https:\/\/secure.gravatar.com\/avatar\/42263f39aa27ac04c43cab85c280eb2e?s=96&d=mm&r=pg\",\"caption\":\"Kul\"},\"logo\":{\"@id\":\"https:\/\/sandzakpress.net\/arhiva\/#\/schema\/person\/image\/\"}},{\"@type\":\"Person\",\"@id\":\"https:\/\/sandzakpress.net\/arhiva\/#\/schema\/person\/c8baee722073534b583ea7bdb2e36c02\",\"name\":\"bosniak\",\"image\":{\"@type\":\"ImageObject\",\"inLanguage\":\"bs-BA\",\"@id\":\"https:\/\/sandzakpress.net\/arhiva\/#\/schema\/person\/image\/\",\"url\":\"https:\/\/secure.gravatar.com\/avatar\/a04fd330bfe3a36a72a0ad4a6d89fca7?s=96&d=mm&r=pg\",\"contentUrl\":\"https:\/\/secure.gravatar.com\/avatar\/a04fd330bfe3a36a72a0ad4a6d89fca7?s=96&d=mm&r=pg\",\"caption\":\"bosniak\"},\"url\":\"https:\/\/sandzakpress.net\/arhiva\/author\/bosniak\/\"}]}<\/script>\n<!-- \/ Yoast SEO Premium plugin. -->","yoast_head_json":{"title":"Novi Pazar: Odr\u017ean protestni skup i dova muslimanskim \u017ertvama u islamskom svijetu","robots":{"index":"index","follow":"follow","max-snippet":"max-snippet:-1","max-image-preview":"max-image-preview:large","max-video-preview":"max-video-preview:-1"},"canonical":"https:\/\/sandzakpress.net\/arhiva\/novi-pazar-odrzan-protestni-skup-i-dova-muslimanskim-zrtvama-u-islamskom-svijetu\/","og_locale":"bs_BA","og_type":"article","og_title":"Novi Pazar: Odr\u017ean protestni skup i dova muslimanskim \u017ertvama u islamskom svijetu","og_description":"Novi Pazar &#8211; U Novom Pazaru je odr\u017ean protestni skup podr\u0161ke ugro\u017eenim muslimanima i nevinim \u017ertvama u Siriji, Egiptu, Palestini, Burmi i diljem islamskog svijeta. Veliki broj gra\u0111a se uputilo u protestnu \u0161etnju ulicama u centru grada, nose\u0107i transparente na kojima je pisalo na engleskom jeziku &#8220;Sand\u017eak je sa ummetom&#8221;, &#8220;Erdogan, mud\u017eahid ummeta, Sand\u017ea je [&hellip;]","og_url":"https:\/\/sandzakpress.net\/arhiva\/novi-pazar-odrzan-protestni-skup-i-dova-muslimanskim-zrtvama-u-islamskom-svijetu\/","og_site_name":"Sand\u017eak PRESS","article_published_time":"2013-08-25T13:06:33+00:00","article_modified_time":"2013-08-25T15:29:32+00:00","og_image":[{"width":616,"height":346,"url":"https:\/\/sandzakpress.net\/arhiva\/wp-content\/uploads\/2013\/08\/DSC_8009_resize1.jpg","type":"image\/jpeg"}],"author":"bosniak","twitter_card":"summary_large_image","twitter_misc":{"Written by":"bosniak","Est. reading time":"1 minuta"},"schema":{"@context":"https:\/\/schema.org","@graph":[{"@type":"Article","@id":"https:\/\/sandzakpress.net\/arhiva\/novi-pazar-odrzan-protestni-skup-i-dova-muslimanskim-zrtvama-u-islamskom-svijetu\/#article","isPartOf":{"@id":"https:\/\/sandzakpress.net\/arhiva\/novi-pazar-odrzan-protestni-skup-i-dova-muslimanskim-zrtvama-u-islamskom-svijetu\/"},"author":{"name":"bosniak","@id":"https:\/\/sandzakpress.net\/arhiva\/#\/schema\/person\/c8baee722073534b583ea7bdb2e36c02"},"headline":"Novi Pazar: Odr\u017ean protestni skup i dova muslimanskim \u017ertvama u islamskom svijetu","datePublished":"2013-08-25T13:06:33+00:00","dateModified":"2013-08-25T15:29:32+00:00","mainEntityOfPage":{"@id":"https:\/\/sandzakpress.net\/arhiva\/novi-pazar-odrzan-protestni-skup-i-dova-muslimanskim-zrtvama-u-islamskom-svijetu\/"},"wordCount":133,"commentCount":16,"publisher":{"@id":"https:\/\/sandzakpress.net\/arhiva\/#\/schema\/person\/6e72b67d6e51910a1117b3b483ba20bd"},"image":{"@id":"https:\/\/sandzakpress.net\/arhiva\/novi-pazar-odrzan-protestni-skup-i-dova-muslimanskim-zrtvama-u-islamskom-svijetu\/#primaryimage"},"thumbnailUrl":"https:\/\/sandzakpress.net\/arhiva\/wp-content\/uploads\/2013\/08\/DSC_8009_resize1.jpg","keywords":["Egipat","protesti u Sand\u017eaku","Sirija"],"articleSection":["Nacija","Novi Pazar","VIJESTI DANA"],"inLanguage":"bs-BA","potentialAction":[{"@type":"CommentAction","name":"Comment","target":["https:\/\/sandzakpress.net\/arhiva\/novi-pazar-odrzan-protestni-skup-i-dova-muslimanskim-zrtvama-u-islamskom-svijetu\/#respond"]}]},{"@type":"WebPage","@id":"https:\/\/sandzakpress.net\/arhiva\/novi-pazar-odrzan-protestni-skup-i-dova-muslimanskim-zrtvama-u-islamskom-svijetu\/","url":"https:\/\/sandzakpress.net\/arhiva\/novi-pazar-odrzan-protestni-skup-i-dova-muslimanskim-zrtvama-u-islamskom-svijetu\/","name":"Novi Pazar: Odr\u017ean protestni skup i dova muslimanskim \u017ertvama u islamskom svijetu","isPartOf":{"@id":"https:\/\/sandzakpress.net\/arhiva\/#website"},"primaryImageOfPage":{"@id":"https:\/\/sandzakpress.net\/arhiva\/novi-pazar-odrzan-protestni-skup-i-dova-muslimanskim-zrtvama-u-islamskom-svijetu\/#primaryimage"},"image":{"@id":"https:\/\/sandzakpress.net\/arhiva\/novi-pazar-odrzan-protestni-skup-i-dova-muslimanskim-zrtvama-u-islamskom-svijetu\/#primaryimage"},"thumbnailUrl":"https:\/\/sandzakpress.net\/arhiva\/wp-content\/uploads\/2013\/08\/DSC_8009_resize1.jpg","datePublished":"2013-08-25T13:06:33+00:00","dateModified":"2013-08-25T15:29:32+00:00","breadcrumb":{"@id":"https:\/\/sandzakpress.net\/arhiva\/novi-pazar-odrzan-protestni-skup-i-dova-muslimanskim-zrtvama-u-islamskom-svijetu\/#breadcrumb"},"inLanguage":"bs-BA","potentialAction":[{"@type":"ReadAction","target":["https:\/\/sandzakpress.net\/arhiva\/novi-pazar-odrzan-protestni-skup-i-dova-muslimanskim-zrtvama-u-islamskom-svijetu\/"]}]},{"@type":"ImageObject","inLanguage":"bs-BA","@id":"https:\/\/sandzakpress.net\/arhiva\/novi-pazar-odrzan-protestni-skup-i-dova-muslimanskim-zrtvama-u-islamskom-svijetu\/#primaryimage","url":"https:\/\/sandzakpress.net\/arhiva\/wp-content\/uploads\/2013\/08\/DSC_8009_resize1.jpg","contentUrl":"https:\/\/sandzakpress.net\/arhiva\/wp-content\/uploads\/2013\/08\/DSC_8009_resize1.jpg","width":616,"height":346},{"@type":"BreadcrumbList","@id":"https:\/\/sandzakpress.net\/arhiva\/novi-pazar-odrzan-protestni-skup-i-dova-muslimanskim-zrtvama-u-islamskom-svijetu\/#breadcrumb","itemListElement":[{"@type":"ListItem","position":1,"name":"Home","item":"https:\/\/sandzakpress.net\/arhiva\/"},{"@type":"ListItem","position":2,"name":"Novi Pazar: Odr\u017ean protestni skup i dova muslimanskim \u017ertvama u islamskom svijetu"}]},{"@type":"WebSite","@id":"https:\/\/sandzakpress.net\/arhiva\/#website","url":"https:\/\/sandzakpress.net\/arhiva\/","name":"Sand\u017eak PRESS","description":"Prve elektronske novine u Sand\u017eaku","publisher":{"@id":"https:\/\/sandzakpress.net\/arhiva\/#\/schema\/person\/6e72b67d6e51910a1117b3b483ba20bd"},"potentialAction":[{"@type":"SearchAction","target":{"@type":"EntryPoint","urlTemplate":"https:\/\/sandzakpress.net\/arhiva\/?s={search_term_string}"},"query-input":{"@type":"PropertyValueSpecification","valueRequired":true,"valueName":"search_term_string"}}],"inLanguage":"bs-BA"},{"@type":["Person","Organization"],"@id":"https:\/\/sandzakpress.net\/arhiva\/#\/schema\/person\/6e72b67d6e51910a1117b3b483ba20bd","name":"Kul","image":{"@type":"ImageObject","inLanguage":"bs-BA","@id":"https:\/\/sandzakpress.net\/arhiva\/#\/schema\/person\/image\/","url":"https:\/\/secure.gravatar.com\/avatar\/42263f39aa27ac04c43cab85c280eb2e?s=96&d=mm&r=pg","contentUrl":"https:\/\/secure.gravatar.com\/avatar\/42263f39aa27ac04c43cab85c280eb2e?s=96&d=mm&r=pg","caption":"Kul"},"logo":{"@id":"https:\/\/sandzakpress.net\/arhiva\/#\/schema\/person\/image\/"}},{"@type":"Person","@id":"https:\/\/sandzakpress.net\/arhiva\/#\/schema\/person\/c8baee722073534b583ea7bdb2e36c02","name":"bosniak","image":{"@type":"ImageObject","inLanguage":"bs-BA","@id":"https:\/\/sandzakpress.net\/arhiva\/#\/schema\/person\/image\/","url":"https:\/\/secure.gravatar.com\/avatar\/a04fd330bfe3a36a72a0ad4a6d89fca7?s=96&d=mm&r=pg","contentUrl":"https:\/\/secure.gravatar.com\/avatar\/a04fd330bfe3a36a72a0ad4a6d89fca7?s=96&d=mm&r=pg","caption":"bosniak"},"url":"https:\/\/sandzakpress.net\/arhiva\/author\/bosniak\/"}]}},"_links":{"self":[{"href":"https:\/\/sandzakpress.net\/arhiva\/wp-json\/wp\/v2\/posts\/86162"}],"collection":[{"href":"https:\/\/sandzakpress.net\/arhiva\/wp-json\/wp\/v2\/posts"}],"about":[{"href":"https:\/\/sandzakpress.net\/arhiva\/wp-json\/wp\/v2\/types\/post"}],"author":[{"embeddable":true,"href":"https:\/\/sandzakpress.net\/arhiva\/wp-json\/wp\/v2\/users\/83"}],"replies":[{"embeddable":true,"href":"https:\/\/sandzakpress.net\/arhiva\/wp-json\/wp\/v2\/comments?post=86162"}],"version-history":[{"count":0,"href":"https:\/\/sandzakpress.net\/arhiva\/wp-json\/wp\/v2\/posts\/86162\/revisions"}],"wp:featuredmedia":[{"embeddable":true,"href":"https:\/\/sandzakpress.net\/arhiva\/wp-json\/wp\/v2\/media\/86177"}],"wp:attachment":[{"href":"https:\/\/sandzakpress.net\/arhiva\/wp-json\/wp\/v2\/media?parent=86162"}],"wp:term":[{"taxonomy":"category","embeddable":true,"href":"https:\/\/sandzakpress.net\/arhiva\/wp-json\/wp\/v2\/categories?post=86162"},{"taxonomy":"post_tag","embeddable":true,"href":"https:\/\/sandzakpress.net\/arhiva\/wp-json\/wp\/v2\/tags?post=86162"}],"curies":[{"name":"wp","href":"https:\/\/api.w.org\/{rel}","templated":true}]}}