{"id":8606,"date":"2010-09-25T22:53:58","date_gmt":"2010-09-25T20:53:58","guid":{"rendered":"https:\/\/sandzakpress.net\/arhiva\/?p=8606"},"modified":"2010-09-26T20:08:39","modified_gmt":"2010-09-26T18:08:39","slug":"nastao-raskol-u-ministartvu-pravde-zbog-politike-prema-bosnjacima","status":"publish","type":"post","link":"https:\/\/sandzakpress.net\/arhiva\/nastao-raskol-u-ministartvu-pravde-zbog-politike-prema-bosnjacima\/","title":{"rendered":"Nastao raskol u Ministartvu za ljudska i manjinksa prava zbog politike prema Bo\u0161njacima"},"content":{"rendered":"<p><strong><a href=\"https:\/\/sandzakpress.net\/arhiva\/wp-content\/uploads\/2010\/09\/min.ljimp-t.jpg\"><img loading=\"lazy\" decoding=\"async\" class=\"alignleft size-full wp-image-8608\" title=\"min.ljimp-t\" src=\"https:\/\/sandzakpress.net\/arhiva\/wp-content\/uploads\/2010\/09\/min.ljimp-t.jpg\" alt=\"\" width=\"191\" height=\"191\" srcset=\"https:\/\/sandzakpress.net\/arhiva\/wp-content\/uploads\/2010\/09\/min.ljimp-t.jpg 256w, https:\/\/sandzakpress.net\/arhiva\/wp-content\/uploads\/2010\/09\/min.ljimp-t-150x150.jpg 150w, https:\/\/sandzakpress.net\/arhiva\/wp-content\/uploads\/2010\/09\/min.ljimp-t-90x90.jpg 90w, https:\/\/sandzakpress.net\/arhiva\/wp-content\/uploads\/2010\/09\/min.ljimp-t-125x125.jpg 125w\" sizes=\"(max-width: 191px) 100vw, 191px\" \/><\/a>Sjeverni Sand\u017eak &#8211; U Beogradu je odr\u017ean sastanak predstavika tri liste koje su u\u010destvovale na izborima za Bo\u0161nja\u010dko nacionalno vije\u0107e u maju mjesecu. Sastanak je organizovalo Ministartsvo za ljudska i manjinska prava na \u010delu sa Svetozarom \u010cipli\u0107em, a sastanku je prisustvovao \u0161ef misije OEBS-a u Beogradu ambasador Dimitrios Kipreos.<\/strong><\/p>\n<p>Na pregovorima listu \u201eBo\u0161nja\u010dke kulturne zajednice BKZ \u2013 Muftija Muamer ef. Zukorli\u201c je predstavljao prof. dr. Mevlud Dudi\u0107, predsjednik novokonstituisanog Bo\u0161nja\u010dkog nacionalnog vije\u0107a, listu \u201eBo\u0161nja\u010di preporod\u201c Seadetin Mujezinovi\u0107 7. sa \u00a0sa liste, dok je listu \u201eBo\u0161nja\u010dka lista\u201c predstavljao nosilac te liste Esad D\u017eud\u017eevi\u0107.<\/p>\n<p>Glavni problem je nastupio kada Ministarstvo na \u010delu sa \u010cipli\u0107em nije prihvatilo da povu\u010de falcifikovane ostavke dr. Hidajeta Mustafi\u0107a i Zehnije Buli\u0107a koji su na listi \u201eBo\u0161nja\u010dkog preporoda\u201c u prvih pet \u010dlanova i samim tim, po Zakonu, postali Vije\u0107nici u Bo\u0161nja\u010dkom naiconalnom vije\u0107u.<\/p>\n<p>Naime, nakon zavr\u0161enih izbora na konstitutivnoj sjednici Bo\u0161nja\u010dkog nacionalnog vije\u0107a predstavnici \u010cipli\u0107evog Ministarstva po\u010dinili su dva velika diskriminatorska gesta i to: Diskrimiatorsko mijenjanje poslovnika \u2013 \u0161to je ministarstvo priznalo kao gre\u0161ku i falcifikovanje ostvaki dvaju \u010dlanova sa liste \u201ePreporod\u201c.<\/p>\n<p>Nakon \u0161to su prisutni dr. Hidajet Mustafi\u0107 i Zehnija Buli\u0107 izjavili da nikada nisu podnijeli ostavke i da je to falsifikovano, predstavnici \u010cipli\u0107evog Ministarstva su se oglu\u0161ili od ove izjave i nastavili sa radom.<\/p>\n<p style=\"text-align: center;\"><a href=\"https:\/\/sandzakpress.net\/arhiva\/wp-content\/uploads\/2010\/09\/zehnija-bulic.jpg\"><img loading=\"lazy\" decoding=\"async\" class=\"aligncenter size-full wp-image-8607\" title=\"zehnija-bulic\" src=\"https:\/\/sandzakpress.net\/arhiva\/wp-content\/uploads\/2010\/09\/zehnija-bulic.jpg\" alt=\"\" width=\"616\" height=\"492\" \/><\/a><a href=\"https:\/\/sandzakpress.net\/arhiva\/konstituisan-bnv-i-sramni-pokusaj-podvale-srbije-bosnjacima\"><strong>Op\u0161irnije o ovoj podvali Ministartva<\/strong><\/a><\/p>\n<p>\u010cipli\u0107evo Ministarstvo je sve ovo izvelo pod nagovorom Ministra Ljaji\u0107a koji nije moga da podnese poraz koji je dobio u Sand\u017eaku.<\/p>\n<p>Predstavnici Bo\u0161nja\u010dke kulturne zajednice su tra\u017eili da se do kraja ispo\u0161uje Zakon i da se dvojici ljudi sa liste \u201eBo\u0161nja\u010dki Preporod\u201c omogu\u0107i ulazak u Vije\u0107e kako bi izborna volja Bo\u0161njaka bila zadovoljena.<\/p>\n<p>Ovaj zahtjev nije usvojen od strane \u010cipli\u0107evog Ministarstva, te su pregovori bili neuspje\u0161ni zahvaljuju\u0107i gospodinu ministru Svetozaru \u010cipli\u0107u.<br \/>\nPredsjednik Bo\u0161nja\u010dkog nacionalnog vije\u0107a dr. Mevlud Dudi\u0107 je izjavio da pomaka nije bilo i da zakon nije ispo\u0161tovan ni ovaj put od strane \u010cipli\u0107evog Ministarstva.<\/p>\n<p>Predsjednica Sand\u017ea\u010dkog odbora za ljudska prava iz Novog Pazara Semiha Ka\u010dar ka\u017ee da ovakav sastanka nije trebalo da organizuje Ministarstvo za ljudska i manjinska prava, koje je, po njenom mi\u0161ljenju, dijelom i generisalo nesuglasje u izboru Bo\u0161nja\u010dkog nacionalnog vije\u0107a.<\/p>\n<p>Kao reakcija na ovakvo pona\u0161anje ministra \u010cipli\u0107a dr\u017eavni sekretar u Ministarstvu za ljudska i manjinska prava Marko Karad\u017ei\u0107 proslijedio je predsjedniku Vlade Mirku Cvetkovi\u0107u ostavku na sada\u0161nju funkciju zbog, kako ka\u017ee, politike koju vodi ministar Svetozar \u010cipli\u0107.<\/p>\n<p>Karad\u017ei\u0107 je rekao da je proslijedio zahtjev premijeru Cvetkovi\u0107u i ministru Svetozaru \u010cipli\u0107u da ga na narednoj sjednici Vlade razrije\u0161e sa mjesta dr\u017eavnog sekretara jer ne \u017eeli da svojim imenom stoji iza pogre\u0161ne politike koju vodi ministar Svetozar \u010cipli\u0107.<\/p>\n<p>&#8220;Ne \u017eelim da u javnosti budem predstavljen kao dr\u017eavni sekretar, a da to ustvari nisam, jer u tom ministarstvu niti imam mogu\u0107nost da uti\u010dem na politiku, niti sam kod ministra shva\u0107en kao njegov saradnik&#8221;, rekao je Karad\u017ei\u0107, prenose beogradski mediji.<\/p>\n<p>Marko Karad\u017ei\u0107 je prvi iz Ministarva koji je reagovao na otvorenu diskriminaciju koja se \u010dini nad bo\u0161nja\u010dkim narodom od strane dr\u017eave Srbije.<\/p>\n<p>Izvor: <strong>SandzakPRESS.net<\/strong><\/p>\n","protected":false},"excerpt":{"rendered":"<p>Sjeverni Sand\u017eak &#8211; U Beogradu je odr\u017ean sastanak predstavika tri liste koje su u\u010destvovale na izborima za Bo\u0161nja\u010dko nacionalno vije\u0107e u maju mjesecu. Sastanak je organizovalo Ministartsvo za ljudska i manjinska prava na \u010delu sa Svetozarom \u010cipli\u0107em, a sastanku je prisustvovao \u0161ef misije OEBS-a u Beogradu ambasador Dimitrios Kipreos. Na pregovorima listu \u201eBo\u0161nja\u010dke kulturne zajednice [&hellip;]<\/p>\n","protected":false},"author":83,"featured_media":8608,"comment_status":"open","ping_status":"open","sticky":false,"template":"","format":"standard","meta":{"footnotes":""},"categories":[800,72,52,327,392,393,394],"tags":[],"class_list":{"0":"post-8606","1":"post","2":"type-post","3":"status-publish","4":"format-standard","5":"has-post-thumbnail","7":"category-nacija","8":"category-novi-pazar","9":"category-sjenica","10":"category-tutin","11":"category-prijepolje_","12":"category-priboj","13":"category-nova-varos"},"yoast_head":"<!-- This site is optimized with the Yoast SEO Premium plugin v23.1 (Yoast SEO v24.9) - https:\/\/yoast.com\/wordpress\/plugins\/seo\/ -->\n<title>Nastao raskol u Ministartvu za ljudska i manjinksa prava zbog politike prema Bo\u0161njacima<\/title>\n<meta name=\"robots\" content=\"index, follow, max-snippet:-1, max-image-preview:large, max-video-preview:-1\" \/>\n<link rel=\"canonical\" href=\"https:\/\/sandzakpress.net\/arhiva\/nastao-raskol-u-ministartvu-pravde-zbog-politike-prema-bosnjacima\/\" \/>\n<meta property=\"og:locale\" content=\"bs_BA\" \/>\n<meta property=\"og:type\" content=\"article\" \/>\n<meta property=\"og:title\" content=\"Nastao raskol u Ministartvu za ljudska i manjinksa prava zbog politike prema Bo\u0161njacima\" \/>\n<meta property=\"og:description\" content=\"Sjeverni Sand\u017eak &#8211; U Beogradu je odr\u017ean sastanak predstavika tri liste koje su u\u010destvovale na izborima za Bo\u0161nja\u010dko nacionalno vije\u0107e u maju mjesecu. Sastanak je organizovalo Ministartsvo za ljudska i manjinska prava na \u010delu sa Svetozarom \u010cipli\u0107em, a sastanku je prisustvovao \u0161ef misije OEBS-a u Beogradu ambasador Dimitrios Kipreos. Na pregovorima listu \u201eBo\u0161nja\u010dke kulturne zajednice [&hellip;]\" \/>\n<meta property=\"og:url\" content=\"https:\/\/sandzakpress.net\/arhiva\/nastao-raskol-u-ministartvu-pravde-zbog-politike-prema-bosnjacima\/\" \/>\n<meta property=\"og:site_name\" content=\"Sand\u017eak PRESS\" \/>\n<meta property=\"article:published_time\" content=\"2010-09-25T20:53:58+00:00\" \/>\n<meta property=\"article:modified_time\" content=\"2010-09-26T18:08:39+00:00\" \/>\n<meta property=\"og:image\" content=\"https:\/\/sandzakpress.net\/arhiva\/wp-content\/uploads\/2010\/09\/min.ljimp-t.jpg\" \/>\n\t<meta property=\"og:image:width\" content=\"256\" \/>\n\t<meta property=\"og:image:height\" content=\"256\" \/>\n\t<meta property=\"og:image:type\" content=\"image\/jpeg\" \/>\n<meta name=\"author\" content=\"bosniak\" \/>\n<meta name=\"twitter:card\" content=\"summary_large_image\" \/>\n<meta name=\"twitter:label1\" content=\"Written by\" \/>\n\t<meta name=\"twitter:data1\" content=\"bosniak\" \/>\n\t<meta name=\"twitter:label2\" content=\"Est. reading time\" \/>\n\t<meta name=\"twitter:data2\" content=\"3 minute\" \/>\n<script type=\"application\/ld+json\" class=\"yoast-schema-graph\">{\"@context\":\"https:\/\/schema.org\",\"@graph\":[{\"@type\":\"Article\",\"@id\":\"https:\/\/sandzakpress.net\/arhiva\/nastao-raskol-u-ministartvu-pravde-zbog-politike-prema-bosnjacima\/#article\",\"isPartOf\":{\"@id\":\"https:\/\/sandzakpress.net\/arhiva\/nastao-raskol-u-ministartvu-pravde-zbog-politike-prema-bosnjacima\/\"},\"author\":{\"name\":\"bosniak\",\"@id\":\"https:\/\/sandzakpress.net\/arhiva\/#\/schema\/person\/c8baee722073534b583ea7bdb2e36c02\"},\"headline\":\"Nastao raskol u Ministartvu za ljudska i manjinksa prava zbog politike prema Bo\u0161njacima\",\"datePublished\":\"2010-09-25T20:53:58+00:00\",\"dateModified\":\"2010-09-26T18:08:39+00:00\",\"mainEntityOfPage\":{\"@id\":\"https:\/\/sandzakpress.net\/arhiva\/nastao-raskol-u-ministartvu-pravde-zbog-politike-prema-bosnjacima\/\"},\"wordCount\":589,\"commentCount\":7,\"publisher\":{\"@id\":\"https:\/\/sandzakpress.net\/arhiva\/#\/schema\/person\/6e72b67d6e51910a1117b3b483ba20bd\"},\"image\":{\"@id\":\"https:\/\/sandzakpress.net\/arhiva\/nastao-raskol-u-ministartvu-pravde-zbog-politike-prema-bosnjacima\/#primaryimage\"},\"thumbnailUrl\":\"https:\/\/sandzakpress.net\/arhiva\/wp-content\/uploads\/2010\/09\/min.ljimp-t.jpg\",\"articleSection\":[\"Nacija\",\"Novi Pazar\",\"Sjenica\",\"Tutin\",\"Prijepolje\",\"Priboj\",\"Nova Varo\u0161\"],\"inLanguage\":\"bs-BA\",\"potentialAction\":[{\"@type\":\"CommentAction\",\"name\":\"Comment\",\"target\":[\"https:\/\/sandzakpress.net\/arhiva\/nastao-raskol-u-ministartvu-pravde-zbog-politike-prema-bosnjacima\/#respond\"]}]},{\"@type\":\"WebPage\",\"@id\":\"https:\/\/sandzakpress.net\/arhiva\/nastao-raskol-u-ministartvu-pravde-zbog-politike-prema-bosnjacima\/\",\"url\":\"https:\/\/sandzakpress.net\/arhiva\/nastao-raskol-u-ministartvu-pravde-zbog-politike-prema-bosnjacima\/\",\"name\":\"Nastao raskol u Ministartvu za ljudska i manjinksa prava zbog politike prema Bo\u0161njacima\",\"isPartOf\":{\"@id\":\"https:\/\/sandzakpress.net\/arhiva\/#website\"},\"primaryImageOfPage\":{\"@id\":\"https:\/\/sandzakpress.net\/arhiva\/nastao-raskol-u-ministartvu-pravde-zbog-politike-prema-bosnjacima\/#primaryimage\"},\"image\":{\"@id\":\"https:\/\/sandzakpress.net\/arhiva\/nastao-raskol-u-ministartvu-pravde-zbog-politike-prema-bosnjacima\/#primaryimage\"},\"thumbnailUrl\":\"https:\/\/sandzakpress.net\/arhiva\/wp-content\/uploads\/2010\/09\/min.ljimp-t.jpg\",\"datePublished\":\"2010-09-25T20:53:58+00:00\",\"dateModified\":\"2010-09-26T18:08:39+00:00\",\"breadcrumb\":{\"@id\":\"https:\/\/sandzakpress.net\/arhiva\/nastao-raskol-u-ministartvu-pravde-zbog-politike-prema-bosnjacima\/#breadcrumb\"},\"inLanguage\":\"bs-BA\",\"potentialAction\":[{\"@type\":\"ReadAction\",\"target\":[\"https:\/\/sandzakpress.net\/arhiva\/nastao-raskol-u-ministartvu-pravde-zbog-politike-prema-bosnjacima\/\"]}]},{\"@type\":\"ImageObject\",\"inLanguage\":\"bs-BA\",\"@id\":\"https:\/\/sandzakpress.net\/arhiva\/nastao-raskol-u-ministartvu-pravde-zbog-politike-prema-bosnjacima\/#primaryimage\",\"url\":\"https:\/\/sandzakpress.net\/arhiva\/wp-content\/uploads\/2010\/09\/min.ljimp-t.jpg\",\"contentUrl\":\"https:\/\/sandzakpress.net\/arhiva\/wp-content\/uploads\/2010\/09\/min.ljimp-t.jpg\",\"width\":256,\"height\":256},{\"@type\":\"BreadcrumbList\",\"@id\":\"https:\/\/sandzakpress.net\/arhiva\/nastao-raskol-u-ministartvu-pravde-zbog-politike-prema-bosnjacima\/#breadcrumb\",\"itemListElement\":[{\"@type\":\"ListItem\",\"position\":1,\"name\":\"Home\",\"item\":\"https:\/\/sandzakpress.net\/arhiva\/\"},{\"@type\":\"ListItem\",\"position\":2,\"name\":\"Nastao raskol u Ministartvu za ljudska i manjinksa prava zbog politike prema Bo\u0161njacima\"}]},{\"@type\":\"WebSite\",\"@id\":\"https:\/\/sandzakpress.net\/arhiva\/#website\",\"url\":\"https:\/\/sandzakpress.net\/arhiva\/\",\"name\":\"Sand\u017eak PRESS\",\"description\":\"Prve elektronske novine u Sand\u017eaku\",\"publisher\":{\"@id\":\"https:\/\/sandzakpress.net\/arhiva\/#\/schema\/person\/6e72b67d6e51910a1117b3b483ba20bd\"},\"potentialAction\":[{\"@type\":\"SearchAction\",\"target\":{\"@type\":\"EntryPoint\",\"urlTemplate\":\"https:\/\/sandzakpress.net\/arhiva\/?s={search_term_string}\"},\"query-input\":{\"@type\":\"PropertyValueSpecification\",\"valueRequired\":true,\"valueName\":\"search_term_string\"}}],\"inLanguage\":\"bs-BA\"},{\"@type\":[\"Person\",\"Organization\"],\"@id\":\"https:\/\/sandzakpress.net\/arhiva\/#\/schema\/person\/6e72b67d6e51910a1117b3b483ba20bd\",\"name\":\"Kul\",\"image\":{\"@type\":\"ImageObject\",\"inLanguage\":\"bs-BA\",\"@id\":\"https:\/\/sandzakpress.net\/arhiva\/#\/schema\/person\/image\/\",\"url\":\"https:\/\/secure.gravatar.com\/avatar\/42263f39aa27ac04c43cab85c280eb2e?s=96&d=mm&r=pg\",\"contentUrl\":\"https:\/\/secure.gravatar.com\/avatar\/42263f39aa27ac04c43cab85c280eb2e?s=96&d=mm&r=pg\",\"caption\":\"Kul\"},\"logo\":{\"@id\":\"https:\/\/sandzakpress.net\/arhiva\/#\/schema\/person\/image\/\"}},{\"@type\":\"Person\",\"@id\":\"https:\/\/sandzakpress.net\/arhiva\/#\/schema\/person\/c8baee722073534b583ea7bdb2e36c02\",\"name\":\"bosniak\",\"image\":{\"@type\":\"ImageObject\",\"inLanguage\":\"bs-BA\",\"@id\":\"https:\/\/sandzakpress.net\/arhiva\/#\/schema\/person\/image\/\",\"url\":\"https:\/\/secure.gravatar.com\/avatar\/a04fd330bfe3a36a72a0ad4a6d89fca7?s=96&d=mm&r=pg\",\"contentUrl\":\"https:\/\/secure.gravatar.com\/avatar\/a04fd330bfe3a36a72a0ad4a6d89fca7?s=96&d=mm&r=pg\",\"caption\":\"bosniak\"},\"url\":\"https:\/\/sandzakpress.net\/arhiva\/author\/bosniak\/\"}]}<\/script>\n<!-- \/ Yoast SEO Premium plugin. -->","yoast_head_json":{"title":"Nastao raskol u Ministartvu za ljudska i manjinksa prava zbog politike prema Bo\u0161njacima","robots":{"index":"index","follow":"follow","max-snippet":"max-snippet:-1","max-image-preview":"max-image-preview:large","max-video-preview":"max-video-preview:-1"},"canonical":"https:\/\/sandzakpress.net\/arhiva\/nastao-raskol-u-ministartvu-pravde-zbog-politike-prema-bosnjacima\/","og_locale":"bs_BA","og_type":"article","og_title":"Nastao raskol u Ministartvu za ljudska i manjinksa prava zbog politike prema Bo\u0161njacima","og_description":"Sjeverni Sand\u017eak &#8211; U Beogradu je odr\u017ean sastanak predstavika tri liste koje su u\u010destvovale na izborima za Bo\u0161nja\u010dko nacionalno vije\u0107e u maju mjesecu. Sastanak je organizovalo Ministartsvo za ljudska i manjinska prava na \u010delu sa Svetozarom \u010cipli\u0107em, a sastanku je prisustvovao \u0161ef misije OEBS-a u Beogradu ambasador Dimitrios Kipreos. Na pregovorima listu \u201eBo\u0161nja\u010dke kulturne zajednice [&hellip;]","og_url":"https:\/\/sandzakpress.net\/arhiva\/nastao-raskol-u-ministartvu-pravde-zbog-politike-prema-bosnjacima\/","og_site_name":"Sand\u017eak PRESS","article_published_time":"2010-09-25T20:53:58+00:00","article_modified_time":"2010-09-26T18:08:39+00:00","og_image":[{"width":256,"height":256,"url":"https:\/\/sandzakpress.net\/arhiva\/wp-content\/uploads\/2010\/09\/min.ljimp-t.jpg","type":"image\/jpeg"}],"author":"bosniak","twitter_card":"summary_large_image","twitter_misc":{"Written by":"bosniak","Est. reading time":"3 minute"},"schema":{"@context":"https:\/\/schema.org","@graph":[{"@type":"Article","@id":"https:\/\/sandzakpress.net\/arhiva\/nastao-raskol-u-ministartvu-pravde-zbog-politike-prema-bosnjacima\/#article","isPartOf":{"@id":"https:\/\/sandzakpress.net\/arhiva\/nastao-raskol-u-ministartvu-pravde-zbog-politike-prema-bosnjacima\/"},"author":{"name":"bosniak","@id":"https:\/\/sandzakpress.net\/arhiva\/#\/schema\/person\/c8baee722073534b583ea7bdb2e36c02"},"headline":"Nastao raskol u Ministartvu za ljudska i manjinksa prava zbog politike prema Bo\u0161njacima","datePublished":"2010-09-25T20:53:58+00:00","dateModified":"2010-09-26T18:08:39+00:00","mainEntityOfPage":{"@id":"https:\/\/sandzakpress.net\/arhiva\/nastao-raskol-u-ministartvu-pravde-zbog-politike-prema-bosnjacima\/"},"wordCount":589,"commentCount":7,"publisher":{"@id":"https:\/\/sandzakpress.net\/arhiva\/#\/schema\/person\/6e72b67d6e51910a1117b3b483ba20bd"},"image":{"@id":"https:\/\/sandzakpress.net\/arhiva\/nastao-raskol-u-ministartvu-pravde-zbog-politike-prema-bosnjacima\/#primaryimage"},"thumbnailUrl":"https:\/\/sandzakpress.net\/arhiva\/wp-content\/uploads\/2010\/09\/min.ljimp-t.jpg","articleSection":["Nacija","Novi Pazar","Sjenica","Tutin","Prijepolje","Priboj","Nova Varo\u0161"],"inLanguage":"bs-BA","potentialAction":[{"@type":"CommentAction","name":"Comment","target":["https:\/\/sandzakpress.net\/arhiva\/nastao-raskol-u-ministartvu-pravde-zbog-politike-prema-bosnjacima\/#respond"]}]},{"@type":"WebPage","@id":"https:\/\/sandzakpress.net\/arhiva\/nastao-raskol-u-ministartvu-pravde-zbog-politike-prema-bosnjacima\/","url":"https:\/\/sandzakpress.net\/arhiva\/nastao-raskol-u-ministartvu-pravde-zbog-politike-prema-bosnjacima\/","name":"Nastao raskol u Ministartvu za ljudska i manjinksa prava zbog politike prema Bo\u0161njacima","isPartOf":{"@id":"https:\/\/sandzakpress.net\/arhiva\/#website"},"primaryImageOfPage":{"@id":"https:\/\/sandzakpress.net\/arhiva\/nastao-raskol-u-ministartvu-pravde-zbog-politike-prema-bosnjacima\/#primaryimage"},"image":{"@id":"https:\/\/sandzakpress.net\/arhiva\/nastao-raskol-u-ministartvu-pravde-zbog-politike-prema-bosnjacima\/#primaryimage"},"thumbnailUrl":"https:\/\/sandzakpress.net\/arhiva\/wp-content\/uploads\/2010\/09\/min.ljimp-t.jpg","datePublished":"2010-09-25T20:53:58+00:00","dateModified":"2010-09-26T18:08:39+00:00","breadcrumb":{"@id":"https:\/\/sandzakpress.net\/arhiva\/nastao-raskol-u-ministartvu-pravde-zbog-politike-prema-bosnjacima\/#breadcrumb"},"inLanguage":"bs-BA","potentialAction":[{"@type":"ReadAction","target":["https:\/\/sandzakpress.net\/arhiva\/nastao-raskol-u-ministartvu-pravde-zbog-politike-prema-bosnjacima\/"]}]},{"@type":"ImageObject","inLanguage":"bs-BA","@id":"https:\/\/sandzakpress.net\/arhiva\/nastao-raskol-u-ministartvu-pravde-zbog-politike-prema-bosnjacima\/#primaryimage","url":"https:\/\/sandzakpress.net\/arhiva\/wp-content\/uploads\/2010\/09\/min.ljimp-t.jpg","contentUrl":"https:\/\/sandzakpress.net\/arhiva\/wp-content\/uploads\/2010\/09\/min.ljimp-t.jpg","width":256,"height":256},{"@type":"BreadcrumbList","@id":"https:\/\/sandzakpress.net\/arhiva\/nastao-raskol-u-ministartvu-pravde-zbog-politike-prema-bosnjacima\/#breadcrumb","itemListElement":[{"@type":"ListItem","position":1,"name":"Home","item":"https:\/\/sandzakpress.net\/arhiva\/"},{"@type":"ListItem","position":2,"name":"Nastao raskol u Ministartvu za ljudska i manjinksa prava zbog politike prema Bo\u0161njacima"}]},{"@type":"WebSite","@id":"https:\/\/sandzakpress.net\/arhiva\/#website","url":"https:\/\/sandzakpress.net\/arhiva\/","name":"Sand\u017eak PRESS","description":"Prve elektronske novine u Sand\u017eaku","publisher":{"@id":"https:\/\/sandzakpress.net\/arhiva\/#\/schema\/person\/6e72b67d6e51910a1117b3b483ba20bd"},"potentialAction":[{"@type":"SearchAction","target":{"@type":"EntryPoint","urlTemplate":"https:\/\/sandzakpress.net\/arhiva\/?s={search_term_string}"},"query-input":{"@type":"PropertyValueSpecification","valueRequired":true,"valueName":"search_term_string"}}],"inLanguage":"bs-BA"},{"@type":["Person","Organization"],"@id":"https:\/\/sandzakpress.net\/arhiva\/#\/schema\/person\/6e72b67d6e51910a1117b3b483ba20bd","name":"Kul","image":{"@type":"ImageObject","inLanguage":"bs-BA","@id":"https:\/\/sandzakpress.net\/arhiva\/#\/schema\/person\/image\/","url":"https:\/\/secure.gravatar.com\/avatar\/42263f39aa27ac04c43cab85c280eb2e?s=96&d=mm&r=pg","contentUrl":"https:\/\/secure.gravatar.com\/avatar\/42263f39aa27ac04c43cab85c280eb2e?s=96&d=mm&r=pg","caption":"Kul"},"logo":{"@id":"https:\/\/sandzakpress.net\/arhiva\/#\/schema\/person\/image\/"}},{"@type":"Person","@id":"https:\/\/sandzakpress.net\/arhiva\/#\/schema\/person\/c8baee722073534b583ea7bdb2e36c02","name":"bosniak","image":{"@type":"ImageObject","inLanguage":"bs-BA","@id":"https:\/\/sandzakpress.net\/arhiva\/#\/schema\/person\/image\/","url":"https:\/\/secure.gravatar.com\/avatar\/a04fd330bfe3a36a72a0ad4a6d89fca7?s=96&d=mm&r=pg","contentUrl":"https:\/\/secure.gravatar.com\/avatar\/a04fd330bfe3a36a72a0ad4a6d89fca7?s=96&d=mm&r=pg","caption":"bosniak"},"url":"https:\/\/sandzakpress.net\/arhiva\/author\/bosniak\/"}]}},"_links":{"self":[{"href":"https:\/\/sandzakpress.net\/arhiva\/wp-json\/wp\/v2\/posts\/8606"}],"collection":[{"href":"https:\/\/sandzakpress.net\/arhiva\/wp-json\/wp\/v2\/posts"}],"about":[{"href":"https:\/\/sandzakpress.net\/arhiva\/wp-json\/wp\/v2\/types\/post"}],"author":[{"embeddable":true,"href":"https:\/\/sandzakpress.net\/arhiva\/wp-json\/wp\/v2\/users\/83"}],"replies":[{"embeddable":true,"href":"https:\/\/sandzakpress.net\/arhiva\/wp-json\/wp\/v2\/comments?post=8606"}],"version-history":[{"count":0,"href":"https:\/\/sandzakpress.net\/arhiva\/wp-json\/wp\/v2\/posts\/8606\/revisions"}],"wp:featuredmedia":[{"embeddable":true,"href":"https:\/\/sandzakpress.net\/arhiva\/wp-json\/wp\/v2\/media\/8608"}],"wp:attachment":[{"href":"https:\/\/sandzakpress.net\/arhiva\/wp-json\/wp\/v2\/media?parent=8606"}],"wp:term":[{"taxonomy":"category","embeddable":true,"href":"https:\/\/sandzakpress.net\/arhiva\/wp-json\/wp\/v2\/categories?post=8606"},{"taxonomy":"post_tag","embeddable":true,"href":"https:\/\/sandzakpress.net\/arhiva\/wp-json\/wp\/v2\/tags?post=8606"}],"curies":[{"name":"wp","href":"https:\/\/api.w.org\/{rel}","templated":true}]}}