{"id":85936,"date":"2013-08-22T18:05:54","date_gmt":"2013-08-22T16:05:54","guid":{"rendered":"https:\/\/sandzakpress.net\/arhiva\/?p=85936"},"modified":"2013-08-22T18:05:54","modified_gmt":"2013-08-22T16:05:54","slug":"trazimo-da-i-talentovani-bosnjaci-iz-sandzaka-dobiju-drzavljanstvo-bih","status":"publish","type":"post","link":"https:\/\/sandzakpress.net\/arhiva\/trazimo-da-i-talentovani-bosnjaci-iz-sandzaka-dobiju-drzavljanstvo-bih\/","title":{"rendered":"Tra\u017eimo da i talentovani Bo\u0161njaci iz Sand\u017eaka dobiju dr\u017eavljanstvo BiH!"},"content":{"rendered":"<p id=\"short_description\"><strong><img loading=\"lazy\" decoding=\"async\" class=\"alignleft size-medium wp-image-85937\" alt=\"novi_pasos_bih\" src=\"https:\/\/sandzakpress.net\/arhiva\/wp-content\/uploads\/2013\/08\/novi_pasos_bih-300x200.jpg\" width=\"300\" height=\"200\" \/>BiH, Sjeverni Sand\u017eak &#8211; Predstavni\u0161tvo Sand\u017eaka za Skandivaju tra\u017ei da talentovani sportisti, Bo\u0161njaci iz Srbije dobiju paso\u0161e Bosne i Hercegovine i da na taj na\u010din steknu pravo da na sportskim tekmi\u010denjima nastupaju za Bosnu i Hercegovinu, saop\u0107eno je danas iz ovog predstavni\u0161tva.<\/strong><\/p>\n<p id=\"article_body\">Predstavniptvo Sand\u017eaka za Skandivaju tra\u017ei da talentovani sportisti, Bo\u0161njaci iz Srbije dobiju paso\u0161e Bosne i Hercegovine i da na taj na\u010din steknu pravo da na sportskim tekmi\u010denjima nastupaju za Bosnu i Hercegovinu &#8211; saop\u0107eno je danas iz ovog predstavni\u0161tva.<\/p>\n<p>Povod za ovaj njihov zahtjev je najava iz beogradskih medija da \u0107e danas predsjednik vlade Srbije Ivica Da\u010di\u0107 uru\u010diti paso\u0161e Srbije \u00a0talentovanim sportistima iz Republike Srpske.<\/p>\n<p>Prema toj najavi, paso\u0161e \u0107e dobiti deset sportista i oni \u0107e, na osnovu Sporazuma o specijalnim i paralelnim vezama i mogu\u0107nosti dvojnog dr\u017eavljanstva, ste\u0107i pravo da na sportskim takmi\u010denjima nastupaju za Srbiju.<\/p>\n<p>-Tra\u017eimo da talentovani sportisti, Bo\u0161njaci iz Srbije dobiju paso\u0161e Bosne i Hercegovine i da na taj na\u010din steknu pravo da na sportskim tekmi\u010denjima nastupaju za svoju mati\u010dnu domovinu Bosnu i Hercegovinu. Ako srpski sportisti iz Bosne i Hecegovine mogu dobiti paso\u0161e Srbije i time dobiti mogu\u0107nost da na sportskim takmi\u010denjima nastupaju za Srbiju za\u0161to bo\u0161nja\u010dki sportisti iz Srbije ne mogu dobiti paso\u0161e Bosne i Hercegovine i mogu\u0107nost da na sprotskim takmi\u010denjima nastupaju za svoju mati\u010dnu domovinu Bosnu i Hercegovinu? &#8211; pitaju u Predstavni\u0161tvu Sand\u017eaka za Skandinaviju.<\/p>\n<p>(FENA)<\/p>\n","protected":false},"excerpt":{"rendered":"<p>BiH, Sjeverni Sand\u017eak &#8211; Predstavni\u0161tvo Sand\u017eaka za Skandivaju tra\u017ei da talentovani sportisti, Bo\u0161njaci iz Srbije dobiju paso\u0161e Bosne i Hercegovine i da na taj na\u010din steknu pravo da na sportskim tekmi\u010denjima nastupaju za Bosnu i Hercegovinu, saop\u0107eno je danas iz ovog predstavni\u0161tva. Predstavniptvo Sand\u017eaka za Skandivaju tra\u017ei da talentovani sportisti, Bo\u0161njaci iz Srbije dobiju paso\u0161e [&hellip;]<\/p>\n","protected":false},"author":83,"featured_media":85938,"comment_status":"open","ping_status":"open","sticky":false,"template":"","format":"standard","meta":{"footnotes":""},"categories":[72,800,2860,52,327,392,393,9543,394,10175,10176,8957],"tags":[10217,10220,10330],"class_list":{"0":"post-85936","1":"post","2":"type-post","3":"status-publish","4":"format-standard","5":"has-post-thumbnail","7":"category-novi-pazar","8":"category-nacija","9":"category-bosna-i-hercegovina-gradovi","10":"category-sjenica","11":"category-tutin","12":"category-prijepolje_","13":"category-priboj","14":"category-svedska-dijaspora-gradovi-vase-vijesti","15":"category-nova-varos","16":"category-danska-dijaspora-gradovi-vase-vijesti","17":"category-norveska-dijaspora-gradovi-vase-vijesti","18":"category-vijesti-dana","19":"tag-nepravde-srpske-vlasti","20":"tag-nepravde-bosanske-vlasti","21":"tag-sandzacki-sportisti"},"yoast_head":"<!-- This site is optimized with the Yoast SEO Premium plugin v23.1 (Yoast SEO v24.9) - https:\/\/yoast.com\/wordpress\/plugins\/seo\/ -->\n<title>Tra\u017eimo da i talentovani Bo\u0161njaci iz Sand\u017eaka dobiju dr\u017eavljanstvo BiH!<\/title>\n<meta name=\"robots\" content=\"index, follow, max-snippet:-1, max-image-preview:large, max-video-preview:-1\" \/>\n<link rel=\"canonical\" href=\"https:\/\/sandzakpress.net\/arhiva\/trazimo-da-i-talentovani-bosnjaci-iz-sandzaka-dobiju-drzavljanstvo-bih\/\" \/>\n<meta property=\"og:locale\" content=\"bs_BA\" \/>\n<meta property=\"og:type\" content=\"article\" \/>\n<meta property=\"og:title\" content=\"Tra\u017eimo da i talentovani Bo\u0161njaci iz Sand\u017eaka dobiju dr\u017eavljanstvo BiH!\" \/>\n<meta property=\"og:description\" content=\"BiH, Sjeverni Sand\u017eak &#8211; Predstavni\u0161tvo Sand\u017eaka za Skandivaju tra\u017ei da talentovani sportisti, Bo\u0161njaci iz Srbije dobiju paso\u0161e Bosne i Hercegovine i da na taj na\u010din steknu pravo da na sportskim tekmi\u010denjima nastupaju za Bosnu i Hercegovinu, saop\u0107eno je danas iz ovog predstavni\u0161tva. Predstavniptvo Sand\u017eaka za Skandivaju tra\u017ei da talentovani sportisti, Bo\u0161njaci iz Srbije dobiju paso\u0161e [&hellip;]\" \/>\n<meta property=\"og:url\" content=\"https:\/\/sandzakpress.net\/arhiva\/trazimo-da-i-talentovani-bosnjaci-iz-sandzaka-dobiju-drzavljanstvo-bih\/\" \/>\n<meta property=\"og:site_name\" content=\"Sand\u017eak PRESS\" \/>\n<meta property=\"article:published_time\" content=\"2013-08-22T16:05:54+00:00\" \/>\n<meta property=\"og:image\" content=\"https:\/\/sandzakpress.net\/arhiva\/wp-content\/uploads\/2013\/08\/novi_pasos_bih-300x2001.jpg\" \/>\n\t<meta property=\"og:image:width\" content=\"300\" \/>\n\t<meta property=\"og:image:height\" content=\"200\" \/>\n\t<meta property=\"og:image:type\" content=\"image\/jpeg\" \/>\n<meta name=\"author\" content=\"bosniak\" \/>\n<meta name=\"twitter:card\" content=\"summary_large_image\" \/>\n<meta name=\"twitter:label1\" content=\"Written by\" \/>\n\t<meta name=\"twitter:data1\" content=\"bosniak\" \/>\n\t<meta name=\"twitter:label2\" content=\"Est. reading time\" \/>\n\t<meta name=\"twitter:data2\" content=\"1 minuta\" \/>\n<script type=\"application\/ld+json\" class=\"yoast-schema-graph\">{\"@context\":\"https:\/\/schema.org\",\"@graph\":[{\"@type\":\"Article\",\"@id\":\"https:\/\/sandzakpress.net\/arhiva\/trazimo-da-i-talentovani-bosnjaci-iz-sandzaka-dobiju-drzavljanstvo-bih\/#article\",\"isPartOf\":{\"@id\":\"https:\/\/sandzakpress.net\/arhiva\/trazimo-da-i-talentovani-bosnjaci-iz-sandzaka-dobiju-drzavljanstvo-bih\/\"},\"author\":{\"name\":\"bosniak\",\"@id\":\"https:\/\/sandzakpress.net\/arhiva\/#\/schema\/person\/c8baee722073534b583ea7bdb2e36c02\"},\"headline\":\"Tra\u017eimo da i talentovani Bo\u0161njaci iz Sand\u017eaka dobiju dr\u017eavljanstvo BiH!\",\"datePublished\":\"2013-08-22T16:05:54+00:00\",\"mainEntityOfPage\":{\"@id\":\"https:\/\/sandzakpress.net\/arhiva\/trazimo-da-i-talentovani-bosnjaci-iz-sandzaka-dobiju-drzavljanstvo-bih\/\"},\"wordCount\":284,\"commentCount\":12,\"publisher\":{\"@id\":\"https:\/\/sandzakpress.net\/arhiva\/#\/schema\/person\/6e72b67d6e51910a1117b3b483ba20bd\"},\"image\":{\"@id\":\"https:\/\/sandzakpress.net\/arhiva\/trazimo-da-i-talentovani-bosnjaci-iz-sandzaka-dobiju-drzavljanstvo-bih\/#primaryimage\"},\"thumbnailUrl\":\"https:\/\/sandzakpress.net\/arhiva\/wp-content\/uploads\/2013\/08\/novi_pasos_bih-300x2001.jpg\",\"keywords\":[\"nepravde srpske vlasti\",\"nepravde bosanske vlasti\",\"sand\u017ea\u010dki sportisti\"],\"articleSection\":[\"Novi Pazar\",\"Nacija\",\"Bosna i Hercegovina\",\"Sjenica\",\"Tutin\",\"Prijepolje\",\"Priboj\",\"\u0160vedska\",\"Nova Varo\u0161\",\"Danska\",\"Norve\u0161ka\",\"VIJESTI DANA\"],\"inLanguage\":\"bs-BA\",\"potentialAction\":[{\"@type\":\"CommentAction\",\"name\":\"Comment\",\"target\":[\"https:\/\/sandzakpress.net\/arhiva\/trazimo-da-i-talentovani-bosnjaci-iz-sandzaka-dobiju-drzavljanstvo-bih\/#respond\"]}]},{\"@type\":\"WebPage\",\"@id\":\"https:\/\/sandzakpress.net\/arhiva\/trazimo-da-i-talentovani-bosnjaci-iz-sandzaka-dobiju-drzavljanstvo-bih\/\",\"url\":\"https:\/\/sandzakpress.net\/arhiva\/trazimo-da-i-talentovani-bosnjaci-iz-sandzaka-dobiju-drzavljanstvo-bih\/\",\"name\":\"Tra\u017eimo da i talentovani Bo\u0161njaci iz Sand\u017eaka dobiju dr\u017eavljanstvo BiH!\",\"isPartOf\":{\"@id\":\"https:\/\/sandzakpress.net\/arhiva\/#website\"},\"primaryImageOfPage\":{\"@id\":\"https:\/\/sandzakpress.net\/arhiva\/trazimo-da-i-talentovani-bosnjaci-iz-sandzaka-dobiju-drzavljanstvo-bih\/#primaryimage\"},\"image\":{\"@id\":\"https:\/\/sandzakpress.net\/arhiva\/trazimo-da-i-talentovani-bosnjaci-iz-sandzaka-dobiju-drzavljanstvo-bih\/#primaryimage\"},\"thumbnailUrl\":\"https:\/\/sandzakpress.net\/arhiva\/wp-content\/uploads\/2013\/08\/novi_pasos_bih-300x2001.jpg\",\"datePublished\":\"2013-08-22T16:05:54+00:00\",\"breadcrumb\":{\"@id\":\"https:\/\/sandzakpress.net\/arhiva\/trazimo-da-i-talentovani-bosnjaci-iz-sandzaka-dobiju-drzavljanstvo-bih\/#breadcrumb\"},\"inLanguage\":\"bs-BA\",\"potentialAction\":[{\"@type\":\"ReadAction\",\"target\":[\"https:\/\/sandzakpress.net\/arhiva\/trazimo-da-i-talentovani-bosnjaci-iz-sandzaka-dobiju-drzavljanstvo-bih\/\"]}]},{\"@type\":\"ImageObject\",\"inLanguage\":\"bs-BA\",\"@id\":\"https:\/\/sandzakpress.net\/arhiva\/trazimo-da-i-talentovani-bosnjaci-iz-sandzaka-dobiju-drzavljanstvo-bih\/#primaryimage\",\"url\":\"https:\/\/sandzakpress.net\/arhiva\/wp-content\/uploads\/2013\/08\/novi_pasos_bih-300x2001.jpg\",\"contentUrl\":\"https:\/\/sandzakpress.net\/arhiva\/wp-content\/uploads\/2013\/08\/novi_pasos_bih-300x2001.jpg\",\"width\":300,\"height\":200},{\"@type\":\"BreadcrumbList\",\"@id\":\"https:\/\/sandzakpress.net\/arhiva\/trazimo-da-i-talentovani-bosnjaci-iz-sandzaka-dobiju-drzavljanstvo-bih\/#breadcrumb\",\"itemListElement\":[{\"@type\":\"ListItem\",\"position\":1,\"name\":\"Home\",\"item\":\"https:\/\/sandzakpress.net\/arhiva\/\"},{\"@type\":\"ListItem\",\"position\":2,\"name\":\"Tra\u017eimo da i talentovani Bo\u0161njaci iz Sand\u017eaka dobiju dr\u017eavljanstvo BiH!\"}]},{\"@type\":\"WebSite\",\"@id\":\"https:\/\/sandzakpress.net\/arhiva\/#website\",\"url\":\"https:\/\/sandzakpress.net\/arhiva\/\",\"name\":\"Sand\u017eak PRESS\",\"description\":\"Prve elektronske novine u Sand\u017eaku\",\"publisher\":{\"@id\":\"https:\/\/sandzakpress.net\/arhiva\/#\/schema\/person\/6e72b67d6e51910a1117b3b483ba20bd\"},\"potentialAction\":[{\"@type\":\"SearchAction\",\"target\":{\"@type\":\"EntryPoint\",\"urlTemplate\":\"https:\/\/sandzakpress.net\/arhiva\/?s={search_term_string}\"},\"query-input\":{\"@type\":\"PropertyValueSpecification\",\"valueRequired\":true,\"valueName\":\"search_term_string\"}}],\"inLanguage\":\"bs-BA\"},{\"@type\":[\"Person\",\"Organization\"],\"@id\":\"https:\/\/sandzakpress.net\/arhiva\/#\/schema\/person\/6e72b67d6e51910a1117b3b483ba20bd\",\"name\":\"Kul\",\"image\":{\"@type\":\"ImageObject\",\"inLanguage\":\"bs-BA\",\"@id\":\"https:\/\/sandzakpress.net\/arhiva\/#\/schema\/person\/image\/\",\"url\":\"https:\/\/secure.gravatar.com\/avatar\/42263f39aa27ac04c43cab85c280eb2e?s=96&d=mm&r=pg\",\"contentUrl\":\"https:\/\/secure.gravatar.com\/avatar\/42263f39aa27ac04c43cab85c280eb2e?s=96&d=mm&r=pg\",\"caption\":\"Kul\"},\"logo\":{\"@id\":\"https:\/\/sandzakpress.net\/arhiva\/#\/schema\/person\/image\/\"}},{\"@type\":\"Person\",\"@id\":\"https:\/\/sandzakpress.net\/arhiva\/#\/schema\/person\/c8baee722073534b583ea7bdb2e36c02\",\"name\":\"bosniak\",\"image\":{\"@type\":\"ImageObject\",\"inLanguage\":\"bs-BA\",\"@id\":\"https:\/\/sandzakpress.net\/arhiva\/#\/schema\/person\/image\/\",\"url\":\"https:\/\/secure.gravatar.com\/avatar\/a04fd330bfe3a36a72a0ad4a6d89fca7?s=96&d=mm&r=pg\",\"contentUrl\":\"https:\/\/secure.gravatar.com\/avatar\/a04fd330bfe3a36a72a0ad4a6d89fca7?s=96&d=mm&r=pg\",\"caption\":\"bosniak\"},\"url\":\"https:\/\/sandzakpress.net\/arhiva\/author\/bosniak\/\"}]}<\/script>\n<!-- \/ Yoast SEO Premium plugin. -->","yoast_head_json":{"title":"Tra\u017eimo da i talentovani Bo\u0161njaci iz Sand\u017eaka dobiju dr\u017eavljanstvo BiH!","robots":{"index":"index","follow":"follow","max-snippet":"max-snippet:-1","max-image-preview":"max-image-preview:large","max-video-preview":"max-video-preview:-1"},"canonical":"https:\/\/sandzakpress.net\/arhiva\/trazimo-da-i-talentovani-bosnjaci-iz-sandzaka-dobiju-drzavljanstvo-bih\/","og_locale":"bs_BA","og_type":"article","og_title":"Tra\u017eimo da i talentovani Bo\u0161njaci iz Sand\u017eaka dobiju dr\u017eavljanstvo BiH!","og_description":"BiH, Sjeverni Sand\u017eak &#8211; Predstavni\u0161tvo Sand\u017eaka za Skandivaju tra\u017ei da talentovani sportisti, Bo\u0161njaci iz Srbije dobiju paso\u0161e Bosne i Hercegovine i da na taj na\u010din steknu pravo da na sportskim tekmi\u010denjima nastupaju za Bosnu i Hercegovinu, saop\u0107eno je danas iz ovog predstavni\u0161tva. Predstavniptvo Sand\u017eaka za Skandivaju tra\u017ei da talentovani sportisti, Bo\u0161njaci iz Srbije dobiju paso\u0161e [&hellip;]","og_url":"https:\/\/sandzakpress.net\/arhiva\/trazimo-da-i-talentovani-bosnjaci-iz-sandzaka-dobiju-drzavljanstvo-bih\/","og_site_name":"Sand\u017eak PRESS","article_published_time":"2013-08-22T16:05:54+00:00","og_image":[{"width":300,"height":200,"url":"https:\/\/sandzakpress.net\/arhiva\/wp-content\/uploads\/2013\/08\/novi_pasos_bih-300x2001.jpg","type":"image\/jpeg"}],"author":"bosniak","twitter_card":"summary_large_image","twitter_misc":{"Written by":"bosniak","Est. reading time":"1 minuta"},"schema":{"@context":"https:\/\/schema.org","@graph":[{"@type":"Article","@id":"https:\/\/sandzakpress.net\/arhiva\/trazimo-da-i-talentovani-bosnjaci-iz-sandzaka-dobiju-drzavljanstvo-bih\/#article","isPartOf":{"@id":"https:\/\/sandzakpress.net\/arhiva\/trazimo-da-i-talentovani-bosnjaci-iz-sandzaka-dobiju-drzavljanstvo-bih\/"},"author":{"name":"bosniak","@id":"https:\/\/sandzakpress.net\/arhiva\/#\/schema\/person\/c8baee722073534b583ea7bdb2e36c02"},"headline":"Tra\u017eimo da i talentovani Bo\u0161njaci iz Sand\u017eaka dobiju dr\u017eavljanstvo BiH!","datePublished":"2013-08-22T16:05:54+00:00","mainEntityOfPage":{"@id":"https:\/\/sandzakpress.net\/arhiva\/trazimo-da-i-talentovani-bosnjaci-iz-sandzaka-dobiju-drzavljanstvo-bih\/"},"wordCount":284,"commentCount":12,"publisher":{"@id":"https:\/\/sandzakpress.net\/arhiva\/#\/schema\/person\/6e72b67d6e51910a1117b3b483ba20bd"},"image":{"@id":"https:\/\/sandzakpress.net\/arhiva\/trazimo-da-i-talentovani-bosnjaci-iz-sandzaka-dobiju-drzavljanstvo-bih\/#primaryimage"},"thumbnailUrl":"https:\/\/sandzakpress.net\/arhiva\/wp-content\/uploads\/2013\/08\/novi_pasos_bih-300x2001.jpg","keywords":["nepravde srpske vlasti","nepravde bosanske vlasti","sand\u017ea\u010dki sportisti"],"articleSection":["Novi Pazar","Nacija","Bosna i Hercegovina","Sjenica","Tutin","Prijepolje","Priboj","\u0160vedska","Nova Varo\u0161","Danska","Norve\u0161ka","VIJESTI DANA"],"inLanguage":"bs-BA","potentialAction":[{"@type":"CommentAction","name":"Comment","target":["https:\/\/sandzakpress.net\/arhiva\/trazimo-da-i-talentovani-bosnjaci-iz-sandzaka-dobiju-drzavljanstvo-bih\/#respond"]}]},{"@type":"WebPage","@id":"https:\/\/sandzakpress.net\/arhiva\/trazimo-da-i-talentovani-bosnjaci-iz-sandzaka-dobiju-drzavljanstvo-bih\/","url":"https:\/\/sandzakpress.net\/arhiva\/trazimo-da-i-talentovani-bosnjaci-iz-sandzaka-dobiju-drzavljanstvo-bih\/","name":"Tra\u017eimo da i talentovani Bo\u0161njaci iz Sand\u017eaka dobiju dr\u017eavljanstvo BiH!","isPartOf":{"@id":"https:\/\/sandzakpress.net\/arhiva\/#website"},"primaryImageOfPage":{"@id":"https:\/\/sandzakpress.net\/arhiva\/trazimo-da-i-talentovani-bosnjaci-iz-sandzaka-dobiju-drzavljanstvo-bih\/#primaryimage"},"image":{"@id":"https:\/\/sandzakpress.net\/arhiva\/trazimo-da-i-talentovani-bosnjaci-iz-sandzaka-dobiju-drzavljanstvo-bih\/#primaryimage"},"thumbnailUrl":"https:\/\/sandzakpress.net\/arhiva\/wp-content\/uploads\/2013\/08\/novi_pasos_bih-300x2001.jpg","datePublished":"2013-08-22T16:05:54+00:00","breadcrumb":{"@id":"https:\/\/sandzakpress.net\/arhiva\/trazimo-da-i-talentovani-bosnjaci-iz-sandzaka-dobiju-drzavljanstvo-bih\/#breadcrumb"},"inLanguage":"bs-BA","potentialAction":[{"@type":"ReadAction","target":["https:\/\/sandzakpress.net\/arhiva\/trazimo-da-i-talentovani-bosnjaci-iz-sandzaka-dobiju-drzavljanstvo-bih\/"]}]},{"@type":"ImageObject","inLanguage":"bs-BA","@id":"https:\/\/sandzakpress.net\/arhiva\/trazimo-da-i-talentovani-bosnjaci-iz-sandzaka-dobiju-drzavljanstvo-bih\/#primaryimage","url":"https:\/\/sandzakpress.net\/arhiva\/wp-content\/uploads\/2013\/08\/novi_pasos_bih-300x2001.jpg","contentUrl":"https:\/\/sandzakpress.net\/arhiva\/wp-content\/uploads\/2013\/08\/novi_pasos_bih-300x2001.jpg","width":300,"height":200},{"@type":"BreadcrumbList","@id":"https:\/\/sandzakpress.net\/arhiva\/trazimo-da-i-talentovani-bosnjaci-iz-sandzaka-dobiju-drzavljanstvo-bih\/#breadcrumb","itemListElement":[{"@type":"ListItem","position":1,"name":"Home","item":"https:\/\/sandzakpress.net\/arhiva\/"},{"@type":"ListItem","position":2,"name":"Tra\u017eimo da i talentovani Bo\u0161njaci iz Sand\u017eaka dobiju dr\u017eavljanstvo BiH!"}]},{"@type":"WebSite","@id":"https:\/\/sandzakpress.net\/arhiva\/#website","url":"https:\/\/sandzakpress.net\/arhiva\/","name":"Sand\u017eak PRESS","description":"Prve elektronske novine u Sand\u017eaku","publisher":{"@id":"https:\/\/sandzakpress.net\/arhiva\/#\/schema\/person\/6e72b67d6e51910a1117b3b483ba20bd"},"potentialAction":[{"@type":"SearchAction","target":{"@type":"EntryPoint","urlTemplate":"https:\/\/sandzakpress.net\/arhiva\/?s={search_term_string}"},"query-input":{"@type":"PropertyValueSpecification","valueRequired":true,"valueName":"search_term_string"}}],"inLanguage":"bs-BA"},{"@type":["Person","Organization"],"@id":"https:\/\/sandzakpress.net\/arhiva\/#\/schema\/person\/6e72b67d6e51910a1117b3b483ba20bd","name":"Kul","image":{"@type":"ImageObject","inLanguage":"bs-BA","@id":"https:\/\/sandzakpress.net\/arhiva\/#\/schema\/person\/image\/","url":"https:\/\/secure.gravatar.com\/avatar\/42263f39aa27ac04c43cab85c280eb2e?s=96&d=mm&r=pg","contentUrl":"https:\/\/secure.gravatar.com\/avatar\/42263f39aa27ac04c43cab85c280eb2e?s=96&d=mm&r=pg","caption":"Kul"},"logo":{"@id":"https:\/\/sandzakpress.net\/arhiva\/#\/schema\/person\/image\/"}},{"@type":"Person","@id":"https:\/\/sandzakpress.net\/arhiva\/#\/schema\/person\/c8baee722073534b583ea7bdb2e36c02","name":"bosniak","image":{"@type":"ImageObject","inLanguage":"bs-BA","@id":"https:\/\/sandzakpress.net\/arhiva\/#\/schema\/person\/image\/","url":"https:\/\/secure.gravatar.com\/avatar\/a04fd330bfe3a36a72a0ad4a6d89fca7?s=96&d=mm&r=pg","contentUrl":"https:\/\/secure.gravatar.com\/avatar\/a04fd330bfe3a36a72a0ad4a6d89fca7?s=96&d=mm&r=pg","caption":"bosniak"},"url":"https:\/\/sandzakpress.net\/arhiva\/author\/bosniak\/"}]}},"_links":{"self":[{"href":"https:\/\/sandzakpress.net\/arhiva\/wp-json\/wp\/v2\/posts\/85936"}],"collection":[{"href":"https:\/\/sandzakpress.net\/arhiva\/wp-json\/wp\/v2\/posts"}],"about":[{"href":"https:\/\/sandzakpress.net\/arhiva\/wp-json\/wp\/v2\/types\/post"}],"author":[{"embeddable":true,"href":"https:\/\/sandzakpress.net\/arhiva\/wp-json\/wp\/v2\/users\/83"}],"replies":[{"embeddable":true,"href":"https:\/\/sandzakpress.net\/arhiva\/wp-json\/wp\/v2\/comments?post=85936"}],"version-history":[{"count":0,"href":"https:\/\/sandzakpress.net\/arhiva\/wp-json\/wp\/v2\/posts\/85936\/revisions"}],"wp:featuredmedia":[{"embeddable":true,"href":"https:\/\/sandzakpress.net\/arhiva\/wp-json\/wp\/v2\/media\/85938"}],"wp:attachment":[{"href":"https:\/\/sandzakpress.net\/arhiva\/wp-json\/wp\/v2\/media?parent=85936"}],"wp:term":[{"taxonomy":"category","embeddable":true,"href":"https:\/\/sandzakpress.net\/arhiva\/wp-json\/wp\/v2\/categories?post=85936"},{"taxonomy":"post_tag","embeddable":true,"href":"https:\/\/sandzakpress.net\/arhiva\/wp-json\/wp\/v2\/tags?post=85936"}],"curies":[{"name":"wp","href":"https:\/\/api.w.org\/{rel}","templated":true}]}}