{"id":85799,"date":"2013-08-21T18:12:19","date_gmt":"2013-08-21T16:12:19","guid":{"rendered":"https:\/\/sandzakpress.net\/arhiva\/?p=85799"},"modified":"2013-08-21T18:12:19","modified_gmt":"2013-08-21T16:12:19","slug":"prvi-mart-pozivi-na-pokolj-su-pravo-lice-vlasti-u-rs-u","status":"publish","type":"post","link":"https:\/\/sandzakpress.net\/arhiva\/prvi-mart-pozivi-na-pokolj-su-pravo-lice-vlasti-u-rs-u\/","title":{"rendered":"Prvi mart: Pozivi na pokolj su pravo lice vlasti u RS-u"},"content":{"rendered":"<h2><a href=\"https:\/\/sandzakpress.net\/arhiva\/wp-content\/uploads\/2013\/08\/prvi-mart-pozivi-na-pokolj-su-pravo-lice-vlasti-u-rsu.jpg\"><img loading=\"lazy\" decoding=\"async\" class=\"alignleft size-medium wp-image-85800\" alt=\"prvi-mart-pozivi-na-pokolj-su-pravo-lice-vlasti-u-rsu\" src=\"https:\/\/sandzakpress.net\/arhiva\/wp-content\/uploads\/2013\/08\/prvi-mart-pozivi-na-pokolj-su-pravo-lice-vlasti-u-rsu-300x208.jpg\" width=\"300\" height=\"208\" \/><\/a>BiH &#8211; Koalicija &#8220;Prvi mart&#8221; \u017eeli obavijestiti javnost da \u0107e tokom ove sedmice, nakon prikupljanja svih javno dostupnih dokaza, podnijeti krivi\u010dne prijave protiv organizatora ju\u010dera\u0161njeg skupa u Srebrenici, odnosno u Bratuncu &#8211; saop\u0107eno je iz Koalicije &#8220;Prvi mart&#8221;.<\/h2>\n<p>Kako se navodi u saop\u0107enju, javnost ove zemlje treba da zna da je jedina razlika izme\u0111u ovog i svih prethodnih manifestacija ovog tipa u tome \u0161to su ove godine snimljene, te \u0161to postoje dokazi o pozivima na nove pokolje koji su stvar redovne prakse i u pravilu se doga\u0111aju uz blagoslov organa vlasti.<\/p>\n<p>-&#8220;Prvi mart&#8221; najo\u0161trije osu\u0111uje Ministarstvo unutra\u0161njih poslova entiteta RS koje ni ove, kao ni ranijih godina nije na\u0161lo za shodno da po slu\u017ebenoj du\u017enosti pokrene istragu zbog izazivanja nacionalne, rasne i vjerske mr\u017enje, razdora i netrpeljivosti, te spre\u010davanja povratka izbjeglih i raseljenih lica, dok barem jedan od ova dva skupa ima redovnu bud\u017eetsku podr\u0161ku lokalnih vlasti &#8211; dodaje se u saop\u0107enju.<\/p>\n<p>Istovremeno, kako se navodi, vrlo spremno su reagirali i podnijeli prekr\u0161ajne prijave protiv gra\u0111ana i pre\u017eivjelih genocida u Srebrenici zbog obilje\u017eavanja mjesta strati\u0161ta u zgradi Elektroprenosa u Poto\u010darima i Zemljoradni\u010dkoj zadruzi u Kravici.<\/p>\n<p>&#8220;Prvi mart&#8221; ponavlja &#8220;da su pozivi na novo klanje, koji se ponavljaju iz godine u godinu, pod patronatom i uz podr\u0161ku vlasti, pravo lice vlasti u RS-u&#8221;.<\/p>\n<p>Kako se navodi u saop\u0107enju, &#8220;ne postoji ljudsko lice genocida, te vlasti u RS-u nastavljaju djelovati na na\u010din koji kreira odnose u kojima je povratak nemogu\u0107, te svojim akcijama ne pokazuju da \u017eele za\u0161titi gra\u0111ane nesrpske nacionalnosti. Dok se ku\u0107e povratnika oduzimaju pred sudovima, otpu\u0161taju iz javnih ustanova, napadaju pri odlasku u d\u017eamiju, a javni mediji slu\u017ee za lin\u010dovanje njihovih lidera, Sarajevo &#8211; i slu\u017ebeno, ali i ono nezvani\u010dno &#8211; i dalje smatra da su ocjene povratnika &#8216;preo\u0161tre'&#8221;.<\/p>\n<p>-Mi u &#8220;Prvom martu&#8221; ne\u0107emo pristati da na\u0161a sloboda kretanja, kao i druga prava i slobode budu zakonski povjerene u ruke ovakvom MUP-u i ovakvoj vlasti, te \u0107emo u\u010diniti sve da svaki gra\u0111anin ove zemlje bude upoznat s cijenom politike koja to zagovara, s \u010dijim se posljedicama danas suo\u010davaju povratnici, a sutra svi gra\u0111ani Bosne i Hercegovine. Na\u0161 glas je najbolji na\u010din da trajno sprije\u010dimo nove pozive na nasilje i onima koji nasilje prizivaju ili ih ignoriraju, po\u0161aljemo poruku da je BiH na\u0161a zemlja i da ne bje\u017eimo od odgovornosti za vlastitu i sudbinu na\u0161e djece. Jer, nas, gra\u0111ane BiH obavezuje samo vizija Bosne i Hercegovine za koju smo glasali prvog marta 1992. godine i \u017ertve koje su pale za njeno ostvarenje &#8211; poru\u010duju iz Koalicije &#8220;Prvi mart&#8221;.<\/p>\n<p>Pozivaju sve gra\u0111ane BiH, one koji su nasilno protjerani iz RS, prognane, protjerane i izbjegle da na idu\u0107im izborima glasaju tamo gdje su \u017eivjeli 1991. i tako poka\u017eu \u0161ta misle o politici aparthejda koju vlast provodi u tom entitetu.<\/p>\n<p>(oslobodjenje.ba)<\/p>\n","protected":false},"excerpt":{"rendered":"<p>BiH &#8211; Koalicija &#8220;Prvi mart&#8221; \u017eeli obavijestiti javnost da \u0107e tokom ove sedmice, nakon prikupljanja svih javno dostupnih dokaza, podnijeti krivi\u010dne prijave protiv organizatora ju\u010dera\u0161njeg skupa u Srebrenici, odnosno u Bratuncu &#8211; saop\u0107eno je iz Koalicije &#8220;Prvi mart&#8221;. Kako se navodi u saop\u0107enju, javnost ove zemlje treba da zna da je jedina razlika izme\u0111u ovog [&hellip;]<\/p>\n","protected":false},"author":83,"featured_media":85802,"comment_status":"open","ping_status":"open","sticky":false,"template":"","format":"standard","meta":{"footnotes":""},"categories":[800,2860],"tags":[],"class_list":{"0":"post-85799","1":"post","2":"type-post","3":"status-publish","4":"format-standard","5":"has-post-thumbnail","7":"category-nacija","8":"category-bosna-i-hercegovina-gradovi"},"yoast_head":"<!-- This site is optimized with the Yoast SEO Premium plugin v23.1 (Yoast SEO v24.9) - https:\/\/yoast.com\/wordpress\/plugins\/seo\/ -->\n<title>Prvi mart: Pozivi na pokolj su pravo lice vlasti u RS-u<\/title>\n<meta name=\"robots\" content=\"index, follow, max-snippet:-1, max-image-preview:large, max-video-preview:-1\" \/>\n<link rel=\"canonical\" href=\"https:\/\/sandzakpress.net\/arhiva\/prvi-mart-pozivi-na-pokolj-su-pravo-lice-vlasti-u-rs-u\/\" \/>\n<meta property=\"og:locale\" content=\"bs_BA\" \/>\n<meta property=\"og:type\" content=\"article\" \/>\n<meta property=\"og:title\" content=\"Prvi mart: Pozivi na pokolj su pravo lice vlasti u RS-u\" \/>\n<meta property=\"og:description\" content=\"BiH &#8211; Koalicija &#8220;Prvi mart&#8221; \u017eeli obavijestiti javnost da \u0107e tokom ove sedmice, nakon prikupljanja svih javno dostupnih dokaza, podnijeti krivi\u010dne prijave protiv organizatora ju\u010dera\u0161njeg skupa u Srebrenici, odnosno u Bratuncu &#8211; saop\u0107eno je iz Koalicije &#8220;Prvi mart&#8221;. Kako se navodi u saop\u0107enju, javnost ove zemlje treba da zna da je jedina razlika izme\u0111u ovog [&hellip;]\" \/>\n<meta property=\"og:url\" content=\"https:\/\/sandzakpress.net\/arhiva\/prvi-mart-pozivi-na-pokolj-su-pravo-lice-vlasti-u-rs-u\/\" \/>\n<meta property=\"og:site_name\" content=\"Sand\u017eak PRESS\" \/>\n<meta property=\"article:published_time\" content=\"2013-08-21T16:12:19+00:00\" \/>\n<meta property=\"og:image\" content=\"https:\/\/sandzakpress.net\/arhiva\/wp-content\/uploads\/2013\/08\/prvi-mart-pozivi-na-pokolj-su-pravo-lice-vlasti-u-rsu-300x2081.jpg\" \/>\n\t<meta property=\"og:image:width\" content=\"300\" \/>\n\t<meta property=\"og:image:height\" content=\"208\" \/>\n\t<meta property=\"og:image:type\" content=\"image\/jpeg\" \/>\n<meta name=\"author\" content=\"bosniak\" \/>\n<meta name=\"twitter:card\" content=\"summary_large_image\" \/>\n<meta name=\"twitter:label1\" content=\"Written by\" \/>\n\t<meta name=\"twitter:data1\" content=\"bosniak\" \/>\n\t<meta name=\"twitter:label2\" content=\"Est. reading time\" \/>\n\t<meta name=\"twitter:data2\" content=\"3 minute\" \/>\n<script type=\"application\/ld+json\" class=\"yoast-schema-graph\">{\"@context\":\"https:\/\/schema.org\",\"@graph\":[{\"@type\":\"Article\",\"@id\":\"https:\/\/sandzakpress.net\/arhiva\/prvi-mart-pozivi-na-pokolj-su-pravo-lice-vlasti-u-rs-u\/#article\",\"isPartOf\":{\"@id\":\"https:\/\/sandzakpress.net\/arhiva\/prvi-mart-pozivi-na-pokolj-su-pravo-lice-vlasti-u-rs-u\/\"},\"author\":{\"name\":\"bosniak\",\"@id\":\"https:\/\/sandzakpress.net\/arhiva\/#\/schema\/person\/c8baee722073534b583ea7bdb2e36c02\"},\"headline\":\"Prvi mart: Pozivi na pokolj su pravo lice vlasti u RS-u\",\"datePublished\":\"2013-08-21T16:12:19+00:00\",\"mainEntityOfPage\":{\"@id\":\"https:\/\/sandzakpress.net\/arhiva\/prvi-mart-pozivi-na-pokolj-su-pravo-lice-vlasti-u-rs-u\/\"},\"wordCount\":524,\"commentCount\":0,\"publisher\":{\"@id\":\"https:\/\/sandzakpress.net\/arhiva\/#\/schema\/person\/6e72b67d6e51910a1117b3b483ba20bd\"},\"image\":{\"@id\":\"https:\/\/sandzakpress.net\/arhiva\/prvi-mart-pozivi-na-pokolj-su-pravo-lice-vlasti-u-rs-u\/#primaryimage\"},\"thumbnailUrl\":\"https:\/\/sandzakpress.net\/arhiva\/wp-content\/uploads\/2013\/08\/prvi-mart-pozivi-na-pokolj-su-pravo-lice-vlasti-u-rsu-300x2081.jpg\",\"articleSection\":[\"Nacija\",\"Bosna i Hercegovina\"],\"inLanguage\":\"bs-BA\",\"potentialAction\":[{\"@type\":\"CommentAction\",\"name\":\"Comment\",\"target\":[\"https:\/\/sandzakpress.net\/arhiva\/prvi-mart-pozivi-na-pokolj-su-pravo-lice-vlasti-u-rs-u\/#respond\"]}]},{\"@type\":\"WebPage\",\"@id\":\"https:\/\/sandzakpress.net\/arhiva\/prvi-mart-pozivi-na-pokolj-su-pravo-lice-vlasti-u-rs-u\/\",\"url\":\"https:\/\/sandzakpress.net\/arhiva\/prvi-mart-pozivi-na-pokolj-su-pravo-lice-vlasti-u-rs-u\/\",\"name\":\"Prvi mart: Pozivi na pokolj su pravo lice vlasti u RS-u\",\"isPartOf\":{\"@id\":\"https:\/\/sandzakpress.net\/arhiva\/#website\"},\"primaryImageOfPage\":{\"@id\":\"https:\/\/sandzakpress.net\/arhiva\/prvi-mart-pozivi-na-pokolj-su-pravo-lice-vlasti-u-rs-u\/#primaryimage\"},\"image\":{\"@id\":\"https:\/\/sandzakpress.net\/arhiva\/prvi-mart-pozivi-na-pokolj-su-pravo-lice-vlasti-u-rs-u\/#primaryimage\"},\"thumbnailUrl\":\"https:\/\/sandzakpress.net\/arhiva\/wp-content\/uploads\/2013\/08\/prvi-mart-pozivi-na-pokolj-su-pravo-lice-vlasti-u-rsu-300x2081.jpg\",\"datePublished\":\"2013-08-21T16:12:19+00:00\",\"breadcrumb\":{\"@id\":\"https:\/\/sandzakpress.net\/arhiva\/prvi-mart-pozivi-na-pokolj-su-pravo-lice-vlasti-u-rs-u\/#breadcrumb\"},\"inLanguage\":\"bs-BA\",\"potentialAction\":[{\"@type\":\"ReadAction\",\"target\":[\"https:\/\/sandzakpress.net\/arhiva\/prvi-mart-pozivi-na-pokolj-su-pravo-lice-vlasti-u-rs-u\/\"]}]},{\"@type\":\"ImageObject\",\"inLanguage\":\"bs-BA\",\"@id\":\"https:\/\/sandzakpress.net\/arhiva\/prvi-mart-pozivi-na-pokolj-su-pravo-lice-vlasti-u-rs-u\/#primaryimage\",\"url\":\"https:\/\/sandzakpress.net\/arhiva\/wp-content\/uploads\/2013\/08\/prvi-mart-pozivi-na-pokolj-su-pravo-lice-vlasti-u-rsu-300x2081.jpg\",\"contentUrl\":\"https:\/\/sandzakpress.net\/arhiva\/wp-content\/uploads\/2013\/08\/prvi-mart-pozivi-na-pokolj-su-pravo-lice-vlasti-u-rsu-300x2081.jpg\",\"width\":300,\"height\":208},{\"@type\":\"BreadcrumbList\",\"@id\":\"https:\/\/sandzakpress.net\/arhiva\/prvi-mart-pozivi-na-pokolj-su-pravo-lice-vlasti-u-rs-u\/#breadcrumb\",\"itemListElement\":[{\"@type\":\"ListItem\",\"position\":1,\"name\":\"Home\",\"item\":\"https:\/\/sandzakpress.net\/arhiva\/\"},{\"@type\":\"ListItem\",\"position\":2,\"name\":\"Prvi mart: Pozivi na pokolj su pravo lice vlasti u RS-u\"}]},{\"@type\":\"WebSite\",\"@id\":\"https:\/\/sandzakpress.net\/arhiva\/#website\",\"url\":\"https:\/\/sandzakpress.net\/arhiva\/\",\"name\":\"Sand\u017eak PRESS\",\"description\":\"Prve elektronske novine u Sand\u017eaku\",\"publisher\":{\"@id\":\"https:\/\/sandzakpress.net\/arhiva\/#\/schema\/person\/6e72b67d6e51910a1117b3b483ba20bd\"},\"potentialAction\":[{\"@type\":\"SearchAction\",\"target\":{\"@type\":\"EntryPoint\",\"urlTemplate\":\"https:\/\/sandzakpress.net\/arhiva\/?s={search_term_string}\"},\"query-input\":{\"@type\":\"PropertyValueSpecification\",\"valueRequired\":true,\"valueName\":\"search_term_string\"}}],\"inLanguage\":\"bs-BA\"},{\"@type\":[\"Person\",\"Organization\"],\"@id\":\"https:\/\/sandzakpress.net\/arhiva\/#\/schema\/person\/6e72b67d6e51910a1117b3b483ba20bd\",\"name\":\"Kul\",\"image\":{\"@type\":\"ImageObject\",\"inLanguage\":\"bs-BA\",\"@id\":\"https:\/\/sandzakpress.net\/arhiva\/#\/schema\/person\/image\/\",\"url\":\"https:\/\/secure.gravatar.com\/avatar\/42263f39aa27ac04c43cab85c280eb2e?s=96&d=mm&r=pg\",\"contentUrl\":\"https:\/\/secure.gravatar.com\/avatar\/42263f39aa27ac04c43cab85c280eb2e?s=96&d=mm&r=pg\",\"caption\":\"Kul\"},\"logo\":{\"@id\":\"https:\/\/sandzakpress.net\/arhiva\/#\/schema\/person\/image\/\"}},{\"@type\":\"Person\",\"@id\":\"https:\/\/sandzakpress.net\/arhiva\/#\/schema\/person\/c8baee722073534b583ea7bdb2e36c02\",\"name\":\"bosniak\",\"image\":{\"@type\":\"ImageObject\",\"inLanguage\":\"bs-BA\",\"@id\":\"https:\/\/sandzakpress.net\/arhiva\/#\/schema\/person\/image\/\",\"url\":\"https:\/\/secure.gravatar.com\/avatar\/a04fd330bfe3a36a72a0ad4a6d89fca7?s=96&d=mm&r=pg\",\"contentUrl\":\"https:\/\/secure.gravatar.com\/avatar\/a04fd330bfe3a36a72a0ad4a6d89fca7?s=96&d=mm&r=pg\",\"caption\":\"bosniak\"},\"url\":\"https:\/\/sandzakpress.net\/arhiva\/author\/bosniak\/\"}]}<\/script>\n<!-- \/ Yoast SEO Premium plugin. -->","yoast_head_json":{"title":"Prvi mart: Pozivi na pokolj su pravo lice vlasti u RS-u","robots":{"index":"index","follow":"follow","max-snippet":"max-snippet:-1","max-image-preview":"max-image-preview:large","max-video-preview":"max-video-preview:-1"},"canonical":"https:\/\/sandzakpress.net\/arhiva\/prvi-mart-pozivi-na-pokolj-su-pravo-lice-vlasti-u-rs-u\/","og_locale":"bs_BA","og_type":"article","og_title":"Prvi mart: Pozivi na pokolj su pravo lice vlasti u RS-u","og_description":"BiH &#8211; Koalicija &#8220;Prvi mart&#8221; \u017eeli obavijestiti javnost da \u0107e tokom ove sedmice, nakon prikupljanja svih javno dostupnih dokaza, podnijeti krivi\u010dne prijave protiv organizatora ju\u010dera\u0161njeg skupa u Srebrenici, odnosno u Bratuncu &#8211; saop\u0107eno je iz Koalicije &#8220;Prvi mart&#8221;. Kako se navodi u saop\u0107enju, javnost ove zemlje treba da zna da je jedina razlika izme\u0111u ovog [&hellip;]","og_url":"https:\/\/sandzakpress.net\/arhiva\/prvi-mart-pozivi-na-pokolj-su-pravo-lice-vlasti-u-rs-u\/","og_site_name":"Sand\u017eak PRESS","article_published_time":"2013-08-21T16:12:19+00:00","og_image":[{"width":300,"height":208,"url":"https:\/\/sandzakpress.net\/arhiva\/wp-content\/uploads\/2013\/08\/prvi-mart-pozivi-na-pokolj-su-pravo-lice-vlasti-u-rsu-300x2081.jpg","type":"image\/jpeg"}],"author":"bosniak","twitter_card":"summary_large_image","twitter_misc":{"Written by":"bosniak","Est. reading time":"3 minute"},"schema":{"@context":"https:\/\/schema.org","@graph":[{"@type":"Article","@id":"https:\/\/sandzakpress.net\/arhiva\/prvi-mart-pozivi-na-pokolj-su-pravo-lice-vlasti-u-rs-u\/#article","isPartOf":{"@id":"https:\/\/sandzakpress.net\/arhiva\/prvi-mart-pozivi-na-pokolj-su-pravo-lice-vlasti-u-rs-u\/"},"author":{"name":"bosniak","@id":"https:\/\/sandzakpress.net\/arhiva\/#\/schema\/person\/c8baee722073534b583ea7bdb2e36c02"},"headline":"Prvi mart: Pozivi na pokolj su pravo lice vlasti u RS-u","datePublished":"2013-08-21T16:12:19+00:00","mainEntityOfPage":{"@id":"https:\/\/sandzakpress.net\/arhiva\/prvi-mart-pozivi-na-pokolj-su-pravo-lice-vlasti-u-rs-u\/"},"wordCount":524,"commentCount":0,"publisher":{"@id":"https:\/\/sandzakpress.net\/arhiva\/#\/schema\/person\/6e72b67d6e51910a1117b3b483ba20bd"},"image":{"@id":"https:\/\/sandzakpress.net\/arhiva\/prvi-mart-pozivi-na-pokolj-su-pravo-lice-vlasti-u-rs-u\/#primaryimage"},"thumbnailUrl":"https:\/\/sandzakpress.net\/arhiva\/wp-content\/uploads\/2013\/08\/prvi-mart-pozivi-na-pokolj-su-pravo-lice-vlasti-u-rsu-300x2081.jpg","articleSection":["Nacija","Bosna i Hercegovina"],"inLanguage":"bs-BA","potentialAction":[{"@type":"CommentAction","name":"Comment","target":["https:\/\/sandzakpress.net\/arhiva\/prvi-mart-pozivi-na-pokolj-su-pravo-lice-vlasti-u-rs-u\/#respond"]}]},{"@type":"WebPage","@id":"https:\/\/sandzakpress.net\/arhiva\/prvi-mart-pozivi-na-pokolj-su-pravo-lice-vlasti-u-rs-u\/","url":"https:\/\/sandzakpress.net\/arhiva\/prvi-mart-pozivi-na-pokolj-su-pravo-lice-vlasti-u-rs-u\/","name":"Prvi mart: Pozivi na pokolj su pravo lice vlasti u RS-u","isPartOf":{"@id":"https:\/\/sandzakpress.net\/arhiva\/#website"},"primaryImageOfPage":{"@id":"https:\/\/sandzakpress.net\/arhiva\/prvi-mart-pozivi-na-pokolj-su-pravo-lice-vlasti-u-rs-u\/#primaryimage"},"image":{"@id":"https:\/\/sandzakpress.net\/arhiva\/prvi-mart-pozivi-na-pokolj-su-pravo-lice-vlasti-u-rs-u\/#primaryimage"},"thumbnailUrl":"https:\/\/sandzakpress.net\/arhiva\/wp-content\/uploads\/2013\/08\/prvi-mart-pozivi-na-pokolj-su-pravo-lice-vlasti-u-rsu-300x2081.jpg","datePublished":"2013-08-21T16:12:19+00:00","breadcrumb":{"@id":"https:\/\/sandzakpress.net\/arhiva\/prvi-mart-pozivi-na-pokolj-su-pravo-lice-vlasti-u-rs-u\/#breadcrumb"},"inLanguage":"bs-BA","potentialAction":[{"@type":"ReadAction","target":["https:\/\/sandzakpress.net\/arhiva\/prvi-mart-pozivi-na-pokolj-su-pravo-lice-vlasti-u-rs-u\/"]}]},{"@type":"ImageObject","inLanguage":"bs-BA","@id":"https:\/\/sandzakpress.net\/arhiva\/prvi-mart-pozivi-na-pokolj-su-pravo-lice-vlasti-u-rs-u\/#primaryimage","url":"https:\/\/sandzakpress.net\/arhiva\/wp-content\/uploads\/2013\/08\/prvi-mart-pozivi-na-pokolj-su-pravo-lice-vlasti-u-rsu-300x2081.jpg","contentUrl":"https:\/\/sandzakpress.net\/arhiva\/wp-content\/uploads\/2013\/08\/prvi-mart-pozivi-na-pokolj-su-pravo-lice-vlasti-u-rsu-300x2081.jpg","width":300,"height":208},{"@type":"BreadcrumbList","@id":"https:\/\/sandzakpress.net\/arhiva\/prvi-mart-pozivi-na-pokolj-su-pravo-lice-vlasti-u-rs-u\/#breadcrumb","itemListElement":[{"@type":"ListItem","position":1,"name":"Home","item":"https:\/\/sandzakpress.net\/arhiva\/"},{"@type":"ListItem","position":2,"name":"Prvi mart: Pozivi na pokolj su pravo lice vlasti u RS-u"}]},{"@type":"WebSite","@id":"https:\/\/sandzakpress.net\/arhiva\/#website","url":"https:\/\/sandzakpress.net\/arhiva\/","name":"Sand\u017eak PRESS","description":"Prve elektronske novine u Sand\u017eaku","publisher":{"@id":"https:\/\/sandzakpress.net\/arhiva\/#\/schema\/person\/6e72b67d6e51910a1117b3b483ba20bd"},"potentialAction":[{"@type":"SearchAction","target":{"@type":"EntryPoint","urlTemplate":"https:\/\/sandzakpress.net\/arhiva\/?s={search_term_string}"},"query-input":{"@type":"PropertyValueSpecification","valueRequired":true,"valueName":"search_term_string"}}],"inLanguage":"bs-BA"},{"@type":["Person","Organization"],"@id":"https:\/\/sandzakpress.net\/arhiva\/#\/schema\/person\/6e72b67d6e51910a1117b3b483ba20bd","name":"Kul","image":{"@type":"ImageObject","inLanguage":"bs-BA","@id":"https:\/\/sandzakpress.net\/arhiva\/#\/schema\/person\/image\/","url":"https:\/\/secure.gravatar.com\/avatar\/42263f39aa27ac04c43cab85c280eb2e?s=96&d=mm&r=pg","contentUrl":"https:\/\/secure.gravatar.com\/avatar\/42263f39aa27ac04c43cab85c280eb2e?s=96&d=mm&r=pg","caption":"Kul"},"logo":{"@id":"https:\/\/sandzakpress.net\/arhiva\/#\/schema\/person\/image\/"}},{"@type":"Person","@id":"https:\/\/sandzakpress.net\/arhiva\/#\/schema\/person\/c8baee722073534b583ea7bdb2e36c02","name":"bosniak","image":{"@type":"ImageObject","inLanguage":"bs-BA","@id":"https:\/\/sandzakpress.net\/arhiva\/#\/schema\/person\/image\/","url":"https:\/\/secure.gravatar.com\/avatar\/a04fd330bfe3a36a72a0ad4a6d89fca7?s=96&d=mm&r=pg","contentUrl":"https:\/\/secure.gravatar.com\/avatar\/a04fd330bfe3a36a72a0ad4a6d89fca7?s=96&d=mm&r=pg","caption":"bosniak"},"url":"https:\/\/sandzakpress.net\/arhiva\/author\/bosniak\/"}]}},"_links":{"self":[{"href":"https:\/\/sandzakpress.net\/arhiva\/wp-json\/wp\/v2\/posts\/85799"}],"collection":[{"href":"https:\/\/sandzakpress.net\/arhiva\/wp-json\/wp\/v2\/posts"}],"about":[{"href":"https:\/\/sandzakpress.net\/arhiva\/wp-json\/wp\/v2\/types\/post"}],"author":[{"embeddable":true,"href":"https:\/\/sandzakpress.net\/arhiva\/wp-json\/wp\/v2\/users\/83"}],"replies":[{"embeddable":true,"href":"https:\/\/sandzakpress.net\/arhiva\/wp-json\/wp\/v2\/comments?post=85799"}],"version-history":[{"count":0,"href":"https:\/\/sandzakpress.net\/arhiva\/wp-json\/wp\/v2\/posts\/85799\/revisions"}],"wp:featuredmedia":[{"embeddable":true,"href":"https:\/\/sandzakpress.net\/arhiva\/wp-json\/wp\/v2\/media\/85802"}],"wp:attachment":[{"href":"https:\/\/sandzakpress.net\/arhiva\/wp-json\/wp\/v2\/media?parent=85799"}],"wp:term":[{"taxonomy":"category","embeddable":true,"href":"https:\/\/sandzakpress.net\/arhiva\/wp-json\/wp\/v2\/categories?post=85799"},{"taxonomy":"post_tag","embeddable":true,"href":"https:\/\/sandzakpress.net\/arhiva\/wp-json\/wp\/v2\/tags?post=85799"}],"curies":[{"name":"wp","href":"https:\/\/api.w.org\/{rel}","templated":true}]}}