{"id":85778,"date":"2013-08-21T09:00:19","date_gmt":"2013-08-21T07:00:19","guid":{"rendered":"https:\/\/sandzakpress.net\/arhiva\/?p=85778"},"modified":"2013-08-21T17:48:39","modified_gmt":"2013-08-21T15:48:39","slug":"bosnjaci-kao-ramazanski-mravi","status":"publish","type":"post","link":"https:\/\/sandzakpress.net\/arhiva\/bosnjaci-kao-ramazanski-mravi\/","title":{"rendered":"Bo\u0161njaci kao ramazanski mravi"},"content":{"rendered":"<figure style=\"width: 200px\" class=\"wp-caption alignleft\"><img loading=\"lazy\" decoding=\"async\" alt=\"\" src=\"http:\/\/2.bp.blogspot.com\/-dvGGxnywR_Q\/T0ggAB6vGII\/AAAAAAAAALU\/SeBGFKqnv_4\/s320\/IMG_1904.JPG\" width=\"200\" height=\"221\" \/><figcaption class=\"wp-caption-text\">Autor: Nazif Horozovi\u0107<\/figcaption><\/figure>\n<p>Kao i pred svaki Ramazan, ljudi se i psihi\u010dki i svakako druga\u010dije pripremaju za Ramazan. Pa i oni koji ne poste i kojima Ramazan ni\u0161ta ne zna\u010di, i oni barem komentari\u0161u dolazak tog najodabranijeg mjeseca u godini i najposebnijeg perioda u kome se kroz razne aktivnosti i djela slavi Allah, d\u017e.\u0161. Tako je bilo i ove 1434. hid\u017eretske godine. Najvi\u0161e komentara je izazvala \u010dinjenica da je dan dug, da je ljetni period i da \u0107e se te\u0161ko postiti. Isto tako, dobar dio klanja\u010da je pri\u017eeljkivao mi\u0161ljenje Rijaseta IZ-e da se teravija i zvani\u010dno klanja osam rekata.<\/p>\n<p>Sa druge strane, sa neopisivom sjetom sam promatrao obilje\u017eavanje Ramazana u Turskoj i nekim arapskim zemljama. Posebno me fascinirao primjer iz jednog turskog grada gdje se kompletna glavna gradska ulica bila prostrta stolovima i stolicama u jedan red, gdje su stanovnici tog grada i ulice iftarili zajedno da bi se bolje upoznali i da bi proveli zajedno mubarek trenutke iftara. Policija je u tom istom gradu umjesto kazni i klasi\u010dnih kontrola, \u0161to je njen posao, u kasne sate dijelila sehure voza\u010dima, koji nisu krili svoje odu\u0161evljenje i zadovoljstvo.<\/p>\n<p>Na samom po\u010detku mjeseca Ramazana Bo\u0161njaci su stidljivo pokazivali svoj vjerski identitet i kao da su se prepali Ramazana i \u0161ejtanovih do\u0161aptavanja prije Ramazana da \u0107e biti veoma te\u0161ko i postiti i klanjati i biti pokoran ove godine. Me\u0111utim, odjednom je ne\u0161to \u201epuklo\u201c me\u0111u Bo\u0161njacima i sve je za\u017eivjelo. Ramazanski dani su bili osvje\u017eavaju\u0107i za mnoge posta\u010de, osim onih posta\u010da koji su radili veoma te\u0161ke i iscrpne poslove, a no\u0107i su bile blagoslovljene i posebno inspirativne. Odjednom su na\u0161i trgovi i javna mjesta postali popri\u0161te iftara, namaza i javnih okupljanja poslije teravih namaza. Mnogim turistima je Ramazan u Bosni i Hercegovini postao pravi merak i lijepo su se osje\u0107ali posmatraju\u0107i razne aktivnosti bh muslimana.<\/p>\n<p><b><\/b><\/p>\n<p><center><b>Ramazanski namaz i u\u010denje Kur'ana<\/b><\/center><br \/>\nBilo je primjetno da se u skoro u svim d\u017eamijama u BiH broj klanja\u010da u dnevnim namazima i teravih-namazima pove\u0107ao i da je broj vjernika na mukabelama bio u porastu u pore\u0111enju sa pro\u0161lim godinama. Razloga je mnogo; godi\u0161nji odmori, \u0161kolski raspusti, dolazak bh dijaspore&#8230; ali i pored ovoga, ja duboko vjerujem i imam za to dokaze da su i Bo\u0161njaci koji \u017eive u svojoj domovini ove godine bili aktivniji na namazima i mukabelama. Neke d\u017eamije i mukabele koje sam posje\u0107ivao nisam gledao samo ona ista lica od pro\u0161le godine, ve\u0107 i neka nova lica koja su posebno zra\u010dila. Na teravih-namazima je bio lijep odziv, pogotovo u ve\u0107im gradovima. Mukabela je bosanski duhovni proizvod kojeg ne nalazimo u drugim muslimanskim zemljama na ovakav na\u010din ili barem meni nije poznato. Pogotovo je pozitivno u svemu ovome da se svake godine inovira i \u010dini zanimljivijim sve \u0161to se nudi vjernicima za vrijeme mukabele. Tako imamo gradske mukabele; travni\u010dka, sarajevska, zeni\u010dka&#8230; Imamo hafiske mukabele koju u\u010de samo hafizi \u010casnog Kur'ana u skoro svakom ve\u0107em gradu u BiH od Biha\u0107a preko Travnika, Zenice, Tuzle, Sarajeva, Mostara i drugih gradova. Imamo tzv. \u017eenske mukabele na kojima samo prisustvuju \u017eene; \u017eene u\u010de i slu\u0161aju u\u010denje Kur'ana. Isto tako postoje mukabele nakon tri namaska vakta; sabahska mukabela (najpoznatija je u Begovoj d\u017eamiji u Sarajevu), podnevska i ikindjska mukabela. Ono \u0161to, tako\u0111er, za\u017eivljava jeste tzv. dje\u010dija mukabela gdje su u\u010desnici te mukabele djeca i polaznici mekteba. Za mene li\u010dno, najljep\u0161i do\u017eivljaj mukabele je ona kod hafiza Sulejmana Bugarija u Bijeloj d\u017eamiji u Sarajevu, koji prou\u010dene ajete iz Kur'ana protuma\u010di i objasni na sebi svojstven na\u010din. Te mukabele su pune pozitivizma, poleta, iskrenosti, vjere, elana, energije i svega \u0161to nama danas treba. Da, one traju nekada i po dva sata, ali su odmor za du\u0161u u svakom smislu. Zadnji dan mukabele je i dova koja posebno razgaljuje srca i du\u0161e.<\/p>\n<table width=\"600\" border=\"0\" cellspacing=\"0\" cellpadding=\"5\" align=\"center\" bgcolor=\"Gainsboro\">\n<tbody>\n<tr>\n<td align=\"left\"><center><img decoding=\"async\" alt=\"\" src=\"http:\/\/www.bosnjaci.net\/foto\/Ucenje_Kurana232.jpg\" width=\"600\" border=\"0\" \/><\/center><\/td>\n<\/tr>\n<\/tbody>\n<\/table>\n<p>Bilje\u017ei se u jednoj predaji da je Allahov Poslanik, a.s., do\u0161ao i vidio grupu ashaba okupljenih u d\u017eamiji, pa ih upita: Za\u0161to ste se okupili? Da spominjemo Allaha i zahvaljujemo Mu! \u2013 odgovori\u0161e. Muhammed, a.s., im na to re\u010de: \u201eSada mi je do\u0161ao D\u017eibril, a.s., i obavijestio me da se Allah, d\u017e.\u0161., s vama ponosi pred melekima.\u201c Oni koji u\u010de Kur'an i koji ga ne u\u010de, razlika izme\u0111u njih je kao razlika izme\u0111u \u017eivog i mrtvog \u010dovjeka, a u\u010denje Kur'ana u na\u0161im ku\u0107ama je poput svjetiljki na nebesima. Sve su ovo razli\u010dite predaje o vrijednostima u\u010denja Kur'ana. Ono \u0161to mene posebno zadivljuje i raduje jeste da je na\u0161a velika ku\u0107a zvana Bosna i Hercegovina u mjesecu Ramazanu svijetlila Kur'anom, mirisala na Kur'an i bila \u017eiva s Kur'anom. Allah, d\u017e.\u0161., ne\u0107e zaboraviti ni ku\u0107u ni uku\u0107ane koji se dru\u017ee s Kur'anom, a u ovom slu\u010daju je to ova zemlja i njeni stanovnici. Zar nismo primijetili koliko je zlo negativizma i podjele bilo manje u Ramazanu? Nekako je ja\u010dina i snaga Kur'ana u\u0161utila brbljivce i one koji su mo\u017eda i htjeli vjernicima pokvariti ugodne trenutke u\u010denja i slu\u0161anja Kur'ana.<\/p>\n<p><b><\/b><\/p>\n<p><center><b>Bo\u0161nja\u010dki iftari<\/b><\/center><br \/>\nOva godina Ramazana je bila prepoznatljiva po iftarima na kojima su se ljudi sretali, dru\u017eili i posebno ugodno osje\u0107ali. To su uglavnom bili iftari na otvorenom i sa velikim brojem ljudi. Od iftara koji su bili na ulicama gradova, javnim trgovima, dvori\u0161tima d\u017eamija i drugih privatnih i javnih ustanova. Gradovi sa ve\u0107inskim Bo\u0161nja\u010dkim \u017eivljem bi zanijemili u vrijeme iftara.<\/p>\n<table width=\"600\" border=\"0\" cellspacing=\"0\" cellpadding=\"5\" align=\"center\" bgcolor=\"Gainsboro\">\n<tbody>\n<tr>\n<td align=\"left\"><center><img decoding=\"async\" alt=\"\" src=\"http:\/\/www.bosnjaci.net\/foto\/Iftar_Bihac_BNFSBK.jpg\" width=\"600\" border=\"0\" \/><br \/>\nIftar u Biha\u0107u<\/center><\/td>\n<\/tr>\n<\/tbody>\n<\/table>\n<p>Iftari koje su prire\u0111ivale nevladine organizacije i bo\u0161nja\u010dki pokreti. Svjetski bo\u0161nja\u010dki kongres (SBK) i Bo\u0161nja\u010dka nacionalna fondacija (BNF) su organizirali veoma posje\u0107ene i ugodne iftare u biranim gradovima gdje Bo\u0161njaci \u017eive. Zagreb, Biha\u0107, Srebrenica, Sarajevo, Plav, Prizren, Skoplje, Sjenica, Novi Pazar i dr. posebno je bilo lijepo pratiti de\u0161avanja me\u0111u Bo\u0161njacima na Kosovu i Makedoniji, koji su bili obradovani posjetom dragih gosta dr. Mustafom ef. Ceri\u0107em i muftijom Muamer ef. Zukorli\u0107em. Uo\u010di iftara u Srebrenici, zakopan je kamen temeljac Bo\u0161nja\u010dkom kulturnom centru u Srebrenici, gdje \u0107e ve\u0107inski investitor biti Me\u0161ihat IZ-e u Srbiji i Bo\u0161njaci iz Sand\u017eaka.<\/p>\n<p>Na\u0161a bra\u0107a iz Turske, ta\u010dnije op\u0107ina Bajrampa\u0161a je i ove godine u sklopu projekta \u201eRamazan na Balkanu\u201c organizirala konvoj koji je putovao od op\u0107ine do op\u0107ine u nekoliko gradova BiH i susjednih zemalja i priredio nekoliko nezaboravnih iftara. Jedan od tih je i iftar pred zgradom Vije\u0107nice u Sarajevu gdje je prema pisanjima medija bilo oko tri hiljade ljudi. Isto tako, ambasada Kraljevine Saudijske Arabije je organizira nekoliko omladinskih iftara po BiH.<\/p>\n<p>Omladinski iftari su bili posebno dragocjeni u ovom Ramazanu. Slike sa tih iftara su bile tako upe\u010datljive i jake da su svakog dobronamjernog \u010dovjeka ostavljale bez komentara. Ta mlada, neiskvarena, neuprljana lica su sa osmjehom i licima punim nade i optimizma do\u010dekivali iftare zajedno. Omladinski iftar u dvori\u0161tu Istiklal d\u017eamije u Sarajevu, u Bosanskoj Dubici, na Islamskom pedago\u0161kom fakultetu u Biha\u0107u, Behram-begovoj medresi u Tuzli, Ilija\u0161u, u haremu Bijele D\u017eamije u Visokom, u Te\u0161nju, Prozoru, Mostaru i drugim bh gradovima. Takvi iftari bi bili popra\u0107eni prigodnim vaz-i-nasihatima, sportskim aktivnostima, u\u010denjem Kur'ana, izvo\u0111enjem ilahija itd. dru\u017eenja bi se zavr\u0161avala uz zajedni\u010dko klanjanje sabah namaza.<\/p>\n<table width=\"600\" border=\"0\" cellspacing=\"0\" cellpadding=\"5\" align=\"center\" bgcolor=\"Gainsboro\">\n<tbody>\n<tr>\n<td align=\"left\"><center><img decoding=\"async\" alt=\"\" src=\"http:\/\/www.bosnjaci.net\/foto\/Plav_Iftar_29_juli_2013_10.jpg\" width=\"600\" border=\"0\" \/><br \/>\nIftar u Plavu<\/center><\/td>\n<\/tr>\n<\/tbody>\n<\/table>\n<p>Za mene je veoma pozitivna pojava da su neke politi\u010dke stranke organizirale iftare za velike mase. Da, ne\u0107emo ulaziti u namjere organizatora, ali smatram da sve \u0161to je dobro i pohvalno treba podr\u017eati i poticati, bez obzira ko to radio iskreno, a ko u ime nekih ovosvjetskih motiva. Fasciniraju\u0107i je iftar na centralnom trgu u Visokom, gdje je prisustvovalo skoro tri hiljade ljudi, iftar u Cazinu na kome je bilo oko dvije hiljade ljudi, u Sarajevu, Travniku, Zenici, Mostaru, Tuzli i drugim gradovima.<\/p>\n<p>Iftari za posebne zvanice i za obi\u010dne ljude bili su dio na\u0161e Bo\u0161nja\u010dke svakodnevnice, hvala Allahu. Ono \u0161to me je zadivilo jeste da je prvi \u010dovjek Islamske zajednice reisu-l-ulema Husein ef. Kavazovi\u0107 imao dva iftara koja je \u017eelio posebno ista\u0107i. To su iftari u Banjaluci i Fo\u010di. Ta dva hrama bo\u0161nja\u010dke kulture gdje su usljed agresije postali manjinski gradovi u kojima \u017eive Bo\u0161njaci. To je primjer hvale vrijedan, jer organizirati iftar u Sarajevu, Tuzli, Zenici ili Biha\u0107u za reisu-l-ulemu nije nikakav poseban doga\u0111aj. Poseban doga\u0111aj je napravio upravo u ova dva grada da po\u0161alje jasnu i nedvosmislenu poruku: Bo\u0161njaci nisu odustali ni od Banjaluke i njene Ferhadije, ni od Fo\u010de i njene Alad\u017ee.<\/p>\n<p>Pozivam vas da se samo zamislite i sebi predstavite koli\u010dinu koncentracije Bo\u017eije milosti na iftarima \u0161irom Bosne i Hercegovine. Koliko je se hair-dova prou\u010dilo, iskrenih selama nazvalo, lijepih emocija razmijenilo. Zar stvarno mislite da su ovogodi\u0161nji Bo\u0161nja\u010dki iftari kod Allaha besmisleni i neva\u017eni?! Da li neko ima hrabrosti da tako misli?!<\/p>\n<p><b><\/b><\/p>\n<p><center><b>No\u0107ni namazi i mubarek no\u0107i<\/b><\/center><br \/>\nOno \u0161to u posljednjim godinama prerasta u tradiciju i bh muslimana jesu no\u0107ni namazi u vrijeme Ramazanskih no\u0107i i mimo njih. Posebno se to isti\u010de u zadnjih deset no\u0107i. Ove godine je to bilo posebno lijepo. Prizori sa raznih zajedni\u010dkih namaza koji su zabilje\u017eeni su fascinantni.<\/p>\n<p>Posebno je bilo lijepo za 27. no\u0107 kada su i prolazni putevi ispred d\u017eamija bili blokirani klanja\u010dima. Kroz Ba\u0161\u010dar\u0161iju se nije moglo pro\u0107i, jer d\u017eamija i harem Begove d\u017eamije su bili premali da prime sve one koji su tu no\u0107 do\u0161li na teravih-namaz i program uprili\u010den povodom te no\u0107i, pa je jedan dio vjernika klanjao na ulici ispred Begove d\u017eamije. Svaku ve\u010der je jedan broj turista stajao ispred d\u017eamije i promatrao namaz u toj d\u017eamiji, a bilo je i primjera kada se ljudi nisu mogli oteti tom prelijepom dojmu, pa su pristupali namazu, iako prethodno nisu imali namjeru obaviti namaz niti su ikada prije obavljali bilo kakav namaz osim bajrama.<\/p>\n<table width=\"600\" border=\"0\" cellspacing=\"0\" cellpadding=\"5\" align=\"center\" bgcolor=\"Gainsboro\">\n<tbody>\n<tr>\n<td align=\"left\"><center><img decoding=\"async\" alt=\"\" src=\"http:\/\/www.bosnjaci.net\/foto\/Nocni_namaz_u_Novom_Pazaru_august_2013bb.jpg\" width=\"600\" border=\"0\" \/><br \/>\nCijeli Novi Pazar na sed\u017edi<\/center><\/td>\n<\/tr>\n<\/tbody>\n<\/table>\n<p>Fascinantno je bilo i u Novom Pazaru, gdje je nekoliko desetina hiljada ljudi ispunilo trg Gazi Isa-beg Ishakovi\u0107 i klanjali no\u0107ni namaz. Slike sa tog no\u0107nog namaza su obi\u0161le svijet, ali i dale jedan sna\u017ean pe\u010dat snazi vjere koja vlada me\u0111u Bo\u0161njacima u Sand\u017eaku.<\/p>\n<p>U Biha\u0107u je sedmu godinu za redom uprili\u010den cijelono\u0107ni program u dvori\u0161tu Islamskog pedago\u0161kog fakulteta gdje je veliki broj, do ove godine nezapam\u0107en, prisustvovao cijelono\u0107nom programu kroz no\u0107ni namaz, u\u010denje Kur'ana i zikr.<\/p>\n<p>Nema gdje nije bilo puno, radosno i lijepo. U\u010denje Kur'ana, prigodni vaz-i-nasihati, ilahije, zikr, namaz i dru\u017eenja su obilje\u017eile ovaj Ramazan, a posebno 27. no\u0107. \u201eNamaz je nur &#8211; svjetlost\u201c kako ka\u017ee na\u0161 Miljenik, a.s., pa vas sviju pozivam da razmislite, dragi \u010ditatelji, koliko je nura ovaj Ramazan unio u na\u0161a srca, du\u0161e, lica, pa i na\u0161e ulice, trgove, dvori\u0161ta i d\u017eamije?! S koliko je nura obasjao ovu na\u0161u zemlju u kojoj \u017eivimo. Zar mislite da je to bezna\u010dajno ili potpuno nebitno? Nemojte tako misliti, jer je nur dar Bo\u017eiji darovan posebnim Njegovim stvorenjima, a ove godine, ubije\u0111en sam, Bo\u0161njaci su bili posebno darivani ovim nurom, jer se to osjetilo u svakom uzdahu, pogledu i treptaju oka.<\/p>\n<p><b><\/b><\/p>\n<p><center><b>Mediji kroz Ramazan<\/b><\/center><br \/>\nOve godine je i Ramazanski program bio veoma \u0161arolik, interesantan i koristan. Da, bilo je ponavljanja, iritantnih nastupa, neprosfesionalizma&#8230; ali je bilo dosta ljubavi, ljepote i dobrote u Ramazanskom programu. Gotovo sam siguran da je kod ve\u0107ine doma\u0107instava prije samog iftara i u toku njega bio upaljen radio ili televizija, gdje su se slu\u0161ali i gledali Ramazanski programi.<\/p>\n<p>Posebno su bili zna\u010dajni i hvale vrijedni prilozi o Ramazanu u Sarajevu i BiH iz perspektive stranih novinskih ku\u0107a i agencija. Posebno mi se dojmilo predstavljanje Ramazana u Sarajevu agencije Tanjug, gdje na\u0161i isto\u010dni susjedi veoma pozitivno i afirmativno govore o Ramazanskom duhu u Sarajevu. Isto tako, agencija Anadolija je obi\u0161la rudare posta\u010de, povratni\u010dke d\u017eemate i pravila pri\u010de o obi\u010dajima muslimana u BiH u Ramazanu.<\/p>\n<table width=\"600\" border=\"0\" cellspacing=\"0\" cellpadding=\"5\" align=\"center\" bgcolor=\"Gainsboro\">\n<tbody>\n<tr>\n<td align=\"left\"><center><img decoding=\"async\" alt=\"\" src=\"http:\/\/www.bosnjaci.net\/foto\/Ramazan_rudari.jpg\" width=\"600\" border=\"0\" \/><br \/>\nRudari posta\u010di<\/center><\/td>\n<\/tr>\n<\/tbody>\n<\/table>\n<p>Ramazanski savjeti, vaz-i-nasihati, ilahije, recitali, \u017eivotna iskustva, kulinarski recepti i drugi detalji su obilje\u017eili Ramazanski program na medijima u BiH. Kao i svake godine, Javni servisi su bili ti koji su najmanje vodili brigu o Ramazanu. FTV je imala sehurski program od sat i ne\u0161to prije sabaha i to su bile samo reprizni prilozi i reporta\u017ee od prethodnih godina, dok dr\u017eavna BHT1 i RTRS nisu imali apsolutno nikakvog Ramazanskog programa izuzmemo li prijenos programa 27. no\u0107i iz Begove d\u017eamije u Sarajevu.<\/p>\n<p><b><\/b><\/p>\n<p><center><b>A povratnici?<\/b><\/center><br \/>\nOno \u0161to ove godine nismo polo\u017eili u Ramazanu jeste sinhronizovana i planirana masovna posjeta na\u0161im povratni\u010dkim d\u017eematima. Ako smo imali prilike posjetiti povratni\u010dke d\u017eemate, posebno po RS-u, primijetili smo da odudaraju od onih u F BiH. Mali broj ljudi, uglavnom starijih, nikakvi posebni programi, sivilo i tamnina se nadvila na na\u0161im povratni\u010dkim d\u017eematima. Posebno ih je obasjavala radost kada im u goste do\u0111e nekoliko ljudi i napuni im prvi saff. Tada su se osje\u0107ali posebno va\u017eno i zna\u010dajno. Smatram da bi muftijstva IZ-e sa sjedi\u0161tem u F BiH trebali pripremiti poseban program posjeta d\u017eematima i med\u017elisima sa velikim brojem gostiju, da se ode u povratni\u010dke d\u017eemate, da se naprave zajedni\u010dki iftari i postiftarski programi, da ti ljudi osjete da mislimo na njih i u ovom lijepo mjesecu. Prelijep ambijent ove godine je priredio Med\u017elis IZ-e Sarajevu u Kolobari-hanu sa hafizom Sulejmanom Bugarijem i njegovim gostima. Me\u0111utim, zamislite da deset takvih programa organizujemo u Fo\u010di, Vi\u0161egradu, Rogatici, Srebrenici, Doboju, Prijedoru, Kozarcu, Livnu, Stocu i drugim gradovima u kojima su Bo\u0161njaci manjina, kakvu bi radost priredili na\u0161oj bra\u0107i i sestrama u povratni\u010dkim d\u017eematima.<\/p>\n<table width=\"600\" border=\"0\" cellspacing=\"0\" cellpadding=\"5\" align=\"center\" bgcolor=\"Gainsboro\">\n<tbody>\n<tr>\n<td align=\"left\"><center><img decoding=\"async\" alt=\"\" src=\"http:\/\/www.bosnjaci.net\/foto\/aladza_kavazovic_prvi_iftar_4.august_2013_namaz1.jpg\" width=\"600\" border=\"0\" \/><br \/>\nIftar i teravija na temeljima Alad\u017ee d\u017eamije<\/center><\/td>\n<\/tr>\n<\/tbody>\n<\/table>\n<p><b><\/b><\/p>\n<p><center><b>To su ti mravi&#8230;<\/b><\/center><br \/>\nOvim tekstom \u017eelim samo potvrditi osje\u0107aj, da je ovo jedan od najljep\u0161ih Ramazana u mom \u017eivotu i ni malo ne sumnjam da \u0107e idu\u0107i, ako Bog da, biti jo\u0161 ljep\u0161i. Ono \u0161to \u010dini Ramazan lijepim su namazi u d\u017eematu, u\u010denje Kur'ana i mukabele, no\u0107ni namazi, zajedni\u010dki iftari i pozitivna atmosfera koja dominira tim aktivnostima. Posebno mi je zna\u010dajno promatrati Bo\u0161njake koji su poput vrijednih mrava marljivo radili i koristili blagodati ovog blagoslovljenog mjeseca. Kada bi nam se omogu\u0107ilo da se uzdignemo iznad BiH, mogli bi se u to i uvjeriti. Neko tr\u010di i priprema iftar, neko hiti na namaz, neko u\u010di i slu\u0161a u\u010denje Kur'ana, neko slu\u0161a vaz, neko poma\u017ee nekome&#8230; kako li je lijep taj rad u ime Allaha, koji je, barem privremeno, u sjenu stavio sve na\u0161e razlike, podjele i nesuglasice, te sve na\u0161e anomalije i probleme sa kojima \u017eivimo. Kako li je samo srcu drago kada se uvjeri u prisutnost Bo\u017eije milosti i Njegove nepregledne dobrote na koju nam ukazuje i dariva nas njome.<\/p>\n<p>Bo\u0161njaci su u ovom Ramazanu polo\u017eili ispit, a da je tako dokazat \u0107e u oktobru, ako Bog da.<\/p>\n<table width=\"600\" border=\"0\" cellspacing=\"0\" cellpadding=\"5\" align=\"center\" bgcolor=\"Gainsboro\">\n<tbody>\n<tr>\n<td align=\"left\"><center><img decoding=\"async\" alt=\"\" src=\"http:\/\/www.bosnjaci.net\/foto\/Srebrenica_Bosnjacki_kulturni_centar_Kamen_temeljac05.jpg\" width=\"600\" border=\"0\" \/><br \/>\nPolazak na polaganje kamena temeljca za Bo\u0161nja\u010dki kulturni centar u Srebrenici<br \/>\n<img decoding=\"async\" alt=\"\" src=\"http:\/\/www.bosnjaci.net\/foto\/Bosnjacki_kulturni_centar_u_Srebrenici_22.jpg\" width=\"600\" border=\"0\" \/><\/center>&nbsp;<\/td>\n<\/tr>\n<\/tbody>\n<\/table>\n","protected":false},"excerpt":{"rendered":"<p>Nazif Horozovi\u0107<\/p>\n","protected":false},"author":83,"featured_media":85780,"comment_status":"open","ping_status":"open","sticky":false,"template":"","format":"standard","meta":{"footnotes":""},"categories":[10196],"tags":[10325],"class_list":{"0":"post-85778","1":"post","2":"type-post","3":"status-publish","4":"format-standard","5":"has-post-thumbnail","7":"category-iz-pera-nasih-autora","8":"tag-nazif-horozovic"},"yoast_head":"<!-- This site is optimized with the Yoast SEO Premium plugin v23.1 (Yoast SEO v24.9) - https:\/\/yoast.com\/wordpress\/plugins\/seo\/ -->\n<title>Bo\u0161njaci kao ramazanski mravi<\/title>\n<meta name=\"robots\" content=\"index, follow, max-snippet:-1, max-image-preview:large, max-video-preview:-1\" \/>\n<link rel=\"canonical\" href=\"https:\/\/sandzakpress.net\/arhiva\/bosnjaci-kao-ramazanski-mravi\/\" \/>\n<meta property=\"og:locale\" content=\"bs_BA\" \/>\n<meta property=\"og:type\" content=\"article\" \/>\n<meta property=\"og:title\" content=\"Bo\u0161njaci kao ramazanski mravi\" \/>\n<meta property=\"og:description\" content=\"Nazif Horozovi\u0107\" \/>\n<meta property=\"og:url\" content=\"https:\/\/sandzakpress.net\/arhiva\/bosnjaci-kao-ramazanski-mravi\/\" \/>\n<meta property=\"og:site_name\" content=\"Sand\u017eak PRESS\" \/>\n<meta property=\"article:published_time\" content=\"2013-08-21T07:00:19+00:00\" \/>\n<meta property=\"article:modified_time\" content=\"2013-08-21T15:48:39+00:00\" \/>\n<meta property=\"og:image\" content=\"https:\/\/sandzakpress.net\/arhiva\/wp-content\/uploads\/2013\/08\/IMG_1904.jpg\" \/>\n\t<meta property=\"og:image:width\" content=\"200\" \/>\n\t<meta property=\"og:image:height\" content=\"221\" \/>\n\t<meta property=\"og:image:type\" content=\"image\/jpeg\" \/>\n<meta name=\"author\" content=\"bosniak\" \/>\n<meta name=\"twitter:card\" content=\"summary_large_image\" \/>\n<meta name=\"twitter:label1\" content=\"Written by\" \/>\n\t<meta name=\"twitter:data1\" content=\"bosniak\" \/>\n\t<meta name=\"twitter:label2\" content=\"Est. reading time\" \/>\n\t<meta name=\"twitter:data2\" content=\"13 minuta\" \/>\n<script type=\"application\/ld+json\" class=\"yoast-schema-graph\">{\"@context\":\"https:\/\/schema.org\",\"@graph\":[{\"@type\":\"Article\",\"@id\":\"https:\/\/sandzakpress.net\/arhiva\/bosnjaci-kao-ramazanski-mravi\/#article\",\"isPartOf\":{\"@id\":\"https:\/\/sandzakpress.net\/arhiva\/bosnjaci-kao-ramazanski-mravi\/\"},\"author\":{\"name\":\"bosniak\",\"@id\":\"https:\/\/sandzakpress.net\/arhiva\/#\/schema\/person\/c8baee722073534b583ea7bdb2e36c02\"},\"headline\":\"Bo\u0161njaci kao ramazanski mravi\",\"datePublished\":\"2013-08-21T07:00:19+00:00\",\"dateModified\":\"2013-08-21T15:48:39+00:00\",\"mainEntityOfPage\":{\"@id\":\"https:\/\/sandzakpress.net\/arhiva\/bosnjaci-kao-ramazanski-mravi\/\"},\"wordCount\":2687,\"commentCount\":0,\"publisher\":{\"@id\":\"https:\/\/sandzakpress.net\/arhiva\/#\/schema\/person\/6e72b67d6e51910a1117b3b483ba20bd\"},\"image\":{\"@id\":\"https:\/\/sandzakpress.net\/arhiva\/bosnjaci-kao-ramazanski-mravi\/#primaryimage\"},\"thumbnailUrl\":\"https:\/\/sandzakpress.net\/arhiva\/wp-content\/uploads\/2013\/08\/IMG_1904.jpg\",\"keywords\":[\"Nazif Horozovi\u0107\"],\"articleSection\":[\"Iz pera na\u0161ih autora\"],\"inLanguage\":\"bs-BA\",\"potentialAction\":[{\"@type\":\"CommentAction\",\"name\":\"Comment\",\"target\":[\"https:\/\/sandzakpress.net\/arhiva\/bosnjaci-kao-ramazanski-mravi\/#respond\"]}]},{\"@type\":\"WebPage\",\"@id\":\"https:\/\/sandzakpress.net\/arhiva\/bosnjaci-kao-ramazanski-mravi\/\",\"url\":\"https:\/\/sandzakpress.net\/arhiva\/bosnjaci-kao-ramazanski-mravi\/\",\"name\":\"Bo\u0161njaci kao ramazanski mravi\",\"isPartOf\":{\"@id\":\"https:\/\/sandzakpress.net\/arhiva\/#website\"},\"primaryImageOfPage\":{\"@id\":\"https:\/\/sandzakpress.net\/arhiva\/bosnjaci-kao-ramazanski-mravi\/#primaryimage\"},\"image\":{\"@id\":\"https:\/\/sandzakpress.net\/arhiva\/bosnjaci-kao-ramazanski-mravi\/#primaryimage\"},\"thumbnailUrl\":\"https:\/\/sandzakpress.net\/arhiva\/wp-content\/uploads\/2013\/08\/IMG_1904.jpg\",\"datePublished\":\"2013-08-21T07:00:19+00:00\",\"dateModified\":\"2013-08-21T15:48:39+00:00\",\"breadcrumb\":{\"@id\":\"https:\/\/sandzakpress.net\/arhiva\/bosnjaci-kao-ramazanski-mravi\/#breadcrumb\"},\"inLanguage\":\"bs-BA\",\"potentialAction\":[{\"@type\":\"ReadAction\",\"target\":[\"https:\/\/sandzakpress.net\/arhiva\/bosnjaci-kao-ramazanski-mravi\/\"]}]},{\"@type\":\"ImageObject\",\"inLanguage\":\"bs-BA\",\"@id\":\"https:\/\/sandzakpress.net\/arhiva\/bosnjaci-kao-ramazanski-mravi\/#primaryimage\",\"url\":\"https:\/\/sandzakpress.net\/arhiva\/wp-content\/uploads\/2013\/08\/IMG_1904.jpg\",\"contentUrl\":\"https:\/\/sandzakpress.net\/arhiva\/wp-content\/uploads\/2013\/08\/IMG_1904.jpg\",\"width\":200,\"height\":221},{\"@type\":\"BreadcrumbList\",\"@id\":\"https:\/\/sandzakpress.net\/arhiva\/bosnjaci-kao-ramazanski-mravi\/#breadcrumb\",\"itemListElement\":[{\"@type\":\"ListItem\",\"position\":1,\"name\":\"Home\",\"item\":\"https:\/\/sandzakpress.net\/arhiva\/\"},{\"@type\":\"ListItem\",\"position\":2,\"name\":\"Bo\u0161njaci kao ramazanski mravi\"}]},{\"@type\":\"WebSite\",\"@id\":\"https:\/\/sandzakpress.net\/arhiva\/#website\",\"url\":\"https:\/\/sandzakpress.net\/arhiva\/\",\"name\":\"Sand\u017eak PRESS\",\"description\":\"Prve elektronske novine u Sand\u017eaku\",\"publisher\":{\"@id\":\"https:\/\/sandzakpress.net\/arhiva\/#\/schema\/person\/6e72b67d6e51910a1117b3b483ba20bd\"},\"potentialAction\":[{\"@type\":\"SearchAction\",\"target\":{\"@type\":\"EntryPoint\",\"urlTemplate\":\"https:\/\/sandzakpress.net\/arhiva\/?s={search_term_string}\"},\"query-input\":{\"@type\":\"PropertyValueSpecification\",\"valueRequired\":true,\"valueName\":\"search_term_string\"}}],\"inLanguage\":\"bs-BA\"},{\"@type\":[\"Person\",\"Organization\"],\"@id\":\"https:\/\/sandzakpress.net\/arhiva\/#\/schema\/person\/6e72b67d6e51910a1117b3b483ba20bd\",\"name\":\"Kul\",\"image\":{\"@type\":\"ImageObject\",\"inLanguage\":\"bs-BA\",\"@id\":\"https:\/\/sandzakpress.net\/arhiva\/#\/schema\/person\/image\/\",\"url\":\"https:\/\/secure.gravatar.com\/avatar\/42263f39aa27ac04c43cab85c280eb2e?s=96&d=mm&r=pg\",\"contentUrl\":\"https:\/\/secure.gravatar.com\/avatar\/42263f39aa27ac04c43cab85c280eb2e?s=96&d=mm&r=pg\",\"caption\":\"Kul\"},\"logo\":{\"@id\":\"https:\/\/sandzakpress.net\/arhiva\/#\/schema\/person\/image\/\"}},{\"@type\":\"Person\",\"@id\":\"https:\/\/sandzakpress.net\/arhiva\/#\/schema\/person\/c8baee722073534b583ea7bdb2e36c02\",\"name\":\"bosniak\",\"image\":{\"@type\":\"ImageObject\",\"inLanguage\":\"bs-BA\",\"@id\":\"https:\/\/sandzakpress.net\/arhiva\/#\/schema\/person\/image\/\",\"url\":\"https:\/\/secure.gravatar.com\/avatar\/a04fd330bfe3a36a72a0ad4a6d89fca7?s=96&d=mm&r=pg\",\"contentUrl\":\"https:\/\/secure.gravatar.com\/avatar\/a04fd330bfe3a36a72a0ad4a6d89fca7?s=96&d=mm&r=pg\",\"caption\":\"bosniak\"},\"url\":\"https:\/\/sandzakpress.net\/arhiva\/author\/bosniak\/\"}]}<\/script>\n<!-- \/ Yoast SEO Premium plugin. -->","yoast_head_json":{"title":"Bo\u0161njaci kao ramazanski mravi","robots":{"index":"index","follow":"follow","max-snippet":"max-snippet:-1","max-image-preview":"max-image-preview:large","max-video-preview":"max-video-preview:-1"},"canonical":"https:\/\/sandzakpress.net\/arhiva\/bosnjaci-kao-ramazanski-mravi\/","og_locale":"bs_BA","og_type":"article","og_title":"Bo\u0161njaci kao ramazanski mravi","og_description":"Nazif Horozovi\u0107","og_url":"https:\/\/sandzakpress.net\/arhiva\/bosnjaci-kao-ramazanski-mravi\/","og_site_name":"Sand\u017eak PRESS","article_published_time":"2013-08-21T07:00:19+00:00","article_modified_time":"2013-08-21T15:48:39+00:00","og_image":[{"width":200,"height":221,"url":"https:\/\/sandzakpress.net\/arhiva\/wp-content\/uploads\/2013\/08\/IMG_1904.jpg","type":"image\/jpeg"}],"author":"bosniak","twitter_card":"summary_large_image","twitter_misc":{"Written by":"bosniak","Est. reading time":"13 minuta"},"schema":{"@context":"https:\/\/schema.org","@graph":[{"@type":"Article","@id":"https:\/\/sandzakpress.net\/arhiva\/bosnjaci-kao-ramazanski-mravi\/#article","isPartOf":{"@id":"https:\/\/sandzakpress.net\/arhiva\/bosnjaci-kao-ramazanski-mravi\/"},"author":{"name":"bosniak","@id":"https:\/\/sandzakpress.net\/arhiva\/#\/schema\/person\/c8baee722073534b583ea7bdb2e36c02"},"headline":"Bo\u0161njaci kao ramazanski mravi","datePublished":"2013-08-21T07:00:19+00:00","dateModified":"2013-08-21T15:48:39+00:00","mainEntityOfPage":{"@id":"https:\/\/sandzakpress.net\/arhiva\/bosnjaci-kao-ramazanski-mravi\/"},"wordCount":2687,"commentCount":0,"publisher":{"@id":"https:\/\/sandzakpress.net\/arhiva\/#\/schema\/person\/6e72b67d6e51910a1117b3b483ba20bd"},"image":{"@id":"https:\/\/sandzakpress.net\/arhiva\/bosnjaci-kao-ramazanski-mravi\/#primaryimage"},"thumbnailUrl":"https:\/\/sandzakpress.net\/arhiva\/wp-content\/uploads\/2013\/08\/IMG_1904.jpg","keywords":["Nazif Horozovi\u0107"],"articleSection":["Iz pera na\u0161ih autora"],"inLanguage":"bs-BA","potentialAction":[{"@type":"CommentAction","name":"Comment","target":["https:\/\/sandzakpress.net\/arhiva\/bosnjaci-kao-ramazanski-mravi\/#respond"]}]},{"@type":"WebPage","@id":"https:\/\/sandzakpress.net\/arhiva\/bosnjaci-kao-ramazanski-mravi\/","url":"https:\/\/sandzakpress.net\/arhiva\/bosnjaci-kao-ramazanski-mravi\/","name":"Bo\u0161njaci kao ramazanski mravi","isPartOf":{"@id":"https:\/\/sandzakpress.net\/arhiva\/#website"},"primaryImageOfPage":{"@id":"https:\/\/sandzakpress.net\/arhiva\/bosnjaci-kao-ramazanski-mravi\/#primaryimage"},"image":{"@id":"https:\/\/sandzakpress.net\/arhiva\/bosnjaci-kao-ramazanski-mravi\/#primaryimage"},"thumbnailUrl":"https:\/\/sandzakpress.net\/arhiva\/wp-content\/uploads\/2013\/08\/IMG_1904.jpg","datePublished":"2013-08-21T07:00:19+00:00","dateModified":"2013-08-21T15:48:39+00:00","breadcrumb":{"@id":"https:\/\/sandzakpress.net\/arhiva\/bosnjaci-kao-ramazanski-mravi\/#breadcrumb"},"inLanguage":"bs-BA","potentialAction":[{"@type":"ReadAction","target":["https:\/\/sandzakpress.net\/arhiva\/bosnjaci-kao-ramazanski-mravi\/"]}]},{"@type":"ImageObject","inLanguage":"bs-BA","@id":"https:\/\/sandzakpress.net\/arhiva\/bosnjaci-kao-ramazanski-mravi\/#primaryimage","url":"https:\/\/sandzakpress.net\/arhiva\/wp-content\/uploads\/2013\/08\/IMG_1904.jpg","contentUrl":"https:\/\/sandzakpress.net\/arhiva\/wp-content\/uploads\/2013\/08\/IMG_1904.jpg","width":200,"height":221},{"@type":"BreadcrumbList","@id":"https:\/\/sandzakpress.net\/arhiva\/bosnjaci-kao-ramazanski-mravi\/#breadcrumb","itemListElement":[{"@type":"ListItem","position":1,"name":"Home","item":"https:\/\/sandzakpress.net\/arhiva\/"},{"@type":"ListItem","position":2,"name":"Bo\u0161njaci kao ramazanski mravi"}]},{"@type":"WebSite","@id":"https:\/\/sandzakpress.net\/arhiva\/#website","url":"https:\/\/sandzakpress.net\/arhiva\/","name":"Sand\u017eak PRESS","description":"Prve elektronske novine u Sand\u017eaku","publisher":{"@id":"https:\/\/sandzakpress.net\/arhiva\/#\/schema\/person\/6e72b67d6e51910a1117b3b483ba20bd"},"potentialAction":[{"@type":"SearchAction","target":{"@type":"EntryPoint","urlTemplate":"https:\/\/sandzakpress.net\/arhiva\/?s={search_term_string}"},"query-input":{"@type":"PropertyValueSpecification","valueRequired":true,"valueName":"search_term_string"}}],"inLanguage":"bs-BA"},{"@type":["Person","Organization"],"@id":"https:\/\/sandzakpress.net\/arhiva\/#\/schema\/person\/6e72b67d6e51910a1117b3b483ba20bd","name":"Kul","image":{"@type":"ImageObject","inLanguage":"bs-BA","@id":"https:\/\/sandzakpress.net\/arhiva\/#\/schema\/person\/image\/","url":"https:\/\/secure.gravatar.com\/avatar\/42263f39aa27ac04c43cab85c280eb2e?s=96&d=mm&r=pg","contentUrl":"https:\/\/secure.gravatar.com\/avatar\/42263f39aa27ac04c43cab85c280eb2e?s=96&d=mm&r=pg","caption":"Kul"},"logo":{"@id":"https:\/\/sandzakpress.net\/arhiva\/#\/schema\/person\/image\/"}},{"@type":"Person","@id":"https:\/\/sandzakpress.net\/arhiva\/#\/schema\/person\/c8baee722073534b583ea7bdb2e36c02","name":"bosniak","image":{"@type":"ImageObject","inLanguage":"bs-BA","@id":"https:\/\/sandzakpress.net\/arhiva\/#\/schema\/person\/image\/","url":"https:\/\/secure.gravatar.com\/avatar\/a04fd330bfe3a36a72a0ad4a6d89fca7?s=96&d=mm&r=pg","contentUrl":"https:\/\/secure.gravatar.com\/avatar\/a04fd330bfe3a36a72a0ad4a6d89fca7?s=96&d=mm&r=pg","caption":"bosniak"},"url":"https:\/\/sandzakpress.net\/arhiva\/author\/bosniak\/"}]}},"_links":{"self":[{"href":"https:\/\/sandzakpress.net\/arhiva\/wp-json\/wp\/v2\/posts\/85778"}],"collection":[{"href":"https:\/\/sandzakpress.net\/arhiva\/wp-json\/wp\/v2\/posts"}],"about":[{"href":"https:\/\/sandzakpress.net\/arhiva\/wp-json\/wp\/v2\/types\/post"}],"author":[{"embeddable":true,"href":"https:\/\/sandzakpress.net\/arhiva\/wp-json\/wp\/v2\/users\/83"}],"replies":[{"embeddable":true,"href":"https:\/\/sandzakpress.net\/arhiva\/wp-json\/wp\/v2\/comments?post=85778"}],"version-history":[{"count":0,"href":"https:\/\/sandzakpress.net\/arhiva\/wp-json\/wp\/v2\/posts\/85778\/revisions"}],"wp:featuredmedia":[{"embeddable":true,"href":"https:\/\/sandzakpress.net\/arhiva\/wp-json\/wp\/v2\/media\/85780"}],"wp:attachment":[{"href":"https:\/\/sandzakpress.net\/arhiva\/wp-json\/wp\/v2\/media?parent=85778"}],"wp:term":[{"taxonomy":"category","embeddable":true,"href":"https:\/\/sandzakpress.net\/arhiva\/wp-json\/wp\/v2\/categories?post=85778"},{"taxonomy":"post_tag","embeddable":true,"href":"https:\/\/sandzakpress.net\/arhiva\/wp-json\/wp\/v2\/tags?post=85778"}],"curies":[{"name":"wp","href":"https:\/\/api.w.org\/{rel}","templated":true}]}}