{"id":8539,"date":"2010-09-24T10:13:26","date_gmt":"2010-09-24T10:13:26","guid":{"rendered":"https:\/\/sandzakpress.net\/arhiva\/?p=8539"},"modified":"2010-09-24T10:13:26","modified_gmt":"2010-09-24T10:13:26","slug":"%e2%80%9cplavi%e2%80%9d-od-danas-na-petodnevnoj-vojvodanskoj-turneji","status":"publish","type":"post","link":"https:\/\/sandzakpress.net\/arhiva\/%e2%80%9cplavi%e2%80%9d-od-danas-na-petodnevnoj-vojvodanskoj-turneji\/","title":{"rendered":"\u201cPlavi\u201d od danas na petodnevnoj vojvo\u0111anskoj turneji"},"content":{"rendered":"<p><strong><a href=\"https:\/\/sandzakpress.net\/arhiva\/wp-content\/uploads\/2010\/09\/images2.jpg\"><img loading=\"lazy\" decoding=\"async\" class=\"alignleft size-full wp-image-8540\" title=\"images\" src=\"https:\/\/sandzakpress.net\/arhiva\/wp-content\/uploads\/2010\/09\/images2.jpg\" alt=\"\" width=\"259\" height=\"194\" \/><\/a>Novi Pazar &#8211; Fudbaleri Novog Pazara gostuju ekipi Big bul Radni\u010dkog iz \u0160ida, u me\u010du osmog kola Prve lige Srbije.<\/strong><\/p>\n<p>Igra\u010di i stru\u010dni \u0161tab \u0107e ve\u010deras doputovati u Sremsku Mitrovicu, gdje \u0107e sa\u010dekati sutra\u0161nji prvenstveni duel, nakon kojeg \u0107e se preseliti u Novi Sad i tamo ostati do utakmice 1\/16 finala Kupa Srbije u Subotici, koji se igra u utorak.<\/p>\n<p>Trener Novopazaraca Jovica \u0160koro rekao je da trenutno razmi\u0161lja samo o utakmici sa Big bul Radni\u010dkim.<\/p>\n<p>\u201cEkipa koju predvodi trener Bogi\u0107evi\u0107 je veoma jaka, pozicija na tabeli samo potvr\u0111uje moju tvrdnju. Mi \u0107emo poku\u0161ati da odigramo najbolje \u0161to mo\u017eemo. Brine me \u0161to se povrije\u0111enom Emiru Lotincu, koji sigurno ne\u0107e igrati, pridru\u017eio i Igor Grkajac. On se povredio na posljednjem treningu i njegov nastup je pod znakom pitanja\u201d, rekao je \u0160koro radiju Sto plus.<\/p>\n<p>Novopazarci su sa tri gostovanja donijeli samo jedan bod, odigrav\u0161i nerije\u0161eno u Vranju.<\/p>\n<p>S druge strane, fudbaleri Big bul Radni\u010dkog mnogo bolje rezultate posti\u017eu na gostovanjima, po\u0161to su, u \u0160idu, uknji\u017eili samo startni trujumf nad Dinamom, a pora\u017eeni su od novosadskog Proletera i Mladog radnika.<\/p>\n<blockquote><p><strong>Ostali parovi osmog kola PLS:<\/strong><\/p>\n<p>Kolubara \u2013 Srem<\/p>\n<p>Banat \u2013 Zemun<\/p>\n<p>Napredak \u2013 Novi Sad<\/p>\n<p>Dinamo &#8211; BASK<\/p>\n<p>Sin\u0111eli\u0107 \u2013 Be\u017eanija<\/p>\n<p>Proleter \u2013 Radni\u010dki 1923<\/p>\n<p>Teleoptik \u2013 Radni\u010dki Sombor<\/p>\n<p>Mladi radnik \u2013 Mladost Lu\u010dani<\/p><\/blockquote>\n<p>Na vrhu tabele su Proleter, BASK, Radni\u010dki 1923 i zrenjaninski Banat sa po 14 bodova, a slede Mladost iz Lu\u010dana i Novi Sad sa po 11. Big bul Radni\u010dki, Be\u017eanija, Sin\u0111eli\u0107 i Mladi radnik imaju po 10, a Radni\u010dki Sombor, Teleoptik i trinaestoplasirani Novi Pazar po devet bodova.<\/p>\n<p>Utakmica Big bul Radni\u010dki \u2013 Novi Pazar igra se u subotu, sa po\u010detkom od 16 \u010dasova.<\/p>\n<p>Izvor: <strong>RadioStoPlus.com<\/strong><\/p>\n","protected":false},"excerpt":{"rendered":"<p>Novi Pazar &#8211; Fudbaleri Novog Pazara gostuju ekipi Big bul Radni\u010dkog iz \u0160ida, u me\u010du osmog kola Prve lige Srbije. Igra\u010di i stru\u010dni \u0161tab \u0107e ve\u010deras doputovati u Sremsku Mitrovicu, gdje \u0107e sa\u010dekati sutra\u0161nji prvenstveni duel, nakon kojeg \u0107e se preseliti u Novi Sad i tamo ostati do utakmice 1\/16 finala Kupa Srbije u Subotici, [&hellip;]<\/p>\n","protected":false},"author":83,"featured_media":8540,"comment_status":"open","ping_status":"open","sticky":false,"template":"","format":"standard","meta":{"footnotes":""},"categories":[72,13],"tags":[],"class_list":{"0":"post-8539","1":"post","2":"type-post","3":"status-publish","4":"format-standard","5":"has-post-thumbnail","7":"category-novi-pazar","8":"category-sport"},"yoast_head":"<!-- This site is optimized with the Yoast SEO Premium plugin v23.1 (Yoast SEO v24.9) - https:\/\/yoast.com\/wordpress\/plugins\/seo\/ -->\n<title>\u201cPlavi\u201d od danas na petodnevnoj vojvo\u0111anskoj turneji<\/title>\n<meta name=\"robots\" content=\"index, follow, max-snippet:-1, max-image-preview:large, max-video-preview:-1\" \/>\n<link rel=\"canonical\" href=\"https:\/\/sandzakpress.net\/arhiva\/\u201cplavi\u201d-od-danas-na-petodnevnoj-vojvodanskoj-turneji\/\" \/>\n<meta property=\"og:locale\" content=\"bs_BA\" \/>\n<meta property=\"og:type\" content=\"article\" \/>\n<meta property=\"og:title\" content=\"\u201cPlavi\u201d od danas na petodnevnoj vojvo\u0111anskoj turneji\" \/>\n<meta property=\"og:description\" content=\"Novi Pazar &#8211; Fudbaleri Novog Pazara gostuju ekipi Big bul Radni\u010dkog iz \u0160ida, u me\u010du osmog kola Prve lige Srbije. Igra\u010di i stru\u010dni \u0161tab \u0107e ve\u010deras doputovati u Sremsku Mitrovicu, gdje \u0107e sa\u010dekati sutra\u0161nji prvenstveni duel, nakon kojeg \u0107e se preseliti u Novi Sad i tamo ostati do utakmice 1\/16 finala Kupa Srbije u Subotici, [&hellip;]\" \/>\n<meta property=\"og:url\" content=\"https:\/\/sandzakpress.net\/arhiva\/\u201cplavi\u201d-od-danas-na-petodnevnoj-vojvodanskoj-turneji\/\" \/>\n<meta property=\"og:site_name\" content=\"Sand\u017eak PRESS\" \/>\n<meta property=\"article:published_time\" content=\"2010-09-24T10:13:26+00:00\" \/>\n<meta property=\"og:image\" content=\"https:\/\/sandzakpress.net\/arhiva\/wp-content\/uploads\/2010\/09\/images2.jpg\" \/>\n\t<meta property=\"og:image:width\" content=\"259\" \/>\n\t<meta property=\"og:image:height\" content=\"194\" \/>\n\t<meta property=\"og:image:type\" content=\"image\/jpeg\" \/>\n<meta name=\"author\" content=\"bosniak\" \/>\n<meta name=\"twitter:card\" content=\"summary_large_image\" \/>\n<meta name=\"twitter:label1\" content=\"Written by\" \/>\n\t<meta name=\"twitter:data1\" content=\"bosniak\" \/>\n\t<meta name=\"twitter:label2\" content=\"Est. reading time\" \/>\n\t<meta name=\"twitter:data2\" content=\"2 minute\" \/>\n<script type=\"application\/ld+json\" class=\"yoast-schema-graph\">{\"@context\":\"https:\/\/schema.org\",\"@graph\":[{\"@type\":\"Article\",\"@id\":\"https:\/\/sandzakpress.net\/arhiva\/%e2%80%9cplavi%e2%80%9d-od-danas-na-petodnevnoj-vojvodanskoj-turneji\/#article\",\"isPartOf\":{\"@id\":\"https:\/\/sandzakpress.net\/arhiva\/%e2%80%9cplavi%e2%80%9d-od-danas-na-petodnevnoj-vojvodanskoj-turneji\/\"},\"author\":{\"name\":\"bosniak\",\"@id\":\"https:\/\/sandzakpress.net\/arhiva\/#\/schema\/person\/c8baee722073534b583ea7bdb2e36c02\"},\"headline\":\"\u201cPlavi\u201d od danas na petodnevnoj vojvo\u0111anskoj turneji\",\"datePublished\":\"2010-09-24T10:13:26+00:00\",\"mainEntityOfPage\":{\"@id\":\"https:\/\/sandzakpress.net\/arhiva\/%e2%80%9cplavi%e2%80%9d-od-danas-na-petodnevnoj-vojvodanskoj-turneji\/\"},\"wordCount\":308,\"commentCount\":0,\"publisher\":{\"@id\":\"https:\/\/sandzakpress.net\/arhiva\/#\/schema\/person\/6e72b67d6e51910a1117b3b483ba20bd\"},\"image\":{\"@id\":\"https:\/\/sandzakpress.net\/arhiva\/%e2%80%9cplavi%e2%80%9d-od-danas-na-petodnevnoj-vojvodanskoj-turneji\/#primaryimage\"},\"thumbnailUrl\":\"https:\/\/sandzakpress.net\/arhiva\/wp-content\/uploads\/2010\/09\/images2.jpg\",\"articleSection\":[\"Novi Pazar\",\"Sport\"],\"inLanguage\":\"bs-BA\",\"potentialAction\":[{\"@type\":\"CommentAction\",\"name\":\"Comment\",\"target\":[\"https:\/\/sandzakpress.net\/arhiva\/%e2%80%9cplavi%e2%80%9d-od-danas-na-petodnevnoj-vojvodanskoj-turneji\/#respond\"]}]},{\"@type\":\"WebPage\",\"@id\":\"https:\/\/sandzakpress.net\/arhiva\/%e2%80%9cplavi%e2%80%9d-od-danas-na-petodnevnoj-vojvodanskoj-turneji\/\",\"url\":\"https:\/\/sandzakpress.net\/arhiva\/%e2%80%9cplavi%e2%80%9d-od-danas-na-petodnevnoj-vojvodanskoj-turneji\/\",\"name\":\"\u201cPlavi\u201d od danas na petodnevnoj vojvo\u0111anskoj turneji\",\"isPartOf\":{\"@id\":\"https:\/\/sandzakpress.net\/arhiva\/#website\"},\"primaryImageOfPage\":{\"@id\":\"https:\/\/sandzakpress.net\/arhiva\/%e2%80%9cplavi%e2%80%9d-od-danas-na-petodnevnoj-vojvodanskoj-turneji\/#primaryimage\"},\"image\":{\"@id\":\"https:\/\/sandzakpress.net\/arhiva\/%e2%80%9cplavi%e2%80%9d-od-danas-na-petodnevnoj-vojvodanskoj-turneji\/#primaryimage\"},\"thumbnailUrl\":\"https:\/\/sandzakpress.net\/arhiva\/wp-content\/uploads\/2010\/09\/images2.jpg\",\"datePublished\":\"2010-09-24T10:13:26+00:00\",\"breadcrumb\":{\"@id\":\"https:\/\/sandzakpress.net\/arhiva\/%e2%80%9cplavi%e2%80%9d-od-danas-na-petodnevnoj-vojvodanskoj-turneji\/#breadcrumb\"},\"inLanguage\":\"bs-BA\",\"potentialAction\":[{\"@type\":\"ReadAction\",\"target\":[\"https:\/\/sandzakpress.net\/arhiva\/%e2%80%9cplavi%e2%80%9d-od-danas-na-petodnevnoj-vojvodanskoj-turneji\/\"]}]},{\"@type\":\"ImageObject\",\"inLanguage\":\"bs-BA\",\"@id\":\"https:\/\/sandzakpress.net\/arhiva\/%e2%80%9cplavi%e2%80%9d-od-danas-na-petodnevnoj-vojvodanskoj-turneji\/#primaryimage\",\"url\":\"https:\/\/sandzakpress.net\/arhiva\/wp-content\/uploads\/2010\/09\/images2.jpg\",\"contentUrl\":\"https:\/\/sandzakpress.net\/arhiva\/wp-content\/uploads\/2010\/09\/images2.jpg\",\"width\":259,\"height\":194},{\"@type\":\"BreadcrumbList\",\"@id\":\"https:\/\/sandzakpress.net\/arhiva\/%e2%80%9cplavi%e2%80%9d-od-danas-na-petodnevnoj-vojvodanskoj-turneji\/#breadcrumb\",\"itemListElement\":[{\"@type\":\"ListItem\",\"position\":1,\"name\":\"Home\",\"item\":\"https:\/\/sandzakpress.net\/arhiva\/\"},{\"@type\":\"ListItem\",\"position\":2,\"name\":\"\u201cPlavi\u201d od danas na petodnevnoj vojvo\u0111anskoj turneji\"}]},{\"@type\":\"WebSite\",\"@id\":\"https:\/\/sandzakpress.net\/arhiva\/#website\",\"url\":\"https:\/\/sandzakpress.net\/arhiva\/\",\"name\":\"Sand\u017eak PRESS\",\"description\":\"Prve elektronske novine u Sand\u017eaku\",\"publisher\":{\"@id\":\"https:\/\/sandzakpress.net\/arhiva\/#\/schema\/person\/6e72b67d6e51910a1117b3b483ba20bd\"},\"potentialAction\":[{\"@type\":\"SearchAction\",\"target\":{\"@type\":\"EntryPoint\",\"urlTemplate\":\"https:\/\/sandzakpress.net\/arhiva\/?s={search_term_string}\"},\"query-input\":{\"@type\":\"PropertyValueSpecification\",\"valueRequired\":true,\"valueName\":\"search_term_string\"}}],\"inLanguage\":\"bs-BA\"},{\"@type\":[\"Person\",\"Organization\"],\"@id\":\"https:\/\/sandzakpress.net\/arhiva\/#\/schema\/person\/6e72b67d6e51910a1117b3b483ba20bd\",\"name\":\"Kul\",\"image\":{\"@type\":\"ImageObject\",\"inLanguage\":\"bs-BA\",\"@id\":\"https:\/\/sandzakpress.net\/arhiva\/#\/schema\/person\/image\/\",\"url\":\"https:\/\/secure.gravatar.com\/avatar\/42263f39aa27ac04c43cab85c280eb2e?s=96&d=mm&r=pg\",\"contentUrl\":\"https:\/\/secure.gravatar.com\/avatar\/42263f39aa27ac04c43cab85c280eb2e?s=96&d=mm&r=pg\",\"caption\":\"Kul\"},\"logo\":{\"@id\":\"https:\/\/sandzakpress.net\/arhiva\/#\/schema\/person\/image\/\"}},{\"@type\":\"Person\",\"@id\":\"https:\/\/sandzakpress.net\/arhiva\/#\/schema\/person\/c8baee722073534b583ea7bdb2e36c02\",\"name\":\"bosniak\",\"image\":{\"@type\":\"ImageObject\",\"inLanguage\":\"bs-BA\",\"@id\":\"https:\/\/sandzakpress.net\/arhiva\/#\/schema\/person\/image\/\",\"url\":\"https:\/\/secure.gravatar.com\/avatar\/a04fd330bfe3a36a72a0ad4a6d89fca7?s=96&d=mm&r=pg\",\"contentUrl\":\"https:\/\/secure.gravatar.com\/avatar\/a04fd330bfe3a36a72a0ad4a6d89fca7?s=96&d=mm&r=pg\",\"caption\":\"bosniak\"},\"url\":\"https:\/\/sandzakpress.net\/arhiva\/author\/bosniak\/\"}]}<\/script>\n<!-- \/ Yoast SEO Premium plugin. -->","yoast_head_json":{"title":"\u201cPlavi\u201d od danas na petodnevnoj vojvo\u0111anskoj turneji","robots":{"index":"index","follow":"follow","max-snippet":"max-snippet:-1","max-image-preview":"max-image-preview:large","max-video-preview":"max-video-preview:-1"},"canonical":"https:\/\/sandzakpress.net\/arhiva\/\u201cplavi\u201d-od-danas-na-petodnevnoj-vojvodanskoj-turneji\/","og_locale":"bs_BA","og_type":"article","og_title":"\u201cPlavi\u201d od danas na petodnevnoj vojvo\u0111anskoj turneji","og_description":"Novi Pazar &#8211; Fudbaleri Novog Pazara gostuju ekipi Big bul Radni\u010dkog iz \u0160ida, u me\u010du osmog kola Prve lige Srbije. Igra\u010di i stru\u010dni \u0161tab \u0107e ve\u010deras doputovati u Sremsku Mitrovicu, gdje \u0107e sa\u010dekati sutra\u0161nji prvenstveni duel, nakon kojeg \u0107e se preseliti u Novi Sad i tamo ostati do utakmice 1\/16 finala Kupa Srbije u Subotici, [&hellip;]","og_url":"https:\/\/sandzakpress.net\/arhiva\/\u201cplavi\u201d-od-danas-na-petodnevnoj-vojvodanskoj-turneji\/","og_site_name":"Sand\u017eak PRESS","article_published_time":"2010-09-24T10:13:26+00:00","og_image":[{"width":259,"height":194,"url":"https:\/\/sandzakpress.net\/arhiva\/wp-content\/uploads\/2010\/09\/images2.jpg","type":"image\/jpeg"}],"author":"bosniak","twitter_card":"summary_large_image","twitter_misc":{"Written by":"bosniak","Est. reading time":"2 minute"},"schema":{"@context":"https:\/\/schema.org","@graph":[{"@type":"Article","@id":"https:\/\/sandzakpress.net\/arhiva\/%e2%80%9cplavi%e2%80%9d-od-danas-na-petodnevnoj-vojvodanskoj-turneji\/#article","isPartOf":{"@id":"https:\/\/sandzakpress.net\/arhiva\/%e2%80%9cplavi%e2%80%9d-od-danas-na-petodnevnoj-vojvodanskoj-turneji\/"},"author":{"name":"bosniak","@id":"https:\/\/sandzakpress.net\/arhiva\/#\/schema\/person\/c8baee722073534b583ea7bdb2e36c02"},"headline":"\u201cPlavi\u201d od danas na petodnevnoj vojvo\u0111anskoj turneji","datePublished":"2010-09-24T10:13:26+00:00","mainEntityOfPage":{"@id":"https:\/\/sandzakpress.net\/arhiva\/%e2%80%9cplavi%e2%80%9d-od-danas-na-petodnevnoj-vojvodanskoj-turneji\/"},"wordCount":308,"commentCount":0,"publisher":{"@id":"https:\/\/sandzakpress.net\/arhiva\/#\/schema\/person\/6e72b67d6e51910a1117b3b483ba20bd"},"image":{"@id":"https:\/\/sandzakpress.net\/arhiva\/%e2%80%9cplavi%e2%80%9d-od-danas-na-petodnevnoj-vojvodanskoj-turneji\/#primaryimage"},"thumbnailUrl":"https:\/\/sandzakpress.net\/arhiva\/wp-content\/uploads\/2010\/09\/images2.jpg","articleSection":["Novi Pazar","Sport"],"inLanguage":"bs-BA","potentialAction":[{"@type":"CommentAction","name":"Comment","target":["https:\/\/sandzakpress.net\/arhiva\/%e2%80%9cplavi%e2%80%9d-od-danas-na-petodnevnoj-vojvodanskoj-turneji\/#respond"]}]},{"@type":"WebPage","@id":"https:\/\/sandzakpress.net\/arhiva\/%e2%80%9cplavi%e2%80%9d-od-danas-na-petodnevnoj-vojvodanskoj-turneji\/","url":"https:\/\/sandzakpress.net\/arhiva\/%e2%80%9cplavi%e2%80%9d-od-danas-na-petodnevnoj-vojvodanskoj-turneji\/","name":"\u201cPlavi\u201d od danas na petodnevnoj vojvo\u0111anskoj turneji","isPartOf":{"@id":"https:\/\/sandzakpress.net\/arhiva\/#website"},"primaryImageOfPage":{"@id":"https:\/\/sandzakpress.net\/arhiva\/%e2%80%9cplavi%e2%80%9d-od-danas-na-petodnevnoj-vojvodanskoj-turneji\/#primaryimage"},"image":{"@id":"https:\/\/sandzakpress.net\/arhiva\/%e2%80%9cplavi%e2%80%9d-od-danas-na-petodnevnoj-vojvodanskoj-turneji\/#primaryimage"},"thumbnailUrl":"https:\/\/sandzakpress.net\/arhiva\/wp-content\/uploads\/2010\/09\/images2.jpg","datePublished":"2010-09-24T10:13:26+00:00","breadcrumb":{"@id":"https:\/\/sandzakpress.net\/arhiva\/%e2%80%9cplavi%e2%80%9d-od-danas-na-petodnevnoj-vojvodanskoj-turneji\/#breadcrumb"},"inLanguage":"bs-BA","potentialAction":[{"@type":"ReadAction","target":["https:\/\/sandzakpress.net\/arhiva\/%e2%80%9cplavi%e2%80%9d-od-danas-na-petodnevnoj-vojvodanskoj-turneji\/"]}]},{"@type":"ImageObject","inLanguage":"bs-BA","@id":"https:\/\/sandzakpress.net\/arhiva\/%e2%80%9cplavi%e2%80%9d-od-danas-na-petodnevnoj-vojvodanskoj-turneji\/#primaryimage","url":"https:\/\/sandzakpress.net\/arhiva\/wp-content\/uploads\/2010\/09\/images2.jpg","contentUrl":"https:\/\/sandzakpress.net\/arhiva\/wp-content\/uploads\/2010\/09\/images2.jpg","width":259,"height":194},{"@type":"BreadcrumbList","@id":"https:\/\/sandzakpress.net\/arhiva\/%e2%80%9cplavi%e2%80%9d-od-danas-na-petodnevnoj-vojvodanskoj-turneji\/#breadcrumb","itemListElement":[{"@type":"ListItem","position":1,"name":"Home","item":"https:\/\/sandzakpress.net\/arhiva\/"},{"@type":"ListItem","position":2,"name":"\u201cPlavi\u201d od danas na petodnevnoj vojvo\u0111anskoj turneji"}]},{"@type":"WebSite","@id":"https:\/\/sandzakpress.net\/arhiva\/#website","url":"https:\/\/sandzakpress.net\/arhiva\/","name":"Sand\u017eak PRESS","description":"Prve elektronske novine u Sand\u017eaku","publisher":{"@id":"https:\/\/sandzakpress.net\/arhiva\/#\/schema\/person\/6e72b67d6e51910a1117b3b483ba20bd"},"potentialAction":[{"@type":"SearchAction","target":{"@type":"EntryPoint","urlTemplate":"https:\/\/sandzakpress.net\/arhiva\/?s={search_term_string}"},"query-input":{"@type":"PropertyValueSpecification","valueRequired":true,"valueName":"search_term_string"}}],"inLanguage":"bs-BA"},{"@type":["Person","Organization"],"@id":"https:\/\/sandzakpress.net\/arhiva\/#\/schema\/person\/6e72b67d6e51910a1117b3b483ba20bd","name":"Kul","image":{"@type":"ImageObject","inLanguage":"bs-BA","@id":"https:\/\/sandzakpress.net\/arhiva\/#\/schema\/person\/image\/","url":"https:\/\/secure.gravatar.com\/avatar\/42263f39aa27ac04c43cab85c280eb2e?s=96&d=mm&r=pg","contentUrl":"https:\/\/secure.gravatar.com\/avatar\/42263f39aa27ac04c43cab85c280eb2e?s=96&d=mm&r=pg","caption":"Kul"},"logo":{"@id":"https:\/\/sandzakpress.net\/arhiva\/#\/schema\/person\/image\/"}},{"@type":"Person","@id":"https:\/\/sandzakpress.net\/arhiva\/#\/schema\/person\/c8baee722073534b583ea7bdb2e36c02","name":"bosniak","image":{"@type":"ImageObject","inLanguage":"bs-BA","@id":"https:\/\/sandzakpress.net\/arhiva\/#\/schema\/person\/image\/","url":"https:\/\/secure.gravatar.com\/avatar\/a04fd330bfe3a36a72a0ad4a6d89fca7?s=96&d=mm&r=pg","contentUrl":"https:\/\/secure.gravatar.com\/avatar\/a04fd330bfe3a36a72a0ad4a6d89fca7?s=96&d=mm&r=pg","caption":"bosniak"},"url":"https:\/\/sandzakpress.net\/arhiva\/author\/bosniak\/"}]}},"_links":{"self":[{"href":"https:\/\/sandzakpress.net\/arhiva\/wp-json\/wp\/v2\/posts\/8539"}],"collection":[{"href":"https:\/\/sandzakpress.net\/arhiva\/wp-json\/wp\/v2\/posts"}],"about":[{"href":"https:\/\/sandzakpress.net\/arhiva\/wp-json\/wp\/v2\/types\/post"}],"author":[{"embeddable":true,"href":"https:\/\/sandzakpress.net\/arhiva\/wp-json\/wp\/v2\/users\/83"}],"replies":[{"embeddable":true,"href":"https:\/\/sandzakpress.net\/arhiva\/wp-json\/wp\/v2\/comments?post=8539"}],"version-history":[{"count":0,"href":"https:\/\/sandzakpress.net\/arhiva\/wp-json\/wp\/v2\/posts\/8539\/revisions"}],"wp:featuredmedia":[{"embeddable":true,"href":"https:\/\/sandzakpress.net\/arhiva\/wp-json\/wp\/v2\/media\/8540"}],"wp:attachment":[{"href":"https:\/\/sandzakpress.net\/arhiva\/wp-json\/wp\/v2\/media?parent=8539"}],"wp:term":[{"taxonomy":"category","embeddable":true,"href":"https:\/\/sandzakpress.net\/arhiva\/wp-json\/wp\/v2\/categories?post=8539"},{"taxonomy":"post_tag","embeddable":true,"href":"https:\/\/sandzakpress.net\/arhiva\/wp-json\/wp\/v2\/tags?post=8539"}],"curies":[{"name":"wp","href":"https:\/\/api.w.org\/{rel}","templated":true}]}}